{"id":20754,"date":"2016-09-11T14:55:40","date_gmt":"2016-09-11T20:55:40","guid":{"rendered":"https:\/\/www.magazine.com.ni\/?p=20754"},"modified":"2018-10-01T05:01:53","modified_gmt":"2018-10-01T05:01:53","slug":"los-ninos-la-hamaca","status":"publish","type":"post","link":"https:\/\/staging.laprensanic.com\/magazine\/reportajes\/los-ninos-la-hamaca\/","title":{"rendered":"Los ni\u00f1os de la hamaca"},"content":{"rendered":"<p style=\"text-align: center;\">Padecer autismo ya es grave. Padecer autismo y ser pobre es peor. Aleteos, mirada fija y retraimiento. Los signos pueden palparse con facilidad, pero las historias son tan complejas y diferentes como un rompecabezas<\/p>\n<p style=\"text-align: center;\"><strong>Por Juli\u00e1n Navarrete<\/strong><\/p>\n<p>En la monta\u00f1ita de arriba se columpia una hamaca verde de saco macen: ras, ras, ras, las cuerdas van y vienen con Diego y Dylan Gonz\u00e1lez, los gemelitos de 6 a\u00f1os de edad que est\u00e1n montados, apenas el sol aclara la ma\u00f1ana. Dylan no aguanta y le avienta una patada a su hermano que lo saca de su regazo.<\/p>\n<p>De inmediato su mam\u00e1 sigue la rutina de todos los d\u00edas: los abraza, les dice que ya pas\u00f3, que se aquieten. Desde que a los ni\u00f1os les diagnosticaron ceguera y autismo, un trastorno del neurodesarrollo que impide comunicarse, socializar y comportarse, Jahaira Gonz\u00e1lez, de 28 a\u00f1os de edad, ocupa todo su tiempo para calmar los quejidos de sus hijos.<\/p>\n<p>El sol estalla en la comunidad rural La Barranca, en la entrada de Nandaime, a 70 kil\u00f3metros de Managua, mientras los ni\u00f1os se mecen bajo el bajareque de zinc. Diego y Dylan son morenos, flaquitos, llevan camisetas y pantaloncitos de algod\u00f3n. Andan descalzos, con los pies sucios.<\/p>\n<p>Los gemelos fueron diagnosticados de autismo cuando asist\u00edan a la escuela que atiende a ni\u00f1os con discapacidad en Granada. A Diego le dijeron que presentaba autismo leve. En cambio a Dylan se lo diagnosticaron severo.<\/p>\n<p>En Nicaragua no existen estad\u00edsticas oficiales, pero se calcula que los casos de autismo est\u00e1n presentes en el 1% de la poblaci\u00f3n mundial y afecta 4.5 m\u00e1s veces a los varones. Dentro de los Trastornos del Espectro Autista (TEA) se encuentran el s\u00edndrome de Asperger y el Trastorno Generalizado del Desarrollo No Especificado (TGD-NE).<\/p>\n<p>Los expertos comparan el autismo con un rompecabezas: no se sabe con precisi\u00f3n su origen o causas, por lo tanto no tiene cura. Adem\u00e1s, cada caso es diferente y los s\u00edntomas pueden variar, al igual que el desarrollo como resultado de las terapias: hay ni\u00f1os que hablan a los 2 a\u00f1os y medio, otros pueden utilizar una computadora para comunicarse, mientras que algunos apenas llegan a balbucear palabras, como los gemelos Diego y Dylan.<\/p>\n<p>Todos los casos son diferentes. Al igual de dram\u00e1ticos, hay algunos que est\u00e1n llenos de luminosidad y esplendor. Aunque no se tiene certeza, los especialistas consideran que genios como Albert Einstein, Isaac Newton, Mozart y Beethoven, sufrieron de autismo a lo largo de su vida. Actualmente se sospecha que el futbolista argentino, Lionel Messi y el nadador norteamericano Michael Phelps, tengan esta condici\u00f3n.<\/p>\n<p style=\"text-align: center;\">***<\/p>\n<p>Albert Einstein no dio se\u00f1ales tempranas de genialidad. De hecho, pudo hablar hasta que hab\u00eda cumplido 3 a\u00f1os, y hay quienes aseguran que lo hizo hasta los 5. Durante su infancia, el genio de la f\u00edsica era introvertido, caminaba pensativo y taciturno. Le empezaron a gustar las matem\u00e1ticas hasta los 7 a\u00f1os de edad y repet\u00eda palabras y frases sin sentido. A esa perturbaci\u00f3n del lenguaje ahora se le conoce como ecolalia.<\/p>\n<p>Un estudio, realizado por investigadores de las universidades de Cambridge y Oxford, asegura que por los s\u00edntomas documentados, Einstein padec\u00eda del s\u00edndrome de Asperger, una condici\u00f3n que provoca retrasos en el desarrollo cognitivo y del lenguaje, y que, sin embargo, permite desarrollar habilidades a plenitud.<\/p>\n<p>Einstein no es el \u00fanico. El mismo estudio revel\u00f3 que el matem\u00e1tico Isaac Newton tambi\u00e9n presentaba rasgos de Asperger. El creador de la Teor\u00eda de la gravedad viv\u00eda tan obsesionado con su trabajo que se olvidaba de comer durante tres d\u00edas consecutivos.<\/p>\n<p>El s\u00edndrome de Asperger tambi\u00e9n ha trastocado otras \u00e1reas. Por ejemplo, se sospecha que el futbolista Lionel Messi, adem\u00e1s de la deficiencia de la hormona de crecimiento, naci\u00f3 con autismo leve, que se explica por su retraimiento, timidez, conducta repetitiva a la hora de dormir largas siestas y su obsesi\u00f3n por el bal\u00f3n.<\/p>\n<p>Generalmente las personas que nacen con autismo padecen otras enfermedades: epilepsias, hiperactividad, trastornos de sue\u00f1o, insomnio, alergias y problemas g\u00e1stricos, seg\u00fan el Centro para el Control y Prevenci\u00f3n de Enfermedades del Gobierno de Estados Unidos.<\/p>\n<p>Al igual que a Messi, hubo un trastorno a\u00f1adido al autismo que les diagnosticaron a los gemelos de Nandaime. Ambos tienen conductas agresivas y sufren crisis nerviosas de hiperactividad, que provocan los gritos, los jalones de pelo, golpes y patadas que lanzan.<\/p>\n<p style=\"text-align: center;\">***<\/p>\n<p>La ma\u00f1ana amaneci\u00f3 igual en la casa de la familia Gonz\u00e1lez, en la cual viven 12 personas en dos cuartitos minifalda de bloque, madera gastada y piso de tierra. En una de las habitaciones vive Jahaira Gonz\u00e1lez con sus cinco hijos, entre ellos los gemelos Diego y Dylan.<\/p>\n<p>En los primeros 28 d\u00edas, los gemelos fueron diagnosticados de anemia y sepsis neonatal, una bacteria que en pa\u00edses en v\u00edas de desarrollo provoca entre el 30 y 50 por ciento de las muertes maternas cada a\u00f1o.<\/p>\n<p>Los m\u00e9dicos pronosticaban tres opciones para los gemelos: quedar como vegetales, ciegos o muertos. Gracias a Dios, dice Mar\u00eda Gonz\u00e1lez, abuela de los ni\u00f1os, solo perdieron la vista y pueden caminar y gritar. \u201cSon los ojos de mi cara\u201d.<\/p>\n<p>Diego es m\u00e1s fuerte: camina, casi no llora, no grita, se deja tomar fotos. Cuando tiene hambre, agarra un vaso y un plato y gui\u00f1a a su mam\u00e1 de la falda para que le sirva comida. Soporta la m\u00fasica con volumen m\u00e1s fuerte: bachata, merengue, salsa. A diferencia de su hermano, come carne de res, cerdo y pescado. Por eso se mira m\u00e1s fuerte.<\/p>\n<p>Dylan, en cambio, se la pasa en la hamaca del portal meci\u00e9ndose todo el d\u00eda. O se encarama en la del cuarto y se tira a la cama, con los ojos fijos en el techo, mientras mueve los bracitos. Se cansa m\u00e1s r\u00e1pido que su hermano, no le gusta el ruido de los buses y carros en la calle. Intenta comer solo: agarra la cuchara, pero no la puede rellenar. Antes no soportaba el ruido de la lluvia, ahora que ya lo super\u00f3, le aterran los truenos.<\/p>\n<p>Las personas con autismo tienen sensibilidad a los sonidos. Por esa raz\u00f3n se explica que Amadeus Mozart, uno de los pianistas y compositores m\u00e1s importante de la historia, con tan solo 5 a\u00f1os de edad ya compon\u00eda algunas piezas musicales y pasaba largas horas concentrado en su faena. Se cree que el m\u00fasico padec\u00eda de autismo ligero por su incapacidad de entablar conversaciones. Esta condici\u00f3n talvez explica por qu\u00e9 muchas de sus obras tienen buena aceptaci\u00f3n en ni\u00f1os con autismo.<\/p>\n<p>El dinero fue una de las razones por la que los gemelos abandonaron la escuela: ten\u00edan que gastar m\u00e1s de 30 c\u00f3rdobas diarios en pasajes. Caminaban tres cuadras para llegar, y cuando no hab\u00eda plata para pagar el taxi, les tomaba una hora caminar por la trocha polvosa que conecta su comunidad con la carretera hacia Nandaime.<\/p>\n<p>Jahaira Gonz\u00e1lez vive sola con sus cinco hijos. Su esposo se fue a trabajar a Costa Rica como alba\u00f1il. Cada quincena le env\u00eda dinero para la manutenci\u00f3n de sus hijos. El problema surge cuando los ni\u00f1os se enferman y tienen que gastar en pasajes y comprar medicamentos. El dinero de la comida est\u00e1 completo y en ocasiones Gonz\u00e1lez elige entre comprar los remedios o el arroz y los frijoles para comer. En este caso, la pobreza es una discapacidad adicional.<\/p>\n<p>Afuera de la casa, las t\u00edas paternas de los gemelos, se encuentran en un lavandero restregando la ropa. Hay ni\u00f1os que las rodean, vivaces, pendientes. Al fondo se mira que un pedazo de pl\u00e1stico blanco tapa el escusado. Las moscas merodean alrededor de la casa para despu\u00e9s sentarse en los hocicos de los perros que duermen pl\u00e1cidos en el polvo.<\/p>\n<p>Cuando nacieron los gemelos, los m\u00e9dicos met\u00edan una hamaca improvisada dentro de la incubadora para que se calmaran. Por haber sobrevivido, su caso fue catalogado como un milagro. Fue objeto de estudio en las universidades de Medicina, donde los llamaban \u201cLos ni\u00f1os de la hamaca\u201d. Entre el polvo, las moscas y los perros, los ni\u00f1os siguen meci\u00e9ndose en la hamaca, el \u00fanico lugar donde encuentran paz.<\/p>\n<p style=\"text-align: center;\">***<\/p>\n<p>El autismo es una condici\u00f3n y no una enfermedad, seg\u00fan los expertos. Se determina enfermedad cuando el mal se puede curar. Sin embargo, el autismo perdura toda la vida, mientras siguen los estudios para encontrar la cura milagrosa.<br \/>\nHasta el momento se desconocen las causas: se han mencionado factores gen\u00e9ticos, ambientales y biol\u00f3gicos, pero no se ha determinado una causa puntual. Se calcula que en el mundo 1 de cada 68 ni\u00f1os nace con autismo, por lo tanto hay m\u00e1s ni\u00f1os con autismo que con c\u00e1ncer, diabetes y sida pedi\u00e1trico juntos.<\/p>\n<p>La palabra autismo proviene del griego auto: \u201cPropio de uno mismo\u201d. Y fue utilizada, por primera vez, por el psiquiatra suizo Eugene Bleuler en un tomo del peri\u00f3dico American Journal of Insanity, en 1912.<\/p>\n<p>La clasificaci\u00f3n m\u00e9dica ocurri\u00f3 hasta 1943, cuando el doctor Leo Kanner estudi\u00f3 a un grupo de 11 ni\u00f1os e introdujo la caracterizaci\u00f3n de autismo infantil temprano. Al mismo tiempo un cient\u00edfico austr\u00edaco, el doctor Hans Asperger, utiliz\u00f3 coincidentemente el t\u00e9rmino psicopat\u00eda autista en ni\u00f1os que exhib\u00edan caracter\u00edsticas similares.<\/p>\n<p>Las interpretaciones del comportamiento de los grupos observados por Kanner y Asperger fueron distintas. Kanner report\u00f3 que 3 de los 11 ni\u00f1os no hablaban y los dem\u00e1s no utilizaban las capacidades ling\u00fc\u00edsticas. Tambi\u00e9n not\u00f3 movimientos extra\u00f1os. En cambio, Asperger mir\u00f3 intereses intensos e inusuales, repetitividad de rutinas y apego a ciertos objetos, lo cual era muy diferente al autismo visto por Kanner.<\/p>\n<p>Asperger indic\u00f3 que algunos de estos ni\u00f1os hablaban como \u201cpeque\u00f1os profesores\u201d, y propuso la teor\u00eda de que para tener \u00e9xito en las ciencias y el arte las personas deb\u00edan tener cierto nivel de autismo.<\/p>\n<p>Posiblemente Hans Asperger y Leo Kanner observaron la misma condici\u00f3n, pero lo importante es que sus interpretaciones llevaron a la formulaci\u00f3n del s\u00edndrome de Asperger, t\u00e9rmino que se empez\u00f3 a utilizar a inicios de los 80.<\/p>\n<p>Gerda G\u00f3mez es una psic\u00f3loga de 61 a\u00f1os. Desde antes que naciera su nieto, Gabriel Enrique Soto, ya detectaba a ni\u00f1os con autismo. G\u00f3mez se alarmar\u00eda despu\u00e9s de ver que su nieto hac\u00eda aleteos con sus manos, no miraba fijo, se daba golpecitos contra las puertas, no sonre\u00eda, y en ocasiones, simplemente se quedaba viendo los abanicos del techo.<\/p>\n<p>G\u00f3mez es fundadora del Centro de Atenci\u00f3n Integral de Ni\u00f1os y Ni\u00f1as con Autismo (Cainna). Ella organiza charlas de grupos de apoyo que se llenan, cada vez m\u00e1s, de padres que quieren compartir sus relatos.<\/p>\n<p>En el preescolar El Recreo, Gabriel Soto est\u00e1 sentado junto con una muchacha que viste una chaqueta verde. Intenta trazar con el cray\u00f3n unos puntitos de un dibujo. Cuando termina y no pierde la l\u00ednea de la figura, le aplauden.<br \/>\nG\u00f3mez dice que los padres de ni\u00f1os con autismo aprenden a valorar m\u00e1s las peque\u00f1as acciones que logran hacer sus hijos. \u201cLos padres generalmente quieren que su hijo estudie, sea un profesional y tenga \u00e9xito. El anhelo de los padres de ni\u00f1os con autismo se reduce a que sus hijos logren hablar, comer y vestirse por s\u00ed mismos\u201d, dice.<\/p>\n<p>A los padres les cuesta encontrar una escuela donde acepten a ni\u00f1os con esta condici\u00f3n. Gabriel estudia en este centro, porque le permiten tener una maestra \u201csombra\u201d que lo asiste y est\u00e1 pendiente de que no se distraiga, adem\u00e1s adapta una tem\u00e1tica curricular especial para \u00e9l.<\/p>\n<p>La maestra \u201csombra\u201d de Gabriel es una estudiante de \u00faltimo a\u00f1o de Psicolog\u00eda, de la Universidad Cat\u00f3lica. Al mes le pagan 180 d\u00f3lares por estar en todas las clases con el ni\u00f1o. Gabriel, adem\u00e1s, recibe equinoterapia, nataci\u00f3n y algunos ejercicios que hace con su mam\u00e1 y abuela en su casa.<\/p>\n<p>Seg\u00fan los c\u00e1lculos de Cainna, el costo para brindar una terapia completa a un ni\u00f1o con autismo, oscila entre los 1,200 y 1,500 d\u00f3lares al mes. Es una enfermedad cara, repite G\u00f3mez, y que deja en vulnerabilidad a muchas familias que no tienen dinero.<\/p>\n<p>En el a\u00f1o 2007 la Asamblea General de las Naciones Unidas declar\u00f3 el 2 de abril como \u201cD\u00eda Mundial de Concienciaci\u00f3n sobre el Autismo\u201d. En muchos pa\u00edses se iluminan de azul los edificios y monumentos m\u00e1s emblem\u00e1ticos, como muestra de solidaridad.<\/p>\n<p>El pasado 2 de abril el Banco Interamericano de Desarrollo y el Teatro Nacional Rub\u00e9n Dar\u00edo se iluminaron de azul. Como parte de su cabildeo, Gerda G\u00f3mez consigui\u00f3 que este a\u00f1o se aprobara en Nicaragua \u201cEl D\u00eda Nacional de Concienciaci\u00f3n sobre el Autismo\u201d, de modo que las instituciones p\u00fablicas vinculadas al trabajo con personas con Trastornos del Espectro Autista deber\u00e1n vestirse de azul ese d\u00eda.<\/p>\n<p style=\"text-align: center;\">***<\/p>\n<p>Al ni\u00f1o Sebasti\u00e1n P\u00e9rez le encantan los platanitos. Est\u00e1 gordito, rosado, pelo lacio, rebosante, sonriente. Le encanta la comida crujiente, los pasteles y el t\u00e9 fr\u00edo. Aunque Sonia Jim\u00e9nez sabe que tiene que cuidar la dieta de su hijo, ella se pone feliz cuando Sebasti\u00e1n enciende la computadora, abre Word y escribe: \u201cQuiero leche\u201d.<br \/>\nSebasti\u00e1n tiene 8 a\u00f1os. Pero desde hace m\u00e1s de dos a\u00f1os, aprendi\u00f3 a usar la computadora y ahora, cuando tiene hambre, le molesta algo o quiere salir, enciende la computadora y escribe en Word.<\/p>\n<p>En el cuarto de atr\u00e1s se escucha un grito. Sebasti\u00e1n est\u00e1 mirando videos de futbol en YouTube. El televisor est\u00e1 encendido y el ni\u00f1o cada cierto tiempo grita \u201cgoool\u201d. Despu\u00e9s se levanta para caminar descalzo en puntillas hacia la sala, donde se encuentra su mam\u00e1. Balbucea unas palabras y entra a la cocina.<\/p>\n<p>\u2014\u00bfQu\u00e9 quieres, Sebas? \u2014le dice Sonia, con acento mexicano. \u2014Escr\u00edbeme\u00a0para que te entienda, mi amor<br \/>\n\u201cQuiero pollo\u201d, se lee en la pantalla de la computadora, despu\u00e9s de que Sebasti\u00e1n escribe sin titubear.<br \/>\n\u2014No puedo darte m\u00e1s pollo, ya te he dado en la ma\u00f1ana y en el almuerzo \u2014dice la mam\u00e1, quien recuerda que la conducta repetitiva de las personas con autismo puede hacer que coman el mismo alimento todos los d\u00edas.<\/p>\n<p>Sonia Jim\u00e9nez es de Baja California. Alta, blanca, recia, como Sebasti\u00e1n. Conoci\u00f3 a Oscar P\u00e9rez, su esposo, y se fue a vivir a Honduras. Tiempo despu\u00e9s, P\u00e9rez fue trasladado para trabajar en una empresa en Nicaragua, justo en el momento que naci\u00f3 su hijo.<\/p>\n<p>\u201cHay momentos en el que uno se cansa, se frustra, que quisiera que las cosas fueran m\u00e1s f\u00e1ciles o no tan dif\u00edciles\u201d, dice Jim\u00e9nez.<\/p>\n<p>Frente a la computadora, Sonia se ha llevado las mejores alegr\u00edas. Aparte de que le permite comunicarse con Sebasti\u00e1n, tambi\u00e9n puede estar pendiente de su otro hijo que est\u00e1 en M\u00e9xico, y que padece de artrogriposis m\u00faltiple cong\u00e9nita, una enfermedad que le impide mover todas las articulaciones del cuerpo.<\/p>\n<p>El hijo mayor de Sonia Jim\u00e9nez solo se puede mover con una silla de ruedas, tiene un da\u00f1o neurol\u00f3gico leve, pero no le impidi\u00f3 graduarse en Psicolog\u00eda en M\u00e9xico. Ella dice que la experiencia de la discapacidad de su primer hijo la prepar\u00f3 para atender mejor a Sebasti\u00e1n.<\/p>\n<p>La sexualidad es uno de los temas tab\u00faes del autismo y otras enfermedades neurol\u00f3gicas. Por la edad de Sebasti\u00e1n, Jim\u00e9nez se siente un poco presionada, porque muy pronto se tiene que preparar para hablarle sobre sexo. \u201cPorque Sebas dentro de poco crece y a \u00e9l le van gustar las chicas\u201d.<\/p>\n<p>Por permanecer clavado a una silla de ruedas, Sonia cre\u00eda que su primer hijo no iba a poder salir con chicas. Pero un d\u00eda recibi\u00f3 un mensaje que dec\u00eda: \u201cMam\u00e1, ya no soy virgen\u201d. A ella le caus\u00f3 mucha risa y ternura. Poco despu\u00e9s solt\u00f3 l\u00e1grimas de la emoci\u00f3n: \u201cBueno, ya mi hijo lo logr\u00f3\u201d, dijo.<\/p>\n<p>La educaci\u00f3n sexual para las personas con autismo tiene que ser expl\u00edcita y gr\u00e1fica, seg\u00fan G\u00f3mez, quien enfatiza que deben de aclararles c\u00f3mo, cu\u00e1ndo y d\u00f3nde pueden disfrutar abiertamente de sus cuerpos.<\/p>\n<p>Uno de los temores de los padres, de personas con autismo, es la vulnerabilidad que tienen sus hijos ante un posible abuso, y es por ello que temen su despertar sexual. \u201cAlgunas personas ven a la gente con autismo como eternos ni\u00f1os, con independencia de la edad que tienen. Para ellos son eternos \u00e1ngeles, asexuados\u201d, dice Sonia Jim\u00e9nez.<\/p>\n<p style=\"text-align: center;\">***<\/p>\n<p>El psiquiatra irland\u00e9s, Michael Fitzgerald, asegur\u00f3 que los genes del autismo o del s\u00edndrome de Asperger producen personas creativas, con alta capacidad de concentraci\u00f3n, \u201cque no encajan en el sistema educativo y que frecuentemente tienen relaciones sociales pobres y escaso contacto visual\u201d.<\/p>\n<p>Esta teor\u00eda indica que las personas suelen ser un poco paranoicas y con un fuerte sentido de la \u00e9tica y la moral. \u201cY pueden permanecer entre 20 y 30 a\u00f1os concentradas en un mismo tema sin importarles lo que otras personas piensan\u201d.<\/p>\n<p>Fitzgerald cree que la psiquiatr\u00eda tiende a centrarse exclusivamente en el lado negativo de diferentes formas de enfermedad mental, pero su trabajo demuestra que \u201clos des\u00f3rdenes psiqui\u00e1tricos tambi\u00e9n pueden tener una dimensi\u00f3n positiva\u201d.<\/p>\n<p>Isaac Zeled\u00f3n pod\u00eda pasar con los ojos fijos, durante tres horas, viendo los carros del taller que estaba a la par de su casa. En ocasiones miraba al cielo y corr\u00eda de un lado a otro. Hoy viste una camiseta de Batman, tiene puesto unos anteojos y saca los juguetes al porche de su casa.<\/p>\n<p>Isaac tiene 3 a\u00f1os y medio. Le diagnosticaron autismo leve hace un a\u00f1o, pero pocos meses despu\u00e9s empez\u00f3 a pronunciar palabras e hilvanar algunas oraciones.<\/p>\n<p>Ivette S\u00e1nchez, mam\u00e1 de Isaac, empez\u00f3 a sospechar que su hijo ten\u00eda autismo cuando no pod\u00eda terminar de ver una pel\u00edcula en el cine. Los llantos de Isaac eran tan agudos que no se calmaban aunque ella lo cargara.<br \/>\nS\u00e1nchez tambi\u00e9n dej\u00f3 de ir a una iglesia evang\u00e9lica, ya que Isaac no pod\u00eda aguantar toda la pr\u00e9dica, porque se tiraba al piso a patalear.<\/p>\n<p>Los expertos afirman que las personas con autismo no pueden asimilar todos los est\u00edmulos a los que estamos expuestos, y es por eso que se desesperan en los lugares abarrotados y con mucho ruido.<\/p>\n<p>Ahora Ivette S\u00e1nchez lo sabe. Y cuando quiere ir al cine, busca la tanda m\u00e1s vac\u00eda. Al visitar un restaurante o asistir a una reuni\u00f3n familiar, lleva los carritos y juguetes de Isaac y busca la mesa m\u00e1s alejada. Tambi\u00e9n precisa que ahora visita la iglesia cat\u00f3lica, porque la misa dura menos de dos horas e Isaac puede aguantar tranquilo ese tiempo.<\/p>\n<p>Hace unos meses, Ivette sac\u00f3 a Isaac de la escuela. \u00c9l no pod\u00eda hablar ni armar legos ni pintar cuadritos. Solamente se montaba en un caballito de juguete, se quedaba sentado o de pie en silencio. Cuando entregaron las calificaciones de primer nivel, la maestra escribi\u00f3 que no miraba ning\u00fan avance en el ni\u00f1o.<\/p>\n<p>Lo que la maestra no mir\u00f3 fue que Isaac empezaba hacer contacto visual con ella: se le acercaba y acataba a su nombre cuando lo llamaba. Por las tardes, cuando regresaba del colegio, recordaba la letra de un coro que cantaba la profesora. \u201cPara m\u00ed esos fueron avances que ella no pudo ver\u201d, dice S\u00e1nchez.<\/p>\n<p>El peque\u00f1o Isaac es sonriente y atiende cuando se le pregunta algo. Camina en c\u00edrculos, pero de repente frena y se para en las rejas viendo los carros de la calle por unos minutos. Mientras advierte con la mirada abajo que se cierra el port\u00f3n de metal, mueve la manito derecha para despedirse.<\/p>\n<h3>Posibles \u201csignos de alarma\u201d<\/h3>\n<ul>\n<li>No responden a su nombre cuando tienen 12 meses de edad.<\/li>\n<li>No se\u00f1alan los objetos para demostrar su inter\u00e9s (no se\u00f1alar un avi\u00f3n que pasa volando) cuando tienen 14 meses de edad.<\/li>\n<li>No realizan juegos de simulaci\u00f3n (jugar \u201ca darle de comer\u201d a un mu\u00f1eco) cuando llegan a los 18 meses de edad.<br \/>\nEvitan el contacto visual y quieren estar solos.<\/li>\n<li>Tienen dificultades para comprender los sentimientos de otras personas y hablar de sus propios sentimientos.<br \/>\nPresentan retrasos en las destrezas del habla y el lenguaje.<\/li>\n<li>Repiten palabras o frases una y otra vez (ecolalia).<\/li>\n<li>Dan respuestas no relacionadas a las preguntas que se les hace.<\/li>\n<li>Se irritan con los cambios peque\u00f1os.<\/li>\n<li>Tienen intereses obsesivos.<\/li>\n<li>Aletean las manos, se mecen o giran en c\u00edrculos.<\/li>\n<li>Tienen reacciones poco habituales al sonido, el olor, el gusto, el aspecto, el tacto o el sonido de las cosas.<\/li>\n<\/ul>\n<h3>\u00a0Tratamiento<\/h3>\n<p>No existen medicamentos que puedan curar los Trastornos del Espectro Autista (TEA) ni tratar los s\u00edntomas principales. Sin embargo, existen medicamentos que pueden ayudar, a algunas personas que tienen un TEA, a funcionar mejor<br \/>\nEntre los muchos tipos de tratamiento disponibles. Por ejemplo, el entrenamiento auditivo, el entrenamiento con pruebas discretas, la terapia con vitaminas, la terapia antilevadura, la comunicaci\u00f3n facilitada, la musicoterapia, la terapia ocupacional, la fisioterapia y la integraci\u00f3n sensorial.<br \/>\nGeneralmente, los distintos tipos de tratamiento pueden dividirse en las siguientes categor\u00edas:<\/p>\n<ul>\n<li>Enfoques en torno al comportamiento y la comunicaci\u00f3n<\/li>\n<li>Enfoques en torno a la alimentaci\u00f3n<\/li>\n<li>Medicamentos<\/li>\n<\/ul>\n<p>&nbsp;<\/p>\n<h3>\u00a0Famosos con Asperger<\/h3>\n<ul>\n<li>Ludwing Van Beethoven: desde peque\u00f1o este genial compositor mostr\u00f3 su talento y vocaci\u00f3n por la m\u00fasica. Era un ni\u00f1o introvertido, que se molestaba con facilidad y a quien, debido a un problema auditivo, le costaba comunicarse con los dem\u00e1s. Algunos de sus bi\u00f3grafos creen que padec\u00eda un trastorno del espectro autista.<\/li>\n<li>Bill Gates: creador y cofundador de Microsoft y uno de los hombres m\u00e1s ricos del mundo. Desde muy joven mostr\u00f3 comportamientos que apuntaban hacia un posible trastorno del espectro autista. Siempre ha sido una persona muy met\u00f3dica, en ocasiones sol\u00eda moverse continuamente, se concentraba mucho en las tareas y evitaba el contacto visual.<\/li>\n<li>Michael Jackson: en su infancia era un ni\u00f1o muy retra\u00eddo, al que no le interesaba mucho la opini\u00f3n de los otros y que apenas hablaba con quienes lo rodeaban. Estas peculiaridades, unido a su traum\u00e1tica infancia, se han convertido en pruebas para los m\u00e9dicos, quienes suponen que el cantante pod\u00eda haber padecido s\u00edndrome de Asperger.<\/li>\n<li>Woody Allen: actor, guionista, escritor, dramaturgo, director de cine y humorista. Este hombre, que ha ganado cuatro veces un Premio de la Academia, ha sido diagnosticado con s\u00edndrome de Asperger.<\/li>\n<\/ul>\n","protected":false},"excerpt":{"rendered":"<p>Padecer autismo ya es grave. Padecer autismo y ser pobre es peor. Aleteos, mirada fija y retraimiento. Los signos pueden palparse con facilidad, pero las historias son tan complejas y diferentes como un rompecabezas.<\/p>\n","protected":false},"author":8,"featured_media":20755,"comment_status":"open","ping_status":"open","sticky":false,"template":"","format":"standard","meta":{"_acf_changed":false,"footnotes":""},"categories":[26],"tags":[],"class_list":["post-20754","post","type-post","status-publish","format-standard","has-post-thumbnail","hentry","category-reportajes"],"acf":[],"_links":{"self":[{"href":"https:\/\/staging.laprensanic.com\/magazine\/wp-json\/wp\/v2\/posts\/20754","targetHints":{"allow":["GET"]}}],"collection":[{"href":"https:\/\/staging.laprensanic.com\/magazine\/wp-json\/wp\/v2\/posts"}],"about":[{"href":"https:\/\/staging.laprensanic.com\/magazine\/wp-json\/wp\/v2\/types\/post"}],"author":[{"embeddable":true,"href":"https:\/\/staging.laprensanic.com\/magazine\/wp-json\/wp\/v2\/users\/8"}],"replies":[{"embeddable":true,"href":"https:\/\/staging.laprensanic.com\/magazine\/wp-json\/wp\/v2\/comments?post=20754"}],"version-history":[{"count":24,"href":"https:\/\/staging.laprensanic.com\/magazine\/wp-json\/wp\/v2\/posts\/20754\/revisions"}],"predecessor-version":[{"id":44572,"href":"https:\/\/staging.laprensanic.com\/magazine\/wp-json\/wp\/v2\/posts\/20754\/revisions\/44572"}],"wp:featuredmedia":[{"embeddable":true,"href":"https:\/\/staging.laprensanic.com\/magazine\/wp-json\/wp\/v2\/media\/20755"}],"wp:attachment":[{"href":"https:\/\/staging.laprensanic.com\/magazine\/wp-json\/wp\/v2\/media?parent=20754"}],"wp:term":[{"taxonomy":"category","embeddable":true,"href":"https:\/\/staging.laprensanic.com\/magazine\/wp-json\/wp\/v2\/categories?post=20754"},{"taxonomy":"post_tag","embeddable":true,"href":"https:\/\/staging.laprensanic.com\/magazine\/wp-json\/wp\/v2\/tags?post=20754"}],"curies":[{"name":"wp","href":"https:\/\/api.w.org\/{rel}","templated":true}]}}