{"id":26629,"date":"2016-11-13T10:30:55","date_gmt":"2016-11-13T16:30:55","guid":{"rendered":"https:\/\/www.magazine.com.ni\/?p=26629"},"modified":"2020-09-03T15:15:13","modified_gmt":"2020-09-03T21:15:13","slug":"mi-papa-mato-a-mi-mama","status":"publish","type":"post","link":"https:\/\/staging.laprensanic.com\/magazine\/reportajes\/mi-papa-mato-a-mi-mama\/","title":{"rendered":"Mi pap\u00e1 mat\u00f3 a mi mam\u00e1"},"content":{"rendered":"<p style=\"text-align: center;\">Al duelo de perder a una madre se le suma el de un padre pr\u00f3fugo, preso o muerto. Esta es la historia de Brandon, Al\u00ed, Jazm\u00edn y la de cientos de ni\u00f1os hu\u00e9rfanos por la violencia hacia la mujer<\/p>\n<p style=\"text-align: center;\"><strong>Por Tammy Zoad Mendoza M.<\/strong><\/p>\n<p>El primer viaje al cementerio de Masaya fue el 23 de abril de 2014. Jazm\u00edn y Al\u00ed vieron por \u00faltima vez a su madre dentro de un ata\u00fad p\u00e1lido adornado de flores. Lloraron como nunca. Gritaron. Le preguntaron a su padre por qu\u00e9 la hab\u00eda matado. Pero su padre no los escuchaba. En alg\u00fan cementerio de Managua, ese mismo d\u00eda, estaban enterrando su cad\u00e1ver. Antes de suicidarse clav\u00e1ndose en el pecho una bayoneta, Jos\u00e9 V\u00edlchez apu\u00f1al\u00f3 a Saraliz Gonz\u00e1lez. Le clav\u00f3 trece veces la misma bayoneta en diferentes partes del cuerpo. No era la primera vez que la atacaba, pero fue la \u00faltima.<\/p>\n<p>Cuando ella termin\u00f3 la relaci\u00f3n por el maltrato de Jos\u00e9, \u00e9l la persigui\u00f3 hasta encontrarla. La alcanz\u00f3 con el filo de una bayoneta. Que si no era de \u00e9l, no ser\u00eda de nadie. El 22 de abril Saraliz se sum\u00f3 a los 72 femicidios registrados en 2014. Ese d\u00eda Jazm\u00edn, de 10 a\u00f1os, y Al\u00ed, de 8, quedaron hu\u00e9rfanos. Ellos son dos de los m\u00e1s de 300 casos de menores de edad que han quedado en la orfandad por la violencia machista en los \u00faltimos cinco a\u00f1os, seg\u00fan registros del Observatorio Voces y Datos de la Red de Mujeres Contra la Violencia.<\/p>\n<p>Son los hermanos V\u00edlchez Gonz\u00e1lez, hijos de Saraliz Gonz\u00e1lez Mena, maestra de 36 a\u00f1os, que fue asesinada en la entrada del Colegio Cristo Rey, Tipitapa. Hijos tambi\u00e9n de Jos\u00e9 V\u00edlchez, expolic\u00eda de 33 a\u00f1os, asesino y suicida que se convirti\u00f3 en el verdugo de su familia. Le quit\u00f3 la vida a su exesposa y le quit\u00f3 la madre a sus dos hijos. El caso qued\u00f3 grabado en la memoria colectiva por la atrocidad del suceso y su difusi\u00f3n en los medios. La gente recuerda a \u201cla maestra de Tipitapa asesinada por el exmarido\u201d. \u00bfY los ni\u00f1os? Nadie sabe. \u00bfQu\u00e9 pasa cuando un hombre mata a la madre de sus hijos?<\/p>\n<p>Estas son las historias de Al\u00ed, de Jazm\u00edn, de Brandon y de cientos de ni\u00f1os que se han sumado a las listas no oficiales de hu\u00e9rfanos que viven, adem\u00e1s del duelo, un drama social en el que el Estado tambi\u00e9n los desampara. Son tambi\u00e9n historias de abuelas, t\u00edas y familias enteras que todos los d\u00edas asumen solos y con mucho amor el desaf\u00edo de su crianza.<\/p>\n<p style=\"text-align: center;\">***<\/p>\n<p>Al\u00ed y Jazm\u00edn, de 10 y 12 a\u00f1os, viven con su abuelita Ruth Mena. Le llaman \u201cmami\u201d y a veces se les escapa un \u201cmam\u00e1\u201d, pero no hay l\u00edo con eso. Al entrar a la casa queda claro que Saraliz es su mam\u00e1. Congelada en un cuadro que cuelga en la sala, Saraliz parece verlos. Est\u00e1 sentada detr\u00e1s de una mesa, con un vestido p\u00farpura escotado, cabello suelto y una sonrisa t\u00edmida que se asoma por la comisura de los labios. Se ve contenta en la \u00faltima foto que se tom\u00f3 poco antes que la matara su exesposo. Esa es la mam\u00e1 de la que se habla en esta casa.<\/p>\n<p>\u201cLa recordamos en sus buenos momentos, los ni\u00f1os hablan de ella, la sue\u00f1an, le escriben. Yo prefiero recordarla soltera, si la recuerdo casada es un martirio. \u00c9l la maltrataba y ella no dec\u00eda nada, maltrataba a los ni\u00f1os y ella no dec\u00eda nada\u201d, cuenta Ruth Mena. Hasta que su familia vio los moretones en ella y en los ni\u00f1os, y despu\u00e9s de mucha insistencia, Saraliz denunci\u00f3 ante la Polic\u00eda la violencia intrafamiliar que sufr\u00eda.<\/p>\n<p>La madre era maestra de primaria, igual que la abuela. Ganaba seis mil c\u00f3rdobas mensuales. El Seguro Social determin\u00f3 que cada ni\u00f1o recibiera 1,500 c\u00f3rdobas como pensi\u00f3n por orfandad. Do\u00f1a Ruth Mena desmenuza los tres mil c\u00f3rdobas en los gastos de alimentaci\u00f3n, colegio, vestimenta y dem\u00e1s necesidades de los ni\u00f1os. No le alcanza, dice, pero tampoco le falta la ayuda de sus otros dos hijos y de su propia pensi\u00f3n de jubilada, poco m\u00e1s de dos mil pesos.<\/p>\n<p>Aunque tienen derecho a la pensi\u00f3n del padre, su abuela materna no ha podido ni ha querido reclamar el derecho. \u201cNo quiero saber nada de \u00e9l, es una persona que quiero borrar de mi cabeza. Eso de andar buscando papeles con su nombre no me hace bien\u201d, reconoce Mena.<\/p>\n<p>Lo \u00fanico de lo que han hecho uso es del seguro paterno con la cobertura en atenci\u00f3n m\u00e9dica y psicol\u00f3gica, que los cobija hasta los 12 a\u00f1os. Al\u00ed podr\u00e1 seguir atendi\u00e9ndose por los siguientes dos a\u00f1os en el Hospital Roberto Huembes, de la Polic\u00eda a la que perteneci\u00f3 su padre. Pero al cumplir los 12 a Jazm\u00edn se le venci\u00f3 el tiempo y caduc\u00f3 su beneficio. \u201cA la ni\u00f1a ya no me la van a atender, no s\u00e9 c\u00f3mo voy a hacer si se me enferma, porque ella es muy delicada. Ellos todav\u00eda no est\u00e1n bien, ella me habla de la muerte todav\u00eda y yo solo les puedo hablar de Dios\u201d, se lamenta do\u00f1a Ruth Mena.<\/p>\n<p>\u201cSe requiere de atenci\u00f3n profesional y especializada en temas de violencia para poder ayudar a asimilar y superar no solo el duelo, sino toda la situaci\u00f3n de violencia a la que han estado expuestos o han sufrido estos ni\u00f1os\u201d, explica Mar\u00eda Eugenia Delgadillo, psic\u00f3loga con m\u00e1s de 20 a\u00f1os de experiencia en acompa\u00f1amiento de v\u00edctimas de violencia.<\/p>\n<p>Oran, platican y tienen un calendario en la pared donde colocan caritas tristes o alegres, seg\u00fan su estado de \u00e1nimo o c\u00f3mo se han portado. Al final del mes si hay m\u00e1s caritas alegres, do\u00f1a Ruth busca qu\u00e9 darles de premio.<\/p>\n<div id='gallery-1' class='gallery galleryid-26629 gallery-columns-3 gallery-size-thumbnail'><figure class='gallery-item'>\n\t\t\t<div class='gallery-icon landscape'>\n\t\t\t\t<a href='https:\/\/staging.laprensanic.com\/magazine\/reportajes\/mi-papa-mato-a-mi-mama\/attachment\/ruth-mena-madre-de-la-fallecida-profesora-de-primaria-johana-s-2\/'><img decoding=\"async\" width=\"150\" height=\"150\" src=\"https:\/\/d1xxa24wwackpg.cloudfront.net\/wp-content\/uploads\/2016\/11\/07154007\/263-MAG-HuerSara3-copia.jpg\" class=\"attachment-thumbnail size-thumbnail\" alt=\"\" aria-describedby=\"gallery-1-26692\" srcset=\"https:\/\/d1xxa24wwackpg.cloudfront.net\/wp-content\/uploads\/2016\/11\/07154007\/263-MAG-HuerSara3-copia.jpg 150w, https:\/\/d1xxa24wwackpg.cloudfront.net\/wp-content\/uploads\/2016\/11\/07154007\/263-MAG-HuerSara3-copia.jpg 600w, https:\/\/d1xxa24wwackpg.cloudfront.net\/wp-content\/uploads\/2016\/11\/07154007\/263-MAG-HuerSara3-copia.jpg 24w, https:\/\/d1xxa24wwackpg.cloudfront.net\/wp-content\/uploads\/2016\/11\/07154007\/263-MAG-HuerSara3-copia.jpg 48w, https:\/\/d1xxa24wwackpg.cloudfront.net\/wp-content\/uploads\/2016\/11\/07154007\/263-MAG-HuerSara3-copia.jpg 96w\" sizes=\"(max-width: 150px) 100vw, 150px\" \/><\/a>\n\t\t\t<\/div>\n\t\t\t\t<figcaption class='wp-caption-text gallery-caption' id='gallery-1-26692'>\n\t\t\t\tRuth Mena, maestra jubilada, asumi\u00f3 el rol de madre con sus dos nietos, Al\u00ed y Jazm\u00edn. Su hija Saraliz Gonz\u00e1lez Mena fue asesinada por su exesposo Jos\u00e9 V\u00edlchez.\nFoto: Jader Flores\/LA PRENSA\n\t\t\t\t<\/figcaption><\/figure><figure class='gallery-item'>\n\t\t\t<div class='gallery-icon landscape'>\n\t\t\t\t<a href='https:\/\/staging.laprensanic.com\/magazine\/reportajes\/mi-papa-mato-a-mi-mama\/attachment\/ruth-mena-madre-de-la-fallecida-profesora-de-primaria-johana-s\/'><img decoding=\"async\" width=\"150\" height=\"150\" src=\"https:\/\/d1xxa24wwackpg.cloudfront.net\/wp-content\/uploads\/2016\/11\/07154010\/263-MAG-HuerSara2-copia.jpg\" class=\"attachment-thumbnail size-thumbnail\" alt=\"\" aria-describedby=\"gallery-1-26691\" srcset=\"https:\/\/d1xxa24wwackpg.cloudfront.net\/wp-content\/uploads\/2016\/11\/07154010\/263-MAG-HuerSara2-copia.jpg 150w, https:\/\/d1xxa24wwackpg.cloudfront.net\/wp-content\/uploads\/2016\/11\/07154010\/263-MAG-HuerSara2-copia.jpg 600w, https:\/\/d1xxa24wwackpg.cloudfront.net\/wp-content\/uploads\/2016\/11\/07154010\/263-MAG-HuerSara2-copia.jpg 24w, https:\/\/d1xxa24wwackpg.cloudfront.net\/wp-content\/uploads\/2016\/11\/07154010\/263-MAG-HuerSara2-copia.jpg 48w, https:\/\/d1xxa24wwackpg.cloudfront.net\/wp-content\/uploads\/2016\/11\/07154010\/263-MAG-HuerSara2-copia.jpg 96w\" sizes=\"(max-width: 150px) 100vw, 150px\" \/><\/a>\n\t\t\t<\/div>\n\t\t\t\t<figcaption class='wp-caption-text gallery-caption' id='gallery-1-26691'>\n\t\t\t\tEn este calendario los ni\u00f1os se\u00f1alan su estado de \u00e1nimo y c\u00f3mo se han portado, es terapia dice su abuela. Foto: Jader Flores\/LA PRENSA\n\t\t\t\t<\/figcaption><\/figure><figure class='gallery-item'>\n\t\t\t<div class='gallery-icon portrait'>\n\t\t\t\t<a href='https:\/\/staging.laprensanic.com\/magazine\/reportajes\/mi-papa-mato-a-mi-mama\/attachment\/ruth-mena-madre-de-la-fallecida-profesora-de-primaria-johana-s-4\/'><img decoding=\"async\" width=\"150\" height=\"150\" src=\"https:\/\/d1xxa24wwackpg.cloudfront.net\/wp-content\/uploads\/2016\/11\/07153959\/263-MAG-HuerSara5-copia.jpg\" class=\"attachment-thumbnail size-thumbnail\" alt=\"\" aria-describedby=\"gallery-1-26694\" srcset=\"https:\/\/d1xxa24wwackpg.cloudfront.net\/wp-content\/uploads\/2016\/11\/07153959\/263-MAG-HuerSara5-copia.jpg 150w, https:\/\/d1xxa24wwackpg.cloudfront.net\/wp-content\/uploads\/2016\/11\/07153959\/263-MAG-HuerSara5-copia.jpg 600w, https:\/\/d1xxa24wwackpg.cloudfront.net\/wp-content\/uploads\/2016\/11\/07153959\/263-MAG-HuerSara5-copia.jpg 24w, https:\/\/d1xxa24wwackpg.cloudfront.net\/wp-content\/uploads\/2016\/11\/07153959\/263-MAG-HuerSara5-copia.jpg 48w, https:\/\/d1xxa24wwackpg.cloudfront.net\/wp-content\/uploads\/2016\/11\/07153959\/263-MAG-HuerSara5-copia.jpg 96w\" sizes=\"(max-width: 150px) 100vw, 150px\" \/><\/a>\n\t\t\t<\/div>\n\t\t\t\t<figcaption class='wp-caption-text gallery-caption' id='gallery-1-26694'>\n\t\t\t\tSaraliz Gonz\u00e1lez Mena, sus hijos Al\u00ed y Jazm\u00edn, y Jos\u00e9 V\u00edlchez, exesposo, padre y femicida. Foto: Jader Flores\/LA PRENSA\n\t\t\t\t<\/figcaption><\/figure><figure class='gallery-item'>\n\t\t\t<div class='gallery-icon portrait'>\n\t\t\t\t<a href='https:\/\/staging.laprensanic.com\/magazine\/reportajes\/mi-papa-mato-a-mi-mama\/attachment\/ruth-mena-madre-de-la-fallecida-profesora-de-primaria-johana-s-3\/'><img loading=\"lazy\" decoding=\"async\" width=\"150\" height=\"150\" src=\"https:\/\/d1xxa24wwackpg.cloudfront.net\/wp-content\/uploads\/2016\/11\/07154003\/263-MAG-HuerSara4-copia.jpg\" class=\"attachment-thumbnail size-thumbnail\" alt=\"\" aria-describedby=\"gallery-1-26693\" srcset=\"https:\/\/d1xxa24wwackpg.cloudfront.net\/wp-content\/uploads\/2016\/11\/07154003\/263-MAG-HuerSara4-copia.jpg 150w, https:\/\/d1xxa24wwackpg.cloudfront.net\/wp-content\/uploads\/2016\/11\/07154003\/263-MAG-HuerSara4-copia.jpg 600w, https:\/\/d1xxa24wwackpg.cloudfront.net\/wp-content\/uploads\/2016\/11\/07154003\/263-MAG-HuerSara4-copia.jpg 24w, https:\/\/d1xxa24wwackpg.cloudfront.net\/wp-content\/uploads\/2016\/11\/07154003\/263-MAG-HuerSara4-copia.jpg 48w, https:\/\/d1xxa24wwackpg.cloudfront.net\/wp-content\/uploads\/2016\/11\/07154003\/263-MAG-HuerSara4-copia.jpg 96w\" sizes=\"(max-width: 150px) 100vw, 150px\" \/><\/a>\n\t\t\t<\/div>\n\t\t\t\t<figcaption class='wp-caption-text gallery-caption' id='gallery-1-26693'>\n\t\t\t\tSaraliz Gonz\u00e1lez Mena, profesora de primaria de 36 a\u00f1os, v\u00edctima de su c\u00f3nyuge el expolic\u00eda Jos\u00e9 Steven V\u00edlchez. La asesin\u00f3 en las afueras del Colegio Cristo Rey. Foto: Jader Flores\/LA PRENSA\n\t\t\t\t<\/figcaption><\/figure>\n\t\t<\/div>\n\n<p style=\"text-align: center;\">***<\/p>\n<p>En el patio delantero de la casa, bajo la sombra de un frondoso \u00e1rbol de mango, Brandon patea una y otra vez la pelota contra la pared. Juega solo, como casi siempre. Sonr\u00ede satisfecho cuando logra una pirueta perfecta, pero a diferencia de muchos ni\u00f1os \u00e9l no quiere ser futbolista, le dice a su abuela que quiere estudiar lo mismo que su mam\u00e1, Ingenier\u00eda Industrial.<\/p>\n<p>\u201cPara ser como tu mam\u00e1 ten\u00e9s que estudiar mucho, la Belkis nunca dej\u00f3 clases, era trabajadora, una excelente muchacha\u201d, le repite do\u00f1a Isabel Hern\u00e1ndez para que \u00e9l la recuerde de la mejor manera. Cada vez que Brandon se ve al espejo el reflejo de Belkis se asoma en su piel morena, en sus ojos almendrados y oscuros, en el cabello negro que \u00e9l doma con gelatina y en labios gruesos que hered\u00f3 de su madre. Ten\u00eda 4 a\u00f1os cuando la vio por \u00faltima vez.<\/p>\n<p>La madrugada del 20 de octubre de 2012, su padre Kennet Mu\u00f1oz y otros dos sujetos emboscaron a su madre en un callej\u00f3n. Uno la agarr\u00f3 y le cubri\u00f3 la boca, la hincaron y el otro hombre le dispar\u00f3 en la cabeza. Kennet pag\u00f3 tres mil c\u00f3rdobas para que alguien jalara el gatillo y poder ver morir a Belkis, quien tres meses antes hab\u00eda puesto fin a una relaci\u00f3n de seis a\u00f1os. Ella no quer\u00eda estar con \u00e9l y \u00e9l no la dejaba en paz. Hostigamiento por mensajes de texto, persecuciones, golpes. Se volvi\u00f3 su sombra. No la dej\u00f3 en paz, la mat\u00f3.<\/p>\n<p>\u201cMataste a tu hijo junto con mi hija, porque con lo que hiciste nunca m\u00e1s vas a volver a ver a tu hijo\u201d, alcanz\u00f3 a decirle do\u00f1a Isabel Hern\u00e1ndez a Kennet Mu\u00f1oz cuando lo vio en el juicio. \u201c\u00c9l no pens\u00f3 en el ni\u00f1o cuando mat\u00f3 a mi hija, trunc\u00f3 sus sue\u00f1os y afect\u00f3 la vida de su hijo, le quit\u00f3 a su madre\u201d, reclama do\u00f1a Isabel.<\/p>\n<p>Belkis hab\u00eda cumplido un contrato de seis meses en una empresa donde estaba a punto de empezar como trabajadora de planta y sus ingresos aumentar\u00edan sustancialmente. La asesinaron un s\u00e1bado antes de aquel primer lunes de trabajo formal. No pudo matricular a Brandon en una escuela privada como quer\u00eda, tampoco ponerlo en clases de ingl\u00e9s, ni pagarle un recorrido. \u201cCon lo que ganaba me dijeron que el seguro solo pod\u00eda pasarle mil pesos al ni\u00f1o, eso es lo que retiro mensual para ayudarme con sus gastos\u201d, cuenta la abuela.<\/p>\n<p>Brandon sigue caminando m\u00e1s de diez cuadras para ir y volver del colegio, siempre de la mano de su t\u00eda Jessica o su \u201cmami\u201d, do\u00f1a Isabel. Ellas lo llevan y lo traen a todos lados, a la escuela, al parque, al mercado, al m\u00e9dico o al cementerio cada vez que van a visitar la tumba de su madre.<\/p>\n<p>Jessica, de 26 a\u00f1os, es quien lo ayuda con las tareas y lo lleva de paseo. A veces se le olvida decirle t\u00eda y est\u00e1 empezando a verla como una hermana mayor, al final de cuentas su abuela se ha convertido en su figura materna. Duerme con ella, desayuna con ella, ora con ella. Le lavan la ropa, juegan con \u00e9l y se desvelan cuando est\u00e1 enfermo. Todo lo que hac\u00eda Belkis lo reparten ahora entre las dos, \u201cpero hay algo que nunca le vamos a poder dar, por mucho que lo amemos, el amor de madre nadie m\u00e1s lo da\u201d, se lamenta do\u00f1a Isabel. La llora y la seguir\u00e1 llorando, pero trata de hacerlo sola para que Brandon no la mire y no se ponga triste.<\/p>\n<p>La carga econ\u00f3mica recae sobre los hombros de do\u00f1a Isabel. Aunque estudie en un colegio p\u00fablico y puedan llevarlo a un centro de salud, la manutenci\u00f3n del ni\u00f1o supera con creces los mil c\u00f3rdobas de la pensi\u00f3n mensual, pero a Brandon no le falta nada.<\/p>\n<p>Aunque estudie segundo grado en el turno vespertino, se levanta todos los d\u00edas a las seis de la ma\u00f1ana, toma leche con pan, lee un poco y despu\u00e9s pide el \u201cdesayuno de verdad\u201d. El gallopinto no puede faltar en la mesa. Por eso do\u00f1a Isabel adem\u00e1s de cumplir su jornada como trabajadora dom\u00e9stica, en el que gana 3,500 c\u00f3rdobas, visita otras casas donde la pagan entre 200 y 300 c\u00f3rdobas por servicios de limpieza para completar unos cinco mil c\u00f3rdobas mensuales para la manutenci\u00f3n de su casa y su nieto. La familia paterna tom\u00f3 distancia luego de la tragedia. Su padre mandaba mensajes, que quer\u00eda verlo, que lo necesitaba para poder sobrevivir ah\u00ed dentro. \u201cEl ni\u00f1o no iba a ir ah\u00ed, \u00e9l no pens\u00f3 que el ni\u00f1o necesitaba a su madre aqu\u00ed, ahora tampoco lo necesita a \u00e9l\u201d, sentencia do\u00f1a Isabel.<\/p>\n<p>Su t\u00eda paterna y su otro abuelo a veces lo visitan, le llevan jugos, le dejan cereales o dulces. Si le dan dinero \u00e9l pregunta: \u201c\u00bfLos agarro?\u201d. \u201cNo le hemos inculcado malos pensamientos ni malos sentimientos contra su padre. No hablamos del tema, pero \u00e9l sabe lo que pas\u00f3, el ni\u00f1o sabe pero no dice nada. Ya no habla de su pap\u00e1\u201d, cuenta su abuela.<\/p>\n<div id='gallery-2' class='gallery galleryid-26629 gallery-columns-3 gallery-size-thumbnail'><figure class='gallery-item'>\n\t\t\t<div class='gallery-icon landscape'>\n\t\t\t\t<a href='https:\/\/staging.laprensanic.com\/magazine\/reportajes\/mi-papa-mato-a-mi-mama\/attachment\/brandon-joel-munoz-3\/'><img loading=\"lazy\" decoding=\"async\" width=\"150\" height=\"150\" src=\"https:\/\/d1xxa24wwackpg.cloudfront.net\/wp-content\/uploads\/2016\/11\/07153955\/263-MAG-HuerJo10-copia.jpg\" class=\"attachment-thumbnail size-thumbnail\" alt=\"\" aria-describedby=\"gallery-2-26697\" srcset=\"https:\/\/d1xxa24wwackpg.cloudfront.net\/wp-content\/uploads\/2016\/11\/07153955\/263-MAG-HuerJo10-copia.jpg 150w, https:\/\/d1xxa24wwackpg.cloudfront.net\/wp-content\/uploads\/2016\/11\/07153955\/263-MAG-HuerJo10-copia.jpg 600w, https:\/\/d1xxa24wwackpg.cloudfront.net\/wp-content\/uploads\/2016\/11\/07153955\/263-MAG-HuerJo10-copia.jpg 24w, https:\/\/d1xxa24wwackpg.cloudfront.net\/wp-content\/uploads\/2016\/11\/07153955\/263-MAG-HuerJo10-copia.jpg 48w, https:\/\/d1xxa24wwackpg.cloudfront.net\/wp-content\/uploads\/2016\/11\/07153955\/263-MAG-HuerJo10-copia.jpg 96w\" sizes=\"(max-width: 150px) 100vw, 150px\" \/><\/a>\n\t\t\t<\/div>\n\t\t\t\t<figcaption class='wp-caption-text gallery-caption' id='gallery-2-26697'>\n\t\t\t\tPor las ma\u00f1anas Brandon juega alrededor del \u00e1rbol de mango que su mam\u00e1 sembr\u00f3 cuando era ni\u00f1a. \u00c9l ten\u00eda 4 a\u00f1os cuando su padre la mand\u00f3 a asesinar. Foto Oscar Navarrete\/ LA PRENSA.\n\t\t\t\t<\/figcaption><\/figure><figure class='gallery-item'>\n\t\t\t<div class='gallery-icon landscape'>\n\t\t\t\t<a href='https:\/\/staging.laprensanic.com\/magazine\/reportajes\/mi-papa-mato-a-mi-mama\/attachment\/brandon-joel-munoz-7\/'><img loading=\"lazy\" decoding=\"async\" width=\"150\" height=\"150\" src=\"https:\/\/d1xxa24wwackpg.cloudfront.net\/wp-content\/uploads\/2016\/11\/07153941\/263-MAG-HuerJo7-copia.jpg\" class=\"attachment-thumbnail size-thumbnail\" alt=\"\" aria-describedby=\"gallery-2-26701\" srcset=\"https:\/\/d1xxa24wwackpg.cloudfront.net\/wp-content\/uploads\/2016\/11\/07153941\/263-MAG-HuerJo7-copia.jpg 150w, https:\/\/d1xxa24wwackpg.cloudfront.net\/wp-content\/uploads\/2016\/11\/07153941\/263-MAG-HuerJo7-copia.jpg 600w, https:\/\/d1xxa24wwackpg.cloudfront.net\/wp-content\/uploads\/2016\/11\/07153941\/263-MAG-HuerJo7-copia.jpg 24w, https:\/\/d1xxa24wwackpg.cloudfront.net\/wp-content\/uploads\/2016\/11\/07153941\/263-MAG-HuerJo7-copia.jpg 48w, https:\/\/d1xxa24wwackpg.cloudfront.net\/wp-content\/uploads\/2016\/11\/07153941\/263-MAG-HuerJo7-copia.jpg 96w\" sizes=\"(max-width: 150px) 100vw, 150px\" \/><\/a>\n\t\t\t<\/div>\n\t\t\t\t<figcaption class='wp-caption-text gallery-caption' id='gallery-2-26701'>\n\t\t\t\tJessica Mu\u00f1oz Hern\u00e1ndez, t\u00eda de Brandon e Isabel Hern\u00e1ndez, madre de Belkis, han asumido el cuido y manutenci\u00f3n del peque\u00f1o.\nFoto Oscar Navarrete\/ LA PRENSA.\n\t\t\t\t<\/figcaption><\/figure><figure class='gallery-item'>\n\t\t\t<div class='gallery-icon portrait'>\n\t\t\t\t<a href='https:\/\/staging.laprensanic.com\/magazine\/reportajes\/mi-papa-mato-a-mi-mama\/attachment\/brandon-joel-munoz-5\/'><img loading=\"lazy\" decoding=\"async\" width=\"150\" height=\"150\" src=\"https:\/\/d1xxa24wwackpg.cloudfront.net\/wp-content\/uploads\/2016\/11\/07153949\/263-MAG-HuerJo5-copia.jpg\" class=\"attachment-thumbnail size-thumbnail\" alt=\"\" aria-describedby=\"gallery-2-26699\" srcset=\"https:\/\/d1xxa24wwackpg.cloudfront.net\/wp-content\/uploads\/2016\/11\/07153949\/263-MAG-HuerJo5-copia.jpg 150w, https:\/\/d1xxa24wwackpg.cloudfront.net\/wp-content\/uploads\/2016\/11\/07153949\/263-MAG-HuerJo5-copia.jpg 600w, https:\/\/d1xxa24wwackpg.cloudfront.net\/wp-content\/uploads\/2016\/11\/07153949\/263-MAG-HuerJo5-copia.jpg 24w, https:\/\/d1xxa24wwackpg.cloudfront.net\/wp-content\/uploads\/2016\/11\/07153949\/263-MAG-HuerJo5-copia.jpg 48w, https:\/\/d1xxa24wwackpg.cloudfront.net\/wp-content\/uploads\/2016\/11\/07153949\/263-MAG-HuerJo5-copia.jpg 96w\" sizes=\"(max-width: 150px) 100vw, 150px\" \/><\/a>\n\t\t\t<\/div>\n\t\t\t\t<figcaption class='wp-caption-text gallery-caption' id='gallery-2-26699'>\n\t\t\t\tLa \u00fanica foto familiar donde est\u00e1 el padre de Brandon apareci\u00f3 rayada en el \u00e1lbum. Nadie sabe qui\u00e9n fue. En la casa no se habla de \u00e9l. Foto Oscar Navarrete\/ LA PRENSA.\n\t\t\t\t<\/figcaption><\/figure><figure class='gallery-item'>\n\t\t\t<div class='gallery-icon portrait'>\n\t\t\t\t<a href='https:\/\/staging.laprensanic.com\/magazine\/reportajes\/mi-papa-mato-a-mi-mama\/attachment\/brandon-joel-munoz-6\/'><img loading=\"lazy\" decoding=\"async\" width=\"150\" height=\"150\" src=\"https:\/\/d1xxa24wwackpg.cloudfront.net\/wp-content\/uploads\/2016\/11\/07153945\/263-MAG-HuerJo6-copia.jpg\" class=\"attachment-thumbnail size-thumbnail\" alt=\"\" aria-describedby=\"gallery-2-26700\" srcset=\"https:\/\/d1xxa24wwackpg.cloudfront.net\/wp-content\/uploads\/2016\/11\/07153945\/263-MAG-HuerJo6-copia.jpg 150w, https:\/\/d1xxa24wwackpg.cloudfront.net\/wp-content\/uploads\/2016\/11\/07153945\/263-MAG-HuerJo6-copia.jpg 600w, https:\/\/d1xxa24wwackpg.cloudfront.net\/wp-content\/uploads\/2016\/11\/07153945\/263-MAG-HuerJo6-copia.jpg 24w, https:\/\/d1xxa24wwackpg.cloudfront.net\/wp-content\/uploads\/2016\/11\/07153945\/263-MAG-HuerJo6-copia.jpg 48w, https:\/\/d1xxa24wwackpg.cloudfront.net\/wp-content\/uploads\/2016\/11\/07153945\/263-MAG-HuerJo6-copia.jpg 96w\" sizes=\"(max-width: 150px) 100vw, 150px\" \/><\/a>\n\t\t\t<\/div>\n\t\t\t\t<figcaption class='wp-caption-text gallery-caption' id='gallery-2-26700'>\n\t\t\t\tBrandon ve\u00eda las fotos de su mam\u00e1 todo el d\u00eda, ten\u00eda cuatro a\u00f1os cuando la asesinaron, ella 25. Una vez \u201crob\u00f3\u201d el pasaporte de su madre para tenerlo en la mochila. \nFoto Oscar Navarrete\/ LA PRENSA.\n\t\t\t\t<\/figcaption><\/figure><figure class='gallery-item'>\n\t\t\t<div class='gallery-icon landscape'>\n\t\t\t\t<a href='https:\/\/staging.laprensanic.com\/magazine\/reportajes\/mi-papa-mato-a-mi-mama\/attachment\/brandon-joel-munoz-4\/'><img loading=\"lazy\" decoding=\"async\" width=\"150\" height=\"150\" src=\"https:\/\/d1xxa24wwackpg.cloudfront.net\/wp-content\/uploads\/2016\/11\/07153952\/263-MAG-HuerJo2-copia.jpg\" class=\"attachment-thumbnail size-thumbnail\" alt=\"\" aria-describedby=\"gallery-2-26698\" srcset=\"https:\/\/d1xxa24wwackpg.cloudfront.net\/wp-content\/uploads\/2016\/11\/07153952\/263-MAG-HuerJo2-copia.jpg 150w, https:\/\/d1xxa24wwackpg.cloudfront.net\/wp-content\/uploads\/2016\/11\/07153952\/263-MAG-HuerJo2-copia.jpg 600w, https:\/\/d1xxa24wwackpg.cloudfront.net\/wp-content\/uploads\/2016\/11\/07153952\/263-MAG-HuerJo2-copia.jpg 24w, https:\/\/d1xxa24wwackpg.cloudfront.net\/wp-content\/uploads\/2016\/11\/07153952\/263-MAG-HuerJo2-copia.jpg 48w, https:\/\/d1xxa24wwackpg.cloudfront.net\/wp-content\/uploads\/2016\/11\/07153952\/263-MAG-HuerJo2-copia.jpg 96w\" sizes=\"(max-width: 150px) 100vw, 150px\" \/><\/a>\n\t\t\t<\/div>\n\t\t\t\t<figcaption class='wp-caption-text gallery-caption' id='gallery-2-26698'>\n\t\t\t\tBrandon estudia en un colegio p\u00fablico, camina m\u00e1s de diez cuadras todos los d\u00edas para ir y volver. Si t\u00eda y su abuela viven con \u00e9l.\nFoto Oscar Navarrete\/ LA PRENSA.\n\t\t\t\t<\/figcaption><\/figure>\n\t\t<\/div>\n\n<p style=\"text-align: center;\">***<\/p>\n<p>Belkis D\u00e1vila L\u00f3pez est\u00e1 por cumplir 23 a\u00f1os este 24 de noviembre, pero desde el 2013 ese d\u00eda le recuerda a la muerte. Su madre y su padre murieron el d\u00eda de su cumplea\u00f1os.<br \/>\n\u2014Aj\u00e1 hij\u00e1, \u00bfcu\u00e1ntos a\u00f1os est\u00e1s cumpliendo? \u2014le pregunt\u00f3 don Leonel.<br \/>\n\u2014Veinte, pap\u00e1 \u2014contest\u00f3 Belkis quien ya iba de regreso a su casa.<br \/>\n\u2014A pues ya te pod\u00e9s mantener sola \u2014sentenci\u00f3. Ella no supo qu\u00e9 responder.<\/p>\n<p>Ahora sabe bien a lo que se refer\u00eda. Esa noche \u00e9l le dispar\u00f3 a su madre y Belkis, la Teti, la \u00fanica hija, la consentida, qued\u00f3 sin la ayuda, los mimos y las atenciones que su madre le daba a ella y a su hija de 2 a\u00f1os. Luego se dio un disparo certero en la cabeza y muri\u00f3 antes que su esposa. Belkis llora porque extra\u00f1a a los dos. Llora y a\u00fan no entiende por qu\u00e9 \u00e9l la mat\u00f3. Ya no quiere recordar eso para dejar de llorar.<\/p>\n<p>\u201cLos femicidios adem\u00e1s de robar la vida de una mujer, trastornan toda la realidad de la familia. Son tragedias que por muy tristes deben hablarse. Un trauma que no se habla, que no se llora, que no se trata a tiempo o de manera correcta siempre encuentra una manera de manifestarse\u201d, dice la psic\u00f3loga Mar\u00eda Eugenia Delgadillo, quien tambi\u00e9n forma parte de la Asociaci\u00f3n de Mujeres Axayacalt de Masaya.<\/p>\n<p>Ni ella, ni sus hermanos mayores, Gustavo Leonel, Luis Carlos y Sebasti\u00e1n han superado la muerte de sus padres, pero tampoco sienten rencor por \u00e9l. \u201cMi pap\u00e1 la celaba, sin motivo, yo digo que \u00e9l se descontrol\u00f3, se desesper\u00f3 porque ella no quer\u00eda volver con \u00e9l por sus mismos celos. No s\u00e9 por qu\u00e9 lo hizo&#8230;\u201d, alcanza a decir Belkis y el hilito de voz se rompe.<\/p>\n<p>Luz Marina Castro, su suegra, le toma la palabra y empieza a describir a Rosita, como la conoc\u00edan en el barrio: una mujer amable, platicona y bromista. Le gustaba madrugar, era hacendosa y todo lo hac\u00eda con m\u00fasica de fondo, cantando y bailando por ah\u00ed. Las canciones de Paquita La del Barrio eran sus favoritas, las cantaba desafinada, a todo pulm\u00f3n y con dramatizaci\u00f3n incluida. Belkis sonr\u00ede de nuevo al recordarla as\u00ed, bailando con la escoba, contando divertidas an\u00e9cdotas, jugando bromas.<\/p>\n<p>Mam\u00e1 Osa y Pap\u00e1 Pollo, como les dec\u00edan sus dos primeros nietos \u2014no pudieron conocer al tercero\u2014. \u201cEse ni\u00f1o es igualito al abuelo, grande, cara larga, con porte de serio. Es id\u00e9ntico al se\u00f1or\u201d, dice do\u00f1a Luz Castro. El peque\u00f1o Samuel, hijo menor de Belkis, se parece a su abuelo Leonel y Lolita, Gabriela, tiene rasgos de su abuela Rosa.<\/p>\n<p>Cumplea\u00f1os, D\u00eda de las Madres, D\u00eda del Padre, las fechas especiales son agridulces para la familia D\u00e1vila L\u00f3pez. Hace dos a\u00f1os uno de los hijos mayores llev\u00f3 serenata a la casa de la madre que a\u00fan cre\u00eda viva, ya instalado ah\u00ed record\u00f3 la tragedia y expuls\u00f3 a los m\u00fasicos. Empez\u00f3 la parranda de duelo con los hermanos.<\/p>\n<p>Van con m\u00e1s frecuencia a visitar la tumba de su padre porque la tumba de su madre est\u00e1 m\u00e1s lejos. Llevan un veh\u00edculo, ponen rancheras, beben y cantan. Lloran desde el comienzo o hasta el final. Siempre lloran. Se acerca otra vez el 24 de noviembre y Belkis a\u00fan no decide si ir o no a la tumba de su madre. \u201cA ella le duele todav\u00eda. A todos ellos. No tuvieron ayuda psicol\u00f3gica, solamente el Se\u00f1or la ha consolado a ella, pero ella se guarda todo y yo le digo que eso es malo\u201d, advierte su suegra.<\/p>\n<div id='gallery-3' class='gallery galleryid-26629 gallery-columns-3 gallery-size-thumbnail'><figure class='gallery-item'>\n\t\t\t<div class='gallery-icon landscape'>\n\t\t\t\t<a href='https:\/\/staging.laprensanic.com\/magazine\/reportajes\/mi-papa-mato-a-mi-mama\/attachment\/263-mag-huerrosa5-copia\/'><img loading=\"lazy\" decoding=\"async\" width=\"150\" height=\"150\" src=\"https:\/\/d1xxa24wwackpg.cloudfront.net\/wp-content\/uploads\/2016\/11\/07153928\/263-MAG-HuerRosa5-copia.jpg\" class=\"attachment-thumbnail size-thumbnail\" alt=\"\" aria-describedby=\"gallery-3-26707\" srcset=\"https:\/\/d1xxa24wwackpg.cloudfront.net\/wp-content\/uploads\/2016\/11\/07153928\/263-MAG-HuerRosa5-copia.jpg 150w, https:\/\/d1xxa24wwackpg.cloudfront.net\/wp-content\/uploads\/2016\/11\/07153928\/263-MAG-HuerRosa5-copia.jpg 600w, https:\/\/d1xxa24wwackpg.cloudfront.net\/wp-content\/uploads\/2016\/11\/07153928\/263-MAG-HuerRosa5-copia.jpg 24w, https:\/\/d1xxa24wwackpg.cloudfront.net\/wp-content\/uploads\/2016\/11\/07153928\/263-MAG-HuerRosa5-copia.jpg 48w, https:\/\/d1xxa24wwackpg.cloudfront.net\/wp-content\/uploads\/2016\/11\/07153928\/263-MAG-HuerRosa5-copia.jpg 96w\" sizes=\"(max-width: 150px) 100vw, 150px\" \/><\/a>\n\t\t\t<\/div>\n\t\t\t\t<figcaption class='wp-caption-text gallery-caption' id='gallery-3-26707'>\n\t\t\t\tLuis Carlos y Belkis D\u00e1vila L\u00f3pez. \u00c9l encontr\u00f3 a su madre agonizante y no logr\u00f3 evitar que su padre se suicidara. Ninguno de los hermanos de Belkis quiere hablar sobre la tragedia familiar. Foto Archivo \/LA PRENSA.\n\t\t\t\t<\/figcaption><\/figure><figure class='gallery-item'>\n\t\t\t<div class='gallery-icon portrait'>\n\t\t\t\t<a href='https:\/\/staging.laprensanic.com\/magazine\/reportajes\/mi-papa-mato-a-mi-mama\/attachment\/belkis-gutierrez-e-hijos-2\/'><img loading=\"lazy\" decoding=\"async\" width=\"150\" height=\"150\" src=\"https:\/\/d1xxa24wwackpg.cloudfront.net\/wp-content\/uploads\/2016\/11\/07153932\/263-MAG-HuerRosa4-copia.jpg\" class=\"attachment-thumbnail size-thumbnail\" alt=\"\" aria-describedby=\"gallery-3-26706\" srcset=\"https:\/\/d1xxa24wwackpg.cloudfront.net\/wp-content\/uploads\/2016\/11\/07153932\/263-MAG-HuerRosa4-copia.jpg 150w, https:\/\/d1xxa24wwackpg.cloudfront.net\/wp-content\/uploads\/2016\/11\/07153932\/263-MAG-HuerRosa4-copia.jpg 600w, https:\/\/d1xxa24wwackpg.cloudfront.net\/wp-content\/uploads\/2016\/11\/07153932\/263-MAG-HuerRosa4-copia.jpg 24w, https:\/\/d1xxa24wwackpg.cloudfront.net\/wp-content\/uploads\/2016\/11\/07153932\/263-MAG-HuerRosa4-copia.jpg 48w, https:\/\/d1xxa24wwackpg.cloudfront.net\/wp-content\/uploads\/2016\/11\/07153932\/263-MAG-HuerRosa4-copia.jpg 96w\" sizes=\"(max-width: 150px) 100vw, 150px\" \/><\/a>\n\t\t\t<\/div>\n\t\t\t\t<figcaption class='wp-caption-text gallery-caption' id='gallery-3-26706'>\n\t\t\t\tBelkis D\u00e1vila L\u00f3pez y sus hijos. Foto Uriel Molina\/ LA PRENSA.\n\t\t\t\t<\/figcaption><\/figure><figure class='gallery-item'>\n\t\t\t<div class='gallery-icon landscape'>\n\t\t\t\t<a href='https:\/\/staging.laprensanic.com\/magazine\/reportajes\/mi-papa-mato-a-mi-mama\/attachment\/belkis-gutierrez-e-hijos\/'><img loading=\"lazy\" decoding=\"async\" width=\"150\" height=\"150\" src=\"https:\/\/d1xxa24wwackpg.cloudfront.net\/wp-content\/uploads\/2016\/11\/07153936\/263-MAG-HuerRosa-copia.jpg\" class=\"attachment-thumbnail size-thumbnail\" alt=\"\" aria-describedby=\"gallery-3-26705\" srcset=\"https:\/\/d1xxa24wwackpg.cloudfront.net\/wp-content\/uploads\/2016\/11\/07153936\/263-MAG-HuerRosa-copia.jpg 150w, https:\/\/d1xxa24wwackpg.cloudfront.net\/wp-content\/uploads\/2016\/11\/07153936\/263-MAG-HuerRosa-copia.jpg 600w, https:\/\/d1xxa24wwackpg.cloudfront.net\/wp-content\/uploads\/2016\/11\/07153936\/263-MAG-HuerRosa-copia.jpg 24w, https:\/\/d1xxa24wwackpg.cloudfront.net\/wp-content\/uploads\/2016\/11\/07153936\/263-MAG-HuerRosa-copia.jpg 48w, https:\/\/d1xxa24wwackpg.cloudfront.net\/wp-content\/uploads\/2016\/11\/07153936\/263-MAG-HuerRosa-copia.jpg 96w\" sizes=\"(max-width: 150px) 100vw, 150px\" \/><\/a>\n\t\t\t<\/div>\n\t\t\t\t<figcaption class='wp-caption-text gallery-caption' id='gallery-3-26705'>\n\t\t\t\tBelkis D\u00e1vila L\u00f3pez era la consentida de do\u00f1a Rosa L\u00f3pez y Leonel D\u00e1vila. El d\u00eda de su cumplea\u00f1os n\u00famero 20 su padre asesin\u00f3 a su madre y luego se suicid\u00f3. Foto Reproducci\u00f3n LA PRENSA \/ Uriel Molina\n\t\t\t\t<\/figcaption><\/figure><figure class='gallery-item'>\n\t\t\t<div class='gallery-icon landscape'>\n\t\t\t\t<a href='https:\/\/staging.laprensanic.com\/magazine\/reportajes\/mi-papa-mato-a-mi-mama\/attachment\/263-mag-huerrosa7-copia\/'><img loading=\"lazy\" decoding=\"async\" width=\"150\" height=\"150\" src=\"https:\/\/d1xxa24wwackpg.cloudfront.net\/wp-content\/uploads\/2016\/11\/07153925\/263-MAG-HuerRosa7-copia.jpg\" class=\"attachment-thumbnail size-thumbnail\" alt=\"\" aria-describedby=\"gallery-3-26708\" srcset=\"https:\/\/d1xxa24wwackpg.cloudfront.net\/wp-content\/uploads\/2016\/11\/07153925\/263-MAG-HuerRosa7-copia.jpg 150w, https:\/\/d1xxa24wwackpg.cloudfront.net\/wp-content\/uploads\/2016\/11\/07153925\/263-MAG-HuerRosa7-copia.jpg 600w, https:\/\/d1xxa24wwackpg.cloudfront.net\/wp-content\/uploads\/2016\/11\/07153925\/263-MAG-HuerRosa7-copia.jpg 24w, https:\/\/d1xxa24wwackpg.cloudfront.net\/wp-content\/uploads\/2016\/11\/07153925\/263-MAG-HuerRosa7-copia.jpg 48w, https:\/\/d1xxa24wwackpg.cloudfront.net\/wp-content\/uploads\/2016\/11\/07153925\/263-MAG-HuerRosa7-copia.jpg 96w\" sizes=\"(max-width: 150px) 100vw, 150px\" \/><\/a>\n\t\t\t<\/div>\n\t\t\t\t<figcaption class='wp-caption-text gallery-caption' id='gallery-3-26708'>\n\t\t\t\tA pesar de haber asesinado a su madre, los hijos de Leonel D\u00e1vila aseguran no guardar rencor hacia su padre. Foto Archivo \/LA PRENSA.\n\t\t\t\t<\/figcaption><\/figure>\n\t\t<\/div>\n\n<p style=\"text-align: center;\">***<\/p>\n<p>Jazm\u00edn y Al\u00ed no le temen a la muerte. Es m\u00e1s, hace dos a\u00f1os la llamaban para que llegara por ellos y los llevara donde fuera que se hubiera llevado a su mam\u00e1. La muerte, dec\u00edan, era lo \u00fanico que los pod\u00eda acercar de nuevo a su madre y ellos estaban dispuestos a dejarse morir, as\u00ed fuera por hambre.<\/p>\n<p>\u201cEllos estuvieron muy mal. La ni\u00f1a era la que m\u00e1s me dec\u00eda que quer\u00eda morirse. El ni\u00f1o es m\u00e1s callado, \u00e9l lloraba calladito y si ve\u00eda a la ni\u00f1a llorar la mandaba a callar. Le dec\u00eda que se calmara, que cuando se murieran iban a ver a Saraliz\u201d, recuerda la abuela.<\/p>\n<p>Jazm\u00edn es delgada y bajita, su cabello casta\u00f1o cae como lluvia sobre sus hombros. Su rostro ovalado termina en un ment\u00f3n peque\u00f1ito, y resalta su nariz respingada. \u201cEs igualita a su pap\u00e1, f\u00edsicamente\u201d, aclara do\u00f1a Ruth.<\/p>\n<p>Cuando Jazm\u00edn llega a la casa siempre va platicando algo de su d\u00eda, entra corriendo, saluda al Boby, ese perro negro de pecho blanco, renco y ciego de un ojo, que vigila la casa desde afuera cuando no est\u00e1n, y que entra moviendo la cola cuando lo invitan a pasar.<\/p>\n<p>Si Jazm\u00edn est\u00e1 callada, no corre, no juega con el Boby, es que algo le ha pasado o que ese d\u00eda la volvi\u00f3 a visitar la idea de la muerte. Puede ser tambi\u00e9n que se haya acordado de los a\u00f1os que vivi\u00f3 en casa de sus padres. Esos d\u00edas en los que al menor desacato, ante una broma infantil o alg\u00fan accidente, recib\u00eda una paliza de parte de su padre. Si contestaba, le llov\u00edan fajazos. Si trataba de protegerse le iba peor. Su escu\u00e1lido cuerpo era como una pared cascada y pintada a golpes. Recuerda tambi\u00e9n cuando su padre le gritaba a su madre, cuando la golpeaba, y aquella vez que la tumb\u00f3 en el suelo y la pate\u00f3. Se lo cont\u00f3 a su abuela, cuando todav\u00eda hablaban de eso.<\/p>\n<p>Al\u00ed muy poco recuerda esos d\u00edas, vivi\u00f3 corto tiempo con sus padres. Una noche que su madre no estaba en casa sinti\u00f3 hambre. Pidi\u00f3 comida a su padre, pero este no le dio. El ni\u00f1o empez\u00f3 a llorar y aquel hombre se volvi\u00f3 una bestia. Atac\u00f3 a golpes al ni\u00f1o. Se detuvo hasta que el ni\u00f1o dej\u00f3 de llorar. Dej\u00f3 de moverse. Dej\u00f3 de respirar. \u201cAl ni\u00f1o le dio un paro card\u00edaco, estuvo hospitalizado y cuando sali\u00f3 ya no quiso volver con ellos. Se qued\u00f3 a vivir conmigo. Saraliz ven\u00eda a verlo, estaba pendiente de todo\u201d, dice la abuela.<\/p>\n<p>Ambos a\u00f1oran a la madre y ambos aborrecen al padre. Es el ser innombrable en la casa, el que todos saben que existe, pero que nadie se atreve a invocar. \u201cEllos tienen ese resentimiento en su coraz\u00f3n. Me dicen que ellos no tienen pap\u00e1, que no quieren hablar ni o\u00edr hablar de \u00e9l, yo les digo que se lo dejen en las manos de Dios, pero yo s\u00e9 que ellos tienen algo ah\u00ed dentro, el psic\u00f3logo me dice que todav\u00eda est\u00e1n cargados de cosas\u201d, comenta Mena.<\/p>\n<p>En su experiencia como psic\u00f3loga Delgadillo ha visto todo tipo de casos. Desde los ni\u00f1os que siguen esperando a su madre todas las tardes sentaditos en el mismo lugar donde la recib\u00edan antes de su muerte, hasta ni\u00f1as que somatizan el trauma y desarrollan enfermedades f\u00edsicas producto de su depresi\u00f3n. Hubo incluso uno que se culpaba por no haber salvado a su madre. \u201c\u00c9l vio cuando su padre estaba acuchillando a su mam\u00e1. Ten\u00eda 8 a\u00f1os\u201d, cuenta la especialista en atenci\u00f3n a v\u00edctimas de violencia.<\/p>\n<p>Esas \u201ccosas que cargan\u201d, seg\u00fan la abuela, son las que los hacen comportarse \u201cextra\u00f1o\u201d. La ni\u00f1a risue\u00f1a se vuelve irascible. El ni\u00f1o amable se torna violento. Si la abuela da una orden, le gritan. Si algo les sale mal, tiran las cosas. Si hay un m\u00ednimo roce entre ambos, se trenzan en una pelea. \u201cY entonces no los veo a ellos, veo al padre en ella, veo al padre en \u00e9l\u201d, se lamenta do\u00f1a Ruth Mena, a quien le duele la muerte de su hija y le duele el dolor de sus nietos.<\/p>\n<p style=\"text-align: center;\">***<\/p>\n<p>Para su suerte, dice do\u00f1a Isabel, la otra abuela-mam\u00e1, Brandon estaba muy peque\u00f1o para poder recordar siquiera el entierro de su madre, ten\u00eda 4 a\u00f1os. \u00c9l era el peque\u00f1\u00edn que romp\u00eda el ambiente l\u00fagubre con sus correteos infantiles. Brandon jugaba alrededor del \u00e1rbol del mango que su mam\u00e1 sembr\u00f3 cuando era ni\u00f1a, mientras en la sala la velaban.<br \/>\n\u2014Mi, \u00bfy mi mamita? \u2014preguntaba Brandon despu\u00e9s.<br \/>\n\u2014Ah\u00ed va a venir, vas a ver \u2014le respond\u00eda la abuela con un toroz\u00f3n en la garganta.<br \/>\n\u2014Mi, \u00bfy mi pap\u00e1? \u2014asaltaba de nuevo la curiosidad del ni\u00f1o.<br \/>\n\u2014Anda en un viaje largo, largo.<\/p>\n<p>No sab\u00eda qu\u00e9 m\u00e1s decirle, reconoce do\u00f1a Isabel. \u201cAhora solo me pregunta si es verdad que ella est\u00e1 en el cielo y desde ah\u00ed lo cuida. Yo le digo que s\u00ed, que por eso tiene que portarse bien, que su mamita lo ama. Por \u00e9l ya no pregunta m\u00e1s\u201d, cuenta la abuela.<\/p>\n<p>Para \u00e9l, su mam\u00e1 siempre tendr\u00e1 25 a\u00f1os. Es esa joven de jeans ajustados, camiseta y labial, la que sonr\u00ede en las fotos. En el 2033 Brandon tendr\u00e1 25 a\u00f1os, exactamente la misma edad que su madre al morir, ese mismo a\u00f1o su padre cumplir\u00e1 la condena de 20 a\u00f1os por femicidio.<\/p>\n<p>Sarah\u00ed Gonz\u00e1lez Mena est\u00e1 enterrada en el Cementerio Rigoberto Cabezas, de Masaya. Sus hijos van all\u00e1 cada vez que pueden, acompa\u00f1ados de su abuela, do\u00f1a Ruth Mena. \u201cHan estado desganados para ir, pero ellos siguen pensando en ella, hablando de ella\u201d, aclara la abuela.<\/p>\n<p>Jazm\u00edn ve mucho sus fotograf\u00edas y es la que se refiere a ella con m\u00e1s naturalidad, Al\u00ed es m\u00e1s reservado y le escribe: \u201cMam\u00e1, si te pienso mucho en la escuela es porque te extra\u00f1o mucho y te quiero mucho\u201d, reza una nota que le dej\u00f3 sobre la l\u00e1pida en su \u00faltima visita. La piensa tanto que la sue\u00f1a. Do\u00f1a Ruth sabe cu\u00e1ndo Al\u00ed ha so\u00f1ado con su madre porque se despierta contento, platic\u00f3n, contando de su encuentro con ella. \u201c\u00c9l le pide a Dios que se la regrese, dice que en sus sue\u00f1os \u00c9l le concede sus deseos\u201d, dice do\u00f1a Ruth. Pero tambi\u00e9n tiene pesadillas. \u201cSo\u00f1\u00e9 con el diablo, me dice. Eso es que so\u00f1\u00f3 con su pap\u00e1\u201d.<\/p>\n<p><b>Gobierno indolente<\/b><\/p>\n<p>La Ley 779 fue aprobada por la Asamblea Nacional en febrero del 2012, entr\u00f3 en vigencia en junio de ese mismo a\u00f1o, pero en 2013 el presidente la reform\u00f3 v\u00eda decreto con un reglamento que anula el sentido integral de la ley.<\/p>\n<p>La ley establece medidas de atenci\u00f3n, protecci\u00f3n, sanci\u00f3n, precautelares y cautelares para proteger a las v\u00edctimas de violencia como parte de la obligaci\u00f3n del Estado.<\/p>\n<p>Seg\u00fan lo aprobado, el Gobierno debe proporcionar servicios de atenci\u00f3n, asesor\u00eda jur\u00eddica y tratamiento psicol\u00f3gico, especializado y gratuito a las v\u00edctimas que reparen el da\u00f1o causado por la violencia. Las Comisar\u00edas de la Mujer y la Ni\u00f1ez cumpl\u00edan ese prop\u00f3sito, donde tambi\u00e9n trabajaban promotoras voluntarias, pero fueron cerradas a inicios de 2016.<\/p>\n<p>Los refugios para v\u00edctimas y sus hijas e hijos, adem\u00e1s de garantizar la separaci\u00f3n del agresor y su resguardo, deben dar apoyo psicol\u00f3gico y legal especializado y gratuito.<\/p>\n<p>\u201cNo hay presupuesto, ni programas, ni servicios p\u00fablicos que brinden atenci\u00f3n integral, interdisciplinaria para las mujeres v\u00edctimas de violencia, ni para los hijos que sufren un da\u00f1o colateral tras un femicidio. Es una actitud indolente, negligente e irresponsable del Gobierno que permite que m\u00e1s mujeres sigan muriendo al imponer mediaciones y luego deja en el desamparo a los hu\u00e9rfanos del machismo\u201d, se\u00f1ala Juanita Jim\u00e9nez, abogada y dirigente del Movimiento Aut\u00f3nomo de Mujeres.<\/p>\n<p><b>Numeralia<\/b><\/p>\n<blockquote><p>43<br \/>\nfemicidios han sido registrados a nivel nacional hasta septiembre de 2016, de acuerdo con el registro de la Red de Mujeres Contra la Violencia. \u201cComo promedio podemos decir que las mujeres tienen de dos a tres hijos. Si multiplic\u00e1s eso con la cantidad de femicidios este a\u00f1o, son entre 80 y 100 menores de edad hu\u00e9rfanos\u201d, explica Eveling Flores, enlace nacional de la red.<\/p><\/blockquote>\n<blockquote><p>300<br \/>\nes el n\u00famero aproximado de hu\u00e9rfanos por femicidio en los \u00faltimos tres a\u00f1os, seg\u00fan datos de la Red de Mujeres Contra la Violencia y Voces.org.ni. Es una cifra global que podr\u00eda ser mucho mayor, no hay detalle sobre cu\u00e1ntos de estos femicidios fueron cometidos por parejas o exparejas, o qu\u00e9 porcentaje de hijos son menores de edad.<\/p><\/blockquote>\n<blockquote><p>338<br \/>\nfemicidios es el conteo registrado en el \u00faltimo quinquenio por el Observatorio Voces, que recoge la informaci\u00f3n de diferentes organismos y redes que trabajan en la defensa de los derechos de la mujer.<\/p><\/blockquote>\n<p>*Hasta la publicaci\u00f3n del reportaje en noviembre de 2016.<\/p>\n<div id=\"s3gt_translate_tooltip_mini\" class=\"s3gt_translate_tooltip_mini_box\" style=\"background: initial !important; border: initial !important; border-radius: initial !important; border-spacing: initial !important; border-collapse: initial !important; direction: ltr !important; flex-direction: initial !important; font-weight: initial !important; height: initial !important; letter-spacing: initial !important; min-width: initial !important; max-width: initial !important; min-height: initial !important; max-height: initial !important; margin: auto !important; outline: initial !important; padding: initial !important; position: absolute; table-layout: initial !important; text-align: initial !important; text-shadow: initial !important; width: initial !important; word-break: initial !important; word-spacing: initial !important; overflow-wrap: initial !important; box-sizing: initial !important; display: initial !important; color: inherit !important; font-size: 13px !important; font-family: X-LocaleSpecific, sans-serif, Tahoma, Helvetica !important; line-height: 13px !important; vertical-align: top !important; white-space: inherit !important; left: 260px; top: 9152px; opacity: 0.05;\">\n<div id=\"s3gt_translate_tooltip_mini_logo\" class=\"s3gt_translate_tooltip_mini\" title=\"Traducir texto seleccionado\"><\/div>\n<div id=\"s3gt_translate_tooltip_mini_sound\" class=\"s3gt_translate_tooltip_mini\" title=\"Escuchar\"><\/div>\n<div id=\"s3gt_translate_tooltip_mini_copy\" class=\"s3gt_translate_tooltip_mini\" title=\"Copiar texto al Portapapeles\"><\/div>\n<\/div>\n","protected":false},"excerpt":{"rendered":"<p>Al duelo de perder a una madre se le suma el de un padre pr\u00f3fugo, preso o muerto. Esta es la historia de Brandon, Al\u00ed, Jazm\u00edn y la de cientos de ni\u00f1os hu\u00e9rfanos por la violencia hacia la mujer<\/p>\n","protected":false},"author":5,"featured_media":26658,"comment_status":"open","ping_status":"open","sticky":false,"template":"","format":"standard","meta":{"_acf_changed":false,"footnotes":""},"categories":[26],"tags":[],"class_list":["post-26629","post","type-post","status-publish","format-standard","has-post-thumbnail","hentry","category-reportajes"],"acf":[],"_links":{"self":[{"href":"https:\/\/staging.laprensanic.com\/magazine\/wp-json\/wp\/v2\/posts\/26629","targetHints":{"allow":["GET"]}}],"collection":[{"href":"https:\/\/staging.laprensanic.com\/magazine\/wp-json\/wp\/v2\/posts"}],"about":[{"href":"https:\/\/staging.laprensanic.com\/magazine\/wp-json\/wp\/v2\/types\/post"}],"author":[{"embeddable":true,"href":"https:\/\/staging.laprensanic.com\/magazine\/wp-json\/wp\/v2\/users\/5"}],"replies":[{"embeddable":true,"href":"https:\/\/staging.laprensanic.com\/magazine\/wp-json\/wp\/v2\/comments?post=26629"}],"version-history":[{"count":14,"href":"https:\/\/staging.laprensanic.com\/magazine\/wp-json\/wp\/v2\/posts\/26629\/revisions"}],"predecessor-version":[{"id":51982,"href":"https:\/\/staging.laprensanic.com\/magazine\/wp-json\/wp\/v2\/posts\/26629\/revisions\/51982"}],"wp:featuredmedia":[{"embeddable":true,"href":"https:\/\/staging.laprensanic.com\/magazine\/wp-json\/wp\/v2\/media\/26658"}],"wp:attachment":[{"href":"https:\/\/staging.laprensanic.com\/magazine\/wp-json\/wp\/v2\/media?parent=26629"}],"wp:term":[{"taxonomy":"category","embeddable":true,"href":"https:\/\/staging.laprensanic.com\/magazine\/wp-json\/wp\/v2\/categories?post=26629"},{"taxonomy":"post_tag","embeddable":true,"href":"https:\/\/staging.laprensanic.com\/magazine\/wp-json\/wp\/v2\/tags?post=26629"}],"curies":[{"name":"wp","href":"https:\/\/api.w.org\/{rel}","templated":true}]}}