{"id":26888,"date":"2015-10-11T11:56:22","date_gmt":"2015-10-11T17:56:22","guid":{"rendered":"https:\/\/www.magazine.com.ni\/?p=26888"},"modified":"2018-10-01T06:14:49","modified_gmt":"2018-10-01T06:14:49","slug":"hombres-azul-blanco","status":"publish","type":"post","link":"https:\/\/staging.laprensanic.com\/magazine\/reportajes\/hombres-azul-blanco\/","title":{"rendered":"Y se hizo el futbol"},"content":{"rendered":"<p style=\"text-align: center;\">El futbol nicarag\u00fcense vive el mejor momento de su historia y va acabando con su fama de Cenicienta. Pero detr\u00e1s de los n\u00fameros y los resultados de la Selecci\u00f3n Nacional hay historias de superaci\u00f3n, disciplina, amor y tragedia. Son las historias de los muchachos de la Azul y Blanco<\/p>\n<p style=\"text-align: center;\"><strong>Por Amalia del Cid<\/strong><\/p>\n<p><strong>El peque\u00f1o \u201cChava\u201d<\/strong><\/p>\n<p>Es el m\u00e1s joven de los jugadores de la Selecci\u00f3n. Fregador en los camerinos, pero t\u00edmido en las entrevistas. Suele responder con frases cortas, apeg\u00e1ndose estrictamente a la pregunta, y luego quedarse en silencio, esperando la siguiente. Tiene 21 a\u00f1os, es delantero, y en el mundo deportivo le deparan un gran futuro.<\/p>\n<p>Carlos Chavarr\u00eda, \u201cChava\u201d, es originario de Estel\u00ed. Su mam\u00e1 trabaja en recaudaci\u00f3n de impuestos y su pap\u00e1 es guarda de seguridad en un casino. \u00c9l es el segundo de cuatro hermanos, tres varones y una beb\u00e9. En su familia, dice, est\u00e1n contentos por todo lo que ha logrado.<\/p>\n<p>Sus colores preferidos son el rojo, por llamativo; el azul, porque es bonito, y el negro porque \u201cno se ensucia y sale con todo\u201d. Su cantante favorito es el bachatero Romeo Santos y escucha sus canciones en las bocinas del carro que lleva a todos lados, hasta al estadio de Estel\u00ed, que queda a dos cuadras de su casa.<\/p>\n<p>Pronto ser\u00e1 padre. Su novia de toda la vida est\u00e1 esperando un beb\u00e9. Se conocieron en el \u00faltimo a\u00f1o de secundaria. \u201cEs un amor de colegio\u201d, sonr\u00ede.<\/p>\n<figure id=\"attachment_26988\" aria-describedby=\"caption-attachment-26988\" style=\"width: 568px\" class=\"wp-caption aligncenter\"><a href=\"\/wp-content\/uploads\/2016\/11\/Acr13632725462016-22816.jpg\"><img fetchpriority=\"high\" decoding=\"async\" class=\"wp-image-26988 size-full\" src=\"\/wp-content\/uploads\/2016\/11\/Acr13632725462016-22816.jpg\" alt=\"acr13632725462016-22816\" width=\"568\" height=\"664\" srcset=\"https:\/\/d1xxa24wwackpg.cloudfront.net\/wp-content\/uploads\/2016\/11\/07153535\/Acr13632725462016-22816.jpg 568w, https:\/\/d1xxa24wwackpg.cloudfront.net\/wp-content\/uploads\/2016\/11\/07153535\/Acr13632725462016-22816.jpg 257w\" sizes=\"(max-width: 568px) 100vw, 568px\" \/><\/a><figcaption id=\"caption-attachment-26988\" class=\"wp-caption-text\">Carlos Chavarr\u00eda, delantero de 21 a\u00f1os, es el jugador m\u00e1s joven de la Selecci\u00f3n. Anot\u00f3 el segundo gol de Nicaragua contra Jamaica, a los 8:20 minutos del partido.<\/figcaption><\/figure>\n<p>&nbsp;<\/p>\n<p><strong>Capit\u00e1n Barrera<\/strong><\/p>\n<p>Eran cerca de las 3:00 de la ma\u00f1ana cuando Juan Barrera dej\u00f3 de llorar. Su llanto hab\u00eda empezado seis horas antes, en el campo del Estadio Nacional de Futbol, donde Nicaragua perdi\u00f3 ante Jamaica la posibilidad de seguir compitiendo por un pase al Mundial. El capit\u00e1n de la Azul y Blanco recuerda que se sent\u00eda \u201ctriste y decepcionado, ahuevado pues\u201d. Su hermana gemela, Suleyka Barrera, lo mir\u00f3 en el video de una entrevista que le hicieron al siguiente d\u00eda y not\u00f3 que llevaba gafas oscuras. \u201cLa gente malintencionada dijo que andaba de goma, pero yo apenas lo vi supe que estaba de llor\u00f3n\u201d, r\u00ede. \u201c\u00c9l es bien sentimental\u201d.<\/p>\n<p>Ahora Juan sonr\u00ede. Est\u00e1 convencido de que grandes cosas esperan a la que, seg\u00fan \u00e9l, es la mejor Selecci\u00f3n en la historia futbolera del pa\u00eds. Sin embargo, no le agrada que se hable de \u00e9l como el mejor futbolista de Nicaragua, aunque es el primer nica que juega en Europa y hasta fue incluido en el FIFA 16, la \u00faltima versi\u00f3n de uno de los m\u00e1s populares videojuegos de futbol. \u201c\u00bfEl mejor jugador del pa\u00eds? Me lo han dicho, pero no me lo tomo con grandeza. La verdad no me gusta. El futbol no es boxeo, no es tenis, no depend\u00e9s de vos mismo, depend\u00e9s de diez compa\u00f1eros m\u00e1s. Todos son fundamentales. Es lo bonito del futbol\u201d, comenta.<\/p>\n<p>Juan naci\u00f3 en Ocotal, Nueva Segovia, hace 26 a\u00f1os, en una familia que Suleyka describe como \u201cmuy pobre\u201d. De la existencia de ella se supo hasta el momento del parto, porque su hermano la ten\u00eda abrazada y la ocultaba a los aparatos de ultrasonido. Desde siempre ha tratado de protegerla, afirma Suleyka. As\u00ed es Juan, aunque d\u00e9 bromas pesadas y trate a \u201ctodas las chavalas de la familia como si fueran varoncitos\u201d.<\/p>\n<p>\u201c\u00c9l era el \u00fanico varoncito de la familia, por eso era el consentido de todo el mundo\u201d, y por ser consentido ahora es muy exigente con la comida, cuenta su hermana. Come de todo, menos cebolla y \u201cahora que est\u00e1 en Austria (donde juega en primera divisi\u00f3n para el SC Rheindorf Altach), est\u00e1 sufriendo porque no tiene su quesito nica, pero mi mam\u00e1 vive en San Sebasti\u00e1n, Espa\u00f1a, y ah\u00ed hay bastantes nicas, hacen queso y le manda de vez en cuando\u201d. Juan, dice Suleyka, es un amante de su patria. Y es celoso y t\u00edmido ante las mujeres. No es detallista, pero s\u00ed generoso, y de adolescente \u201cle prestaba sus zapatos tacos a todos los chavalos del barrio, por eso no le duraban\u201d.<\/p>\n<p>A los cinco a\u00f1os supo que quer\u00eda ser futbolista, cuando lo llevaron a jugar por primera vez. Un a\u00f1o despu\u00e9s la familia se mud\u00f3 a Costa Rica y all\u00e1 su padre lo inscribi\u00f3 en la academia de la Liga Deportiva Alajuelense, porque Juan estaba enamorado del futbol y porque un m\u00e9dico recomend\u00f3 el deporte para controlar la hiperactividad del ni\u00f1o. Ten\u00eda 15 a\u00f1os cuando volvi\u00f3 a su tierra, poco despu\u00e9s de que sus pap\u00e1s se separaron.<\/p>\n<p>En Nicaragua estuvo con el Walter Ferretti y el Real Estel\u00ed, y tambi\u00e9n ha jugado en Panam\u00e1 y Venezuela. Si no le hubiera vendido el alma al futbol, habr\u00eda sido saxofonista. Le gusta la m\u00fasica, sobre todo salsa, bachata y banda norte\u00f1a. \u201cNo soy muy bueno bailando, pero ah\u00ed hago el rid\u00edculo\u201d, bromea. Est\u00e1 aprendiendo alem\u00e1n, elemental para sobrevivir en Austria, y ha ido dejando el \u201cvicio\u201d de los juegos de video para priorizar sus estudios. Pero no abandona el caf\u00e9, que bebe religiosamente desde los cinco a\u00f1os. Sin az\u00facar.<\/p>\n<p>Su hijo Juan Carlo, de cuatro a\u00f1os, est\u00e1 con \u00e9l en Austria. Cuando el ni\u00f1o ten\u00eda apenas ocho meses de edad fue sometido a una cirug\u00eda a coraz\u00f3n abierto en Cuba y esa fue una de las experiencias m\u00e1s duras en la vida de su padre.<\/p>\n<p>Juan Barrera sabe que lo suyo es el futbol y nunca lo ha perdido de vista, ni siquiera cuando a los 18 a\u00f1os fue rechazado por el equipo Am\u00e9rica. Sigue mejorando como deportista, cada d\u00eda aprendiendo algo m\u00e1s, asegura el \u201cIluminado\u201d. Su hermana cree que deber\u00eda de dejar de dar bromas pesadas. Pero \u00e9l dice: \u201cMe gusta que me molesten, para poder molestar\u201d.<\/p>\n<p>&nbsp;<\/p>\n<figure id=\"attachment_26980\" aria-describedby=\"caption-attachment-26980\" style=\"width: 863px\" class=\"wp-caption aligncenter\"><a href=\"\/wp-content\/uploads\/2016\/11\/Acr136327254620166480.jpg\"><img decoding=\"async\" class=\"wp-image-26980 size-full\" src=\"\/wp-content\/uploads\/2016\/11\/Acr136327254620166480.jpg\" alt=\"Juan Barrera. \" width=\"863\" height=\"915\" srcset=\"https:\/\/d1xxa24wwackpg.cloudfront.net\/wp-content\/uploads\/2016\/11\/07153542\/Acr136327254620166480.jpg 863w, https:\/\/d1xxa24wwackpg.cloudfront.net\/wp-content\/uploads\/2016\/11\/07153542\/Acr136327254620166480.jpg 283w, https:\/\/d1xxa24wwackpg.cloudfront.net\/wp-content\/uploads\/2016\/11\/07153542\/Acr136327254620166480.jpg 768w, https:\/\/d1xxa24wwackpg.cloudfront.net\/wp-content\/uploads\/2016\/11\/07153542\/Acr136327254620166480.jpg 24w\" sizes=\"(max-width: 863px) 100vw, 863px\" \/><\/a><figcaption id=\"caption-attachment-26980\" class=\"wp-caption-text\">Juan Barrera, de 26 a\u00f1os, es el capit\u00e1n de la Selecci\u00f3n Nacional de Futbol de Nicaragua y el primer nica (oficialmente) que juega en Europa.<\/figcaption><\/figure>\n<p>Rosas, el de Jalisco<\/p>\n<p>Un aguacero le dio la bienvenida a Nicaragua, el martes 27 de abril de 2010. \u201cTremenda lluvia. El agua me llegaba a los tobillos. No he visto otra temporada as\u00ed. La gente dec\u00eda que hab\u00edan pasado d\u00e9cadas que no llov\u00eda esa cantidad. Y yo me dec\u00eda: Ay Dios, si as\u00ed va a ser de lluvia todo el tiempo\u201d, recuerda Manuel Rosas, mexicano de Guadalajara, Jalisco, ahora nacionalizado nicarag\u00fcense, y lateral izquierdo de la Selecci\u00f3n Nacional.<\/p>\n<p>Rosas ven\u00eda cargando una pena muy grande: la reciente muerte de su hermano menor, Alfredo, quien se ahog\u00f3 en una presa tratando de rescatar a un amigo. \u201cFue el 15 de marzo, un tropiezo muy duro para la familia, pero yo pensaba: \u2018Los planes de Dios son independientes de cualquier situaci\u00f3n. Si mi hermano viviese le hubiese gustado que yo estuviera ac\u00e1\u2019. \u00c9l me dec\u00eda que ten\u00eda el presentimiento de que yo iba a volver al futbol profesional, porque ya lo hab\u00eda dejado. Ten\u00eda dos a\u00f1os y medio de jugar en buenas ligas, pero no en profesional\u201d.<\/p>\n<p>A Nicaragua vino motivado, pero tambi\u00e9n golpeado por la muerte de Alfredo y por tener que dejar en M\u00e9xico a sus padres y hermana. Por entonces no conoc\u00eda mucho del futbol nicarag\u00fcense, solo le hab\u00edan hablado del Real Estel\u00ed.<\/p>\n<p>Firm\u00f3 con ese equipo y casi tres a\u00f1os m\u00e1s tarde, ya nacionalizado, sum\u00f3 su potente pierna izquierda a las fuerzas de la Selecci\u00f3n.<\/p>\n<p>Cuando no est\u00e1 jugando futbol, probablemente se encuentra en su cama, oyendo m\u00fasica o leyendo. Escucha desde mariachis hasta Maricela, es coqueto, conversador, evang\u00e9lico y ya est\u00e1 considerando la idea de asentarse en Nicaragua, porque hace poco sus padres estuvieron de visita, les agrad\u00f3 mucho Estel\u00ed y su gente, y est\u00e1n interesados en volver para quedarse. \u00bfHay alguna novia? Manuel deja de sonre\u00edr y responde con un escueto \u201cno\u201d. \u201cMe pongo serio porque si me r\u00edo no me creen\u201d, explica. Y vuelve a re\u00edr.<\/p>\n<figure id=\"attachment_26982\" aria-describedby=\"caption-attachment-26982\" style=\"width: 766px\" class=\"wp-caption aligncenter\"><a href=\"\/wp-content\/uploads\/2016\/11\/Acr13632725462016-25414.jpg\"><img decoding=\"async\" class=\"wp-image-26982 size-full\" src=\"\/wp-content\/uploads\/2016\/11\/Acr13632725462016-25414.jpg\" alt=\"acr13632725462016-25414\" width=\"766\" height=\"831\" srcset=\"https:\/\/d1xxa24wwackpg.cloudfront.net\/wp-content\/uploads\/2016\/11\/07153541\/Acr13632725462016-25414.jpg 766w, https:\/\/d1xxa24wwackpg.cloudfront.net\/wp-content\/uploads\/2016\/11\/07153541\/Acr13632725462016-25414.jpg 277w\" sizes=\"(max-width: 766px) 100vw, 766px\" \/><\/a><figcaption id=\"caption-attachment-26982\" class=\"wp-caption-text\">Manuel Rosas, de 31 a\u00f1os, juega en la defensa de la Selecci\u00f3n Nacional, a la que se uni\u00f3 en enero de 2013. Anot\u00f3 el primer gol del partido de ida contra Jamaica.<\/figcaption><\/figure>\n<p><strong>El ni\u00f1o de Jalapa<\/strong><\/p>\n<p>Ocurri\u00f3 hace 23 a\u00f1os en un municipio verde llamado Jalapa. Una madre inscribi\u00f3 a su beb\u00e9 como Luis Manuel Galeano, pero el padre del ni\u00f1o, gran admirador del astro brasile\u00f1o Romario da Souza, ten\u00eda otro nombre en mente y a su favor la feliz coincidencia de trabajar en la Alcald\u00eda. Fue cosa sencilla cambiar el Luis Manuel por el Romario. Ella, sin embargo, pronto se enter\u00f3 de lo que hab\u00eda sucedido y volvi\u00f3 al Registro Civil para deshacer la obra de su marido.<\/p>\n<p>A\u00f1os m\u00e1s tarde, la madre meti\u00f3 al peque\u00f1o a s\u00e1bados de catecismo, pero hasta ah\u00ed llegaba el pap\u00e1, cargando a escondidas los tacos de futbol, y sacaba al ni\u00f1o de sus clases religiosas para llevarlo a jugar a las ligas menores. Luis Manuel se llamaba el padre y muri\u00f3 cuando su hijo apenas ten\u00eda diez a\u00f1os. No lo vio crecer ni entrar al equipo de Jalapa y al Real Estel\u00ed, ni pudo estar con \u00e9l cuando fue convocado para formar parte de la Selecci\u00f3n Nacional, donde todos lo conocen como \u201cRomario\u201d.<\/p>\n<p>Este ha sido un gran a\u00f1o para Luis Manuel, y su mam\u00e1, Martha Lorena Molina, est\u00e1 orgullosa de \u00e9l, pero no \u201cquiere venirse de Costa Rica\u201d, donde trabaja como dom\u00e9stica desde hace seis a\u00f1os, cuenta \u201cRomario\u201d. Por ahora todo lo que tiene es su familia y el futbol. Abandon\u00f3 los estudios al terminar la primaria porque muri\u00f3 su pap\u00e1 y poco despu\u00e9s su hermana Glenda falleci\u00f3 en un accidente. \u201c\u00c9ramos tres, yo el menor. Ella era la de en medio y jugaba con el Real Estel\u00ed. La mat\u00f3 una ruta en el Mayoreo\u201d. Luego su mam\u00e1 emigr\u00f3 hacia el sur y \u00e9l se qued\u00f3 con la mayor de sus hermanas. \u201cMe descarri\u00e9, por as\u00ed decirlo, pero nunca agarr\u00e9 vicios\u201d, afirma.<\/p>\n<p>Es el m\u00e1s sereno de los jugadores de la Azul y Blanco. Todos pueden ser protagonistas de las bromas que publican en el grupo que comparten en WhatsApp, menos \u201cRomario\u201d. \u201cYo no subo memes. Ni me los hacen. Soy muy apartado\u201d, dice en voz baja y con cierto acento del norte. Ha pasado casi toda su vida en Jalapa. \u201cHasta ahora salgo\u201d, r\u00ede.<\/p>\n<p>Le gustan las comidas tradicionales, como gallopinto y nacatamal. Su pasatiempo es ayudar a su abuelo materno a aserrar madera en la finca. Y tiene una hija que en septiembre cumpli\u00f3 ocho meses. A ella dedica sus goles, y tambi\u00e9n a su pap\u00e1, el hombre que le dio la vida, el futbol y el nombre.<\/p>\n<figure id=\"attachment_26985\" aria-describedby=\"caption-attachment-26985\" style=\"width: 359px\" class=\"wp-caption aligncenter\"><a href=\"\/wp-content\/uploads\/2016\/11\/Acr13632725462016-30835.jpg\"><img loading=\"lazy\" decoding=\"async\" class=\"wp-image-26985 size-full\" src=\"\/wp-content\/uploads\/2016\/11\/Acr13632725462016-30835.jpg\" alt=\"Luis Manuel Galeano\" width=\"359\" height=\"503\" srcset=\"https:\/\/d1xxa24wwackpg.cloudfront.net\/wp-content\/uploads\/2016\/11\/07153537\/Acr13632725462016-30835.jpg 359w, https:\/\/d1xxa24wwackpg.cloudfront.net\/wp-content\/uploads\/2016\/11\/07153537\/Acr13632725462016-30835.jpg 214w\" sizes=\"(max-width: 359px) 100vw, 359px\" \/><\/a><figcaption id=\"caption-attachment-26985\" class=\"wp-caption-text\">Luis Manuel Galeano, de 23 a\u00f1os, conocido como \u201cRomario\u201d, es centrocampista de la Selecci\u00f3n. Antes jugaba en Jalapa y ahora en el Real Estel\u00ed. Anot\u00f3 el tercer gol de Nicaragua ante Jamaica.<\/figcaption><\/figure>\n<p>&nbsp;<\/p>\n<p><strong>Quijano, \u201cEl Brujo\u201d<\/strong><\/p>\n<p>Josu\u00e9 Abraham Quijano Potosme tiene 24 a\u00f1os y es defensa en la Selecci\u00f3n Nacional. Uno de sus grandes sue\u00f1os es ser chef y est\u00e1 ahorrando para tener su propio restaurante, \u201cporque la vida del futbolista es bien corta\u201d.<\/p>\n<p>\u201cMi esposa est\u00e1 enamorada de m\u00ed porque le cocino\u201d, dice sonriendo, sentado en una jardinera del parque de Estel\u00ed. En esta ciudad vive con su esposa Mar\u00eda Jos\u00e9 Santamar\u00eda, mam\u00e1 de su beb\u00e9 Matthew Josu\u00e9, de seis meses.<\/p>\n<p>\u201cPuedo cocinar tooodo&#8230; lasa\u00f1a, canelones, sopa de alb\u00f3ndiga, pero sopa de queso es lo que m\u00e1s me gusta hacer\u201d, comenta el muchacho. Es originario de Niquinohomo, Masaya, c\u00e9lebre por ser cuna del general Augusto C. Sandino y por su condici\u00f3n de \u201cpueblo brujo\u201d. De ah\u00ed viene el mote de Quijano, a quien llaman \u201cEl Brujo\u201d desde sus inicios en Primera Divisi\u00f3n.<\/p>\n<p>Dio sus primeros pasos futbol\u00edsticos en la liga de menores de Niquinohomo, en los equipos de su familia. Tambi\u00e9n \u201cjugaba con los vecinos en la calle, en el campo, en el colegio\u201d, cuenta. \u201cMe fui desarrollando m\u00e1s. Destacaba entre los dem\u00e1s ni\u00f1os. Dec\u00edan que iba a llegar largo, y creo que lo he demostrado en los \u00faltimos a\u00f1os\u201d.<\/p>\n<p>Quijano termin\u00f3 el bachillerato y no sigui\u00f3 estudiando, pero quiere aprender a hablar ingl\u00e9s y dedicarse a la cocina. En el futbol est\u00e1 pasando por un gran momento, contento por los resultados que la Selecci\u00f3n Nacional obtuvo en las eliminatorias rumbo al Mundial. \u201cTodav\u00eda me acuerdo cuando se dio el sorteo eliminatorio, dijeron Jamaica y nadie daba un cinco por nosotros. Estuvimos muy concentrados para ese partido, hicimos el sacrificio de estar lejos de la familia, y ganamos 3 a 2\u201d.<\/p>\n<p>\u201cNos motiv\u00f3 la gente. Nunca en mi vida hab\u00eda visto tanta emoci\u00f3n. Estamos muy agradecidos en el coraz\u00f3n\u201d, agrega. Para \u00e9l, los juegos contra Jamaica marcaron un antes y un despu\u00e9s en el futbol nicarag\u00fcense, que en el pa\u00eds siempre ha sido la Cenicienta de los deportes. \u201cA partir de ahora no va a ser como antes\u201d, afirma. \u201cVan a empezar a creer m\u00e1s en nosotros\u201d.<\/p>\n<figure id=\"attachment_26986\" aria-describedby=\"caption-attachment-26986\" style=\"width: 461px\" class=\"wp-caption aligncenter\"><a href=\"\/wp-content\/uploads\/2016\/11\/Acr13632725462016-21429.jpg\"><img loading=\"lazy\" decoding=\"async\" class=\"wp-image-26986 size-full\" src=\"\/wp-content\/uploads\/2016\/11\/Acr13632725462016-21429.jpg\" alt=\"acr13632725462016-21429\" width=\"461\" height=\"549\" srcset=\"https:\/\/d1xxa24wwackpg.cloudfront.net\/wp-content\/uploads\/2016\/11\/07153536\/Acr13632725462016-21429.jpg 461w, https:\/\/d1xxa24wwackpg.cloudfront.net\/wp-content\/uploads\/2016\/11\/07153536\/Acr13632725462016-21429.jpg 252w\" sizes=\"(max-width: 461px) 100vw, 461px\" \/><\/a><figcaption id=\"caption-attachment-26986\" class=\"wp-caption-text\">Josu\u00e9 Abraham Quijano, \u201cEl Brujo\u201d, tiene 24 a\u00f1os. Juega en la defensa de la Selecci\u00f3n Nacional.<\/figcaption><\/figure>\n<p><strong>El peque\u00f1o \u201cChava\u201d<\/strong><\/p>\n<p>Es el m\u00e1s joven de los jugadores de la Selecci\u00f3n. Fregador en los camerinos, pero t\u00edmido en las entrevistas. Suele responder con frases cortas, apeg\u00e1ndose estrictamente a la pregunta, y luego quedarse en silencio, esperando la siguiente. Tiene 21 a\u00f1os, es delantero, y en el mundo deportivo le deparan un gran futuro.<\/p>\n<p>Carlos Chavarr\u00eda, \u201cChava\u201d, es originario de Estel\u00ed. Su mam\u00e1 trabaja en recaudaci\u00f3n de impuestos y su pap\u00e1 es guarda de seguridad en un casino. \u00c9l es el segundo de cuatro hermanos, tres varones y una beb\u00e9. En su familia, dice, est\u00e1n contentos por todo lo que ha logrado.<\/p>\n<p>Sus colores preferidos son el rojo, por llamativo; el azul, porque es bonito, y el negro porque \u201cno se ensucia y sale con todo\u201d. Su cantante favorito es el bachatero Romeo Santos y escucha sus canciones en las bocinas del carro que lleva a todos lados, hasta al estadio de Estel\u00ed, que queda a dos cuadras de su casa.<\/p>\n<p>Pronto ser\u00e1 padre. Su novia de toda la vida est\u00e1 esperando un beb\u00e9. Se conocieron en el \u00faltimo a\u00f1o de secundaria. \u201cEs un amor de colegio\u201d, sonr\u00ede.<\/p>\n<figure id=\"attachment_26988\" aria-describedby=\"caption-attachment-26988\" style=\"width: 568px\" class=\"wp-caption aligncenter\"><a href=\"\/wp-content\/uploads\/2016\/11\/Acr13632725462016-22816.jpg\"><img fetchpriority=\"high\" decoding=\"async\" class=\"wp-image-26988 size-full\" src=\"\/wp-content\/uploads\/2016\/11\/Acr13632725462016-22816.jpg\" alt=\"acr13632725462016-22816\" width=\"568\" height=\"664\" srcset=\"https:\/\/d1xxa24wwackpg.cloudfront.net\/wp-content\/uploads\/2016\/11\/07153535\/Acr13632725462016-22816.jpg 568w, https:\/\/d1xxa24wwackpg.cloudfront.net\/wp-content\/uploads\/2016\/11\/07153535\/Acr13632725462016-22816.jpg 257w\" sizes=\"(max-width: 568px) 100vw, 568px\" \/><\/a><figcaption id=\"caption-attachment-26988\" class=\"wp-caption-text\">Carlos Chavarr\u00eda, delantero de 21 a\u00f1os, es el jugador m\u00e1s joven de la Selecci\u00f3n. Anot\u00f3 el segundo gol de Nicaragua contra Jamaica, a los 8:20 minutos del partido.<\/figcaption><\/figure>\n<p><strong>Hombre de paz<\/strong><\/p>\n<p>Francisco Paz tiene cara de malhumorado. Arruga la frente y se cruza de brazos. \u201cAndo desvelado\u201d, explica. \u201cEs que me levant\u00e9 a sacar la basura, y tengo el sue\u00f1o liviano, con un ruidito me despierto\u201d. Nunca descansa bien por la noche y tiene que compensarlo con alguna siesta en el d\u00eda. Hoy no ha podido hacerlo, por eso tiene esa expresi\u00f3n de fastidio. Pero su personalidad est\u00e1 muy lejos de las apariencias, porque Paz es uno de los m\u00e1s alegres y bromistas miembros de la Selecci\u00f3n Nacional.<\/p>\n<p>R\u00e1pidamente entra en confianza, cuenta que lo criaron sus t\u00edas y su moderna abuela y habla de su vida en el barrio Cristo del Rosario, Managua. Poco es lo que puede decir, porque la verdad es que de chavalo pasaba m\u00e1s tiempo en las canchas de San Sebasti\u00e1n, la 14 de Septiembre, Don Bosco y Linda Vista, que en su casa.<\/p>\n<p>Paz tiene 29 a\u00f1os y una hija de siete que mira todos sus partidos. La ha criado solo. Por sus responsabilidades de padre estuvo todo un lustro sin jugar en ligas profesionales, dedicado a la venta de art\u00edculos ferreteros, pero participando en toda \u201cperrera\u201d (juego informal) que encontraba, hasta tres por d\u00eda. \u201cEn unas me pagaban, en otras no\u201d, dice.<\/p>\n<p>Aprendi\u00f3 a leer con historietas de Condorito y se qued\u00f3 coleccion\u00e1ndolas. Ya tiene m\u00e1s de 500. De ah\u00ed saca muchos de los chistes que les cuenta a sus compa\u00f1eros.<\/p>\n<figure id=\"attachment_26990\" aria-describedby=\"caption-attachment-26990\" style=\"width: 699px\" class=\"wp-caption aligncenter\"><a href=\"\/wp-content\/uploads\/2016\/11\/Acr1363272546201623192.jpg\"><img loading=\"lazy\" decoding=\"async\" class=\"wp-image-26990 size-full\" src=\"\/wp-content\/uploads\/2016\/11\/Acr1363272546201623192.jpg\" alt=\"acr1363272546201623192\" width=\"699\" height=\"801\" srcset=\"https:\/\/d1xxa24wwackpg.cloudfront.net\/wp-content\/uploads\/2016\/11\/07153534\/Acr1363272546201623192.jpg 699w, https:\/\/d1xxa24wwackpg.cloudfront.net\/wp-content\/uploads\/2016\/11\/07153534\/Acr1363272546201623192.jpg 262w\" sizes=\"(max-width: 699px) 100vw, 699px\" \/><\/a><figcaption id=\"caption-attachment-26990\" class=\"wp-caption-text\">Francisco Paz, de 29 a\u00f1os, es defensa en la Selecci\u00f3n. Su trabajo de vendedor lo mantuvo alejado durante cinco a\u00f1os del futbol profesional, cuando volvi\u00f3 lo primero que quer\u00eda hacer era conocer al chinandegano Samuel Wilson, a quien admira.<\/figcaption><\/figure>\n<p><strong>\u201cLa Ara\u00f1a\u201d Lorente<\/strong><\/p>\n<p>En la espalda, un Divino Ni\u00f1o alzando sus bracitos regordetes al cielo. En el cuello, una cruz. En el antebrazo derecho, \u201cCollado\u201d, primer apellido de su madre, y en el otro, \u201cDereck\u201d, nombre de su pen\u00faltimo hijo. En el brazo izquierdo, las iniciales de su propio nombre y tambi\u00e9n unas plumas, porque \u201cdan buena suerte\u201d. Junto al pulgar izquierdo, una J de Justo, el m\u00e1s burdo de sus tatuajes, trazado por la mano incierta de alg\u00fan novato. Y en el brazo derecho un puma alado sobre un yin yang. El bien y el mal. Blanco y negro. Como el min\u00fasculo arete redondo que muestra cuando r\u00ede y saca la lengua. El blanco para recordar qui\u00e9n es y qu\u00e9 ha logrado; el negro para no olvidar de d\u00f3nde viene.<\/p>\n<p>De adolescente Justo Lorente perteneci\u00f3 a la pandilla F\u00e1tima, de su natal Masaya, amanec\u00eda \u201cbebiendo guaro\u201d en las calles, se vio en mitad de pleitos y estuvo involucrado en \u201ccosas serias\u201d. Anduvo en \u201cla vagancia\u201d desde los 14 a\u00f1os, edad en que le empez\u00f3 a gustar el futbol, que practicaba en las peque\u00f1as ligas del colegio Salesiano, y se \u201ccompuso\u201d cuando naci\u00f3 su primer hijo, a eso de los 20 a\u00f1os. Ahora tiene 31 y es el arquero titular de la Selecci\u00f3n Nacional de Futbol de Nicaragua, el hombre que para muchos salv\u00f3 el partido de ida contra Jamaica, subcampeona de la Copa Oro 2015, que los nicarag\u00fcenses ganaron 3 a 2 a inicios de septiembre.<\/p>\n<p>Incluso en estadio lleno, el suyo debe ser uno de los oficios m\u00e1s solitarios del mundo. \u201cUn delantero puede fallar millones de goles, pero al portero con un gol que le echen se pierde el partido. Es bien dura la responsabilidad del arquero. El delantero celebra con todos el gol, el portero celebra solito. Nadie lo abraza, nadie nada. As\u00ed es esto&#8230;\u201d, reflexiona. Sin embargo, aclara, le gusta lo que hace y disfruta cada gol que su equipo marca.<\/p>\n<p>Debajo de la camiseta del uniforme, Lorente usa una de Spiderman, para hacer honor a su apodo: \u201cLa Ara\u00f1a\u201d. Mide apenas un metro con 75 cent\u00edmetros, pero \u201ceso es lo de menos\u201d, afirma. \u201cLa cuesti\u00f3n es la rapidez, la saltabilidad\u201d. Le va al Barcelona, admira al arquero espa\u00f1ol Iker Casillas, su color favorito es el rojo y podr\u00eda comer carne de pollo todo el tiempo. Tiene cinco hijos y vive en el norte, porque actualmente juega para el Real Estel\u00ed.<\/p>\n<p>Es devoto de San Jer\u00f3nimo, a quien le atribuye el milagro de haber salvado a su hijo Dereck. \u201cCuando era beb\u00e9 casi se me muere en las manos\u201d, recuerda. \u201cLe daban calenturas y convulsionaba. Estaba convulsionando y volte\u00f3 los ojos&#8230; Es el momento m\u00e1s horrible de mi vida\u201d.<\/p>\n<p>Pero ha tenido otros momentos fuertes, como el que vivi\u00f3 en el minuto 89 del juego de su vida, cuando en el partido de vuelta Jamaica anot\u00f3 su segundo gol y sac\u00f3 a Nicaragua de la ruta hacia el Mundial. \u201cFue como un balde de agua fr\u00eda. Si esa bola yo la saco, ese estadio se cae. Hubiera cerrado con broche de oro, hubiera sido hist\u00f3rico&#8230; Pero as\u00ed son las cosas. Dios sabe por qu\u00e9 lo hace\u201d.<\/p>\n<p>Por ahora se encuentra negociando un posible contrato en el extranjero y quiere agregar un Ave F\u00e9nix a su colecci\u00f3n de tatuajes. Para recordar que la vida est\u00e1 llena de altibajos, \u201cque uno cae y se levanta, que uno vuelve de las cenizas\u201d.<\/p>\n<figure id=\"attachment_26991\" aria-describedby=\"caption-attachment-26991\" style=\"width: 766px\" class=\"wp-caption aligncenter\"><a href=\"\/wp-content\/uploads\/2016\/11\/Acr1363272546201617506.jpg\"><img loading=\"lazy\" decoding=\"async\" class=\"wp-image-26991 size-full\" src=\"\/wp-content\/uploads\/2016\/11\/Acr1363272546201617506.jpg\" alt=\"acr1363272546201617506\" width=\"766\" height=\"724\" srcset=\"https:\/\/d1xxa24wwackpg.cloudfront.net\/wp-content\/uploads\/2016\/11\/07153533\/Acr1363272546201617506.jpg 766w, https:\/\/d1xxa24wwackpg.cloudfront.net\/wp-content\/uploads\/2016\/11\/07153533\/Acr1363272546201617506.jpg 300w, https:\/\/d1xxa24wwackpg.cloudfront.net\/wp-content\/uploads\/2016\/11\/07153533\/Acr1363272546201617506.jpg 24w\" sizes=\"(max-width: 766px) 100vw, 766px\" \/><\/a><figcaption id=\"caption-attachment-26991\" class=\"wp-caption-text\">Justo Lorente Collado, de 31 a\u00f1os, arquero de la Selecci\u00f3n, con la m\u00e1s peque\u00f1a de sus cinco hijos.<\/figcaption><\/figure>\n<p><strong>Jason, el disciplinado<\/strong><\/p>\n<p>Cuando Jason Casco empez\u00f3 a jugar futbol era \u201cmalo, muy pero muy malo\u201d. No pod\u00eda controlar el bal\u00f3n, ni patearlo con precisi\u00f3n, ni dar pases, ni nada. \u201cLo \u00fanico que sab\u00eda era correr\u201d, recuerda el ahora defensa de la Selecci\u00f3n Nacional. \u201cEra maaaaalo\u201d, recalca. Sacrific\u00e1ndose \u201cmucho, mucho\u201d, fue \u201cmejorando de a poco y de a poco\u201d, cuenta. De modo que lleg\u00f3 hasta donde est\u00e1 a fuerza de disciplina.<\/p>\n<p>\u201cTen\u00eda como 16 a\u00f1os cuando jugu\u00e9 mi primer partido en tercera divisi\u00f3n. Empec\u00e9 jugando en un equipo que se llamaba Las \u00c1guilas. Con el tiempo fui aprendiendo, poniendo atenci\u00f3n, viendo jugar a los muchachos. Cuando subimos a segunda divisi\u00f3n ten\u00eda 18 a\u00f1os y ya hab\u00eda mejorado mucho, hab\u00eda jugado en muchas ligas de barrio\u201d, relata Jason, quien creci\u00f3 en el barrio Larreynaga, de Managua.<\/p>\n<p>Hoy tiene 25 a\u00f1os y un ni\u00f1o que es su motivaci\u00f3n. Es el mayor de tres hermanos, todos varones. Su mam\u00e1 vende productos por cat\u00e1logo y su pap\u00e1 es ingeniero en computaci\u00f3n, pero por el momento no est\u00e1 trabajando. A Jason le gusta comer carne desmenuzada, escuchar m\u00fasica e ir al gimnasio. Es evang\u00e9lico. \u201cNunca me ha gustado beber alcohol, ni el cigarro&#8230; S\u00ed me gusta bailar muy, pero muy, muy pegadito\u201d, bromea.<\/p>\n<p>Despu\u00e9s de haber sido tan malo (seg\u00fan \u00e9l), se ha convertido en \u00eddolo de uno de sus hermanos. Y ya cuenta con el apoyo de su mam\u00e1. Antes ella le dec\u00eda que eso del futbol era pura \u201cvagancia\u201d.<\/p>\n<figure id=\"attachment_26992\" aria-describedby=\"caption-attachment-26992\" style=\"width: 781px\" class=\"wp-caption aligncenter\"><a href=\"\/wp-content\/uploads\/2016\/11\/Acr13632725462016-11538.jpg\"><img loading=\"lazy\" decoding=\"async\" class=\"wp-image-26992 size-full\" src=\"\/wp-content\/uploads\/2016\/11\/Acr13632725462016-11538.jpg\" alt=\"acr13632725462016-11538\" width=\"781\" height=\"960\" srcset=\"https:\/\/d1xxa24wwackpg.cloudfront.net\/wp-content\/uploads\/2016\/11\/07153532\/Acr13632725462016-11538.jpg 781w, https:\/\/d1xxa24wwackpg.cloudfront.net\/wp-content\/uploads\/2016\/11\/07153532\/Acr13632725462016-11538.jpg 244w, https:\/\/d1xxa24wwackpg.cloudfront.net\/wp-content\/uploads\/2016\/11\/07153532\/Acr13632725462016-11538.jpg 768w\" sizes=\"(max-width: 781px) 100vw, 781px\" \/><\/a><figcaption id=\"caption-attachment-26992\" class=\"wp-caption-text\">A la derecha, Jason Casco, de 25 a\u00f1os, defensa central de la Selecci\u00f3n Nacional. Actualmente juega en el Walter Ferretti.<\/figcaption><\/figure>\n<p><strong>La pasi\u00f3n de Norfran<\/strong><\/p>\n<p>C uando Norfran Lazo era beb\u00e9 se la pasaba dando patadas a su cuna, por eso su mam\u00e1 siempre dijo que estaba destinado a ser futbolista, aunque de ni\u00f1o era tan flaquito que los dem\u00e1s peque\u00f1os ten\u00eda miedo de que con el menor golpe se quebrara. La \u201cflaquitud\u201d lo acompa\u00f1\u00f3 durante muchos a\u00f1os y le jug\u00f3 malas pasadas, porque la primera impresi\u00f3n que daba era que no ten\u00eda porte de deportista.<\/p>\n<p>Convirti\u00f3 un terreno bald\u00edo en una cancha e iba casa por casa por el vecindario, tratando de alborotar a sus primos para que llegaran a jugar. \u201cPero nadie quer\u00eda\u201d, recuerda entre risas. Flaco y todo, a los trece a\u00f1os empez\u00f3 a jugar en una liga con un equipo de su zona, en Esquipulas, Managua, y despu\u00e9s de eso ya no se conform\u00f3 con \u201cperreras\u201d de calle. Quer\u00eda otros rivales, as\u00ed que entr\u00f3 a la preparatoria de la Universidad Nacional Aut\u00f3noma de Nicaragua (UNAN), porque ah\u00ed hab\u00eda equipos de Tercera Divisi\u00f3n, recuerda.<\/p>\n<p>Jugaba de d\u00eda y estudiaba de noche. A veces se iba en bicicleta, a veces en bus. En alguna ocasi\u00f3n perdi\u00f3 el \u00faltimo interlocal y tuvo que correr unos 18 kil\u00f3metros desde Managua hasta su casa en Ticuantepe, donde vive desde hace ocho a\u00f1os con su esposa Regina Mart\u00ednez.<\/p>\n<p>A ella la conoci\u00f3 gracias al futbol, cuando \u00e9l ten\u00eda 17 a\u00f1os y Regina 16. Norfran jugaba en el M\u00f3naco, el equipo de quien ahora es su suegro. Todos dec\u00edan que era muy bueno, por eso a Regina le ca\u00eda mal. \u201c\u00a1Mir\u00e1 c\u00f3mo juega!\u201d, exclamaba el p\u00fablico. Y ella, encogi\u00e9ndose de hombros, replicaba: \u201cNo me importa\u201d. Hasta que un d\u00eda \u00e9l consigui\u00f3 su n\u00famero de tel\u00e9fono y le empez\u00f3 a escribir. El resto de la historia se resume en que ahora tienen una hija de cinco meses que se llama Norfrani.<\/p>\n<p>\u201cSu segundo trabajo es ser pap\u00e1, cambia pa\u00f1ales, hace pachas, la peina, la viste, le pone lacitos\u201d, asegura Regina. Cuando tiene un descanso y puede ir a casa, Norfran acapara a la beb\u00e9. \u201cLa agarro y no se la doy a nadie\u201d, dice.<\/p>\n<p>Para \u00e9l, el futbol nica est\u00e1 viviendo un gran momento debido a que Henry Duarte, director t\u00e9cnico de la Selecci\u00f3n, cambi\u00f3 la mente de los jugadores y les ense\u00f1\u00f3 a disciplinarse. Tras la derrota ante Jamaica, Norfran pas\u00f3 \u201ctres o cuatro d\u00edas sin dormir\u201d, pensando en el bal\u00f3n que no pudo conectar y en el gol jamaiquino del minuto 89. \u201cNadie quiere errar, y menos en un partido tan importante, pero as\u00ed es el futbol\u201d, comenta, todav\u00eda apesarado.<\/p>\n<p>Regina le dice que tome lo bueno de las cr\u00edticas y descarte lo malo. Y le reza al \u201cdios del futbol\u201d para que todo marche bien.<\/p>\n<p style=\"text-align: center;\">[\/woocommerce_members_only]<\/p>\n","protected":false},"excerpt":{"rendered":"<p>El futbol nicarag\u00fcense vive el mejor momento de su historia y va acabando con su fama de Cenicienta. Pero detr\u00e1s de los n\u00fameros y los resultados de la Selecci\u00f3n Nacional hay historias de superaci\u00f3n, disciplina, amor y tragedia. Son las historias de los muchachos de la Azul y Blanco<\/p>\n","protected":false},"author":7,"featured_media":26984,"comment_status":"open","ping_status":"open","sticky":false,"template":"","format":"standard","meta":{"_acf_changed":false,"footnotes":""},"categories":[26],"tags":[81],"class_list":["post-26888","post","type-post","status-publish","format-standard","has-post-thumbnail","hentry","category-reportajes","tag-nicaragua"],"acf":[],"_links":{"self":[{"href":"https:\/\/staging.laprensanic.com\/magazine\/wp-json\/wp\/v2\/posts\/26888","targetHints":{"allow":["GET"]}}],"collection":[{"href":"https:\/\/staging.laprensanic.com\/magazine\/wp-json\/wp\/v2\/posts"}],"about":[{"href":"https:\/\/staging.laprensanic.com\/magazine\/wp-json\/wp\/v2\/types\/post"}],"author":[{"embeddable":true,"href":"https:\/\/staging.laprensanic.com\/magazine\/wp-json\/wp\/v2\/users\/7"}],"replies":[{"embeddable":true,"href":"https:\/\/staging.laprensanic.com\/magazine\/wp-json\/wp\/v2\/comments?post=26888"}],"version-history":[{"count":16,"href":"https:\/\/staging.laprensanic.com\/magazine\/wp-json\/wp\/v2\/posts\/26888\/revisions"}],"predecessor-version":[{"id":44655,"href":"https:\/\/staging.laprensanic.com\/magazine\/wp-json\/wp\/v2\/posts\/26888\/revisions\/44655"}],"wp:featuredmedia":[{"embeddable":true,"href":"https:\/\/staging.laprensanic.com\/magazine\/wp-json\/wp\/v2\/media\/26984"}],"wp:attachment":[{"href":"https:\/\/staging.laprensanic.com\/magazine\/wp-json\/wp\/v2\/media?parent=26888"}],"wp:term":[{"taxonomy":"category","embeddable":true,"href":"https:\/\/staging.laprensanic.com\/magazine\/wp-json\/wp\/v2\/categories?post=26888"},{"taxonomy":"post_tag","embeddable":true,"href":"https:\/\/staging.laprensanic.com\/magazine\/wp-json\/wp\/v2\/tags?post=26888"}],"curies":[{"name":"wp","href":"https:\/\/api.w.org\/{rel}","templated":true}]}}