{"id":30827,"date":"2013-10-13T09:19:02","date_gmt":"2013-10-13T15:19:02","guid":{"rendered":"https:\/\/www.magazine.com.ni\/?p=30827"},"modified":"2019-08-20T12:59:37","modified_gmt":"2019-08-20T18:59:37","slug":"las-andanzas-de-eden-pastora","status":"publish","type":"post","link":"https:\/\/staging.laprensanic.com\/magazine\/reportajes\/las-andanzas-de-eden-pastora\/","title":{"rendered":"Las andanzas de Pastora"},"content":{"rendered":"<p style=\"text-align: center;\">La Contra, su relaci\u00f3n con la CIA y el narcotr\u00e1fico forman una nebulosa en la vida de Ed\u00e9n Pastora, un hombre que dice haber peleado tres guerras y tres guerrillas<\/p>\n<p style=\"text-align: center;\"><strong>Por Fabi\u00e1n Medina<\/strong><\/p>\n<p>A los 19 a\u00f1os, Ed\u00e9n Pastora mat\u00f3 por primera vez a un hombre. Lo recuerda perfectamente, dice. Estaba emboscado en Chachagua, monta\u00f1as de Quilal\u00ed, junto con otros dos guerrilleros: Gustavo V\u00edlchez y Le\u00f3nidas Rodr\u00edguez. Una patrulla de la Guardia se acerca. Pastora, que presume de ser buen tirador, est\u00e1 encargado de hacer el primer tiro. Apunta al primero de la fila, aprieta el gatillo y, antes de o\u00edr el sonido de su propio disparo, ve caer al guardia.<\/p>\n<p>\u2014\u00a1Jes\u00fas! \u2014exclama asustado.<\/p>\n<p><strong>Lea: <a href=\"\/reportaje\/comandante-dimas-el-padre-de-la-contra\/\">Comandante Dimas, el padre de la Contra\u00a0<\/a><\/strong><\/p>\n<p>\u201cNo pude dormir los siguientes 15 d\u00edas. Estaba saliendo del Colegio Centro Am\u00e9rica, comulgaba todos los d\u00edas, y de repente me encuentro apunt\u00e1ndole a un hombre. Yo era buen tirador. Mi deporte era la cacer\u00eda. Y el que caza un venado caza a un hombre. Y la guerrilla es cazar hombres\u201d, dice ahora con 77 a\u00f1os de edad en su casa sin ostentaciones de Managua.<\/p>\n<p>Se acostumbr\u00f3 a matar, dice, \u201cporque la guerra es dura\u201d. Y una vez le dijo al cardenal Miguel Obando que hab\u00eda matado tantos hombres que no alcanzaban en una habitaci\u00f3n, y mandado a matar a otros tantos que no alcanzar\u00edan en la propia casa de Obando. \u201cUna exageraci\u00f3n, l\u00f3gicamente, pero fue una respuesta dura porque me molest\u00f3 que me preguntara eso\u201d, se\u00f1ala.<\/p>\n<p>\u2014Eminencia, no le vuelva a hacer esa pregunta a un hombre que ha peleado por su pueblo \u2014dice que le contest\u00f3 a Obando en esa ocasi\u00f3n, en el aeropuerto de M\u00e9xico cuando coincidieron en los primeros a\u00f1os de la posguerra.<\/p>\n<p>Para ese tiempo fue cuando una revista espa\u00f1ola public\u00f3 un reportaje sobre sus andanzas en la guerra. \u201cMe pusieron como un asesino\u201d, reclama, \u201ccomo un loco, un psic\u00f3pata, un trastornado mental. Lo manej\u00f3 muy mal la periodista (Lola Villas). Desfigur\u00f3 la imagen del guerrillero que dio honestamente su testimonio de guerra\u201d.<\/p>\n<p>En ese reportaje se relata la tortura y ejecuci\u00f3n por ahorcamiento que realiz\u00f3 Pastora con sus propias manos a un juez de mesta somocista, y las ejecuciones de guerrilleros a los que se consideraba homosexuales. Pastora niega la ejecuci\u00f3n de homosexuales en la guerrilla, y s\u00ed reconoce como cierta la ejecuci\u00f3n del juez de mesta.<\/p>\n<p>\u201cA homosexuales nunca. Nunca se mat\u00f3 a homosexuales, nunca se tomaron medidas violentas con homosexuales. \u00a1De ninguna forma!\u201d, niega. \u201cNo nos interesa la homosexualidad. Es un problema social y nosotros est\u00e1bamos para resolver otros problemas sociales\u201d.<\/p>\n<p>\u00bfHab\u00eda guerrilleros homosexuales? \u201cEntonces no\u201d, responde. \u201cEn la \u00faltima guerrilla (ARDE) s\u00ed vi homosexuales. En aquella guerrilla no vi problemas de homosexualidad\u201d.<\/p>\n<p>Al juez de mesta \u2014dice\u2014 lo agarraron cuando ven\u00eda siguiendo sus huellas en sus primeros a\u00f1os guerrilleros. \u201cYo iba de responsable de 16 muchachos, enfermos, heridos, cansados, y empez\u00f3 a convencernos de que fu\u00e9ramos al valle, que en el valle estaba el caf\u00e9 negro, la tortilla, la cuajada, y la escuela desocupada donde pod\u00edamos pasar la noche. Yo sab\u00eda que nos estaba mandando al matadero y como no hab\u00edamos podido hacerlo declarar a las buenas, entonces pasamos a la violencia. Al hombre lo hab\u00eda cacheteado, golpeado y no hablaba. Y me fui yo y le dije: \u2018Ve, si no habl\u00e1s, te quemo el culo\u2019. No habl\u00f3 y le puse el encendedor. Yo personalmente lo hice. \u00a1Cont\u00f3 todo! Y cont\u00f3 que ah\u00ed estaba el capit\u00e1n Melgara, y que estaba con 60 guardias. Nos estaba mandando al matadero. Y como est\u00e1bamos cerca de la escuela, y ya el hombre estaba maltrecho, no qued\u00f3 de otra m\u00e1s que ahorcarlo en vez de pegarle un tiro porque nos o\u00edan\u201d.<\/p>\n<p>Ya despu\u00e9s \u2014dice\u2014 matar no le quit\u00f3 el sue\u00f1o. \u201cMe fui acostumbrando a la dureza de la guerra. El ajusticiamiento de este que nos llegaba a matar\u2026 He mandado a fusilar a criminales, a v\u00edboras, a serpientes. Infiltrados que he tenido que mandar a fusilar. La guerra es dura. Es cruel\u201d.<\/p>\n<p>\u00bfPero hay una diferencia entre matar en combate y matar a alguien a sangre fr\u00eda? \u201cDefinitivamente matar a un hombre amarrado, humillado, que pide perd\u00f3n, que llora, que implora, que pide otra oportunidad, pero ha tenido 40 oportunidades y ha matado 50&#8230; No pod\u00e9s darle otra oportunidad. Son cosas duras de la guerra que el hombre com\u00fan de la calle, el hombre que nunca ha estado con un fusil apunt\u00e1ndolo con una cara seria, no te lo entiende. La guerra hay que vivirla para poderla entender\u201d.<\/p>\n<figure id=\"attachment_31884\" aria-describedby=\"caption-attachment-31884\" style=\"width: 700px\" class=\"wp-caption aligncenter\"><a href=\"\/wp-content\/uploads\/2016\/12\/Acr9172725462016-7027.jpg\"><img fetchpriority=\"high\" decoding=\"async\" class=\"size-full wp-image-31884\" src=\"\/wp-content\/uploads\/2016\/12\/Acr9172725462016-7027.jpg\" alt=\"Tropas de ARDE posan para la foto. Seg\u00fan Pastora, llegaron a tener siete mil hombres sobre las armas. \" width=\"700\" height=\"477\" srcset=\"https:\/\/d1xxa24wwackpg.cloudfront.net\/wp-content\/uploads\/2016\/12\/07152156\/Acr9172725462016-7027.jpg 700w, https:\/\/d1xxa24wwackpg.cloudfront.net\/wp-content\/uploads\/2016\/12\/07152156\/Acr9172725462016-7027.jpg 300w\" sizes=\"(max-width: 700px) 100vw, 700px\" \/><\/a><figcaption id=\"caption-attachment-31884\" class=\"wp-caption-text\">Tropas de ARDE posan para la foto. Seg\u00fan Pastora, llegaron a tener siete mil hombres sobre las armas. Seg\u00fan, Luis Fley, de FDN, nunca pasaron de dos mil. N\u00f3tese el uso de pa\u00f1uelos rojinegros.<\/figcaption><\/figure>\n<p style=\"text-align: center;\">***<\/p>\n<p>Ed\u00e9n Pastora es una especie de Aureliano Buend\u00eda nicarag\u00fcense. Ha peleado en tres guerras y tres guerrillas. Ha sobrevivido a 16 atentados y dice no poder calcular a cu\u00e1ntas personas ha matado o mandado a matar. Por ello relata la an\u00e9cdota con el cardenal Obando. El 20 de julio de 1979 entr\u00f3 a Managua triunfante, con la aureola de h\u00e9roe que le dieron el dirigir el asalto al Palacio Nacional el 22 de agosto de 1978, y las cruentas batallas del Frente Sur contra lo m\u00e1s granado de la Escuela de Entrenamiento B\u00e1sico de Infanter\u00eda (EEBI).<\/p>\n<p>Para Hugo Torres, quien fuera su segundo al mando en el asalto al Palacio, y quien llegar\u00eda a ser jefe de la Direcci\u00f3n Pol\u00edtica del Ej\u00e9rcito Popular Sandinista, el asalto al Palacio fue la obra cumbre de Pastora, y \u201c\u00e9l ten\u00eda expectativas de ser miembro de la Direcci\u00f3n Nacional y jefe del Ej\u00e9rcito. Pero lo nombran viceministro de Defensa y jefe de las milicias. Sinti\u00f3 que lo estaban viendo de menos\u201d.<\/p>\n<p>Pastora dice que nunca aspir\u00f3 a ser miembro de la Direcci\u00f3n Nacional, y que no fueron los celos las razones que lo llevaron a iniciar lo que \u00e9l llama su \u201ctercera guerra\u201d.<\/p>\n<p>\u201cHab\u00eda mucho que criticar a la Direcci\u00f3n Nacional. El comandante Tom\u00e1s Borge fue claro, duro y llano cuando dijo que en los 80, refiri\u00e9ndose a la Direcci\u00f3n Nacional, fuimos arrogantes, prepotentes, soberbios y nos enfermamos de poder. Esas fueron las razones por las que yo me fui. Molesto, resentido, con esas actitudes de mis jefes, a encauzar mis inquietudes revolucionarias\u201d, dice.<\/p>\n<p>El 8 de julio de 1981, Ed\u00e9n Pastora sorprende con una carta de despedida al estilo Ch\u00e9 Guevara, en la que renuncia a todos los cargos en el nuevo gobierno revolucionario y acusa a los dirigentes de estar instalando en Nicaragua un r\u00e9gimen comunista.<\/p>\n<p>Para Hugo Torres, adem\u00e1s de sentirse mal pagado Pastora, pes\u00f3 en su renuncia que no se acomod\u00f3 a la disciplina y organizaci\u00f3n que demanda un ej\u00e9rcito. \u201cPastora nunca fue hombre de partido, disciplinado\u201d, dice Torres. \u201cValiente, guerrillero, pero se iba de la guerrilla cuando quer\u00eda\u201d, explica y pone de ejemplo que cuando le propusieron comandar el asalto al Palacio Nacional lo localizaron pescando en Barra del Colorado, Costa Rica.<\/p>\n<p>\u201c\u00c9l es bastante teatral, y la carta que deja, un pastiche de la que dej\u00f3 el Ch\u00e9 Guevara, habla bastante de esa personalidad histri\u00f3nica de Ed\u00e9n. Sobreact\u00faa. As\u00ed es su vida\u201d.<\/p>\n<p style=\"text-align: center;\">***<\/p>\n<p>A diferencia de los otros ni\u00f1os, Ed\u00e9n Pastora a los 8 a\u00f1os no ped\u00eda al Ni\u00f1o Dios juguetes en las cartas de Navidad. Ped\u00eda una pistola. Una pistola para matar a un hombre. Al general Camilo Gonz\u00e1lez, jefe del Estado Mayor de la Guardia Nacional, a quien acusa de haber mandado a asesinar a su padre por un pleito de tierras.<\/p>\n<p>Ed\u00e9n Pastora G\u00f3mez naci\u00f3 en Ciudad Dar\u00edo en 1937, y fue el menor de los cinco hijos del peque\u00f1o finquero P\u00e1nfilo Pastora y la costurera Elsie G\u00f3mez. Viv\u00edan tranquilamente, don P\u00e1nfilo sembrando sus tierras y pastoreando su ganado, do\u00f1a Elsa cosiendo, y Ed\u00e9n correteando por ah\u00ed con alguna cometa, o jugando a los trompos, hasta que Camilo Gonz\u00e1lez se interes\u00f3 por la f\u00e9rtil propiedad de los Pastora en Las Mesas, de Dar\u00edo.<\/p>\n<p>Gonz\u00e1lez intent\u00f3 comprar la propiedad por las buenas, y ante la negativa de don P\u00e1nfilo, se la tom\u00f3 por las malas. P\u00e1nfilo Pastora recurri\u00f3 a los tribunales y le gan\u00f3 el caso, pero la herida ya estaba abierta y se sald\u00f3 con un seco escopetazo que desbarat\u00f3 el coraz\u00f3n de P\u00e1nfilo Pastora cuando labraba la tierra.<\/p>\n<p>\u201cEso me marc\u00f3 tremendo\u201d, dice Ed\u00e9n Pastora. \u201cGonz\u00e1lez no pudo negociar con mi mam\u00e1. La vieja cerrada de ovarios, se arm\u00f3 y se dedic\u00f3 a educar a sus hijos\u201d.<\/p>\n<p>Do\u00f1a Elsie \u2014dice Pastora\u2014, empe\u00f1\u00f3 todo el patrimonio familiar para asegurarle una educaci\u00f3n de calidad. Primero, en el elitista Colegio Centro Am\u00e9rica, de Granada, donde se bachiller\u00f3, y luego Medicina, en la reputada Universidad de Guadalajara, M\u00e9xico, que abandon\u00f3 para iniciar sus andanzas en la guerrilla.<\/p>\n<p>\u201cLa gente no sabe que yo estudi\u00e9 seis a\u00f1os Medicina, que pude aprobar solo dos, tres a\u00f1os, pero logr\u00e9 estudiar t\u00e9cnica quir\u00fargica que me sirvi\u00f3 en la monta\u00f1a porque amput\u00e9 brazos, extirp\u00e9 un test\u00edculo, extirp\u00e9 un ojo, hice operaciones menores. Me sirvi\u00f3 la t\u00e9cnica quir\u00fargica en la monta\u00f1a\u201d, relata.<\/p>\n<p>Para 1959, Pastora estaba estudiando en Guadalajara cuando se dio en Le\u00f3n, Nicaragua, la masacre del 23 de julio, donde murieron cuatro estudiantes y 43 m\u00e1s resultaron heridos. La noticia lo sacudi\u00f3 y decidi\u00f3 venir a Nicaragua para integrarse al Frente Revolucionario Sandino, junto a Virgilio Godoy y Bayardo Altamirano, entre otros. Y es aqu\u00ed donde mata a su primer hombre. Ten\u00eda 19 a\u00f1os de edad.<\/p>\n<p style=\"text-align: center;\">***<\/p>\n<p>\u00bfFue ARDE una quinta columna para evitar que la contrarrevoluci\u00f3n se asentara en Costa Rica? \u201cNadie me dio la orden\u201d. Ed\u00e9n Pastora, histri\u00f3nico como es, se pone de pie, alza la mano y con actitud solemne declara: \u201cLo juro por P\u00e1nfilo Pastora, lo juro por nuestros h\u00e9roes y m\u00e1rtires, lo juro por mi honor\u2026\u201d<\/p>\n<p>Despu\u00e9s de un fallido intento de participaci\u00f3n en la guerrilla guatemalteca, Ed\u00e9n Pastora recala otra vez en Costa Rica a vivir su exilio, cuando, dice, se le aparecieron unos l\u00edderes de la izquierda costarricense a proponerle formar una guerrilla y evitar, precisamente, que la Fuerza Democr\u00e1tica Nicarag\u00fcense (FDN), la Contra que operaba en Honduras, se estableciera tambi\u00e9n en el Sur.<\/p>\n<p>Reconoce que entonces habl\u00f3 con Humberto Ortega, jefe del Ej\u00e9rcito Popular Sandinista, sobre esta idea:<\/p>\n<p>\u2014Si te met\u00e9s, te voy a volar plomo \u2014le habr\u00eda dicho Ortega, seg\u00fan el testimonio de Pastora.<\/p>\n<p>\u2014Lo que me va a doler es que me van a ver como contrarrevolucionario.<\/p>\n<p>\u2014Hac\u00e9 lo que vos cre\u00e9s que es m\u00e1s conveniente, pero eso s\u00ed, te voy a atacar duro.<\/p>\n<p>\u201cNo quedaba otra alternativa m\u00e1s que hacer ARDE, la Alianza Revolucionaria Democr\u00e1tica. Para que la Contra no entre en el Sur, para presentarle a Nicaragua una alternativa distinta que no fuera la de la Contra del Norte ni un Frente totalitario\u201d, relata.<\/p>\n<p>Hugo Torres no cree que Pastora haya sido una quinta columna, aunque reconoce que result\u00f3 conveniente para la revoluci\u00f3n al quitarle ese territorio al FDN. Luis Fley, Comandante Johnson, quien fuera jefe de un comando regional del FDN y luego fiscal de la Resistencia Nicarag\u00fcense, s\u00ed considera que el comportamiento de Pastora siempre fue sospechoso. \u201cParec\u00eda destinado a entorpecer la lucha por la liberaci\u00f3n de Nicaragua, siempre inventaba pretextos para no conseguir la unidad\u201d, dice.<\/p>\n<p>Pastora ha o\u00eddo muchas veces estas acusaciones. No las acepta. \u201cLa verdad es que nosotros tuvimos siete mil guerrilleros, que peleamos en toda Nueva Guinea, en todo el Sur y el Este de Nicaragua. Tuvimos como tres mil muertos\u201d, alega.<\/p>\n<p>Fley tiene otros n\u00fameros. Dice que las fuerzas de ARDE nunca pasaron de los dos mil combatientes y que las bajas efectivas habr\u00edan sido unas 100. \u201cEl problema con Pastora es que siempre estaba hablando de acciones que no eran comprobables. Hac\u00eda conferencias a la orilla del r\u00edo San Juan, del lado costarricense, para salir en uniforme y ba\u00f1ado de lodo en las fotos\u201d, dice y pone de ejemplo el atentado de La Penca, ocurrido el 30 de mayo de 1984, cuando murieron siete personas, y otras 20 resultaron heridas, entre ellas el propio Pastora.<\/p>\n<p>Hugo Torres, por su parte, usa el mismo atentado para desestimar el car\u00e1cter de infiltrado que se le atribuye a Pastora. \u201cSi estaba haciendo un servicio a la revoluci\u00f3n, no es l\u00f3gico que lo manden a matar como lo hicieron\u201d, dice Torres en alusi\u00f3n a la informaci\u00f3n posterior que demostr\u00f3 que el atentado fue dirigido desde las oficinas del Ministerio del Interior que comandaba Tom\u00e1s Borge, en Managua.<\/p>\n<div id='gallery-1' class='gallery galleryid-30827 gallery-columns-3 gallery-size-large'><figure class='gallery-item'>\n\t\t\t<div class='gallery-icon landscape'>\n\t\t\t\t<a href='https:\/\/staging.laprensanic.com\/magazine\/reportajes\/las-andanzas-de-eden-pastora\/attachment\/alejandro-mejia-2\/'><img decoding=\"async\" width=\"640\" height=\"415\" src=\"https:\/\/d1xxa24wwackpg.cloudfront.net\/wp-content\/uploads\/2016\/12\/07152155\/Acr91727254620165381.jpg\" class=\"attachment-large size-large\" alt=\"Adolfo \u00b4POPO\u00b4Chamorro Cesar, ex&#039;combatiente y comandante de la Contra revolucion Sandinista y Arde, Posa en su Hotel Hacienda San Pedro San Marcos.Fotos Uriel Molina\/LA PRENSA\" aria-describedby=\"gallery-1-31885\" srcset=\"https:\/\/d1xxa24wwackpg.cloudfront.net\/wp-content\/uploads\/2016\/12\/07152155\/Acr91727254620165381.jpg 700w, https:\/\/d1xxa24wwackpg.cloudfront.net\/wp-content\/uploads\/2016\/12\/07152155\/Acr91727254620165381.jpg 300w\" sizes=\"(max-width: 640px) 100vw, 640px\" \/><\/a>\n\t\t\t<\/div>\n\t\t\t\t<figcaption class='wp-caption-text gallery-caption' id='gallery-1-31885'>\n\t\t\t\t\u201cYo dej\u00e9 las mieles del poder\u201d, dice Pastora. En la foto, con sus cercanos, poco despu\u00e9s del triunfo.\n\t\t\t\t<\/figcaption><\/figure><figure class='gallery-item'>\n\t\t\t<div class='gallery-icon landscape'>\n\t\t\t\t<a href='https:\/\/staging.laprensanic.com\/magazine\/reportajes\/las-andanzas-de-eden-pastora\/attachment\/acr9172725462016-13333\/'><img decoding=\"async\" width=\"640\" height=\"449\" src=\"https:\/\/d1xxa24wwackpg.cloudfront.net\/wp-content\/uploads\/2016\/12\/07152154\/Acr9172725462016-13333.jpg\" class=\"attachment-large size-large\" alt=\"Ed\u00e9n Pastora\" aria-describedby=\"gallery-1-31886\" srcset=\"https:\/\/d1xxa24wwackpg.cloudfront.net\/wp-content\/uploads\/2016\/12\/07152154\/Acr9172725462016-13333.jpg 700w, https:\/\/d1xxa24wwackpg.cloudfront.net\/wp-content\/uploads\/2016\/12\/07152154\/Acr9172725462016-13333.jpg 300w\" sizes=\"(max-width: 640px) 100vw, 640px\" \/><\/a>\n\t\t\t<\/div>\n\t\t\t\t<figcaption class='wp-caption-text gallery-caption' id='gallery-1-31886'>\n\t\t\t\tDice haber peleado en tres guerras y tres guerrillas y sobrevivido a 16 atentados contra su vida.\n\t\t\t\t<\/figcaption><\/figure><figure class='gallery-item'>\n\t\t\t<div class='gallery-icon landscape'>\n\t\t\t\t<a href='https:\/\/staging.laprensanic.com\/magazine\/reportajes\/las-andanzas-de-eden-pastora\/attachment\/acr917272546201620118\/'><img loading=\"lazy\" decoding=\"async\" width=\"640\" height=\"462\" src=\"https:\/\/d1xxa24wwackpg.cloudfront.net\/wp-content\/uploads\/2016\/12\/07152153\/Acr917272546201620118.jpg\" class=\"attachment-large size-large\" alt=\"Ed\u00e9n Pastora, r\u00edo san juan\" aria-describedby=\"gallery-1-31887\" srcset=\"https:\/\/d1xxa24wwackpg.cloudfront.net\/wp-content\/uploads\/2016\/12\/07152153\/Acr917272546201620118.jpg 700w, https:\/\/d1xxa24wwackpg.cloudfront.net\/wp-content\/uploads\/2016\/12\/07152153\/Acr917272546201620118.jpg 300w\" sizes=\"(max-width: 640px) 100vw, 640px\" \/><\/a>\n\t\t\t<\/div>\n\t\t\t\t<figcaption class='wp-caption-text gallery-caption' id='gallery-1-31887'>\n\t\t\t\tEl r\u00edo San Juan se convirti\u00f3 en un instrumento de guerra y relaciones p\u00fablicas de ARDE.\n\t\t\t\t<\/figcaption><\/figure>\n\t\t<\/div>\n\n<p style=\"text-align: center;\">***<\/p>\n<p>Al fundar ARDE, Pastora se cas\u00f3 con la Central de Inteligencia Americana (CIA), enemigo natural del guerrillero de izquierda, sandinista, que dec\u00eda ser. \u201cPara presentar una alternativa distinta tuve que manejarme con la CIA, con Satan\u00e1s\u201d, dice. Desde su aventura con la guerrilla guatemalteca iniciaron los acercamientos. Dice que la relaci\u00f3n comenz\u00f3 por instinto de sobrevivencia. \u201cEn M\u00e9xico yo estoy en territorio de la CIA. En Costa Rica estoy en territorio de la CIA. Si yo no hago ese arreglo con la CIA, aguanta m\u00e1s un chilote en las tapas de un chancho que yo vivo. As\u00ed de sencillo\u201d, dice.<\/p>\n<p>Para Luis Fley, \u201cEd\u00e9n Pastora fue el ni\u00f1o mimado de la CIA. Tuvo diez veces m\u00e1s apoyo que el FDN, ten\u00edan lanchas r\u00e1pidas, helic\u00f3pteros, 60 veh\u00edculos, aviones\u2026\u201d<\/p>\n<p>Adolfo \u201cPopo\u201d Chamorro, fue jefe del Estado Mayor y jefe de Log\u00edstica de ARDE y recuerda hasta siete aviones H\u00e9rcules 130, enviados por la CIA, en fila, dejando caer armamento y lanchas en paraca\u00eddas a la orilla del r\u00edo San Juan. \u201cNo manej\u00e9 el contacto directamente pero fui el instrumento para hacerle llegar a mis compa\u00f1eros de profundidad el armamento que se recib\u00eda\u201d, relata ahora, con 65 a\u00f1os y administrando un primoroso hotelito de su familia en San Marcos, Carazo.<\/p>\n<p>Chamorro explica la relaci\u00f3n con la CIA desde una perspectiva muy simple: \u201cPara m\u00ed cualquier cosa se justifica cuando est\u00e1s en una guerra. Si est\u00e1s ah\u00ed dispuesto a perder la vida\u201d, y aunque dice haber manejado grandes cantidades de dinero en efectivo y a granel, contrario a la opini\u00f3n de Fley considera que \u201cel ni\u00f1o bonito de la contrarrevoluci\u00f3n era el FDN\u201d.<\/p>\n<p>\u201cLa FDN no quer\u00eda a Ed\u00e9n y no quer\u00eda a ARDE\u201d, agrega. \u201cNos infiltraron, se nos robaron un helic\u00f3ptero, se lo llev\u00f3 un piloto. Nos hac\u00edan la vida imposible. La idea era absorber a las tropas de ARDE y sacar a Ed\u00e9n de la jugada\u201d.<\/p>\n<p>Seg\u00fan las cuentas de Pastora, Estados Unidos le dio seis millones de d\u00f3lares a ARDE y 600 millones a la FDN. Sin embargo, asegura que el divorcio con la CIA comienza cuando le ofrecen 270 millones de d\u00f3lares m\u00e1s para la guerra contrarrevolucionaria con dos condiciones: que se una el Norte con el Sur, y que Pastora, que se hab\u00eda ganado con su simpat\u00eda a los dem\u00f3cratas, fuera el jefe de todas las fuerzas contrarrevolucionarias.<\/p>\n<p>\u201cVoy al Congreso con Enrique Berm\u00fadez para que Estados Unidos soltara los 270 millones para la guerra. Berm\u00fadez acepta ah\u00ed deponer su jefatura y que Pastora sea jefe de Norte y Sur. Cuando tiene la palabra Pastora yo les digo que no puedo unirme con lo que representa este se\u00f1or (Berm\u00fadez) por razones de \u00edndole moral. \u00c9l perteneci\u00f3 a la instituci\u00f3n que asesin\u00f3 a mi padre\u201d, relata.<\/p>\n<p>Luis Fley confirma esta versi\u00f3n. \u201cLa CIA quiso imponerlo como m\u00e1ximo l\u00edder, y Berm\u00fadez estuvo de acuerdo en ceder el liderazgo a Pastora en aras de la unidad de las fuerzas contrarrevolucionarias. El que no estuvo de acuerdo fue el propio Pastora. Se desencantaron con \u00e9l\u201d.<\/p>\n<p>\u201cAh\u00ed firm\u00e9 mi sentencia de muerte. El Congreso tom\u00f3 la decisi\u00f3n de cero ayuda militar y pasaban a ayuda humanitaria\u201d, dice Pastora. Era finales del 1984 y ARDE comenzar\u00eda a buscar financiamiento por otras v\u00edas.<\/p>\n<p><a href=\"\/wp-content\/uploads\/2016\/12\/Acr9172725462016-30596.jpg\"><img loading=\"lazy\" decoding=\"async\" class=\"alignright wp-image-31888 size-thumbnail\" src=\"\/wp-content\/uploads\/2016\/12\/Acr9172725462016-30596-150x150.jpg\" alt=\"Luis Fley. Foto\/LA PRENSA\/Ren\u00e9 Ortega\" width=\"150\" height=\"150\" srcset=\"https:\/\/d1xxa24wwackpg.cloudfront.net\/wp-content\/uploads\/2016\/12\/07152152\/Acr9172725462016-30596.jpg 150w, https:\/\/d1xxa24wwackpg.cloudfront.net\/wp-content\/uploads\/2016\/12\/07152152\/Acr9172725462016-30596.jpg 600w, https:\/\/d1xxa24wwackpg.cloudfront.net\/wp-content\/uploads\/2016\/12\/07152152\/Acr9172725462016-30596.jpg 24w, https:\/\/d1xxa24wwackpg.cloudfront.net\/wp-content\/uploads\/2016\/12\/07152152\/Acr9172725462016-30596.jpg 48w, https:\/\/d1xxa24wwackpg.cloudfront.net\/wp-content\/uploads\/2016\/12\/07152152\/Acr9172725462016-30596.jpg 96w\" sizes=\"(max-width: 150px) 100vw, 150px\" \/><\/a><\/p>\n<blockquote>\n<p style=\"text-align: center;\">\u201cPastora parec\u00eda destinado a entorpecer la lucha por la liberaci\u00f3n de Nicaragua, siempre inventaba pretextos para no conseguir la unidad, no quer\u00eda directorio pol\u00edtico, sus combates no eran comprobables y hac\u00eda conferencias en el lado costarricense solo para salir en la foto con el uniforme ba\u00f1ado de lodo\u201d.<\/p>\n<p style=\"text-align: center;\">Luis Fley, comandante Johnson, del FDN.<\/p>\n<\/blockquote>\n<p style=\"text-align: center;\">***<\/p>\n<p>Un cable de la sede central de CIA, fechado en octubre de 1984, indica que Adolfo Chamorro, segundo al mando de ARDE, acaba de consumar un \u201cacuerdo de asistencia mutua\u201d con un narcotraficante establecido en Miami, cuyo nombre se desconoce, seg\u00fan ese reporte.<\/p>\n<p>Dice el cable que \u201cARDE proveer\u00eda instalaciones operativas en Costa Rica y Nicaragua para facilitar el transporte de narc\u00f3ticos, y obtendr\u00eda asistencia de funcionarios del Gobierno de Costa Rica para brindar documentaci\u00f3n a cambio de apoyo financiero, aviones y entrenamiento para pilotos de ARDE\u201d. Adem\u00e1s, el desconocido narcotraficante se compromet\u00eda a pagar a ARDE 200 mil d\u00f3lares al mes una vez que las operaciones narc\u00f3ticas comenzaran.<\/p>\n<p>Un cable posterior de la CIA identificar\u00eda al misterioso narcotraficante: Jorge Morales, colombiano.<\/p>\n<p>\u2014\u00bfTuvo relaci\u00f3n alguna vez con el narcotr\u00e1fico? \u2014pregunt\u00f3<em> Magazine<\/em> a Pastora.<\/p>\n<p>\u2014\u00a1Nunca!<\/p>\n<p>\u2014Hay cables desclasificados de la CIA que lo mencionan en relaciones con el narcotr\u00e1fico. \u00bfConoce a Jorge Morales?<\/p>\n<p>\u2014Mir\u00e1\u2026 A m\u00ed me llevaron al Congreso (de EE. UU.) a hablar sobre este tema. Yo les dije, \u201csi ustedes, si hay alguna autoridad que sepa que yo estuve en drogas, p\u00f3ngame las esposas y si no, d\u00e9jeme libre\u201d. La CIA us\u00f3 al narcotr\u00e1fico para ensuciar a la gente y comprometerla, y manejarla, como chantaje moral. A m\u00ed trataron de relacionarme con George Morales.<\/p>\n<p>\u2014\u00bfLo conoci\u00f3?<\/p>\n<p>\u2014\u00a1Perfectamente bien! Fui a Miami hablar con \u00e9l.<\/p>\n<p>\u2014\u00bfRecibi\u00f3 ayuda de \u00e9l?<\/p>\n<p>\u2014Me dio ayuda. Pero era un agente de la CIA tratando de ligarme con George Morales. Haci\u00e9ndome creer que George Morales era un transportista a\u00e9reo en Estados Unidos, y haci\u00e9ndome creer que era un gringo. Y desde luego, el que me da ayuda de dinero y aviones, quiere conocerme, es l\u00f3gico. Voy a la casa de una exesposa de Popo Chamorro. Y ah\u00ed conozco a George Morales y veo que es un indio como yo, que es colombiano, que no es tal George, que es Jorge, y lo empiezo a ver raro. Cuando yo quiero hablar de pol\u00edtica, de geopol\u00edtica y de razones de la guerra, \u00e9l me habla de sus caballos, de sus yates, de pira\u00f1as, de sus carreras, de sus aviones. En un momento de la conversaci\u00f3n lo llaman y se retira. Me voy donde la exesposa de Popo y le pregunto: \u00bfQui\u00e9n es este tipo que lo veo todo raro? \u00ab\u00bfNo sab\u00e9s qui\u00e9n es? \u00bfNo sab\u00e9s con qui\u00e9n est\u00e1s hablando?\u00bb No. \u00abEs George Morales, el traficante de drogas de Colombia\u00bb. \u00a1Me cagu\u00e9 en la punta de un alfiler! Porque me di cuenta de la maniobra. Llamo a Caroline que regresen inmediatamente aviones, que corten toda relaci\u00f3n, que corten toda amistad, y eso lo sabe John Kerry y lo sabe la CIA. La CIA me reconoce como un se\u00f1or. Lo que quer\u00edan era relacionarme con la droga para agarrarme de ah\u00ed donde te cuento para que yo les obedeciera en todo.<\/p>\n<p>\u2014Hubo unos embarques de yuca en los que iba droga, dicen los cables de la CIA.<\/p>\n<p>\u2014En eso yo no tengo que ver.<\/p>\n<p>\u2014\u00bfPero s\u00ed sabe que recibieron ayuda de este se\u00f1or?<\/p>\n<p>\u2014S\u00ed, un avi\u00f3n DC3, se recibieron 400 mil d\u00f3lares que se los rob\u00f3 un jodido, que el (avi\u00f3n) 404 lo regres\u00e9 y el DC3 lo regres\u00e9 y cort\u00e9 toda relaci\u00f3n.<\/p>\n<p>\u2014\u00bfUsted no se preguntaba por qu\u00e9 este se\u00f1or le estaba dando ayuda?<\/p>\n<p>\u2014\u00a1Eh! \u00a1Porciones me dieron sin preguntarles yo por qu\u00e9! Por dem\u00f3cratas, por anticomunista, porque era lindo, porque era bello, porque hablaba bonito, por miles de razones (r\u00ede).<\/p>\n<p>Otro cable de la CIA, fechado en diciembre de 1984 da cuenta de la reuni\u00f3n que Pastora sostuvo con Morales en Miami y termina con la siguiente acotaci\u00f3n: \u201cA Pastora no le gust\u00f3 Morales\u201d.<\/p>\n<p style=\"text-align: center;\">***<\/p>\n<p>Adolfo \u201cPopo\u201d Chamorro fue quien inici\u00f3 la relaci\u00f3n con el narcotraficante Jorge Morales. Dice que lo conoci\u00f3 en uno de sus viajes a Miami y les ofreci\u00f3 un avi\u00f3n C47 para la guerrilla de ARDE. \u201cMe llev\u00f3 a su hangar y consult\u00e9 con Ed\u00e9n\u201d:<\/p>\n<p>\u2014Aqu\u00ed hay un jodido que nos quiere regalar seis aviones Panther \u2014inform\u00f3.<\/p>\n<p>\u2014Para qu\u00e9 putas quiero yo aviones. \u00bfNo tiene otra cosa?<\/p>\n<p>\u2014Tiene un C47, viejito, como de 50 a\u00f1os, pero con instrumentos nuevecitos. Dice que te lo regala.<\/p>\n<p>\u2014\u00bfY qu\u00e9 quiere a cambio?<\/p>\n<p>\u2014Solo conocerte, hablar con vos, porque dice que simpatiza con nuestra causa.<\/p>\n<p>\u2014Agarr\u00e1 el avi\u00f3n pues, pero consultalo \u2014dijo Pastora seg\u00fan la versi\u00f3n de Chamorro sobre ese encuentro.<\/p>\n<p>Tanto Pastora como Chamorro alegan que tuvieron el visto bueno de la CIA para tomar ese avi\u00f3n. Y as\u00ed fue como recibieron ese avi\u00f3n y 30 mil d\u00f3lares para su traslado.<\/p>\n<p>Seis meses despu\u00e9s del encuentro con Pastora, Jorge Morales fue capturado transportando coca\u00edna y se convierte en una de las principales piezas para demostrar el punto negro: el gobierno de Estados Unidos estaba usando a narcotraficantes, a trav\u00e9s de la CIA, para financiar a la contrarrevoluci\u00f3n nicarag\u00fcense. El senador John Kerry, jefe del Subcomit\u00e9 de Narc\u00f3ticos, Terrorismo y Operaciones Internacionales del Senado de los Estados Unidos, condujo la investigaci\u00f3n, seg\u00fan Chamorro, \u201cpara joder a m\u00edster Reagan\u201d, su rival republicano.<\/p>\n<p>Jorge Morales declara que le dio cinco millones de d\u00f3lares y siete aviones a ARDE y que todo eso lo sab\u00eda George Shultz, secretario de Estado. \u201cMentira, \u00bfqu\u00e9 le iban a creer, si todo est\u00e1 registrado\u201d, dice Chamorro quien ya para ese tiempo estaba viviendo en Miami, retirado de ARDE, y fue llamado a declarar.<\/p>\n<p>\u201cKerry me amenaza y me dice que si no digo la verdad me va a meter preso. Yo me disgusto y le digo que puede hacer lo que quiera, pero que ya no le voy a dar ninguna informaci\u00f3n, se la voy a dar al Comit\u00e9 de Inteligencia del Senado de Estados Unidos. Y que si me siguen jodiendo voy a publicar en el Washington Post y el Miami Herald todas las operaciones encubiertas de la CIA. En cinco minutos pararon la investigaci\u00f3n\u201d, relata. \u201cAh\u00ed tengo al carta de exoneraci\u00f3n. Y dicen que yo colabor\u00e9 con esa investigaci\u00f3n\u201d.<\/p>\n<figure id=\"attachment_31889\" aria-describedby=\"caption-attachment-31889\" style=\"width: 700px\" class=\"wp-caption aligncenter\"><a href=\"\/wp-content\/uploads\/2016\/12\/Acr917272546201612526.jpg\"><img loading=\"lazy\" decoding=\"async\" class=\"wp-image-31889 size-full\" src=\"\/wp-content\/uploads\/2016\/12\/Acr917272546201612526.jpg\" alt=\"Adolfo Chamorro\" width=\"700\" height=\"524\" srcset=\"https:\/\/d1xxa24wwackpg.cloudfront.net\/wp-content\/uploads\/2016\/12\/07152151\/Acr917272546201612526.jpg 700w, https:\/\/d1xxa24wwackpg.cloudfront.net\/wp-content\/uploads\/2016\/12\/07152151\/Acr917272546201612526.jpg 300w\" sizes=\"(max-width: 700px) 100vw, 700px\" \/><\/a><figcaption id=\"caption-attachment-31889\" class=\"wp-caption-text\">\u201cARDE fue un catalizador de la revoluci\u00f3n\u201d, dice Adolfo \u201cPopo\u201d Chamorro, ya de civil y administrando un hotel en San Marcos, Carazo.<\/figcaption><\/figure>\n<p style=\"text-align: center;\">***<\/p>\n<p>Loco. H\u00e9roe. Contra. Guerrillero. Vanidoso. Narcotraficante. Mujeriego. Aventurero. Asesino. Comunista. Anticomunista. Valiente. Fanfarr\u00f3n. Ed\u00e9n Pastora ha sido muchas cosas en su vida, seg\u00fan c\u00f3mo y desde d\u00f3nde se le mire.<\/p>\n<p>Loco. \u201cSi estoy loco, soy de los locos que hacen\u201d, dice y menciona lo que considera las tres locuras m\u00e1s grandes de su vida: \u201cUno, dejar mis estudios en Guadalajara para venir a que un guardia analfabeta me metiera un balazo; dos, meterme al Palacio, al coraz\u00f3n del enemigo, con 25 hombres; y tres, abandonar las mieles del poder\u201d. Asegura nunca haber estado bajo tratamiento psiqui\u00e1trico y dormir \u201ccomo un beb\u00e9\u201d.<\/p>\n<p>Vanidoso. \u201cEs posible\u201d, dice Popo Chamorro, uno de los hombres m\u00e1s cercanos a Pastora en los \u00faltimos 30 a\u00f1os. \u201cLe gusta vestirse bien, con su chaqueta de cuero, tiene un rostro simp\u00e1tico, y en su momento (toma del Palacio) \u00e9l aprovech\u00f3 la oportunidad, sac\u00f3 el fusil, y dijo aqu\u00ed est\u00e1 Ed\u00e9n Pastora y se coloc\u00f3 en primera fila de la historia\u201d.<\/p>\n<p>Comunista\/anticomunista. A pesar que en su carta de despedida expuso el comunismo como una de las razones de su marcha, ahora matiza un poco su respuesta: \u201cUn revolucionario no puede ser anticomunista, no puede ser nunca antinada, tiene que ser siempre a favor de, en pro de\u201d.<\/p>\n<p>Aventurero. \u201cDefinitivamente, para ser revolucionario hay que ser aventurero, hay que estar medio loco, hay que ser inquieto, hay que tener valor f\u00edsico, pero principalmente los fundamentos, pol\u00edticos ideol\u00f3gicos. Lo primero que pierde una guerrillero es la familia. Lo \u00faltimo es la vida\u201d, dice.<\/p>\n<p>Mujeriego. \u201cNo hay comandante sandinista que no sea perro a la coyunda, no hay hombre famoso que no sea perro a la coyunda, no hay hombre valiente, los Juan Charrasqueado, los Gabino Barrera. La prensa, la radio, la televisi\u00f3n que se ocupa de m\u00ed\u2026 Todo eso es afrodisiaco. M\u00e1s que tengo un modo contento, jodedor y un ojo p\u00edcaro. Y me gustan las mujeres, me encantan\u201d, confiesa para luego bajarle el tino a su respuesta: \u201cY la mujer que m\u00e1s me encanta es Yolanda, mi mujer. Tengo 50 a\u00f1os de vivir con ella. Ya hace rato estoy calmo. La naturaleza es cruel\u201d (r\u00ede).<\/p>\n<p>Honesto\/deshonesto. \u201cYo manej\u00e9 millones de d\u00f3lares y nunca se me peg\u00f3 un d\u00f3lar. \u00bfQu\u00e9 famoso es pobre?\u201d, se pregunta, y vuelve a sacar con ello su pecado preferido: la vanidad.<\/p>\n<h4>Matar a los Nueve<\/h4>\n<p>En septiembre del 1983, Pastora intent\u00f3 asesinar a los nueve comandantes de la Direcci\u00f3n Nacional del Frente Sandinista, mediante un operativo que denomin\u00f3 \u201cVoltaje al Sol\u201d y que, seg\u00fan dice, no logr\u00f3 su objetivo porque lo sabote\u00f3 la CIA.<br \/>\n\u201cIba a haber una reuni\u00f3n de la Direcci\u00f3n Nacional en la casa de gobierno analizando un viaje de Tom\u00e1s (Borge) a Europa y yo le iba a meter los cuatro aviones. Un hoyo iba a quedar de la Casa Presidencial y la CIA me desbarat\u00f3 ese operativo\u201d, explica.<br \/>\nUno de los aviones cay\u00f3 en el aeropuerto de Managua, otro bombarde\u00f3 Jocote Dulce, otro tir\u00f3 bombas en una f\u00e1brica de alcohol y el cuarto se regres\u00f3, cuando seg\u00fan el plan de Pastora deb\u00edan reunirse en el lago de Managua para, en vuelo rasante, llegar hasta Casa Presidencial, lo que nunca ocurri\u00f3.<\/p>\n<h4>Las razones de ARDE<\/h4>\n<p>\u2022 Pastora dice no sentir ning\u00fan repelo al abrazarse hoy con los mismos que quisieron matarlo, como el atentado de La Penca, dirigido por Tom\u00e1s Borge y Len\u00edn Cerna en 1984. \u201cLa ley de la guerra es eliminar a tus adversarios. Yo lo entiendo. Yo tambi\u00e9n lo hubiera hecho\u201d.<br \/>\n\u2022 El general Humberto Ortega, exjefe del Ej\u00e9rcito, reconoce en su libro<em> La Odisea de Nicaragua<\/em> que cuando Pastora anunci\u00f3 la fundaci\u00f3n de ARDE provoc\u00f3 \u201cla deserci\u00f3n de varios centenares de nuestras fuerzas milicianas que se cruzan a Costa Rica\u201d.<br \/>\n\u2022 Dice Pastora que el objetivo de ARDE no era tomar el poder sino \u201cpresentar una alternativa distinta\u201d. Que ARDE contribuy\u00f3 al fin de la guerra y la paz. \u201cLo m\u00e1s grande que yo logr\u00e9 es que no nos estamos matando todav\u00eda\u201d.<br \/>\n\u2022 Adolfo \u201cPopo\u201d Chamorro dice que ARDE \u201cera un catalizador de la revoluci\u00f3n. Nosotros \u00e9ramos disidentes de la revoluci\u00f3n, ten\u00edamos otro concepto filos\u00f3fico de la situaci\u00f3n. Hab\u00eda que presionar al Frente para que hiciera elecciones\u201d.<br \/>\n\u2022 Cuenta Chamorro que \u00e9l escuch\u00f3 algunas conversaciones por radio que Pastora ten\u00eda con Humberto Ortega, donde Pastora le dec\u00eda: \u201cHumberto, ponele freno a Tom\u00e1s (Borge). Volvamos a los or\u00edgenes de la revoluci\u00f3n\u201d.<br \/>\n\u2022 ARDE muere cuando sus mandos, sin los favores de Estados Unidos, ya comienzan a desconocer a Pastora como jefe y el 18 de junio de 1986 firman con los contrarrevolucionarios del norte la unidad bajo la figura de \u201cResistencia Nicarag\u00fcense\u201d.<br \/>\n\u2022 Ed\u00e9n Pastora se retira a pescar al r\u00edo San Juan hasta que regresa a Nicaragua despu\u00e9s del triunfo de do\u00f1a Violeta Barrios de Chamorro.<\/p>\n<figure id=\"attachment_31891\" aria-describedby=\"caption-attachment-31891\" style=\"width: 700px\" class=\"wp-caption aligncenter\"><a href=\"\/wp-content\/uploads\/2016\/12\/Acr9172725462016-14736.jpg\"><img loading=\"lazy\" decoding=\"async\" class=\"size-full wp-image-31891\" src=\"\/wp-content\/uploads\/2016\/12\/Acr9172725462016-14736.jpg\" alt=\"Ed\u00e9n Pastora y Tom\u00e1s Borge\" width=\"700\" height=\"993\" srcset=\"https:\/\/d1xxa24wwackpg.cloudfront.net\/wp-content\/uploads\/2016\/12\/07152148\/Acr9172725462016-14736.jpg 700w, https:\/\/d1xxa24wwackpg.cloudfront.net\/wp-content\/uploads\/2016\/12\/07152148\/Acr9172725462016-14736.jpg 211w\" sizes=\"(max-width: 700px) 100vw, 700px\" \/><\/a><figcaption id=\"caption-attachment-31891\" class=\"wp-caption-text\">A pesar de los abrazos, entre Pastora y Tom\u00e1s Borge hubo una sorda e intensa disputa. Dice Pastora que antes de renunciar a sus cargos en el gobierno sandinista, en cuatro ocasiones planearon atentados contra \u00e9l, aunque no se atreve a acusar a Borge de ellos.<\/figcaption><\/figure>\n<p>&nbsp;<\/p>\n<p><a href=\"\/wp-content\/uploads\/2016\/12\/Acr9172725462016-29203.jpg\"><img loading=\"lazy\" decoding=\"async\" class=\"wp-image-31892 size-thumbnail alignleft\" src=\"\/wp-content\/uploads\/2016\/12\/Acr9172725462016-29203-150x150.jpg\" alt=\"Hugo Torres, MRS. Managua 12 de julio 2006. Foto LA PRENSA\/Guillermo Flores\" width=\"150\" height=\"150\" srcset=\"https:\/\/d1xxa24wwackpg.cloudfront.net\/wp-content\/uploads\/2016\/12\/07152147\/Acr9172725462016-29203.jpg 150w, https:\/\/d1xxa24wwackpg.cloudfront.net\/wp-content\/uploads\/2016\/12\/07152147\/Acr9172725462016-29203.jpg 600w, https:\/\/d1xxa24wwackpg.cloudfront.net\/wp-content\/uploads\/2016\/12\/07152147\/Acr9172725462016-29203.jpg 24w, https:\/\/d1xxa24wwackpg.cloudfront.net\/wp-content\/uploads\/2016\/12\/07152147\/Acr9172725462016-29203.jpg 48w, https:\/\/d1xxa24wwackpg.cloudfront.net\/wp-content\/uploads\/2016\/12\/07152147\/Acr9172725462016-29203.jpg 96w, https:\/\/d1xxa24wwackpg.cloudfront.net\/wp-content\/uploads\/2016\/12\/07152147\/Acr9172725462016-29203.jpg 682w\" sizes=\"(max-width: 150px) 100vw, 150px\" \/><\/a><\/p>\n<blockquote>\n<p style=\"text-align: center;\">\u201cARDE es el resultado del resentimiento de Pastora, de un ego muy grande. Murieron muchas personas por ello, incluso civiles, por las acciones de ARDE. Tengo en la memoria una madre que muri\u00f3 con su hijo en un refugio por los morteros de ARDE\u201d.<\/p>\n<p style=\"text-align: center;\">General (r) Hugo Torres, exjefe de la Direcci\u00f3n Pol\u00edtica del Ej\u00e9rcito Popular Sandinista<\/p>\n<\/blockquote>\n","protected":false},"excerpt":{"rendered":"<p>La Contra, su relaci\u00f3n con la CIA y el narcotr\u00e1fico forman una nebulosa en la vida de Ed\u00e9n Pastora, un hombre que dice haber peleado tres guerras y tres guerrillas<\/p>\n","protected":false},"author":46,"featured_media":31883,"comment_status":"open","ping_status":"open","sticky":false,"template":"","format":"standard","meta":{"_acf_changed":false,"footnotes":""},"categories":[26],"tags":[],"class_list":["post-30827","post","type-post","status-publish","format-standard","has-post-thumbnail","hentry","category-reportajes"],"acf":[],"_links":{"self":[{"href":"https:\/\/staging.laprensanic.com\/magazine\/wp-json\/wp\/v2\/posts\/30827","targetHints":{"allow":["GET"]}}],"collection":[{"href":"https:\/\/staging.laprensanic.com\/magazine\/wp-json\/wp\/v2\/posts"}],"about":[{"href":"https:\/\/staging.laprensanic.com\/magazine\/wp-json\/wp\/v2\/types\/post"}],"author":[{"embeddable":true,"href":"https:\/\/staging.laprensanic.com\/magazine\/wp-json\/wp\/v2\/users\/46"}],"replies":[{"embeddable":true,"href":"https:\/\/staging.laprensanic.com\/magazine\/wp-json\/wp\/v2\/comments?post=30827"}],"version-history":[{"count":16,"href":"https:\/\/staging.laprensanic.com\/magazine\/wp-json\/wp\/v2\/posts\/30827\/revisions"}],"predecessor-version":[{"id":48322,"href":"https:\/\/staging.laprensanic.com\/magazine\/wp-json\/wp\/v2\/posts\/30827\/revisions\/48322"}],"wp:featuredmedia":[{"embeddable":true,"href":"https:\/\/staging.laprensanic.com\/magazine\/wp-json\/wp\/v2\/media\/31883"}],"wp:attachment":[{"href":"https:\/\/staging.laprensanic.com\/magazine\/wp-json\/wp\/v2\/media?parent=30827"}],"wp:term":[{"taxonomy":"category","embeddable":true,"href":"https:\/\/staging.laprensanic.com\/magazine\/wp-json\/wp\/v2\/categories?post=30827"},{"taxonomy":"post_tag","embeddable":true,"href":"https:\/\/staging.laprensanic.com\/magazine\/wp-json\/wp\/v2\/tags?post=30827"}],"curies":[{"name":"wp","href":"https:\/\/api.w.org\/{rel}","templated":true}]}}