{"id":30838,"date":"2013-09-08T15:14:56","date_gmt":"2013-09-08T21:14:56","guid":{"rendered":"https:\/\/www.magazine.com.ni\/?p=30838"},"modified":"2018-10-03T02:47:00","modified_gmt":"2018-10-03T02:47:00","slug":"el-cerebro-del-poeta","status":"publish","type":"post","link":"https:\/\/staging.laprensanic.com\/magazine\/reportajes\/el-cerebro-del-poeta\/","title":{"rendered":"El cerebro del poeta Rub\u00e9n Dar\u00edo"},"content":{"rendered":"<p style=\"text-align: center;\">Que rod\u00f3 por la calle, que estuvo en la estaci\u00f3n policial, que fue intercambiado por el de una somote\u00f1a&#8230; El cerebro de Rub\u00e9n Dar\u00edo se convirti\u00f3 en una novela de terror y a su alrededor se tejieron versiones del paradero<\/p>\n<p style=\"text-align: center;\"><strong>Por Dora Luz Romero<\/strong><\/p>\n<p>No. No era una simple pesadilla como todos hab\u00edan cre\u00eddo. Tampoco era el efecto de sus delirios por las altas fiebres. Aquella imagen que cruz\u00f3 su cabeza fue un mal presagio que se cumpli\u00f3 m\u00e1s tarde.<\/p>\n<p>\u2014Que he visto como descuartizaban mi cuerpo y que se disputaban mis v\u00edsceras. S\u00ed, s\u00ed, as\u00ed como lo oyen, se disputaban mis v\u00edsceras \u2014dijo alterado el poeta.<\/p>\n<p>Quienes lo rodeaban hicieron un intento por tranquilizarlo. \u00c9l, estaba acostado en su cama, a la par ten\u00eda una mesa donde guardaba libros y pa\u00f1uelos. Para entonces le\u00eda los dramas de Henrik Ibsen. No eran d\u00edas f\u00e1ciles para el poeta. Casi no dorm\u00eda, y si lo hac\u00eda era gracias a los calmantes. Su piel luc\u00eda p\u00e1lida y el abdomen inflamado. Y aunque no llegaba a los 50 a\u00f1os, quienes pudieron verlo as\u00ed lo comparaban con un se\u00f1or de m\u00e1s de 60 a\u00f1os.<\/p>\n<p>D\u00edas despu\u00e9s de aquel sobresalto, Rub\u00e9n Dar\u00edo muri\u00f3. Fue el domingo 6 de febrero de 1916 a las 10:18 de la noche. Esa misma madrugada, la frase dicha por el poeta comenzaba a tener sentido.<\/p>\n<p>Horas despu\u00e9s de muerto, lo abrieron. Para que el cuerpo perdurara tuvieron que sacarle las v\u00edsceras y despu\u00e9s lo rellenaron de algod\u00f3n. Lo embalsamaron. Las partes de su cuerpo comenzaron a ser repartidas como naipes en partida de p\u00f3quer. El cerebro y el coraz\u00f3n ser\u00edan para su m\u00e9dico y amigo Luis H. Debayle. Rosario Murillo, la viuda, le hab\u00eda prometido d\u00e1rselos para ser estudiados. Uno de sus ri\u00f1ones se conservar\u00eda en el Museo de la Universidad Nacional. El resto ser\u00eda enterrado. Eran los comentarios entre los familiares y lo que algunos medios de la \u00e9poca registraron.<\/p>\n<p>Pero comenz\u00f3 la disputa. Entr\u00f3 en escena Andr\u00e9s Murillo, el cu\u00f1ado de Dar\u00edo, quien reclamaba el cerebro. Un pleito entre la viuda, su hermano y el m\u00e9dico que desencaden\u00f3 una serie de eventos macabros.<\/p>\n<p>La muerte de Dar\u00edo y lo que vino despu\u00e9s da para escribir una novela. Que el cerebro rod\u00f3 por la calle, que permaneci\u00f3 en una estaci\u00f3n policial, que fue llevado a Managua en una maleta, que lo intercambiaron por el de una somote\u00f1a, que se le hizo un estudio falso. \u00bfCu\u00e1nta verdad y cu\u00e1nta mentira?<\/p>\n<p>Han pasado 97 a\u00f1os y hay m\u00e1s dudas que certezas, hay m\u00e1s versiones que verdades.<\/p>\n<figure id=\"attachment_32019\" aria-describedby=\"caption-attachment-32019\" style=\"width: 640px\" class=\"wp-caption aligncenter\"><a href=\"\/wp-content\/uploads\/2016\/12\/Acr917272546201610993.jpg\"><img fetchpriority=\"high\" decoding=\"async\" class=\"size-large wp-image-32019\" src=\"\/wp-content\/uploads\/2016\/12\/Acr917272546201610993-697x1024.jpg\" alt=\"Rub\u00e9n Dar\u00edo muri\u00f3 en Le\u00f3n el 6 de febrero de 1916 a las 10:18 de la noche.\" width=\"640\" height=\"940\" srcset=\"https:\/\/d1xxa24wwackpg.cloudfront.net\/wp-content\/uploads\/2016\/12\/07152024\/Acr917272546201610993.jpg 697w, https:\/\/d1xxa24wwackpg.cloudfront.net\/wp-content\/uploads\/2016\/12\/07152024\/Acr917272546201610993.jpg 204w, https:\/\/d1xxa24wwackpg.cloudfront.net\/wp-content\/uploads\/2016\/12\/07152024\/Acr917272546201610993.jpg 700w\" sizes=\"(max-width: 640px) 100vw, 640px\" \/><\/a><figcaption id=\"caption-attachment-32019\" class=\"wp-caption-text\">Rub\u00e9n Dar\u00edo muri\u00f3 en Le\u00f3n el 6 de febrero de 1916 a las 10:18 de la noche.<\/figcaption><\/figure>\n<p style=\"text-align: center;\">***<\/p>\n<p>\u201c Ya que mi patria no me guard\u00f3 vivo, que me conserve muerto\u201d, dijo alguna vez Dar\u00edo. Quiz\u00e1s por eso no fue una mera casualidad que en 1915 emprendiera el viaje de regreso a su natal Nicaragua. Para los primeros meses de ese a\u00f1o se encontraba en Nueva York, solo y sin dinero. Ah\u00ed contrajo una pulmon\u00eda doble que casi lo lleva a la tumba.<\/p>\n<p>En esa situaci\u00f3n, Dar\u00edo recibi\u00f3 una invitaci\u00f3n del dictador guatemalteco Manuel Estrada Cabrera para llegar a su pa\u00eds. \u00bfHacer poemas para la madre del dictador? Si hubo algo que le llovi\u00f3 fueron cr\u00edticas, pero Dar\u00edo acept\u00f3 y as\u00ed estaba a solo un paso de Nicaragua. Una vez en Guatemala, siempre enfermo, sus amigos en Nicaragua le insistieron a Rosario Murillo, su esposa, que fuera por \u00e9l. Murillo viaj\u00f3 a Guatemala y el 25 de noviembre de 1915 el poeta regres\u00f3, entr\u00f3 por Corinto, donde le recibieron con j\u00fabilo.<\/p>\n<p>Estuvo en Managua poco m\u00e1s de un mes, atacado por calenturas, n\u00e1useas y hemorragias, pero el 7 de enero de 1916 lo trasladaron a la ciudad de Le\u00f3n. Para finales de ese mes Nicaragua entera sab\u00eda que la salud del poeta solo empeoraba. Sus amigos lo visitaban, \u00e9l logr\u00f3 hacer su testamento y tambi\u00e9n recibir los santos \u00f3leos.<\/p>\n<p><a href=\"\/suscribase\"><img decoding=\"async\" class=\"aligncenter wp-image-39866 size-full\" src=\"\/wp-content\/uploads\/2007\/12\/Cintillo-850x150.gif\" alt=\"\" width=\"850\" height=\"149\" \/><\/a><\/p>\n<p>A las 10:18 p.m. del 6 de febrero de 1916 dej\u00f3 de respirar. Le\u00f3n se llen\u00f3 de tristeza, Le\u00f3n lloraba la p\u00e9rdida. Y estando ah\u00ed, sobre la cama en la que sufri\u00f3 su agon\u00eda, comenz\u00f3 el manoseo de su cuerpo.<\/p>\n<p>Listos estaban los fot\u00f3grafos, los m\u00e9dicos, el dibujante. Octavio Torrealba, un dibujante que hab\u00eda realizado algunos bosquejos de sus rasgos previos a su muerte, estaba preparado. Con un l\u00e1piz en mano y frente al cad\u00e1ver comenz\u00f3 a dibujar en un pedazo de papel al Dar\u00edo muerto. Luego, el artista Jos\u00e9 L\u00f3pez hizo la mascarilla de yeso. Adem\u00e1s, hab\u00eda dos fot\u00f3grafos y un barbero, encargados de hacerlo lucir bien. Ser\u00edan miles los que llegar\u00edan a verle. Y por supuesto, los m\u00e9dicos, encargados de vaciarlo, de sacarle las v\u00edsceras y luego embalsamarlo. El coraz\u00f3n se lo qued\u00f3 Debayle, un ri\u00f1\u00f3n, se dice, fue donado a la universidad. El resto de las v\u00edsceras fueron enterradas en el cementerio de Guadalupe junto a los restos de la t\u00eda Bernarda Sarmiento. \u00bfY el cerebro?<\/p>\n<figure id=\"attachment_32011\" aria-describedby=\"caption-attachment-32011\" style=\"width: 640px\" class=\"wp-caption aligncenter\"><a href=\"\/wp-content\/uploads\/2016\/12\/Acr91727254620161811.jpg\"><img decoding=\"async\" class=\"size-large wp-image-32011\" src=\"\/wp-content\/uploads\/2016\/12\/Acr91727254620161811-697x1024.jpg\" alt=\"Rub\u00e9n Dar\u00edo junto al doctor Luis H. Debayle\" width=\"640\" height=\"940\" srcset=\"https:\/\/d1xxa24wwackpg.cloudfront.net\/wp-content\/uploads\/2016\/12\/07152031\/Acr91727254620161811.jpg 697w, https:\/\/d1xxa24wwackpg.cloudfront.net\/wp-content\/uploads\/2016\/12\/07152031\/Acr91727254620161811.jpg 204w, https:\/\/d1xxa24wwackpg.cloudfront.net\/wp-content\/uploads\/2016\/12\/07152031\/Acr91727254620161811.jpg 700w\" sizes=\"(max-width: 640px) 100vw, 640px\" \/><\/a><figcaption id=\"caption-attachment-32011\" class=\"wp-caption-text\">Rub\u00e9n Dar\u00edo junto al doctor Luis H. Debayle, su m\u00e9dico y adem\u00e1s uno de sus mejores amigos.<\/figcaption><\/figure>\n<p style=\"text-align: center;\">***<\/p>\n<p style=\"text-align: center;\"><a href=\"\/wp-content\/uploads\/2016\/12\/Acr91727254620165562.jpg\"><img loading=\"lazy\" decoding=\"async\" class=\"aligncenter wp-image-32016 size-medium\" src=\"\/wp-content\/uploads\/2016\/12\/Acr91727254620165562-300x281.jpg\" alt=\"Managua 8 de Nov del 2012.Dr Carlos Tunnerman, ensu casa de Bolonio y equipos electronicos en Sony.Foto Uriel Molina\/LA PRENSA\" width=\"300\" height=\"281\" srcset=\"https:\/\/d1xxa24wwackpg.cloudfront.net\/wp-content\/uploads\/2016\/12\/07152025\/Acr91727254620165562.jpg 300w, https:\/\/d1xxa24wwackpg.cloudfront.net\/wp-content\/uploads\/2016\/12\/07152025\/Acr91727254620165562.jpg 700w\" sizes=\"(max-width: 300px) 100vw, 300px\" \/><\/a><\/p>\n<blockquote>\n<p style=\"text-align: center;\">\u201cDebayle era un hombre muy h\u00e1bil y \u00e9l ten\u00eda la intenci\u00f3n de quedarse con el cerebro. Ya ten\u00eda el coraz\u00f3n. No era as\u00ed nom\u00e1s que se iba a dejar arrebatar el cerebro\u201d.<\/p>\n<p style=\"text-align: center;\">Carlos T\u00fcnnermann Bernheim, abogado y estudioso dariano.<\/p>\n<\/blockquote>\n<p style=\"text-align: center;\">***<\/p>\n<p>Madrugada del 8 de febrero de 1916. El doctor Salvador P\u00e9rez Grijalba con las manos enguantadas recibe en sus manos el cerebro de Rub\u00e9n Dar\u00edo. Tem\u00eda maltratarlo, as\u00ed que al tomarlo fue muy cuidadoso. \u201cMomento solemne fue el contemplar el cerebro reci\u00e9n salido de la caja craneana\u201d, dijo a\u00f1os m\u00e1s tarde en un relato que titul\u00f3: El cerebro de Rub\u00e9n Dar\u00edo est\u00e1 en\u2026. Lo tom\u00f3, lo midi\u00f3, lo pes\u00f3. 1,415 gramos de peso, 18 cent\u00edmetros de longitud y 15 cent\u00edmetros de anchura. A los m\u00e9dicos Luis H. Debayle y Escol\u00e1stico Lara, encargados de la extracci\u00f3n, les hab\u00eda tomado tres horas el procedimiento. Luego, con delicadeza debieron dejarle la cabeza intacta, disimulando la ausencia de la masa. Lo rellenaron, le cocieron el cr\u00e1neo, lo peinaron y lo maquillaron para as\u00ed continuar los homenajes el d\u00eda siguiente.<\/p>\n<p>Mientras los m\u00e9dicos permanec\u00edan en el cuarto, entr\u00f3 Andr\u00e9s Murillo, hermano de la viuda, quien les arrebat\u00f3 el cerebro. Y comenzaron los gritos. Los vecinos, curiosos, abr\u00edan las puertas de sus casas para darse cuenta qu\u00e9 era lo que ocurr\u00eda.<\/p>\n<p>\u2014\u00a1Su\u00e9ltalo, b\u00e1rbaro! \u2014gritaba Debayle, seg\u00fan el relato de P\u00e9rez Grijalba, quien fue testigo de la escena.<\/p>\n<p>\u201cMurillo, lleno de p\u00e1nico, solt\u00f3 el cerebro que rod\u00f3 por el suelo\u201d, describi\u00f3 luego el periodista Gabry Rivas en uno de sus art\u00edculos.<\/p>\n<p>En el alboroto apareci\u00f3 un agente policial, quien sin cuidado alguno tom\u00f3 el cerebro y lo llev\u00f3 a la Direcci\u00f3n de Polic\u00eda. Hay algunas versiones que afirman que el agente le quit\u00f3 el cerebro a Debayle, quien pretend\u00eda huir con \u00e9l, otras afirman que le fue arrebatado a Murillo. Lo cierto es que lleg\u00f3 a parar a la estaci\u00f3n policial.<\/p>\n<p>\u2014\u00a1Todo nuestro trabajo ha sido in\u00fatil por la incomprensi\u00f3n! \u2014se quej\u00f3 Escol\u00e1stico Lara.<\/p>\n<p><a href=\"\/suscribase\"><img loading=\"lazy\" decoding=\"async\" class=\"aligncenter wp-image-39867 size-full\" src=\"\/wp-content\/uploads\/2007\/12\/Bot\u00f3n-400x150.gif\" alt=\"\" width=\"400\" height=\"149\" \/><\/a><\/p>\n<p>El cerebro permaneci\u00f3 un par de horas en la polic\u00eda, hasta que por \u00f3rdenes del presidente Adolfo D\u00edaz fue entregado a la viuda.<\/p>\n<p>\u201cFue una cosa macabra lo que sucedi\u00f3 con Dar\u00edo. M\u00e1s este pleito con el cerebro rodando por el suelo, llega a estar en una oficina de la polic\u00eda\u201d, se lamenta el estudioso dariano Carlos T\u00fcnnermann.<\/p>\n<p>\u201cPocas horas m\u00e1s tarde (Andr\u00e9s) Murillo consegu\u00eda su intento: En una miserable maleta de viaje el cerebro hac\u00eda un viaje tr\u00e1gico sobre una cabalgadura que conduc\u00eda un montado, rumbo a la Ceiba, pueblecito cercano a Le\u00f3n. Desde ah\u00ed el cerebro de Dar\u00edo amparado por la noche, a la ma\u00f1ana siguiente, sigui\u00f3 a Managua debajo de los grasosos asientos de un carro de tercera clase. Lleg\u00f3 a la capital en una vasija repleta de alcohol\u201d, relat\u00f3 Gabry Rivas, seg\u00fan cita Arturo Torres Rioseco en su libro Rub\u00e9n Dar\u00edo, casticismo y americanismo: estudios precedidos de la biograf\u00eda del poeta.<\/p>\n<p>En la \u00e9poca se rumoraba que Andr\u00e9s Murillo hab\u00eda ofrecido vender el cerebro al diario La Naci\u00f3n de Argentina para que lo guardasen como una reliquia. La revista Ateneo de El Salvador public\u00f3 que el diario hab\u00eda ofrecido 50 mil d\u00f3lares. Tiempo despu\u00e9s se supo que no hubo tal ofrecimiento de parte del diario.<\/p>\n<p>Pasaron algunos d\u00edas y pronto el cerebro apareci\u00f3 en Granada. Le fue entregado al doctor Juan Jos\u00e9 Mart\u00ednez. Era una petici\u00f3n de la viuda para que este realizara un estudio. \u201cSupl\u00edcole fotografiar el cerebro antes hacer an\u00e1lisis, por todos los medios trate de conservar su forma\u201d, le escribi\u00f3 en un telegrama. El mismo Debayle aseguraba en una aut\u00f3grafa que as\u00ed hab\u00edan ocurrido los hechos, una aut\u00f3grafa que seg\u00fan T\u00fcnnermann solamente serv\u00eda para desviar la atenci\u00f3n sobre el paradero del verdadero cerebro.<\/p>\n<p>El 20 de junio de 1916, Mart\u00ednez public\u00f3 un documento titulado Consideraciones sobre el cerebro y personalidad de Rub\u00e9n Dar\u00edo. A trav\u00e9s de las p\u00e1ginas explicaba que lo recibi\u00f3 el 16 de febrero a las 10:00 a.m. \u201cHab\u00eda sido muy bien preparado, inyectado y ba\u00f1ado con una soluci\u00f3n de formalina, pero me lleg\u00f3 seco en una urna de vidrio\u201d, dej\u00f3 claro.<\/p>\n<p>Adem\u00e1s en esas p\u00e1ginas realiza una descripci\u00f3n de la superficie del cerebro. \u201cEl \u00f3rgano tiene muchos caracteres que corresponden a los cerebros de los genios\u201d. Mart\u00ednez se mostraba sorprendido por el peso que le hab\u00edan dicho ten\u00eda: 1,850 gramos. \u201cSu peso extraordinario, sus dimensiones, su volumen originario, seg\u00fan los informes que se me suministraron, porque, como ya expres\u00e9, el cerebro me lleg\u00f3 despu\u00e9s de muchos d\u00edas de extra\u00eddo\u201d.<\/p>\n<p>Hasta ah\u00ed llegaba la historia del cerebro de Dar\u00edo. \u00bfQu\u00e9 hab\u00eda pasado luego? Ni Mart\u00ednez, ni Murillo, ni Debayle dijeron m\u00e1s.<\/p>\n<p>Casi cincuenta a\u00f1os m\u00e1s tarde, cuando el tema parec\u00eda olvidado y la versi\u00f3n del estudio de Mart\u00ednez se tomaba como un punto de referencia, apareci\u00f3 un escrito en Cuadernos Universitarios del mes de septiembre de 1962, firmado por el doctor Salvador P\u00e9rez Grijalba, quien hab\u00eda sido ayudante de los m\u00e9dicos que realizaron la autopsia y extracci\u00f3n del cerebro de Dar\u00edo.<\/p>\n<p>\u00c9l ten\u00eda otra versi\u00f3n que contar. Una donde dejaba claro que el doctor Mart\u00ednez hab\u00eda estudiado un cerebro que no era el de Dar\u00edo, sino de una mujer somote\u00f1a.<\/p>\n<p style=\"text-align: center;\">***<\/p>\n<p><a href=\"\/wp-content\/uploads\/2016\/12\/Acr917272546201610267.jpg\"><img loading=\"lazy\" decoding=\"async\" class=\"aligncenter wp-image-32015 size-medium\" src=\"\/wp-content\/uploads\/2016\/12\/Acr917272546201610267-275x300.jpg\" alt=\"Dr. Bayardo Cuadra, historiador, y cronista deportivo, durante una entrevista en su casa de habitaci\u00f3n el 15 de junio, 2011. GERMAN MIRANDA\/LA PRENSA\" width=\"275\" height=\"300\" srcset=\"https:\/\/d1xxa24wwackpg.cloudfront.net\/wp-content\/uploads\/2016\/12\/07152027\/Acr917272546201610267.jpg 275w, https:\/\/d1xxa24wwackpg.cloudfront.net\/wp-content\/uploads\/2016\/12\/07152027\/Acr917272546201610267.jpg 700w\" sizes=\"(max-width: 275px) 100vw, 275px\" \/><\/a><\/p>\n<blockquote>\n<p style=\"text-align: center;\">\u201cNo existe una versi\u00f3n suficientemente documentada y verificable que nos indique el destino\u00a0real del cerebro de Dar\u00edo\u201d.<\/p>\n<p style=\"text-align: center;\">Bayardo Cuadra, historiador.<\/p>\n<p style=\"text-align: center;\">***<\/p>\n<\/blockquote>\n<p>Una promesa mantuvo a Salvador P\u00e9rez Grijalba en silencio por m\u00e1s de cuarenta a\u00f1os. \u201cProm\u00e9teme una discreci\u00f3n absoluta, te lo pido en nombre de tus adorados padres, no debes decir ni una palabra de este asunto mientras yo viva\u201d, le pidi\u00f3 en voz baja el doctor Luis H. Debayle aquel febrero de 1916. Y as\u00ed lo hizo.<\/p>\n<p>Para entender esta parte de la historia hay que tener claro que Debayle era un hombre muy h\u00e1bil, dice el estudioso dariano Carlos T\u00fcnnermann. Despu\u00e9s de que Murillo se llev\u00f3 el cerebro, \u00e9l no se quedar\u00eda de brazos cruzados tan f\u00e1cilmente.<\/p>\n<p>Era la tarde del 8 de febrero de 1916 cuando Grijalba recibi\u00f3 la orden de Debayle:<\/p>\n<p>\u2014Necesitamos un cerebro para hacer el cambio, no debemos permitir que el cerebro de Rub\u00e9n nos lo arrebaten, es nuestro, de nuestra universidad.<\/p>\n<p>Grijalba llam\u00f3 al hospital San Vicente para tener informaci\u00f3n y el 10 de febrero avisaron que hab\u00eda un cad\u00e1ver para los estudiantes de disecci\u00f3n. \u201cTrabajamos las horas reglamentarias y esper\u00e9 el silencio de las horas vespertinas para, calladamente, acompa\u00f1ado del silencio de la sala, hacer la extracci\u00f3n del cerebro, tan deseado por las circunstancias, de una mujer humilde\u2026 El cerebro era voluminoso debido al edema, apropiado para hacer el cambio\u201d, explica en el documento titulado El Cerebro de Rub\u00e9n Dar\u00edo est\u00e1 en\u2026 y que public\u00f3 en Cuadernos Universitarios en septiembre de 1962. Mar\u00eda Ruiz, de unos 50 a\u00f1os, costurera, originaria de Somoto, son algunas de las caracter\u00edsticas de la mujer cuyo cerebro fue intercambiado por el de Dar\u00edo.<\/p>\n<p>Seg\u00fan la versi\u00f3n del doctor Salvador P\u00e9rez Grijalba, publicada en septiembre de 1962, el cerebro de Rub\u00e9n Dar\u00edo se encuentra junto a su cuerpo en la Bas\u00edlica Catedral de La Asunci\u00f3n de Le\u00f3n.<\/p>\n<p><a href=\"\/suscribase\"><img loading=\"lazy\" decoding=\"async\" class=\"aligncenter size-full wp-image-39866\" src=\"\/wp-content\/uploads\/2007\/12\/Cintillo-850x150.gif\" alt=\"\" width=\"850\" height=\"149\" \/><\/a><\/p>\n<p>Esa noche Grijalba le entreg\u00f3 el cerebro a Debayle. Dos d\u00edas despu\u00e9s nuevamente su maestro lo llam\u00f3 y le dijo:<\/p>\n<p>\u2014Aqu\u00ed te tengo esto, no pregunt\u00e9s nada, te he llamado para que tratemos de conservarlo cuando antes. Mir\u00e1, est\u00e1 muy deteriorado.<\/p>\n<p>Grijalba ten\u00eda, por segunda vez, el cerebro del poeta. Pero ya no era el mismo. Seg\u00fan sus anotaciones hab\u00eda perdido su forma, y mostraba desgarraduras y mutilaciones.<\/p>\n<p>Sin precisar cu\u00e1nto tiempo despu\u00e9s, Grijalba cuenta que vio que el frasco donde estaba guardado el cerebro de Dar\u00edo estaba vac\u00edo. El doctor Lara le explic\u00f3 que debido a su mal aspecto Debayle hab\u00eda decidido enterrarlo junto a los restos del poeta. \u201cEl cerebro aut\u00e9ntico del inmortal panida nadie lo tiene, est\u00e1, donde debe estar en la tumba bajo las arcadas de la gran Bas\u00edlica de la muy noble y leal ciudad de Santiago de Le\u00f3n de los Caballeros\u201d, finaliz\u00f3 Grijalba.<\/p>\n<p>De esta historia ya han pasado 97 a\u00f1os y ni los historiadores y estudiosos darianos saben con certeza el verdadero paradero del cerebro del poeta. Versiones hay, dice Carlos T\u00fcnnermann, pero para certeza habr\u00eda que abrir la tumba de Dar\u00edo.<\/p>\n<figure id=\"attachment_32013\" aria-describedby=\"caption-attachment-32013\" style=\"width: 700px\" class=\"wp-caption aligncenter\"><a href=\"\/wp-content\/uploads\/2016\/12\/Acr9172725462016-7297.jpg\"><img loading=\"lazy\" decoding=\"async\" class=\"size-full wp-image-32013\" src=\"\/wp-content\/uploads\/2016\/12\/Acr9172725462016-7297.jpg\" alt=\"Catedral de Le\u00f3n foto Uriel Molina\/LA PRENSA\" width=\"700\" height=\"572\" srcset=\"https:\/\/d1xxa24wwackpg.cloudfront.net\/wp-content\/uploads\/2016\/12\/07152029\/Acr9172725462016-7297.jpg 700w, https:\/\/d1xxa24wwackpg.cloudfront.net\/wp-content\/uploads\/2016\/12\/07152029\/Acr9172725462016-7297.jpg 300w\" sizes=\"(max-width: 700px) 100vw, 700px\" \/><\/a><figcaption id=\"caption-attachment-32013\" class=\"wp-caption-text\">Seg\u00fan la versi\u00f3n del doctor Salvador P\u00e9rez Grijalba, publicada en septiembre de 1962, el cerebro de Rub\u00e9n Dar\u00edo se encuentra junto a su cuerpo en la Bas\u00edlica Catedral de La Asunci\u00f3n de Le\u00f3n.<\/figcaption><\/figure>\n<h4>Muerte en n\u00fameros<\/h4>\n<p>5<\/p>\n<p>horas es lo que se calcula que tardaron los m\u00e9dicos realiz\u00e1ndole la autopsia. Cirrosis fue el diagn\u00f3stico.<br \/>\n28<\/p>\n<p>horas despu\u00e9s de muerto se realiz\u00f3 la extracci\u00f3n del cerebro, que dur\u00f3 aproximadamente tres horas.<br \/>\n7<\/p>\n<p>d\u00edas despu\u00e9s de fallecido fue enterrado Rub\u00e9n Dar\u00edo en la Bas\u00edlica Catedral de La Asunci\u00f3n en Le\u00f3n.<br \/>\n1415<\/p>\n<p>gramos pes\u00f3 el cerebro de Dar\u00edo, seg\u00fan el doctor Salvador P\u00e9rez Grijalba, en un art\u00edculo titulado: El cerebro de Rub\u00e9n Dar\u00edo est\u00e1 en&#8230;<\/p>\n<h4>Revelaciones de la autopsia<\/h4>\n<p>La madrugada del 7 de febrero de 1916 los m\u00e9dicos realizaron la autopsia de Rub\u00e9n Dar\u00edo. Luego le sacaron los \u00f3rganos para que su cuerpo no se corrompiera y as\u00ed poder realizar los homenajes que duraron siete d\u00edas.<\/p>\n<p>Muri\u00f3 de cirrosis atr\u00f3fica tal y como lo hab\u00eda dicho el doctor Luis H. Debayle. Algunos detalles que salieron a luz:<\/p>\n<p>\u2014El h\u00edgado ten\u00eda color blanquecino, estaba fibroso y duro. No ten\u00eda pus ni lesi\u00f3n alguna.<\/p>\n<p>\u2014El coraz\u00f3n ten\u00eda grandes dimensiones y estaba cubierto de gordura.<\/p>\n<p>\u2014Sus pulmones al igual que sus dem\u00e1s v\u00edsceras se encontraban en buen estado. Los pulmones botaban el diagn\u00f3stico de los m\u00e9dicos en Guatemala quienes aseguraron que Dar\u00edo ten\u00eda tuberculosis.<\/p>\n<h4>Versiones<\/h4>\n<p>La versi\u00f3n de Salvador P\u00e9rez Grijalba, asegura el historiador Bayardo Cuadra es la m\u00e1s cre\u00edble, o al menos la m\u00e1s cercana a la realidad. No solo por el relato sino tambi\u00e9n porque Grijalba manifest\u00f3 ser un testigo presencial de los hechos. En caso de que el frasco hubiera quedado en posesi\u00f3n de las familias Debayle, Murillo o Mart\u00ednez la informaci\u00f3n habr\u00eda trascendido a miembros y conocidos de las familias, y eso nunca pas\u00f3, asegura Cuadra.<\/p>\n<p>Por su parte, el estudioso dariano Carlos T\u00fcnnermann, afirma que solo hay dos posibles caminos que tomar. \u201cO le creemos al doctor Salvador P\u00e9rez Grijalba que el cerebro de Dar\u00edo est\u00e1 en la Catedral o \u00bfqu\u00e9 hizo Mart\u00ednez con el cerebro? Si era el de Dar\u00edo, \u00bfqu\u00e9 hizo con \u00e9l? Eso no se sabe\u201d. Por eso, T\u00fcnnermann tambi\u00e9n prefiere quedarse con la versi\u00f3n de Grijalba. \u201cEl estudio de Mart\u00ednez no dice mayor cosa, ni siquiera dice qu\u00e9 se hizo con el cerebro. Al menos aqu\u00ed, el doctor P\u00e9rez Grijalba, nos da la tranquilidad que el cerebro reposa en la misma cripta de Rub\u00e9n\u201d.<\/p>\n","protected":false},"excerpt":{"rendered":"<p>Que rod\u00f3 por la calle, que estuvo en la estaci\u00f3n policial, que fue intercambiado por el de una somote\u00f1a&#8230; El cerebro de Rub\u00e9n Dar\u00edo se convirti\u00f3 en una novela de terror y a su alrededor se tejieron versiones del paradero<\/p>\n","protected":false},"author":46,"featured_media":32299,"comment_status":"open","ping_status":"open","sticky":false,"template":"","format":"standard","meta":{"_acf_changed":false,"footnotes":""},"categories":[26],"tags":[],"class_list":["post-30838","post","type-post","status-publish","format-standard","has-post-thumbnail","hentry","category-reportajes"],"acf":[],"_links":{"self":[{"href":"https:\/\/staging.laprensanic.com\/magazine\/wp-json\/wp\/v2\/posts\/30838","targetHints":{"allow":["GET"]}}],"collection":[{"href":"https:\/\/staging.laprensanic.com\/magazine\/wp-json\/wp\/v2\/posts"}],"about":[{"href":"https:\/\/staging.laprensanic.com\/magazine\/wp-json\/wp\/v2\/types\/post"}],"author":[{"embeddable":true,"href":"https:\/\/staging.laprensanic.com\/magazine\/wp-json\/wp\/v2\/users\/46"}],"replies":[{"embeddable":true,"href":"https:\/\/staging.laprensanic.com\/magazine\/wp-json\/wp\/v2\/comments?post=30838"}],"version-history":[{"count":19,"href":"https:\/\/staging.laprensanic.com\/magazine\/wp-json\/wp\/v2\/posts\/30838\/revisions"}],"predecessor-version":[{"id":44779,"href":"https:\/\/staging.laprensanic.com\/magazine\/wp-json\/wp\/v2\/posts\/30838\/revisions\/44779"}],"wp:featuredmedia":[{"embeddable":true,"href":"https:\/\/staging.laprensanic.com\/magazine\/wp-json\/wp\/v2\/media\/32299"}],"wp:attachment":[{"href":"https:\/\/staging.laprensanic.com\/magazine\/wp-json\/wp\/v2\/media?parent=30838"}],"wp:term":[{"taxonomy":"category","embeddable":true,"href":"https:\/\/staging.laprensanic.com\/magazine\/wp-json\/wp\/v2\/categories?post=30838"},{"taxonomy":"post_tag","embeddable":true,"href":"https:\/\/staging.laprensanic.com\/magazine\/wp-json\/wp\/v2\/tags?post=30838"}],"curies":[{"name":"wp","href":"https:\/\/api.w.org\/{rel}","templated":true}]}}