{"id":30848,"date":"2013-08-11T10:45:23","date_gmt":"2013-08-11T16:45:23","guid":{"rendered":"https:\/\/www.magazine.com.ni\/?p=30848"},"modified":"2018-10-03T02:55:31","modified_gmt":"2018-10-03T02:55:31","slug":"el-cantor-de-nicaragua","status":"publish","type":"post","link":"https:\/\/staging.laprensanic.com\/magazine\/reportajes\/el-cantor-de-nicaragua\/","title":{"rendered":"El cantor de Nicaragua"},"content":{"rendered":"<p style=\"text-align: center;\">Con un acorde\u00f3n al pecho se convirti\u00f3 en el cantor de la revoluci\u00f3n y con sus versos y amor por Nicaragua, en un s\u00edmbolo de identidad nacional. Somote\u00f1o, sencillo, despistado, seductor&#8230; Un recorrido por los 70 a\u00f1os de Carlos Mej\u00eda Godoy<\/p>\n<p style=\"text-align: center;\"><strong>Por Arlen Cerda y Dora Luz Romero<\/strong><\/p>\n<p>Carlos Mej\u00eda Godoy entr\u00f3 al mundo de la m\u00fasica con su canci\u00f3n Alforja campesina y de ah\u00ed no hubo quien lo detuviera. Mar\u00eda de los Guardias, Clodomiro el \u00d1ajo, Credo, El Cristo de Palacag\u00fcina, Vivir\u00e1s Monimb\u00f3 son apenas algunas de las m\u00e1s conocidas. Y aunque a \u00e9l no le importen los n\u00fameros, su repertorio es probablemente el m\u00e1s fecundo de los cantautores nicarag\u00fcenses. M\u00e1s de 400, cuenta \u00e9l. Por su parte, Carlos M\u00e1ntica Abaunza hizo un inventario, \u201cinconcluso e incompleto\u201d, aclar\u00f3, donde se\u00f1ala con punto y coma casi 300 canciones de su autor\u00eda. Pero Mej\u00eda asegura que m\u00e1s que los n\u00fameros a \u00e9l lo hace feliz cuando alguien se le acerca y le dice: \u201cGracias Carlitos, por vos amo m\u00e1s a mi pa\u00eds\u201d.<\/p>\n<p>Le puso m\u00fasica a la revoluci\u00f3n sandinista y su acorde\u00f3n fue el arma con la que luch\u00f3 contra la dictadura somocista. \u201cYo no s\u00e9 cu\u00e1nto debe la revoluci\u00f3n a las canciones de Carlos Mej\u00eda Godoy, que lograron organizar un sentimiento colectivo del pueblo, extrayendo sus temas y sus acordes de lo m\u00e1s hondo de nuestras ra\u00edces y preparando un sentimiento para la lucha\u201d, dijo el escritor Sergio Ram\u00edrez en 1992.<\/p>\n<p>Salido de Somoto, siendo un autodidacta del acorde\u00f3n, logr\u00f3 con su m\u00fasica llevar un pedazo de Nicaragua al mundo.<\/p>\n<p>En junio pasado, Carlos Mej\u00eda Godoy cumpli\u00f3 70 a\u00f1os y su voz no descansa. \u201cMi hermano Carlos sigue cantando y componiendo con la misma pasi\u00f3n y \u00e9tica de la primera vez\u201d, dice Luis Enrique Mej\u00eda. No para, ni de d\u00eda ni de noche. Hay madrugadas en las que se levanta para escribir alguna canci\u00f3n que lleg\u00f3 a su cabeza. Y as\u00ed es \u00e9l, siempre listo para cantarle a su Nicaragua, Nicarag\u00fcita.<\/p>\n<p style=\"text-align: center;\">***<\/p>\n<h4>El eterno seductor<\/h4>\n<p>Nunca le ha gustado que lo llamen mujeriego. Esa palabra, dice \u00e9l, no lo identifica. \u00c9l, es un seductor.<\/p>\n<p>\u201cLa palabra seducci\u00f3n la asocian a la relaci\u00f3n hombre mujer, pero la seducci\u00f3n es m\u00e1s que eso. La seducci\u00f3n es el amor por la vida\u201d, cree. \u00c9l seduce desde el escenario, en su casa, en la calle. Seduce a su p\u00fablico, a sus admiradores, a su esposa.<\/p>\n<p>Sus primeros intentos de seducci\u00f3n ocurrieron cuando era apenas un ni\u00f1o. All\u00e1 en Somoto, en las tardes de juegos infantiles donde su t\u00eda Mar\u00eda Teresa Armijo, bajo aquel \u00e1rbol de almendro, conoci\u00f3 a su primer amor plat\u00f3nico: su prima Mar\u00eda Lourdes Paguaga, a quien le ofrec\u00eda almendras a cambio de un beso. Un intento infructuoso, pero un amor que registr\u00f3 en la canci\u00f3n que dice: \u201cAquel almendro de\u2019 onde la Tere es el testigo de mi ni\u00f1ez, bajo su fronda de ancha mesura, ca\u00ed redondo de calentura por tu cari\u00f1o Mar\u00eda In\u00e9s&#8230;\u201d. Mar\u00eda In\u00e9s, confes\u00f3 m\u00e1s tarde, era Mar\u00eda Lourdes.<\/p>\n<p>Con los a\u00f1os, habi\u00e9ndose convertido en el cantor de la revoluci\u00f3n, las mujeres lo segu\u00edan. Segu\u00edan a aquel muchacho de ojos achinados, sonrisa amplia, cuya voz enamoraba.<\/p>\n<p>Pero si hay alguien que conoce bien al Carlos Mej\u00eda enamorado, al Carlos Mej\u00eda seductor, es su esposa Xochitl Acatl Jim\u00e9nez. La conoci\u00f3 cuando ella ten\u00eda 18 a\u00f1os, y \u00e9l 57, le pidi\u00f3 su n\u00famero y la invit\u00f3 a salir. Esa noche, se propuso conquistarla. La llev\u00f3 al Malec\u00f3n de Managua, le cont\u00f3 sus historias, le cant\u00f3, le dedic\u00f3 sus versos y melod\u00edas y al final de la cita hizo un intento por besarla. Ella se neg\u00f3, pero a\u00f1os m\u00e1s tarde se reencontraron y terminaron cas\u00e1ndose en el 2009.<\/p>\n<p>\u2014\u00bfCu\u00e1ntos veces se ha casado?<\/p>\n<p>\u2014No he tenido tantos matrimonios como la gente piensa \u2014dice tras una risa p\u00edcara.<\/p>\n<p>Levanta su mirada como en un intento por recordar y cuenta en voz alta: \u201cA ver. Uno, dos, tres, cuatro, cinco, seis. S\u00ed, seis he tenido\u201d. Entre matrimonios y parejas. \u201cPara m\u00ed una mujer que vive tres o cuatro a\u00f1os conmigo es mi esposa. Y nunca dej\u00e9 huellas malsanas, como para no volver a encontrarme con ellas y darles un abrazo. Todas son mis amigas, a todas las quiero\u201d.<\/p>\n<p>Es mir\u00f3n, y eso ni su esposa ni sus hijos lo ponen en duda. \u201cNo nos vamos a enga\u00f1ar, \u00e9l es bien ojo alegre, no voy a decir que es mujeriego\u201d, dice su esposa, quien reconoce que al inicio de la relaci\u00f3n ese fue un problema. \u00c9l mir\u00f3n y ella celosa era dif\u00edcil llevarse, pero luego entendi\u00f3 que era parte de su forma de ser. \u201cS\u00ed, es ojo alegre, pero descubr\u00ed que voltea a ver a una muchacha y no le gusta comentar, se lo guarda para \u00e9l, entonces me hice su amiga. Y ahora soy yo la que le digo: volv\u00e9 a ver amor, esa muchacha est\u00e1 bonita. Se ha convertido en un juego para nosotros\u201d.<\/p>\n<p>Coqueto, galante, piropeador, mir\u00f3n, seductor, sensible y tierno. Ese es el Carlos Mej\u00eda que Xochitl Jim\u00e9nez conoce, con el que se cas\u00f3.<\/p>\n<p>El problema de todo esto \u2014dice Carlos Mej\u00eda\u2014 es que la gente confunde entre el Don Juan y el Casanova. \u201cEl Don Juan es el de la aventura facilona, el que quiere tener colecci\u00f3n. El Casanova no\u201d.<\/p>\n<p>\u2014\u00bfEntonces usted ser\u00eda m\u00e1s Casanova?<\/p>\n<p>Se carcajea.<\/p>\n<p>\u2014No. No es que sea un Casanova, pero admiro m\u00e1s esa figura. El Casanova es m\u00e1s poeta.<\/p>\n<figure id=\"attachment_31856\" aria-describedby=\"caption-attachment-31856\" style=\"width: 700px\" class=\"wp-caption aligncenter\"><a href=\"\/wp-content\/uploads\/2016\/12\/Acr9172725462016-19758.jpg\"><img fetchpriority=\"high\" decoding=\"async\" class=\"size-full wp-image-31856\" src=\"\/wp-content\/uploads\/2016\/12\/Acr9172725462016-19758.jpg\" alt=\"Carlos Mejia Godoy y esposa posando. Uriel Molina \/ LA PRENSA\" width=\"700\" height=\"811\" srcset=\"https:\/\/d1xxa24wwackpg.cloudfront.net\/wp-content\/uploads\/2016\/12\/07152217\/Acr9172725462016-19758.jpg 700w, https:\/\/d1xxa24wwackpg.cloudfront.net\/wp-content\/uploads\/2016\/12\/07152217\/Acr9172725462016-19758.jpg 259w\" sizes=\"(max-width: 700px) 100vw, 700px\" \/><\/a><figcaption id=\"caption-attachment-31856\" class=\"wp-caption-text\">\u201cMe parece mentira que de ser tan ojo alegre y conocer tantas mujeres, entre todo ese mont\u00f3n de gente decidi\u00f3 elegirme a m\u00ed. \u00c9l es un hombre muy especial\u201d, dice Xochitl Acatl Jim\u00e9nez, esposa de Carlos Mej\u00eda Godoy.<\/figcaption><\/figure>\n<blockquote>\n<p style=\"text-align: center;\">\u201cEl ser humano m\u00e1s extraordinario es la mujer\u201d.<\/p>\n<p style=\"text-align: center;\">***<\/p>\n<\/blockquote>\n<h4>El Carluch\u00edn Somote\u00f1o<\/h4>\n<p>Del horno sal\u00edan coqueteando las rosquillas, las hojaldres, los bonetes y ah\u00ed, como de costumbre, estaba con los ojos bien abiertos como platos, grabando una imagen que recordar\u00eda el resto de su vida como un acto de magia. Flaco, con pantal\u00f3n chingo, siempre risue\u00f1o y hablant\u00edn, listo para saborear los manjares que preparaba su mam\u00e1. La cocina ser\u00eda uno de los rincones favoritos del ni\u00f1o Carlos Arturo Mej\u00eda Godoy, que naci\u00f3 el 27 de junio de 1943, y a quien en aquel puebl\u00f3n de Las Segovias, Somoto, conoc\u00edan como Carluch\u00edn.<\/p>\n<p>Creci\u00f3 en medio de una familia que no cab\u00eda bajo la etiqueta de pobre, pero tampoco de rica. Eran simplemente trabajadores. \u00c9l era el segundo de la familia. Su mam\u00e1, do\u00f1a Elsita Godoy hac\u00eda pan, nacatamales y ten\u00eda muchos m\u00e1s oficios. Su pap\u00e1, Carlos \u201cChas\u201d Mej\u00eda, trabaj\u00f3 de aduanero, carpintero y era un amante de la m\u00fasica.<\/p>\n<p>En aquella casona esquinera, a un par de cuadras del parque central, donde hoy hay una tienda de ropa y se lee: Miscel\u00e1nea Elsa, creci\u00f3 la semilla de los Mej\u00eda Godoy: cuatro varones y tres mujeres, todos con un gusto nato por el arte. Les gustaba pintar, dibujar, cantar, crear. Quiz\u00e1s, aquellos tangos de Gardel o los boleros de Agust\u00edn Lara que se escuchaban en su casa fueron los que los enamoraron para siempre.<\/p>\n<p>Carlos Mej\u00eda siempre fue el m\u00e1s deschavetado, el m\u00e1s distra\u00eddo tambi\u00e9n. \u201cFui incre\u00edblemente torpe para las cosas pr\u00e1cticas\u201d, dice. Y eso le vali\u00f3 rega\u00f1os. \u201cYo lo recuerdo travieso, de pantal\u00f3n chingo, jugando con los otros chavalos y haciendo paseos para el r\u00edo Musunce\u201d, cuenta Armando N\u00fa\u00f1ez, historiador somote\u00f1o. Alegre, inquieto, hablador, lo describe el profesor Ram\u00f3n Mendoza, contempor\u00e1neo suyo.<\/p>\n<p>Tambi\u00e9n vendi\u00f3 chicles en las afueras del cine y lustr\u00f3 zapatos en la Calle Real, todo como un gesto de ayuda para sus padres que explica as\u00ed: \u201cLo hice por ahorrar dinero para comprarme mi ropa. \u00c9ramos tantos hijos, viv\u00edamos alcanzados, no daba\u201d. Siempre participaba en las actividades deportivas y art\u00edsticas organizadas por el padre Rafael Mar\u00eda Fabretto. \u201cCon el padre, \u00e9ramos como p\u00e1jaros cantores\u201d, recuerda.<\/p>\n<p>Pero siempre volv\u00eda a la cocina, ese olor a pan reci\u00e9n horneado lo llamaba. Y tambi\u00e9n las pl\u00e1ticas de las se\u00f1oras que ah\u00ed trabajaban. Fue en ese lugar, cont\u00f3 en el libro La Rep\u00fablica de los P\u00e1jaros (2007), que escuch\u00f3 \u201ctantas cosas lindas de la boca de las se\u00f1oras trabajadoras de nuestra casa, que hoy disfruto al recordar: leyendas, adivinanzas, cuentos de camino y sobre todo los versos sencillos, llenos de candor y picard\u00eda\u201d.<\/p>\n<p style=\"text-align: center;\">\u201c\u00c9ramos una familia arm\u00f3nica. Siempre tuvimos en consideraci\u00f3n la importancia de n\u00facleo familiar. Gozamos de una paz y serenidad, una vida divertida, tambi\u00e9n nos daban riata cuando ten\u00edan que darnos\u201d.<\/p>\n<figure id=\"attachment_31857\" aria-describedby=\"caption-attachment-31857\" style=\"width: 700px\" class=\"wp-caption aligncenter\"><a href=\"\/wp-content\/uploads\/2016\/12\/Acr9172725462016-4065.jpg\"><img decoding=\"async\" class=\"size-full wp-image-31857\" src=\"\/wp-content\/uploads\/2016\/12\/Acr9172725462016-4065.jpg\" alt=\"Carlos Mej\u00eda Godoy, su mam\u00e1 Elsa Godoy y hermano\" width=\"700\" height=\"406\" srcset=\"https:\/\/d1xxa24wwackpg.cloudfront.net\/wp-content\/uploads\/2016\/12\/07152216\/Acr9172725462016-4065.jpg 700w, https:\/\/d1xxa24wwackpg.cloudfront.net\/wp-content\/uploads\/2016\/12\/07152216\/Acr9172725462016-4065.jpg 300w\" sizes=\"(max-width: 700px) 100vw, 700px\" \/><\/a><figcaption id=\"caption-attachment-31857\" class=\"wp-caption-text\">Carlos Mej\u00eda Godoy es el segundo de siete hermanos. En la imagen su mam\u00e1, Elsa Godoy y sus seis hermanos.<\/figcaption><\/figure>\n<p style=\"text-align: center;\">***<\/p>\n<h4>Y ser\u00eda sacerdote&#8230;<\/h4>\n<p>Las matem\u00e1ticas nunca fueron lo suyo. Le iba bien en geograf\u00eda, en castellano, y cuando dec\u00eda la lecci\u00f3n de historia lo hac\u00eda con gracia. Le gustaba participar en las veladas, y ese \u2014dice el profesor Ram\u00f3n Mendoza\u2014, fue el escenario donde Carlos Mej\u00eda Godoy comenz\u00f3 a darse a conocer.<\/p>\n<p>\u201cEra chistoso, amable, pero tambi\u00e9n era necio. Mientras la maestra hablaba, \u00e9l no pon\u00eda atenci\u00f3n\u201d, comenta entre risas Zoila Herrera, quien fue compa\u00f1era de clases en la escuela Ni\u00f1a Mercedes Alfaro.<\/p>\n<p>A los 10 a\u00f1os recibi\u00f3 una de sus primeras desilusiones: ten\u00eda que dejar Somoto e irse al internado del Colegio Salesiano en Granada para cursar primer a\u00f1o de secundaria. \u201cEso me escap\u00f3 de matar, pas\u00e9 como una semana llorando, era como estar preso\u201d, relata. Luego de un a\u00f1o decidi\u00f3 entrar al Seminario Nacional. Ser\u00eda sacerdote.<\/p>\n<p>Su gusto por los rituales, la ceremonia, el sue\u00f1o de dirigir un coro, y con los ejemplos del padre Rafael Mar\u00eda Fabretto y su t\u00edo monse\u00f1or Luis Enrique Mej\u00eda Fajardo, todo parec\u00eda marchar bien. Pero pronto lleg\u00f3 la adolescencia acompa\u00f1ada de las hormonas. Y todo cambi\u00f3.<\/p>\n<p>\u201cHab\u00eda un enfrentamiento entre la fe y la realidad. Quer\u00eda ser santo, pero tambi\u00e9n me gustaba tocarme, descubrirme. Por una parte me dec\u00edan esto es pecado, otros me dec\u00edan que no, esa es la naturaleza. Yo no ten\u00eda confianza con mi padre espiritual para decirle: me quiero ir, sent\u00eda que \u00e9l me iba a enterrar. \u00c9l ten\u00eda la idea de que deb\u00eda ser un ni\u00f1o santo y esa obsesi\u00f3n a m\u00ed me marc\u00f3 mucho\u201d.<\/p>\n<p>Llorando, frente a un Cristo de madera, Carlos Mej\u00eda intentaba contar lo que le pasaba. Un sacerdote jesuita lo invitaba hablar con confianza. No a \u00e9l, al Cristo. Ten\u00eda 15 a\u00f1os, y llevaba tres en el Seminario.<\/p>\n<p>\u2014Soy un cobarde, quiero dejar&#8230;<\/p>\n<p>\u2014\u00a1No! \u2014le interrumpe el sacerdote, sos un valiente porque est\u00e1s enfrentando tu realidad con valent\u00eda.<\/p>\n<p>\u2014Es que una muchacha que conoc\u00ed&#8230; es pecado&#8230;<\/p>\n<p>\u2014\u00a1No! \u2014insisti\u00f3 el sacerdote\u2014. Todo es lindo, no es pecado.<\/p>\n<p>Aquella conversaci\u00f3n defini\u00f3 el rumbo de la vida de Carlos Mej\u00eda Godoy. Abandon\u00f3 el Seminario y ahora, 55 a\u00f1os despu\u00e9s, sabe que fue la decisi\u00f3n correcta. No imagina su vida siendo sacerdote.<\/p>\n<p>Luego comenzaron a florecer en \u00e9l, sin sentimientos de culpa, los amores.<\/p>\n<blockquote>\n<p style=\"text-align: center;\">\u201cVivir el desarrollo metido en un convento, fue tr\u00e1gico para m\u00ed\u201d.<\/p>\n<\/blockquote>\n<figure id=\"attachment_31871\" aria-describedby=\"caption-attachment-31871\" style=\"width: 700px\" class=\"wp-caption aligncenter\"><a href=\"\/wp-content\/uploads\/2016\/12\/Acr91727254620167644.jpg\"><img decoding=\"async\" class=\"wp-image-31871 size-full\" src=\"\/wp-content\/uploads\/2016\/12\/Acr91727254620167644.jpg\" alt=\"Carlos Mej\u00eda Godoy, ser sacerdote no era su vocaci\u00f3n. \" width=\"700\" height=\"949\" srcset=\"https:\/\/d1xxa24wwackpg.cloudfront.net\/wp-content\/uploads\/2016\/12\/07152204\/Acr91727254620167644.jpg 700w, https:\/\/d1xxa24wwackpg.cloudfront.net\/wp-content\/uploads\/2016\/12\/07152204\/Acr91727254620167644.jpg 221w\" sizes=\"(max-width: 700px) 100vw, 700px\" \/><\/a><figcaption id=\"caption-attachment-31871\" class=\"wp-caption-text\">Estudi\u00f3 tres a\u00f1os en el Seminario hasta que decidi\u00f3 que ser sacerdote no era su vocaci\u00f3n.<\/figcaption><\/figure>\n<p style=\"text-align: center;\">***<\/p>\n<p><a href=\"\/wp-content\/uploads\/2016\/12\/Acr917272546201610657.jpg\"><img loading=\"lazy\" decoding=\"async\" class=\"aligncenter wp-image-31870 size-medium\" src=\"\/wp-content\/uploads\/2016\/12\/Acr917272546201610657-300x177.jpg\" alt=\"Luis Enrique \" width=\"300\" height=\"177\" srcset=\"https:\/\/d1xxa24wwackpg.cloudfront.net\/wp-content\/uploads\/2016\/12\/07152205\/Acr917272546201610657.jpg 300w, https:\/\/d1xxa24wwackpg.cloudfront.net\/wp-content\/uploads\/2016\/12\/07152205\/Acr917272546201610657.jpg 700w\" sizes=\"(max-width: 300px) 100vw, 300px\" \/><\/a><\/p>\n<blockquote>\n<p style=\"text-align: center;\">\u201cRecuerdo a Carlos como un muchacho inquieto, desinhibido &#8230; recitaba y cantaba en las reuniones familiares\u201d<\/p>\n<p style=\"text-align: center;\">Luis Enrique Mej\u00eda Godoy, cantautor nicarag\u00fcense.<\/p>\n<\/blockquote>\n<h4>De arma: un acorde\u00f3n<\/h4>\n<p>Dos campesinos con una guitarra de cuerdas r\u00fasticas le dieron a Carlos Mej\u00eda Godoy sus primeras lecciones de m\u00fasica en su natal Somoto. Leandro Torres y Mundo Sandoval sacaron de esa vieja guitarra \u201cel llanto de la mazurca y la risa cristalina de una polka\u201d, que sedujeron desde peque\u00f1o a Carluch\u00edn.<\/p>\n<p>Creativo, enamoradizo y despistado. Sus amigos est\u00e1n acostumbrados a que siempre cargue papeles, donde anota letras de canciones, melod\u00edas y dibujos. Generalmente, siempre anda un nuevo proyecto entre manos.<\/p>\n<p>Tambi\u00e9n son famosas las an\u00e9cdotas de c\u00f3mo escribi\u00f3 una canci\u00f3n completa durante un viaje o c\u00f3mo compuso otras a partir de una pl\u00e1tica, un recuerdo, un paisaje o una palabra.<\/p>\n<p>La primera de sus canciones m\u00e1s populares la escribi\u00f3 cuando ten\u00eda unos 15 a\u00f1os y cursaba la secundaria, y a pesar de su conocido despiste y desorden la conserv\u00f3 durante m\u00e1s de seis a\u00f1os hasta que encontr\u00f3 en Otto de la Rocha la voz que deb\u00eda interpretarla, aunque no todo fue sencillo.<\/p>\n<p>\u201cAlforja campesina, pinolera\/ sos el mero escapulario de mi tierra\/ cuando vienes del pueblo bien cargada,\/ te parec\u00e9s a una indita embarazada\u201d, se o\u00eda a mediados de los 60 la letra de Mej\u00eda en la voz de De la Rocha, que hoy tiene varias interpretaciones, pero en ese entonces alguien calific\u00f3 como un \u201cadefesio\u201d y \u201cejemplo peligroso\u201d en el estilo de la m\u00fasica nicarag\u00fcense.<\/p>\n<p>\u201cYo llor\u00e9, \u00a1si estaba despegando en mi afici\u00f3n!\u201d, recuerda Mej\u00eda, para quien fue la palmada en el hombro del entonces ya famoso m\u00fasico y compositor Erwin Kr\u00fcger lo que lo anim\u00f3 a seguir a pesar de la \u201ccr\u00edtica perversa\u201d.<\/p>\n<p>Mej\u00eda, adem\u00e1s, considera que su entrada a la m\u00fasica fue un proceso muy lento. Nunca, desde que escribi\u00f3 las primeras rimas, dej\u00f3 de componer y siempre lo hizo en varios g\u00e9neros, incluyendo boleros y baladas, pero Wilmor L\u00f3pez, que trabaj\u00f3 con \u00e9l durante varios a\u00f1os, asegura que la historia de su m\u00fasica ser\u00eda muy distinta si a finales de los 70, de pie frente al edificio de la CBS, en Espa\u00f1a, y con el \u00faltimo de treinta long play bajo el brazo, su esposa Eveling Lang Salmer\u00f3n (q.e.p.d.) no lo hubiera convencido de animarse a entrar a la productora, que finalmente catapult\u00f3 su carrera.<\/p>\n<figure id=\"attachment_31875\" aria-describedby=\"caption-attachment-31875\" style=\"width: 640px\" class=\"wp-caption aligncenter\"><a href=\"\/wp-content\/uploads\/2016\/12\/Acr917272546201630311.jpg\"><img loading=\"lazy\" decoding=\"async\" class=\"size-large wp-image-31875\" src=\"\/wp-content\/uploads\/2016\/12\/Acr917272546201630311-659x1024.jpg\" alt=\"Carlos Mej\u00eda Godoy, calles y caminos de Nicaragua\" width=\"640\" height=\"994\" srcset=\"https:\/\/d1xxa24wwackpg.cloudfront.net\/wp-content\/uploads\/2016\/12\/07152202\/Acr917272546201630311.jpg 659w, https:\/\/d1xxa24wwackpg.cloudfront.net\/wp-content\/uploads\/2016\/12\/07152202\/Acr917272546201630311.jpg 193w, https:\/\/d1xxa24wwackpg.cloudfront.net\/wp-content\/uploads\/2016\/12\/07152202\/Acr917272546201630311.jpg 700w\" sizes=\"(max-width: 640px) 100vw, 640px\" \/><\/a><figcaption id=\"caption-attachment-31875\" class=\"wp-caption-text\">Cantar en las calles y los caminos de Nicaragua lo hizo inmensamente feliz, asegura Carlos Mej\u00eda Godoy.<\/figcaption><\/figure>\n<blockquote>\n<p style=\"text-align: center;\">\u201cCuando la Guardia me empieza a perseguir&#8230; me convence esa necesidad de una canci\u00f3n social. Me pone como en una pata de gallina y es un: \u2018Vos ten\u00e9s que hacerlo\u2019. Es la misma circunstancia la que me empuja. No lo busco\u201d.<\/p>\n<p style=\"text-align: center;\">***<\/p>\n<\/blockquote>\n<h4>Los a\u00f1os de Corporito<\/h4>\n<p>Reynaldo P\u00e9rez Vega, comandante adjunto de la Guardia Nacional somocista, a quien apodaban \u201cEl Perro\u201d, le advirti\u00f3 a Fabio Gadea Mantilla: \u201cHombr\u00e9, ten\u00e9s un alacr\u00e1n en la camisa. Vieras como se oyen las canciones de Carlos (Mej\u00eda) en la Radio Habana, de Cuba. \u00a1Ese es comunista!\u201d<\/p>\n<p>\u201cP\u00e9rez Vega no era amigo m\u00edo, pero cuando yo llegaba a Migraci\u00f3n, donde \u00e9l era el jefe (a mediados de los setenta), me llamaba para darme esa advertencia\u201d, recuerda Gadea Mantilla, propietario de Radio Corporaci\u00f3n, donde aquel somote\u00f1o hablant\u00edn, que hab\u00eda querido ser sacerdote, lleg\u00f3 a pedirle trabajo un d\u00eda y \u00e9l lo contrat\u00f3 como locutor.<\/p>\n<p>Gadea jam\u00e1s le mencion\u00f3 a Carlos Mej\u00eda las advertencias del militar, ni siquiera cuando a\u00f1os m\u00e1s tarde le perdi\u00f3 la pista y se hizo evidente el apoyo de Mej\u00eda hacia la revoluci\u00f3n que triunf\u00f3 en julio de 1979 con el derrocamiento de la dictadura somocista.<\/p>\n<p>El Carlos Mej\u00eda que Gadea recuerda es a un chavalo inquieto que se pasaba el d\u00eda anotando coplas y letras de canciones en cualquier papel que encontraba. \u201cHasta en el reverso de la envoltura de los cigarros \u2013dice\u2013 y ni siquiera s\u00e9 si fumaba\u201d.<\/p>\n<p>El escritor Jes\u00fas Miguel Bland\u00f3n, de quien Mej\u00eda asegura que se inspir\u00f3 para sus primeras parodias hechas a los 24 a\u00f1os en la Corporaci\u00f3n, tambi\u00e9n lo recuerda como una \u201cespecie de ni\u00f1o prodigio\u201d en la m\u00fasica nicarag\u00fcense, primero tocando el serrucho y m\u00e1s tarde el acorde\u00f3n.<\/p>\n<p>Bland\u00f3n asegura que a Mej\u00eda le gust\u00f3 el estilo de parodia que ten\u00edan los universitarios de Le\u00f3n, que b\u00e1sicamente consist\u00eda en tomar la melod\u00eda de una canci\u00f3n famosa y cambiar la letra en relaci\u00f3n a un suceso local o nacional, incluyendo acontecimientos del r\u00e9gimen somocista.<\/p>\n<p>\u201cCorporito encarna al juglar, para relatar lo que pasa en Nicaragua&#8230; Era un personaje comunitario, social, que hablaba de los sucesos\u201d, recuerda Mej\u00eda, sobre el sujeto ficticio que a partir de una historia, una escena o una palabra compon\u00eda sus coplas.<\/p>\n<p style=\"text-align: center;\">\u201cYo encontr\u00e9 en la radio un veh\u00edculo para comunicarme con la gente. Empec\u00e9 como simple locutor y de ah\u00ed fui saltando. Luego sin propon\u00e9rmelo empec\u00e9 a incomodar al r\u00e9gimen\u201d.<\/p>\n<p style=\"text-align: center;\">***<\/p>\n<h4>El llamado sandinista<\/h4>\n<p>Cuando se prepar\u00f3 para llevar aquella serenata a esa enamorada que le robaba el sue\u00f1o, all\u00e1 por los a\u00f1os 60, Antonio Jarqu\u00edn Toledo solo pensaba en conquistar a esa chavala. \u00c9l estudiaba en la universidad de Le\u00f3n, era de noche y el clima estaba fresco, dice, aunque ya no recuerda cu\u00e1l era la canci\u00f3n que le dedicaba. Su susto fue cuando a la mitad de su canci\u00f3n descubri\u00f3 que a unos pasos de \u00e9l otro chavalo tra\u00eda serenata y justamente para la hermana de su enamorada. Ese otro chavalo era Carlos Mej\u00eda Godoy, a quien a\u00f1os m\u00e1s tarde le encargaron reclutar para el Frente Sandinista.<\/p>\n<p>La invitaci\u00f3n lleg\u00f3 a finales del 73, cuando Carlos Mej\u00eda derret\u00eda a las chavalas de la \u00e9poca con los camanances que formaba su sonrisa y la Guardia Nacional somocista ya lo ten\u00eda fichado por su programa radial de parodias a cargo de \u201cCorporito\u201d. Adem\u00e1s, ya sab\u00edan que \u00e9l era el mismo que se pon\u00eda a cantar en las calles y mercados unas canciones pegajosas que con tono de humor contaban historias de pobreza e injusticia social y que en alg\u00fan verso se las arreglaba para colar a Sandino, como en esa Mar\u00eda de los Guardias que perdi\u00f3 a uno de los maridos en una guerra de ese \u201chombre arrecho\u201d.<\/p>\n<p>Jarqu\u00edn no le hab\u00eda perdido la pista a Carlos Mej\u00eda. Desde aquella serenata compartida se hicieron amigos y con frecuencia se reun\u00edan para cantar y componer canciones. Adem\u00e1s, cuando \u00e9l ya atend\u00eda a los guerrilleros heridos que llegaban hasta el hospital donde \u00e9l colaboraba como m\u00e9dico con el Frente Sandinista, supo de boca de un guerrillero que \u201cCorporito\u201d era una \u201cinyecci\u00f3n de \u00e1nimo\u201d para los insurgentes que part\u00edan a combatir en la monta\u00f1a.<\/p>\n<p>\u201cYo invit\u00e9 a Carlos al Club Social de Somoto y le dije que el Frente Sandinista lo quer\u00eda reclutar\u201d.<\/p>\n<p>\u2014Pensala y me respond\u00e9s el lunes \u2014le sugiri\u00f3 Jarqu\u00edn, creyendo que \u00e9l necesitar\u00eda tiempo.<\/p>\n<p>\u2014No, no \u2014le dijo Mej\u00eda Godoy\u2014. Te respondo ahorita mismo y mi respuesta es s\u00ed.<\/p>\n<p>Para tratar de despistar a la Guardia se cort\u00f3 el cabello que ya usaba hasta los hombros y, cuando no cargaba el acorde\u00f3n para cantar, tambi\u00e9n transportaba algunas armas y personas en la clandestinidad.<\/p>\n<blockquote>\n<p style=\"text-align: center;\">\u201cMi inserci\u00f3n en el Frente Sandinista fue como la emoci\u00f3n de la Primera Comuni\u00f3n. Me sent\u00eda en gracia de Dios, en gracia del pueblo. Me sent\u00eda \u00fatil, ten\u00eda sentido mi vida\u201d, recuerda Mej\u00eda.<\/p>\n<\/blockquote>\n<p>Para entonces la m\u00fasica que llegaba al pa\u00eds para animar la lucha era la canci\u00f3n dolorosa y de queja suramericana, como la surgida tras el golpe militar contra Salvador Allende en Chile, recuerda Jarqu\u00edn. Sin embargo, la m\u00fasica que el Frente Sandinista quer\u00eda escuchar de Mej\u00eda era la de tono combativo que llenaba de esperanzas.<\/p>\n<div id='gallery-1' class='gallery galleryid-30848 gallery-columns-3 gallery-size-thumbnail'><figure class='gallery-item'>\n\t\t\t<div class='gallery-icon landscape'>\n\t\t\t\t<a href='https:\/\/staging.laprensanic.com\/magazine\/reportajes\/el-cantor-de-nicaragua\/attachment\/carlos-mejia-godoy\/'><img loading=\"lazy\" decoding=\"async\" width=\"150\" height=\"150\" src=\"https:\/\/d1xxa24wwackpg.cloudfront.net\/wp-content\/uploads\/2016\/12\/07152209\/Acr917272546201612692.jpg\" class=\"attachment-thumbnail size-thumbnail\" alt=\"carlos mejia godoy. fotos proporcionadas por roberto sanches para reportaje domingo\" aria-describedby=\"gallery-1-31865\" srcset=\"https:\/\/d1xxa24wwackpg.cloudfront.net\/wp-content\/uploads\/2016\/12\/07152209\/Acr917272546201612692.jpg 150w, https:\/\/d1xxa24wwackpg.cloudfront.net\/wp-content\/uploads\/2016\/12\/07152209\/Acr917272546201612692.jpg 24w, https:\/\/d1xxa24wwackpg.cloudfront.net\/wp-content\/uploads\/2016\/12\/07152209\/Acr917272546201612692.jpg 48w, https:\/\/d1xxa24wwackpg.cloudfront.net\/wp-content\/uploads\/2016\/12\/07152209\/Acr917272546201612692.jpg 96w\" sizes=\"(max-width: 150px) 100vw, 150px\" \/><\/a>\n\t\t\t<\/div>\n\t\t\t\t<figcaption class='wp-caption-text gallery-caption' id='gallery-1-31865'>\n\t\t\t\tLa mayor\u00eda de los grandes cl\u00e1sicos de Carlos Mej\u00eda se ubican entre 1973 y 1979 con Cantos a Flor de Pueblo, La Misa Campesina, El Son Nuestro de Cada D\u00eda, y Monimb\u00f3, asegura Francisco Cede\u00f1o.\n\t\t\t\t<\/figcaption><\/figure><figure class='gallery-item'>\n\t\t\t<div class='gallery-icon landscape'>\n\t\t\t\t<a href='https:\/\/staging.laprensanic.com\/magazine\/reportajes\/el-cantor-de-nicaragua\/attachment\/clan\/'><img loading=\"lazy\" decoding=\"async\" width=\"150\" height=\"150\" src=\"https:\/\/d1xxa24wwackpg.cloudfront.net\/wp-content\/uploads\/2016\/12\/07152207\/Acr9172725462016478.jpg\" class=\"attachment-thumbnail size-thumbnail\" alt=\"(foto de archivo) Carlos Mejia Godoy y el clan de la picard\u00eda, mayo 29 de 04. LA PRENSA\" aria-describedby=\"gallery-1-31867\" srcset=\"https:\/\/d1xxa24wwackpg.cloudfront.net\/wp-content\/uploads\/2016\/12\/07152207\/Acr9172725462016478.jpg 150w, https:\/\/d1xxa24wwackpg.cloudfront.net\/wp-content\/uploads\/2016\/12\/07152207\/Acr9172725462016478.jpg 24w, https:\/\/d1xxa24wwackpg.cloudfront.net\/wp-content\/uploads\/2016\/12\/07152207\/Acr9172725462016478.jpg 48w, https:\/\/d1xxa24wwackpg.cloudfront.net\/wp-content\/uploads\/2016\/12\/07152207\/Acr9172725462016478.jpg 96w\" sizes=\"(max-width: 150px) 100vw, 150px\" \/><\/a>\n\t\t\t<\/div>\n\t\t\t\t<figcaption class='wp-caption-text gallery-caption' id='gallery-1-31867'>\n\t\t\t\tMej\u00eda siempre se ha interesado en el rescate musical y cultural de Nicaragua. De 1996 al 2008 trabaj\u00f3 en la producci\u00f3n y conducci\u00f3n del programa El Clan de la Picard\u00eda. \n\n\t\t\t\t<\/figcaption><\/figure><figure class='gallery-item'>\n\t\t\t<div class='gallery-icon landscape'>\n\t\t\t\t<a href='https:\/\/staging.laprensanic.com\/magazine\/reportajes\/el-cantor-de-nicaragua\/attachment\/aniversario-luis-enrrique-mejia-godoy-60-anos\/'><img loading=\"lazy\" decoding=\"async\" width=\"150\" height=\"150\" src=\"https:\/\/d1xxa24wwackpg.cloudfront.net\/wp-content\/uploads\/2016\/12\/07152208\/Acr917272546201615543.jpg\" class=\"attachment-thumbnail size-thumbnail\" alt=\"\" aria-describedby=\"gallery-1-31866\" srcset=\"https:\/\/d1xxa24wwackpg.cloudfront.net\/wp-content\/uploads\/2016\/12\/07152208\/Acr917272546201615543.jpg 150w, https:\/\/d1xxa24wwackpg.cloudfront.net\/wp-content\/uploads\/2016\/12\/07152208\/Acr917272546201615543.jpg 600w, https:\/\/d1xxa24wwackpg.cloudfront.net\/wp-content\/uploads\/2016\/12\/07152208\/Acr917272546201615543.jpg 24w, https:\/\/d1xxa24wwackpg.cloudfront.net\/wp-content\/uploads\/2016\/12\/07152208\/Acr917272546201615543.jpg 48w, https:\/\/d1xxa24wwackpg.cloudfront.net\/wp-content\/uploads\/2016\/12\/07152208\/Acr917272546201615543.jpg 96w\" sizes=\"(max-width: 150px) 100vw, 150px\" \/><\/a>\n\t\t\t<\/div>\n\t\t\t\t<figcaption class='wp-caption-text gallery-caption' id='gallery-1-31866'>\n\t\t\t\tCon su hermano Luis Enrique grab\u00f3 Guitarra Armada y Canto \u00c9pico. Luis Enrique lo considera su \u201creferencia m\u00e1s importante\u201d y un hermano \u201ctambi\u00e9n de canto, de luz, de lucha y de sue\u00f1os\u201d.\n\t\t\t\t<\/figcaption><\/figure>\n\t\t<\/div>\n\n<h5>C$10,000<\/h5>\n<p>fue la multa impuesta a Carlos Mej\u00eda Godoy por las parodias de Corporito en 1971. Con el cierre posterior del programa se lanz\u00f3 a las calles con su acorde\u00f3n y as\u00ed inici\u00f3 de lleno su carrera en la m\u00fasica.<\/p>\n<h4>US$200,000<\/h4>\n<p>aproximadamente fue lo que perdi\u00f3 Mej\u00eda Godoy en septiembre de 1978, cuando decidi\u00f3 abandonar su exitosa carrera musical en Espa\u00f1a para regresar a Nicaragua y cancel\u00f3 sesenta contratos previstos para los pr\u00f3ximos cuatro meses.<\/p>\n<p style=\"text-align: center;\">***<\/p>\n<h4>Padre de ocho<\/h4>\n<p>Abril, 1993. Reci\u00e9n hab\u00eda muerto el c\u00f3mico mexicano Mario Moreno Cantinflas. Carlos Luis Mej\u00eda, de 27 a\u00f1os, que en ese entonces era un ni\u00f1o, se le acerc\u00f3 preocupado a su pap\u00e1 Carlos Mej\u00eda Godoy, dici\u00e9ndole que quer\u00eda comentarle algo importante. \u00c9l, atento, sac\u00f3 una grabadora y se dispuso a escucharlo.<\/p>\n<p>\u2014\u00bfEntonces qui\u00e9n va a reponer a Cantinflas? \u00bfNo tiene hijos? \u2014le pregunt\u00f3 angustiado.<\/p>\n<p>\u2014Pues no s\u00e9, tiene un hijo, pero se dedica a otra cosa \u2014contest\u00f3.<\/p>\n<p>\u2014No se preocupe papa, cuando usted se muera yo voy a reponerlo.<\/p>\n<p>As\u00ed como un d\u00eda don Carlos \u201cChas\u201d Mej\u00eda influenci\u00f3 a Carlos Mej\u00eda Godoy con la m\u00fasica, \u00e9l hizo lo mismo con sus hijos, quienes siempre lo vieron con su acorde\u00f3n al pecho cant\u00e1ndole a Nicaragua. \u201cDe sus hijos, tres somos m\u00fasicos, y los otros sienten un gran gusto musical. Nos apasiona la m\u00fasica nacional y esa es influencia de \u00e9l\u201d, reconoce Augusto, de 34 a\u00f1os.<\/p>\n<p>Son ocho los reto\u00f1os de Carlos Mej\u00eda Godoy: Carlos Alberto, Jorge, Carlos Alexis, Camilo, Augusto, Mar\u00eda Elsa, Carlos Luis y Xochitl.<\/p>\n<p>\u201cYo recuerdo que le gustaba hacer juegos. Si sal\u00edamos a comer a alg\u00fan pueblo, nos pon\u00eda a jugar el que diga qu\u00e9 pueblos hay de aqu\u00ed a Granada. Era como un Clan de la Picard\u00eda, pero en versi\u00f3n familiar\u201d, recuerda Carlos Luis.<\/p>\n<p>Como pap\u00e1, dice Augusto, es exigente, apasionado y siempre trat\u00f3 de inculcarles la importancia de valorar Nicaragua. Tambi\u00e9n es despistado, vive en la luna y le encanta comer. \u201cEn eso nos parecemos todos sus hijos\u201d, cuenta. Le gusta contar chistes, hacer crucigramas y siempre anda haciendo juegos de palabras.<\/p>\n<p>No es un pap\u00e1 de muchos halagos. \u201cA mis 34 a\u00f1os \u00e9l nunca me ha dicho hiciste bien algo. Nunca te va a echar flores, jam\u00e1s. \u00c9l puede decirlo a terceros, pero a nosotros no. Y creo que es correcto porque no es necesario\u201d, dice Augusto.<\/p>\n<p>Pero aunque no se los diga a ellos, \u00e9l asegura sentirse orgulloso: \u201cTodos mis hijos me han dado grandes satisfacciones\u201d.<\/p>\n<figure id=\"attachment_31858\" aria-describedby=\"caption-attachment-31858\" style=\"width: 700px\" class=\"wp-caption aligncenter\"><a href=\"\/wp-content\/uploads\/2016\/12\/Acr9172725462016-8349.jpg\"><img loading=\"lazy\" decoding=\"async\" class=\"wp-image-31858 size-full\" src=\"\/wp-content\/uploads\/2016\/12\/Acr9172725462016-8349.jpg\" alt=\"Carlos Mej\u00eda con Xochitl Jim\u00e9nez. Luis, Augusto, Mar\u00eda Elsa y Jorge.\" width=\"700\" height=\"465\" srcset=\"https:\/\/d1xxa24wwackpg.cloudfront.net\/wp-content\/uploads\/2016\/12\/07152215\/Acr9172725462016-8349.jpg 700w, https:\/\/d1xxa24wwackpg.cloudfront.net\/wp-content\/uploads\/2016\/12\/07152215\/Acr9172725462016-8349.jpg 300w\" sizes=\"(max-width: 700px) 100vw, 700px\" \/><\/a><figcaption id=\"caption-attachment-31858\" class=\"wp-caption-text\">2009. Boda de Carlos Mej\u00eda con X\u00f3chitl Jim\u00e9nez. En la foto les acompa\u00f1an los hijos de Mej\u00eda: Carlos Luis, Augusto, Mar\u00eda Elsa y Jorge.<\/figcaption><\/figure>\n<p style=\"text-align: center;\">***<\/p>\n<h4>Carlos Mej\u00eda y sus personajes<\/h4>\n<p>Las canciones de Carlos Mej\u00eda Godoy cuentan la historia de Nicaragua a trav\u00e9s de sus personajes. Algunos son de carne y hueso y otros solo parte de su imaginaci\u00f3n.<\/p>\n<p>Carlos Mej\u00eda Godoy nunca ha llevado la cuenta de sus canciones y confiesa que el n\u00famero tampoco le importa demasiado. Sus amigos Carlos M\u00e1ntica Abaunza, Wilmor L\u00f3pez y Francisco \u201cPancho\u201d Cede\u00f1o, quienes han estudiado su obra, dan fe de su creatividad y est\u00e1n seguros que la lista con facilidad llega a las 300 canciones.<\/p>\n<p>Seg\u00fan M\u00e1ntica, \u201csi a Erwin Kr\u00fcger se le ha llamado alguna vez nuestro gran paisajista, Carlos es nuestro mejor retratista, con el carisma de poder dibujar un personaje y narrar su historia con cuatro pinceladas\u201d.<\/p>\n<p>Mar\u00eda de los Guardias, Panchito Escombros, La Tula Cuecho, Quincho Barrilete, Juancito Tiradora, Las mujeres del Cu\u00e1 o Clodomiro El \u00d1ajo son algunos de los personajes que Carlos Mej\u00eda ha creado en sus canciones y que dan la impresi\u00f3n de ser reales. Algunos lo son, otros no, solo est\u00e1n inspirados en pedazos de su vida o en una combinaci\u00f3n de personajes que alguna vez conoci\u00f3. Eso, siempre lo adereza con un poco de picard\u00eda y creatividad.<\/p>\n<p style=\"text-align: left;\">Panchito Escombros\u201d es un personaje creado por Carlos Mej\u00eda tras el terremoto de Managua en 1972. Surgi\u00f3 de la necesidad de una canci\u00f3n \u201cB\u201d para el disco de 45 revoluciones que en la cara \u201cA\u201d llevaba \u201cMar\u00eda de los Guardias\u201d, otro personaje inventado a partir de la historia de una mujer que vagaba por las calles de Somoto y se dec\u00eda que hab\u00eda andado con varios militares.<\/p>\n<h4>\u00a0En cifras<\/h4>\n<p>Su esposa, sus hijos, la m\u00fasica y Nicaragua son los grandes amores de Carlos Mej\u00eda Godoy.<br \/>\n4<\/p>\n<p>a\u00f1os de casados cumplen este diciembre Carlos Mej\u00eda Godoy y Xochitl Acatl Jim\u00e9nez.<br \/>\n8<\/p>\n<p>son los reto\u00f1os de Carlos Mej\u00eda Godoy. Seis varones, dos mujeres.<br \/>\n2<\/p>\n<p>fueron los m\u00fasicos de quienes aprendi\u00f3 las primeras lecciones musicales en su natal Somoto: Leandro Torres y Mundo Sandoval.<\/p>\n","protected":false},"excerpt":{"rendered":"<p>Con un acorde\u00f3n al pecho se convirti\u00f3 en el cantor de la revoluci\u00f3n y con sus versos y amor por Nicaragua, en un s\u00edmbolo de identidad nacional. Somote\u00f1o, sencillo, despistado, seductor&#8230; Un recorrido por los 70 a\u00f1os de Carlos Mej\u00eda Godoy<\/p>\n","protected":false},"author":46,"featured_media":31933,"comment_status":"open","ping_status":"open","sticky":false,"template":"","format":"standard","meta":{"_acf_changed":false,"footnotes":""},"categories":[26],"tags":[1392],"class_list":["post-30848","post","type-post","status-publish","format-standard","has-post-thumbnail","hentry","category-reportajes","tag-carlos-mejia-godoy"],"acf":[],"_links":{"self":[{"href":"https:\/\/staging.laprensanic.com\/magazine\/wp-json\/wp\/v2\/posts\/30848","targetHints":{"allow":["GET"]}}],"collection":[{"href":"https:\/\/staging.laprensanic.com\/magazine\/wp-json\/wp\/v2\/posts"}],"about":[{"href":"https:\/\/staging.laprensanic.com\/magazine\/wp-json\/wp\/v2\/types\/post"}],"author":[{"embeddable":true,"href":"https:\/\/staging.laprensanic.com\/magazine\/wp-json\/wp\/v2\/users\/46"}],"replies":[{"embeddable":true,"href":"https:\/\/staging.laprensanic.com\/magazine\/wp-json\/wp\/v2\/comments?post=30848"}],"version-history":[{"count":19,"href":"https:\/\/staging.laprensanic.com\/magazine\/wp-json\/wp\/v2\/posts\/30848\/revisions"}],"predecessor-version":[{"id":44789,"href":"https:\/\/staging.laprensanic.com\/magazine\/wp-json\/wp\/v2\/posts\/30848\/revisions\/44789"}],"wp:featuredmedia":[{"embeddable":true,"href":"https:\/\/staging.laprensanic.com\/magazine\/wp-json\/wp\/v2\/media\/31933"}],"wp:attachment":[{"href":"https:\/\/staging.laprensanic.com\/magazine\/wp-json\/wp\/v2\/media?parent=30848"}],"wp:term":[{"taxonomy":"category","embeddable":true,"href":"https:\/\/staging.laprensanic.com\/magazine\/wp-json\/wp\/v2\/categories?post=30848"},{"taxonomy":"post_tag","embeddable":true,"href":"https:\/\/staging.laprensanic.com\/magazine\/wp-json\/wp\/v2\/tags?post=30848"}],"curies":[{"name":"wp","href":"https:\/\/api.w.org\/{rel}","templated":true}]}}