{"id":30853,"date":"2013-08-11T13:39:16","date_gmt":"2013-08-11T19:39:16","guid":{"rendered":"https:\/\/www.magazine.com.ni\/?p=30853"},"modified":"2021-08-07T17:33:14","modified_gmt":"2021-08-07T23:33:14","slug":"a-la-politica-por-la-cara","status":"publish","type":"post","link":"https:\/\/staging.laprensanic.com\/magazine\/reportajes\/a-la-politica-por-la-cara\/","title":{"rendered":"A la pol\u00edtica por la cara"},"content":{"rendered":"<div id='gallery-1' class='gallery galleryid-30853 gallery-columns-3 gallery-size-thumbnail'><figure class='gallery-item'>\n\t\t\t<div class='gallery-icon portrait'>\n\t\t\t\t<a href='https:\/\/staging.laprensanic.com\/magazine\/reportajes\/a-la-politica-por-la-cara\/attachment\/ecuador-argentina-first-lady\/'><img decoding=\"async\" width=\"150\" height=\"150\" src=\"https:\/\/d1xxa24wwackpg.cloudfront.net\/wp-content\/uploads\/2016\/12\/07152037\/Acr917272546201617544.jpg\" class=\"attachment-thumbnail size-thumbnail\" alt=\"Cristina Fern\u00e1ndez. (AP Photo\/Dolores Ochoa)\" aria-describedby=\"gallery-1-32001\" srcset=\"https:\/\/d1xxa24wwackpg.cloudfront.net\/wp-content\/uploads\/2016\/12\/07152037\/Acr917272546201617544.jpg 150w, https:\/\/d1xxa24wwackpg.cloudfront.net\/wp-content\/uploads\/2016\/12\/07152037\/Acr917272546201617544.jpg 24w, https:\/\/d1xxa24wwackpg.cloudfront.net\/wp-content\/uploads\/2016\/12\/07152037\/Acr917272546201617544.jpg 48w, https:\/\/d1xxa24wwackpg.cloudfront.net\/wp-content\/uploads\/2016\/12\/07152037\/Acr917272546201617544.jpg 96w\" sizes=\"(max-width: 150px) 100vw, 150px\" \/><\/a>\n\t\t\t<\/div>\n\t\t\t\t<figcaption class='wp-caption-text gallery-caption' id='gallery-1-32001'>\n\t\t\t\tCristina Fern\u00e1ndez de Kirchner, presidenta de Argentina.\n\t\t\t\t<\/figcaption><\/figure><figure class='gallery-item'>\n\t\t\t<div class='gallery-icon portrait'>\n\t\t\t\t<a href='https:\/\/staging.laprensanic.com\/magazine\/reportajes\/a-la-politica-por-la-cara\/attachment\/acr917272546201620350\/'><img decoding=\"async\" width=\"150\" height=\"150\" src=\"https:\/\/d1xxa24wwackpg.cloudfront.net\/wp-content\/uploads\/2016\/12\/07152035\/Acr917272546201620350.jpg\" class=\"attachment-thumbnail size-thumbnail\" alt=\"\" aria-describedby=\"gallery-1-32002\" srcset=\"https:\/\/d1xxa24wwackpg.cloudfront.net\/wp-content\/uploads\/2016\/12\/07152035\/Acr917272546201620350.jpg 150w, https:\/\/d1xxa24wwackpg.cloudfront.net\/wp-content\/uploads\/2016\/12\/07152035\/Acr917272546201620350.jpg 24w, https:\/\/d1xxa24wwackpg.cloudfront.net\/wp-content\/uploads\/2016\/12\/07152035\/Acr917272546201620350.jpg 48w, https:\/\/d1xxa24wwackpg.cloudfront.net\/wp-content\/uploads\/2016\/12\/07152035\/Acr917272546201620350.jpg 96w\" sizes=\"(max-width: 150px) 100vw, 150px\" \/><\/a>\n\t\t\t<\/div>\n\t\t\t\t<figcaption class='wp-caption-text gallery-caption' id='gallery-1-32002'>\n\t\t\t\tVladimir Putin, presidente de Rusia.\n\t\t\t\t<\/figcaption><\/figure><figure class='gallery-item'>\n\t\t\t<div class='gallery-icon portrait'>\n\t\t\t\t<a href='https:\/\/staging.laprensanic.com\/magazine\/reportajes\/a-la-politica-por-la-cara\/attachment\/acr917272546201622903\/'><img decoding=\"async\" width=\"150\" height=\"150\" src=\"https:\/\/d1xxa24wwackpg.cloudfront.net\/wp-content\/uploads\/2016\/12\/07152034\/Acr917272546201622903.jpg\" class=\"attachment-thumbnail size-thumbnail\" alt=\"Dilma Rousseff\" aria-describedby=\"gallery-1-32003\" srcset=\"https:\/\/d1xxa24wwackpg.cloudfront.net\/wp-content\/uploads\/2016\/12\/07152034\/Acr917272546201622903.jpg 150w, https:\/\/d1xxa24wwackpg.cloudfront.net\/wp-content\/uploads\/2016\/12\/07152034\/Acr917272546201622903.jpg 600w, https:\/\/d1xxa24wwackpg.cloudfront.net\/wp-content\/uploads\/2016\/12\/07152034\/Acr917272546201622903.jpg 24w, https:\/\/d1xxa24wwackpg.cloudfront.net\/wp-content\/uploads\/2016\/12\/07152034\/Acr917272546201622903.jpg 48w, https:\/\/d1xxa24wwackpg.cloudfront.net\/wp-content\/uploads\/2016\/12\/07152034\/Acr917272546201622903.jpg 96w, https:\/\/d1xxa24wwackpg.cloudfront.net\/wp-content\/uploads\/2016\/12\/07152034\/Acr917272546201622903.jpg 100w\" sizes=\"(max-width: 150px) 100vw, 150px\" \/><\/a>\n\t\t\t<\/div>\n\t\t\t\t<figcaption class='wp-caption-text gallery-caption' id='gallery-1-32003'>\n\t\t\t\tDilma Rousseff, presidenta de Brasil.\n\t\t\t\t<\/figcaption><\/figure><figure class='gallery-item'>\n\t\t\t<div class='gallery-icon portrait'>\n\t\t\t\t<a href='https:\/\/staging.laprensanic.com\/magazine\/reportajes\/a-la-politica-por-la-cara\/attachment\/chile-election\/'><img loading=\"lazy\" decoding=\"async\" width=\"150\" height=\"150\" src=\"https:\/\/d1xxa24wwackpg.cloudfront.net\/wp-content\/uploads\/2016\/12\/07152033\/Acr9172725462016-27899.jpg\" class=\"attachment-thumbnail size-thumbnail\" alt=\"Presidential candidate Sebasti\u00e1n Pi\u00f1era (AP Photo\/Ricardo Mazalan)\" aria-describedby=\"gallery-1-32004\" srcset=\"https:\/\/d1xxa24wwackpg.cloudfront.net\/wp-content\/uploads\/2016\/12\/07152033\/Acr9172725462016-27899.jpg 150w, https:\/\/d1xxa24wwackpg.cloudfront.net\/wp-content\/uploads\/2016\/12\/07152033\/Acr9172725462016-27899.jpg 24w, https:\/\/d1xxa24wwackpg.cloudfront.net\/wp-content\/uploads\/2016\/12\/07152033\/Acr9172725462016-27899.jpg 48w, https:\/\/d1xxa24wwackpg.cloudfront.net\/wp-content\/uploads\/2016\/12\/07152033\/Acr9172725462016-27899.jpg 96w\" sizes=\"(max-width: 150px) 100vw, 150px\" \/><\/a>\n\t\t\t<\/div>\n\t\t\t\t<figcaption class='wp-caption-text gallery-caption' id='gallery-1-32004'>\n\t\t\t\tSebasti\u00e1n Pi\u00f1era, presidente de Chile.\n\t\t\t\t<\/figcaption><\/figure><figure class='gallery-item'>\n\t\t\t<div class='gallery-icon portrait'>\n\t\t\t\t<a href='https:\/\/staging.laprensanic.com\/magazine\/reportajes\/a-la-politica-por-la-cara\/attachment\/italy-politics-berlusconi-people\/'><img loading=\"lazy\" decoding=\"async\" width=\"150\" height=\"150\" src=\"https:\/\/d1xxa24wwackpg.cloudfront.net\/wp-content\/uploads\/2016\/12\/07152032\/Acr917272546201613684.jpg\" class=\"attachment-thumbnail size-thumbnail\" alt=\"Silvio Berlusconi. AFP PHOTO \/ Vincenzo PINTO\" aria-describedby=\"gallery-1-32005\" srcset=\"https:\/\/d1xxa24wwackpg.cloudfront.net\/wp-content\/uploads\/2016\/12\/07152032\/Acr917272546201613684.jpg 150w, https:\/\/d1xxa24wwackpg.cloudfront.net\/wp-content\/uploads\/2016\/12\/07152032\/Acr917272546201613684.jpg 24w, https:\/\/d1xxa24wwackpg.cloudfront.net\/wp-content\/uploads\/2016\/12\/07152032\/Acr917272546201613684.jpg 48w, https:\/\/d1xxa24wwackpg.cloudfront.net\/wp-content\/uploads\/2016\/12\/07152032\/Acr917272546201613684.jpg 96w\" sizes=\"(max-width: 150px) 100vw, 150px\" \/><\/a>\n\t\t\t<\/div>\n\t\t\t\t<figcaption class='wp-caption-text gallery-caption' id='gallery-1-32005'>\n\t\t\t\tSilvio Berlusconi, ex primer ministro de Italia.\n\t\t\t\t<\/figcaption><\/figure>\n\t\t<\/div>\n\n<p style=\"text-align: center;\">Suavizar l\u00edneas de expresi\u00f3n, recortar exceso de piel en los p\u00e1rpados, eliminar ojeras, rejuvenecer los p\u00f3mulos o recuperar el cabello&#8230; L\u00edderes pol\u00edticos de todo el mundo visitan al cirujano pl\u00e1stico para conseguir votos<\/p>\n<p style=\"text-align: center;\"><strong>Por Arlen Cerda<\/strong><\/p>\n<p>Un buen programa de gobierno \u2014que muchas veces tampoco lo hay\u2014 ya no parece suficiente para conquistar a los votantes en el siglo actual. Lucir joven, saludable y fresco nunca antes hab\u00eda parecido tan importante como en estos tiempos, cuando cada a\u00f1o aumenta el n\u00famero de aspirantes presidenciales, mandatarios y l\u00edderes pol\u00edticos que se ponen en manos de famosos cirujanos pl\u00e1sticos y prueban distintos tratamientos de belleza para ganar un cargo, mantenerse en \u00e9l o regresar al poder.<\/p>\n<p>La presidenta argentina Cristina Fern\u00e1ndez de Kirchner, el otra vez presidente de Rusia Vladimir Putin, la brasile\u00f1a Dilma Rousseff y el chileno Sebasti\u00e1n Pi\u00f1era, entre otros l\u00edderes pol\u00edticos del mundo, son prueba de c\u00f3mo hoy la visita al cirujano puede ser tan importante para conquistar votantes, como demostrar la capacidad de gobierno y el liderazgo para conducir a un pa\u00eds.<\/p>\n<p>Algunos como la mandataria carioca deben rendirse ante sus asesores de imagen y entregarse a las manos de un famoso cirujano; otras, como la presidenta argentina, prefieren negar sus encuentros con el bistur\u00ed, sin importar lo mucho que la prensa los detalle.<\/p>\n<p>Los pol\u00edticos hombres tienen distintos argumentos para justificar sus retoques. En junio del 2008, Pi\u00f1era asegur\u00f3 que su operaci\u00f3n para recortar el exceso de piel en sus p\u00e1rpados fue para corregir dificultades en su vista, mientras el italiano Silvio Berlusconi no tuvo problemas en admitir que su injerto de cabello y otras correcciones est\u00e9ticas las hizo \u201cpor respeto a los dem\u00e1s\u201d. Y hay muchos casos m\u00e1s.<\/p>\n<p style=\"text-align: center;\">***<\/p>\n<p>La presidenta de Argentina ha sido considerada por seguidores y cr\u00edticos como una mujer muy guapa en su juventud y algunos a\u00fan la creen simp\u00e1tica. Ella, agradecida con los halagos, lo que nunca ha aceptado es que alguna vez se ha hecho una cirug\u00eda con fines est\u00e9ticos, a pesar de lo mucho que insiste la prensa local y mundial, incluso comparando sus fotos de \u201cantes y despu\u00e9s\u201d.<\/p>\n<p>La publicaci\u00f3n mexicana La Primera Plana asegura que los cambios en Fern\u00e1ndez comenzaron tras la elecci\u00f3n presidencial de su esposo N\u00e9stor Kirchner en el 2003 y que durante una visita a M\u00e9xico en el 2007, a\u00fan como senadora, su renovado look fue evidente.<\/p>\n<p>La presidenta argentina nunca ha descartado que se practicar\u00eda una o varias cirug\u00edas pl\u00e1sticas \u201cel d\u00eda que se me caiga toda la cara y est\u00e9 horrible\u201d, pero dice que esperar\u00eda hasta dejar el poder para evitar las cr\u00edticas de la prensa. Muchos creen, sin embargo, que la mandataria perdi\u00f3 la batalla contra la impaciencia.<\/p>\n<p>Rinoplastia, b\u00f3tox entre las cejas, los p\u00f3mulos y los labios y hasta un implante de siliconas en los pechos son algunas de las intervenciones est\u00e9ticas que la prensa ha comentado.<\/p>\n<p>En el 2009 tambi\u00e9n se asegur\u00f3 que la presidenta se hab\u00eda sometido a un procedimiento de hilos tensores que alisan el cuello eliminando las arrugas de la edad en esa zona, y en el 2011 nuevamente luc\u00eda rejuvenecida para su campa\u00f1a por la reelecci\u00f3n, a pesar del luto por la muerte de su esposo.<\/p>\n<p>Antes de ella, el expresidente Carlos Menem tambi\u00e9n fue un aficionado de los retoques, con una preocupaci\u00f3n especial por su cabello, que se dice era producto de numerosos trasplantes.<\/p>\n<figure id=\"attachment_31990\" aria-describedby=\"caption-attachment-31990\" style=\"width: 640px\" class=\"wp-caption aligncenter\"><a href=\"\/wp-content\/uploads\/2016\/12\/Acr9172725462016-30390.jpg\"><img loading=\"lazy\" decoding=\"async\" class=\"size-large wp-image-31990\" src=\"\/wp-content\/uploads\/2016\/12\/Acr9172725462016-30390-689x1024.jpg\" alt=\"Cristina Fern\u00e1ndez de Kirchner\" width=\"640\" height=\"951\" srcset=\"https:\/\/d1xxa24wwackpg.cloudfront.net\/wp-content\/uploads\/2016\/12\/07152048\/Acr9172725462016-30390.jpg 689w, https:\/\/d1xxa24wwackpg.cloudfront.net\/wp-content\/uploads\/2016\/12\/07152048\/Acr9172725462016-30390.jpg 202w, https:\/\/d1xxa24wwackpg.cloudfront.net\/wp-content\/uploads\/2016\/12\/07152048\/Acr9172725462016-30390.jpg 700w\" sizes=\"(max-width: 640px) 100vw, 640px\" \/><\/a><figcaption id=\"caption-attachment-31990\" class=\"wp-caption-text\">Cristina Fern\u00e1ndez de Kirchner, de 60 a\u00f1os. Los medios dicen que las cirug\u00edas no le han hecho bien a la presidenta. La foto de arriba es del 2007, cuando no se le conoc\u00edan operaciones. La otra foto es del 2012.<\/figcaption><\/figure>\n<p style=\"text-align: center;\">***<\/p>\n<p>Al antiguo agente del Comit\u00e9 para la Seguridad del Estado (KGB, por sus siglas en ruso) y actual presidente de ese pa\u00eds, Vladimir Putin, lo han acusado de \u201cutilizar selectivamente la justicia\u201d para dominar a adversarios de la talla del magnate petrolero Mija\u00edl Jodorkovski, el hombre m\u00e1s adinerado de Rusia en el 2004 con una fortuna calculada en 15,000 millones de d\u00f3lares, y ahora condenado a nueve a\u00f1os de prisi\u00f3n por presunta evasi\u00f3n fiscal.<\/p>\n<p>Tambi\u00e9n lo han criticado por supuestas violaciones a los derechos humanos y tras dos per\u00edodos consecutivos en el poder, del 2000 al 2008, le han llamado el \u201chombre m\u00e1s fuerte\u201d de la pol\u00edtica rusa desde el fin de la Uni\u00f3n Sovi\u00e9tica.<\/p>\n<p>Su intento de regresar a la Presidencia en el 2012 ya se lo esperaba la prensa, pero lo que a muchos sorprendi\u00f3 fue el rostro rejuvenecido del candidato que entonces ten\u00eda 58 a\u00f1os. La prensa oficial rusa siempre ha destacado la afici\u00f3n deportiva de Putin para disciplinas tan rudas como las artes marciales, el judo y karate y tambi\u00e9n abundan sus fotos de pesca y caza, aunque de las intervenciones est\u00e9ticas no se habla.<\/p>\n<p>El cirujano pl\u00e1stico de Manhattan, David Hidalgo, consultado por la revista estadounidense Vanity Fair sobre las cirug\u00edas de varios mandatarios en un reportaje de mediados del 2012, reconoci\u00f3 el \u201clook descansado\u201d de Putin, aunque brome\u00f3 con la duda de que el pol\u00edtico ruso haya permitido que alguien lo pusiera a dormir por un rato o que Rusia se destaque en la calidad de sus cirug\u00edas pl\u00e1sticas.<\/p>\n<p>Sin embargo, el expresidente de la Asociaci\u00f3n Europea de Cirujanos Pl\u00e1sticos, Rafael de la Plaza, asegur\u00f3 a varios medios europeos y estadounidenses que \u00e9l no duda de las cirug\u00edas pl\u00e1sticas de Putin.<\/p>\n<p>\u201cDurante la campa\u00f1a electoral observ\u00e9 cambios en su rostro que indicaban una operaci\u00f3n de blefaroplastia (p\u00e1rpados), aplicaci\u00f3n de b\u00f3tox y, probablemente, infiltraci\u00f3n de \u00e1cido hialur\u00f3nico en los p\u00f3mulos y surcos nasogenianos\u201d, cit\u00f3 el diario espa\u00f1ol ABC.<\/p>\n<p>La posibilidad de estas cirug\u00edas fue m\u00e1s comentada cuando las fotograf\u00edas de Putin \u201cllorando\u201d durante su primer discurso como presidente electo dieron la vuelta al mundo. De la Plaza asegur\u00f3 que esas \u201cl\u00e1grimas\u201d no fueron por ninguna emoci\u00f3n espec\u00edfica del presidente, sino un efecto secundario de sus cirug\u00edas.<\/p>\n<p>\u201cSi se fijan en las fotograf\u00edas, observar\u00e1n un ligero enrojecimiento en el \u00e1ngulo exterior de los ojos, con una l\u00ednea maquillada que se prolonga lateralmente; y en las im\u00e1genes din\u00e1micas, llama la atenci\u00f3n la rigidez de sus p\u00e1rpados inferiores\u201d, explic\u00f3.<\/p>\n<figure id=\"attachment_31991\" aria-describedby=\"caption-attachment-31991\" style=\"width: 700px\" class=\"wp-caption aligncenter\"><a href=\"\/wp-content\/uploads\/2016\/12\/Acr917272546201626733.jpg\"><img loading=\"lazy\" decoding=\"async\" class=\"size-full wp-image-31991\" src=\"\/wp-content\/uploads\/2016\/12\/Acr917272546201626733.jpg\" alt=\"Vladimir Putin,\" width=\"700\" height=\"775\" srcset=\"https:\/\/d1xxa24wwackpg.cloudfront.net\/wp-content\/uploads\/2016\/12\/07152047\/Acr917272546201626733.jpg 700w, https:\/\/d1xxa24wwackpg.cloudfront.net\/wp-content\/uploads\/2016\/12\/07152047\/Acr917272546201626733.jpg 271w\" sizes=\"(max-width: 700px) 100vw, 700px\" \/><\/a><figcaption id=\"caption-attachment-31991\" class=\"wp-caption-text\">Vladimir Putin volvi\u00f3 a la Presidencia de Rusia en 2012, luciendo m\u00e1s joven que antes. La foto de arriba es del 2012, la de al lado del 2004.<\/figcaption><\/figure>\n<p style=\"text-align: center;\">***<\/p>\n<p>A principios del 2012, el servicio de inteligencia surcoreano asegur\u00f3 que el r\u00e9gimen norcoreano desarroll\u00f3 una estrategia para conseguir la aceptaci\u00f3n de Kim Jong-un como el nuevo l\u00edder, tras la muerte de su padre Kim Jong-il (1941-2011).<\/p>\n<p>Seg\u00fan los surcoreanos, el plan supuestamente consisti\u00f3 en hacer parecer a Jong-un como la reencarnaci\u00f3n de su abuelo, Kim Il-sung (1912-1994), el fundador de Corea del Norte que es visto en ese pa\u00eds como un semidi\u00f3s a quien llaman \u201cPadre eterno\u201d.<\/p>\n<p>\u201cLe hicieron engordar y le dieron clases para comportarse de forma similar a \u00e9l. Algunas fuentes incluso aseguran que han utilizado cirug\u00eda pl\u00e1stica\u201d, asegur\u00f3 a The New York Times el director del Centro para la Estrategia con Corea del Norte, Kim Kwang-in.<\/p>\n<p>Debido a las restricciones de prensa en ese pa\u00eds no se conocen fotos del mandatario m\u00e1s joven del mundo durante sus a\u00f1os de adolescencia y se insiste en que bien pudo ser engordado, a pesar de la hambruna en ese pa\u00eds, o que recibi\u00f3 inyecciones de grasa en el rostro.<\/p>\n<p>La cadena de televisi\u00f3n china Shenzhen TV asegur\u00f3 a principios de este a\u00f1o que Kim Jong-un se habr\u00eda sometido hasta seis cirug\u00edas est\u00e9ticas para parecerse a su abuelo. Sin embargo, la agencia de noticias China Nueva desminti\u00f3 la informaci\u00f3n de inmediato.<\/p>\n<figure id=\"attachment_31992\" aria-describedby=\"caption-attachment-31992\" style=\"width: 700px\" class=\"wp-caption aligncenter\"><a href=\"\/wp-content\/uploads\/2016\/12\/Acr917272546201610492.jpg\"><img loading=\"lazy\" decoding=\"async\" class=\"size-full wp-image-31992\" src=\"\/wp-content\/uploads\/2016\/12\/Acr917272546201610492.jpg\" alt=\"PYO07 PYONGYANG (COREA DEL NORTE) 16\/04\/2012.- Una fotograf\u00cca facilitada el lunes 16 de abril de 2012 por la agencia oficial de noticias norcoreana KCNA muestra el joven l\u00ccder de Corea del Norte, Kim Jong-un (d), mientras saluda durante el centenario de su abuelo, Kim Il-sung, que se celebr\u00db con un desfile militar en Pyongyang, Corea del Norte, el domingo 15 de abril de 2012. Durante la conmemoraci\u00dbn, Kim Jong-un habl\u00db por primera vez ante las masas para ensalzar al r\u00c8gimen comunista y a su fundador, Kim Il-sung. EFE\/KCNA \/ HANDOUT***S\u201dLO USO EDITORIAL***PROHIBIDA SU VENTA***\" width=\"700\" height=\"545\" srcset=\"https:\/\/d1xxa24wwackpg.cloudfront.net\/wp-content\/uploads\/2016\/12\/07152045\/Acr917272546201610492.jpg 700w, https:\/\/d1xxa24wwackpg.cloudfront.net\/wp-content\/uploads\/2016\/12\/07152045\/Acr917272546201610492.jpg 300w\" sizes=\"(max-width: 700px) 100vw, 700px\" \/><\/a><figcaption id=\"caption-attachment-31992\" class=\"wp-caption-text\">Kim Jong-un, l\u00edder supremo de Corea del Norte, relev\u00f3 a su padre en el poder con solo 28 a\u00f1os de edad.<\/figcaption><\/figure>\n<p style=\"text-align: center;\">***<\/p>\n<h4 style=\"text-align: center;\">Exceso de piel no lo dejaba ver<\/h4>\n<p>En junio del 2008, el empresario y entonces aspirante a la Presidencia de Chile, Sebasti\u00e1n Pi\u00f1era, estren\u00f3 la \u00fanica cirug\u00eda pl\u00e1stica que hasta hoy se le conoce. La prensa chilena lo fotografi\u00f3 para esa fecha con los puntos evidentes de una operaci\u00f3n reciente en la zona de los p\u00e1rpados y los ojos a\u00fan hinchados por la intervenci\u00f3n.<\/p>\n<p>Pi\u00f1era explic\u00f3 que el objetivo de la cirug\u00eda fue cortarle el exceso de piel alrededor de los ojos, porque eso le dificultaba la visi\u00f3n.<\/p>\n<p>El cirujano David Hidalgo coment\u00f3 el a\u00f1o pasado a la revista Vanity Fair que Pi\u00f1era figura entre las tres mejores cirug\u00edas de los mandatarios que entonces analiz\u00f3 la revista, seguido de Vladimir Putin y Dilma Rousseff. Sin embargo, agreg\u00f3 que Pi\u00f1era a\u00fan podr\u00eda hacer m\u00e1s por rejuvenecer su rostro.<\/p>\n<figure id=\"attachment_31999\" aria-describedby=\"caption-attachment-31999\" style=\"width: 700px\" class=\"wp-caption aligncenter\"><a href=\"\/wp-content\/uploads\/2016\/12\/Acr9172725462016-12725.jpg\"><img loading=\"lazy\" decoding=\"async\" class=\"size-full wp-image-31999\" src=\"\/wp-content\/uploads\/2016\/12\/Acr9172725462016-12725.jpg\" alt=\"Sebasti\u00e1n Pi\u00f1era, presidente de Chile AFP PHOTO\/Claudio Santana\" width=\"700\" height=\"657\" srcset=\"https:\/\/d1xxa24wwackpg.cloudfront.net\/wp-content\/uploads\/2016\/12\/07152038\/Acr9172725462016-12725.jpg 700w, https:\/\/d1xxa24wwackpg.cloudfront.net\/wp-content\/uploads\/2016\/12\/07152038\/Acr9172725462016-12725.jpg 300w, https:\/\/d1xxa24wwackpg.cloudfront.net\/wp-content\/uploads\/2016\/12\/07152038\/Acr9172725462016-12725.jpg 24w\" sizes=\"(max-width: 700px) 100vw, 700px\" \/><\/a><figcaption id=\"caption-attachment-31999\" class=\"wp-caption-text\">Sebasti\u00e1n Pi\u00f1era, de 63 a\u00f1os, presidente de Chile desde el 2010.<\/figcaption><\/figure>\n<p style=\"text-align: center;\">***<\/p>\n<p>Cuando el expresidente de Brasil Luiz In\u00e1cio Lula da Silva se empe\u00f1\u00f3 en que la jefa de la Casa Civil de su gobierno, Dilma Rousseff, era quien deb\u00eda sucederle en el poder, \u00e9l tuvo que convencer a esta exguerrillera, encarcelada y torturada por la dictadura brasile\u00f1a (1964-1985) de abandonarse en las manos del famoso cirujano pl\u00e1stico Renato Vieira, para dejar atr\u00e1s su aspecto de mandona y lucir \u201cm\u00e1s amable, menos ruda y m\u00e1s fresca\u201d.<\/p>\n<p>El trabajo de Vieira fue inyectar metacrilato bajo la piel de Rousseff y moldearlo para borrar arrugas, levantar la nariz, rejuvenecer sus p\u00e1rpados y mejorar otros detalles que eliminar\u00edan los rastros del c\u00e1ncer linf\u00e1tico que a ella le diagnosticaron un a\u00f1o antes de ser presentada como candidata del Partido de los Trabajadores.<\/p>\n<p>El trabajo de Vieira fue uno de los m\u00e1s aplaudidos por el experto cirujano David Hidalgo, consultado por Vanity Fair, que si se trata de dar una nota a los resultados de esa intervenci\u00f3n est\u00e9tica dice que merece un A+, que aqu\u00ed equivale a un 100.<\/p>\n<figure id=\"attachment_31993\" aria-describedby=\"caption-attachment-31993\" style=\"width: 700px\" class=\"wp-caption aligncenter\"><a href=\"\/wp-content\/uploads\/2016\/12\/Acr91727254620165849.jpg\"><img loading=\"lazy\" decoding=\"async\" class=\"size-full wp-image-31993\" src=\"\/wp-content\/uploads\/2016\/12\/Acr91727254620165849.jpg\" alt=\"Dilma Rousseff (AP Photo\/Jorge Saenz)\" width=\"700\" height=\"956\" srcset=\"https:\/\/d1xxa24wwackpg.cloudfront.net\/wp-content\/uploads\/2016\/12\/07152044\/Acr91727254620165849.jpg 700w, https:\/\/d1xxa24wwackpg.cloudfront.net\/wp-content\/uploads\/2016\/12\/07152044\/Acr91727254620165849.jpg 220w\" sizes=\"(max-width: 700px) 100vw, 700px\" \/><\/a><figcaption id=\"caption-attachment-31993\" class=\"wp-caption-text\">Dilma Rousseff, de 66 a\u00f1os, asumi\u00f3 la Presidencia de Brasil en el 2011. Dos a\u00f1os antes (arriba) su aspecto f\u00edsico y atuendos eran muy diferentes.<\/figcaption><\/figure>\n<p style=\"text-align: center;\">***<\/p>\n<p>Apodado Il Cavalieri, el ahora ex primer ministro de Italia, Silvio Berlusconi, jam\u00e1s tuvo problema en admitir que sus cirug\u00edas est\u00e9ticas, ampliamente detalladas por la prensa italiana y europea, obedec\u00edan a que \u00e9l ten\u00eda una imagen que cuidar por su alto cargo y que lo hac\u00eda \u201cpor respeto a los dem\u00e1s\u201d.<\/p>\n<p>En marzo del 2011, Berlusconi se someti\u00f3 a una operaci\u00f3n maxilofacial de cuatro horas para un trasplante \u00f3seo y un implante de dientes que le permitieran recuperar plenamente la capacidad de masticar, da\u00f1ada tras el atentado que sufri\u00f3 el 13 de diciembre de 2009, cuando el italiano Massimo Tartaglia le golpe\u00f3 con una miniatura del duomo de Mil\u00e1n durante un mitin.<\/p>\n<p>Antes, sin embargo, ya se hab\u00eda hecho trasplantes de cabello (2004 y 2005) con un tratamiento que tapa los huecos de la calvicie y da al cabello la sensaci\u00f3n de ser m\u00e1s espeso. Adem\u00e1s, a lo largo de los \u00faltimos a\u00f1os se hizo varios <em>lifting<\/em> para rejuvenecer los ojos y el cuello.<\/p>\n<p>Berlusconi nunca ocult\u00f3 tampoco su coqueter\u00eda, al pedir a la prensa que le fotografiara desde su mejor \u00e1ngulo (el derecho, seg\u00fan \u00e9l) y lucir siempre que pudo su mejor bronceado.<\/p>\n<figure id=\"attachment_31994\" aria-describedby=\"caption-attachment-31994\" style=\"width: 700px\" class=\"wp-caption aligncenter\"><a href=\"\/wp-content\/uploads\/2016\/12\/Acr9172725462016-4959.jpg\"><img loading=\"lazy\" decoding=\"async\" class=\"size-full wp-image-31994\" src=\"\/wp-content\/uploads\/2016\/12\/Acr9172725462016-4959.jpg\" alt=\"Silvio Berlusconi\" width=\"700\" height=\"874\" srcset=\"https:\/\/d1xxa24wwackpg.cloudfront.net\/wp-content\/uploads\/2016\/12\/07152042\/Acr9172725462016-4959.jpg 700w, https:\/\/d1xxa24wwackpg.cloudfront.net\/wp-content\/uploads\/2016\/12\/07152042\/Acr9172725462016-4959.jpg 240w\" sizes=\"(max-width: 700px) 100vw, 700px\" \/><\/a><figcaption id=\"caption-attachment-31994\" class=\"wp-caption-text\">Silvio Berlusconi, de 76 a\u00f1os, fue primer ministro de Italia en tres ocasiones. La \u00faltima, del 2008 al 2011. Arriba, en una foto del 2004, luce claramente m\u00e1s calvo que en la otra foto, tomada cinco a\u00f1os despu\u00e9s.<\/figcaption><\/figure>\n<p style=\"text-align: center;\">***<\/p>\n<h4 style=\"text-align: left;\">Las caras de Ortega<\/h4>\n<p>Hasta la fecha nunca se ha reportado o documentado alguna intervenci\u00f3n est\u00e9tica al presidente de Nicaragua, Daniel Ortega Saavedra, reelecto inconstitucionalmente en noviembre del 2011.<\/p>\n<p>Sin embargo, en las campa\u00f1as electorales que su esposa Rosario Murillo dirigi\u00f3 desde 1996 hasta su regreso al poder en el 2007 se le vio muchas veces reinventado para conquistar a los votantes, desde su comparaci\u00f3n con un mes\u00edas que har\u00eda de Nicaragua una \u201ctierra prometida\u201d hasta su imagen pulcra luciendo camisa blanca y un bigote despoblado en enormes r\u00f3tulos de propaganda.<\/p>\n<p>Su cambio m\u00e1s evidente, no obstante, fue cuando como candidato presidencial para las elecciones de 1990 elimin\u00f3 de su atuendo los lentes gruesos que hasta entonces le hab\u00edan caracterizado, gracias a una operaci\u00f3n en Cuba que le permiti\u00f3 corregir sus problemas en la vista.<\/p>\n","protected":false},"excerpt":{"rendered":"<p>Suavizar l\u00edneas de expresi\u00f3n, recortar exceso de piel en los p\u00e1rpados, eliminar ojeras, rejuvenecer los p\u00f3mulos o recuperar el cabello&#8230; L\u00edderes pol\u00edticos de todo el mundo visitan al cirujano pl\u00e1stico para conseguir votos<\/p>\n","protected":false},"author":46,"featured_media":32289,"comment_status":"open","ping_status":"open","sticky":false,"template":"","format":"standard","meta":{"_acf_changed":false,"footnotes":""},"categories":[26],"tags":[],"class_list":["post-30853","post","type-post","status-publish","format-standard","has-post-thumbnail","hentry","category-reportajes"],"acf":[],"_links":{"self":[{"href":"https:\/\/staging.laprensanic.com\/magazine\/wp-json\/wp\/v2\/posts\/30853","targetHints":{"allow":["GET"]}}],"collection":[{"href":"https:\/\/staging.laprensanic.com\/magazine\/wp-json\/wp\/v2\/posts"}],"about":[{"href":"https:\/\/staging.laprensanic.com\/magazine\/wp-json\/wp\/v2\/types\/post"}],"author":[{"embeddable":true,"href":"https:\/\/staging.laprensanic.com\/magazine\/wp-json\/wp\/v2\/users\/46"}],"replies":[{"embeddable":true,"href":"https:\/\/staging.laprensanic.com\/magazine\/wp-json\/wp\/v2\/comments?post=30853"}],"version-history":[{"count":15,"href":"https:\/\/staging.laprensanic.com\/magazine\/wp-json\/wp\/v2\/posts\/30853\/revisions"}],"predecessor-version":[{"id":54853,"href":"https:\/\/staging.laprensanic.com\/magazine\/wp-json\/wp\/v2\/posts\/30853\/revisions\/54853"}],"wp:featuredmedia":[{"embeddable":true,"href":"https:\/\/staging.laprensanic.com\/magazine\/wp-json\/wp\/v2\/media\/32289"}],"wp:attachment":[{"href":"https:\/\/staging.laprensanic.com\/magazine\/wp-json\/wp\/v2\/media?parent=30853"}],"wp:term":[{"taxonomy":"category","embeddable":true,"href":"https:\/\/staging.laprensanic.com\/magazine\/wp-json\/wp\/v2\/categories?post=30853"},{"taxonomy":"post_tag","embeddable":true,"href":"https:\/\/staging.laprensanic.com\/magazine\/wp-json\/wp\/v2\/tags?post=30853"}],"curies":[{"name":"wp","href":"https:\/\/api.w.org\/{rel}","templated":true}]}}