{"id":30858,"date":"2013-07-14T16:25:47","date_gmt":"2013-07-14T22:25:47","guid":{"rendered":"https:\/\/www.magazine.com.ni\/?p=30858"},"modified":"2020-10-03T16:54:55","modified_gmt":"2020-10-03T22:54:55","slug":"a-outra-dama-de-ferro","status":"publish","type":"post","link":"https:\/\/staging.laprensanic.com\/magazine\/reportajes\/a-outra-dama-de-ferro\/","title":{"rendered":"Dilma Rousseff, la otra Dama de hierro"},"content":{"rendered":"<p style=\"text-align: center;\">Una completa desconocida en la pol\u00edtica brasile\u00f1a fue electa por un carism\u00e1tico presidente para que le relevara en el poder. Exguerrillera, desali\u00f1ada y mandona. A ella la han llamado la Dama de Hierro de Latinoam\u00e9rica<\/p>\n<p style=\"text-align: center;\"><strong>Por Arlen Cerda<\/strong><\/p>\n<p>Antes de que el presidente Luiz In\u00e1cio Lula da Silva (2003-2010) lo mencionara, nadie \u2014ni siquiera ella\u2014 hubiese cre\u00eddo que esa mujer de entonces 61 a\u00f1os de edad, sobreviviente de un c\u00e1ncer linf\u00e1tico, con aspecto descuidado y de car\u00e1cter mand\u00f3n, podr\u00eda ser la sucesora del gobernante m\u00e1s carism\u00e1tico de esa pr\u00f3spera naci\u00f3n latinoamericana. Dilma Rousseff (nacida en Belo Horizonte, Brasil, 1947) no solo parec\u00eda todo lo contrario al presidente Lula, tambi\u00e9n era una perfecta desconocida pol\u00edtica para Brasil.<\/p>\n<p>Sin embargo, nadie pudo convencer a Lula de cambiar su elecci\u00f3n y, de hecho, solo unos pocos aspirantes presidenciales lo intentaron. El camino no fue sencillo y nadie lo supo mejor que ella, pero en octubre del 2010, 56 millones de brasile\u00f1os respaldaron la decisi\u00f3n de Lula, y Dilma Rousseff, una primeriza en la pol\u00edtica, se estableci\u00f3 como la primera presidenta de Brasil y hoy es la segunda mujer m\u00e1s influyente del mundo, pisando los talones a la canciller alemana Angela Merkel, seg\u00fan la revista <em>Forbes<\/em>.<\/p>\n<p>Quienes han trabajado de cerca con ella aseguran que dif\u00edcilmente sonr\u00ede y tiene un car\u00e1cter muy explosivo, forjado durante sus a\u00f1os como guerrillera, cuando fue encarcelada y torturada por militares de la dictadura brasile\u00f1a (1964-1985). \u00bfC\u00f3mo fue entonces que Dilma Rousseff lleg\u00f3 a la presidencia para relevar al carism\u00e1tico Lula da Silva?<\/p>\n<figure id=\"attachment_37883\" aria-describedby=\"caption-attachment-37883\" style=\"width: 700px\" class=\"wp-caption aligncenter\"><a href=\"\/wp-content\/uploads\/2017\/10\/159597-3.jpg\"><img fetchpriority=\"high\" decoding=\"async\" class=\"wp-image-37883 size-full\" src=\"\/wp-content\/uploads\/2017\/10\/159597-3.jpg\" alt=\"\" width=\"700\" height=\"520\" srcset=\"https:\/\/d1xxa24wwackpg.cloudfront.net\/wp-content\/uploads\/2017\/10\/07143122\/159597-3.jpg 700w, https:\/\/d1xxa24wwackpg.cloudfront.net\/wp-content\/uploads\/2017\/10\/07143122\/159597-3.jpg 300w, https:\/\/d1xxa24wwackpg.cloudfront.net\/wp-content\/uploads\/2017\/10\/07143122\/159597-3.jpg 600w\" sizes=\"(max-width: 700px) 100vw, 700px\" \/><\/a><figcaption id=\"caption-attachment-37883\" class=\"wp-caption-text\">Lula siempre ha destacado la inteligencia de Rousseff. Durante los meses que trabajaron juntos se reun\u00edan m\u00e1s de una vez al d\u00eda con otros ministros, seg\u00fan el periodista Luiz Maklouf, de la revista <em>Piau\u00ed<\/em>.<\/figcaption><\/figure>\n<p style=\"text-align: center;\">***<\/p>\n<p>Si se trata de cirug\u00edas est\u00e9ticas en Brasil, la reputaci\u00f3n del doctor Renato Vieira es tan aplaudida como el talento de Lula en la pol\u00edtica. Por eso, la misi\u00f3n de dar a Rousseff una imagen m\u00e1s jovial y fresca y menos dura fue encargada a este cirujano, famoso entre las actrices m\u00e1s cotizadas de la televisi\u00f3n brasile\u00f1a. Mientras, el trabajo de convencer a una exguerrillera encarcelada y torturada de firmar una tregua con la vanidad fue el trabajo asignado a Lula, y por supuesto, esa fue la parte menos sencilla.<\/p>\n<p>\u201cNo saben lo que es discutir con esta mujer\u201d, advirti\u00f3 Lula en m\u00e1s de una ocasi\u00f3n sobre el car\u00e1cter de Rousseff, cuando ella era su ministra de Energ\u00eda y Minas y m\u00e1s tarde fue la jefa de la Casa Civil de Planalto, una especie de superministro que act\u00faa como la mano derecha del presidente brasile\u00f1o.<\/p>\n<p>Arrugas muy marcadas, ojeras acentuadas, lentes gruesos, cabello descuidado y trajes con poco color y nada de brillo eran el aspecto y estilo de Rousseff, en un pa\u00eds donde las cirug\u00edas est\u00e9ticas \u2014igual que el futbol y la samba\u2014 son el pan de cada d\u00eda y pr\u00e1cticamente est\u00e1n al alcance de todos, pero cuando a Rousseff le propusieron someterse a una de esas cirug\u00edas, ella respondi\u00f3 que no.<\/p>\n<p>Lula sab\u00eda que esa respuesta era un obst\u00e1culo. \u00c9l mismo, despu\u00e9s de cuatro intentos fallidos para ganar la presidencia, finalmente accedi\u00f3 a bajar de peso, despoblar su barba y vestir elegante para alejar los temores de quienes miraban lo peor de sus vidas con un exobrero metal\u00fargico al mando del pa\u00eds. Ahora, el futuro del Partido de los Trabajadores en el poder estaba en juego, y no pod\u00edan perder.<\/p>\n<p>\u201cCon esa terquedad no vas a llegar a ning\u00fan lado\u201d, cuentan que le dijo Lula a la \u00fanica que miraba capaz de sucederle y un a\u00f1o antes de las elecciones comenz\u00f3 la transformaci\u00f3n de Dilma.<\/p>\n<p>El trabajo de Vieira fue inyectar metacrilato bajo la piel de Rousseff y moldearlo para borrar arrugas, levantar la nariz, rejuvenecer sus p\u00e1rpados y otros detalles para eliminar los rastros del c\u00e1ncer linf\u00e1tico que a ella le hab\u00edan diagnosticado un a\u00f1o atr\u00e1s.<\/p>\n<p>Por culpa de aquel c\u00e1ncer, detectado en primera etapa, y el intenso tratamiento para su cura, Rousseff se present\u00f3 en varios actos p\u00fablicos con una peluca, pero el cabello ya le hab\u00eda vuelto a crecer y el estilista Celso Kamura, otro de los preferidos por las celebridades brasile\u00f1as, fue el responsable de peinar hacia arriba el nuevo cabello de Dilma, y agregarle un tono m\u00e1s dorado.<\/p>\n<p>La entonces primera dama Marisa Leticia da Silva tambi\u00e9n cedi\u00f3 a su maquillista Ivette Leloir, para que se encargara de establecer la nueva rutina cosm\u00e9tica para el rostro de la aspirante presidencial y el asesor de imagen de Lula, Joao Santana, se encarg\u00f3 de los detalles finales, como tirarle las viejas gafas a la basura, ordenarle los nuevos lentes de contacto y renovarle por completo su viejo y opaco guardarropa.<\/p>\n<p>As\u00ed, cuando el pol\u00edtico y abogado Jos\u00e9 Dirceu de Oliveira desisti\u00f3 de su candidatura, tras uno de los esc\u00e1ndalos de corrupci\u00f3n m\u00e1s sonados en ese pa\u00eds, el camino estaba despejado para que Dilma empezara a competir por la presidencia de Brasil, con la bendici\u00f3n absoluta de Lula y los lentes de los medios puestos en ella.<\/p>\n<figure id=\"attachment_37885\" aria-describedby=\"caption-attachment-37885\" style=\"width: 700px\" class=\"wp-caption aligncenter\"><a href=\"\/wp-content\/uploads\/2017\/10\/159597-2.jpg\"><img decoding=\"async\" class=\"wp-image-37885 size-full\" src=\"\/wp-content\/uploads\/2017\/10\/159597-2.jpg\" alt=\"\" width=\"700\" height=\"766\" srcset=\"https:\/\/d1xxa24wwackpg.cloudfront.net\/wp-content\/uploads\/2017\/10\/07143120\/159597-2.jpg 700w, https:\/\/d1xxa24wwackpg.cloudfront.net\/wp-content\/uploads\/2017\/10\/07143120\/159597-2.jpg 274w, https:\/\/d1xxa24wwackpg.cloudfront.net\/wp-content\/uploads\/2017\/10\/07143120\/159597-2.jpg 600w\" sizes=\"(max-width: 700px) 100vw, 700px\" \/><\/a><figcaption id=\"caption-attachment-37885\" class=\"wp-caption-text\">Rousseff ten\u00eda un 16 por ciento de intenci\u00f3n de votos en enero del 2010 y venci\u00f3 con el 56 por ciento de los votos.<\/figcaption><\/figure>\n<p style=\"text-align: center;\">***<\/p>\n<p>La fama de mandona, Dilma Rousseff se la gan\u00f3 desde jovencita, cuando empez\u00f3 a colaborar en los movimientos revolucionarios contra la dictadura militar en su pa\u00eds. Quienes la conocieron a finales de los sesenta ya la recuerdan dando \u00f3rdenes sin miedo y dirigiendo entrenamientos sobre asaltos bancarios o impartiendo principios de la doctrina marxista.<\/p>\n<p>M\u00e1s tarde, en sus a\u00f1os como funcionaria, tambi\u00e9n se distingui\u00f3 por desempe\u00f1ar sus cargos con eficiencia y mano dura y cuando descubri\u00f3 que su segundo esposo, Carlos Ar\u00e1ujo, tendr\u00eda un hijo con otra mujer no vacil\u00f3 en empacarle sus cosas en varias bolsas y echarlo a la calle.<\/p>\n<p>Rousseff, sin embargo, justifica: \u201cEl dif\u00edcil no es mi temperamento, sino mi funci\u00f3n. Yo tengo que resolver problemas y conflictos. No tengo descanso\u201d.<\/p>\n<p>Adem\u00e1s, seg\u00fan ella, no es criticada porque es dura sino por ser mujer. \u201cEs interesante el hecho de que la mujer, cuando ejerce un cargo con alguna autoridad, siempre es tachada de dura, r\u00edgida, dama de hierro o cualquier cosa similar. Y yo en eso veo un estereotipo. Es una camisa de fuerza que intentan ponernos\u201d, reclama.<\/p>\n<p>Lo que digan, sin embargo, no le impidi\u00f3 trazar las l\u00edneas de un gobierno concentrado en el combate a la corrupci\u00f3n institucional y un total de siete ministros de la era de Lula, entre ellos los de Trabajo, la Casa Civil, Transporte, Agricultura, Turismo, Deportes y Ej\u00e9rcito pueden dar prueba de la mano fuerte que gobierna ahora en Planalto, marcando de paso una diferencia para quienes esperaban que continuara todo exactamente igual a como gobern\u00f3 Lula.<\/p>\n<p><a href=\"\/wp-content\/uploads\/2017\/10\/159597-4.jpg\"><img decoding=\"async\" class=\"aligncenter size-medium wp-image-37884\" src=\"\/wp-content\/uploads\/2017\/10\/159597-4-300x213.jpg\" alt=\"\" width=\"300\" height=\"213\" srcset=\"https:\/\/d1xxa24wwackpg.cloudfront.net\/wp-content\/uploads\/2017\/10\/07143121\/159597-4.jpg 300w, https:\/\/d1xxa24wwackpg.cloudfront.net\/wp-content\/uploads\/2017\/10\/07143121\/159597-4.jpg 600w, https:\/\/d1xxa24wwackpg.cloudfront.net\/wp-content\/uploads\/2017\/10\/07143121\/159597-4.jpg 700w\" sizes=\"(max-width: 300px) 100vw, 300px\" \/><\/a><\/p>\n<blockquote>\n<p style=\"text-align: center;\">\u201cYo no era amigo de Dilma. La conoc\u00ed no mucho antes de ser electo y la eleg\u00ed para tener \u00e9xito. Pero pongo las manos en el fuego por ella, apuesto mi alma\u201d.<\/p>\n<p style=\"text-align: center;\">Luis In\u00e1cio Lula da Silva,<br \/>\nexpresidente de Brasil, sobre Dilma Rousseff<\/p>\n<\/blockquote>\n<p style=\"text-align: center;\">***<\/p>\n<p>Diecis\u00e9is vol\u00famenes de documentos, que se mantuvieron en secreto durante cuarenta a\u00f1os, relatan el proceso judicial que la dictadura militar brasile\u00f1a dirigi\u00f3 contra una muchacha de 22 a\u00f1os \u201cguerrillera\u201d y \u201csubversiva\u201d.<\/p>\n<p>Transporte y portaci\u00f3n de armas y recaudaci\u00f3n y traslado de dinero para la guerrilla, a veces obtenidos en asaltos para los que ella supuestamente entren\u00f3 a varios guerrilleros, participaci\u00f3n en huelgas y direcci\u00f3n de capacitaciones en teor\u00edas marxistas eran parte de los cargos que la dictadura ten\u00eda contra esa chavala delgada, de estatura media y cabello corto que se movilizaba por varias ciudades del pa\u00eds utilizando media docena de identidades falsas.<\/p>\n<p>Su padre, un abogado y peque\u00f1o empresario b\u00falgaro llamado Petar Rusev, hab\u00eda huido de su pa\u00eds cuarenta a\u00f1os atr\u00e1s porque su gobierno lo persegu\u00eda por comunista y en el camino dej\u00f3 a su esposa y \u00fanico hijo. Despu\u00e9s de cortas estancias en Francia y Argentina, finalmente se instal\u00f3 en Brasil.<\/p>\n<p>Durante un viaje a Uberaba, municipio en el estado de Minas Gerais, en el sudeste de Brasil, Rusev conoci\u00f3 a Dilma Jane Coimbra Silva, una profesora de R\u00edo de Janeiro, que visitaba a sus padres ganaderos. \u00c9l se enamor\u00f3, le pidi\u00f3 matrimonio y se instalaron en Belo Horizonte, donde criaron a sus hijos Igor, Dilma Vana y Zana Luc\u00eda.<\/p>\n<p>La familia era de clase media alta y, de hecho, cuando el \u201caportuguesado\u201d Pedro Rousseff muri\u00f3 en 1962, \u00e9l le dej\u00f3 a la familia una herencia de quince inmuebles.<\/p>\n<p>Sin embargo, el golpe de Estado que un grupo de militares dirigi\u00f3 contra el presidente Joao Goulart, en marzo de 1964, provoc\u00f3 que la joven Dilma se afiliara a varias organizaciones de inspiraci\u00f3n revolucionaria y tres a\u00f1os despu\u00e9s se uni\u00f3 a la tendencia que propon\u00eda una lucha armada contra la nueva dictadura.<\/p>\n<p>Fue entonces cuando se comenzaron a escribir las primeras de las cinco mil p\u00e1ginas que suman su expediente y los tres procesos penales que la justicia militar brasile\u00f1a realiz\u00f3 contra ella.<\/p>\n<p>Varios de sus compa\u00f1eros de militancia, que fueron entrevistados por diferentes diarios y revistas durante la campa\u00f1a electoral que a\u00f1os m\u00e1s tarde llevar\u00eda Rousseff a la presidencia, aseguran que entonces ella se distingu\u00eda porque no tem\u00eda dar \u00f3rdenes, dictar cursos de marxismo ni dirigir acciones p\u00fablicas contra la dictadura.<\/p>\n<p>En esa etapa, la joven Dilma tambi\u00e9n se encarg\u00f3 de la comunicaci\u00f3n entre la direcci\u00f3n general y los comandos regionales del grupo Vanguardia Armada Revolucionaria Palmares (VAR &#8211; Palmares), que dirig\u00eda quien fue su compa\u00f1ero de vida durante 30 a\u00f1os, Carlos Ara\u00fajo, un abogado once a\u00f1os mayor que ella. Sin embargo, sus acciones \u201csubversivas\u201d estaban por pasarle la cuenta.<\/p>\n<blockquote>\n<p style=\"text-align: center;\">\u201cBrasil amaneci\u00f3 hoy m\u00e1s fuerte. La grandeza de las manifestaciones de ayer comprueban la energ\u00eda de nuestra democracia\u201d.<\/p>\n<p style=\"text-align: center;\">Dilma Rousseff,<br \/>\nsobre las recientes protestas en Brasil que bajaron su aprobaci\u00f3n de 57 a 30 puntos en una semana.<\/p>\n<\/blockquote>\n<p style=\"text-align: center;\">***<\/p>\n<p>Si hubiera llegado unos minutos m\u00e1s tarde, Dilma Rousseff se les hubiese escapado a los militares que ese 16 de enero de 1970 la buscaban en aquel bar en la calle R\u00faa Augusta de Sao Paulo, donde se iba a reunir con un militante llamado Jos\u00e9 Ribeiro, pero a \u00e9l lo hab\u00edan capturado d\u00edas antes y lo torturaron durante horas para que revelara con qui\u00e9n se reunir\u00eda y no tuvo m\u00e1s remedio que dirigirlos al bar, donde iba a esperarla.<\/p>\n<p>Ah\u00ed, los militares solo capturaron a otro contacto, pero cuando iban a dejar el lugar, Dilma lleg\u00f3 y aunque trat\u00f3 de huir disimuladamente, los hombres la revisaron y descubrieron que estaba armada.<\/p>\n<p>La siguiente parada fue en las instalaciones de la Operaci\u00f3n Bandeirante, donde la torturaron durante 22 d\u00edas.<\/p>\n<p>A la hoy presidenta no le gusta hablar del tema. Sin embargo, a\u00f1os antes de involucrarse en la carrera presidencial, cont\u00f3 algunos detalles de esos d\u00edas.<\/p>\n<p>Confirm\u00f3 entonces que la golpeaban constantemente y luego la colgaban en posici\u00f3n fetal o si no la ataban a una silla, para aplicarle descargas el\u00e9ctricas por todo el cuerpo.<\/p>\n<p>\u201cNadie se imagina cu\u00e1ntas secreciones salen de un ser humano cuando es golpeado sin parar y es torturado. Porque esa cantidad de l\u00edquidos que tenemos, la sangre, la orina, el excremento, aparecen en su forma m\u00e1s humana\u201d, asegur\u00f3 Rousseff a\u00f1os despu\u00e9s.<\/p>\n<p>Seg\u00fan el diario <em>O Globo<\/em>, los documentos liberados por la justicia militar despu\u00e9s de concluidas las elecciones, mencionan que Rousseff nunca particip\u00f3 en una acci\u00f3n armada, pero s\u00ed la consideraban una directora intelectual entre los guerrilleros. Incluso uno de los fiscales militares se refiri\u00f3 a ella como la \u201cJuana de Arco de la guerrilla\u201d y una \u201cpapisa de la subversi\u00f3n\u201d.<\/p>\n<p>Lo de intelectual, a Rousseff se le hizo una constante y para cuando conoci\u00f3 a Lula, apenas once a\u00f1os atr\u00e1s, ya era una curtida economista, experta en energ\u00eda, que no se despegaba de su computadora port\u00e1til.<\/p>\n<figure id=\"attachment_37886\" aria-describedby=\"caption-attachment-37886\" style=\"width: 700px\" class=\"wp-caption aligncenter\"><a href=\"\/wp-content\/uploads\/2017\/10\/159598-1.jpg\"><img loading=\"lazy\" decoding=\"async\" class=\"wp-image-37886 size-full\" src=\"\/wp-content\/uploads\/2017\/10\/159598-1.jpg\" alt=\"\" width=\"700\" height=\"481\" srcset=\"https:\/\/d1xxa24wwackpg.cloudfront.net\/wp-content\/uploads\/2017\/10\/07143119\/159598-1.jpg 700w, https:\/\/d1xxa24wwackpg.cloudfront.net\/wp-content\/uploads\/2017\/10\/07143119\/159598-1.jpg 300w, https:\/\/d1xxa24wwackpg.cloudfront.net\/wp-content\/uploads\/2017\/10\/07143119\/159598-1.jpg 600w\" sizes=\"(max-width: 700px) 100vw, 700px\" \/><\/a><figcaption id=\"caption-attachment-37886\" class=\"wp-caption-text\">Tras su reelecci\u00f3n en 2006, Lula le dio m\u00e1s protagonismo a Rousseff. El Programa de Aceleraci\u00f3n del Crecimiento (PAC), que inclu\u00eda una inversi\u00f3n de 250 millones de d\u00f3lares, fue lo que catapult\u00f3 su imagen.<\/figcaption><\/figure>\n<p style=\"text-align: center;\">***<\/p>\n<p>\u201cYa casi en 2002, apareci\u00f3 por ah\u00ed una compa\u00f1era con un ordenadorcito en la mano. Empezamos a debatir y me di cuenta de que ella ten\u00eda un diferencial respecto a los dem\u00e1s, porque ven\u00eda con la pr\u00e1ctica del ejercicio como secretaria de Minas y Energ\u00eda en (el estado de) Rio Grande do Sul. Me qued\u00e9 pensando: \u2018Creo que ya he encontrado a mi ministra\u2019. (Ella) sobresali\u00f3 en una reuni\u00f3n con 15 personas, por su objetividad y su alto grado de conocimiento del sector. Fue as\u00ed como apareci\u00f3 en mi Gobierno\u201d, record\u00f3 Lula da Silva al diario espa\u00f1ol <em>El Mundo<\/em>, sobre el d\u00eda que conoci\u00f3 a Rousseff.<\/p>\n<p>Los apagones programados que sufri\u00f3 Brasil en el 2008, y del que por su consumo eficiente de energ\u00eda se salv\u00f3 el estado Rio Grande do Sol, que ten\u00eda a cargo Rousseff, \u201cfueron una oportunidad hist\u00f3rica para Lula y ella, seg\u00fan el periodista Ricardo Amaral, autor de la biograf\u00eda de Rousseff titulada \u201cLa vida quiere coraje\u201d, publicada tras la campa\u00f1a electoral de la presidenta en la cual \u00e9l particip\u00f3 como colaborador.<\/p>\n<p>\u201cDilma \u2014asegura Amaral\u2014 fue el mejor cuadro del gobierno del Partido de los Trabajadores, para abordar la cuesti\u00f3n de la energ\u00eda. \u00bfQui\u00e9n era el que m\u00e1s dominaba el tema? Lo que Lula le pide (a Dilma) es un nuevo hito en el sector de la electricidad, lo que asegura la planificaci\u00f3n y la inversi\u00f3n en energ\u00eda. La historia nos da esa oportunidad. Y (Dilma) es la \u201cLuz para Todos\u201d, Lula entiende eso muy bien y ve que hay un alcance pol\u00edtico y electoral\u201d, asegura el periodista.<\/p>\n<p>Pero en la carrera por la presidencia, aunque sus asesores lo intentaron mucho, Rousseff nunca se acerc\u00f3 al nivel de carisma que Lula a\u00fan conserva entre los brasile\u00f1os.<\/p>\n<p>La transformaci\u00f3n a la que fue sometida s\u00ed le permiti\u00f3 colaborar m\u00e1s con las sonrisas, acostumbrarse a las fotograf\u00edas, que nunca le han gustado mucho, y \u2014seg\u00fan ella misma\u2014 tambi\u00e9n cambi\u00f3 por dentro, por la \u201cfant\u00e1stica energ\u00eda del pueblo\u201d: \u201cQue te agarran, te abrazan, te besan, dice que van a rezar por tu salud\u201d, ha dicho la presidenta.<\/p>\n<p>\u201cCon la elecci\u00f3n, Dilma se volvi\u00f3 muy conocida \u2014asegura Amaral\u2014. La gente ten\u00eda la idea de esa imagen p\u00fablica a partir de algunos fragmentos dram\u00e1ticos de su historia: como el c\u00e1ncer, (su gesti\u00f3n en la guerrilla) y su capacidad de gesti\u00f3n&#8230; De lo mandona&#8230; Pero en realidad esas facetas no lo son todo de ella\u201d.<\/p>\n<h4>Inici\u00f3 en el puesto 95<\/h4>\n<p>Tres a\u00f1os atr\u00e1s, la primera mujer presidente de Brasil, Dilma Rousseff, ocupaba el puesto n\u00famero 95 en la lista anual de las 100 mujeres m\u00e1s influyentes del mundo, elaborado desde el 2004 por la revista <em>Forbes<\/em>. Del 2012 al 2013, la mandataria escal\u00f3 del tercero al segundo lugar, en un top que encabeza la canciller alemana Angela Merkel e incluye a Melinda Gates, Michelle Obama y Hilary Clinton.<\/p>\n<h4>D\u00edas de tortura<\/h4>\n<p>En mayo del 2012, Brasil aprob\u00f3 la creaci\u00f3n de una Comisi\u00f3n de la Verdad para investigar los cr\u00edmenes contra los derechos humanos ocurridos entre 1964 y 1985, aunque independientemente de los resultados nadie ser\u00e1 castigado judicialmente.<br \/>\nEn 1970, la actual presidenta Dilma Rousseff fue una de las personas encarceladas y torturadas por la dictadura brasile\u00f1a.<br \/>\nAdem\u00e1s de los golpes, las torturas que sufri\u00f3 se conocen en Brasil como \u201cpau de arara\u201d y \u201ccadeira do drag\u00e3o\u201d. Ambas son descargas el\u00e9ctricas en el cuerpo. En la primera, la persona es colgada de un palo en posici\u00f3n fetal, en la otra la atan a una silla.<\/p>\n<h4>Divorcios<\/h4>\n<p>Ninguno de los dos divorcios de Dilma Rousseff fue sencillo, pero ambos exmaridos mantienen a\u00fan una relaci\u00f3n estrecha con ella.<\/p>\n<p>Rousseff ten\u00eda solo 20 a\u00f1os cuando se cas\u00f3 con Claudio Galeno de Magalh\u00e3es Linhares, un guerrillero y periodista, cinco a\u00f1os mayor que ella. Ambos apoyaban la lucha armada contra la dictadura y su apartamento era un punto de reuni\u00f3n para el Comando de Liberaci\u00f3n Nacional (Colina), pero tuvieron que separarse cuando los militares los descubrieron y m\u00e1s tarde ella conoci\u00f3 al abogado Carlos Ar\u00e1ujo y le pidi\u00f3 el divorcio. Luego con Ar\u00e1ujo vivi\u00f3 30 a\u00f1os, hasta el d\u00eda que ella lo ech\u00f3 a la calle porque descubri\u00f3 que \u00e9l tendr\u00eda un hijo con otra mujer.<\/p>\n<p>Sin embargo, los dos la apoyaron en la campa\u00f1a. E incluso Ar\u00e1ujo y Galeno compartieron casa, cuando el segundo regres\u00f3 a Brasil, despu\u00e9s de haberse establecido varios a\u00f1os en Nicaragua, donde trabaj\u00f3, se cas\u00f3 e inici\u00f3 una familia.<\/p>\n<h4>Hija prodigio del \u201clulaismo\u201d<\/h4>\n<p>Analistas pol\u00edticos y periodistas que han estudiado la trayectoria de Dilma Rousseff coinciden en destacar que su experiencia electoral era nula antes de ser propuesta para relevar en el poder a Lula da Silva.<\/p>\n<p>1964<br \/>\nComienza a involucrarse en movimientos revolucionarios contra la dictadura. Y seis a\u00f1os m\u00e1s tarde es encarcelada y torturada.<\/p>\n<p>1993<br \/>\nSe desempe\u00f1a como secretaria de Energ\u00eda, Minas y Comunicaciones en Rio Grande do Sul. Un a\u00f1o despu\u00e9s deja el cargo y vuelve en 1998, evitando que ese estado fuera parte del programa nacional de apagones.<\/p>\n<p>2002<br \/>\nLula la elige para el Ministerio de Energ\u00eda y Minas, sorprendiendo al pa\u00eds y tres a\u00f1os despu\u00e9s la nombra jefa de la Casa Civil.<\/p>\n<h4>\u00bfLesbiana?<\/h4>\n<p>Si el cambio de look de Dilma Rousseff fue uno de los hechos m\u00e1s comentados por la prensa brasile\u00f1a, que insisti\u00f3 en sus fotos del \u201cantes y despu\u00e9s\u201d de quien apenas se mencionaba como la favorita de Lula para la presidencia, el que se cuestionara su preferencia sexual cuando ya era candidata, sin duda, levant\u00f3 una polvareda mayor, que ech\u00f3 a andar todo la maquinaria de la campa\u00f1a electoral del Partido de los Trabajadores.<\/p>\n<p>Primero fueron los comentarios en las redes sociales, donde alguien cit\u00f3 como prueba los dos divorcios de Rousseff. Luego, el columnista y bloguero de pol\u00edtica del diario <em>Folha<\/em>, de Sao Paulo, Jos\u00edas de Souza, asegur\u00f3 en uno de sus textos que a Rousseff la tachaban de lesbiana.<\/p>\n<p>Pero la pol\u00e9mica fue mayor cuando durante una gira de la candidata el periodista Efr\u00e9m Ribeiro, del diario <em>Meio Norte<\/em> y corresponsal de <em>O Globo<\/em>, le pregunt\u00f3 directamente si ella es homosexual.<\/p>\n<p>\u201c\u00a1Ah querido! No voy a responder eso. Tengo una hija y un nieto. Por el amor de Dios, no voy a entrar en ese nivel de debate\u00bb, respondi\u00f3 Rousseff.<\/p>\n<p>Dos a\u00f1os despu\u00e9s, ya en el gobierno, los rumores contin\u00faan. Uno de los m\u00e1s recientes en ponerlo en la agenda p\u00fablica fue el diputado conservador Jair Bolsonaro, que en noviembre del 2011 ret\u00f3 a Rousseff a asumir \u201csi le gustan los homosexuales\u201d.<\/p>\n<p>Bolsonaro aclar\u00f3 despu\u00e9s que \u00e9l se refer\u00eda al apoyo de Rousseff a los homosexuales y no a su preferencia, pero para entonces la pol\u00e9mica nuevamente estaba en boca de todos.<\/p>\n","protected":false},"excerpt":{"rendered":"<p>Una completa desconocida en la pol\u00edtica brasile\u00f1a fue electa por un carism\u00e1tico presidente para que le relevara en el poder. Exguerrillera, desali\u00f1ada y mandona. A ella la han llamado la \u201cdama de hierro\u201d de Latinoam\u00e9rica<\/p>\n","protected":false},"author":46,"featured_media":37882,"comment_status":"open","ping_status":"open","sticky":false,"template":"","format":"standard","meta":{"_acf_changed":false,"footnotes":""},"categories":[26],"tags":[],"class_list":["post-30858","post","type-post","status-publish","format-standard","has-post-thumbnail","hentry","category-reportajes"],"acf":[],"_links":{"self":[{"href":"https:\/\/staging.laprensanic.com\/magazine\/wp-json\/wp\/v2\/posts\/30858","targetHints":{"allow":["GET"]}}],"collection":[{"href":"https:\/\/staging.laprensanic.com\/magazine\/wp-json\/wp\/v2\/posts"}],"about":[{"href":"https:\/\/staging.laprensanic.com\/magazine\/wp-json\/wp\/v2\/types\/post"}],"author":[{"embeddable":true,"href":"https:\/\/staging.laprensanic.com\/magazine\/wp-json\/wp\/v2\/users\/46"}],"replies":[{"embeddable":true,"href":"https:\/\/staging.laprensanic.com\/magazine\/wp-json\/wp\/v2\/comments?post=30858"}],"version-history":[{"count":11,"href":"https:\/\/staging.laprensanic.com\/magazine\/wp-json\/wp\/v2\/posts\/30858\/revisions"}],"predecessor-version":[{"id":52359,"href":"https:\/\/staging.laprensanic.com\/magazine\/wp-json\/wp\/v2\/posts\/30858\/revisions\/52359"}],"wp:featuredmedia":[{"embeddable":true,"href":"https:\/\/staging.laprensanic.com\/magazine\/wp-json\/wp\/v2\/media\/37882"}],"wp:attachment":[{"href":"https:\/\/staging.laprensanic.com\/magazine\/wp-json\/wp\/v2\/media?parent=30858"}],"wp:term":[{"taxonomy":"category","embeddable":true,"href":"https:\/\/staging.laprensanic.com\/magazine\/wp-json\/wp\/v2\/categories?post=30858"},{"taxonomy":"post_tag","embeddable":true,"href":"https:\/\/staging.laprensanic.com\/magazine\/wp-json\/wp\/v2\/tags?post=30858"}],"curies":[{"name":"wp","href":"https:\/\/api.w.org\/{rel}","templated":true}]}}