{"id":30862,"date":"2013-07-14T10:11:37","date_gmt":"2013-07-14T16:11:37","guid":{"rendered":"https:\/\/www.magazine.com.ni\/?p=30862"},"modified":"2020-10-03T12:38:03","modified_gmt":"2020-10-03T18:38:03","slug":"la-rebelion-de-los-pintores","status":"publish","type":"post","link":"https:\/\/staging.laprensanic.com\/magazine\/reportajes\/la-rebelion-de-los-pintores\/","title":{"rendered":"La rebeli\u00f3n de los pintores"},"content":{"rendered":"<p>Praxis apareci\u00f3 \u2014explicaba a un diario el escritor nicarag\u00fcense Sergio Ram\u00edrez\u2014 en el \u201ccontexto m\u00e1s crudo de la dictadura somocista y las carencias culturales que la dictadura somocista produc\u00eda en Nicaragua. La mediocridad cultural de una Managua dominada por la frialdad y de muy pocas actividades culturales en el pa\u00eds. Una cultura oficial adem\u00e1s de mediocre bastante cursi, de manera que Praxis surge como una novedad en medio de un gran desierto cultural\u201d.<\/p>\n<p>Este a\u00f1o el Grupo Praxis cumple cincuenta a\u00f1os y sus mejores frutos tienen nombre y apellido: Leoncio S\u00e1enz, Alejandro Ar\u00f3stegui, Luis Urbina, Arnoldo Guill\u00e9n, Genaro Lugo, Orlando Sobalvarro, Leonel Vanegas y R\u00f3ger P\u00e9rez de la Rocha.<\/p>\n<blockquote><p><a href=\"\/wp-content\/uploads\/2016\/12\/Acr917272546201623032.jpg\"><img decoding=\"async\" class=\"wp-image-31978 size-thumbnail aligncenter\" src=\"\/wp-content\/uploads\/2016\/12\/Acr917272546201623032-150x150.jpg\" alt=\"Bayardo Cuadra, historiador. Managua 18 de mayo 2013. Foto Guillermo Flores Morales\/LA PRENSA\" width=\"150\" height=\"150\" srcset=\"https:\/\/d1xxa24wwackpg.cloudfront.net\/wp-content\/uploads\/2016\/12\/07152057\/Acr917272546201623032.jpg 150w, https:\/\/d1xxa24wwackpg.cloudfront.net\/wp-content\/uploads\/2016\/12\/07152057\/Acr917272546201623032.jpg 24w, https:\/\/d1xxa24wwackpg.cloudfront.net\/wp-content\/uploads\/2016\/12\/07152057\/Acr917272546201623032.jpg 48w, https:\/\/d1xxa24wwackpg.cloudfront.net\/wp-content\/uploads\/2016\/12\/07152057\/Acr917272546201623032.jpg 96w\" sizes=\"(max-width: 150px) 100vw, 150px\" \/><\/a><\/p><\/blockquote>\n<p style=\"text-align: center;\">\u201cDe 1963 a 1966 ha sido una de las \u00e9pocas m\u00e1s trascendentales en el desarrollo de la pintura en Nicaragua. Fue la \u00e9poca m\u00e1s rica en producci\u00f3n de Praxis \u201d.<br \/>\nBayardo Cuadra, historiador.<\/p>\n<p style=\"text-align: center;\">***<\/p>\n<p>Sobre la Avenida Bol\u00edvar de la vieja Managua, frente a las Camas Luna, hab\u00eda una casa de tejas y adobe que representaba la creatividad, la innovaci\u00f3n, la revoluci\u00f3n de la pintura de los a\u00f1os sesenta. La casa n\u00famero 402. Al entrar, guindadas de las paredes, se ve\u00edan las pinturas perfectamente iluminadas. Cuadros hechos con arena, piedra, madera, alambres de p\u00faas, hojas de repollo, huesos. Cuadros con tendencias a la monocrom\u00eda.<\/p>\n<p>Era la Galer\u00eda Praxis, que hab\u00eda sido inaugurada el 23 de agosto de 1963 y que mostraba a Nicaragua y al mundo el arte de los pintores que albergaba el grupo del mismo nombre. \u201cEra otra manera de expresar. No se trataba de seguir las ideas acad\u00e9micas y paisajismo\u201d, dice Ar\u00f3stegui, quien asegura que las influencias llegaban de Europa.<\/p>\n<p>\u201cLa tem\u00e1tica de Praxis era b\u00e1sicamente la misma: un mundo deshumanizado representado a trav\u00e9s de paisajes org\u00e1nicos y naturalezas muertas, donde aglutinan los materiales m\u00e1s diversos \u2014arena, yeso, brea, sacos de bramante\u2014, as\u00ed como los de desechos de la sociedad de consumo \u2014latas aplastadas, fragmentos de piezas mec\u00e1nicas y una serie de objetos encontrados\u2014 que dan como resultado fuertes <em>collages<\/em> de superficies muy texturadas y mat\u00e9ricas. A esta tem\u00e1tica habr\u00eda que a\u00f1adir la presencia de lo prehisp\u00e1nico y el culto a lo tel\u00farico\u201d, explica Mar\u00eda Dolores Torres, historiadora de arte.<\/p>\n<p>Procuraban mantenerse lejos de lo convencional. De hecho, para conformarse como Praxis, les toc\u00f3 cortar el cord\u00f3n umbilical que los un\u00eda a la Escuela de Bellas Artes, entonces dirigida por el pintor Rodrigo Pe\u00f1alba, quien siempre los apoy\u00f3. Pero ellos quer\u00edan ser independientes, as\u00ed que la primera idea fue abrir la galer\u00eda. Para conseguir dinero y ponerla a funcionar les toc\u00f3 hacer lo que no les gustaba: decoradores, r\u00f3tulos de carretera, mantas&#8230;<\/p>\n<p>La pintura no era un negocio muy rentable para aquellos a\u00f1os, pero ellos, pintores de tiempo completo, lograban vivir de eso. Adem\u00e1s \u2014confiesa Ar\u00f3stegui\u2014 \u201cesta pintura era un poco chocante para la gente, pero siempre se vend\u00eda porque ten\u00eda mucha difusi\u00f3n, ven\u00eda gente de otros pa\u00edses, nos invitaban a exhibir en Costa Rica, El Salvador, ten\u00edamos buena recepci\u00f3n\u201d.<\/p>\n<p>Galer\u00eda Praxis tuvo reconocimiento internacional. Jos\u00e9 G\u00f3mez Sicre, cr\u00edtico de arte y jefe de la Divisi\u00f3n de Artes Visuales de la Uni\u00f3n Panamericana, dijo: \u201cMe di cuenta del caudal de este pueblo, superdotado en las generaciones nuevas para la pl\u00e1stica\u201d. Y sus palabras quedaron grabadas en las p\u00e1ginas de la historia de la pintura del pa\u00eds.<\/p>\n<p>Los cr\u00edticos se\u00f1alan que fue un grupo de mucha rigurosidad y exigencia, tanto que se les acus\u00f3 de elitistas, lo que Ar\u00f3stegui reconoci\u00f3 a\u00f1os m\u00e1s tarde. \u201cClaro que \u00e9ramos muy elitistas, nos gustaba nada m\u00e1s lo mejor, quer\u00edamos a los mejores pintores nicarag\u00fcenses que pudieran aportar algo\u201d.<\/p>\n<p>Sin embargo, Praxis no fue solo pintura. Era un movimiento que albergaba poetas, escritores, comprometidos no solo con el arte, sino con la vida misma. Los poetas Michele Najlis, Francisco de As\u00eds Fern\u00e1ndez y Fernando Gordillo eran algunos de sus miembros.<\/p>\n<p>\u201cAsumimos el compromiso de luchar como artistas, de hacer nuestro arte un instrumento de lucha\u201d, cuenta el pintor R\u00f3ger P\u00e9rez de la Rocha, parte de la segunda generaci\u00f3n de Praxis.<\/p>\n<p>Se reun\u00edan seguido, intercambiaban ideas y realizaban actividades para denunciar los problemas sociales y el r\u00e9gimen somocista. Una antolog\u00eda de poes\u00eda revolucionaria y una exhibici\u00f3n de pintura mural fueron algunas de las actividades. Sus cuadros mismos eran una viva representaci\u00f3n de sus protestas y esa fue una de las razones por las que tuvieron tan buena acogida entre la juventud, porque se unieron al movimiento que se gestaba contra la dictadura de Somoza.<\/p>\n<p>\u201cAdoptaron una posici\u00f3n rupturista, rebel\u00e1ndose contra la pintura tradicional y el academicismo. Asimismo, implementaron como propuesta art\u00edstica nuevos recursos formales y cuestionaron el r\u00e9gimen dictatorial, asumiendo una actitud contestataria ante la opresi\u00f3n del somocismo y ante la pobreza y desigualdad, imperantes en el pa\u00eds\u201d, dice Torres.<\/p>\n<figure id=\"attachment_31977\" aria-describedby=\"caption-attachment-31977\" style=\"width: 700px\" class=\"wp-caption aligncenter\"><a href=\"\/wp-content\/uploads\/2016\/12\/Acr917272546201627594.jpg\"><img fetchpriority=\"high\" decoding=\"async\" class=\"size-full wp-image-31977\" src=\"\/wp-content\/uploads\/2016\/12\/Acr917272546201627594.jpg\" alt=\"Foto cortes\u00eda de Alejandro Ar\u00f3stegui.\" width=\"700\" height=\"372\" srcset=\"https:\/\/d1xxa24wwackpg.cloudfront.net\/wp-content\/uploads\/2016\/12\/07152058\/Acr917272546201627594.jpg 700w, https:\/\/d1xxa24wwackpg.cloudfront.net\/wp-content\/uploads\/2016\/12\/07152058\/Acr917272546201627594.jpg 300w\" sizes=\"(max-width: 700px) 100vw, 700px\" \/><\/a><figcaption id=\"caption-attachment-31977\" class=\"wp-caption-text\">Esta es la Galer\u00eda Praxis de los a\u00f1os sesenta. En la imagen, aparecen Pablo Antonio Cuadra y Fernando Saravia. Foto cortes\u00eda de Alejandro Ar\u00f3stegui.<\/figcaption><\/figure>\n<p style=\"text-align: center;\">***<\/p>\n<p>El terremoto de 1972 acab\u00f3 con Praxis, con el grupo y con la galer\u00eda. Alejandro Ar\u00f3stegui, de 78 a\u00f1os, parco y de poco sonre\u00edr, recrea la escena que vio. Las tejas cayeron y las paredes tambi\u00e9n. Se divisaba un esqueleto de madera y algunos cuadros colgados de las vigas que a\u00fan quedaron en pie. Para esos a\u00f1os la Galer\u00eda quedaba en el Callej\u00f3n Riguero, por el parque Bol\u00edvar.<\/p>\n<p>En medio de una ciudad destruida, cada pintor tom\u00f3 el camino que pudo y sigui\u00f3 su obra individualmente. Algunos perdieron sus casas. Leonel Vanegas se fue a Masachapa, Leoncio S\u00e1enz a Matagalpa, Orlando Sobalvarro a Tipitapa. Y as\u00ed.<\/p>\n<p>A\u00f1os m\u00e1s tarde lleg\u00f3 la revoluci\u00f3n y ellos nunca m\u00e1s volvieron a unirse como Grupo Praxis. Pero el nombre a\u00fan resuena y sus aportes quedaron inmortalizados en sus cuadros y en los libros de la historia de la pintura nicarag\u00fcense. \u201cEl compromiso social y pol\u00edtico contra\u00eddo por Praxis fue factor fundamental de esclarecimiento ideol\u00f3gico, aporte a la lucha del pueblo contra la dictadura somocista y, sobre todo, contribuci\u00f3n a la historia y el desarrollo del arte nacional\u201d, se lee en el libro <em>Pintura contempor\u00e1nea de Nicaragua<\/em>.<\/p>\n<p>\u201cNuestro aporte fundamental fue considerar que el artista es algo m\u00e1s que un decorador bien avenido. Ver al artista como un ser pensante, que medita, que reflexiona, que participa y que aporta para el cambio, para el avance de su entorno. No \u00e9ramos decoradores de mierda, hab\u00edamos nacido para hacer algo m\u00e1s. Para pintar lo nuestro, para encontrar un lenguaje y hacer cosas de calidad. El aporte es ese, estar lejos de estar haciendo lo que est\u00e1 de moda y del arte comercial, superficial y decorativo. Eso es lo que aprendimos y eso es lo que heredamos\u201d, dice R\u00f3ger P\u00e9rez de la Rocha.<\/p>\n<p>Praxis signific\u00f3 una toma de conciencia de la pintura nicarag\u00fcense, asegura por su parte Alejandro Ar\u00f3stegui.<\/p>\n<p>Al fin y al cabo el aporte son ellos mismos, sus obras. \u201cDespu\u00e9s que la ola del momento estalla, lo que queda es la obra de cada quien, que se sostiene o no se sostiene. Y de los pintores de Praxis, cada uno tiene un nombre bien ganado, ninguno se parece al otro, y cada uno consum\u00f3 una obra individual de calidad\u201d, opina Sergio Ram\u00edrez.<\/p>\n<p>Eso fue Praxis, un movimiento de vanguardia, que revolucion\u00f3 la pintura en Nicaragua, y del que ahora solo quedan cuatro de sus pintores: Alejandro Ar\u00f3stegui, Arnoldo Guill\u00e9n, R\u00f3ger P\u00e9rez de la Rocha y C\u00e9sar Izquierdo.<\/p>\n<div id='gallery-1' class='gallery galleryid-30862 gallery-columns-3 gallery-size-thumbnail'><figure class='gallery-item'>\n\t\t\t<div class='gallery-icon portrait'>\n\t\t\t\t<a href='https:\/\/staging.laprensanic.com\/magazine\/reportajes\/la-rebelion-de-los-pintores\/attachment\/acr9172725462016-6389\/'><img decoding=\"async\" width=\"150\" height=\"150\" src=\"https:\/\/d1xxa24wwackpg.cloudfront.net\/wp-content\/uploads\/2016\/12\/07152056\/Acr9172725462016-6389.jpg\" class=\"attachment-thumbnail size-thumbnail\" alt=\"Genaro Lugo. (1933-2010)\" aria-describedby=\"gallery-1-31979\" srcset=\"https:\/\/d1xxa24wwackpg.cloudfront.net\/wp-content\/uploads\/2016\/12\/07152056\/Acr9172725462016-6389.jpg 150w, https:\/\/d1xxa24wwackpg.cloudfront.net\/wp-content\/uploads\/2016\/12\/07152056\/Acr9172725462016-6389.jpg 24w, https:\/\/d1xxa24wwackpg.cloudfront.net\/wp-content\/uploads\/2016\/12\/07152056\/Acr9172725462016-6389.jpg 48w, https:\/\/d1xxa24wwackpg.cloudfront.net\/wp-content\/uploads\/2016\/12\/07152056\/Acr9172725462016-6389.jpg 96w\" sizes=\"(max-width: 150px) 100vw, 150px\" \/><\/a>\n\t\t\t<\/div>\n\t\t\t\t<figcaption class='wp-caption-text gallery-caption' id='gallery-1-31979'>\n\t\t\t\tGenaro Lugo (1933-2010).\n\t\t\t\t<\/figcaption><\/figure><figure class='gallery-item'>\n\t\t\t<div class='gallery-icon portrait'>\n\t\t\t\t<a href='https:\/\/staging.laprensanic.com\/magazine\/reportajes\/la-rebelion-de-los-pintores\/attachment\/acr9172725462016-30455\/'><img loading=\"lazy\" decoding=\"async\" width=\"150\" height=\"150\" src=\"https:\/\/d1xxa24wwackpg.cloudfront.net\/wp-content\/uploads\/2016\/12\/07152055\/Acr9172725462016-30455.jpg\" class=\"attachment-thumbnail size-thumbnail\" alt=\"Alejandro Ar\u00f3stegui (1935)\" aria-describedby=\"gallery-1-31980\" srcset=\"https:\/\/d1xxa24wwackpg.cloudfront.net\/wp-content\/uploads\/2016\/12\/07152055\/Acr9172725462016-30455.jpg 150w, https:\/\/d1xxa24wwackpg.cloudfront.net\/wp-content\/uploads\/2016\/12\/07152055\/Acr9172725462016-30455.jpg 24w, https:\/\/d1xxa24wwackpg.cloudfront.net\/wp-content\/uploads\/2016\/12\/07152055\/Acr9172725462016-30455.jpg 48w, https:\/\/d1xxa24wwackpg.cloudfront.net\/wp-content\/uploads\/2016\/12\/07152055\/Acr9172725462016-30455.jpg 96w\" sizes=\"(max-width: 150px) 100vw, 150px\" \/><\/a>\n\t\t\t<\/div>\n\t\t\t\t<figcaption class='wp-caption-text gallery-caption' id='gallery-1-31980'>\n\t\t\t\tAlejandro Ar\u00f3stegui (1935) vive en Managua y contin\u00faa pintando.\n\t\t\t\t<\/figcaption><\/figure><figure class='gallery-item'>\n\t\t\t<div class='gallery-icon portrait'>\n\t\t\t\t<a href='https:\/\/staging.laprensanic.com\/magazine\/reportajes\/la-rebelion-de-los-pintores\/attachment\/acr91727254620161043\/'><img loading=\"lazy\" decoding=\"async\" width=\"150\" height=\"150\" src=\"https:\/\/d1xxa24wwackpg.cloudfront.net\/wp-content\/uploads\/2016\/12\/07152054\/Acr91727254620161043.jpg\" class=\"attachment-thumbnail size-thumbnail\" alt=\"R\u00f3ger P\u00e9rez de la Rocha(1949)\" aria-describedby=\"gallery-1-31981\" srcset=\"https:\/\/d1xxa24wwackpg.cloudfront.net\/wp-content\/uploads\/2016\/12\/07152054\/Acr91727254620161043.jpg 150w, https:\/\/d1xxa24wwackpg.cloudfront.net\/wp-content\/uploads\/2016\/12\/07152054\/Acr91727254620161043.jpg 24w, https:\/\/d1xxa24wwackpg.cloudfront.net\/wp-content\/uploads\/2016\/12\/07152054\/Acr91727254620161043.jpg 48w, https:\/\/d1xxa24wwackpg.cloudfront.net\/wp-content\/uploads\/2016\/12\/07152054\/Acr91727254620161043.jpg 96w\" sizes=\"(max-width: 150px) 100vw, 150px\" \/><\/a>\n\t\t\t<\/div>\n\t\t\t\t<figcaption class='wp-caption-text gallery-caption' id='gallery-1-31981'>\n\t\t\t\tR\u00f3ger P\u00e9rez de la Rocha (1949) vive en Managua y sigue pintando.\n\t\t\t\t<\/figcaption><\/figure><figure class='gallery-item'>\n\t\t\t<div class='gallery-icon portrait'>\n\t\t\t\t<a href='https:\/\/staging.laprensanic.com\/magazine\/reportajes\/la-rebelion-de-los-pintores\/attachment\/acr917272546201624409\/'><img loading=\"lazy\" decoding=\"async\" width=\"150\" height=\"150\" src=\"https:\/\/d1xxa24wwackpg.cloudfront.net\/wp-content\/uploads\/2016\/12\/07152053\/Acr917272546201624409.jpg\" class=\"attachment-thumbnail size-thumbnail\" alt=\"Leonel Vanegas (1941-1989)\" aria-describedby=\"gallery-1-31982\" srcset=\"https:\/\/d1xxa24wwackpg.cloudfront.net\/wp-content\/uploads\/2016\/12\/07152053\/Acr917272546201624409.jpg 150w, https:\/\/d1xxa24wwackpg.cloudfront.net\/wp-content\/uploads\/2016\/12\/07152053\/Acr917272546201624409.jpg 24w, https:\/\/d1xxa24wwackpg.cloudfront.net\/wp-content\/uploads\/2016\/12\/07152053\/Acr917272546201624409.jpg 48w, https:\/\/d1xxa24wwackpg.cloudfront.net\/wp-content\/uploads\/2016\/12\/07152053\/Acr917272546201624409.jpg 96w\" sizes=\"(max-width: 150px) 100vw, 150px\" \/><\/a>\n\t\t\t<\/div>\n\t\t\t\t<figcaption class='wp-caption-text gallery-caption' id='gallery-1-31982'>\n\t\t\t\tLeonel Vanegas (1941-1989).\n\t\t\t\t<\/figcaption><\/figure><figure class='gallery-item'>\n\t\t\t<div class='gallery-icon portrait'>\n\t\t\t\t<a href='https:\/\/staging.laprensanic.com\/magazine\/reportajes\/la-rebelion-de-los-pintores\/attachment\/acr9172725462016-14115\/'><img loading=\"lazy\" decoding=\"async\" width=\"150\" height=\"150\" src=\"https:\/\/d1xxa24wwackpg.cloudfront.net\/wp-content\/uploads\/2016\/12\/07152052\/Acr9172725462016-14115.jpg\" class=\"attachment-thumbnail size-thumbnail\" alt=\"\" aria-describedby=\"gallery-1-31983\" srcset=\"https:\/\/d1xxa24wwackpg.cloudfront.net\/wp-content\/uploads\/2016\/12\/07152052\/Acr9172725462016-14115.jpg 150w, https:\/\/d1xxa24wwackpg.cloudfront.net\/wp-content\/uploads\/2016\/12\/07152052\/Acr9172725462016-14115.jpg 24w, https:\/\/d1xxa24wwackpg.cloudfront.net\/wp-content\/uploads\/2016\/12\/07152052\/Acr9172725462016-14115.jpg 48w, https:\/\/d1xxa24wwackpg.cloudfront.net\/wp-content\/uploads\/2016\/12\/07152052\/Acr9172725462016-14115.jpg 96w\" sizes=\"(max-width: 150px) 100vw, 150px\" \/><\/a>\n\t\t\t<\/div>\n\t\t\t\t<figcaption class='wp-caption-text gallery-caption' id='gallery-1-31983'>\n\t\t\t\tArnoldo Guill\u00e9n (1941) vive en Nindir\u00ed y contin\u00faa pintando.\n\t\t\t\t<\/figcaption><\/figure><figure class='gallery-item'>\n\t\t\t<div class='gallery-icon portrait'>\n\t\t\t\t<a href='https:\/\/staging.laprensanic.com\/magazine\/reportajes\/la-rebelion-de-los-pintores\/attachment\/orlando-sobalvarro\/'><img loading=\"lazy\" decoding=\"async\" width=\"150\" height=\"150\" src=\"https:\/\/d1xxa24wwackpg.cloudfront.net\/wp-content\/uploads\/2016\/12\/07152052\/Acr9172725462016-21587.jpg\" class=\"attachment-thumbnail size-thumbnail\" alt=\"Orlando Sobalvarro, artista plastico destacado Nicaraguense,posa en palacio de la Cultura con muestra de su autorilla, Managua 18 de Oct del 2006.foto Uriel Molina\/LA PRENSA.\" aria-describedby=\"gallery-1-31984\" srcset=\"https:\/\/d1xxa24wwackpg.cloudfront.net\/wp-content\/uploads\/2016\/12\/07152052\/Acr9172725462016-21587.jpg 150w, https:\/\/d1xxa24wwackpg.cloudfront.net\/wp-content\/uploads\/2016\/12\/07152052\/Acr9172725462016-21587.jpg 24w, https:\/\/d1xxa24wwackpg.cloudfront.net\/wp-content\/uploads\/2016\/12\/07152052\/Acr9172725462016-21587.jpg 48w, https:\/\/d1xxa24wwackpg.cloudfront.net\/wp-content\/uploads\/2016\/12\/07152052\/Acr9172725462016-21587.jpg 96w\" sizes=\"(max-width: 150px) 100vw, 150px\" \/><\/a>\n\t\t\t<\/div>\n\t\t\t\t<figcaption class='wp-caption-text gallery-caption' id='gallery-1-31984'>\n\t\t\t\tOrlando Sobalvarro (1943-2009).\n\t\t\t\t<\/figcaption><\/figure><figure class='gallery-item'>\n\t\t\t<div class='gallery-icon portrait'>\n\t\t\t\t<a href='https:\/\/staging.laprensanic.com\/magazine\/reportajes\/la-rebelion-de-los-pintores\/attachment\/acr9172725462016-12444\/'><img loading=\"lazy\" decoding=\"async\" width=\"150\" height=\"150\" src=\"https:\/\/d1xxa24wwackpg.cloudfront.net\/wp-content\/uploads\/2016\/12\/07152051\/Acr9172725462016-12444.jpg\" class=\"attachment-thumbnail size-thumbnail\" alt=\"Leoncio S\u00e1enz(1935-2008)\" aria-describedby=\"gallery-1-31985\" srcset=\"https:\/\/d1xxa24wwackpg.cloudfront.net\/wp-content\/uploads\/2016\/12\/07152051\/Acr9172725462016-12444.jpg 150w, https:\/\/d1xxa24wwackpg.cloudfront.net\/wp-content\/uploads\/2016\/12\/07152051\/Acr9172725462016-12444.jpg 24w, https:\/\/d1xxa24wwackpg.cloudfront.net\/wp-content\/uploads\/2016\/12\/07152051\/Acr9172725462016-12444.jpg 48w, https:\/\/d1xxa24wwackpg.cloudfront.net\/wp-content\/uploads\/2016\/12\/07152051\/Acr9172725462016-12444.jpg 96w\" sizes=\"(max-width: 150px) 100vw, 150px\" \/><\/a>\n\t\t\t<\/div>\n\t\t\t\t<figcaption class='wp-caption-text gallery-caption' id='gallery-1-31985'>\n\t\t\t\tLeoncio S\u00e1enz (1935-2008).\n\t\t\t\t<\/figcaption><\/figure><figure class='gallery-item'>\n\t\t\t<div class='gallery-icon portrait'>\n\t\t\t\t<a href='https:\/\/staging.laprensanic.com\/magazine\/reportajes\/la-rebelion-de-los-pintores\/attachment\/acr9172725462016-20706\/'><img loading=\"lazy\" decoding=\"async\" width=\"150\" height=\"150\" src=\"https:\/\/d1xxa24wwackpg.cloudfront.net\/wp-content\/uploads\/2016\/12\/07152050\/Acr9172725462016-20706.jpg\" class=\"attachment-thumbnail size-thumbnail\" alt=\"\" aria-describedby=\"gallery-1-31986\" srcset=\"https:\/\/d1xxa24wwackpg.cloudfront.net\/wp-content\/uploads\/2016\/12\/07152050\/Acr9172725462016-20706.jpg 150w, https:\/\/d1xxa24wwackpg.cloudfront.net\/wp-content\/uploads\/2016\/12\/07152050\/Acr9172725462016-20706.jpg 24w, https:\/\/d1xxa24wwackpg.cloudfront.net\/wp-content\/uploads\/2016\/12\/07152050\/Acr9172725462016-20706.jpg 48w, https:\/\/d1xxa24wwackpg.cloudfront.net\/wp-content\/uploads\/2016\/12\/07152050\/Acr9172725462016-20706.jpg 96w\" sizes=\"(max-width: 150px) 100vw, 150px\" \/><\/a>\n\t\t\t<\/div>\n\t\t\t\t<figcaption class='wp-caption-text gallery-caption' id='gallery-1-31986'>\n\t\t\t\tLuis Urbina (1937-2005).\n\t\t\t\t<\/figcaption><\/figure>\n\t\t<\/div>\n\n<blockquote>\n<p style=\"text-align: center;\">\u201cPraxis fue en la pintura en los a\u00f1os sesenta lo que el grupo Ventana en la literatura. Vistos de conjunto, y cada uno de ellos, los pintores de Praxis fueron muy talentosos, innovadores y aventados, una generaci\u00f3n brillante y aguerrida que desafi\u00f3 el statu quo de aquella \u00e9poca\u201d.<\/p>\n<p style=\"text-align: center;\">Sergio Ram\u00edrez, escritor.<\/p>\n<\/blockquote>\n<p>&nbsp;<\/p>\n<h4>ETAPAS<\/h4>\n<p>En el <em>Bolet\u00edn Nicarag\u00fcense de Bibliograf\u00eda y Documentaci\u00f3n<\/em>, en su edici\u00f3n de enero y febrero de 1981, aparecen explicadas las tres etapas del Grupo Praxis:<\/p>\n<p>Primera: Cohesionada por Ar\u00f3stegui, fue la m\u00e1s din\u00e1mica y dur\u00f3 casi cuatro a\u00f1os: de 1963 a 1966, cuando Ar\u00f3stegui se march\u00f3 a Estados Unidos. Durante esta etapa la Galer\u00eda recibi\u00f3 la consagraci\u00f3n de Jos\u00e9 G\u00f3mez Sicre, quien la visit\u00f3 a inicios de 1964 observando en ella calidad uniforme, un pensamiento rector y autocr\u00edtica.<\/p>\n<p>Segunda: Entre 1966 y 1969, estuvo bajo la responsabilidad de C\u00e9sar Izquierdo y Arnoldo Guill\u00e9n, quienes no pudieron mantener el impulso de los primeros a\u00f1os. En otras palabras, Praxis dej\u00f3 de ser un movimiento para convertirse en una simple galer\u00eda.<\/p>\n<p>Tercera: Se vio reactivada con la direcci\u00f3n de Genaro Lugo a lo largo de 1970, organizando exposiciones y recitales con regularidad animados por Leoncio S\u00e1enz, hasta que Ar\u00f3stegui, de regreso en 1971, volvi\u00f3 a organizarla e infundirle el anterior dinamismo reorganizando el grupo, en el que figuraban el escritor Francisco de As\u00eds Fern\u00e1ndez y pintores como R\u00f3ger P\u00e9rez de la Rocha y Mario Selva. Surgieron nuevas exposiciones vigorosas, se publicaron dos n\u00fameros de la revista Praxis, se dirigi\u00f3 la Escuela de Bellas Artes de la Universidad de Le\u00f3n y se inaugur\u00f3 un local en noviembre de 1972, destruido por el terremoto el mes siguiente.<\/p>\n<p>&nbsp;<\/p>\n<p>&nbsp;<\/p>\n<p>Im\u00e1genes cortes\u00eda: Archivo IHNCA<\/p>\n<p>Im\u00e1genes cortes\u00eda: Biblioteca del Banco Central de Nicaragua.<\/p>\n<div id=\"s3gt_translate_tooltip_mini\" class=\"s3gt_translate_tooltip_mini_box\" style=\"background: initial !important; border: initial !important; border-radius: initial !important; border-spacing: initial !important; border-collapse: initial !important; direction: ltr !important; flex-direction: initial !important; font-weight: initial !important; height: initial !important; letter-spacing: initial !important; min-width: initial !important; max-width: initial !important; min-height: initial !important; max-height: initial !important; margin: auto !important; outline: initial !important; padding: initial !important; position: absolute; table-layout: initial !important; text-align: initial !important; text-shadow: initial !important; width: initial !important; word-break: initial !important; word-spacing: initial !important; overflow-wrap: initial !important; box-sizing: initial !important; display: initial !important; color: inherit !important; font-size: 13px !important; font-family: X-LocaleSpecific, sans-serif, Tahoma, Helvetica !important; line-height: 13px !important; vertical-align: top !important; white-space: inherit !important; left: 245px; top: 5114px; opacity: 0;\">\n<div id=\"s3gt_translate_tooltip_mini_logo\" class=\"s3gt_translate_tooltip_mini\" title=\"Traducir texto seleccionado\"><\/div>\n<div id=\"s3gt_translate_tooltip_mini_sound\" class=\"s3gt_translate_tooltip_mini\" title=\"Escuchar\"><\/div>\n<div id=\"s3gt_translate_tooltip_mini_copy\" class=\"s3gt_translate_tooltip_mini\" title=\"Copiar texto al Portapapeles\"><\/div>\n<\/div>\n","protected":false},"excerpt":{"rendered":"<p>Hubo un momento en que los pintores se rebelaron. Dejaron la pintura decorativa para con su arte desnudar la pobreza, el hambre y la opresi\u00f3n de la dictadura somocista. Fue hace 50 a\u00f1os. Y se llam\u00f3 Grupo Praxis<\/p>\n","protected":false},"author":46,"featured_media":31976,"comment_status":"open","ping_status":"open","sticky":false,"template":"","format":"standard","meta":{"_acf_changed":false,"footnotes":""},"categories":[26],"tags":[],"class_list":["post-30862","post","type-post","status-publish","format-standard","has-post-thumbnail","hentry","category-reportajes"],"acf":[],"_links":{"self":[{"href":"https:\/\/staging.laprensanic.com\/magazine\/wp-json\/wp\/v2\/posts\/30862","targetHints":{"allow":["GET"]}}],"collection":[{"href":"https:\/\/staging.laprensanic.com\/magazine\/wp-json\/wp\/v2\/posts"}],"about":[{"href":"https:\/\/staging.laprensanic.com\/magazine\/wp-json\/wp\/v2\/types\/post"}],"author":[{"embeddable":true,"href":"https:\/\/staging.laprensanic.com\/magazine\/wp-json\/wp\/v2\/users\/46"}],"replies":[{"embeddable":true,"href":"https:\/\/staging.laprensanic.com\/magazine\/wp-json\/wp\/v2\/comments?post=30862"}],"version-history":[{"count":10,"href":"https:\/\/staging.laprensanic.com\/magazine\/wp-json\/wp\/v2\/posts\/30862\/revisions"}],"predecessor-version":[{"id":52349,"href":"https:\/\/staging.laprensanic.com\/magazine\/wp-json\/wp\/v2\/posts\/30862\/revisions\/52349"}],"wp:featuredmedia":[{"embeddable":true,"href":"https:\/\/staging.laprensanic.com\/magazine\/wp-json\/wp\/v2\/media\/31976"}],"wp:attachment":[{"href":"https:\/\/staging.laprensanic.com\/magazine\/wp-json\/wp\/v2\/media?parent=30862"}],"wp:term":[{"taxonomy":"category","embeddable":true,"href":"https:\/\/staging.laprensanic.com\/magazine\/wp-json\/wp\/v2\/categories?post=30862"},{"taxonomy":"post_tag","embeddable":true,"href":"https:\/\/staging.laprensanic.com\/magazine\/wp-json\/wp\/v2\/tags?post=30862"}],"curies":[{"name":"wp","href":"https:\/\/api.w.org\/{rel}","templated":true}]}}