{"id":30868,"date":"2013-06-09T15:36:13","date_gmt":"2013-06-09T21:36:13","guid":{"rendered":"https:\/\/www.magazine.com.ni\/?p=30868"},"modified":"2018-10-03T03:15:57","modified_gmt":"2018-10-03T03:15:57","slug":"la-cruz-de-apante-2","status":"publish","type":"post","link":"https:\/\/staging.laprensanic.com\/magazine\/reportajes\/la-cruz-de-apante-2\/","title":{"rendered":"La cruz de Apante"},"content":{"rendered":"<p style=\"text-align: center;\">En Matagalpa se construye la Cruz de la Paz. Un ambicioso proyecto de fe que incluye viacrucis en un escenario natural que pone a prueba el cuerpo y el esp\u00edritu, y una capilla que espera recibir peregrinos de Am\u00e9rica que busquen la paz<\/p>\n<p style=\"text-align: center;\"><strong>Por Tammy Zoad Mendoza M.<\/strong><\/p>\n<p>All\u00e1 arriba, en la cima del cerro que escolta la ciudad, se ver\u00e1 una cruz que desde abajo podr\u00eda caber en la palma de la mano. Una cruz met\u00e1lica que crecer\u00e1 y crecer\u00e1 a medida que uno se acerque, hasta convertirse en una imponente estructura que parecer\u00e1 abalanzarse sobre uno con un abrazo demoledor. Ser\u00e1 la Cruz de la Paz. La cruz que coronar\u00e1 la monta\u00f1a de Apante, en Matagalpa, un proyecto de la Di\u00f3cesis de Matagalpa junto con los Frailes Franciscanos de la Renovaci\u00f3n y el apoyo de cat\u00f3licos extranjeros y nacionales.<\/p>\n<p>La cruz es la primera parte de un proyecto en construcci\u00f3n. Por eso se ven ir y venir hombres como hormiguitas que transportan en sus espaldas sacos de arena, varillas de hierro, grandes piedras y bloques. Llevan a cuestas la cruz que sube a pedazos hasta la cima de la monta\u00f1a. Llevan meses trabajando y falta m\u00e1s de un a\u00f1o para terminar. Luego de construir la cruz, les tocar\u00e1 acarrear lo que ser\u00e1 la capilla de la Reina de la Paz. Pero los cimientos est\u00e1n, y son m\u00e1s fuertes que el concreto: la fe en que este proyecto no solo le agregar\u00e1 el t\u00edtulo de Monta\u00f1a de la Paz a Apante, sino que se convertir\u00e1 en un espacio abierto a los peregrinos que buscan un encuentro con Cristo para alcanzar la paz interior.<\/p>\n<p>Pero para lograr eso hace falta mucho trabajo. Por eso hay frailes que suben, bajan y vuelven a subir con sus sandalias todo terreno, ataviados en sus h\u00e1bitos grises y gruesos, que los protegen del sol, pero que los abrigan m\u00e1s de la cuenta en el calor abrasador de mediod\u00eda. Se les ve conversar con los trabajadores, inspeccionar la obra y contemplar desde arriba la ciudad. Matagalpa se extiende desde el punto blanco de la Catedral y que se ha vuelto tan ind\u00f3mita que ya empieza a trepar desordenada por los cerros verdes.<\/p>\n<figure id=\"attachment_31774\" aria-describedby=\"caption-attachment-31774\" style=\"width: 700px\" class=\"wp-caption aligncenter\"><a href=\"\/wp-content\/uploads\/2016\/12\/Acr1393272546201630487.jpg\"><img fetchpriority=\"high\" decoding=\"async\" class=\"wp-image-31774 size-full\" src=\"\/wp-content\/uploads\/2016\/12\/Acr1393272546201630487.jpg\" alt=\"Matagalpa desde la cima de Apante\" width=\"700\" height=\"409\" srcset=\"https:\/\/d1xxa24wwackpg.cloudfront.net\/wp-content\/uploads\/2016\/12\/07152254\/Acr1393272546201630487.jpg 700w, https:\/\/d1xxa24wwackpg.cloudfront.net\/wp-content\/uploads\/2016\/12\/07152254\/Acr1393272546201630487.jpg 300w\" sizes=\"(max-width: 700px) 100vw, 700px\" \/><\/a><figcaption id=\"caption-attachment-31774\" class=\"wp-caption-text\">As\u00ed luce la ciudad de Matagalpa desde la cima de Apante.El cerro alcanza una altura de 1,442 metros forrados por un bosque h\u00famedo poblado de fauna propia del lugar.<\/figcaption><\/figure>\n<p style=\"text-align: center;\">***<\/p>\n<p>\u201cPuede sonar extra\u00f1o, pero todo esto tiene que ver con un sue\u00f1o, luego la Divina Providencia nos ha hecho saber que es un proyecto de Dios y que debemos trabajar para cumplirlo\u201d, comenta fray John Anthony Boughton, quien forma parte de la comisi\u00f3n delegada para el desarrollo del proyecto.<\/p>\n<p>Un sue\u00f1o, literal. Fue m\u00e1s o menos en junio de 2005, dos meses despu\u00e9s de la muerte del papa Juan Pablo Segundo, que Sidney Pratt tuvo un sue\u00f1o. \u00c9l estaba en Costa Rica, pero su mente lo visualiz\u00f3 en Matagalpa y pudo presenciar el momento en que el papa bendec\u00eda Apante como tierra de paz. Su sue\u00f1o no pas\u00f3 de ser eso, hasta que meses despu\u00e9s recibi\u00f3 la llamada de un amigo carism\u00e1tico pregunt\u00e1ndole de aquella noche. Luego, en otra llamada, un carism\u00e1tico de Nicaragua insist\u00eda en que aquel no era un sue\u00f1o, sino un mensaje. Coincidencias raras dir\u00edamos. Divina Providencia para quienes han puesto un granito de fe o de arena en este proyecto.<\/p>\n<p>El resto es historia. En 2006 se bendijo el lugar como lo habr\u00eda hecho Juan Pablo Segundo en el sue\u00f1o de Pratt. Durante el 2008 se dieron las primeras reuniones y monse\u00f1or Jorge Sol\u00f3rzano encomend\u00f3 la misi\u00f3n a los Frailes Franciscanos reci\u00e9n llegados a Matagalpa que al inicio estaban esc\u00e9pticos con la idea, pero que ahora trabajan de la mano con Sidney Pratt y quienes se han sumado en el camino de la cruz.<\/p>\n<p>\u201cLa ayuda que hemos recibido ha sido de parte de amigos cat\u00f3licos de Estados Unidos y Polonia que han escuchado de nuestro proyecto y captan la m\u00edstica que hay, son personas de oraci\u00f3n que reconocen la importancia de crear espacios para la oraci\u00f3n y el encuentro con Cristo\u201d, comenta \u201cel padre Alberto\u201d, como se le conoce a este fraile.<\/p>\n<p>Amigos cat\u00f3licos de Estados Unidos y Polonia han dado sus aportes para la construcci\u00f3n del proyecto. Solo la construcci\u00f3n de la cruz, con materiales especiales y resistentes a la intemperie, tiene un costo de 400 mil d\u00f3lares. A\u00fan faltan dos tercios del total, pues hasta el momento solo est\u00e1 garantizada la estructura met\u00e1lica de la misma.<\/p>\n<p>\u201cEl ser humano necesita cosas visuales y t\u00e1ctiles que le recuerden realidades. Por eso elegimos una cruz de resurrecci\u00f3n que representa paz y esperanza, ver una cruz iluminada nos recuerda que Cristo es camino y soluci\u00f3n para salir de la oscuridad\u201d, explica fray Boughton.<\/p>\n<p>La comunidad cat\u00f3lica de la Virgen de Medjugorje, en Bosnia, se ha sumado a la campa\u00f1a de apoyo de la \u201cmonta\u00f1a de la paz\u201d que podr\u00eda convertirse en un punto importante para la comunidad cristiana en Nicaragua. La comunidad Mar\u00eda Reina de la Paz en Nicaragua tambi\u00e9n est\u00e1 atareada buscando fondos y haciendo invitaciones para participar en el proyecto.<\/p>\n<p>Se habla incluso de que la Monta\u00f1a de la Paz sea un referente continental por encontrarse en Nicaragua, a mitad de Centroam\u00e9rica, el ombligo de Am\u00e9rica. Un simbolismo m\u00e1s que envuelve el cerro Apante.<\/p>\n<div id='gallery-1' class='gallery galleryid-30868 gallery-columns-3 gallery-size-thumbnail'><figure class='gallery-item'>\n\t\t\t<div class='gallery-icon portrait'>\n\t\t\t\t<a href='https:\/\/staging.laprensanic.com\/magazine\/reportajes\/la-cruz-de-apante-2\/attachment\/acr13932725462016-11764\/'><img decoding=\"async\" width=\"150\" height=\"150\" src=\"https:\/\/d1xxa24wwackpg.cloudfront.net\/wp-content\/uploads\/2016\/12\/07152305\/Acr13932725462016-11764.jpg\" class=\"attachment-thumbnail size-thumbnail\" alt=\"La Cruz de Apante, terreno pedregoso y tierra suelta\" aria-describedby=\"gallery-1-31764\" srcset=\"https:\/\/d1xxa24wwackpg.cloudfront.net\/wp-content\/uploads\/2016\/12\/07152305\/Acr13932725462016-11764.jpg 150w, https:\/\/d1xxa24wwackpg.cloudfront.net\/wp-content\/uploads\/2016\/12\/07152305\/Acr13932725462016-11764.jpg 600w, https:\/\/d1xxa24wwackpg.cloudfront.net\/wp-content\/uploads\/2016\/12\/07152305\/Acr13932725462016-11764.jpg 24w, https:\/\/d1xxa24wwackpg.cloudfront.net\/wp-content\/uploads\/2016\/12\/07152305\/Acr13932725462016-11764.jpg 48w, https:\/\/d1xxa24wwackpg.cloudfront.net\/wp-content\/uploads\/2016\/12\/07152305\/Acr13932725462016-11764.jpg 96w\" sizes=\"(max-width: 150px) 100vw, 150px\" \/><\/a>\n\t\t\t<\/div>\n\t\t\t\t<figcaption class='wp-caption-text gallery-caption' id='gallery-1-31764'>\n\t\t\t\tLos veh\u00edculos no llegan hasta la cumbre. M\u00e1s de 30 metros de una empinada pendiente, terreno pedregoso y tierra suelta es lo que deben recorrer a pie y cargados decenas de veces los trabajadores de la obra.\n\t\t\t\t<\/figcaption><\/figure><figure class='gallery-item'>\n\t\t\t<div class='gallery-icon landscape'>\n\t\t\t\t<a href='https:\/\/staging.laprensanic.com\/magazine\/reportajes\/la-cruz-de-apante-2\/attachment\/acr13932725462016-20194\/'><img decoding=\"async\" width=\"150\" height=\"150\" src=\"https:\/\/d1xxa24wwackpg.cloudfront.net\/wp-content\/uploads\/2016\/12\/07152304\/Acr13932725462016-20194.jpg\" class=\"attachment-thumbnail size-thumbnail\" alt=\"La Cruz de Apante, base de la estructura\" aria-describedby=\"gallery-1-31765\" srcset=\"https:\/\/d1xxa24wwackpg.cloudfront.net\/wp-content\/uploads\/2016\/12\/07152304\/Acr13932725462016-20194.jpg 150w, https:\/\/d1xxa24wwackpg.cloudfront.net\/wp-content\/uploads\/2016\/12\/07152304\/Acr13932725462016-20194.jpg 24w, https:\/\/d1xxa24wwackpg.cloudfront.net\/wp-content\/uploads\/2016\/12\/07152304\/Acr13932725462016-20194.jpg 48w, https:\/\/d1xxa24wwackpg.cloudfront.net\/wp-content\/uploads\/2016\/12\/07152304\/Acr13932725462016-20194.jpg 96w\" sizes=\"(max-width: 150px) 100vw, 150px\" \/><\/a>\n\t\t\t<\/div>\n\t\t\t\t<figcaption class='wp-caption-text gallery-caption' id='gallery-1-31765'>\n\t\t\t\tA pesar de las condiciones del terreno en pocos meses se logr\u00f3 formar la base que sostendr\u00e1 la estructura met\u00e1lica de 33 metros de alto de la cruz.\n\t\t\t\t<\/figcaption><\/figure><figure class='gallery-item'>\n\t\t\t<div class='gallery-icon landscape'>\n\t\t\t\t<a href='https:\/\/staging.laprensanic.com\/magazine\/reportajes\/la-cruz-de-apante-2\/attachment\/acr13932725462016-25181\/'><img loading=\"lazy\" decoding=\"async\" width=\"150\" height=\"150\" src=\"https:\/\/d1xxa24wwackpg.cloudfront.net\/wp-content\/uploads\/2016\/12\/07152303\/Acr13932725462016-25181.jpg\" class=\"attachment-thumbnail size-thumbnail\" alt=\"Construcci\u00f3n de La Cruz de Apante\" aria-describedby=\"gallery-1-31768\" srcset=\"https:\/\/d1xxa24wwackpg.cloudfront.net\/wp-content\/uploads\/2016\/12\/07152303\/Acr13932725462016-25181.jpg 150w, https:\/\/d1xxa24wwackpg.cloudfront.net\/wp-content\/uploads\/2016\/12\/07152303\/Acr13932725462016-25181.jpg 24w, https:\/\/d1xxa24wwackpg.cloudfront.net\/wp-content\/uploads\/2016\/12\/07152303\/Acr13932725462016-25181.jpg 48w, https:\/\/d1xxa24wwackpg.cloudfront.net\/wp-content\/uploads\/2016\/12\/07152303\/Acr13932725462016-25181.jpg 96w\" sizes=\"(max-width: 150px) 100vw, 150px\" \/><\/a>\n\t\t\t<\/div>\n\t\t\t\t<figcaption class='wp-caption-text gallery-caption' id='gallery-1-31768'>\n\t\t\t\tEl trabajo avanza hasta donde se puede. Con un tercio de los 400 mil d\u00f3lares para la construcci\u00f3n de la cruz, conf\u00edan en que \u201cDios proveer\u00e1\u201d para culminar la obra. La Capilla de la Reina de la Paz es la \u00faltima fase.\n\t\t\t\t<\/figcaption><\/figure>\n\t\t<\/div>\n\n<p style=\"text-align: center;\">***<\/p>\n<p>Llegar hasta aqu\u00ed no es f\u00e1cil. Son 1,442 metros de altura hasta la cima, pasando por un terreno que se inclina m\u00e1s y m\u00e1s, a la vez que se vuelve pedregoso y \u00e1spero. Pero vale la pena. El camino, forrado con \u00e1rboles que parecen pintados con brocha gorda en medio del paisaje y finas plantitas florales puestas aqu\u00ed y all\u00e1 como pinceladas, es un espect\u00e1culo natural. Durante el recorrido el aire fr\u00edo lo va empujando y le proporciona el aire necesario para escalar.<\/p>\n<p>Al trayecto se le suma un prop\u00f3sito: el viacrucis permanente hasta la Cruz de la Paz. \u201cEs un recorrido que requiere penitencia para alcanzar un bien mayor. Somos cuerpo y esp\u00edritu, por eso cuando involucramos ambos en la oraci\u00f3n oramos con todo nuestro ser. Realizar viacrucis aqu\u00ed requiere esfuerzo, concentraci\u00f3n, entrega\u201d, sostiene fray Antonio.<\/p>\n<p>Adem\u00e1s de la m\u00edstica religiosa, la Cruz de la Paz y la futura Capilla de la Reina de la Paz estar\u00e1n literalmente en una zona paradis\u00edaca. El proyecto est\u00e1 ubicado en el Parque Natural de Cerro Apante, uno de los tres macizos monta\u00f1osos declarados \u00e1reas protegidas y reservas naturales por la importancia y belleza de la flora y fauna de la zona.<\/p>\n<p>\u201cAdem\u00e1s del permiso para la construcci\u00f3n y el libre acceso a los visitantes, tenemos un proyecto de jornadas y campa\u00f1as de cuido al medioambiente; educaci\u00f3n, limpieza y reforestaci\u00f3n. Este lugar es hermoso y nosotros tambi\u00e9n debemos trabajar y apreciar la obra de Dios\u201d, comparte fray Alberto.<\/p>\n<figure id=\"attachment_31772\" aria-describedby=\"caption-attachment-31772\" style=\"width: 700px\" class=\"wp-caption aligncenter\"><a href=\"\/wp-content\/uploads\/2016\/12\/Acr1393272546201624603.jpg\"><img loading=\"lazy\" decoding=\"async\" class=\"wp-image-31772 size-full\" src=\"\/wp-content\/uploads\/2016\/12\/Acr1393272546201624603.jpg\" alt=\"La Cruz de Apante, Senderos \" width=\"700\" height=\"982\" srcset=\"https:\/\/d1xxa24wwackpg.cloudfront.net\/wp-content\/uploads\/2016\/12\/07152259\/Acr1393272546201624603.jpg 700w, https:\/\/d1xxa24wwackpg.cloudfront.net\/wp-content\/uploads\/2016\/12\/07152259\/Acr1393272546201624603.jpg 214w\" sizes=\"(max-width: 700px) 100vw, 700px\" \/><\/a><figcaption id=\"caption-attachment-31772\" class=\"wp-caption-text\">Estas gradas son el final del sendero que recorrer\u00e1n los peregrinos para llegar a la cruz.<\/figcaption><\/figure>\n<h4>La cruz y el camino hacia ella<\/h4>\n<p>La cruz tendr\u00e1 33 metros de altura, que representan la edad alcanzada por Cristo hasta su muerte. Los 13 metros de los brazos simbolizan la fecha en que la Virgen se aparece en sus diferentes advocaciones.<\/p>\n<p>El di\u00e1metro de 3 metros en las secciones de la base hace referencia a la Sant\u00edsima Trinidad. A los pies de la cruz estar\u00e1 una imagen de la Virgen de Guadalupe, sus 12 metros de altura representan el d\u00eda de su aparici\u00f3n.<\/p>\n<p>Las 14 estaciones del viacrucis estar\u00e1n se\u00f1aladas por esculturas de dos por dos metros, como la r\u00e9plica que observa arriba.<\/p>\n<p>El 23 de junio el Movimiento Mar\u00eda Reina de la Paz realizar\u00e1 el primer viacrucis hasta la cima del cerro Apante. Melba Armengol, miembro fundadora, comenta el entusiasmo de quienes apoyan el proyecto.<\/p>\n<p>\u201cQue se haya puesto la primera piedra, que se est\u00e9 hablando del proyecto y que los j\u00f3venes participen representa una victoria de Cristo y la Virgen. Esperamos que nos acompa\u00f1en en el camino\u201d, comenta.<\/p>\n<div id=\"s3gt_translate_tooltip_mini\" class=\"s3gt_translate_tooltip_mini_box\" style=\"background: initial !important; border: initial !important; border-radius: initial !important; border-spacing: initial !important; border-collapse: initial !important; direction: ltr !important; flex-direction: initial !important; font-weight: initial !important; height: initial !important; letter-spacing: initial !important; min-width: initial !important; max-width: initial !important; min-height: initial !important; max-height: initial !important; margin: auto !important; outline: initial !important; padding: initial !important; position: absolute; table-layout: initial !important; text-align: initial !important; text-shadow: initial !important; width: initial !important; word-break: initial !important; word-spacing: initial !important; overflow-wrap: initial !important; box-sizing: initial !important; display: initial !important; color: inherit !important; font-size: 13px !important; font-family: X-LocaleSpecific, sans-serif, Tahoma, Helvetica !important; line-height: 13px !important; vertical-align: top !important; white-space: inherit !important; left: 428px; top: 4307px; opacity: 0;\">\n<div id=\"s3gt_translate_tooltip_mini_logo\" class=\"s3gt_translate_tooltip_mini\" title=\"Traducir texto seleccionado\"><\/div>\n<div id=\"s3gt_translate_tooltip_mini_sound\" class=\"s3gt_translate_tooltip_mini\" title=\"Escuchar\"><\/div>\n<div id=\"s3gt_translate_tooltip_mini_copy\" class=\"s3gt_translate_tooltip_mini\" title=\"Copiar texto al Portapapeles\"><\/div>\n<\/div>\n","protected":false},"excerpt":{"rendered":"<p>En Matagalpa se construye la Cruz de la Paz. Un ambicioso proyecto de fe que incluye viacrucis en un escenario natural que pone a prueba el cuerpo y el esp\u00edritu, y una capilla que espera recibir peregrinos de Am\u00e9rica que busquen la paz<\/p>\n","protected":false},"author":46,"featured_media":31775,"comment_status":"open","ping_status":"open","sticky":false,"template":"","format":"standard","meta":{"_acf_changed":false,"footnotes":""},"categories":[26],"tags":[],"class_list":["post-30868","post","type-post","status-publish","format-standard","has-post-thumbnail","hentry","category-reportajes"],"acf":[],"_links":{"self":[{"href":"https:\/\/staging.laprensanic.com\/magazine\/wp-json\/wp\/v2\/posts\/30868","targetHints":{"allow":["GET"]}}],"collection":[{"href":"https:\/\/staging.laprensanic.com\/magazine\/wp-json\/wp\/v2\/posts"}],"about":[{"href":"https:\/\/staging.laprensanic.com\/magazine\/wp-json\/wp\/v2\/types\/post"}],"author":[{"embeddable":true,"href":"https:\/\/staging.laprensanic.com\/magazine\/wp-json\/wp\/v2\/users\/46"}],"replies":[{"embeddable":true,"href":"https:\/\/staging.laprensanic.com\/magazine\/wp-json\/wp\/v2\/comments?post=30868"}],"version-history":[{"count":9,"href":"https:\/\/staging.laprensanic.com\/magazine\/wp-json\/wp\/v2\/posts\/30868\/revisions"}],"predecessor-version":[{"id":44798,"href":"https:\/\/staging.laprensanic.com\/magazine\/wp-json\/wp\/v2\/posts\/30868\/revisions\/44798"}],"wp:featuredmedia":[{"embeddable":true,"href":"https:\/\/staging.laprensanic.com\/magazine\/wp-json\/wp\/v2\/media\/31775"}],"wp:attachment":[{"href":"https:\/\/staging.laprensanic.com\/magazine\/wp-json\/wp\/v2\/media?parent=30868"}],"wp:term":[{"taxonomy":"category","embeddable":true,"href":"https:\/\/staging.laprensanic.com\/magazine\/wp-json\/wp\/v2\/categories?post=30868"},{"taxonomy":"post_tag","embeddable":true,"href":"https:\/\/staging.laprensanic.com\/magazine\/wp-json\/wp\/v2\/tags?post=30868"}],"curies":[{"name":"wp","href":"https:\/\/api.w.org\/{rel}","templated":true}]}}