{"id":30870,"date":"2013-06-09T16:10:29","date_gmt":"2013-06-09T22:10:29","guid":{"rendered":"https:\/\/www.magazine.com.ni\/?p=30870"},"modified":"2020-11-12T12:40:20","modified_gmt":"2020-11-12T18:40:20","slug":"aquellos-rostros-tv-2","status":"publish","type":"post","link":"https:\/\/staging.laprensanic.com\/magazine\/reportajes\/aquellos-rostros-tv-2\/","title":{"rendered":"Aquellos rostros de la TV nicarag\u00fcense"},"content":{"rendered":"<p style=\"text-align: center;\">Siete u ocho a\u00f1os atr\u00e1s ellos eran los rostros que presentaban las noticias. Ahora, la mayor\u00eda dej\u00f3 la televisi\u00f3n para estudiar en el extranjero o dedicarse a oficios tan diferentes como embotellar refrescos, instalar un restaurante de asados o dirigir una cantera<\/p>\n<p style=\"text-align: center;\"><strong>Por Arlen Cerda<\/strong><\/p>\n<p>Si a ellos les hubieran preguntado sobre su futuro unos a\u00f1os atr\u00e1s, algunos no hubieran acertado sobre su actual oficio, ni uno imaginar\u00eda a quienes fueron parte de los rostros m\u00e1s famosos de las noticias en televisi\u00f3n en labores tan diferentes como en las que hoy algunos de ellos se desempe\u00f1an.<\/p>\n<p>Mar\u00eda Lilly Delgado, Cid Largaespada, Dino Andino y Joel Guti\u00e9rrez cuentan a <em>Magazine<\/em> qu\u00e9 han hecho despu\u00e9s de despedirse de la audiencia de los canales en los que durante a\u00f1os estuvieron a cargo de la presentaci\u00f3n de los noticieros en ediciones matutinas, nocturnas o estelares. Ellos dejaron el traj\u00edn de las noticias diarias para dedicarse a proyectos personales en los cuales no puede decirse que les va mal, pero sin duda son muy diferentes, incluso en algunos casos a lo que ellos mismos hab\u00edan planeado para ese despu\u00e9s.<\/p>\n<p style=\"text-align: center;\">***<\/p>\n<p>Cid Largaespada llega a la entrevista con algunos minutos de retraso y se disculpa por no llegar \u201cm\u00e1s guapo\u201d. Quien hasta hace cuatro a\u00f1os presentaba la edici\u00f3n nocturna de Noticias 12 vistiendo una impecable camisa blanca, saco negro y elegantes corbatas de hasta 120 d\u00f3lares, esta ma\u00f1ana viste jeans, camiseta negra, gorra crema y sandalias de playa.<\/p>\n<p>\u201cMe he pasado la ma\u00f1ana en mandados\u201d, dice mientras se acomoda para conversar sobre sus d\u00edas en la televisi\u00f3n, en una de las mesas de su restaurante de asados La Finca, donde cerca del mediod\u00eda unos hombres instalan un toldo afuera del establecimiento y adentro el ritmo de todo parece agitarse.<\/p>\n<p>Cid Largaespada materializ\u00f3 su proyecto de un restaurante de asados unos a\u00f1os antes de dejar la televisi\u00f3n. Fue en el 2006, cuando junto con su esposa decidi\u00f3 hacer caso a aquellos elogios sobre lo bueno de sus asados e inspirados en la experiencia de unos amigos suramericanos ambos decidieron instalar un negocio que incluyera lo mejor de la carne asada nicarag\u00fcense con el toque de los asados de Uruguay, Chile y Argentina. Entonces pensaba en seis o diez mesas y no el amplio restaurante en el que hoy trabajan m\u00e1s de treinta personas.<\/p>\n<p>Tras casi diez a\u00f1os en los noticieros de Canal 12, en el 2009 tuvo que despedirse del p\u00fablico porque el negocio le exig\u00eda mayor atenci\u00f3n y, rondando ya los 47 a\u00f1os de edad, tampoco quer\u00eda mostrar a las nueve de la noche el rostro de un tipo cansado.<\/p>\n<p>Sin embargo, \u00e9l conserva intacta aquella \u201cvoz de galancete\u201d que llam\u00f3 la atenci\u00f3n del profesor Julio C\u00e9sar Sandoval, cuando aplic\u00f3 para un puesto de locutor de noticias en Radio Nicaragua en 1991, donde inici\u00f3 una carrera que m\u00e1s tarde lo llev\u00f3 a Canal 6 (1991-1994), Canal 8 (1997-1998), Canal 2 (1999-2001) y Canal 12 (2001-2009). Un oficio que ejerci\u00f3 17 a\u00f1os.<\/p>\n<p>Grabar los spots publicitarios de su restaurante, con un equipo de grabaci\u00f3n personal que ha adquirido a lo largo de los a\u00f1os, es lo \u00fanico que ahora lo mantiene en contacto con el ejercicio de locuci\u00f3n que siempre le ha gustado. Y si de extra\u00f1ar el traj\u00edn de la noticia se trata, de vez en cuando asegura que transmite alg\u00fan suceso a Radio Ya, en micr\u00f3fono abierto, \u201cpero solo con hechos del momento\u201d, dice.<\/p>\n<figure id=\"attachment_31785\" aria-describedby=\"caption-attachment-31785\" style=\"width: 700px\" class=\"wp-caption aligncenter\"><a href=\"\/wp-content\/uploads\/2016\/12\/Acr13932725462016-4494.jpg\"><img fetchpriority=\"high\" decoding=\"async\" class=\"wp-image-31785 size-full\" src=\"\/wp-content\/uploads\/2016\/12\/Acr13932725462016-4494.jpg\" alt=\"Cid Largaespada , presentador de noticia del canal 12 , posa en su Rest; La Finca.Uriel Molina\/LA PRENSA\" width=\"700\" height=\"413\" srcset=\"https:\/\/d1xxa24wwackpg.cloudfront.net\/wp-content\/uploads\/2016\/12\/07152251\/Acr13932725462016-4494.jpg 700w, https:\/\/d1xxa24wwackpg.cloudfront.net\/wp-content\/uploads\/2016\/12\/07152251\/Acr13932725462016-4494.jpg 300w\" sizes=\"(max-width: 700px) 100vw, 700px\" \/><\/a><figcaption id=\"caption-attachment-31785\" class=\"wp-caption-text\">Los asados de Cid Largaespada siempre fueron elogiados. En el 2006 decidi\u00f3 instalar un restaurante junto con su esposa.<\/figcaption><\/figure>\n<p style=\"text-align: center;\">***<\/p>\n<p>La historia de Dino Andino en el periodismo inici\u00f3 por casualidad. Ten\u00eda 15 a\u00f1os cuando muri\u00f3 su mam\u00e1 y tom\u00f3 una moto para ir a Radio Ondas de Luz a dar el aviso de su muerte. Entonces mir\u00f3 un r\u00f3tulo en el que ofrec\u00edan empleo de mensajero a alguien con moto y \u00e9l, que ya estaba inquieto por tener su primer empleo, se ofreci\u00f3 de inmediato para el puesto.<\/p>\n<p>Lo que sigui\u00f3 fue su cercan\u00eda con la radio, col\u00e1ndose a la cabina, donde logr\u00f3 que los locutores y controlistas de entonces le ense\u00f1aran el oficio que lo inici\u00f3 en el periodismo.<\/p>\n<p>\u201cAl a\u00f1o de mensajero me contrataron como locutor y a los meses me pidieron que escribiera noticias. Yo estaba chavalo y no le dec\u00eda que no a nada\u201d, recuerda Andino.<\/p>\n<p>En los a\u00f1os siguientes, termin\u00f3 su secundaria estudiando de noche y cuando tuvo que cumplir el Servicio Militar en Mulukuk\u00fa, aprovech\u00f3 un curso de comunicaci\u00f3n radial entre tropas, que junto a su experiencia previa en la radio le permiti\u00f3 ser jefe de un escuadr\u00f3n de soldados comunicadores.<\/p>\n<p>Al final de su servicio, Andino se integr\u00f3 a otra radio y comenz\u00f3 a especializarse en el oficio. El d\u00eda de su primera entrevista con un alto representante de las iglesias evang\u00e9licas le temblaba todo, pero para cuando ingres\u00f3 a la universidad en 1991 ya ten\u00eda 25 a\u00f1os y aquellos nervios se le hab\u00edan aquietado.<\/p>\n<p>\u201cYo continu\u00e9 estudiando y trabajando. A los seis meses de haber entrado a la universidad me ofrecieron trabajo como presentador de noticias en Canal 6 y yo segu\u00ed diciendo que s\u00ed\u201d, asegura. Sin embargo, el secuestro a la Uni\u00f3n Nacional Opositora en 1994 lo sac\u00f3 de la televisi\u00f3n por circunstancias que hoy apenas alcanza a entender.<\/p>\n<p>\u201cResult\u00f3 \u2014recuerda Andino\u2014 que quien estaba a cargo del secuestro era un tipo que estuvo casado con mi hermana. Yo hab\u00eda roto relaci\u00f3n con \u00e9l hac\u00eda mucho, pero a m\u00ed me vinculan por ese pasado y en el canal no me dan chance de explicar y me corren, por sospechar que estaba relacionado\u201d.<\/p>\n<p>Suerte o destino, el mismo d\u00eda lo llamaron del Noticiero Eco, de Televisa, para colaborar con varios reportajes y luego asumir el cargo de jefe productor de la corresponsal\u00eda y m\u00e1s tarde corresponsal adjunto durante tres a\u00f1os.<\/p>\n<p>Su regreso a la televisi\u00f3n nacional fue a trav\u00e9s de Canal 2, donde la noticia que lo rebautiz\u00f3 fue la cobertura del hurac\u00e1n Mitch, en 1998. \u201cY ah\u00ed es cuando m\u00e1s se comienza a saber de m\u00ed\u201d, asegura.<\/p>\n<p>En Canal 2, Andino trabaj\u00f3 durante diez a\u00f1os. Primero como presentador de la edici\u00f3n nocturna y luego en la edici\u00f3n estelar. Y ya en sus \u00faltimos a\u00f1os fue presentador y director del programa matutino Primera Hora, al cual luego se agregaron secciones sociales y culturales que lo acercaron al estilo de una revista matutina.<\/p>\n<p>Fue entonces \u2014dice\u2014 cuando comenz\u00f3 a sentir la necesidad de iniciar su propia productora de televisi\u00f3n y se lanz\u00f3 a la aventura con una inversi\u00f3n de 150 mil d\u00f3lares y una sociedad que no result\u00f3.<\/p>\n<p>Sin renunciar a la televisi\u00f3n, Andino volvi\u00f3 con la producci\u00f3n y la presentaci\u00f3n del programa Canal del Sexo, en Canal 10, pero cuenta que a pesar de la buena audiencia no hab\u00eda publicidad para un tema tab\u00fa en Nicaragua y nuevamente dej\u00f3 la televisi\u00f3n en busca de otras oportunidades.<\/p>\n<p>Los siguientes a\u00f1os estuvo en Miami a cargo del montaje de la Feria Exponica e incluso trabaj\u00f3 con una productora nacional que le permiti\u00f3 cursar un programa de producci\u00f3n cinematogr\u00e1fica para dirigir una pel\u00edcula que, aunque fue terminada, a\u00fan no es presentada por sus productores.<\/p>\n<p>La experiencia, sin embargo, le sirvi\u00f3 para incluso actuar en otra pel\u00edcula, aunque luego dej\u00f3 este tipo de producciones para iniciar un proyecto familiar con la elaboraci\u00f3n, embotellamiento y distribuci\u00f3n de seis tipos de refrescos naturales que ha bautizado como Dino Juice.<\/p>\n<p>\u201cEs algo que estamos empezando a hacer. Distribuimos seis sabores y estamos teniendo buena aceptaci\u00f3n\u201d, relata.<\/p>\n<p>Adem\u00e1s, Andino revel\u00f3 a <em>Magazine<\/em> una sorpresa bajo el brazo, que explica por qu\u00e9 ha hecho la cita en los estudios de Canal 11. \u201cJusto ahora estoy por regresar a la televisi\u00f3n con el segmento Sexo al D\u00eda en la revista matutina de TV Red\u201d, relata<\/p>\n<blockquote>\n<p style=\"text-align: center;\">\u201cLa cobertura del hurac\u00e1n Mitch fue intensa. Cuando llevaron las im\u00e1genes del deslave en el Casita ten\u00eda ganas de llorar y es dif\u00edcil controlarse, pero deb\u00e9s transmitir tranquilidad\u201d.<\/p>\n<p style=\"text-align: center;\">Mar\u00eda Lilly Delgado, periodista y expresentadora de televisi\u00f3n.<\/p>\n<\/blockquote>\n<figure id=\"attachment_31787\" aria-describedby=\"caption-attachment-31787\" style=\"width: 700px\" class=\"wp-caption aligncenter\"><a href=\"\/wp-content\/uploads\/2016\/12\/Acr13932725462016-27879.jpg\"><img decoding=\"async\" class=\"wp-image-31787 size-full\" src=\"https:\/\/gep90.laprensa.com.ni\/magazine\/wp-content\/uploads\/2016\/12\/Acr13932725462016-27879.jpg\" alt=\"Dino Andino inici\u00f3 recientemente una empresa familiar. \" width=\"700\" height=\"451\" srcset=\"https:\/\/d1xxa24wwackpg.cloudfront.net\/wp-content\/uploads\/2016\/12\/07152249\/Acr13932725462016-27879.jpg 700w, https:\/\/d1xxa24wwackpg.cloudfront.net\/wp-content\/uploads\/2016\/12\/07152249\/Acr13932725462016-27879.jpg 300w\" sizes=\"(max-width: 700px) 100vw, 700px\" \/><\/a><figcaption id=\"caption-attachment-31787\" class=\"wp-caption-text\">Dino Andino inici\u00f3 recientemente una empresa familiar para la elaboraci\u00f3n, embotellamiento y distribuci\u00f3n de refrescos naturales, escribe una novela y tambi\u00e9n prepara un libro sobre periodismo.<\/figcaption><\/figure>\n<p style=\"text-align: center;\">***<\/p>\n<p>Las \u00faltimas veces que se vio a Joel Guti\u00e9rrez en la televisi\u00f3n no fue presentando las noticias, sino protagonizando una de ellas. Fue de su per\u00edodo como director general del Instituto Nicarag\u00fcense de Telecomunicaciones y Correos (Telcor), cuando fue presionado para dejar el cargo por el conflicto de poderes que gener\u00f3 la creaci\u00f3n fallida de la Superintendencia de Servicios P\u00fablicos (Sisep).<\/p>\n<p>Poco despu\u00e9s de eso, Guti\u00e9rrez renunci\u00f3 al cargo y m\u00e1s tarde obtuvo una beca en la Universidad de Stanford, donde permaneci\u00f3 un a\u00f1o como uno de los periodistas hispanos invitados a un exclusivo programa de especializaci\u00f3n, que le permitir\u00eda retomar su carrera de periodismo.<\/p>\n<p>Del oficio de las letras \u00e9l se enamor\u00f3 desde los 10 a\u00f1os, cuando le\u00eda el peri\u00f3dico por las ma\u00f1anas y una nota sobre un ataque del Frente Sandinista en Estel\u00ed le gust\u00f3 por su riqueza de detalles. Sin embargo, en su familia todos daban por sentado que \u00e9l estudiar\u00eda Agronom\u00eda en la Escuela Agr\u00edcola Panamericana Zamorano, de Honduras, donde hab\u00edan estudiado su padre y su abuelo. Pero un hecho cambi\u00f3 el que parec\u00eda su destino resuelto, cuando su familia fue confiscada por el FSLN en los a\u00f1os ochenta.<\/p>\n<p>\u201cMi padre fue un colaborador directo de los comandos del FSLN, pero fue confiscado a pesar de eso. Entonces yo me mir\u00e9 en el momento con la posibilidad de una carrera en Agronom\u00eda, pero sin finca en la cual trabajar. Y eso me abri\u00f3 la posibilidad de elegir una nueva carrera\u201d, recuerda.<\/p>\n<p>Su primera apuesta fue con Psicolog\u00eda, que le pareci\u00f3 interesante, pero no se miraba ejerci\u00e9ndola y al a\u00f1o y medio abandon\u00f3 las clases para colaborar con una radio clandestina de la Contra en Estados Unidos, que asegura no era la t\u00edpica radio insurgente. Luego, como periodista de otra emisora volvi\u00f3 a Nicaragua a cargo de una de las coberturas de la elecci\u00f3n de 1990, en la que Violeta Barrios de Chamorro derrot\u00f3 a Daniel Ortega Saavedra.<\/p>\n<p>Sin embargo, no se qued\u00f3 en Nicaragua y de vuelta en Estados Unidos logr\u00f3 el salto de la radio a la prensa escrita que siempre le hab\u00eda apasionado. As\u00ed, inici\u00f3 en 1991 como periodista de <em>El Nuevo Herald<\/em> y dos a\u00f1os despu\u00e9s se entusiasm\u00f3 con la instalaci\u00f3n de un peri\u00f3dico en Nicaragua, que fue bautizado como <em>La Tribuna<\/em>.<\/p>\n<p>A la televisi\u00f3n lleg\u00f3 a\u00f1os m\u00e1s tarde, cuando inici\u00f3 su labor como presentador de noticias de Canal 2, donde condujo algunos de los debates m\u00e1s agitados de la campa\u00f1a electoral tras la que venci\u00f3 Enrique Bola\u00f1os con un gobierno del cual \u00e9l fue parte hasta su salida de Telcor.<\/p>\n<p>Pero cuando volvi\u00f3 de Stanford a mediados del 2009, Guti\u00e9rrez no encontr\u00f3 las oportunidades que esperaba en su carrera profesional. Durante dos a\u00f1os busc\u00f3 espacios, ofreci\u00f3 proyectos y present\u00f3 sus documentos sin ning\u00fan resultado, hasta que dispuesto a no ser un desempleado decidi\u00f3 asumir junto con su esposa un viejo negocio familiar que hoy es la empresa de piedras canteras m\u00e1s pr\u00f3spera de Diriamba, al sur de Managua.<\/p>\n<p>En la Cantera Guadalupe, que tiene reserva para m\u00e1s de treinta a\u00f1os de explotaci\u00f3n \u2014mientras las propiedades vecinas comienzan a agotarse\u2014 tiene empleadas a 86 personas y est\u00e1 en una fase de ampliaci\u00f3n que le permitir\u00e1 pasar de tres a cinco cortadoras en enero del 2014.<\/p>\n<p>\u201cEste es un negocio caro\u201d, explica. A pesar de que ahorita pr\u00e1cticamente hay pleito por comprar piedra y cada pieza que se corta ya tiene un comprador esperando, el invierno no le deja mucho margen de trabajo y los costos de producci\u00f3n y el mantenimiento de las m\u00e1quinas \u201cson alt\u00edsimos\u201d. Sin embargo, sostiene que est\u00e1 \u201ctranquilo y contento\u201d, aun cuando su celular comience a sonar desde las 6:00 de la ma\u00f1ana porque hay camiones que esperan cargar sus canteras.<\/p>\n<figure id=\"attachment_31788\" aria-describedby=\"caption-attachment-31788\" style=\"width: 700px\" class=\"wp-caption aligncenter\"><a href=\"\/wp-content\/uploads\/2016\/12\/Acr13932725462016-30880.jpg\"><img decoding=\"async\" class=\"wp-image-31788 size-full\" src=\"https:\/\/gep90.laprensa.com.ni\/magazine\/wp-content\/uploads\/2016\/12\/Acr13932725462016-30880.jpg\" alt=\"Joel Guti\u00e9rrez dirige junto con su esposa Lorena, es la m\u00e1s pr\u00f3spera de Diriamba, con una reserva de explotaci\u00f3n.\" width=\"700\" height=\"406\" srcset=\"https:\/\/d1xxa24wwackpg.cloudfront.net\/wp-content\/uploads\/2016\/12\/07152248\/Acr13932725462016-30880.jpg 700w, https:\/\/d1xxa24wwackpg.cloudfront.net\/wp-content\/uploads\/2016\/12\/07152248\/Acr13932725462016-30880.jpg 300w\" sizes=\"(max-width: 700px) 100vw, 700px\" \/><\/a><figcaption id=\"caption-attachment-31788\" class=\"wp-caption-text\">La Cantera Guadalupe, que Joel Guti\u00e9rrez dirige junto con su esposa Lorena, es la m\u00e1s pr\u00f3spera de Diriamba, con una reserva de explotaci\u00f3n para treinta a\u00f1os.<\/figcaption><\/figure>\n<p style=\"text-align: center;\">***<\/p>\n<p>Quien no ha dejado el entusiasmo por el periodismo es Mar\u00eda Lilly Delgado Talavera, que justo ahora se encuentra en la Universidad de Stanford, en el mismo programa que Joel Guti\u00e9rrez realiz\u00f3 un par de a\u00f1os atr\u00e1s.<\/p>\n<p>Mar\u00eda Lilly se despidi\u00f3 como presentadora, directora y productora del noticiero estelar de Canal 2 a finales del 2003 y menos de un a\u00f1o despu\u00e9s dirigi\u00f3 su propio programa de reportajes y perfiles, Vidas y Confesiones. Adem\u00e1s, se desempe\u00f1\u00f3 al mismo tiempo como corresponsal en Nicaragua para la cadena Univisi\u00f3n.<\/p>\n<p>Con su estad\u00eda en Stanford, Mar\u00eda Lilly quiere dar m\u00e1s de ella en una carrera que empez\u00f3 hace veinte a\u00f1os, cuando durante la que considera una de las etapas m\u00e1s convulsionadas de la historia reciente de Nicaragua busc\u00f3 qu\u00e9 hacer en Canal 2, mientras las clases estaban suspendidas por las primeras huelgas por el 6 % para las universidades p\u00fablicas del pa\u00eds.<\/p>\n<p>Mar\u00eda Lilly asegura que actualmente no tiene idea sobre qu\u00e9 har\u00e1 exactamente al regresar a Nicaragua, pero asegura que definitivamente se ve en su pa\u00eds aportando m\u00e1s a partir de las nuevas experiencias que vive y aprende en Stanford.<\/p>\n<p>A la conversaci\u00f3n con <em>Magazine<\/em> v\u00eda Skype, durante un mediod\u00eda, se suma Joel Guti\u00e9rrez jugando a ser entrevistador, mientras se pone nost\u00e1lgico por sus d\u00edas en aquella universidad.<\/p>\n<p>Mar\u00eda Lilly asegura que en Nicaragua la gente siempre le saluda y le recuerda como presentadora de Canal 2 y como directora de su propio programa de entrevistas. Joel, en cambio, juega con la misma pregunta.<\/p>\n<p>\u2014\u00bfA\u00fan hay gente que te reconoce en la calle como presentador de noticias?<\/p>\n<p>\u2014S\u00ed. De vez en cuando me encuentro a alguien y me saluda. Mis hijos m\u00e1s peque\u00f1os (que no le conocieron su etapa como presentador) me preguntan qui\u00e9n me saluda y a veces yo ni s\u00e9 qui\u00e9n es. Otras veces tambi\u00e9n me pasa que me confunden. Por ejemplo, alguien se me acerca y me dice con tono grave: \u201c\u00bfC\u00f3mo has estado Cid Largaespada?\u201d, porque esa persona cree que yo soy \u00e9l.<\/p>\n<p>\u2014\u00bfQu\u00e9 hac\u00e9s entonces? \u00bfLos correg\u00eds para que sepan qui\u00e9n sos?<\/p>\n<p>\u2014No, no. Yo los saludo igual de cort\u00e9s y para despedirme los invito a que me visiten para comer un asado gratis o con un buen descuento en La Finca (r\u00ede a carcajadas). Luego solo le aviso a Cid que le dejaron saludos.<\/p>\n<figure id=\"attachment_31789\" aria-describedby=\"caption-attachment-31789\" style=\"width: 700px\" class=\"wp-caption aligncenter\"><a href=\"\/wp-content\/uploads\/2016\/12\/Acr1393272546201631941.jpg\"><img loading=\"lazy\" decoding=\"async\" class=\"size-full wp-image-31789\" src=\"\/wp-content\/uploads\/2016\/12\/Acr1393272546201631941.jpg\" alt=\"Mar\u00eda Lilly Delgado fue seleccionada el a\u00f1o pasado para el programa John S. Knight Journalism Fellowships, de la Universidad de Stanford.\" width=\"700\" height=\"957\" srcset=\"https:\/\/d1xxa24wwackpg.cloudfront.net\/wp-content\/uploads\/2016\/12\/07152247\/Acr1393272546201631941.jpg 700w, https:\/\/d1xxa24wwackpg.cloudfront.net\/wp-content\/uploads\/2016\/12\/07152247\/Acr1393272546201631941.jpg 219w\" sizes=\"(max-width: 700px) 100vw, 700px\" \/><\/a><figcaption id=\"caption-attachment-31789\" class=\"wp-caption-text\">Mar\u00eda Lilly Delgado fue seleccionada el a\u00f1o pasado para el programa John S. Knight Journalism Fellowships, de la Universidad de Stanford.<\/figcaption><\/figure>\n<h4>Siempre en la televisi\u00f3n<\/h4>\n<p>Luc\u00eda Pineda Ubau, periodista y presentadora de televisi\u00f3n, no ha dejado atr\u00e1s las c\u00e1maras y ni siquiera su traj\u00edn de reportera. Cuatro a\u00f1os atr\u00e1s se le pod\u00eda ver a cargo del Noticiero 22-22 de Televicentro SA, cuando en el pa\u00eds se comenzaba a establecer el consumo de la nota roja. Ahora, ha vuelto a 100% Noticias, el Canal, donde su ritmo parece m\u00e1s relajado, pero fuera de c\u00e1mara son las mismas carreras.<\/p>\n<p>La periodista, a quien el expresidente Arnoldo Alem\u00e1n bautiz\u00f3 como la Chilindrina, asegura que desde que inici\u00f3 su carrera en la UCA en 1992 siempre se vio en televisi\u00f3n y hoy, adem\u00e1s de continuar a cargo de la presentaci\u00f3n de noticias, es jefa de prensa del canal y tiene a su cargo un programa de entrevistas y uno de comentarios y debates sobre temas femeninos, junto a otras mujeres periodistas y presentadoras.<\/p>\n<p>Tras 15 a\u00f1os en la televisi\u00f3n, Pineda admite que hay varios aspectos en los que ha cambiado. \u201cAntes me hac\u00eda una cola y sal\u00eda al aire, ahora no me pongo delante de una c\u00e1mara si no tengo al maquillista\u201d, dice.<\/p>\n<p>Sin embargo, considera que su labor es diferente al de otros presentadores de televisi\u00f3n que no se mantienen informados sobre las noticias y carecen del sentimiento y la conexi\u00f3n con la gente que uno gana \u201ccuando se foguea con el reporteo en la calle\u201d.<\/p>\n<p>\u201cAqu\u00ed \u2014agrega\u2014 tambi\u00e9n buscamos c\u00f3mo quebrar un poco los esquemas de no transmitir emoci\u00f3n con las noticias. No se trata \u2014aclara\u2014 de meter tu opini\u00f3n en todo, sino de hablar con sentimiento. Yo toda mi vida he sido enemiga del telepr\u00f3nter\u201d (dispositivo electr\u00f3nico que permite a un locutor televisivo leer sus textos sin que se note en la transmisi\u00f3n).<\/p>\n<p><a href=\"\/wp-content\/uploads\/2016\/12\/Acr1393272546201629712.jpg\"><img loading=\"lazy\" decoding=\"async\" class=\"aligncenter wp-image-31792 size-full\" src=\"https:\/\/gep90.laprensa.com.ni\/magazine\/wp-content\/uploads\/2016\/12\/Acr1393272546201629712.jpg\" alt=\"Luc\u00eda Pineda Ubau, periodista y presentadora de televisi\u00f3n, no ha dejado atr\u00e1s las c\u00e1maras.\" width=\"700\" height=\"599\" srcset=\"https:\/\/d1xxa24wwackpg.cloudfront.net\/wp-content\/uploads\/2016\/12\/07152246\/Acr1393272546201629712.jpg 700w, https:\/\/d1xxa24wwackpg.cloudfront.net\/wp-content\/uploads\/2016\/12\/07152246\/Acr1393272546201629712.jpg 300w\" sizes=\"(max-width: 700px) 100vw, 700px\" \/><\/a><\/p>\n","protected":false},"excerpt":{"rendered":"<p>Siete u ocho a\u00f1os atr\u00e1s ellos eran los rostros que presentaban las noticias. Ahora, la mayor\u00eda dej\u00f3 la televisi\u00f3n para estudiar en el extranjero o dedicarse a oficios tan diferentes como embotellar refrescos, instalar un restaurante de asados o dirigir una cantera<\/p>\n","protected":false},"author":46,"featured_media":51723,"comment_status":"open","ping_status":"open","sticky":false,"template":"","format":"standard","meta":{"_acf_changed":false,"footnotes":""},"categories":[26],"tags":[],"class_list":["post-30870","post","type-post","status-publish","format-standard","has-post-thumbnail","hentry","category-reportajes"],"acf":[],"_links":{"self":[{"href":"https:\/\/staging.laprensanic.com\/magazine\/wp-json\/wp\/v2\/posts\/30870","targetHints":{"allow":["GET"]}}],"collection":[{"href":"https:\/\/staging.laprensanic.com\/magazine\/wp-json\/wp\/v2\/posts"}],"about":[{"href":"https:\/\/staging.laprensanic.com\/magazine\/wp-json\/wp\/v2\/types\/post"}],"author":[{"embeddable":true,"href":"https:\/\/staging.laprensanic.com\/magazine\/wp-json\/wp\/v2\/users\/46"}],"replies":[{"embeddable":true,"href":"https:\/\/staging.laprensanic.com\/magazine\/wp-json\/wp\/v2\/comments?post=30870"}],"version-history":[{"count":13,"href":"https:\/\/staging.laprensanic.com\/magazine\/wp-json\/wp\/v2\/posts\/30870\/revisions"}],"predecessor-version":[{"id":52776,"href":"https:\/\/staging.laprensanic.com\/magazine\/wp-json\/wp\/v2\/posts\/30870\/revisions\/52776"}],"wp:featuredmedia":[{"embeddable":true,"href":"https:\/\/staging.laprensanic.com\/magazine\/wp-json\/wp\/v2\/media\/51723"}],"wp:attachment":[{"href":"https:\/\/staging.laprensanic.com\/magazine\/wp-json\/wp\/v2\/media?parent=30870"}],"wp:term":[{"taxonomy":"category","embeddable":true,"href":"https:\/\/staging.laprensanic.com\/magazine\/wp-json\/wp\/v2\/categories?post=30870"},{"taxonomy":"post_tag","embeddable":true,"href":"https:\/\/staging.laprensanic.com\/magazine\/wp-json\/wp\/v2\/tags?post=30870"}],"curies":[{"name":"wp","href":"https:\/\/api.w.org\/{rel}","templated":true}]}}