{"id":31258,"date":"2016-01-10T10:18:13","date_gmt":"2016-01-10T16:18:13","guid":{"rendered":"https:\/\/www.magazine.com.ni\/?p=31258"},"modified":"2018-10-01T05:57:40","modified_gmt":"2018-10-01T05:57:40","slug":"la-pelea-perdida-de-el-terry","status":"publish","type":"post","link":"https:\/\/staging.laprensanic.com\/magazine\/reportajes\/la-pelea-perdida-de-el-terry\/","title":{"rendered":"La pelea perdida de \u00abel terry\u00bb"},"content":{"rendered":"<p style=\"text-align: center;\">David Acevedo Rivas quer\u00eda ser campe\u00f3n, pero se convirti\u00f3 en el primer p\u00fagil en la historia del boxeo nacional que fallece luego de un enfrentamiento<\/p>\n<p style=\"text-align: center;\"><strong>Texto por Tammy Zoad Mendoza M.<\/strong><\/p>\n<p style=\"text-align: center;\"><strong>Fotos por Manuel Esquivel<\/strong><\/p>\n<p>A los nueve a\u00f1os empez\u00f3 a dar golpes a un saco. Su padre, David Acevedo Oc\u00f3n, lo entrenaba junto a su hermano menor Yamil. Practic\u00f3 lucha ol\u00edmpica, beisbol, pero su sue\u00f1o era convertirse en boxeador profesional, ser campe\u00f3n mundial, pasar a la historia en el boxeo. Y lo hizo, pero de una forma desafortunada.<\/p>\n<p>David Alexander Acevedo Rivas, de 23 a\u00f1os, es el primer p\u00fagil en la historia del boxeo nacional que fallece luego de un enfrentamiento en Nicaragua. Se desplom\u00f3 en el ring al octavo asalto de la pelea semiestelar en la velada del 14 de noviembre. Luego de una operaci\u00f3n de emergencia y siete d\u00edas en coma, falleci\u00f3 el 21 de noviembre. Perdi\u00f3 la pelea, la vida, y puso a este deporte contra las cuerdas.<\/p>\n<p>Juan Alberto Molinares, presidente de la Conibop, asegura que \u201cno es responsabilidad del m\u00e9dico que realiza los chequeos, ni de esta comisi\u00f3n ver si el muchacho entren\u00f3 o no entren\u00f3 o en qu\u00e9 condiciones llega. Eso es responsabilidad del entrenador, del apoderado y sobre todo del deportista mismo\u201d.<\/p>\n<p>\u201cEl Terry\u201d le dec\u00edan desde chiquito, \u201cporque eran terribles los dos (David y Yamil). Eran muy inquietos\u201d, cuenta su pap\u00e1. David estudiaba Contabilidad y se hab\u00eda preparado como profesor de educaci\u00f3n f\u00edsica, este a\u00f1o empezar\u00eda a trabajar en un colegio capitalino.<\/p>\n<p>Pero \u201cEl Terry\u201d Acevedo estaba empe\u00f1ado en que el boxeo ser\u00eda su profesi\u00f3n principal. Corr\u00eda varios kil\u00f3metros en las madrugadas, entrenaba todas las tardes de una a dos horas en el gimnasio y trataba de mantener una dieta. Con sus 1.80 metros de altura su peso natural pod\u00eda llegar hasta 173 libras, pero \u00e9l luchaba por bajar a 146 y entrar en la categor\u00eda superwelter, la m\u00e1s cercana en la que encontraba rivales para aumentar su r\u00e9cord de peleas y seguir avanzando en su camino por un t\u00edtulo.<\/p>\n<p>\u201cEl que se mete a esto es porque le gusta el deporte, no es f\u00e1cil aguantar golpes, menos si ten\u00e9s que hacer sacrificios para pelear. El boxeo era su pasi\u00f3n y la comida era su debilidad. Le costaba mucho hacer dieta\u201d, comenta su pap\u00e1. David ten\u00eda atracones en la madrugada. Se levantaba a comer lo que encontrara. Una bolsa de polvorones y un litro de gaseosa eran sus favoritos.<\/p>\n<p>El viernes del pesaje no desayun\u00f3 ni almorz\u00f3, pero a\u00fan as\u00ed no dio el peso. Marc\u00f3 148 libras de las 146 estipuladas para la pelea. Seg\u00fan datos m\u00e9dicos del informe de la Comisi\u00f3n Nicarag\u00fcense de Boxeo Profesional, Acevedo estaba bien en general. En el pesaje tuvo un pulso de 60 y su presi\u00f3n arterial fue 110\/70. Se regresaron a la casa, comi\u00f3 y se acost\u00f3 temprano. La ma\u00f1ana del s\u00e1bado 14 se levant\u00f3 a practicar golpes al aire, descans\u00f3, comi\u00f3 algo y despu\u00e9s sigui\u00f3 peleando con \u00e9l mismo frente al espejo. A las seis salieron al hotel donde ser\u00eda la velada de B\u00fafalo Boxing Promotions.<\/p>\n<p>A un minuto de terminar el octavo asalto y en un intercambio de golpes David abraz\u00f3 a su contrincante Nelson Altamirano. El r\u00e9feri los separ\u00f3 y la pelea continu\u00f3. Un par de golpes m\u00e1s y los boxeadores se trenzaron en otro abrazo, era David quien amarraba a Nelson para no caer. El r\u00e9feri apareci\u00f3 de nuevo y dio por terminado el combate por nocaut t\u00e9cnico.<\/p>\n<p>Fue una pelea mon\u00f3tona. \u201cDentro de lo normal. Aburrida hasta cierto punto, no hubo golpes contundentes. No hubo maltrato en el ring\u201d, asegura Rosendo \u00c1lvarez, dos veces campe\u00f3n de boxeo, promotor y amigo de la familia Acevedo Rivas.<\/p>\n<p>Era su tercera pelea en un lapso de 49 d\u00edas. \u00c1lvarez explica que lo estipulado en el caso de Acevedo era un m\u00ednimo de cuatro peleas al a\u00f1o y la frecuencia depend\u00eda del n\u00famero de rounds o el desarrollo de las mismas. \u201cA boxeadores con su peso les resulta dif\u00edcil expandir su r\u00e9cord en el pa\u00eds. David siempre tuvo dificultad para marcar la categor\u00eda. Yo lo aconsejaba, le llamaba la atenci\u00f3n. No pod\u00e9s estar bajando de peso el mismo d\u00eda del pesaje, perjudic\u00e1s tu salud\u201d, apunta el dos veces campe\u00f3n.<\/p>\n<p>Seg\u00fan informaci\u00f3n m\u00e9dica, ten\u00eda un hematoma subdural, un co\u00e1gulo de sangre entre el cr\u00e1neo y el cerebro. Fue sometido a una cirug\u00eda de emergencia que dur\u00f3 cuatro horas. Sobrevivi\u00f3, pero permaneci\u00f3 en coma y falleci\u00f3 siete d\u00edas despu\u00e9s.<\/p>\n<p style=\"text-align: left;\">\u201cQue se le revent\u00f3 una venita (ruptura de un aneurisma), que eso provoc\u00f3 el sangrado y el co\u00e1gulo. Los m\u00e9dicos nos explicaron que le pudo haber pasado a cualquiera, a \u00e9l mismo mientras trabajaba, en la calle, en la cama&#8230; pero pas\u00f3 ah\u00ed la desgracia. Se me fue mi muchacho\u201d, dice don David Acevedo. A\u00fan llora por \u201cmi Alex\u201d y teme que Yamil, su hijo menor, vuelva a subir al ring.<\/p>\n<p style=\"text-align: left;\">Seg\u00fan las tarjetas, Acevedo gana el primero y el segundo round, y aunque el s\u00e9ptimo lo pierde porque le bajan un punto, \u00e9l mantiene la ventaja.En el octavo round, despu\u00e9s de intercambiar golpes y amarrarse en dos abrazos de cansancio, se declara nocaut t\u00e9cnico. Mientras Altamirano alza el pu\u00f1o de la victoria, David cae en c\u00e1mara lenta. Quiere sostenerse de las cuerdas, pero no puede. El r\u00e9feri trata de ayudarlo y no logra mantenerlo en pie. El m\u00e9dico interviene. Lo acuestan. Empiezan los est\u00edmulos para que reaccione.Seg\u00fan Juan Alberto Molinares, presidente de la Conibop, \u201cno fue una pelea violenta, ni de choque frontal. Ninguno lleg\u00f3 en las mejores condiciones f\u00edsicas, pero eran golpes contundentes, eran m\u00e1s al cuerpo, m\u00e1s que arriba\u201d. \u201cEste es un caso lamentable. Nosotros tenemos reglamentos, revisiones m\u00e9dicas y un examen f\u00edsico a los boxeadores, pero el \u00e1mbito de competencia de nosotros como organizaci\u00f3n empieza con el pesaje, no antes del pesaje\u201d, aclara.<\/p>\n<p><a href=\"\/wp-content\/uploads\/2016\/12\/253-MAG-Terry3.jpg\"><img fetchpriority=\"high\" decoding=\"async\" class=\"wp-image-31409 size-full aligncenter\" src=\"\/wp-content\/uploads\/2016\/12\/253-MAG-Terry3.jpg\" alt=\"David Acevedo sigue tendido en la lona\" width=\"700\" height=\"467\" srcset=\"https:\/\/d1xxa24wwackpg.cloudfront.net\/wp-content\/uploads\/2016\/12\/07152652\/253-MAG-Terry3.jpg 700w, https:\/\/d1xxa24wwackpg.cloudfront.net\/wp-content\/uploads\/2016\/12\/07152652\/253-MAG-Terry3.jpg 300w\" sizes=\"(max-width: 700px) 100vw, 700px\" \/><\/a><\/p>\n<p>David sigue tendido en la lona. Tiene los ojos abiertos, pero no ve a ning\u00fan lugar. El m\u00e9dico le habla, le sostiene la cabeza, le indica que respire. Le dice que ya todo pas\u00f3. \u201cTranquilo David, tranquilo\u201d. No reacciona. Rosendo \u00c1lvarez le quita los zapatos y le sube las piernas, para que el flujo de la sangre y ox\u00edgeno se normalice. David hace esfuerzos por atrapar el aire con la boca. \u201cDavid era un muchacho de poder, mucha pegada, buena estatura. T\u00e9cnicamente ten\u00eda movilidad, combinaba bien sus manos, pero recib\u00eda muchos golpes, no esquivaba. Fue un guerrero, un valiente, le gustaba dar espect\u00e1culo a la gente. Adem\u00e1s era muy educado, respetuoso y cari\u00f1oso conmigo. David era como un miembro de mi familia\u201d, dice Rosendo \u00c1lvarez, excampe\u00f3n de boxeo y promotor de los hermanos Acevedo.<\/p>\n<blockquote><p><a href=\"\/wp-content\/uploads\/2016\/12\/253-MAG-Terry4.jpg\"><img decoding=\"async\" class=\"wp-image-31410 size-full\" src=\"\/wp-content\/uploads\/2016\/12\/253-MAG-Terry4.jpg\" alt=\"David Acevedo sigue tendido en la lona. Tiene los ojos abiertos, pero no ve a ning\u00fan lugar.\" width=\"700\" height=\"467\" srcset=\"https:\/\/d1xxa24wwackpg.cloudfront.net\/wp-content\/uploads\/2016\/12\/07152651\/253-MAG-Terry4.jpg 700w, https:\/\/d1xxa24wwackpg.cloudfront.net\/wp-content\/uploads\/2016\/12\/07152651\/253-MAG-Terry4.jpg 300w\" sizes=\"(max-width: 700px) 100vw, 700px\" \/><\/a><\/p><\/blockquote>\n<p style=\"text-align: left;\">David tiene la mirada perdida.Lo giran despacio al costado derecho. Convulsiona. \u201c\u00a1Se nos va!\u201d, dice Rosendo \u00c1lvarez, \u201cllev\u00e9moslo (al hospital)\u201d. Sus brazos est\u00e1n r\u00edgidos y los ojos siguen clavados en la nada. \u201c\u00a1David!\u201d, le grit\u00f3 su novia, pero David no parec\u00eda escuchar a nadie. Pidieron camilla y lo sacaron del lugar hacia la ambulancia que esperaba afuera. Acevedo no ten\u00eda pelea programada esa noche, seg\u00fan la cartelera inicial de B\u00fafalo Boxing Promotion. \u201cPero \u00e9l vino a mi casa con su pap\u00e1 y me pidi\u00f3 pelear. Yo lo iba a programar a tres rounds, pero \u00e9l quiso a ocho. Fue una pelea normal, hasta aburrida, no hubo golpes contundentes. David estaba ganando la pelea\u201d, se\u00f1ala Rosendo \u00c1lvarez.<\/p>\n<blockquote><p><a href=\"\/wp-content\/uploads\/2016\/12\/253-MAG-Terry6.jpg\"><img decoding=\"async\" class=\"size-full wp-image-31411\" src=\"\/wp-content\/uploads\/2016\/12\/253-MAG-Terry6.jpg\" alt=\"Managua, Nicaragua. Boxeo profesional en el hotel Xolotlan. Manuel Esquiivel\/ LA PRENSA.\" width=\"700\" height=\"467\" srcset=\"https:\/\/d1xxa24wwackpg.cloudfront.net\/wp-content\/uploads\/2016\/12\/07152650\/253-MAG-Terry6.jpg 700w, https:\/\/d1xxa24wwackpg.cloudfront.net\/wp-content\/uploads\/2016\/12\/07152650\/253-MAG-Terry6.jpg 300w\" sizes=\"(max-width: 700px) 100vw, 700px\" \/><\/a><\/p><\/blockquote>\n<p style=\"text-align: left;\">Cinco minutos tard\u00f3 la ambulancia del hotel donde fue la velada hacia el hospital Salud Integral, seg\u00fan el informe. Se le suministr\u00f3 ox\u00edgeno y se monitorearon los signos vitales. Los ex\u00e1menes revelaron un co\u00e1gulo de sangre entre el cr\u00e1neo y el cerebro y lo intervinieron de emergencia. Pero David no volvi\u00f3 a despertar. Siete d\u00edas despu\u00e9s fue declarado muerto.\u201cLo que pas\u00f3 fue un accidente. Muchos quieren culpar al \u00e1rbitro, al promotor, al pap\u00e1, al entrenador. No hubo culpables, es absurdo buscar un culpable en algo accidental. Lastimosamente le ocurri\u00f3 a David\u201d, dice \u00c1lvarez, quien asumi\u00f3 los gastos m\u00e9dicos de Acevedo.<\/p>\n<blockquote><p><a href=\"\/wp-content\/uploads\/2016\/12\/253-MAG-Terry7.jpg\"><img loading=\"lazy\" decoding=\"async\" class=\"size-full wp-image-31412 aligncenter\" src=\"\/wp-content\/uploads\/2016\/12\/253-MAG-Terry7.jpg\" alt=\"David &quot;El Terry&quot; Acevedo\" width=\"700\" height=\"467\" srcset=\"https:\/\/d1xxa24wwackpg.cloudfront.net\/wp-content\/uploads\/2016\/12\/07152649\/253-MAG-Terry7.jpg 700w, https:\/\/d1xxa24wwackpg.cloudfront.net\/wp-content\/uploads\/2016\/12\/07152649\/253-MAG-Terry7.jpg 300w\" sizes=\"(max-width: 700px) 100vw, 700px\" \/><\/a><\/p><\/blockquote>\n<p style=\"text-align: left;\">\u201cYo no culpo a nadie.Dios quiso que fuera as\u00ed\u201d, dice resignado don David Acevedo Oc\u00f3n. \u201cPero tambi\u00e9n es bueno que los j\u00f3venes boxeadores, los entrenadores, la Comisi\u00f3n analice el trabajo que se est\u00e1 realizando, que haya m\u00e1s mecanismo de control para el deportista. No es culpa de nadie, pero es una desgracia en mi familia. No s\u00e9 qu\u00e9 decisi\u00f3n tomar\u00e1 mi hijo Yamil, pero para m\u00ed ser\u00eda muy dif\u00edcil verlo en un ring donde muri\u00f3 su hermano\u201d.<\/p>\n","protected":false},"excerpt":{"rendered":"<p>David Acevedo Rivas quer\u00eda ser campe\u00f3n, pero se convirti\u00f3 en el primer p\u00fagil en la historia del boxeo nacional que fallece luego de un enfrentamiento<\/p>\n","protected":false},"author":46,"featured_media":31414,"comment_status":"open","ping_status":"open","sticky":false,"template":"","format":"standard","meta":{"_acf_changed":false,"footnotes":""},"categories":[26],"tags":[158],"class_list":["post-31258","post","type-post","status-publish","format-standard","has-post-thumbnail","hentry","category-reportajes","tag-boxeo"],"acf":[],"_links":{"self":[{"href":"https:\/\/staging.laprensanic.com\/magazine\/wp-json\/wp\/v2\/posts\/31258","targetHints":{"allow":["GET"]}}],"collection":[{"href":"https:\/\/staging.laprensanic.com\/magazine\/wp-json\/wp\/v2\/posts"}],"about":[{"href":"https:\/\/staging.laprensanic.com\/magazine\/wp-json\/wp\/v2\/types\/post"}],"author":[{"embeddable":true,"href":"https:\/\/staging.laprensanic.com\/magazine\/wp-json\/wp\/v2\/users\/46"}],"replies":[{"embeddable":true,"href":"https:\/\/staging.laprensanic.com\/magazine\/wp-json\/wp\/v2\/comments?post=31258"}],"version-history":[{"count":16,"href":"https:\/\/staging.laprensanic.com\/magazine\/wp-json\/wp\/v2\/posts\/31258\/revisions"}],"predecessor-version":[{"id":44639,"href":"https:\/\/staging.laprensanic.com\/magazine\/wp-json\/wp\/v2\/posts\/31258\/revisions\/44639"}],"wp:featuredmedia":[{"embeddable":true,"href":"https:\/\/staging.laprensanic.com\/magazine\/wp-json\/wp\/v2\/media\/31414"}],"wp:attachment":[{"href":"https:\/\/staging.laprensanic.com\/magazine\/wp-json\/wp\/v2\/media?parent=31258"}],"wp:term":[{"taxonomy":"category","embeddable":true,"href":"https:\/\/staging.laprensanic.com\/magazine\/wp-json\/wp\/v2\/categories?post=31258"},{"taxonomy":"post_tag","embeddable":true,"href":"https:\/\/staging.laprensanic.com\/magazine\/wp-json\/wp\/v2\/tags?post=31258"}],"curies":[{"name":"wp","href":"https:\/\/api.w.org\/{rel}","templated":true}]}}