{"id":31284,"date":"2015-11-08T16:07:22","date_gmt":"2015-11-08T22:07:22","guid":{"rendered":"https:\/\/www.magazine.com.ni\/?p=31284"},"modified":"2018-10-01T05:59:54","modified_gmt":"2018-10-01T05:59:54","slug":"la-nica-en-la-liga-de-campeones","status":"publish","type":"post","link":"https:\/\/staging.laprensanic.com\/magazine\/reportajes\/la-nica-en-la-liga-de-campeones\/","title":{"rendered":"La Nica en la liga de campeones"},"content":{"rendered":"<p style=\"text-align: center;\">Ana Cate Aguilar se convirti\u00f3 en agosto de este a\u00f1o en la primera jugadora nicarag\u00fcense en la Liga de Campeones Femenina de la UEFA. Naci\u00f3 en Estados Unidos, pero se siente tan nica que desde el 2010 viste la azul y blanco con la Selecci\u00f3n Nacional Femenina de Futbol<\/p>\n<p style=\"text-align: center;\"><strong>Por Tammy Zoad Mendoza M.<\/strong><\/p>\n<p>Se ve\u00eda como una basquetbolista profesional, dando zancadas en la cancha, saltando con largas piernas de resortes y encestando el cl\u00e1sico bal\u00f3n naranja. Lo de Ana siempre fue el deporte, si no estaba en baloncesto, se met\u00eda a un equipo de futbol. Se pas\u00f3 la ni\u00f1ez de equipo en equipo.<\/p>\n<p>Apenas super\u00f3 el metro y medio de estatura y dej\u00f3 de crecer, pero desarroll\u00f3 en sus piernas destreza y fuerza que la hicieron destacar en ligas colegiales. Tendr\u00eda 14 o 15 a\u00f1os cuando se convenci\u00f3 que lo suyo no era saltar al aro, sino patear hacia el arco. Desde entonces se entreg\u00f3 al futbol.<\/p>\n<p>En agosto pasado debut\u00f3 en la Liga de Campeones Femenina de la UEFA. Es la primera nicarag\u00fcense en jugar en ligas de futbol profesional. \u201cNac\u00ed en Estados Unidos, pero soy nicarag\u00fcense tambi\u00e9n\u201d, aclara Ana. Por eso desde el 2010 tambi\u00e9n forma parte de la Selecci\u00f3n Nacional Femenina de Futbol y es convocada para juegos relevantes como la reciente Eliminatoria Preol\u00edmpica. \u201cPara m\u00ed es un orgullo jugar con la selecci\u00f3n de Nicaragua, me siento muy emocionada cada vez que me invitan a una liga con mi pa\u00eds\u201d, dice Ana Cate Aguilar, de 24 a\u00f1os.<\/p>\n<p>Es titular del equipo Stjarnan de Islandia, campe\u00f3n en su pa\u00eds, y en 2014 fue catalogada como la Jugadora M\u00e1s Valiosa. Cr\u00f3nicas deportivas internacionales la catalogan como una deportista con grandes destrezas y proyecci\u00f3n en la cancha.<\/p>\n<p>Ana Cate pas\u00f3 de las ligas infantiles en Estados Unidos a las ligas universitarias en Inglaterra. De delantera a medio campista. Adem\u00e1s de jugar en ligas europeas, lidera la Selecci\u00f3n Nacional Femenina de Futbol para jugar como mediocampista en partidos de clasificatorias o torneos regionales.<\/p>\n<p style=\"text-align: center;\">***<\/p>\n<p>La historia de Ana est\u00e1 repartida por el mundo. Su madre es nicarag\u00fcense y su padre estadounidense. Naci\u00f3 en Kansas, Estados Unidos, pero vivi\u00f3 en varios estados por razones laborales de sus padres. Su madre Yolanda Aguilar y su padre John Cate, dejaban que Ana se integrara a los equipos de futbol en cada lugar que llegaban. La vida de n\u00f3mada no era tan mala si en cada lugar encontraba un equipo de futbol al cual pertenecer.<\/p>\n<p>En sus vacaciones anuales en Nicaragua armaba equipos con sus primos para jugar futbol en las calles de Le\u00f3n, en Corinto o sobre la arena de Poneloya. Si no hab\u00eda con quien jugar, su abuelo Iv\u00e1n Aguilar se la llevaba al mar a patear la pelota hasta caer exhaustos.<\/p>\n<p>Si no estaba en la calle jugando, seguramente pod\u00edan encontrarla en la sala o en el cuarto, sentada junto a su abuelo viendo alg\u00fan partido de futbol, gritando goles o discutiendo una jugada.<\/p>\n<p>Fue por el abuelo Iv\u00e1n que ella no solo se divert\u00eda con el futbol, le empez\u00f3 a tomar cari\u00f1o hasta convertirlo en la pasi\u00f3n de su vida. Ella ven\u00eda a visitarlo a mediados de a\u00f1o para ver partidos de futbol y \u00e9l la fue a ver jugar en las ligas escolares. Pero las tardes de futbol con el abuelo se acabaron en 2007, cuando \u00e9l falleci\u00f3. Don Iv\u00e1n le dej\u00f3 de herencia el amor por la camiseta.<\/p>\n<p>Su madre no recuerda si fue en 2008 o 2009 que por esas casualidades de la vida Ana escuch\u00f3 que Nicaragua ten\u00eda una selecci\u00f3n nacional de futbol femenino, que el pa\u00eds le apostaba no solo al deporte, sino a la calidad de las atletas femeninas y que hab\u00eda cierto inter\u00e9s por las ligas femeninas. No tuvo paz hasta que una de sus t\u00edas le consigui\u00f3 la informaci\u00f3n sobre el reclutamiento.<\/p>\n<p>\u201cLa convocaron a pruebas para entrar en la selecci\u00f3n. Viajamos para que no perdiera el chance, ella ven\u00eda ansiosa, emocionada, se baj\u00f3 del carro, corri\u00f3 al campo y empez\u00f3 los entrenamientos. Estaba feliz\u201d, recuerda su madre, quien la acompa\u00f1\u00f3 en la convocatoria de la que la result\u00f3 elegida.<\/p>\n<p>En el 2010 forma parte del equipo nacional que va a la eliminatoria para los Juegos Centroamericanos y del Caribe en la ciudad de Mayag\u00fcez, Puerto Rico. No clasifican, pero para Ana jugar por Nicaragua ya era un triunfo personal y familiar.<\/p>\n<p>\u201cMe siento nicarag\u00fcense, mi mam\u00e1 nos ha ense\u00f1ado que lo somos y me siento feliz cada vez que juego por Nicaragua\u201d, asegura Ana.<\/p>\n<p>Do\u00f1a Yolanda Aguilar, leonesa, nunca dej\u00f3 de hablarles en espa\u00f1ol a sus dos hijas nacidas en Estados Unidos. A ambas las inscribi\u00f3 tambi\u00e9n como nicarag\u00fcenses, les daba de desayunar gallopinto y cada vez que ven\u00edan de visita a Le\u00f3n hab\u00eda una algarab\u00eda de primos que hac\u00edan viaje a Poneloya para jugar futbol en la arena.<\/p>\n<p>\u201cSomos una familia grande, y aunque ellas siempre vivieron en Estados Unidos, tuvieron un v\u00ednculo con Nicaragua, la cultura, el idioma, la familia. Somos muy unidos, a eso se debe que ella se sienta tan nica\u201d, asegura su mam\u00e1 Yolanda Aguilar. \u201cEstoy muy orgullosa de sus logros y que disfrute tanto jugar en nombre de Nicaragua\u201d.<\/p>\n<p>As\u00ed como hac\u00edan viajes al mar, ahora toda su familia llega a Managua cada vez que toca alg\u00fan juego. Se uniforman con la camiseta azul y blanco y son su barra brava. Siente que su abuelo estar\u00eda orgulloso de que su peque\u00f1a futbolista regrese a anotar goles en nombre de su pa\u00eds.<\/p>\n<figure id=\"attachment_32869\" aria-describedby=\"caption-attachment-32869\" style=\"width: 700px\" class=\"wp-caption aligncenter\"><a href=\"\/wp-content\/uploads\/2017\/01\/Acr13932725462016-29330.jpg\"><img fetchpriority=\"high\" decoding=\"async\" class=\"wp-image-32869 size-full\" src=\"\/wp-content\/uploads\/2017\/01\/Acr13932725462016-29330.jpg\" alt=\"Ana Cate Aguilar\" width=\"700\" height=\"495\" srcset=\"https:\/\/d1xxa24wwackpg.cloudfront.net\/wp-content\/uploads\/2017\/01\/07151139\/Acr13932725462016-29330.jpg 700w, https:\/\/d1xxa24wwackpg.cloudfront.net\/wp-content\/uploads\/2017\/01\/07151139\/Acr13932725462016-29330.jpg 300w\" sizes=\"(max-width: 700px) 100vw, 700px\" \/><\/a><figcaption id=\"caption-attachment-32869\" class=\"wp-caption-text\">Sus abuelos Iv\u00e1n Aguilar y Rosario Fiallos recib\u00edan a Ana y a sus primos cada verano en Le\u00f3n.<\/figcaption><\/figure>\n<p style=\"text-align: center;\">***<\/p>\n<p>A los cinco a\u00f1os jugaba a que el futbol lo era todo. Estuvo en un equipo infantil de futbol en Estados Unidos y casi veinte a\u00f1os despu\u00e9s el juego se volvi\u00f3 cosa seria en su vida.<\/p>\n<p>A los 17 se mud\u00f3 a Alabama y ah\u00ed se uni\u00f3 al equipo Auburn University, donde obtuvo su beca universitaria como jugadora de la Divisi\u00f3n I en la Liga Universitaria de Estados Unidos. Tres a\u00f1os m\u00e1s tarde la Universidad de Durham, Inglaterra, le ofreci\u00f3 una beca para una maestr\u00eda en deportes y la invit\u00f3 a ser parte del equipo de futbol en la British Universities and Colleges Sport (BUCS). Destac\u00f3 tanto que le ofrecieron una plaza para jugar como profesional, pero ya hab\u00eda otras extranjeras en lista y no pod\u00eda costear los gastos de permanencia en Inglaterra.<\/p>\n<p>Su pase a la profesional lo encontrar\u00eda con la ayuda de unas amigas que hab\u00edan pasado a la liga profesional de Europa desde Inglaterra como trampol\u00edn. Ellas le hablaron de la b\u00fasqueda de nuevos talentos en Islandia y le aseguraron que esta peque\u00f1a isla se abr\u00eda paso en las ligas de futbol europeas.<\/p>\n<p>Su agente deportivo contact\u00f3 al FH (Fimleikafelag Hafnarfj\u00f6r\u00f0ur) de la Primera Divisi\u00f3n de Islandia, quienes luego de verla en videos y llamarla a un entrenamiento, la reclutaron para el 2014.<\/p>\n<p>Adem\u00e1s del reto deportivo, Ana asumi\u00f3 la distancia, la diferencia horaria y el aprendizaje del idioma island\u00e9s como retos personales en los que sigue trabajando.<\/p>\n<p>Cumpli\u00f3 su a\u00f1o con buen dominio de la cancha. Anot\u00f3 cuatro goles y realiz\u00f3 10 asistencias en 17 de los 18 encuentros que disput\u00f3 en la temporada. Abri\u00f3 16 juegos como titular y los jug\u00f3 completos.<\/p>\n<p>Pero al finalizar la temporada el equipo descendi\u00f3 a la Segunda Divisi\u00f3n. Le ofrecieron renovar el contrato con el club pero su lugar estaba en Primera Divisi\u00f3n.<\/p>\n<p>Este a\u00f1o fue fichada por el Stjarnan Gardabaer actual campe\u00f3n de la Primera Divisi\u00f3n de Islandia. Se convierte en titular en su posici\u00f3n en los primeros dos partidos, marcando su primer gol con el club y una asistencia.<\/p>\n<p>Pero \u00bfqu\u00e9 significa su fichaje en Islandia? Para empezar esa isla lejana del noroeste de Europa que quiz\u00e1 solo ha visto en algunos impresionantes paisajes de pel\u00edcula, no es remota en el mapa futbol\u00edstico mundial.<\/p>\n<p>La selecci\u00f3n femenina de futbol de Islandia forma parte de la FIFA y la UEFA y la organiza la KSI.<\/p>\n<p>Est\u00e1 en el puesto 20 del Ranking FIFA, el equipo masculino ocupa el puesto 33. Aunque no han clasificado para un Mundial, han jugado en la Eurocopa en 2009 y 2013, llegaron a los cuartos de final.<\/p>\n<p>\u201cAna ha alcanzado un nivel muy alto en su carrera como deportista. T\u00e1cticamente hablando tiene mucha ubicaci\u00f3n, gran dominio de t\u00e1cticas y visi\u00f3n de juego. Tiene buen ritmo, dominio del bal\u00f3n y mucha inteligencia para liderar equipos\u201d, explica Camilo Vel\u00e1squez, cronista deportivo de futbolnica.net.<\/p>\n<p>Dalila L\u00f3pez, directora de Futbol Femenino de Fenifut, reconoce que el aporte que Ana hace en la cancha es grande, pero sobre todo que logra integrar su experiencia y conocimiento a la din\u00e1mica de juego del equipo.<\/p>\n<p>\u201cAdem\u00e1s, tiene una impresionante condici\u00f3n f\u00edsica. Ella es mediocampista centro, juega siempre en zona media, pero tambi\u00e9n puede actuar como defensora o delantera. Es una deportista polifac\u00e9tica y disciplinada\u201d, a\u00f1ade Vel\u00e1squez.<\/p>\n<div id='gallery-1' class='gallery galleryid-31284 gallery-columns-3 gallery-size-thumbnail'><figure class='gallery-item'>\n\t\t\t<div class='gallery-icon portrait'>\n\t\t\t\t<a href='https:\/\/staging.laprensanic.com\/magazine\/reportajes\/la-nica-en-la-liga-de-campeones\/attachment\/acr13932725462016-14876\/'><img decoding=\"async\" width=\"150\" height=\"150\" src=\"https:\/\/d1xxa24wwackpg.cloudfront.net\/wp-content\/uploads\/2017\/01\/07151145\/Acr13932725462016-14876.jpg\" class=\"attachment-thumbnail size-thumbnail\" alt=\"Ana Cate Aguilar\" aria-describedby=\"gallery-1-32863\" srcset=\"https:\/\/d1xxa24wwackpg.cloudfront.net\/wp-content\/uploads\/2017\/01\/07151145\/Acr13932725462016-14876.jpg 150w, https:\/\/d1xxa24wwackpg.cloudfront.net\/wp-content\/uploads\/2017\/01\/07151145\/Acr13932725462016-14876.jpg 600w, https:\/\/d1xxa24wwackpg.cloudfront.net\/wp-content\/uploads\/2017\/01\/07151145\/Acr13932725462016-14876.jpg 24w, https:\/\/d1xxa24wwackpg.cloudfront.net\/wp-content\/uploads\/2017\/01\/07151145\/Acr13932725462016-14876.jpg 48w, https:\/\/d1xxa24wwackpg.cloudfront.net\/wp-content\/uploads\/2017\/01\/07151145\/Acr13932725462016-14876.jpg 96w\" sizes=\"(max-width: 150px) 100vw, 150px\" \/><\/a>\n\t\t\t<\/div>\n\t\t\t\t<figcaption class='wp-caption-text gallery-caption' id='gallery-1-32863'>\n\t\t\t\tAna Cate Aguilar empez\u00f3 en equipos infantiles de futbol en Estados Unidos.\n\t\t\t\t<\/figcaption><\/figure><figure class='gallery-item'>\n\t\t\t<div class='gallery-icon landscape'>\n\t\t\t\t<a href='https:\/\/staging.laprensanic.com\/magazine\/reportajes\/la-nica-en-la-liga-de-campeones\/attachment\/acr139327254620162234\/'><img decoding=\"async\" width=\"150\" height=\"150\" src=\"https:\/\/d1xxa24wwackpg.cloudfront.net\/wp-content\/uploads\/2017\/01\/07151144\/Acr139327254620162234.jpg\" class=\"attachment-thumbnail size-thumbnail\" alt=\"Ana Cate Aguilar\" aria-describedby=\"gallery-1-32864\" srcset=\"https:\/\/d1xxa24wwackpg.cloudfront.net\/wp-content\/uploads\/2017\/01\/07151144\/Acr139327254620162234.jpg 150w, https:\/\/d1xxa24wwackpg.cloudfront.net\/wp-content\/uploads\/2017\/01\/07151144\/Acr139327254620162234.jpg 24w, https:\/\/d1xxa24wwackpg.cloudfront.net\/wp-content\/uploads\/2017\/01\/07151144\/Acr139327254620162234.jpg 48w, https:\/\/d1xxa24wwackpg.cloudfront.net\/wp-content\/uploads\/2017\/01\/07151144\/Acr139327254620162234.jpg 96w\" sizes=\"(max-width: 150px) 100vw, 150px\" \/><\/a>\n\t\t\t<\/div>\n\t\t\t\t<figcaption class='wp-caption-text gallery-caption' id='gallery-1-32864'>\n\t\t\t\tLa ciudad de Le\u00f3n, Corinto y Poneloya, donde vacacionaba de ni\u00f1a, siguen siendo sus lugares favoritos.\n\t\t\t\t<\/figcaption><\/figure><figure class='gallery-item'>\n\t\t\t<div class='gallery-icon portrait'>\n\t\t\t\t<a href='https:\/\/staging.laprensanic.com\/magazine\/reportajes\/la-nica-en-la-liga-de-campeones\/attachment\/acr13932725462016-30617\/'><img loading=\"lazy\" decoding=\"async\" width=\"150\" height=\"150\" src=\"https:\/\/d1xxa24wwackpg.cloudfront.net\/wp-content\/uploads\/2017\/01\/07151143\/Acr13932725462016-30617.jpg\" class=\"attachment-thumbnail size-thumbnail\" alt=\"Ana Cate Aguilar\" aria-describedby=\"gallery-1-32865\" srcset=\"https:\/\/d1xxa24wwackpg.cloudfront.net\/wp-content\/uploads\/2017\/01\/07151143\/Acr13932725462016-30617.jpg 150w, https:\/\/d1xxa24wwackpg.cloudfront.net\/wp-content\/uploads\/2017\/01\/07151143\/Acr13932725462016-30617.jpg 600w, https:\/\/d1xxa24wwackpg.cloudfront.net\/wp-content\/uploads\/2017\/01\/07151143\/Acr13932725462016-30617.jpg 24w, https:\/\/d1xxa24wwackpg.cloudfront.net\/wp-content\/uploads\/2017\/01\/07151143\/Acr13932725462016-30617.jpg 48w, https:\/\/d1xxa24wwackpg.cloudfront.net\/wp-content\/uploads\/2017\/01\/07151143\/Acr13932725462016-30617.jpg 96w\" sizes=\"(max-width: 150px) 100vw, 150px\" \/><\/a>\n\t\t\t<\/div>\n\t\t\t\t<figcaption class='wp-caption-text gallery-caption' id='gallery-1-32865'>\n\t\t\t\tEn abril de 2010 jug\u00f3 por primera vez con la selecci\u00f3n de Nicaragua. En 2013 ganaron medalla de plata en los X Juegos Deportivos Centroamericanos.\n\t\t\t\t<\/figcaption><\/figure><figure class='gallery-item'>\n\t\t\t<div class='gallery-icon landscape'>\n\t\t\t\t<a href='https:\/\/staging.laprensanic.com\/magazine\/reportajes\/la-nica-en-la-liga-de-campeones\/attachment\/ana-cate-nicaraguense-y-stjarnan-de-islandia\/'><img loading=\"lazy\" decoding=\"async\" width=\"150\" height=\"150\" src=\"https:\/\/d1xxa24wwackpg.cloudfront.net\/wp-content\/uploads\/2017\/01\/07151142\/Acr13932725462016-4286.jpg\" class=\"attachment-thumbnail size-thumbnail\" alt=\"Ana Cate Aguilar\" aria-describedby=\"gallery-1-32866\" srcset=\"https:\/\/d1xxa24wwackpg.cloudfront.net\/wp-content\/uploads\/2017\/01\/07151142\/Acr13932725462016-4286.jpg 150w, https:\/\/d1xxa24wwackpg.cloudfront.net\/wp-content\/uploads\/2017\/01\/07151142\/Acr13932725462016-4286.jpg 24w, https:\/\/d1xxa24wwackpg.cloudfront.net\/wp-content\/uploads\/2017\/01\/07151142\/Acr13932725462016-4286.jpg 48w, https:\/\/d1xxa24wwackpg.cloudfront.net\/wp-content\/uploads\/2017\/01\/07151142\/Acr13932725462016-4286.jpg 96w\" sizes=\"(max-width: 150px) 100vw, 150px\" \/><\/a>\n\t\t\t<\/div>\n\t\t\t\t<figcaption class='wp-caption-text gallery-caption' id='gallery-1-32866'>\n\t\t\t\tCate Aguilar es titular del equipo Stjarnan de Primera Divisi\u00f3n de Islandia, campe\u00f3n en su pa\u00eds.\n\t\t\t\t<\/figcaption><\/figure><figure class='gallery-item'>\n\t\t\t<div class='gallery-icon landscape'>\n\t\t\t\t<a href='https:\/\/staging.laprensanic.com\/magazine\/reportajes\/la-nica-en-la-liga-de-campeones\/attachment\/acr13932725462016-19085\/'><img loading=\"lazy\" decoding=\"async\" width=\"150\" height=\"150\" src=\"https:\/\/d1xxa24wwackpg.cloudfront.net\/wp-content\/uploads\/2017\/01\/07151141\/Acr13932725462016-19085.jpg\" class=\"attachment-thumbnail size-thumbnail\" alt=\"Ana Cate Aguilar\" aria-describedby=\"gallery-1-32867\" srcset=\"https:\/\/d1xxa24wwackpg.cloudfront.net\/wp-content\/uploads\/2017\/01\/07151141\/Acr13932725462016-19085.jpg 150w, https:\/\/d1xxa24wwackpg.cloudfront.net\/wp-content\/uploads\/2017\/01\/07151141\/Acr13932725462016-19085.jpg 24w, https:\/\/d1xxa24wwackpg.cloudfront.net\/wp-content\/uploads\/2017\/01\/07151141\/Acr13932725462016-19085.jpg 48w, https:\/\/d1xxa24wwackpg.cloudfront.net\/wp-content\/uploads\/2017\/01\/07151141\/Acr13932725462016-19085.jpg 96w\" sizes=\"(max-width: 150px) 100vw, 150px\" \/><\/a>\n\t\t\t<\/div>\n\t\t\t\t<figcaption class='wp-caption-text gallery-caption' id='gallery-1-32867'>\n\t\t\t\tEntrena con la selecci\u00f3n y comparte los campamentos y experiencias con sus compa\u00f1eras.\n\n\t\t\t\t<\/figcaption><\/figure>\n\t\t<\/div>\n\n<p style=\"text-align: center;\">***<\/p>\n<p>Durante el d\u00eda entrenaba con el equipo y por la noche se reun\u00edan en uno de los cuartos del campamento deportivo para practicar el himno. Sus compa\u00f1eras lo entonaban, Ana lo le\u00eda y lo le\u00eda hasta que logr\u00f3 aprender la letra y la melod\u00eda del Salve a ti.<\/p>\n<p>\u201cEn el 2010 la conoc\u00ed, fue la primera vez que jugamos juntas, en una triangular que se hizo aqu\u00ed para clasificar a los Juegos Centroamericanos y del Caribe. Se mostr\u00f3 amable y se adapt\u00f3 a las condiciones que ten\u00edamos como deportistas. Se ve\u00eda interesada en jugar como equipo, no llegaba por destacar, quer\u00eda aportar y aprender con el equipo de Nicaragua. Nos pidi\u00f3 que le copi\u00e1ramos el himno y lo practicamos hasta que lo aprendi\u00f3, as\u00ed debut\u00f3 en la selecci\u00f3n\u201d, recuerda Virginia Lobo, compa\u00f1era de Cate en la Selecci\u00f3n Nacional de Futbol Femenino.<\/p>\n<p>Lobo recuerda tambi\u00e9n las clases de espa\u00f1ol en las que tambi\u00e9n le ense\u00f1aron palabras nicas como \u201cdiacachimba\u201d. \u201cElla entend\u00eda muy bien el espa\u00f1ol, porque su mam\u00e1 es leonesa y ella ven\u00eda de vacaciones, pero muy poco lo hablaba. \u00a1Ahora es como que est\u00e9s hablando con una nica m\u00e1s!\u201d, dice Lobo entre risas. Ana se hizo parte del equipo, pero tambi\u00e9n se gan\u00f3 una docena de amigas.<\/p>\n<p>En 2013 comparten su primer triunfo como equipo. Cate marc\u00f3 dos goles contra Guatemala en los X Juegos Deportivos Centroamericanos de Costa Rica y consiguieron la primera medalla de plata de Nicaragua en esta disciplina. \u201cFue un logro de Nicaragua\u201d, declar\u00f3 en ese momentos a los medios que le consultaron sobre la victoria.<\/p>\n<p>El a\u00f1o siguiente ser\u00eda convocada nuevamente para liderar al equipo nacional en los XXII Juegos Centroamericanos y del Caribe realizados en Veracruz, M\u00e9xico. Durante la fase de clasificaci\u00f3n fue declarada la Jugadora del Partido en el triunfo de Nicaragua uno sobre Rep\u00fablica Dominicana. No obtuvieron medallas, pero tuvieron buen desempe\u00f1o en la cancha.<\/p>\n<p>\u201cEs un gusto que Ana pueda formar parte de la selecci\u00f3n nacional, no solo porque aumenta las posibilidades de un mejor resultado en los partidos, sino por la experiencia como equipo de aprender. Es un intercambio de experiencias que nos ha enriquecido y que Ana vuelva cada vez que es convocada indica que ella tambi\u00e9n aprende algo al jugar con nosotros\u201d, dice Dalila L\u00f3pez, Directora de Futbol Femenino de Fenifut.<\/p>\n<p>L\u00f3pez aclara que Ana Cate no recibe un pago por jugar con la selecci\u00f3n. \u201cElla juega bajo las mismas condiciones y beneficios de todo el equipo. Ellas reciben un vi\u00e1tico para alimentaci\u00f3n, se les da en hospedaje y el transporte. En el caso de Ana lo \u00fanico que asumimos extra es su boleto de venida y regreso de Islandia\u201d.<\/p>\n<p>En septiembre pasado Ana Cate Aguilar regres\u00f3 al medio campo de la Selecci\u00f3n Nacional de Futbol Femenina para reforzar y liderar al equipo en la Eliminatoria Preol\u00edmpica. Pero la selecci\u00f3n entraba a la cancha con 18 de 21 jugadoras, sin dos volantes y dos defensas. Abrieron el 30 de septiembre en un encuentro en el que El Salvador gan\u00f3 un gol a cero. El 2 de agosto se enfrentaron contra Guatemala y perdieron dos a uno. El gol de honor lo conect\u00f3 Cate. Nicaragua no pas\u00f3 la eliminatoria.<\/p>\n<p>A pesar de la derrota, Ana luc\u00eda contenta en sus declaraciones a los medios. \u201cGracias a todas las personas que llegaron hoy (viernes 2 de agosto) y que llegaron el mi\u00e9rcoles al juego. Nosotras estamos tan alegre y tan orgullosas de verlos ah\u00ed. Las personas que miraron el juego del mi\u00e9rcoles pueden ver que somos un mismo equipo, podemos hacer algo muy importante\u201d, dijo Cate al salir del \u00faltimo partido que jug\u00f3 con la selecci\u00f3n el viernes dos de agosto.<\/p>\n<p>Si la patria llama, Ana Cate espera volver en 2017 a Nicaragua para jugar una vez m\u00e1s con su selecci\u00f3n nica por la que atraviesa medio mundo para enfundarse a azul y blanco con el siete en la espalda.<\/p>\n<figure id=\"attachment_32868\" aria-describedby=\"caption-attachment-32868\" style=\"width: 700px\" class=\"wp-caption aligncenter\"><a href=\"\/wp-content\/uploads\/2017\/01\/Acr1393272546201612310.jpg\"><img loading=\"lazy\" decoding=\"async\" class=\"wp-image-32868 size-full\" src=\"\/wp-content\/uploads\/2017\/01\/Acr1393272546201612310.jpg\" alt=\"Ana Cate Aguilar\" width=\"700\" height=\"467\" srcset=\"https:\/\/d1xxa24wwackpg.cloudfront.net\/wp-content\/uploads\/2017\/01\/07151140\/Acr1393272546201612310.jpg 700w, https:\/\/d1xxa24wwackpg.cloudfront.net\/wp-content\/uploads\/2017\/01\/07151140\/Acr1393272546201612310.jpg 300w\" sizes=\"(max-width: 700px) 100vw, 700px\" \/><\/a><figcaption id=\"caption-attachment-32868\" class=\"wp-caption-text\">Ana lider\u00f3 la Selecci\u00f3n Nacional Femenina de Futbol en la Eliminatoria Preol\u00edmpica. Nicaragua no clasific\u00f3, perdi\u00f3 dos a uno frente a Guatemala. El gol de honor lo conect\u00f3 Cate.<\/figcaption><\/figure>\n<h4>En el campo<\/h4>\n<p>Juega con la Selecci\u00f3n Nacional de Futbol Femenina desde 2010, durante juegos especiales a los que es convocada. Particip\u00f3 con el equipo en Eliminatoria Preol\u00edmpica de septiembre pasado.<br \/>\nEn 2014 se convirti\u00f3 en la primera nicarag\u00fcense en jugar profesionalmente en Europa, al fichar con el FH (Fimleikafelag Hafnarfj\u00f6r\u00f0ur) de la Primera Divisi\u00f3n de Islandia.<\/p>\n<p>Para 2015 es fichada por el Stjarnan Gardabaer campe\u00f3n de la Primera Divisi\u00f3n de Islandia y es titular en su posici\u00f3n en los primeros dos partidos, marc\u00f3 su primer gol con el club y realiz\u00f3 una asistencia.<\/p>\n<p>352<br \/>\nminutos jug\u00f3 este a\u00f1o en Liga de Campeones durante cinco partidos.<br \/>\n20<br \/>\nes el puesto que ocupa la Selecci\u00f3n femenina de futbol de Islandia en el Ranking FIFA.<\/p>\n","protected":false},"excerpt":{"rendered":"<p>Ana Cate Aguilar se convirti\u00f3 en agosto de este a\u00f1o en la primera jugadora nicarag\u00fcense en la Liga de Campeones Femenina de la UEFA. Naci\u00f3 en Estados Unidos, pero se siente tan nica que desde el 2010 viste la azul y blanco con la Selecci\u00f3n Nacional Femenina de Futbol<\/p>\n","protected":false},"author":5,"featured_media":32870,"comment_status":"open","ping_status":"open","sticky":false,"template":"","format":"standard","meta":{"_acf_changed":false,"footnotes":""},"categories":[26],"tags":[],"class_list":["post-31284","post","type-post","status-publish","format-standard","has-post-thumbnail","hentry","category-reportajes"],"acf":[],"_links":{"self":[{"href":"https:\/\/staging.laprensanic.com\/magazine\/wp-json\/wp\/v2\/posts\/31284","targetHints":{"allow":["GET"]}}],"collection":[{"href":"https:\/\/staging.laprensanic.com\/magazine\/wp-json\/wp\/v2\/posts"}],"about":[{"href":"https:\/\/staging.laprensanic.com\/magazine\/wp-json\/wp\/v2\/types\/post"}],"author":[{"embeddable":true,"href":"https:\/\/staging.laprensanic.com\/magazine\/wp-json\/wp\/v2\/users\/5"}],"replies":[{"embeddable":true,"href":"https:\/\/staging.laprensanic.com\/magazine\/wp-json\/wp\/v2\/comments?post=31284"}],"version-history":[{"count":7,"href":"https:\/\/staging.laprensanic.com\/magazine\/wp-json\/wp\/v2\/posts\/31284\/revisions"}],"predecessor-version":[{"id":44650,"href":"https:\/\/staging.laprensanic.com\/magazine\/wp-json\/wp\/v2\/posts\/31284\/revisions\/44650"}],"wp:featuredmedia":[{"embeddable":true,"href":"https:\/\/staging.laprensanic.com\/magazine\/wp-json\/wp\/v2\/media\/32870"}],"wp:attachment":[{"href":"https:\/\/staging.laprensanic.com\/magazine\/wp-json\/wp\/v2\/media?parent=31284"}],"wp:term":[{"taxonomy":"category","embeddable":true,"href":"https:\/\/staging.laprensanic.com\/magazine\/wp-json\/wp\/v2\/categories?post=31284"},{"taxonomy":"post_tag","embeddable":true,"href":"https:\/\/staging.laprensanic.com\/magazine\/wp-json\/wp\/v2\/tags?post=31284"}],"curies":[{"name":"wp","href":"https:\/\/api.w.org\/{rel}","templated":true}]}}