{"id":31301,"date":"2015-10-11T13:10:53","date_gmt":"2015-10-11T19:10:53","guid":{"rendered":"https:\/\/www.magazine.com.ni\/?p=31301"},"modified":"2021-01-21T13:58:08","modified_gmt":"2021-01-21T19:58:08","slug":"el-galan-de-la-radio","status":"publish","type":"post","link":"https:\/\/staging.laprensanic.com\/magazine\/reportajes\/el-galan-de-la-radio\/","title":{"rendered":"El gal\u00e1n de la radio"},"content":{"rendered":"<p style=\"text-align: center;\">Las mujeres enloquec\u00edan con Jos\u00e9 Dibb McConnell.<br \/>\n\u00c9l era el h\u00e9roe intr\u00e9pido, el amante apasionado o el gal\u00e1n conquistador. Era la voz viril de Nicaragua. Era la cara de la \u00e9poca de oro de la radiodifusi\u00f3n. Era homosexual<\/p>\n<p style=\"text-align: center;\"><strong>Por Ulises Huete<\/strong><\/p>\n<p>La programaci\u00f3n habitual de Radio Mundial se interrumpe de manera abrupta. Una voz sorprendida da la siguiente noticia: Jos\u00e9 Dibb McConnell, el mejor primer actor de radionovelas de Nicaragua, ha muerto. Un sordo crujir de cristal roto sienten dentro del pecho las radioescuchas. En las casas, calles, abarroter\u00edas, almacenes, zapater\u00edas, mercados, barber\u00edas, parques, sastrer\u00edas, tiendas, como una cargacerrada, se repite el terrible hecho. Un lamento simult\u00e1neo, como el s\u00fabito vuelo de una bandada de palomas asustadas, se levanta entre todas las fan\u00e1ticas de las radionovelas: \u00a1Albertico Limonta se muri\u00f3! \u00a1Kadir el \u00e1rabe se nos fue!<\/p>\n<p>La varonil voz de McConnell encend\u00eda la imaginaci\u00f3n de miles de devotas de las radionovelas, era una tea en la oscurana de las vidas mon\u00f3tonas y estrechas de las amas de casa de la Nicaragua de los a\u00f1os cincuenta y mediados de los sesenta. Cuando McConnell actuaba detr\u00e1s del micr\u00f3fono, su bronc\u00ednea dicci\u00f3n encarnaba a galanes enamorados, como Albertico Limonta, protagonista de <em>El derecho de nacer<\/em>, o intr\u00e9pidos aventureros, como Kadir el \u00e1rabe, entre otros personajes. Pero de un trancazo todos esos h\u00e9roes se esfumaron de las ondas hertzianas la ma\u00f1ana del s\u00e1bado 18 de septiembre de 1965.<\/p>\n<p>El Dr. Danilo Aguirre, veterano periodista y exdirector de <em>El Nuevo Diario<\/em>, ten\u00eda en esa \u00e9poca 25 a\u00f1os y trabajaba como reportero en los programas Radio Informaciones y La Verdad, que se transmit\u00edan en Radio Mundial. Al recordar ese d\u00eda, cuenta que llevaron el f\u00e9retro de McConnell al escenario de la radio para velarlo. El lugar se llen\u00f3 totalmente con los admiradores que desfilaron d\u00eda y noche junto al ata\u00fad para ver por \u00faltima vez al gal\u00e1n de galanes de la imaginaci\u00f3n femenina del momento. \u201cLa programaci\u00f3n de la radio repet\u00eda, con parlantes afuera, los di\u00e1logos de las novelas que hab\u00eda protagonizado y el programa de zarzuelas que hab\u00eda conducido\u201d, relata el Dr. Aguirre.<\/p>\n<p>Francisco Mart\u00ednez, t\u00edo del actor, en una nota publicada en LA PRENSA declara que entr\u00f3 en la habitaci\u00f3n de McConnell a las ocho de la ma\u00f1ana, con el prop\u00f3sito de despertarlo para avisarle que lo estaban llamando con insistencia de la radio y lo encontr\u00f3 muerto, acostado en la cama, vestido para salir a la calle pero sin zapatos. En la misma nota se lee: \u201cLas causas de su muerte no han sido perfectamente establecidas, pero el m\u00e9dico forense dijo que pudo haberse debido a un paro cardiaco o a una intoxicaci\u00f3n medicosa\u201d. Sin embargo, \u00bfqu\u00e9 le provoc\u00f3 ese paro o esa intoxicaci\u00f3n? \u00bfEsa fue en verdad la causa de su muerte?<\/p>\n<p>Ese mismo d\u00eda en la tarde, el cortejo f\u00fanebre sali\u00f3 de Radio Mundial hacia el Cementerio General bajo un cielo nublado, a tono con la tristeza popular. En aquel entonces, la radio quedaba en la Quinta Avenida, que era parte del barrio San Sebasti\u00e1n. El Dr. Aguirre recuerda que el pueblo se desbord\u00f3 de manera espont\u00e1nea para acompa\u00f1ar a su \u00eddolo. Lleg\u00f3 m\u00e1s gente que a los entierros de Somoza Garc\u00eda en 1956, Emiliano Chamorro y Ren\u00e9 Schick, ambos en 1966. Fue un sepelio apote\u00f3sico, sin comparaci\u00f3n, afirma Aguirre.<\/p>\n<p>El f\u00e9retro iba en el centro del cortejo. Delante, el elenco femenino del cuadro dram\u00e1tico de la radio. A ambos lados, escolt\u00e1ndolo, los compa\u00f1eros de trabajo de la radio: actores, periodistas, t\u00e9cnicos, personal administrativo, entre otros. Atr\u00e1s, la multitud de seguidores de McConnell, personas realmente compungidas por el repentino apag\u00f3n de esa voz cercana que se met\u00eda todas las noches en sus hogares para darles forma a sus anhelos de amor y aventuras. El entierro avanz\u00f3 por la Avenida Roosevelt y sigui\u00f3 en la Calle 15 de Septiembre rumbo al cementerio. En ese momento se desencaden\u00f3 un aguacero.<\/p>\n<p>Los habitantes de las casas aleda\u00f1as empezaron a repartir guaro entre los participantes de la procesi\u00f3n doliente. De mano en mano circulaban las botellas y los vasos. Al cabo de un rato y muchos tragos, la gente empez\u00f3 a exaltarse. La multitud se abalanz\u00f3 sobre el f\u00e9retro queri\u00e9ndolo bajar del carro f\u00fanebre. Un compa\u00f1ero de trabajo de McConnell, tambi\u00e9n ebrio, se abri\u00f3 paso entre la muchedumbre y se mont\u00f3 a horcajadas sobre el ata\u00fad, queriendo impedir semejante desmadre. Pero la gente baj\u00f3 el ata\u00fad, lo agit\u00f3 con fuerza y lanz\u00f3 al jinete por los aires. El orden del cortejo se disolvi\u00f3, ahora el ata\u00fad iba entre los hombros de la multitud.<\/p>\n<p>La lluvia amaina. Unas dos cuadras antes de entrar al cementerio, una de las actrices se desmaya. Gente a su alrededor la asiste hasta que se restablece. M\u00e1s adelante, otra actriz, tambi\u00e9n desfallecida, atendida y de nuevo en pie. Luego, otra ca\u00edda histri\u00f3nica, de nuevo el auxilio y arriba. La multitud prosigue entre vivas al muerto. El Dr. Aguirre recuerda: \u201cEl f\u00e9retro de McConnell entr\u00f3 por la puerta del Cementerio General sobre las olas de la muchedumbre\u201d. El gent\u00edo deposit\u00f3 el ata\u00fad en la fosa, mientras declamaba, cantaba y lloraba sin consuelo la partida de la mayor celebridad de las radionovelas en Nicaragua. \u201cEse fue el entierro, en los a\u00f1os que me ha tocado ver funerales en Nicaragua, m\u00e1s grande y lleno de ribetes absolutamente surrealistas\u201d, concluye el Dr. Aguirre.<\/p>\n<figure id=\"attachment_32121\" aria-describedby=\"caption-attachment-32121\" style=\"width: 700px\" class=\"wp-caption aligncenter\"><a href=\"\/wp-content\/uploads\/2016\/12\/Acr13932725462016-11376.jpg\"><img fetchpriority=\"high\" decoding=\"async\" class=\"wp-image-32121 size-full\" src=\"\/wp-content\/uploads\/2016\/12\/Acr13932725462016-11376.jpg\" alt=\"Jos\u00e9 Dibb McConnell\" width=\"700\" height=\"478\" srcset=\"https:\/\/d1xxa24wwackpg.cloudfront.net\/wp-content\/uploads\/2016\/12\/07151915\/Acr13932725462016-11376.jpg 700w, https:\/\/d1xxa24wwackpg.cloudfront.net\/wp-content\/uploads\/2016\/12\/07151915\/Acr13932725462016-11376.jpg 300w\" sizes=\"(max-width: 700px) 100vw, 700px\" \/><\/a><figcaption id=\"caption-attachment-32121\" class=\"wp-caption-text\">Era un hombre de una masculinidad impresionante y una voz varonil que no se ha registrado en la radio, afirman quienes lo conocieron.<\/figcaption><\/figure>\n<blockquote>\n<p style=\"text-align: center;\">\u201cEra un actor extraordinario, dif\u00edcilmente encontrado en la radio de Am\u00e9rica Latina, no existe una voz ni un temperamento como el de McConnell, y yo conozco desde Buenos Aires hasta M\u00e9xico y Espa\u00f1a\u201d.<\/p>\n<p style=\"text-align: center;\">Fabio Gadea, empresario radial.<\/p>\n<\/blockquote>\n<p style=\"text-align: center;\">***<\/p>\n<p>Jos\u00e9 Dibb McConnell naci\u00f3 en Jinotega el 24 de diciembre de 1927. Sus padres fueron Chucrei Dibb y Eva McConnell, descendientes de ingleses. Debut\u00f3 a los 17 a\u00f1os en la radio La Voz de la Victoria imitando a Jorge Negrete. Luego lo contrataron en la radio La Voz de la Am\u00e9rica Central, all\u00ed particip\u00f3 en la obra El Gran Teatro Forhans, que le empez\u00f3 a dar cierto reconocimiento p\u00fablico. Posteriormente, Radio Mundial lo llam\u00f3 a \u00e9l y a otros talentos de La Voz de la Am\u00e9rica Central para hacer un cuadro dram\u00e1tico para las radionovelas que tanto \u00e9xito alcanzar\u00edan entre los radioescuchas.<\/p>\n<p>Fabio Gadea, reconocido locutor y empresario radial, cuenta que conoci\u00f3 a McConnell en 1948 cuando lleg\u00f3 a trabajar a La Voz de la Am\u00e9rica Central. \u201cEra un actor extraordinario, dif\u00edcilmente encontrado en la radio de Am\u00e9rica Latina, no existe una voz ni un temperamento como el de McConnell, y yo conozco desde Buenos Aires hasta M\u00e9xico y Espa\u00f1a\u201d, dice enf\u00e1tico Gadea. En esa \u00e9poca tambi\u00e9n laboraban all\u00ed Rodolfo Arana, Orlando Meza, Sof\u00eda Montiel, Martha Cansino, Zela Lacayo, Mamerto Mart\u00ednez y el maestro Julio C\u00e9sar Sandoval, entre otros talentos.<\/p>\n<p>En los a\u00f1os 50 Managua era una peque\u00f1a ciudad que comenzaba en el Cementerio General y terminaba en La Aviaci\u00f3n, cuya pista de aterrizaje quedaba donde ahora se ubica Ciudad Jard\u00edn. Las radionovelas se sintonizaban a las seis de la tarde. Si alguien caminaba a esa hora por las calles, escuchaba en la mayor\u00eda de las casas el volumen alto de las radios con las interpretaciones y los sonidos ambientes de las historias. Las familias se reun\u00edan frente a la radio como lo hacen ahora ante el televisor. \u201cLas amas de casa y las muchachas eran las que m\u00e1s escuchaban las radionovelas\u201d, afirma Gadea.<\/p>\n<p>Una de las radionovelas de mayor \u00e9xito en Nicaragua fue El derecho de nacer, escrita por el cubano F\u00e9lix B. Caignet. La historia trata de una mujer que se embaraza y el padre de ella se opone al nacimiento del ni\u00f1o. Cuando este nace, la mujer lo da en adopci\u00f3n a una mujer humilde que lo educa hasta que se convierte en un exitoso m\u00e9dico. \u201cCuando pasamos El derecho de nacer, mandaban cartas y vestiditos para el ni\u00f1o que iba a nacer, hasta un Mois\u00e9s le mandaron, as\u00ed era la gente\u201d, cuenta Gadea entre risas. Ese ni\u00f1o se llamaba Albertico Limonta y la interpretaci\u00f3n de este personaje adulto la hizo McConnell.<\/p>\n<p>Seg\u00fan Gadea, las actuaciones de radio son m\u00e1gicas porque permiten que las personas se imaginen a los personajes, las situaciones y los ambientes, en cambio, en la televisi\u00f3n todo se da hecho. En aquellos a\u00f1os la televisi\u00f3n todav\u00eda no le hab\u00eda quitado el protagonismo a la radio y esta era el centro del entretenimiento medi\u00e1tico popular. El cuadro dram\u00e1tico de Radio Mundial se volvi\u00f3 famoso, la gente sent\u00eda que los conoc\u00eda personalmente, aunque solo hab\u00edan escuchado sus voces. \u201cNosotros \u00e9ramos popular\u00edsimos, una vez llegamos a Radio Sport de Granada y parec\u00edamos artistas de cine como nos recibieron, pena me daba cuando me ped\u00edan aut\u00f3grafos, esa era la \u00e9poca de la radionovela\u201d, recuerda emocionado Gadea.<\/p>\n<p>McConnell era la estrella de la far\u00e1ndula radiof\u00f3nica que brillaba m\u00e1s alto. Durante la primera transmisi\u00f3n de El derecho de nacer ocurri\u00f3 un incidente. A mitad del desarrollo de la historia McConnell renunci\u00f3. Manuel Arana Valle, gerente de Radio Mundial, trat\u00f3 de persuadirlo para que no se fuera, pero no logr\u00f3 convencerlo. Entonces pusieron a Jos\u00e9 Castillo Osejo a interpretar a Albertico Limonta. Cuando la gente escuch\u00f3 que la voz no era de McConnell, se arm\u00f3 un revuelo. Empezaron a llamar a la radio para reclamar, la gente estaba inconforme, no era lo mismo, quer\u00edan a McConnell. Sin embargo, entre protestas del p\u00fablico, Castillo Osejo termin\u00f3 la interpretaci\u00f3n de esa transmisi\u00f3n. McConnell renunci\u00f3 porque Arana Valle no le dio un aumento salarial que hab\u00eda solicitado.<\/p>\n<p>Al tiempo, Arana Valle le hizo una oferta a McConnell y este volvi\u00f3 a Radio Mundial. En esa \u00e9poca comenz\u00f3 su programa de zarzuelas, lo nombraron director del cuadro dram\u00e1tico y le permitieron escoger al elenco que har\u00eda la segunda transmisi\u00f3n de El derecho de nacer. Estaba en la plenitud de su carrera, su fama era nacional, nadie le disputaba el t\u00edtulo de primer actor de radio, pero McConnell ten\u00eda otros planes m\u00e1s ambiciosos para desarrollar toda su capacidad art\u00edstica.<\/p>\n<div id='gallery-1' class='gallery galleryid-31301 gallery-columns-3 gallery-size-thumbnail'><figure class='gallery-item'>\n\t\t\t<div class='gallery-icon portrait'>\n\t\t\t\t<a href='https:\/\/staging.laprensanic.com\/magazine\/reportajes\/el-galan-de-la-radio\/attachment\/acr13932725462016-28491\/'><img decoding=\"async\" width=\"150\" height=\"150\" src=\"https:\/\/d1xxa24wwackpg.cloudfront.net\/wp-content\/uploads\/2016\/12\/07151911\/Acr13932725462016-28491.jpg\" class=\"attachment-thumbnail size-thumbnail\" alt=\"Eva McConnell\" aria-describedby=\"gallery-1-32124\" srcset=\"https:\/\/d1xxa24wwackpg.cloudfront.net\/wp-content\/uploads\/2016\/12\/07151911\/Acr13932725462016-28491.jpg 150w, https:\/\/d1xxa24wwackpg.cloudfront.net\/wp-content\/uploads\/2016\/12\/07151911\/Acr13932725462016-28491.jpg 600w, https:\/\/d1xxa24wwackpg.cloudfront.net\/wp-content\/uploads\/2016\/12\/07151911\/Acr13932725462016-28491.jpg 24w, https:\/\/d1xxa24wwackpg.cloudfront.net\/wp-content\/uploads\/2016\/12\/07151911\/Acr13932725462016-28491.jpg 48w, https:\/\/d1xxa24wwackpg.cloudfront.net\/wp-content\/uploads\/2016\/12\/07151911\/Acr13932725462016-28491.jpg 96w\" sizes=\"(max-width: 150px) 100vw, 150px\" \/><\/a>\n\t\t\t<\/div>\n\t\t\t\t<figcaption class='wp-caption-text gallery-caption' id='gallery-1-32124'>\n\t\t\t\tEva McConnell, madre de Jos\u00e9 Dibb.\n\t\t\t\t<\/figcaption><\/figure><figure class='gallery-item'>\n\t\t\t<div class='gallery-icon landscape'>\n\t\t\t\t<a href='https:\/\/staging.laprensanic.com\/magazine\/reportajes\/el-galan-de-la-radio\/attachment\/acr1393272546201615654\/'><img decoding=\"async\" width=\"150\" height=\"150\" src=\"https:\/\/d1xxa24wwackpg.cloudfront.net\/wp-content\/uploads\/2016\/12\/07151909\/Acr1393272546201615654.jpg\" class=\"attachment-thumbnail size-thumbnail\" alt=\"Jos\u00e9 Dibb McConell\" aria-describedby=\"gallery-1-32125\" srcset=\"https:\/\/d1xxa24wwackpg.cloudfront.net\/wp-content\/uploads\/2016\/12\/07151909\/Acr1393272546201615654.jpg 150w, https:\/\/d1xxa24wwackpg.cloudfront.net\/wp-content\/uploads\/2016\/12\/07151909\/Acr1393272546201615654.jpg 24w, https:\/\/d1xxa24wwackpg.cloudfront.net\/wp-content\/uploads\/2016\/12\/07151909\/Acr1393272546201615654.jpg 48w, https:\/\/d1xxa24wwackpg.cloudfront.net\/wp-content\/uploads\/2016\/12\/07151909\/Acr1393272546201615654.jpg 96w\" sizes=\"(max-width: 150px) 100vw, 150px\" \/><\/a>\n\t\t\t<\/div>\n\t\t\t\t<figcaption class='wp-caption-text gallery-caption' id='gallery-1-32125'>\n\t\t\t\tJos\u00e9 Dibb le gustaba ir al cine, al que asist\u00eda varias veces a la semana.\n\t\t\t\t<\/figcaption><\/figure><figure class='gallery-item'>\n\t\t\t<div class='gallery-icon landscape'>\n\t\t\t\t<a href='https:\/\/staging.laprensanic.com\/magazine\/reportajes\/el-galan-de-la-radio\/attachment\/acr13932725462016-13031\/'><img loading=\"lazy\" decoding=\"async\" width=\"150\" height=\"150\" src=\"https:\/\/d1xxa24wwackpg.cloudfront.net\/wp-content\/uploads\/2016\/12\/07151907\/Acr13932725462016-13031.jpg\" class=\"attachment-thumbnail size-thumbnail\" alt=\"Jos\u00e9 Dibb McConell\" aria-describedby=\"gallery-1-32126\" srcset=\"https:\/\/d1xxa24wwackpg.cloudfront.net\/wp-content\/uploads\/2016\/12\/07151907\/Acr13932725462016-13031.jpg 150w, https:\/\/d1xxa24wwackpg.cloudfront.net\/wp-content\/uploads\/2016\/12\/07151907\/Acr13932725462016-13031.jpg 24w, https:\/\/d1xxa24wwackpg.cloudfront.net\/wp-content\/uploads\/2016\/12\/07151907\/Acr13932725462016-13031.jpg 48w, https:\/\/d1xxa24wwackpg.cloudfront.net\/wp-content\/uploads\/2016\/12\/07151907\/Acr13932725462016-13031.jpg 96w\" sizes=\"(max-width: 150px) 100vw, 150px\" \/><\/a>\n\t\t\t<\/div>\n\t\t\t\t<figcaption class='wp-caption-text gallery-caption' id='gallery-1-32126'>\n\t\t\t\tTen\u00eda muy buena relaci\u00f3n con sus compa\u00f1eras del cuadro dram\u00e1tico.\n\t\t\t\t<\/figcaption><\/figure><figure class='gallery-item'>\n\t\t\t<div class='gallery-icon landscape'>\n\t\t\t\t<a href='https:\/\/staging.laprensanic.com\/magazine\/reportajes\/el-galan-de-la-radio\/attachment\/acr13932725462016-31124\/'><img loading=\"lazy\" decoding=\"async\" width=\"150\" height=\"150\" src=\"https:\/\/d1xxa24wwackpg.cloudfront.net\/wp-content\/uploads\/2016\/12\/07151905\/Acr13932725462016-31124.jpg\" class=\"attachment-thumbnail size-thumbnail\" alt=\"Jos\u00e9 Dibb McConell\" aria-describedby=\"gallery-1-32127\" srcset=\"https:\/\/d1xxa24wwackpg.cloudfront.net\/wp-content\/uploads\/2016\/12\/07151905\/Acr13932725462016-31124.jpg 150w, https:\/\/d1xxa24wwackpg.cloudfront.net\/wp-content\/uploads\/2016\/12\/07151905\/Acr13932725462016-31124.jpg 24w, https:\/\/d1xxa24wwackpg.cloudfront.net\/wp-content\/uploads\/2016\/12\/07151905\/Acr13932725462016-31124.jpg 48w, https:\/\/d1xxa24wwackpg.cloudfront.net\/wp-content\/uploads\/2016\/12\/07151905\/Acr13932725462016-31124.jpg 96w\" sizes=\"(max-width: 150px) 100vw, 150px\" \/><\/a>\n\t\t\t<\/div>\n\t\t\t\t<figcaption class='wp-caption-text gallery-caption' id='gallery-1-32127'>\n\t\t\t\tLa adaptaci\u00f3n al teatro de El derecho de nacer que escrib\u00eda Jos\u00e9 Dibb al morir se perdi\u00f3 en el terremoto de 1972.\n\t\t\t\t<\/figcaption><\/figure><figure class='gallery-item'>\n\t\t\t<div class='gallery-icon landscape'>\n\t\t\t\t<a href='https:\/\/staging.laprensanic.com\/magazine\/reportajes\/el-galan-de-la-radio\/attachment\/acr1393272546201611030\/'><img loading=\"lazy\" decoding=\"async\" width=\"150\" height=\"150\" src=\"https:\/\/d1xxa24wwackpg.cloudfront.net\/wp-content\/uploads\/2016\/12\/07151913\/Acr1393272546201611030.jpg\" class=\"attachment-thumbnail size-thumbnail\" alt=\"Jos\u00e9 Dibb McConell\" aria-describedby=\"gallery-1-32123\" srcset=\"https:\/\/d1xxa24wwackpg.cloudfront.net\/wp-content\/uploads\/2016\/12\/07151913\/Acr1393272546201611030.jpg 150w, https:\/\/d1xxa24wwackpg.cloudfront.net\/wp-content\/uploads\/2016\/12\/07151913\/Acr1393272546201611030.jpg 600w, https:\/\/d1xxa24wwackpg.cloudfront.net\/wp-content\/uploads\/2016\/12\/07151913\/Acr1393272546201611030.jpg 24w, https:\/\/d1xxa24wwackpg.cloudfront.net\/wp-content\/uploads\/2016\/12\/07151913\/Acr1393272546201611030.jpg 48w, https:\/\/d1xxa24wwackpg.cloudfront.net\/wp-content\/uploads\/2016\/12\/07151913\/Acr1393272546201611030.jpg 96w\" sizes=\"(max-width: 150px) 100vw, 150px\" \/><\/a>\n\t\t\t<\/div>\n\t\t\t\t<figcaption class='wp-caption-text gallery-caption' id='gallery-1-32123'>\n\t\t\t\tComo director del cuadro dram\u00e1tico de Radio Mundial fue muy exigente con los actores y actrices.\n\t\t\t\t<\/figcaption><\/figure>\n\t\t<\/div>\n\n<p style=\"text-align: center;\">***<\/p>\n<p>Joaqu\u00edn Absal\u00f3n Pastora, veterano periodista, actor de radio y columnista musical, en su libro <em>Medio siglo de radio<\/em> cuenta que su hermana Soledad siendo una adolescente aspiraba a ser declamadora y se inscribi\u00f3 en un programa radial dominical. Un d\u00eda se encontr\u00f3 con McConnell en la radio y qued\u00f3 prendada de su personalidad y talento. Al regresar a casa ella le cont\u00f3 a su pap\u00e1 que hab\u00eda conocido al hombre de su vida, pero el se\u00f1or le aclar\u00f3 que desistiera de cualquier esperanza porque McConnell era homosexual. Soledad qued\u00f3 at\u00f3nita y no regres\u00f3 a la radio.<\/p>\n<p>\u201c\u00c9l se enorgullec\u00eda de ser homosexual, en esa \u00e9poca era un delito, era mal visto, pero McConnell dec\u00eda que nunca hab\u00eda dejado el cl\u00f3set porque estaba en el sal\u00f3n de los homosexuales\u201d, refiere Pastora en una conversaci\u00f3n. El actor era admirador de Oscar Wilde, Federico Garc\u00eda Lorca, Piotr Ilyich Tchaikovski y otros c\u00e9lebres artistas homosexuales. Su preferencia sexual contrastaba con los papeles que representaba, con su voz y su porte. \u201cEra un hombre de una masculinidad impresionante, con una voz varonil que no se ha registrado en los anales de la radiodifusi\u00f3n\u201d, recuerda Pastora.<\/p>\n<p>Fabio Gadea lo retrata como un tipo simp\u00e1tico, que contaba chistes, bastante culto, lector de revistas, gran conversador y muy agradable. Recuerda que ten\u00eda cierto af\u00e1n de burlarse de la homosexualidad. Por ejemplo, cuando estaban todos reunidos en la Radio Mundial, de repente McConnell entraba marchando, parodiando una zarzuela espa\u00f1ola, La Gran V\u00eda, y cantaba: \u00a1Caballero de Gracia me llaman\/, Maric\u00f3n, y efectivamente soy as\u00ed\u2026! \u201cEsas jodederas de maricones las hac\u00eda \u00e9l mismo delante de nosotros\u201d, explica Gadea.<\/p>\n<p>Pastora menciona que McConnell ten\u00eda una cualidad, era muy respetuoso con sus compa\u00f1eros de la radio. \u00c9l era el director del cuadro dram\u00e1tico y no pod\u00eda estar jugando. Como director \u2014agrega Pastora\u2014, era muy riguroso, muy exigente en la actuaci\u00f3n. Una de sus exigencias era que hab\u00eda que ensayar antes de cada cap\u00edtulo. Pero el otro McConnell, una vez que se iba a la calle, era insoportable, ten\u00eda una doble personalidad.<\/p>\n<figure id=\"attachment_32122\" aria-describedby=\"caption-attachment-32122\" style=\"width: 700px\" class=\"wp-caption aligncenter\"><a href=\"\/wp-content\/uploads\/2016\/12\/Acr139327254620167642.jpg\"><img loading=\"lazy\" decoding=\"async\" class=\"wp-image-32122 size-full\" src=\"\/wp-content\/uploads\/2016\/12\/Acr139327254620167642.jpg\" alt=\"Jos\u00e9 Dibb McConell\" width=\"700\" height=\"514\" srcset=\"https:\/\/d1xxa24wwackpg.cloudfront.net\/wp-content\/uploads\/2016\/12\/07151914\/Acr139327254620167642.jpg 700w, https:\/\/d1xxa24wwackpg.cloudfront.net\/wp-content\/uploads\/2016\/12\/07151914\/Acr139327254620167642.jpg 300w\" sizes=\"(max-width: 700px) 100vw, 700px\" \/><\/a><figcaption id=\"caption-attachment-32122\" class=\"wp-caption-text\">\u00c9l se enorgullec\u00eda de ser homosexual, a pesar de que en esa \u00e9poca era mal visto.<\/figcaption><\/figure>\n<p style=\"text-align: center;\">***<\/p>\n<p>En 1956 se film\u00f3 en Nicaragua la pel\u00edcula mexicana Rapto al sol, dirigida por Fernando M\u00e9ndez y protagonizada por Evangelina Elizondo y Dagoberto Rodr\u00edguez. McConnell hizo un papel de reparto en esta pel\u00edcula. A partir de esta experiencia se propuso trabajar para dar el salto de la actuaci\u00f3n radiof\u00f3nica a la cinematogr\u00e1fica. Hizo varios viajes a M\u00e9xico donde contact\u00f3 al famoso actor Arturo de C\u00f3rdoba y a otras personas conectadas con el medio cinematogr\u00e1fico. Martha McConnell, hermana de Jos\u00e9 Dibb, recuerda que a su hermano le ofrecieron en M\u00e9xico varios trabajos para hacer locuciones, pero que \u00e9l rechaz\u00f3 porque su sue\u00f1o era conseguir un papel protag\u00f3nico en una pel\u00edcula mexicana.<\/p>\n<p>M\u00e9xico era su meca art\u00edstica. En uno de sus viajes consigui\u00f3 hacer un casting para participar en el proyecto de una pel\u00edcula. Pas\u00f3 varias pruebas pero le dijeron que ten\u00eda que bajar de peso para tener el aspecto adecuado para aspirar a un papel protag\u00f3nico, de gal\u00e1n, como eran los que sol\u00eda hacer en Nicaragua. A su regreso se impuso una dieta estricta que le hizo bajar de peso de forma r\u00e1pida. Al cabo de un mes sus compa\u00f1eros de trabajo notaron la brusca reducci\u00f3n de peso, pero \u00e9l les dijo que era parte de la preparaci\u00f3n que estaba haciendo para poder conseguir el papel.<\/p>\n<p>Antes de irse a M\u00e9xico, McConnell estaba terminando su participaci\u00f3n en una radionovela y estaba haciendo una adaptaci\u00f3n de El derecho de nacer para el teatro. Martha McConnell cuenta que la noche antes de su muerte \u00e9l le coment\u00f3 que sent\u00eda algunos malestares, entonces ella le dijo que descansara porque hab\u00eda estado trabajando mucho las \u00faltimas semanas. Su t\u00edo Francisco todav\u00eda escuch\u00f3 a altas horas de la noche el tecleo de la m\u00e1quina de escribir. Al d\u00eda siguiente lo encontraron muerto. Los forenses consultados por La Prensa en 1965 dijeron que la causa de su muerte pudo ser un paro cardiaco o una intoxicaci\u00f3n medicosa. En cambio, Martha McConnell aclara que fue una embolia cerebral. Una nota de La Prensa del 20 de septiembre, un d\u00eda despu\u00e9s de su multitudinario funeral, dice: Mujeres del pueblo lloran a McConnell.<\/p>\n<h4>Pies en la tierra<\/h4>\n<p>McConnell estuvo en la c\u00e1rcel antes de ser famoso. La causa fue que lo agarraron con marihuana. La noticia apareci\u00f3 en los peri\u00f3dicos de la \u00e9poca. Lo acusaron de traficante de drogas. En esa \u00e9poca el uso de drogas ilegales era un tab\u00fa. Despu\u00e9s que lo liberaron por gesti\u00f3n de su defensa, sali\u00f3 del pa\u00eds una temporada, pero luego regres\u00f3 y se gan\u00f3 el cari\u00f1o del pueblo.<\/p>\n<p>\u201cNo peleaba con nadie, era un hombre honrado, pagaba sus cuentas\u201d, afirma Fabio Gadea. McConnell era una persona muy apreciada por sus colegas de trabajo, tanto los actores como las actrices. Tambi\u00e9n en su barrio lo estimaban: \u201cNunca se le subieron los humos a la cabeza. Lo quer\u00edan los vecinos porque era un hombre muy bueno. Se acerc\u00f3 bastante al pueblo, no era vanidoso ni cre\u00eddo\u201d, recuerda su hermana Martha.<\/p>\n","protected":false},"excerpt":{"rendered":"<p>Las mujeres enloquec\u00edan con Jos\u00e9 Dibb McConnell. \u00c9l era el h\u00e9roe intr\u00e9pido, el amante apasionado o el gal\u00e1n conquistador. Era la voz viril de Nicaragua. Era la cara de la \u00e9poca de oro de la radiodifusi\u00f3n. Era homosexual.<\/p>\n","protected":false},"author":46,"featured_media":32134,"comment_status":"open","ping_status":"open","sticky":false,"template":"","format":"standard","meta":{"_acf_changed":false,"footnotes":""},"categories":[26],"tags":[],"class_list":["post-31301","post","type-post","status-publish","format-standard","has-post-thumbnail","hentry","category-reportajes"],"acf":[],"_links":{"self":[{"href":"https:\/\/staging.laprensanic.com\/magazine\/wp-json\/wp\/v2\/posts\/31301","targetHints":{"allow":["GET"]}}],"collection":[{"href":"https:\/\/staging.laprensanic.com\/magazine\/wp-json\/wp\/v2\/posts"}],"about":[{"href":"https:\/\/staging.laprensanic.com\/magazine\/wp-json\/wp\/v2\/types\/post"}],"author":[{"embeddable":true,"href":"https:\/\/staging.laprensanic.com\/magazine\/wp-json\/wp\/v2\/users\/46"}],"replies":[{"embeddable":true,"href":"https:\/\/staging.laprensanic.com\/magazine\/wp-json\/wp\/v2\/comments?post=31301"}],"version-history":[{"count":13,"href":"https:\/\/staging.laprensanic.com\/magazine\/wp-json\/wp\/v2\/posts\/31301\/revisions"}],"predecessor-version":[{"id":53219,"href":"https:\/\/staging.laprensanic.com\/magazine\/wp-json\/wp\/v2\/posts\/31301\/revisions\/53219"}],"wp:featuredmedia":[{"embeddable":true,"href":"https:\/\/staging.laprensanic.com\/magazine\/wp-json\/wp\/v2\/media\/32134"}],"wp:attachment":[{"href":"https:\/\/staging.laprensanic.com\/magazine\/wp-json\/wp\/v2\/media?parent=31301"}],"wp:term":[{"taxonomy":"category","embeddable":true,"href":"https:\/\/staging.laprensanic.com\/magazine\/wp-json\/wp\/v2\/categories?post=31301"},{"taxonomy":"post_tag","embeddable":true,"href":"https:\/\/staging.laprensanic.com\/magazine\/wp-json\/wp\/v2\/tags?post=31301"}],"curies":[{"name":"wp","href":"https:\/\/api.w.org\/{rel}","templated":true}]}}