{"id":31338,"date":"2017-01-04T16:35:10","date_gmt":"2017-01-04T22:35:10","guid":{"rendered":"https:\/\/www.magazine.com.ni\/?p=31338"},"modified":"2021-03-02T15:22:28","modified_gmt":"2021-03-02T21:22:28","slug":"el-angel-que-cayo-del-puente","status":"publish","type":"post","link":"https:\/\/staging.laprensanic.com\/magazine\/reportajes\/el-angel-que-cayo-del-puente\/","title":{"rendered":"El \u00e1ngel que cay\u00f3 del puente"},"content":{"rendered":"<p style=\"text-align: center;\">En julio pasado una noticia sacudi\u00f3 la opini\u00f3n p\u00fablica: un ni\u00f1o de 12 a\u00f1os, de padres nicarag\u00fcenses, fue encontrado bajo un puente en Guatemala luego que mareros lo tiraran por negarse a asesinar a un chofer. \u00bfQu\u00e9 pas\u00f3 realmente? En Magazine se lo contamos<\/p>\n<p style=\"text-align: center;\"><strong>Por Anagilmara V\u00edlchez Z.<\/strong><\/p>\n<p>La imagen es popular. \u00c1ngel tiene una sonrisa inconclusa y una camiseta roja. Frente a \u00e9l hay una cesta de piezas fritas de un desafortunado pollo. \u00c1ngel no posa. Las devora.<\/p>\n<p>Esta es la \u00faltima fotograf\u00eda familiar de \u00c1ngel. La tomaron antes de su muerte. Es tambi\u00e9n la foto que en su funeral colocaron sobre su f\u00e9retro blanco, es la foto que circul\u00f3 en las redes sociales y la que usaron los medios de comunicaci\u00f3n al hablar sobre el ni\u00f1o que, sin explicaci\u00f3n, desapareci\u00f3 de una escuela guatemalteca y que a los dos d\u00edas fue hallado, con un par de huesos rotos, golpes y fr\u00edo, entre la maleza que crece bajo el Puente Belice, erigido en una de las zonas m\u00e1s peligrosas de la ciudad de Guatemala. De c\u00f3mo \u00c1ngel Ariel Escalante P\u00e9rez lleg\u00f3 all\u00ed hay distintas versiones.<\/p>\n<p>Que los mareros lo tiraron desde el puente, es la oficial y m\u00e1s conocida. Que lo secuestraron del colegio y lo pusieron a elegir entre matar o morir y \u00e9l escogi\u00f3 la segunda. Que se resbal\u00f3, es otra de las hip\u00f3tesis. Tambi\u00e9n se dice que no hubo rapto, que \u00e9l quer\u00eda unirse a las pandillas y por eso se escap\u00f3 de clases. Esta \u00faltima para algunos resulta descabellada y sin sentido, tomando en cuenta que \u00c1ngel era t\u00edmido, correcto y nada pendenciero.<\/p>\n<p>Magazine convers\u00f3 con los padres de \u201cEl Ni\u00f1o H\u00e9roe\u201d \u2014como se le conoci\u00f3 en Guatemala\u2014, entrevist\u00f3 a periodistas que dieron cobertura al hecho y escarb\u00f3 en la informaci\u00f3n difundida sobre el caso para hilvanar un perfil de este ni\u00f1o guatemalteco que hoy es admirado por, supuestamente, rehusarse a ser una \u201cmascota\u201d m\u00e1s de las maras.<\/p>\n<p style=\"text-align: center;\">***<\/p>\n<p>\u201cCuando lo vi \u00e9l estaba como dormido, estaba con la boca abierta y con los ojos cerrados, lo primero que pens\u00e9 es que estaba muerto, entonces yo grit\u00e9 del dolor, de la desesperaci\u00f3n\u201d, recuerda Luis Escalante, de 41 a\u00f1os. Su hijo, \u00c1ngel Ariel, al escucharlo abri\u00f3 los ojos. \u201cEntonces me fui y lo abrac\u00e9 y lo jal\u00e9 conmigo, lo estrech\u00e9 en mi pecho, le pregunt\u00e9 qu\u00e9 hab\u00eda pasado y me dijo que se hab\u00eda golpeado cuando cay\u00f3, lo revis\u00e9 y ten\u00eda las piernas quebradas, estaba temblando de fr\u00edo, estaba empapado de agua, \u00e9l aguant\u00f3, no s\u00e9 si estuvo ah\u00ed 48 horas, 24 horas o cu\u00e1nto tiempo, pero cualquiera con el golpe de 125 metros de altura se hubiera muerto\u201d, cuenta.<\/p>\n<p>Lo hall\u00f3 el 18 de junio pasado. El 16 hab\u00eda desaparecido. Deb\u00eda regresar de la escuela Carlos Benjam\u00edn Paiz Ayala a las doce del mediod\u00eda. A la casa solo lleg\u00f3 su mochila. La maestra de sexto grado y la directora del colegio la llevaron con la noticia de que \u00e9l se hab\u00eda esfumado. \u201cComo nunca antes hab\u00eda sucedido nos alarm\u00f3 esa sorpresa que nos llev\u00f3\u201d, asegura Escalante.<\/p>\n<p>Ese martes lo buscaron hasta las ocho de la noche. Pensaron que tal vez se hab\u00eda ido a jugar con un \u201camiguito\u201d. Deambularon por las distintas zonas de la capital guatemalteca preguntando si alguien lo hab\u00eda visto.<\/p>\n<p>El mi\u00e9rcoles su padre anduvo en los lugares donde lo llevaban a divertirse: parques, centros comerciales&#8230; Lo busc\u00f3 cerca de la colonia y la escuela, fue a la casa de cada uno de sus compa\u00f1eros de clase, de sus amigos, incluso, siguiendo los consejos de un \u201cse\u00f1or\u201d que hab\u00eda pasado por una situaci\u00f3n semejante lleg\u00f3 a un sitio al que ni siquiera la polic\u00eda entra. La mala reputaci\u00f3n le queda chiquita. All\u00ed estuvo. En medio del caser\u00edo se top\u00f3 con los mareros. Lo interrogaron. \u201cQue qu\u00e9 hac\u00eda, que me saliera de all\u00ed. Con temor me toc\u00f3 salirme\u201d, recuerda.<\/p>\n<p>Al d\u00eda siguiente regres\u00f3. Los integrantes de las pandillas le salieron como cadejos. Que ya lo hab\u00edan visto, que por qu\u00e9 segu\u00eda llegando. \u201cCon un par de mentiras segu\u00ed caminando y avanc\u00e9 hasta llegar a la casa donde ellos hacen sus rituales, que es all\u00ed la casa que usan para descuartizar gente, pero estaba cerrada con cadenas y un port\u00f3n, me met\u00ed entre los montes y all\u00ed encontr\u00e9 al ni\u00f1o en medio de la maleza\u201d.<\/p>\n<div id='gallery-1' class='gallery galleryid-31338 gallery-columns-3 gallery-size-thumbnail'><figure class='gallery-item'>\n\t\t\t<div class='gallery-icon landscape'>\n\t\t\t\t<a href='https:\/\/staging.laprensanic.com\/magazine\/reportajes\/el-angel-que-cayo-del-puente\/attachment\/248-mag-guatemala-5\/'><img decoding=\"async\" width=\"150\" height=\"150\" src=\"https:\/\/d1xxa24wwackpg.cloudfront.net\/wp-content\/uploads\/2017\/01\/07151805\/248-MAG-Guatemala-5.jpg\" class=\"attachment-thumbnail size-thumbnail\" alt=\"FOTO CORTES\u00cdA ALBERTO CARDONA\" aria-describedby=\"gallery-1-32245\" srcset=\"https:\/\/d1xxa24wwackpg.cloudfront.net\/wp-content\/uploads\/2017\/01\/07151805\/248-MAG-Guatemala-5.jpg 150w, https:\/\/d1xxa24wwackpg.cloudfront.net\/wp-content\/uploads\/2017\/01\/07151805\/248-MAG-Guatemala-5.jpg 24w, https:\/\/d1xxa24wwackpg.cloudfront.net\/wp-content\/uploads\/2017\/01\/07151805\/248-MAG-Guatemala-5.jpg 48w, https:\/\/d1xxa24wwackpg.cloudfront.net\/wp-content\/uploads\/2017\/01\/07151805\/248-MAG-Guatemala-5.jpg 96w\" sizes=\"(max-width: 150px) 100vw, 150px\" \/><\/a>\n\t\t\t<\/div>\n\t\t\t\t<figcaption class='wp-caption-text gallery-caption' id='gallery-1-32245'>\n\t\t\t\tLa ca\u00edda desde el Puente Belice se calcula en 125 metros.\n\nFOTO CORTES\u00cdA ALBERTO CARDONA\n\t\t\t\t<\/figcaption><\/figure><figure class='gallery-item'>\n\t\t\t<div class='gallery-icon landscape'>\n\t\t\t\t<a href='https:\/\/staging.laprensanic.com\/magazine\/reportajes\/el-angel-que-cayo-del-puente\/attachment\/248-mag-guatemala-2\/'><img decoding=\"async\" width=\"150\" height=\"150\" src=\"https:\/\/d1xxa24wwackpg.cloudfront.net\/wp-content\/uploads\/2017\/01\/07151806\/248-MAG-Guatemala-2.jpg\" class=\"attachment-thumbnail size-thumbnail\" alt=\"FOTO CORTES\u00cdA ALBERTO CARDONA\" aria-describedby=\"gallery-1-32244\" srcset=\"https:\/\/d1xxa24wwackpg.cloudfront.net\/wp-content\/uploads\/2017\/01\/07151806\/248-MAG-Guatemala-2.jpg 150w, https:\/\/d1xxa24wwackpg.cloudfront.net\/wp-content\/uploads\/2017\/01\/07151806\/248-MAG-Guatemala-2.jpg 24w, https:\/\/d1xxa24wwackpg.cloudfront.net\/wp-content\/uploads\/2017\/01\/07151806\/248-MAG-Guatemala-2.jpg 48w, https:\/\/d1xxa24wwackpg.cloudfront.net\/wp-content\/uploads\/2017\/01\/07151806\/248-MAG-Guatemala-2.jpg 96w\" sizes=\"(max-width: 150px) 100vw, 150px\" \/><\/a>\n\t\t\t<\/div>\n\t\t\t\t<figcaption class='wp-caption-text gallery-caption' id='gallery-1-32244'>\n\t\t\t\t\u00c1ngel desapareci\u00f3 el 16 de junio. Fue encontrado por su padre entre la maleza dos d\u00edas despu\u00e9s.\n\nFOTO CORTES\u00cdA ALBERTO CARDONA\n\t\t\t\t<\/figcaption><\/figure><figure class='gallery-item'>\n\t\t\t<div class='gallery-icon landscape'>\n\t\t\t\t<a href='https:\/\/staging.laprensanic.com\/magazine\/reportajes\/el-angel-que-cayo-del-puente\/attachment\/248-mag-guatemala-6\/'><img decoding=\"async\" width=\"150\" height=\"150\" src=\"https:\/\/d1xxa24wwackpg.cloudfront.net\/wp-content\/uploads\/2017\/01\/07151804\/248-MAG-Guatemala-6.jpg\" class=\"attachment-thumbnail size-thumbnail\" alt=\"FOTO CORTES\u00cdA ALBERTO CARDONA\" aria-describedby=\"gallery-1-32246\" srcset=\"https:\/\/d1xxa24wwackpg.cloudfront.net\/wp-content\/uploads\/2017\/01\/07151804\/248-MAG-Guatemala-6.jpg 150w, https:\/\/d1xxa24wwackpg.cloudfront.net\/wp-content\/uploads\/2017\/01\/07151804\/248-MAG-Guatemala-6.jpg 24w, https:\/\/d1xxa24wwackpg.cloudfront.net\/wp-content\/uploads\/2017\/01\/07151804\/248-MAG-Guatemala-6.jpg 48w, https:\/\/d1xxa24wwackpg.cloudfront.net\/wp-content\/uploads\/2017\/01\/07151804\/248-MAG-Guatemala-6.jpg 96w\" sizes=\"(max-width: 150px) 100vw, 150px\" \/><\/a>\n\t\t\t<\/div>\n\t\t\t\t<figcaption class='wp-caption-text gallery-caption' id='gallery-1-32246'>\n\t\t\t\tEsta es una de las fotos del rescate de \u201cEl Ni\u00f1o H\u00e9roe\u201d. A\u00fan hablaba cuando lo hallaron. FOTO CORTES\u00cdA ALBERTO CARDONA\n\t\t\t\t<\/figcaption><\/figure>\n\t\t<\/div>\n\n<p style=\"text-align: center;\">***<\/p>\n<p>El Puente Belice es una gigantesca estructura de metal que une la carretera al Atl\u00e1ntico con la capital de Guatemala. A su par hay otra obra cuyos soportes parecen una r\u00e9plica de las patas largas y raqu\u00edticas de los elefantes surrealistas que Salvador Dal\u00ed pint\u00f3 en su obra La Tentaci\u00f3n de San Antonio.<\/p>\n<p>Al teclear \u201cPuente Belice Guatemala\u201d, en Google, seis de los primeros nueve resultados que muestra el buscador se refieren a \u00c1ngel Ariel Escalante P\u00e9rez, de 12 a\u00f1os.<\/p>\n<p>Mezclados con las im\u00e1genes del puente \u2014enclavado sobre un barranco en el que florecen casas de bloques, tenderos de ropa y basura\u2014 se cuelan las noticias sobre el caso.<\/p>\n<p>A simple vista esta podr\u00eda ser la historia de un ni\u00f1o que no quiso ser \u201cmascota\u201d de las maras.<\/p>\n<p>Las mascotas son infantes que las pandillas o \u201cclicas\u201d usan para cometer delitos. Son \u201corejas\u201d, emisarios de extorsiones y hasta asesinos.<\/p>\n<p>La Prensa Gr\u00e1fica de El Salvador, uno de los tres pa\u00edses centroamericanos m\u00e1s golpeados por la Mara Salvatrucha y el Barrio 18, recoge un censo en el que se estima \u201cque cada pandillero pod\u00eda tener una \u2018mascota\u2019\u201d. Estas son cifras del Ministerio de Justicia y Seguridad P\u00fablica de este pa\u00eds en el que se calcula que en el 2013 \u201chab\u00eda un estimado de 29,325 miembros de pandillas. Ese mismo estudio consign\u00f3 que la base social de las pandillas (incluyendo mascotas, colaboradores y familiares) llega hasta el medio mill\u00f3n de personas\u201d.<\/p>\n<p>En Guatemala, las estad\u00edsticas no son alentadoras. En octubre de ese mismo a\u00f1o, el viceministro de Prevenci\u00f3n y Ni\u00f1ez del Ministerio de Gobernaci\u00f3n, Arkel Ben\u00edtez, dijo a medios de comunicaci\u00f3n guatemaltecos que las maras \u201creclutaban a ni\u00f1os desde los 6 a\u00f1os para el transporte de drogas, armas y mensajes entre pandillas\u201d. Tambi\u00e9n pescan, a la fuerza o con incentivos como sexo o dinero, a adolescentes que luego ser\u00e1n forzados a cometer homicidios. Esto en un pa\u00eds donde la ley impone a los menores un m\u00e1ximo de seis a\u00f1os de privaci\u00f3n de libertad por cr\u00edmenes. La impunidad es uno de los mayores atractivos.<\/p>\n<p>Para el especialista nicarag\u00fcense en temas de seguridad, Roberto Orozco, \u201clas maras penetran el tejido social y cuando lo hacen tienen el control\u201d, y se funden con el territorio dominado. En esta din\u00e1mica los ni\u00f1os son los m\u00e1s vulnerables. Los cazan porque ven en ellos el relevo generacional de una hierba, que contrario al dicho, s\u00ed muere. Y pronto. \u201cEl promedio de vida (de un joven que se mete a las maras) es de 22, 23 a\u00f1os aproximadamente. Se alimentan de nuevos reclutas\u201d, asevera Orozco.<\/p>\n<p>El periodista de Guatevisi\u00f3n, Alberto Cardona, afirm\u00f3 v\u00eda telef\u00f3nica a Magazineque hay testigos que confirman que \u00c1ngel Ariel Escalante P\u00e9rez fue lanzado del Puente Belice por mareros. \u201cAl ni\u00f1o lo sacaron de la escuela, le dijeron a plena luz del d\u00eda que si quer\u00eda su vida ten\u00eda que asesinar a alguien porque si no lo iban a lanzar y \u00e9l prefiri\u00f3 que lo lanzaran del puente\u201d, dice. Este es el primer caso que se conoce de un menor que se reh\u00fasa a acatar las \u00f3rdenes de los pandilleros.<\/p>\n<p>\u201cHemos ido a ver detenciones desde los 8 a\u00f1os hasta los 15, 16 a\u00f1os. Ni\u00f1os y ni\u00f1as. Muchas veces esconden las armas en sus mochilas escolares (&#8230;) y los ni\u00f1os se arrepienten despu\u00e9s, y uno les pregunta \u00bfideay por qu\u00e9 lo hiciste? Y ellos dicen, \u2018no, es que mir\u00e1 si no iban a matar a mam\u00e1\u2019, \u2018no, es que mir\u00e1 que yo soy involucrado en las maras\u2019, \u2018no, es que mir\u00e1 que si no iban a asesinar a mi padre\u2019, entonces ese es como el modus operandi que est\u00e1n usando las pandillas en este tiempo\u201d, lamenta.<\/p>\n<p>Sus presas son principalmente de las \u201c\u00e1reas rojas\u201d de Guatemala. Seg\u00fan Cardona, la Zona 6, que es el lugar en el que \u00c1ngel viv\u00eda, es una de ellas debido al incremento de maras.<\/p>\n<p>\u201cUn guatemalteco no se atreve a andar a pie all\u00ed o sacar su celular o sacar dinero en efectivo porque es v\u00edctima de robo\u201d, explica.<\/p>\n<blockquote>\n<p style=\"text-align: center;\">\u201cYo creo que Dios ten\u00eda un prop\u00f3sito para \u00e9l muy grande porque estaba vivo\u201d.<\/p>\n<p style=\"text-align: center;\">Luis Escalante, padre de \u00c1ngel.<\/p>\n<\/blockquote>\n<figure id=\"attachment_32243\" aria-describedby=\"caption-attachment-32243\" style=\"width: 480px\" class=\"wp-caption aligncenter\"><a href=\"\/wp-content\/uploads\/2017\/01\/248-MAG-ArielFamilia-2.jpg\"><img loading=\"lazy\" decoding=\"async\" class=\"wp-image-32243 size-full\" src=\"\/wp-content\/uploads\/2017\/01\/248-MAG-ArielFamilia-2.jpg\" alt=\"Foto cortes\u00eda\" width=\"480\" height=\"480\" srcset=\"https:\/\/d1xxa24wwackpg.cloudfront.net\/wp-content\/uploads\/2017\/01\/07151807\/248-MAG-ArielFamilia-2.jpg 480w, https:\/\/d1xxa24wwackpg.cloudfront.net\/wp-content\/uploads\/2017\/01\/07151807\/248-MAG-ArielFamilia-2.jpg 150w, https:\/\/d1xxa24wwackpg.cloudfront.net\/wp-content\/uploads\/2017\/01\/07151807\/248-MAG-ArielFamilia-2.jpg 300w, https:\/\/d1xxa24wwackpg.cloudfront.net\/wp-content\/uploads\/2017\/01\/07151807\/248-MAG-ArielFamilia-2.jpg 24w, https:\/\/d1xxa24wwackpg.cloudfront.net\/wp-content\/uploads\/2017\/01\/07151807\/248-MAG-ArielFamilia-2.jpg 48w, https:\/\/d1xxa24wwackpg.cloudfront.net\/wp-content\/uploads\/2017\/01\/07151807\/248-MAG-ArielFamilia-2.jpg 96w\" sizes=\"(max-width: 480px) 100vw, 480px\" \/><\/a><figcaption id=\"caption-attachment-32243\" class=\"wp-caption-text\">\u00c1ngel era el segundo hijo de Claribel P\u00e9rez y Luis Escalante, ambos nicarag\u00fcenses. Foto cortes\u00eda<\/figcaption><\/figure>\n<p style=\"text-align: center;\">***<\/p>\n<p>\u201cArielito\u201d, como le dec\u00edan, siempre fue t\u00edmido. Tanto as\u00ed que una de sus maestras enviaba notas mencionando que \u201c\u00e9l era muy apartado\u201d y \u201cque quer\u00eda que se relacionara m\u00e1s con los ni\u00f1os\u201d, recuerda su mam\u00e1 Claribel P\u00e9rez.<\/p>\n<p>\u00c1ngel Ariel naci\u00f3 en Ciudad de Guatemala a las 11:44 p.m. de un viernes 22 de noviembre. Era el a\u00f1o 2002.<\/p>\n<p>Sus pap\u00e1s, Luis Escalante y Claribel P\u00e9rez, se conocieron en Guatemala en el 2000. Fue en una cafeter\u00eda, cuentan. \u00c9l hab\u00eda emigrado de Somotillo, municipio del departamento de Chinandega que tiene el puesto fronterizo con m\u00e1s flujo migratorio del norte del pa\u00eds, y ella de Managua. \u00c9l ten\u00eda 26 a\u00f1os. Ella 17.<\/p>\n<p>\u201cCuando nos conocimos habl\u00e1bamos y surgi\u00f3 la amistad. Comenzamos a platicar. A conocernos. Fue ah\u00ed cuando formamos pareja\u201d, menciona Escalante.<\/p>\n<p>Despu\u00e9s de Rudy, su primer hijo, lleg\u00f3 \u00c1ngel Ariel. Este \u00faltimo aprendi\u00f3 a leer en Nicaragua, pero curs\u00f3 la primaria en su pa\u00eds y \u201ccuando fue creciendo se fue poniendo m\u00e1s alegre, ya platicaba m\u00e1s con sus compa\u00f1eros, con las personas que no conoc\u00eda s\u00ed era t\u00edmido, callado, no era muy platicador, en la casa con nosotros bromeaba, jugaba con sus hermanos\u201d, asegura Claribel desde Guatemala.<\/p>\n<p>No era pendenciero, tampoco mal hablado. Le gustaban el futbol, la pizza hawaiana, la bachata y los videojuegos. Pero su pasi\u00f3n era otra. \u201cCualquier cosa pod\u00eda dibujar, incluso dej\u00f3 un cuaderno con muchos dibujos (\u2026) debido a eso \u00e9l dec\u00eda que quer\u00eda ser arquitecto\u201d, dice su mam\u00e1.<\/p>\n<p>Era \u201cmuy inteligente\u201d. Como letan\u00eda soltaba los nombres de diferentes futbolistas. Su familia guarda su camisa del Barcelona, su equipo favorito.<\/p>\n<p>A \u00e9l se le fugaban los abrazos. Cada d\u00eda al regresar del trabajo su mam\u00e1 sab\u00eda que la recibir\u00eda con uno. \u201cSal\u00eda y me abrazaba fuerte yo le dec\u00eda \u00a1qu\u00e9 fuerza la que ten\u00e9s! y a \u00e9l solo risa le daba, pero me abrazaba fuerte, fuerte\u201d, cuenta. \u201cNos hace mucha falta\u201d, lamenta. A Rudy, su hermano mayor, es a quien m\u00e1s le ha calado su muerte. Con \u00e9l peleaba, con \u00e9l dorm\u00eda, con \u00e9l com\u00eda. \u201cCasi todas las noches \u00e9l llora. Lo recuerda a cada d\u00eda. A cada minuto\u201d, recalca Claribel.<\/p>\n<p>El lunes 15 de junio \u00c1ngel falt\u00f3 a la escuela. Dijo que no encontraba un zapato y por eso no fue a clases. Esa misma noche su madre se encarg\u00f3 de revisar que cada prenda del uniforme estuviera lista y en orden. No quer\u00eda que lo rega\u00f1aran por otra ausencia.<\/p>\n<p>La ma\u00f1ana del 16 se despidieron como todos los d\u00edas. Se fue con una camisa gris, un su\u00e9ter corinto, un pantal\u00f3n azul y un par de tenis blancos. Con la misma ropa lo encontraron a los dos d\u00edas. Estaba descalzo.<\/p>\n<p>Claribel P\u00e9rez serv\u00eda almuerzos en su negocio de comidas cuando Luis Escalante la llam\u00f3 para contarle que lo hab\u00edan hallado. \u201cFijate que encontr\u00e9 al ni\u00f1o\u201d, le dijo. \u201cYo contenta le pregunt\u00e9 \u00bfc\u00f3mo est\u00e1?, \u00bfqu\u00e9 pas\u00f3? \u2018No, no es nada no te alarm\u00e9s\u2019, me asegur\u00f3. \u2018Lo van a ir a chequear al hospital\u2019\u201d, fue todo. Ella pens\u00f3 que ser\u00eda algo de rutina. En el Hospital General San Juan de Dios lo atendieron por golpes en el cerebro, infecci\u00f3n en los ri\u00f1ones, infecci\u00f3n en los pulmones, da\u00f1os en el h\u00edgado y un par de fracturas en las piernas. Los m\u00e9dicos lo indujeron al coma para que \u201clas c\u00e9lulas y neuronas se estabilicen y se regeneren\u201d, comunicaban medios guatemaltecos.<\/p>\n<p>\u00c1ngel no volvi\u00f3 a hablar. Pas\u00f3 18 d\u00edas internado. Unos eran malos. Otros no tanto. Hab\u00eda momentos en los que cre\u00edan que pod\u00eda mejorar. \u201cYo le dec\u00eda \u2018hijo aqu\u00ed estoy. Yo s\u00e9 que Dios va a levantarte de esa cama\u2019\u201d, refiere Claribel.<\/p>\n<p>El diario La Hora, el s\u00e1bado 4 de julio titulaba as\u00ed la noticia del deceso: \u201cIndignaci\u00f3n por muerte de ni\u00f1o hallado abajo de puente\u201d.<\/p>\n<p>A este peri\u00f3dico guatemalteco, Luis Moya, jefe de la Unidad de Cuidados Intensivos de la Secci\u00f3n de Pediatr\u00eda del Hospital San Juan de Dios, le dijo que \u201cel ni\u00f1o muri\u00f3 por insuficiencia org\u00e1nica m\u00faltiple y choque s\u00e9ptico\u201d.<\/p>\n<p>\u201cEl tiempo que pas\u00f3 sin atenci\u00f3n m\u00e9dica hace que las c\u00e9lulas sufran de manera irreversible por falta de ox\u00edgeno. Cuando llega al hospital y se inicia todo el tratamiento, las c\u00e9lulas se reactivan pero al estar tan carentes de ox\u00edgeno esa reactivaci\u00f3n las hace morir m\u00e1s r\u00e1pido (\u2026) Ser\u00eda como intentar volver a hidratar una planta que est\u00e1 casi marchita\u201d, explic\u00f3 el m\u00e9dico.<\/p>\n<p>A \u00c1ngel el coraz\u00f3n se le detuvo. Esa misma m\u00e1quina que lo mantuvo vivo entre la maleza desgre\u00f1ada no daba para m\u00e1s.<\/p>\n<p>Su pap\u00e1 se enter\u00f3 al regresar de comprar unos medicamentos que le hac\u00edan falta. Una enfermera fue quien le dijo: \u201cLleva 14 minutos de estar con el corazoncito parado y no responde, estamos haciendo todo lo posible\u201d. \u201cDiez minutos despu\u00e9s me dice que no se pudo hacer nada y que el ni\u00f1o muri\u00f3\u201d, recuerda Escalante. Cuando Claribel lleg\u00f3, a eso de las cuatro de la tarde, le informaron que su hijo ten\u00eda 20 minutos de haber fallecido.<\/p>\n<p style=\"text-align: center;\">\u201cLos ni\u00f1os lo extra\u00f1aron mucho los primeros d\u00edas, de hecho le grabaron un video cuando \u00e9l estaba en coma donde le mandaban a decir que lo necesitaban, que se recuperara pronto, que regresara pronto, pero lamentablemente no se pudo\u201d.<\/p>\n<p style=\"text-align: center;\">Luis Escalante, padre de \u00c1ngel.<\/p>\n<p style=\"text-align: center;\">***<\/p>\n<p>Ese mismo d\u00eda las redes se encendieron. \u201cFallece ni\u00f1o que prefiri\u00f3 morir que matar\u201d, \u201cMuere ni\u00f1o nica lanzado de puente por pandilleros\u201d, \u201cTriste retorno de \u00c1ngel Ariel Escalante a Nicaragua\u201d, fueron algunos de los titulares difundidos. Su foto y su historia una y otra vez eran compartidas, retuiteadas, comentadas. La comandante guerrillera, Dora Mar\u00eda T\u00e9llez, por ejemplo, public\u00f3 en su muro de Facebook el 9 de julio: \u201cMe ha conmovido profundamente su historia por muchas razones (\u2026) Pero lo que m\u00e1s me ha movido es su ejemplo de integridad, entereza, valor c\u00edvico y valor humano. Un ni\u00f1o que supo que deb\u00eda hacer lo correcto, que no pod\u00eda convertirse en asesino, a\u00fan a riesgo de su vida\u201d.<\/p>\n<p>\u201cEl Ni\u00f1o H\u00e9roe\u201d, le llamaron en Guatemala. Sali\u00f3 en los medios locales. Su noticia salt\u00f3 hasta Univisi\u00f3n. Se escribieron reportajes, notas informativas, art\u00edculos de opini\u00f3n en los que lo escog\u00edan como un ejemplo a seguir. En Nicaragua se le dio cobertura a su sepelio, pues su cuerpo fue enterrado en Somotillo, de donde es originario su pap\u00e1.<\/p>\n<p>\u201cEn el \u00e1mbito nacional la muerte de este ni\u00f1o gener\u00f3 la consternaci\u00f3n, molestia, de diferentes sectores (\u2026) gener\u00f3 m\u00e1s la molestia de la gente que est\u00e1 protestando, pidieron m\u00e1s vigilancia y el cese de la violencia\u201d, subraya Alberto Cardona, periodista desde hace 12 a\u00f1os en Guatevisi\u00f3n. Para \u00e9l las investigaciones pueden estancarse sobre todo porque \u201clas fuerzas del orden no se dan abasto con tanto pandillero\u201d. A lo que se le suma, explica Cardona, que la polic\u00eda est\u00e1 \u201ccansada\u201d y \u201cmolesta\u201d porque debido a los brotes de descontento ciudadano \u201cya tienen por lo menos tres meses de no tener vacaciones\u201d para poder contenerlos.<\/p>\n<p>Miles de manifestantes inundaron en meses pasados las plazas guatemaltecas para protestar contra la corrupci\u00f3n y la violencia. As\u00ed consiguieron la renuncia de la vicepresidenta, Roxana Baldetti, pero no es suficiente. Ahora quieren ver rodar la cabeza del presidente, Otto P\u00e9rez Molina.<\/p>\n<p>\u201cMientras lo sub\u00edamos cont\u00f3 que pandilleros le preguntaron \u00bfc\u00f3mo prefer\u00eda morir, si descuartizado o que lo lanzaran del puente? y este dijo que prefer\u00eda que lo lanzaran\u201d, declar\u00f3 a los medios de comunicaci\u00f3n el portavoz de los bomberos municipales Javier Soto. Lo dijo el d\u00eda que trasladaron a \u00c1ngel Ariel al hospital. La versi\u00f3n se hizo viral.<\/p>\n<p>Claribel P\u00e9rez no est\u00e1 convencida de que esa sea la verdad. \u201cLo \u00fanico que dice mi esposo que s\u00ed le dijo es que lo hab\u00edan tirado de arriba. No dijo qui\u00e9n, ni por qu\u00e9\u201d, aclara. \u201cSolo Dios sabe c\u00f3mo pasaron las cosas\u201d, insiste.<\/p>\n<p>Luis Escalante recuerda que su hijo le repet\u00eda que ten\u00eda fr\u00edo, hambre&#8230; \u201cy entonces los bomberos me dijeron que quer\u00edan hablar con \u00e9l, no s\u00e9 qu\u00e9 tanto le dir\u00eda a los bomberos, luego surgi\u00f3 todo lo que sali\u00f3 en las noticias (&#8230;) \u00bfPor qu\u00e9 no me lo dijo a m\u00ed para actuar? No s\u00e9 si lo amenazar\u00edan o qu\u00e9 pasar\u00eda\u201d.<\/p>\n<p>Claribel cree que tal vez \u00c1ngel se resbal\u00f3. Esa es una de las \u00faltimas hip\u00f3tesis. \u201cMi esposo fue el que se esmer\u00f3, el que busc\u00f3, el que encontr\u00f3, el que llam\u00f3, incluso los param\u00e9dicos no llegaban y cuando llegaron hicieron tanto drama como para darle tiempo a los medios que llegaran que mi esposo hasta los trat\u00f3 (\u2026) all\u00ed nadie avis\u00f3, nadie vio nada, nadie sabe nada, absolutamente nada\u201d, reclama.<\/p>\n<p>\u201cNadie se resbala de ah\u00ed\u201d, asevera el comunicador guatemalteco Alberto Cardona. \u00c9l cree que quiz\u00e1s la familia tiene miedo, pero que investigaciones period\u00edsticas demuestran \u201cque s\u00ed fueron las pandillas\u201d.<\/p>\n<p>La pareja Escalante-P\u00e9rez subraya que nunca recibi\u00f3 amenazas de nadie, pese a que Luis es comerciante y este gremio junto al sector transporte son los m\u00e1s extorsionados por las pandillas. \u201cEl d\u00eda que \u00e9l desaparece si me hubieran pedido dinero por el rescate del ni\u00f1o hubiera movido cielo y tierra para pagar, pero no pidieron por \u00e9l\u201d, dice Escalante.<\/p>\n<p>Hasta el cierre de esta edici\u00f3n de Magazineno hab\u00eda ning\u00fan detenido por el caso. Las interrogantes sobre todo se tejen alrededor de la escuela en la que \u00e9l cursaba el sexto grado de primaria.<\/p>\n<p>\u201cA la profesora yo no la vi con ninguna preocupaci\u00f3n\u201d, resalta Claribel. Cuando la maestra de su hijo, a quien solo conoce por \u201cSe\u00f1o Carla\u201d, fue cuestionada de c\u00f3mo se hab\u00eda escapado el ni\u00f1o del colegio ella supuestamente se \u201chizo la loca\u201d y se puso a platicar con otra persona. \u201cCuando yo estuve en el hospital nunca me mand\u00f3 un mensaje, nunca lleg\u00f3 a la casa (\u2026) en la escuela tienen n\u00fameros m\u00edos y nunca pregunt\u00f3 c\u00f3mo est\u00e1 \u00c1ngel\u201d, subraya.<\/p>\n<p>\u00bfUsted cree que ella estaba involucrada? \u201cYo no puedo juzgar a nadie pero para m\u00ed s\u00ed fue algo extra\u00f1o que ella no estuviera pendiente, algo sospechoso se podr\u00eda decir, que no llamara, que no mandara un mensaje. Para m\u00e1s la directora me mandaba diario un mensaje\u201d, enfatiza.<\/p>\n<blockquote>\n<p style=\"text-align: center;\">\u201cQuisiera que investigaran la escuela, a ver c\u00f3mo se sali\u00f3, de por qu\u00e9 nadie vio nada, con esa duda estoy\u201d.<\/p>\n<p style=\"text-align: center;\">Claribel P\u00e9rez, mam\u00e1 de \u00c1ngel.<\/p>\n<\/blockquote>\n<h4>\u00bfQu\u00e9 son las maras?<\/h4>\n<p>\u201cEl problema de las maras es que no son pandillas comunes, sino que saltan a un nivel de delincuencia m\u00e1s sofisticado, m\u00e1s refinado, m\u00e1s organizado\u201d, asegura el especialista nicarag\u00fcense en temas de seguridad Roberto Orozco.<\/p>\n<p>\u201cVivo por mi madre y muero por mi barrio\u201d, es el lema de las maras, un tipo de pandilla que se cultiv\u00f3 en Estados Unidos y ech\u00f3 ra\u00edces en los pa\u00edses del tri\u00e1ngulo norte de Centroam\u00e9rica.<\/p>\n<p>All\u00ed se dedican a extorsionar, asesinar, traficar drogas, armas, personas y dominar territorios. Las dos principales pandillas son la MS-13 y el Barrio 18.<\/p>\n<p>En El Salvador por ejemplo, cifras oficiales de un censo realizado en el 2012, revelan que hay al menos 60,000 pandilleros activos, que tienen \u201cuna red social adicional de 410,000 personas (familia, novias, ni\u00f1os)\u201d. Seg\u00fan el diario salvadore\u00f1o El Faro, esto representaba en aquel entonces casi el 10 por ciento de la poblaci\u00f3n de ese pa\u00eds.<\/p>\n<h4>Las \u201cmascotas\u201d de las maras<\/h4>\n<p><strong>22<\/strong><\/p>\n<p>menores, de enero a septiembre de 2013 fueron capturados y acusados de participar en homicidios en Guatemala.<br \/>\n<strong>50<\/strong><\/p>\n<p>asesinatos al a\u00f1o en Guatemala son atribuidos a ni\u00f1os, seg\u00fan cifras de Unicef.<br \/>\n<strong>1,500<\/strong><\/p>\n<p>\u201cmascotas\u201d guatemaltecas fueron detenidas en 2013 por delitos como tenencia de drogas, extorsi\u00f3n, violaci\u00f3n, robo y portaci\u00f3n ilegal de armas de fuego.<br \/>\n<strong>95<\/strong><\/p>\n<p>por ciento de los menores involucrados en delitos \u201cson pobres, con poca educaci\u00f3n y familia desintegrada. Las pandillas han hecho de ellos un brazo de la criminalidad\u201d, advirti\u00f3 a El Mundo, el subsecretario de Bienestar Social de la Presidencia de Guatemala, Enrique Lea.<br \/>\n<strong>50<\/strong><\/p>\n<p>mil y 100 mil integrantes es un estimado sobre el n\u00famero de ni\u00f1os y j\u00f3venes que integran las maras y pandillas.<\/p>\n<blockquote>\n<p style=\"text-align: center;\">\u201cAc\u00e1 en Guatemala es un poco dif\u00edcil que ese tipo de casos se resuelvan. Como hay tanto pandillero en tantas zonas, ataques y todo ya las fuerzas del orden no se dan abasto\u201d.<\/p>\n<p style=\"text-align: center;\">Alberto Cardona, periodista guatemalteco.<\/p>\n<\/blockquote>\n<div id=\"s3gt_translate_tooltip_mini\" class=\"s3gt_translate_tooltip_mini_box\" style=\"background: initial !important; border: initial !important; border-radius: initial !important; border-spacing: initial !important; border-collapse: initial !important; direction: ltr !important; flex-direction: initial !important; font-weight: initial !important; height: initial !important; letter-spacing: initial !important; min-width: initial !important; max-width: initial !important; min-height: initial !important; max-height: initial !important; margin: auto !important; outline: initial !important; padding: initial !important; position: absolute; table-layout: initial !important; text-align: initial !important; text-shadow: initial !important; width: initial !important; word-break: initial !important; word-spacing: initial !important; overflow-wrap: initial !important; box-sizing: initial !important; display: initial !important; color: inherit !important; font-size: 13px !important; font-family: X-LocaleSpecific, sans-serif, Tahoma, Helvetica !important; line-height: 13px !important; vertical-align: top !important; white-space: inherit !important; left: 476px; top: 7825px; opacity: 0.05;\">\n<div id=\"s3gt_translate_tooltip_mini_logo\" class=\"s3gt_translate_tooltip_mini\" title=\"Traducir texto seleccionado\"><\/div>\n<div id=\"s3gt_translate_tooltip_mini_sound\" class=\"s3gt_translate_tooltip_mini\" title=\"Escuchar\"><\/div>\n<div id=\"s3gt_translate_tooltip_mini_copy\" class=\"s3gt_translate_tooltip_mini\" title=\"Copiar texto al Portapapeles\"><\/div>\n<\/div>\n","protected":false},"excerpt":{"rendered":"<p>En julio pasado una noticia sacudi\u00f3 la opini\u00f3n p\u00fablica: un ni\u00f1o de 12 a\u00f1os, de padres nicarag\u00fcenses, fue encontrado bajo un puente en Guatemala luego que mareros lo tiraran por negarse a asesinar a un chofer. \u00bfQu\u00e9 pas\u00f3 realmente? En Magazine se lo contamos<\/p>\n","protected":false},"author":46,"featured_media":32250,"comment_status":"open","ping_status":"open","sticky":false,"template":"","format":"standard","meta":{"_acf_changed":false,"footnotes":""},"categories":[26],"tags":[],"class_list":["post-31338","post","type-post","status-publish","format-standard","has-post-thumbnail","hentry","category-reportajes"],"acf":[],"_links":{"self":[{"href":"https:\/\/staging.laprensanic.com\/magazine\/wp-json\/wp\/v2\/posts\/31338","targetHints":{"allow":["GET"]}}],"collection":[{"href":"https:\/\/staging.laprensanic.com\/magazine\/wp-json\/wp\/v2\/posts"}],"about":[{"href":"https:\/\/staging.laprensanic.com\/magazine\/wp-json\/wp\/v2\/types\/post"}],"author":[{"embeddable":true,"href":"https:\/\/staging.laprensanic.com\/magazine\/wp-json\/wp\/v2\/users\/46"}],"replies":[{"embeddable":true,"href":"https:\/\/staging.laprensanic.com\/magazine\/wp-json\/wp\/v2\/comments?post=31338"}],"version-history":[{"count":18,"href":"https:\/\/staging.laprensanic.com\/magazine\/wp-json\/wp\/v2\/posts\/31338\/revisions"}],"predecessor-version":[{"id":53561,"href":"https:\/\/staging.laprensanic.com\/magazine\/wp-json\/wp\/v2\/posts\/31338\/revisions\/53561"}],"wp:featuredmedia":[{"embeddable":true,"href":"https:\/\/staging.laprensanic.com\/magazine\/wp-json\/wp\/v2\/media\/32250"}],"wp:attachment":[{"href":"https:\/\/staging.laprensanic.com\/magazine\/wp-json\/wp\/v2\/media?parent=31338"}],"wp:term":[{"taxonomy":"category","embeddable":true,"href":"https:\/\/staging.laprensanic.com\/magazine\/wp-json\/wp\/v2\/categories?post=31338"},{"taxonomy":"post_tag","embeddable":true,"href":"https:\/\/staging.laprensanic.com\/magazine\/wp-json\/wp\/v2\/tags?post=31338"}],"curies":[{"name":"wp","href":"https:\/\/api.w.org\/{rel}","templated":true}]}}