{"id":31793,"date":"2016-12-13T16:56:32","date_gmt":"2016-12-13T22:56:32","guid":{"rendered":"https:\/\/www.magazine.com.ni\/?p=31793"},"modified":"2016-12-13T17:07:57","modified_gmt":"2016-12-13T23:07:57","slug":"caballeros-a-lucirse","status":"publish","type":"post","link":"https:\/\/staging.laprensanic.com\/magazine\/collage\/caballeros-a-lucirse\/","title":{"rendered":"Caballeros a lucirse"},"content":{"rendered":"<p style=\"text-align: center;\"><strong>Marianela Lacayo<\/strong><br \/>\n<strong>Asesora de imagen<\/strong><\/p>\n<p>\u00bfCasual, formal o informal? Aunque tenga un look preferido, existen eventos en los que se requiere estar m\u00e1s presentable.<\/p>\n<p>Esta temporada de eventos y celebraciones puede optar por atuendos casuales de tendencia, sobre todo para las que no exijan un c\u00f3digo de vestimenta formal como puede ser la fiesta de Fin de A\u00f1o del trabajo o una boda.<\/p>\n<p>Primero, olv\u00eddese de llevar pantalones de mezclilla. Los pantalones de tela casual son los ideales, con corte recto y largo justo sobre el zapato o al tobillo, que es la tendencia con aire de los a\u00f1os cincuenta.<\/p>\n<p>Elija los colores neutros como el gris y azul oscuros o medios, para que pueda tener la opci\u00f3n de hacer m\u00e1s combinaciones. Pero tambi\u00e9n se llevan estampados con cuadros, raya ejecutiva y otros cl\u00e1sicos.<\/p>\n<p>La camisa casual, manga corta o manga larga con el pu\u00f1o recogido, pueden tener alg\u00fan motivo en su estampado discreto. Pruebe con colores fuera de los b\u00e1sicos, como el rojo vino, p\u00farpura, rosas, amarillo pastel, azul vivo o si le gusta m\u00e1s lo minimalista, lleve los tonos neutros blanco, gris, negro o azul oscuro.<\/p>\n<p>Tambi\u00e9n puede optar por camisas informales, como una polo de tela fina o camisetas cuello redondo lisas o con alg\u00fan gr\u00e1fico que lo identifique. Para complementar use un blazer casual o sport. Los zapatos casuales o formales se pueden llevar con calcetines que hagan juego con alg\u00fan color de la camisa o de forma cl\u00e1sica.<\/p>\n<p style=\"text-align: center;\">Modelo: Kenneth Mart\u00ednez, de Link Nicaragua.<br \/>\nVestuario: Henry Avil\u00e9s<br \/>\nPeinado y maquillaje: Juan Brenes Sal\u00f3n e instituto de alta peluquer\u00eda.<\/p>\n","protected":false},"excerpt":{"rendered":"<p>\u00bfCasual, formal o informal? La asesora de imagen Marianela Lacayo recomienda atuendos para eventos especiales.<\/p>\n","protected":false},"author":46,"featured_media":31801,"comment_status":"open","ping_status":"open","sticky":false,"template":"","format":"standard","meta":{"_acf_changed":false,"footnotes":""},"categories":[4],"tags":[72],"class_list":["post-31793","post","type-post","status-publish","format-standard","has-post-thumbnail","hentry","category-collage","tag-moda"],"acf":[],"_links":{"self":[{"href":"https:\/\/staging.laprensanic.com\/magazine\/wp-json\/wp\/v2\/posts\/31793","targetHints":{"allow":["GET"]}}],"collection":[{"href":"https:\/\/staging.laprensanic.com\/magazine\/wp-json\/wp\/v2\/posts"}],"about":[{"href":"https:\/\/staging.laprensanic.com\/magazine\/wp-json\/wp\/v2\/types\/post"}],"author":[{"embeddable":true,"href":"https:\/\/staging.laprensanic.com\/magazine\/wp-json\/wp\/v2\/users\/46"}],"replies":[{"embeddable":true,"href":"https:\/\/staging.laprensanic.com\/magazine\/wp-json\/wp\/v2\/comments?post=31793"}],"version-history":[{"count":3,"href":"https:\/\/staging.laprensanic.com\/magazine\/wp-json\/wp\/v2\/posts\/31793\/revisions"}],"predecessor-version":[{"id":31802,"href":"https:\/\/staging.laprensanic.com\/magazine\/wp-json\/wp\/v2\/posts\/31793\/revisions\/31802"}],"wp:featuredmedia":[{"embeddable":true,"href":"https:\/\/staging.laprensanic.com\/magazine\/wp-json\/wp\/v2\/media\/31801"}],"wp:attachment":[{"href":"https:\/\/staging.laprensanic.com\/magazine\/wp-json\/wp\/v2\/media?parent=31793"}],"wp:term":[{"taxonomy":"category","embeddable":true,"href":"https:\/\/staging.laprensanic.com\/magazine\/wp-json\/wp\/v2\/categories?post=31793"},{"taxonomy":"post_tag","embeddable":true,"href":"https:\/\/staging.laprensanic.com\/magazine\/wp-json\/wp\/v2\/tags?post=31793"}],"curies":[{"name":"wp","href":"https:\/\/api.w.org\/{rel}","templated":true}]}}