{"id":31817,"date":"2014-01-12T13:00:56","date_gmt":"2014-01-12T19:00:56","guid":{"rendered":"https:\/\/www.magazine.com.ni\/?p=31817"},"modified":"2021-06-12T14:56:45","modified_gmt":"2021-06-12T20:56:45","slug":"ciudades-hermanas","status":"publish","type":"post","link":"https:\/\/staging.laprensanic.com\/magazine\/reportajes\/ciudades-hermanas\/","title":{"rendered":"Ciudades hermanas"},"content":{"rendered":"<p style=\"text-align: center;\">Granada y Le\u00f3n se establecieron pronto como dos ciudades rivales que definieron la historia de Nicaragua y enfrentaron al pa\u00eds en guerras a pesar del cord\u00f3n umbilical que las une desde su nacimiento<\/p>\n<p style=\"text-align: center;\"><strong>Por Arlen Cerda y Tammy Zoad Mendoza<\/strong><\/p>\n<p>Un llano de montes erizos en la ribera del lago Xolotl\u00e1n y otro situado al oriente, en la ribera del lago Cocibolca, fueron para el conquistador espa\u00f1ol Francisco Hern\u00e1ndez de C\u00f3rdoba los sitios id\u00f3neos para fundar las ciudades de Le\u00f3n y Granada. Una, el centro pol\u00edtico de car\u00e1cter defensivo y expansivo de la colonia; la otra, un punto para buscar el desaguadero al mar y m\u00e1s tarde gran puerto comercial. Le\u00f3n y Granada iniciaron as\u00ed, hace ya casi 500 a\u00f1os, una vida en paralelo, que en lugar de complementarlas las enfrent\u00f3 al punto de conducir al pa\u00eds a una guerra civil en la nueva Rep\u00fablica.<\/p>\n<p>Magazine visit\u00f3 ambas ciudades para encontrar sus diferencias y semejanzas y prepar\u00f3 este especial sobre su historia, sus personajes, su arquitectura, sus destinos tur\u00edsticos y curiosidades.<\/p>\n<p>Francisco Hern\u00e1ndez de C\u00f3rdoba muri\u00f3 decapitado en 1526 por \u00f3rdenes de Pedrarias D\u00e1vila. Sus restos, menos la cabeza, fueron descubiertos en Le\u00f3n Viejo en el a\u00f1o 2000. En Granada, frente al malec\u00f3n, levantaron una estatua en su honor.<\/p>\n<p><strong>GRANADA, ALDEA SE\u00d1ORIAL<\/strong><\/p>\n<p>Un conjunto de casitas de ca\u00f1a y paja, como las que hab\u00edan visto al pasar por San Juan del Norte y San Carlos, a trav\u00e9s del r\u00edo San Juan, fue lo primero que el diplom\u00e1tico estadounidense George Epharim Squier, junto al dibujante James McDonough, notaron al llegar a Granada en 1849. Al bajar del barco, alguien debi\u00f3 darles la bienvenida a la ciudad de la que tanto hab\u00edan escuchado hablar, pero esta no parec\u00eda la misma que les hab\u00edan descrito.<\/p>\n<p>\u201cLas mujeres iban y ven\u00edan con bateas, legumbres, botellas y sinn\u00famero de otras compras en la cabeza&#8230; como tambi\u00e9n hombres con sombrero gacho y pantalones remangados hasta las rodillas, descalzos, o con caites, con su machete en la mano, arreando flaquitos caballos cargados, o que con un chuzo puyaban bueyes peque\u00f1os y recios uncidos a pesadas carretas de s\u00f3lidas ruedas de caoba\u201d, escribi\u00f3 Squier, en un relato que parece tratar no de una ciudad, sino de una simple aldea.<\/p>\n<p>Pero pasadas las casitas, comenzaron a notar las primeras casas de adobe sobre cimientos de piedra y entejadas.<\/p>\n<p>Los aleros de las casas volados hacia la calle para proteger las paredes de la lluvia y el sol, las aceras a uno o dos pies sobre el nivel del suelo y sus calles enladrilladas llamaron la atenci\u00f3n de Squier, mientras McDonough elaboraba grabados sobre los paisajes y rutina de sus habitantes.<\/p>\n<p>Por la misma calle que entonces llamaban de la playa y hoy se conoce como La Calzada, se puede observar el mismo tipo de casas que vio Squier, la mayor\u00eda ahora convertidas en tiendas, hoteles o restaurantes, que durante la mayor parte del d\u00eda y la noche tienden sus mesas y sillas para dar la bienvenida a la nutrida cantidad de turistas que visitan la ciudad, que reclama ser la meca tur\u00edstica del pa\u00eds por ser la m\u00e1s antigua de Am\u00e9rica en tierra firme.<\/p>\n<p>\u201cSi se piensa en la \u2018primera Granada\u2019 \u2014asegura el arquitecto e historiador granadino Fernando L\u00f3pez Guti\u00e9rrez\u2014, habr\u00eda que imagin\u00e1rsela como un n\u00facleo urbano iniciador, peque\u00f1o, con su plaza central, la fortaleza, el templo y las casas de los principales o autoridades a su alrededor\u201d, todas estas hechas con los materiales locales y en las condiciones naturales que le aportan a la ciudad una geograf\u00eda distante y distinta a la de Espa\u00f1a, pero con clara influencia de su arquitectura peninsular.<\/p>\n<p>Cuando John Baily visit\u00f3 Granada \u2014unos 12 a\u00f1os antes de Squier\u2014, la ciudad ten\u00eda unos diez mil habitantes y seg\u00fan sus relatos recogidos por el nicarag\u00fcense Jorge Eduardo Arellano, al ingl\u00e9s le pareci\u00f3 una ciudad con una ubicaci\u00f3n agradable por su \u201cbenigno\u201d clima y por su \u201cabundante suministro de todas las vituallas necesarias a precios baratos\u201d.<\/p>\n<p>Primero en el muelle y las plazas, y a\u00f1os m\u00e1s tarde desde las casas con una de sus numerosas puertas abiertas de par en par, quienes visitaban Granada hace cuatro o tres siglos y medio atr\u00e1s pod\u00edan comprar vinos, ropa, lencer\u00eda, pieles y ornamentos tra\u00eddos de Europa y Suram\u00e9rica, mientras en los barcos que llegaban al muelle se cargaban gallinas, ma\u00edz, tabaco, ganado, cuero, cacao y otros frutos que los hacendados granadinos exportaban, en la t\u00edpica rutina ajetreada de una ciudad puerto y centro comercial principal de Nicaragua, que se mantuvo durante a\u00f1os, aun cuando cesaron las comunicaciones fluidas a trav\u00e9s del r\u00edo que en Granada tambi\u00e9n conoc\u00edan como el Desaguadero.<\/p>\n<div id='gallery-1' class='gallery galleryid-31817 gallery-columns-3 gallery-size-thumbnail'><figure class='gallery-item'>\n\t\t\t<div class='gallery-icon landscape'>\n\t\t\t\t<a href='https:\/\/staging.laprensanic.com\/magazine\/reportajes\/ciudades-hermanas\/attachment\/acr5382725462016-11943\/'><img decoding=\"async\" width=\"150\" height=\"150\" src=\"https:\/\/d1xxa24wwackpg.cloudfront.net\/wp-content\/uploads\/2017\/01\/07151546\/Acr5382725462016-11943.jpg\" class=\"attachment-thumbnail size-thumbnail\" alt=\"Calle del Gran lago Granada, Nicaragua\" aria-describedby=\"gallery-1-32459\" srcset=\"https:\/\/d1xxa24wwackpg.cloudfront.net\/wp-content\/uploads\/2017\/01\/07151546\/Acr5382725462016-11943.jpg 150w, https:\/\/d1xxa24wwackpg.cloudfront.net\/wp-content\/uploads\/2017\/01\/07151546\/Acr5382725462016-11943.jpg 24w, https:\/\/d1xxa24wwackpg.cloudfront.net\/wp-content\/uploads\/2017\/01\/07151546\/Acr5382725462016-11943.jpg 48w, https:\/\/d1xxa24wwackpg.cloudfront.net\/wp-content\/uploads\/2017\/01\/07151546\/Acr5382725462016-11943.jpg 96w\" sizes=\"(max-width: 150px) 100vw, 150px\" \/><\/a>\n\t\t\t<\/div>\n\t\t\t\t<figcaption class='wp-caption-text gallery-caption' id='gallery-1-32459'>\n\t\t\t\tAunque sus calles originales fueron la Real y la Atravesada, la Calle del Gran Lago, o actual Calle La Calzada, siempre ha sido icono de la ajetreada vida granadina. Primero lo fue con el comercio y ahora lo es con el turismo. Esta foto del archivo de Carlos A. Bravo muestra la famosa calle a\u00fan sin pavimentar, en 1927.\n\t\t\t\t<\/figcaption><\/figure><figure class='gallery-item'>\n\t\t\t<div class='gallery-icon landscape'>\n\t\t\t\t<a href='https:\/\/staging.laprensanic.com\/magazine\/reportajes\/ciudades-hermanas\/attachment\/plaza-en-granada-general-walker-revisa-sus-tropas-escaneo-la-prensa\/'><img decoding=\"async\" width=\"150\" height=\"150\" src=\"https:\/\/d1xxa24wwackpg.cloudfront.net\/wp-content\/uploads\/2017\/01\/07151544\/Acr5382725462016-7797.jpg\" class=\"attachment-thumbnail size-thumbnail\" alt=\"plaza en granada -- general walker revisa sus tropas -- escaneo -- LA PRENSA\" aria-describedby=\"gallery-1-32463\" srcset=\"https:\/\/d1xxa24wwackpg.cloudfront.net\/wp-content\/uploads\/2017\/01\/07151544\/Acr5382725462016-7797.jpg 150w, https:\/\/d1xxa24wwackpg.cloudfront.net\/wp-content\/uploads\/2017\/01\/07151544\/Acr5382725462016-7797.jpg 24w, https:\/\/d1xxa24wwackpg.cloudfront.net\/wp-content\/uploads\/2017\/01\/07151544\/Acr5382725462016-7797.jpg 48w, https:\/\/d1xxa24wwackpg.cloudfront.net\/wp-content\/uploads\/2017\/01\/07151544\/Acr5382725462016-7797.jpg 96w\" sizes=\"(max-width: 150px) 100vw, 150px\" \/><\/a>\n\t\t\t<\/div>\n\t\t\t\t<figcaption class='wp-caption-text gallery-caption' id='gallery-1-32463'>\n\t\t\t\tUn grabado muestra a William Walker pasando revisi\u00f3n a sus tropas en la Plaza de Armas de la ciudad, que meses m\u00e1s tarde orden\u00f3 incendiar.\n\t\t\t\t<\/figcaption><\/figure><figure class='gallery-item'>\n\t\t\t<div class='gallery-icon landscape'>\n\t\t\t\t<a href='https:\/\/staging.laprensanic.com\/magazine\/reportajes\/ciudades-hermanas\/attachment\/acr53827254620168544\/'><img decoding=\"async\" width=\"150\" height=\"150\" src=\"https:\/\/d1xxa24wwackpg.cloudfront.net\/wp-content\/uploads\/2017\/01\/07151542\/Acr53827254620168544.jpg\" class=\"attachment-thumbnail size-thumbnail\" alt=\"La antigua Plaza de Armas, Granada\" aria-describedby=\"gallery-1-32464\" srcset=\"https:\/\/d1xxa24wwackpg.cloudfront.net\/wp-content\/uploads\/2017\/01\/07151542\/Acr53827254620168544.jpg 150w, https:\/\/d1xxa24wwackpg.cloudfront.net\/wp-content\/uploads\/2017\/01\/07151542\/Acr53827254620168544.jpg 24w, https:\/\/d1xxa24wwackpg.cloudfront.net\/wp-content\/uploads\/2017\/01\/07151542\/Acr53827254620168544.jpg 48w, https:\/\/d1xxa24wwackpg.cloudfront.net\/wp-content\/uploads\/2017\/01\/07151542\/Acr53827254620168544.jpg 96w\" sizes=\"(max-width: 150px) 100vw, 150px\" \/><\/a>\n\t\t\t<\/div>\n\t\t\t\t<figcaption class='wp-caption-text gallery-caption' id='gallery-1-32464'>\n\t\t\t\tLa antigua Plaza de Armas fue luego un importante centro en la vida comercial de la ciudad. El Parque Col\u00f3n, construido sobre ella, todav\u00eda lo es hoy.\n\t\t\t\t<\/figcaption><\/figure><figure class='gallery-item'>\n\t\t\t<div class='gallery-icon landscape'>\n\t\t\t\t<a href='https:\/\/staging.laprensanic.com\/magazine\/reportajes\/ciudades-hermanas\/attachment\/acr53827254620167859\/'><img loading=\"lazy\" decoding=\"async\" width=\"150\" height=\"150\" src=\"https:\/\/d1xxa24wwackpg.cloudfront.net\/wp-content\/uploads\/2017\/01\/07151539\/Acr53827254620167859.jpg\" class=\"attachment-thumbnail size-thumbnail\" alt=\"Donde hoy est\u00e1 construido el malec\u00f3n y centro tur\u00edstico de Granada\" aria-describedby=\"gallery-1-32466\" srcset=\"https:\/\/d1xxa24wwackpg.cloudfront.net\/wp-content\/uploads\/2017\/01\/07151539\/Acr53827254620167859.jpg 150w, https:\/\/d1xxa24wwackpg.cloudfront.net\/wp-content\/uploads\/2017\/01\/07151539\/Acr53827254620167859.jpg 24w, https:\/\/d1xxa24wwackpg.cloudfront.net\/wp-content\/uploads\/2017\/01\/07151539\/Acr53827254620167859.jpg 48w, https:\/\/d1xxa24wwackpg.cloudfront.net\/wp-content\/uploads\/2017\/01\/07151539\/Acr53827254620167859.jpg 96w\" sizes=\"(max-width: 150px) 100vw, 150px\" \/><\/a>\n\t\t\t<\/div>\n\t\t\t\t<figcaption class='wp-caption-text gallery-caption' id='gallery-1-32466'>\n\t\t\t\tDonde hoy est\u00e1 construido el malec\u00f3n y centro tur\u00edstico de Granada, sus pobladores sol\u00edan ir por agua, que luego acarreaban en carretas.\n\t\t\t\t<\/figcaption><\/figure>\n\t\t<\/div>\n\n<p style=\"text-align: center;\">***<\/p>\n<p>Con la ayuda de un indio nicarag\u00fcense, que los condujo directamente a la entrada del lago, y despu\u00e9s al centro de la ciudad de Granada, un grupo de noventa piratas al mando del corsario jamaiquino Juan David, fueron los primeros en saquear Granada, en junio de 1665.<\/p>\n<p>Jorge Eduardo Arellano asegura que de puerta en puerta, con la colaboraci\u00f3n del indio que se hac\u00eda pasar por limosnero, los piratas fueron pasando por cada casa, apretando la garganta de sus moradores para que les entregaran sus riquezas, hasta que las campanas dieron aviso de los bucaneros y ellos tuvieron que dejar la ciudad.<\/p>\n<p>El saqueo dur\u00f3 dos horas, pero la acci\u00f3n revel\u00f3 a Inglaterra el valor geogr\u00e1fico del lago de Granada e inici\u00f3 una serie de intentos para capturarlo y controlarlo, seg\u00fan el acad\u00e9mico y escritor que aclara en su libro <em>Granada: Aldea Se\u00f1orial<\/em> (1989) las incursiones piratas ocurridas en Granada entre 1665 y 1685.<\/p>\n<p>Desde el primer d\u00eda de los conquistadores en el sitio donde m\u00e1s tarde fundar\u00edan Granada, el oleaje de las aguas del lago era tan fuerte que ellos creyeron que este se trataba del mar. De ah\u00ed el Cocibolca se gan\u00f3 el t\u00edtulo de Mar Dulce, mientras el deseo por explorarlo y la b\u00fasqueda de su desaguadero marcaron el nacimiento de la segunda ciudad fundada en Nicaragua tras la conquista, y la \u00fanica que hoy se mantiene en su lugar de asentamiento original.<\/p>\n<p>Seg\u00fan el historiador granadino Jos\u00e9 Joaqu\u00edn Quadra, \u201cla raz\u00f3n de ser de esta ciudad de Granada fue su mar\u201d, pero admite que \u201ctambi\u00e9n constituy\u00f3 su ruina\u201d. Y Arellano agrega que desde un principio Granada se estableci\u00f3 como \u201cbase de exploraciones para consolidar el dominio hisp\u00e1nico hasta el descubrimiento o recorrido total del r\u00edo San Juan\u201d.<\/p>\n<p>Durante sus primeros 140 a\u00f1os de historia, Granada estableci\u00f3 su auge hegem\u00f3nico, alentado por el incremento del tr\u00e1fico comercial a trav\u00e9s del r\u00edo y tambi\u00e9n con la destrucci\u00f3n de Le\u00f3n, en una din\u00e1mica que contribuy\u00f3 a alimentar la rivalidad entre ambas ciudades hermanas.<\/p>\n<p>Sobre una llanura, a 62 metros sobre el nivel del mar, Granada contin\u00faa en su lugar original 490 a\u00f1os despu\u00e9s de su fundaci\u00f3n. Por sus calles sobresalen las fachadas planas de arcos rebajados en los vanos con otras majestuosas, decoradas con molduras y madera labrada en las puertas, cielorrasos, celos\u00edas y ventanas.<\/p>\n<p style=\"text-align: center;\">***<\/p>\n<p>El n\u00facleo original, establecido de Xalteva a oriente con sus casas de adobe y tejas de barro cocido, la Granada \u201centre arroyos apresada\u201d a la que le escribi\u00f3 poemas Pablo Antonio Cuadra, ahora se ha extendido por varias manzanas m\u00e1s y ya no cuenta con un \u00fanico par de calles, pero sus esquinas conservan las casas con sus esquinas achaflanadas que enfrentan sus puertas para formar peque\u00f1as plazas, o bien exhiben sus galer\u00edas y corredores exteriores, ofreciendo un rico paseo a sus visitantes.<\/p>\n<p>Ya no existen hoy los ind\u00edgenas replegados del sitio conocido como El Palenque hacia occidente, con sus casas dispersas y sus calles sin rayar. Todo el caser\u00edo de ca\u00f1a, cubierto de palma o paja hoy luce de adobe, concreto y unas pocas de taquezal, con sus fachadas simples de estilo colonial, o las muy recargadas de la inspiraci\u00f3n neocl\u00e1sica que lleg\u00f3 con la reconstrucci\u00f3n tras el incendio de 1856.<\/p>\n<p>Historiadores granadinos recuerdan como hace siglo y medio atr\u00e1s Granada a\u00fan estaba rodeada de monte agreste y \u00e1rboles frutales, y de c\u00f3mo en sus arroyos se pod\u00edan cazar conejos, guardatinajas y perdices.<\/p>\n<p>Unos 180 a\u00f1os atr\u00e1s, al guatemalteco Jos\u00e9 Batres Mont\u00fafar, los granadinos le parecieron \u201cgente en extremo hospitalaria, afable y obsequiosa (pues) todo el mundo viene a saludar a uno y a hablarle con familiaridad y cordialidad\u201d, y cont\u00f3 que \u201chay ideas de aristocracia ente los Lacayos, Espinosas, O\u2019Horanes, Chamorros y otros mil, afici\u00f3n al juego y a la chanza\u201d (pr\u00e1ctica de la burla o la broma recurrente).<\/p>\n<p>De ah\u00ed que este \u201cpr\u00f3digo encanto, gracia y gallard\u00eda, advertidas desde el siglo XVIII\u201d con todas las dem\u00e1s caracter\u00edsticas de la ciudad, valen para Arellano \u2014quien predomina entre los autores sobre la ciudad\u2014 la comparaci\u00f3n de Granada con una \u201caldea se\u00f1orial\u201d.<\/p>\n<figure id=\"attachment_32454\" aria-describedby=\"caption-attachment-32454\" style=\"width: 700px\" class=\"wp-caption aligncenter\"><a href=\"\/wp-content\/uploads\/2017\/01\/Acr538272546201617081.jpg\"><img loading=\"lazy\" decoding=\"async\" class=\"wp-image-32454 size-full\" src=\"\/wp-content\/uploads\/2017\/01\/Acr538272546201617081.jpg\" alt=\"Managua, Nicaragua. 12\/Noviembre\/2013. Granada. Jorge Torres\/ LA PRENSA.\" width=\"700\" height=\"540\" srcset=\"https:\/\/d1xxa24wwackpg.cloudfront.net\/wp-content\/uploads\/2017\/01\/07151548\/Acr538272546201617081.jpg 700w, https:\/\/d1xxa24wwackpg.cloudfront.net\/wp-content\/uploads\/2017\/01\/07151548\/Acr538272546201617081.jpg 300w\" sizes=\"(max-width: 700px) 100vw, 700px\" \/><\/a><figcaption id=\"caption-attachment-32454\" class=\"wp-caption-text\">La admirada arquitectura de Granada es el resultado de una ciudad que se ha levantado sobre sus restos, tras los saqueos piratas en la segunda mitad del siglo XVII y las llamas mercenarias de 1856, ofreciendo una mezcla de arquitectura colonial y neocl\u00e1sica, asegura el arquitecto granadino Fernando L\u00f3pez. Sus restauraciones y su importancia comercial siempre la hicieron m\u00e1s opulenta que su ciudad hermana.<\/figcaption><\/figure>\n<blockquote>\n<p style=\"text-align: center;\">***<\/p>\n<p style=\"text-align: center;\">\u201cEl cari\u00f1o de los antiguos chamorristas por Granada era grande y peculiar. Amaban a su principal ciudad como a una mujer\u201d.<\/p>\n<p style=\"text-align: center;\">William Walker,<\/p>\n<p style=\"text-align: center;\">filibustero norteamericano que orden\u00f3 incendiar la ciudad en noviembre de 1856.<\/p>\n<p style=\"text-align: center;\">***<\/p>\n<\/blockquote>\n<p><strong>SANTIAGO DE LOS CABALLEROS DE LE\u00d3N<\/strong><\/p>\n<p>En medio de aquel llano de montes erizos agitados por ventiscas y remolinos de polvo, se dibujaba una cuadr\u00edcula de casas marrones con techos de paja tostados por el sol. Una de ellas m\u00e1s grande que todas, con gruesos horcones de madera, paredes de barro con vigas de ca\u00f1a, dos puertas y un port\u00f3n que daba a la calle de tierra, como todos los pisos interiores. Ten\u00eda adem\u00e1s un ranch\u00f3n con corral delantero para los caballos y para que un guardia capeara los rayos del sol abrasador. Era la casa de Pedrarias D\u00e1vila en el Le\u00f3n de 1530.<\/p>\n<p>A\u00f1os atr\u00e1s hab\u00eda llegado a Imabite un grupo de espa\u00f1oles liderados por Francisco Hern\u00e1ndez de C\u00f3rdoba, capit\u00e1n de Conquista. Fue en 1524. Unos textos recogen que debi\u00f3 haber sido entre abril y junio, el d\u00eda de la Sant\u00edsima Trinidad, luego de Pentecost\u00e9s, pero historiadores como Carlos Mel\u00e9ndez aseguran que no fue hasta agosto que los espa\u00f1oles avanzaran a esta zona. De cualquier manera hab\u00edan encontrado lo que buscaban: un territorio accesible a la ruta del golfo de Fonseca y a las rutas terrestres al norte, un lugar privilegiado por su cercan\u00eda con una enorme fuente de agua y un punto estrat\u00e9gico para asentar la primera ciudad, centro pol\u00edtico y administrativo de la colonia espa\u00f1ola con prop\u00f3sitos expansionistas. Pero las tierras del cacique nagrandano ten\u00edan para ellos algo m\u00e1s valioso que el oro: numerosa y fuerte poblaci\u00f3n ind\u00edgena.<\/p>\n<p>En la ribera del Xolotl\u00e1n se asienta entonces un peque\u00f1o poblado espa\u00f1ol. Casas r\u00fasticas construidas con los materiales primitivos ind\u00edgenas (barro, zacate, ca\u00f1a) y la l\u00f3gica urban\u00edstica espa\u00f1ola, seg\u00fan textos del <em>Archivo de Indias<\/em> recopilado por Andr\u00e9s Vega Bola\u00f1os en la conocida Colecci\u00f3n Somoza. La iglesia como estructura central, una plaza principal y las viviendas del gobernador y los encomenderos en sus alrededores. Una villa en inicios pr\u00f3spera con suficientes alimentos y capacidad de fabricar, explotando la mano de obra ind\u00edgena, los art\u00edculos necesarios para establecerse de forma permanente y mantener los env\u00edos de oro y a\u00f1il a la Corona Espa\u00f1ola.<\/p>\n<p>A partir de entonces Hern\u00e1ndez de C\u00f3rdoba la bautiza como Le\u00f3n, un poblado espa\u00f1ol e ind\u00edgena en la ribera del Xolotl\u00e1n. Al igual que su gemela espa\u00f1ola, nacida de un campamento militar, escenario de guerras y punto de partida para m\u00e1s conquistas. De aqu\u00ed avanza al sur y funda ese mismo a\u00f1o la ciudad hermana de Granada como punto de comercio y finalmente Bruselas, que cay\u00f3 en decadencia hasta desaparecer.<\/p>\n<p>Pero Hern\u00e1ndez de C\u00f3rdoba no ver\u00eda crecer sus ciudades. Capturado en Granada y llevado hasta Le\u00f3n, fue asesinado y decapitado en 1526 en la plaza central por \u00f3rdenes de Pedrarias D\u00e1vila, gobernador y capit\u00e1n general de Castilla de Oro, por considerarlo un traidor. Y empez\u00f3 el dominio del primer gobernador de Nicaragua: Pedrarias D\u00e1vila.<\/p>\n<p>\u201cLe\u00f3n no solo es la primera ciudad fundada en Nicaragua, es tambi\u00e9n una muestra de la naturaleza del funcionamiento sociopol\u00edtico y econ\u00f3mico del pa\u00eds\u201d, expone Manuel Noguera, investigador leon\u00e9s.<\/p>\n<p>\u201cPedrarias fue el primer dictador del pa\u00eds que somet\u00eda y masacraba a los indios, se dan las primeras \u2018pi\u00f1atas\u2019 con las reparticiones de la encomienda que m\u00e1s que catolizar esclaviz\u00f3 a las poblaciones, desde entonces se gestan las primeras rivalidades entre los mismos grupos de la \u00e9lite que m\u00e1s adelante todos conoceremos como los timbucos y los calandracas. Conservadores y liberales\u201d, explica Noguera.<\/p>\n<p>El poder aniquilador de Pedrarias era tan fuerte como sus ambiciones, de modo que para su muerte en 1531, Le\u00f3n hab\u00eda empezado un desarrollo pujante y se hab\u00eda convertido en una ciudad m\u00e1s fuerte y mejor estructurada, ahora a base de tapia y con murallas para protegerse de incendios y ataques de los piquetes ind\u00edgenas en contra de la opresi\u00f3n.<\/p>\n<p style=\"text-align: center;\">***<\/p>\n<p>Orgullo catedralicio. Aires de intelectualidad. Intenso, hospitalario y campechano. Esto caracteriza al Le\u00f3n actual, seg\u00fan Manuel Noguera. Pero tambi\u00e9n tiene fama de agresivo, de mat\u00f3n, de revoltoso.<\/p>\n<p>No en vano los leoneses de anta\u00f1o participaron en levantamientos armados; desde los ind\u00edgenas que murieron aperreados por desobedecer \u00f3rdenes de conquistadores, y los que se sumaron al ej\u00e9rcito de Sandino en su guerra antintervencionista a finales de los a\u00f1os veinte, hasta los primeros liberales que iniciaron la vor\u00e1gine de las guerras civiles contra los conservadores. Incluso los leoneses que despu\u00e9s hicieron a un lado sus diferencias con los granadinos para librar a Nicaragua de los filibusteros en 1956 y los que a inicios de los setenta se armaron de nuevo, esta vez contra la dictadura de los Somoza, y fueron parte del triunfo de la Revoluci\u00f3n sandinista en 1979.<\/p>\n<p>\u201cLos leoneses han tenido un ejercicio de participaci\u00f3n riesgoso\u201d, se\u00f1ala Noguera. \u201cSi mandabas una carta al rey de Espa\u00f1a denunciando a las autoridades de aqu\u00ed ibas a tener problemas. La gente dorm\u00eda con los caballos ensillados porque ten\u00eda miedo a la represi\u00f3n, pero hac\u00eda sus denuncias. Eso cre\u00f3 un esp\u00edritu de acci\u00f3n en la sociedad que de una u otra forma se ha mantenido hasta ahora\u201d.<\/p>\n<figure id=\"attachment_32467\" aria-describedby=\"caption-attachment-32467\" style=\"width: 700px\" class=\"wp-caption aligncenter\"><a href=\"\/wp-content\/uploads\/2017\/01\/Acr53827254620161512.jpg\"><img loading=\"lazy\" decoding=\"async\" class=\"wp-image-32467 size-full\" src=\"\/wp-content\/uploads\/2017\/01\/Acr53827254620161512.jpg\" alt=\"Foto cortes\u00eda del Instituto de Historia de Nicaragua y Centroam\u00e9rica (Ihnca).\" width=\"700\" height=\"542\" srcset=\"https:\/\/d1xxa24wwackpg.cloudfront.net\/wp-content\/uploads\/2017\/01\/07151538\/Acr53827254620161512.jpg 700w, https:\/\/d1xxa24wwackpg.cloudfront.net\/wp-content\/uploads\/2017\/01\/07151538\/Acr53827254620161512.jpg 300w\" sizes=\"(max-width: 700px) 100vw, 700px\" \/><\/a><figcaption id=\"caption-attachment-32467\" class=\"wp-caption-text\">Orgullo catedralicio. La construcci\u00f3n del edificio inici\u00f3 en 1747 y desde su culminaci\u00f3n, en 1814, fue un punto de referencia no solo religioso, tambi\u00e9n arquitect\u00f3nico e hist\u00f3rico. Foto cortes\u00eda del Instituto de Historia de Nicaragua y Centroam\u00e9rica (Ihnca).<\/figcaption><\/figure>\n<p>Ejemplo de ello \u2014seg\u00fan \u00e9l\u2014, es la proclama de la Organizaci\u00f3n de Naciones Unidas para la Educaci\u00f3n, la Ciencia y la Cultura (Unesco) que nombr\u00f3 en 2011 Patrimonio de la Humanidad la Catedral de Le\u00f3n. \u201cAh\u00ed se movi\u00f3 todo el mundo, desde las mercaderas hasta los intelectuales. En Granada, en cambio, todav\u00eda se le da mucha importancia al abolengo, a la idea de los se\u00f1orones, los esfuerzos est\u00e1n m\u00e1s dispersos\u201d, sostiene.<\/p>\n<p style=\"text-align: center;\">***<\/p>\n<p>Un asesinato, una maldici\u00f3n y muchas calamidades acabaron con el viejo Le\u00f3n. Con la misma sa\u00f1a con que su abuelo Pedrarias mandaba a aperrear a los indios y que su padre Rodrigo de Contreras impon\u00eda su fuerza y voluntad, Hernando de Contreras lider\u00f3 el asesinato del obispo Antonio de Valdivieso, el primer m\u00e1rtir de la Iglesia muerto por defender los derechos humanos de los indios en Am\u00e9rica.<\/p>\n<p>Las frecuentes erupciones de su vecino, el volc\u00e1n Momotombo, el aumento del calor y la contaminaci\u00f3n progresiva del agua alimentaron el miedo de los pobladores convencidos de que todo se trataba de una maldici\u00f3n. El terremoto de 1610 termin\u00f3 de colapsar las estructuras y en un cabildo se decidi\u00f3 el \u00e9xodo de la poblaci\u00f3n a un punto m\u00e1s seguro.<\/p>\n<p>Sutiaba, la comunidad ind\u00edgena asentada a nueve leguas, fue el destino perfecto para continuar sus planes de conquista, vali\u00e9ndose siempre del sometimiento. Entonces empez\u00f3 la procesi\u00f3n de carretas e indios cargados con los ali\u00f1os. Treinta kil\u00f3metros hasta llegar a lo que hoy es el centro de la ciudad, de desde donde se traz\u00f3 la Calle Real, el corredor hist\u00f3rico que conectaba el pueblo de Sutiaba y con la ciudad. Pero en ese \u00e9xodo no todos se fueron al nuevo Le\u00f3n.<\/p>\n<p>\u201cAlgunas familias decidieron trasladarse a Granada en busca de prosperidad econ\u00f3mica, era la ciudad hermana que gozaba de buena salud econ\u00f3mica por su naturaleza de puerto, aunque tambi\u00e9n hubo migraciones a otras zonas como Las Segovias\u201d, cuenta Noguera, quien ha dedicado buena parte de su vida a estudiar la historia local.<\/p>\n<p>Para Manuel Noguera, no son las divisiones de las familias el origen de la rivalidad popular entre ambas ciudades, sino la divisi\u00f3n de los intereses como el fundamento de la formaci\u00f3n de dos facciones hist\u00f3ricas. La oligarqu\u00eda comercial de Granada y la agroexportadora de Le\u00f3n.<\/p>\n<p>\u201cAl inicio como no hab\u00eda un estado nacional fuerte, armaban a sus mozos y los echaban a pelear. Si yo era de las tropas liberales de caites, con una cintita roja, y aquel era un mozo con caites y machete con una cintita verde me mataba en una guerra fratricida\u201d, dice Noguera. \u201cLos dos pueblos eran v\u00edctimas de las pretensiones y pugnas de las dos facciones. En un tiempo mandaban unas y despu\u00e9s otras\u201d.<\/p>\n<p>Hermanos contra hermanos. Campesinos trabajadores de un lugar contra campesinos trabajadores de otro. El resentimiento tras cada pugna iba creciendo. Hered\u00e1ndose. Con el pasar del tiempo y las influencias de cada ciudad las facciones encontraron un fundamento ideol\u00f3gico que pon\u00eda nuevas banderas en la guerra: liberales y conservadoras. Calandracas y timbucos protagonizaron las cruentas guerras civiles del siglo XIX, que de no haber encontrado en el filibustero William Walker un enemigo com\u00fan, habr\u00edan terminado unos con otros.<\/p>\n<p style=\"text-align: center;\">***<\/p>\n<p>La Atenas de Centroam\u00e9rica. Ciudad Universitaria. Ciudad metropolitana. As\u00ed autoproclamaron los leoneses a su ciudad. Le\u00f3n fue capital de la provincia de Nicaragua que formaba parte de la Capitan\u00eda General de Guatemala (1540-1820), por ende aqu\u00ed resid\u00edan las autoridades coloniales y el lugar adquiri\u00f3 caracter\u00edsticas burocr\u00e1ticas. Luego la instalaci\u00f3n de la Di\u00f3cesis de Le\u00f3n, en 1531, reafirm\u00f3 su importancia. Pero fue con la formaci\u00f3n del Seminario Tridentino San Ram\u00f3n en 1680 que Le\u00f3n despunta en la ense\u00f1anza y alcanza su gloria m\u00e1xima como ciudad de letras y cultura a partir de 1812 con la fundaci\u00f3n de Universidad Nacional de Nicaragua (UNAN).<\/p>\n<p>Para entonces Le\u00f3n ya era una ciudad monumental. Coronada con la Insigne y Real Bas\u00edlica Catedral de la Asunci\u00f3n de la Bienaventurada Virgen Mar\u00eda, se extend\u00eda en bloques de casas uniformes, angostas y alargadas; de techos altos y de tejas para dar ventilaci\u00f3n y luz en esta ciudad embriagada por el sol.<\/p>\n<p>Adornaban entonces en los patios y llanos naranjos, icacos y granadas. Todav\u00eda cobijaba la sombra de frondosos aguacates, mara\u00f1ones y n\u00edsperos. Ol\u00eda a chocolate caliente servido en pocillos y a cosa de horno reci\u00e9n hecha. Se paseaban las mujeres en naguas, blusas y rebozos, muchos hombres vest\u00edan casi uniformados blancas cotonas. La gente ensombrerada caminando de aqu\u00ed para all\u00e1.<\/p>\n<p>\u201cSe sent\u00eda una ciudad se\u00f1orial, seminarista, universitaria y muy intelectual. Ese ambiente fue propicio para que germinara el liberalismo, mismo que rode\u00f3 a Rub\u00e9n Dar\u00edo de ideas progresistas y liberales\u201d, se\u00f1ala el doctor Carlos T\u00fcnnermann Bernheim.<\/p>\n<p>En el libro <em>Le\u00f3n de Nicaragua, campanario de Rub\u00e9n<\/em>, el abogado y escritor Mariano Fiallos Gil dice que \u201cla historia de Nicaragua es la historia de la rivalidad de dos ciudades: Le\u00f3n y Granada. Su encono, desde el comienzo de la colonizaci\u00f3n, nos ha producido sangre, destrucci\u00f3n, h\u00e9roes y verg\u00fcenza. Ya todo esto se ha dicho de sobra y la nueva juventud ha sabido comprender la insensatez de ese odio terrible. Pero, como es natural, los rescoldos de aquel fuego todav\u00eda quedan y la rivalidad se ha convertido, afortunadamente, en emulaci\u00f3n\u201d. T\u00fcnnermann coincide con \u00e9l, para \u00e9l no queda m\u00e1s que una rivalidad popular que se ha transformado m\u00e1s bien en una relaci\u00f3n de colaboraciones y aportes conjuntos al pa\u00eds.<\/p>\n<p style=\"text-align: center;\">***<\/p>\n<p>Muchos coinciden en que el Le\u00f3n intelectual y aguerrido qued\u00f3 atr\u00e1s, en los recuerdos y en la fama popular. En las fotos hist\u00f3ricas de la insurrecci\u00f3n popular o en los grabados del tiempo de la colonia. Ahora el lugar muta constantemente con la visita de extranjeros cheles enmochilados que le dan un nuevo rostro a la ciudad. En las mismas calles los leoneses que se pasean sin sombreros, ahora con ropas ligeras y un aire desenfadado como imponi\u00e9ndose entre la \u201cinvasi\u00f3n\u201d del comercio y el turismo. Aunque muchos \u201cmachaquen\u201d el ingl\u00e9s, vistan a lo Miami o, por el contrario, muy \u00e9tnicos, como para hacer juego y encontrar pareja o sexo entre los visitantes.<\/p>\n<p>\u201cLe\u00f3n tambi\u00e9n est\u00e1 sufriendo la influencia del turismo, pero hay unos cuantos elementos que procuran mantener el esp\u00edritu leon\u00e9s. Todav\u00eda hay leoneses que son due\u00f1os de sus propios hoteles, la gente se siente orgullosa de la historia, aunque la intelectualidad es cosa del pasado. Somos un llano seco y caluroso, pero hospitalario. Guardando las diferencias, Granada y Le\u00f3n son ciudades tur\u00edsticas que viven de su importancia hist\u00f3rica y mientras las \u00e9lites se entienden, a nivel popular algunos alimentan prejuicios obsoletos y rid\u00edculos que al final solo provocan da\u00f1o al pa\u00eds. Son ciudades hermanas, lo de la rivalidad qued\u00f3 en el pasado\u201d, asegura Noguera.<\/p>\n<p><strong>490 a\u00f1os de historia<\/strong><\/p>\n<p>A diferencia de Le\u00f3n, sobre la que se ha tenido algo m\u00e1s de certeza sobre su fecha de fundaci\u00f3n, en Granada se debati\u00f3 por a\u00f1os si lo fue en 1523 o 1524, hasta que se acept\u00f3 que fue fundada despu\u00e9s de su ciudad hermana, quiz\u00e1 en diciembre del \u00faltimo a\u00f1o.<br \/>\n<strong>52<\/strong><\/p>\n<p>extranjeros, incluyendo conquistadores espa\u00f1oles y sus esclavos fueron los primeros en instalarse en la reci\u00e9n fundada Granada.<br \/>\n<strong>65<\/strong><br \/>\nvecinos, entre ellos 35 comendadores, viv\u00edan en ella para 1578, rodeados de unos ocho mil ind\u00edgenas. Hoy, la ciudad tiene m\u00e1s de 105 mil habitantes, incluyendo extranjeros.<\/p>\n<h4>GRANADINOS DESTACADOS<\/h4>\n<p>Fruto Chamorro P\u00e9rez (1804-1855). Nacido en Guatemala, se estableci\u00f3 en Granada para gobernar como el primer presidente de Nicaragua.<\/p>\n<p>Elena Arellano (1836-1911). Educadora y fil\u00e1ntropa, a quien se debe principalmente la llegada de los salesianos al pa\u00eds.<\/p>\n<p>Sor Mar\u00eda Romero (1902-1977). Religiosa y beata salesiana cuya obra se aprecia en Nicaragua y Costa Rica.<\/p>\n<p>Pablo Antonio Cuadra (1912-2002). Ensayista, poeta e intelectual nicarag\u00fcense, tambi\u00e9n fue director del Diario La Prensa.<\/p>\n<p>Joaqu\u00edn Pasos (1914-1947). Poeta, dramaturgo y ensayista, uno de los fundadores del movimiento de Vanguardia.<\/p>\n<p>Jos\u00e9 Coronel Urtecho (1906-1994). Poeta, ensayista, dramaturgo y diplom\u00e1tico. Fundador del movimiento literario de Vanguardia nicarag\u00fcense.<\/p>\n<p>Carlos Mart\u00ednez Rivas (1924-1998). Considerado el mejor poeta nicarag\u00fcense, despu\u00e9s de Rub\u00e9n Dar\u00edo, se le recuerda como genio y ermita\u00f1o.<\/p>\n<p>Ernesto Cardenal (1925). Poeta, sacerdote, escritor, escultor y pol\u00edtico. Reconocido como defensor de la teolog\u00eda de la liberaci\u00f3n en Am\u00e9rica Latina.<\/p>\n<p>Carlos A. Bravo (1882-1975). Periodista, profesor, conferencista y escritor. Considerado uno de los iniciadores de la narrativa nicarag\u00fcense.<\/p>\n<p>Francisco de As\u00eds Fern\u00e1ndez (1945). Poeta y fundador del Festival Internacional de Poes\u00eda, que este a\u00f1o celebrar\u00e1 su d\u00e9cima edici\u00f3n. Hijo del tambi\u00e9n poeta y pintor Enrique \u201cQuico\u201d Fern\u00e1ndez Morales.<\/p>\n<h4>LEONESES DESTACADOS<\/h4>\n<p>Miguel de Larreynaga (1772-1847). Abogado nicarag\u00fcense impulsor y pr\u00f3cer de la independencia de Nicaragua.<\/p>\n<p>M\u00e1ximo Jerez Teller\u00eda (1818-1881). Abogado, militar y pol\u00edtico leon\u00e9s. Principal caudillo liberal de Centroam\u00e9rica.<\/p>\n<p>Luis H. Debayle (1865- ?). \u201cEl sabio Debayle\u201d fue un prominente m\u00e9dico y amigo de Rub\u00e9n Dar\u00edo. Perteneci\u00f3 a la Sociedad de Anatom\u00eda de Par\u00eds.<\/p>\n<p>Rub\u00e9n Dar\u00edo (1867-1916). Aunque naci\u00f3 en Matagalpa, vivi\u00f3 y muri\u00f3 en Le\u00f3n, ciudad que lo influenci\u00f3 intelectualmente. Poeta y m\u00e1ximo exponente del modernismo literario en lengua espa\u00f1ola.<\/p>\n<p>Azar\u00edas H. Pallais (1884-1954). Sacerdote, poeta y humanista nicarag\u00fcense. Perteneciente al grupo del vanguardismo.<\/p>\n<p>Salom\u00f3n de la Selva (1893-1959). Pol\u00edtico y un poeta nicarag\u00fcense, miembro del grupo denominado de Los tres Grandes.<\/p>\n<p>Alfonso Cort\u00e9s (1893-1969). Completa el tr\u00edo de grandes poetas leoneses, parte del movimiento posmodernista y de vanguardia hispanoamericana.<\/p>\n<p>Jos\u00e9 de la Cruz Mena (1874-1907). M\u00fasico, compositor y director de orquesta nicarag\u00fcense.<\/p>\n<p>Rodrigo Pe\u00f1alba (1908-1979). Pintor expresionista. Considerado el padre de los pintores contempor\u00e1neos, dirigi\u00f3 la Escuela de Bellas Artes de Nicaragua en el per\u00edodo 1960-1973.<\/p>\n<p>Edgardo Buitrago Buitrago (1924-2009). Doctor en derecho, historiador, folclorista, acad\u00e9mico y dariano.<\/p>\n","protected":false},"excerpt":{"rendered":"<p>Granada y Le\u00f3n se establecieron pronto como dos ciudades rivales que definieron la historia de Nicaragua y enfrentaron al pa\u00eds en guerras a pesar del cord\u00f3n umbilical que las une desde su nacimiento<\/p>\n","protected":false},"author":5,"featured_media":32493,"comment_status":"open","ping_status":"open","sticky":false,"template":"","format":"standard","meta":{"_acf_changed":false,"footnotes":""},"categories":[26],"tags":[237,247],"class_list":["post-31817","post","type-post","status-publish","format-standard","has-post-thumbnail","hentry","category-reportajes","tag-granada","tag-leon"],"acf":[],"_links":{"self":[{"href":"https:\/\/staging.laprensanic.com\/magazine\/wp-json\/wp\/v2\/posts\/31817","targetHints":{"allow":["GET"]}}],"collection":[{"href":"https:\/\/staging.laprensanic.com\/magazine\/wp-json\/wp\/v2\/posts"}],"about":[{"href":"https:\/\/staging.laprensanic.com\/magazine\/wp-json\/wp\/v2\/types\/post"}],"author":[{"embeddable":true,"href":"https:\/\/staging.laprensanic.com\/magazine\/wp-json\/wp\/v2\/users\/5"}],"replies":[{"embeddable":true,"href":"https:\/\/staging.laprensanic.com\/magazine\/wp-json\/wp\/v2\/comments?post=31817"}],"version-history":[{"count":12,"href":"https:\/\/staging.laprensanic.com\/magazine\/wp-json\/wp\/v2\/posts\/31817\/revisions"}],"predecessor-version":[{"id":54409,"href":"https:\/\/staging.laprensanic.com\/magazine\/wp-json\/wp\/v2\/posts\/31817\/revisions\/54409"}],"wp:featuredmedia":[{"embeddable":true,"href":"https:\/\/staging.laprensanic.com\/magazine\/wp-json\/wp\/v2\/media\/32493"}],"wp:attachment":[{"href":"https:\/\/staging.laprensanic.com\/magazine\/wp-json\/wp\/v2\/media?parent=31817"}],"wp:term":[{"taxonomy":"category","embeddable":true,"href":"https:\/\/staging.laprensanic.com\/magazine\/wp-json\/wp\/v2\/categories?post=31817"},{"taxonomy":"post_tag","embeddable":true,"href":"https:\/\/staging.laprensanic.com\/magazine\/wp-json\/wp\/v2\/tags?post=31817"}],"curies":[{"name":"wp","href":"https:\/\/api.w.org\/{rel}","templated":true}]}}