{"id":31822,"date":"2014-05-11T13:49:25","date_gmt":"2014-05-11T19:49:25","guid":{"rendered":"https:\/\/www.magazine.com.ni\/?p=31822"},"modified":"2021-03-03T15:15:41","modified_gmt":"2021-03-03T21:15:41","slug":"asalto-al-banco-de-america","status":"publish","type":"post","link":"https:\/\/staging.laprensanic.com\/magazine\/reportajes\/asalto-al-banco-de-america\/","title":{"rendered":"Asalto al Banco de Am\u00e9rica"},"content":{"rendered":"<p style=\"text-align: center;\">Cuatro sujetos armados asaltan en plena ma\u00f1ana una sucursal del Banco de Am\u00e9rica, el 31 de mayo de 1963. As\u00ed se ejecut\u00f3 la primera acci\u00f3n urbana del FSLN<\/p>\n<p style=\"text-align: center;\"><strong>Por Anagilmara V\u00edlchez Zeled\u00f3n<\/strong><\/p>\n<p>Empu\u00f1aba una ametralladora Schmeisser de 30 tiros.<\/p>\n<p>\u2014Salgan de ah\u00ed \u2014 les orden\u00f3 a las cajeras.<\/p>\n<p>\u2014\u00bfQu\u00e9 es esto? \u2014pregunt\u00f3 aterrorizada una de ellas.<\/p>\n<p>\u2014\u00a1Esto es un asalto! \u2014grit\u00f3 Jacinto Baca, el 31 de mayo de 1963, d\u00eda en que cuatro hombres armados asaltaron en Managua una sucursal del Banco de Am\u00e9rica.<\/p>\n<p>Jacinto Baca, Guillermo Mej\u00eda, Edmundo Narv\u00e1ez, Sergio Narv\u00e1ez, Alejandro Mora y Augusto Tercero se llevaron m\u00e1s de 50 mil c\u00f3rdobas en efectivo de El Carmen, sucursal bancaria ubicada a 100 varas de la casa del entonces presidente de Nicaragua, Ren\u00e9 Schick.<\/p>\n<p>Un chofer, un cobrador, un t\u00e9cnico de radio, dos estudiantes y un sastre obligaron a las autoridades a movilizar 16 patrullas policiales y dos aviones para buscarlos. Oficiales de la Seguridad Nacional, incluso, fueron enviados a Costa Rica para rastrearlos. En los diarios del pa\u00eds se publicaba la recompensa: cinco mil c\u00f3rdobas recibir\u00eda \u201cla persona o personas\u201d que suministraran \u201cinformes que lleven a la captura de los asaltantes\u201d.<\/p>\n<p>Sin un centavo del bot\u00edn, son atrapados en junio de 1963 y despu\u00e9s de 14 meses en prisi\u00f3n, el mismo juez que los encarcel\u00f3, les envi\u00f3 la orden de libertad el 19 de agosto de 1964. Dos jurados los absolvieron de su delito. Un delito repudiado por unos, alabado por otros. Durante la d\u00e9cada siguiente este m\u00e9todo se esparci\u00f3 como espora hasta convertirse en una de las t\u00e1cticas m\u00e1s usadas para financiar la guerrilla sandinista.<\/p>\n<p><strong>Lea tambi\u00e9n:\u00a0<a href=\"\/reportaje\/la-casa-de-ortega\/\">La casa de Daniel Ortega<\/a><\/strong><\/p>\n<p style=\"text-align: center;\">***<\/p>\n<p>Cortarse el pelo. Fue lo primero que Guillermo Mej\u00eda Cardenal hizo despu\u00e9s del asalto. Entr\u00f3 a una barber\u00eda del barrio Luci\u00e9rnaga \u201cy me rasur\u00e9 con unos reales que yo andaba\u201d, reza su testimonio publicado en el diario <em>La Noticia<\/em> el 26 de junio de 1963.<\/p>\n<p>Sergio Narv\u00e1ez continu\u00f3 con su rutina. \u201cFue un d\u00eda tan normal que creo que en la tarde ya estaba en clases\u201d, dice. La orden para todos los protagonistas del robo era dispersarse y evitar el contacto entre ellos durante los siguientes 15 d\u00edas.<\/p>\n<p>Ese viernes, Alejandro Mora y Augusto Tercero abordaron un taxi. Mora llevaba puestos unos lentes oscuros \u201clos hab\u00eda comprado para el operativo, seg\u00fan yo para que no me miraran bien la cara\u201d, cuenta. Ambos iban en el asiento trasero del veh\u00edculo, a Mora las gafas y la bolsa de papel que ten\u00eda entre sus manos lo delatar\u00edan despu\u00e9s.<\/p>\n<p>El dinero lo guardaron en la casa de Edmundo Narv\u00e1ez. All\u00ed el comandante Jorge Navarro lleg\u00f3 con una cocinita de dos quemadores en la que, como si rellenara gallina para diciembre, con paciencia meti\u00f3 uno a uno los billetes.<\/p>\n<p>Luego, parti\u00f3 hacia la monta\u00f1a con los \u201creales\u201d. Con este dinero se compr\u00f3 lo que hac\u00eda falta para los combates en los r\u00edos Coco y Bocay. Esta ser\u00eda \u2014seg\u00fan el <em>Atlas de la Lucha de Liberaci\u00f3n Nacional<\/em>\u2014 \u201cla primera acci\u00f3n armada del FSLN, y tambi\u00e9n, el primer destacamento guerrillero pol\u00edticamente definido e ideol\u00f3gicamente homog\u00e9neo\u201d. All\u00ed, en Bocay, muri\u00f3 Navarro, en octubre de 1963. En esos d\u00edas los muchachos que entren\u00f3 ten\u00edan cuatro meses en prisi\u00f3n.<\/p>\n<p style=\"text-align: center;\">***<\/p>\n<p>Eran las 10:30 de la ma\u00f1ana del \u00faltimo d\u00eda del mes de mayo. Seg\u00fan el plan, Jacinto Baca, Alejandro Mora, Guillermo Mej\u00eda y Alfonso Borge, para no despertar sospechas, deb\u00edan ocultar las armas antes de entrar al Banco de Am\u00e9rica. Fuera del edificio en dos veh\u00edculos los esperar\u00edan Sergio Narv\u00e1ez, Augusto Tercero y Edmundo Narv\u00e1ez.<\/p>\n<p>Cuando ellos llegaron a la sucursal El Carmen hab\u00eda seis empleados y al menos una docena de clientes en el banco, seg\u00fan la reconstrucci\u00f3n de hechos que realizaron los peri\u00f3dicos de la \u00e9poca y las entrevistas que realiz\u00f3 <em>Magazine<\/em> con los sobrevivientes actuales.<\/p>\n<p>Jacinto Baca y Alejandro Mora fueron los primeros en entrar.<\/p>\n<p>\u2014\u00bfD\u00f3nde est\u00e1 el gerente? \u2014preguntaron.<\/p>\n<p>Durante un par de minutos esperaron sentados hasta que sacaron de las bolsas de papel \u2014de esas que vend\u00edan en el mercado por 50 centavos\u2014 las ametralladoras alemanas y con ellas a trav\u00e9s del cristal le ordenaron a Adolfo Castell\u00f3n, gerente de la sucursal, que saliera de su oficina.<\/p>\n<p>\u2014\u00a1Manos arriba! \u2014gritaron.<\/p>\n<p>Otros dos hombres armados con pistolas autom\u00e1ticas calibre 9 mm enca\u00f1onaron a los que hac\u00edan fila y les dijeron:<\/p>\n<p>\u2014\u00a1Ag\u00e1chense!<\/p>\n<p>Una mujer asustada lloraba. Los gritos y la histeria no se hicieron esperar.<\/p>\n<p>\u201cEstaba lleno el banco. Imag\u00ednese la gente pegando gritos cuando miran que es un asalto, nosotros est\u00e1bamos con el esp\u00edritu de lucha enorme y como era joven yo sent\u00eda que no me iba a pasar nada, yo me sent\u00eda como un superm\u00e1n, no nos va a suceder nada dec\u00eda, imag\u00ednese una ametralladora con doble magac\u00edn, con mi pistola 45 mm y hasta una granada ten\u00edamos cada uno\u201d, recuerda Alejandro Mora, uno de los asaltantes, 51 a\u00f1os despu\u00e9s de este episodio.<\/p>\n<p>Mientras \u00e9l y Baca con las armas apuntaban a los clientes, Adolfo Borge y Guillermo Mej\u00eda \u201ccomenzaron a recoger dinero en las casetas de las cajeras\u201d, relataron los testigos del robo al diario La Prensa.<\/p>\n<p>Seg\u00fan sus descripciones, Mora era el l\u00edder, vest\u00eda camisa sport y usaba \u201canteojos combados de moda\u201d. Su rostro era \u201csimp\u00e1tico, nariz fina, un poco alto\u201d. \u00c9l fue \u201cel primero que desenfund\u00f3 la ametralladora, que era parecida a las que usa la Guardia Nacional, color plomo\u201d, afirman.<\/p>\n<p>De color negro las recuerda Alejandro Mora, quien en casi todos los detalles del robo coincide con la narraci\u00f3n que se public\u00f3 en los peri\u00f3dicos en los d\u00edas posteriores al robo, excepto en aquellos pormenores que se refieren al dinero que hab\u00eda en la b\u00f3veda del banco.<\/p>\n<p>\u201cYo me meto a la b\u00f3veda porque miro unos maletincitos de cuero, \u2018aqu\u00ed la agarramos toda\u2019 dije yo, me meto y \u00a1bam, bam, bam! los agarro. Solo uno hab\u00eda con dinero. \u00a1No hab\u00eda nada, nada, ni monedas all\u00ed en la b\u00f3veda!\u201d, dice Mora.<\/p>\n<p>En el relato publicado el 2 de junio de 1963 el gerente de esta sucursal del Banco de Am\u00e9rica asegura que \u201ctodo ocurri\u00f3 en unos 12 o 15 minutos, y a pesar de que se les vio que estaban nerviosos, me pareci\u00f3 que todo lo hab\u00edan estudiado y planeado&#8230; Sin embargo, no concibo c\u00f3mo es que no tocaron la caja principal&#8230; Tal vez tuvieron miedo de que se les cerrara la puerta de la b\u00f3veda\u201d, afirm\u00f3 Castell\u00f3n. Seg\u00fan \u00e9l, all\u00ed hab\u00eda 150 mil c\u00f3rdobas en efectivo.<\/p>\n<p>La operaci\u00f3n \u201cse dio con una excelente e impecable precisi\u00f3n. Calculamos hasta la reacci\u00f3n nerviosa del personal y clientes, pues no quer\u00edamos que se produjera ning\u00fan derramamiento de sangre\u201d, asever\u00f3 Guillermo Mej\u00eda, otro de los miembros del grupo asaltante. \u00c9l falleci\u00f3 en 2013, pero su testimonio se encuentra en un escrito que data del a\u00f1o 2010.<\/p>\n<p>Mej\u00eda, con el brazo en alto para que Mora lo viera, gir\u00f3 varias veces su dedo \u00edndice. As\u00ed le indic\u00f3 la retirada. Como hab\u00edan entrado, salieron: en dos grupos. Lo extra\u00eddo de las casetas y de la b\u00f3veda sobrepasaba los 50 mil c\u00f3rdobas.<\/p>\n<p>\u201cEl banco est\u00e1 asegurado contra estas p\u00e9rdidas con la Lloyd\u2019s de Londres\u201d, asegur\u00f3 posteriormente a los peri\u00f3dicos Alfredo Enr\u00edquez, gerente del Banco de Am\u00e9rica.<\/p>\n<p>Seg\u00fan \u00e9l, \u201clas operaciones de la sucursal se reanudaron inmediatamente\u201d despu\u00e9s del asalto. Sin embargo, Porfirio Berr\u00edos, fot\u00f3grafo del diario <em>Novedades<\/em>, recuerda que cuando lleg\u00f3 al lugar, como media hora despu\u00e9s del robo, \u201cla gente estaba nerviosa, ya casi todo el personal hab\u00eda salido del banco, la polic\u00eda los hab\u00eda desalojado\u201d, concluye. En ese momento inici\u00f3 la b\u00fasqueda de aquellos a quienes las autoridades llamaron \u201cg\u00e1nsteres\u201d y delincuentes.<\/p>\n<figure id=\"attachment_32499\" aria-describedby=\"caption-attachment-32499\" style=\"width: 700px\" class=\"wp-caption aligncenter\"><a href=\"\/wp-content\/uploads\/2016\/12\/Acr5382725462016-30455.jpg\"><img fetchpriority=\"high\" decoding=\"async\" class=\"wp-image-32499 size-full\" src=\"\/wp-content\/uploads\/2016\/12\/Acr5382725462016-30455.jpg\" width=\"700\" height=\"935\" srcset=\"https:\/\/d1xxa24wwackpg.cloudfront.net\/wp-content\/uploads\/2016\/12\/07151513\/Acr5382725462016-30455.jpg 700w, https:\/\/d1xxa24wwackpg.cloudfront.net\/wp-content\/uploads\/2016\/12\/07151513\/Acr5382725462016-30455.jpg 225w\" sizes=\"(max-width: 700px) 100vw, 700px\" \/><\/a><figcaption id=\"caption-attachment-32499\" class=\"wp-caption-text\">Primera plana del diario<em> La Noticia<\/em> del 26 de junio de 1963 en la que aparecen los que en ese momento fueron identificados como autores intelectuales y materiales del asalto al Banco de Am\u00e9rica.<\/figcaption><\/figure>\n<p style=\"text-align: center;\">***<\/p>\n<p>\u201c\u00a1Anaconda, all\u00e1 voy!\u201d, gritaba en la penumbra. El entrenamiento empezaba en la madrugada. Caminaban desde la ciudad de Managua hasta la laguna de Apoyeque. \u201cBaj\u00e1bamos y sub\u00edamos el cr\u00e1ter, hac\u00edamos pr\u00e1cticas de arme y desarme (&#8230;) de elaboraci\u00f3n de explosivos\u201d, recuerda Guillermo Mej\u00eda, en su testimonio de 2010.<\/p>\n<p>Guiados por el comandante Jorge Navarro, un par de muchachos se preparaban para luchar contra Somoza en la monta\u00f1a.<\/p>\n<p>\u201cEs que los sandinistas no pas\u00e1bamos de 15 para esa \u00e9poca\u201d, recuerda en entrevista con <em>Magazine<\/em> Edmundo Narv\u00e1ez, del mismo grupo.<\/p>\n<p>Seg\u00fan ellos, con Navarro recib\u00edan no solo preparaci\u00f3n f\u00edsica, sino tambi\u00e9n ideol\u00f3gica.<\/p>\n<p>\u201cCombinaba el estudio de la guerra necesaria con la preparaci\u00f3n pol\u00edtica y estudiaba con nosotros la obra de M\u00e1ximo Gorki: La Madre. El peque\u00f1o ej\u00e9rcito loco, de Gregorio Selser (&#8230;) toda esa literatura era perseguida por la GN igual que persegu\u00edan las armas en las manos de los revolucionarios\u201d, resalta Mej\u00eda en su escrito.<\/p>\n<p>Ellos ten\u00edan aliados. Un oficial de la Guardia Nacional incluso les prestaba un rifle para que practicaran. Armar y desarmar. Armar y desarmar. Una y otra vez, \u201cdurante unos seis meses\u201d, apunta Narv\u00e1ez . De forma clandestina lo recib\u00edan en un costal que enviaba el guardia que en su jeep se estacionaba cerca del lugar de reuni\u00f3n, despu\u00e9s lo mandaban en el mismo costal a su due\u00f1o.<\/p>\n<p>\u201cEso es lo que sab\u00edamos, disparar una pistola, eso es el \u00fanico entrenamiento, pero no es nada parecido a un ranger o a esas cosas pues, hac\u00edamos caminatas, ejercicios\u201d, se\u00f1ala Sergio Narv\u00e1ez en entrevista con <em>Magazine<\/em>, cinco d\u00e9cadas despu\u00e9s de los hechos.<\/p>\n<p>La rutina de preparaci\u00f3n f\u00edsica se respet\u00f3 hasta el d\u00eda en el que Navarro les comunic\u00f3 que se necesitaba dinero para la lucha armada. La guerrilla no parec\u00eda posible porque no contaban con el apoyo del campesinado.<\/p>\n<p>\u201cLa monta\u00f1a nunca pudo generar el famoso foco guerrillero que iba a tomarse el poder, en la monta\u00f1a se quedaron muchos miembros del Frente, valios\u00edsimos, muchos j\u00f3venes\u201d, lamenta Sergio Narv\u00e1ez.<\/p>\n<p>El Frente de Liberaci\u00f3n Nacional, como se conoc\u00eda en los primeros a\u00f1os, adem\u00e1s de miembros les hac\u00eda falta dinero.<\/p>\n<p>\u201cCon el triunfo de la Revoluci\u00f3n cubana en el 59, el Che Guevara es asignado como responsable de la situaci\u00f3n de Nicaragua\u201d, pero en el pa\u00eds hay un conflicto pues \u201clos que estaban haciendo la lucha armada no quer\u00edan a la persona que el Che hab\u00eda designado porque hab\u00eda sido guardia nacional, entonces (por eso) no se dio el apoyo de Cuba\u201d, asegur\u00f3 a <em>Magazine<\/em> una fuente que solicit\u00f3 el anonimato.<\/p>\n<p>Seg\u00fan la fuente, Carlos Fonseca Amador, estando en Honduras, acept\u00f3 en 1963 que estaban solos y le dijo a Navarro que los muchachos no ser\u00edan entrenados en Cuba sino en Apoyeque. \u201cDecepcionado se viene (Navarro) para Managua y nos re\u00fane a nosotros y nos dice: \u2018Bueno, no hay nada, estamos fregados, aqu\u00ed estamos todos, no hay mayor gente\u2019\u201d, recuerda Edmundo Narv\u00e1ez, quien no olvida que ese mismo d\u00eda les dijo que \u201cpara qu\u00e9 \u00edbamos a andar buscando dinero afuera si aqu\u00ed ten\u00eda dinero la dictadura, que para qu\u00e9 \u00edbamos a estar buscando armas afuera si aqu\u00ed hab\u00eda, lo \u00fanico que hac\u00eda falta eran huevos, o valor para quitar esas armas ah\u00ed y voltearlas en contra de ellos\u201d.<\/p>\n<p style=\"text-align: center;\">***<\/p>\n<p>Una camioneta Ford, color gris, matr\u00edcula 6678, los esperaba afuera del banco. La hab\u00edan robado 30 minutos antes del asalto. El veh\u00edculo era propiedad del Federico Lang. Cuatro sujetos armados por la Casa del Obrero \u201cenca\u00f1onaron al conductor de la misma, Marcelino Miranda, lo ataron de manos y pies y lo dejaron en Miraflores\u201d, se public\u00f3 en el Diario La Prensa del 2 de junio de 1963.<\/p>\n<p>\u201cMe dice Sergio, \u2018mir\u00e1 ese carro lo vamos a agarrar\u2019. Llegamos, enca\u00f1onamos al conductor y le quitamos las llaves. Al hombre lo montamos en el carro, preguntamos de qui\u00e9n era ese carro y nos dicen que este carro es del chato Lang, un familiar de Somoza. Le quitamos la cartera (al conductor), pensando que era de la Seguridad pero no le hallamos nada. Le dijimos vamos a echar aqu\u00ed gasolina en la carretera, si vos grit\u00e1s, aqu\u00ed te mor\u00eds, aqu\u00ed te matamos. \u2018No, no, no me hagan nada\u2019. Lo fuimos a dejar por Xilo\u00e1, lo amarramos y lo dejamos en el monte\u201d, recuerda Alejandro Mora.<\/p>\n<p>Afuera de la sucursal El Carmen hab\u00eda dos veh\u00edculos esperando: la camioneta Ford y un Buick. Uno lo conducir\u00eda Sergio Narv\u00e1ez y el otro Augusto Tercero, quien era chofer.<\/p>\n<p>Cuando huyen del Banco de Am\u00e9rica, el automotor que llevaba Tercero se apag\u00f3, inmediatamente todos bajan del carro y se dispersan en la ciudad. Ah\u00ed es cuando Tercero y Mora abordan un taxi.<\/p>\n<p>Al d\u00eda siguiente del asalto un retrato hablado del que hab\u00edan identificado como l\u00edder de los \u201cg\u00e1nsteres\u201d, como les llamaron, sali\u00f3 en la primera plana de La Prensa. Por eso es que Mora cree que el conductor del taxi los reconoci\u00f3. \u201cNos mira por el espejo retrovisor y dice claro, por este lado de la ciudad, de gafas y con una bolsa de papel craft\u201d. Mora, adem\u00e1s, se\u00f1ala que Tercero era un chofer reconocido por su participaci\u00f3n en los sindicatos. \u00c9l fue el primero que cay\u00f3 preso en junio de 1963.<\/p>\n<figure id=\"attachment_32500\" aria-describedby=\"caption-attachment-32500\" style=\"width: 700px\" class=\"wp-caption aligncenter\"><a href=\"\/wp-content\/uploads\/2017\/01\/Acr5382725462016-21587.jpg\"><img decoding=\"async\" class=\"wp-image-32500 size-full\" src=\"\/wp-content\/uploads\/2017\/01\/Acr5382725462016-21587.jpg\" alt=\"Despu\u00e9s del asalto un retrato hablado de Alejandro Mora fue publicado en el diario La Prensa, se ofrec\u00edan cinco mil c\u00f3rdobas a quien brindara informaci\u00f3n que pudiese facilitar la captura de los asaltantes.\" width=\"700\" height=\"546\" srcset=\"https:\/\/d1xxa24wwackpg.cloudfront.net\/wp-content\/uploads\/2017\/01\/07151512\/Acr5382725462016-21587.jpg 700w, https:\/\/d1xxa24wwackpg.cloudfront.net\/wp-content\/uploads\/2017\/01\/07151512\/Acr5382725462016-21587.jpg 300w\" sizes=\"(max-width: 700px) 100vw, 700px\" \/><\/a><figcaption id=\"caption-attachment-32500\" class=\"wp-caption-text\">Despu\u00e9s del asalto un retrato hablado de Alejandro Mora fue publicado en el diario La Prensa, se ofrec\u00edan cinco mil c\u00f3rdobas a quien brindara informaci\u00f3n que pudiese facilitar la captura de los asaltantes.<\/figcaption><\/figure>\n<p style=\"text-align: center;\">***<\/p>\n<p>Estaba boca abajo. En la nuca sent\u00eda la bota del guardia que lo captur\u00f3. Trat\u00f3 de despistarlos cuando llegaron a buscarlo a su casa. Ten\u00eda tres meses de haberse casado y la maleta con un pantal\u00f3n, una camisa y un calzoncillo que le pidi\u00f3 a su esposa que le ali\u00f1ara ya no le servir\u00eda en el lugar al que lo llevaban.<\/p>\n<p>Edmundo Narv\u00e1ez fue capturado el 14 de junio de 1963. La golpiza que sufri\u00f3 ese d\u00eda era solo un presagio de lo que vendr\u00eda despu\u00e9s.<\/p>\n<p>A Alejandro Mora lo apresaron dos horas despu\u00e9s. Ese d\u00eda se ir\u00eda a la monta\u00f1a con el comandante Jorge Navarro, pero la Guardia Nacional lo arrest\u00f3 cuando estaba entregando cuentas de lo que hab\u00eda cobrado para aguardiente El Zanatillo.<\/p>\n<p>\u201cLlegando all\u00e1 (a la Seguridad) comenzaron bang\u00e1n-bang\u00e1n a darme, me llevaron como a las cinco de la tarde y me dejaron de golpear como a las doce de la noche, me rajaron la cabeza, me inflamaron los brazos, para descansar les dije \u2018all\u00e1 est\u00e1n unos compa\u00f1eros de Monse\u00f1or Lezcano para abajo\u2019, pero era mentira, como a la media hora regresaron y me dieron m\u00e1s duro\u201d, cuenta Mora.<\/p>\n<p>Augusto Tercero y Guillermo Mej\u00eda ya hab\u00edan sido torturados.<\/p>\n<p>Mej\u00eda supuestamente le cont\u00f3 a Mora que \u201cuna vez que lo hab\u00edan llevado en un helic\u00f3ptero y que lo ten\u00edan amarrado y lo iban a volar en el mar presion\u00e1ndolo para que hablara, pero no habl\u00f3\u201d. A Tercero lo golpearon durante tres d\u00edas. \u201cFuimos cayendo y nos d\u00e1bamos cuenta\u201d, lamenta Edmundo Narv\u00e1ez.<\/p>\n<p>Sergio Narv\u00e1ez fue el \u00faltimo en ser capturado, lo encontraron porque alguien filtr\u00f3 a las autoridades somocistas informaci\u00f3n sobre su escondite.<\/p>\n<p>\u201cLleg\u00f3 la Seguridad a buscarme en la madrugaba, yo estaba dormido y me llevaron a las oficinas all\u00e1 en Tiscapa, y comenzaron una sesi\u00f3n de golpes muy fuertes, me golpeaban en todos lados, en el est\u00f3mago, en el pecho, en la espalda, en la cabeza (\u2026) Me dec\u00edan que qui\u00e9nes \u00e9ramos, que denunci\u00e1ramos a todos. Despu\u00e9s en la ma\u00f1ana me dieron otra sesi\u00f3n de golpes, pas\u00e9 como una semana orinando sangre por los golpes\u201d, recuerda.<\/p>\n<p style=\"text-align: center;\">***<\/p>\n<p>Iban a fusilarlos. Eran las tres de la ma\u00f1ana. A Alejandro Mora y a Guillermo Mej\u00eda los colocaron frente a la pared. Cinco guardias con rifles Garand los apuntan cuando el jefe dice:<\/p>\n<p>\u2014Aqu\u00ed los fusilan a estos jodidos.<\/p>\n<p>\u201cGuillermo me abraz\u00f3 y me dijo \u2018bueno, hermano no hicimos nada, eso es lo que me arrecha que no hicimos nada y nos van a matar\u2019. Nos quedamos esperando que nos mataran\u201d, cuenta Alejandro Mora. Ese mismo d\u00eda los trasladaron a las celdas de La Aviaci\u00f3n.<\/p>\n<p>En los calabozos de piedra cantera estaban todos juntos. \u201cNo nos pusieron con los presos comunes, tal vez pensando que pod\u00edamos transmitirles ideas revolucionarias\u201d, recuerda Sergio Narv\u00e1ez.<\/p>\n<p>Se entreten\u00edan cantando boleros, pero no pod\u00edan tener libros, ni salir de la celda. Pasaron seis meses sin ver el sol hasta que perdieron la noci\u00f3n del tiempo, por eso, dicen ellos, decidieron someterse a una huelga de hambre. Agua con gotas de lim\u00f3n, o sal durante 14 d\u00edas para exigir mejores condiciones carcelarias.<\/p>\n<p>No comieron la \u201cchupeta\u201d durante dos semanas. \u201cEran diez granos de frijoles y como 30 de arroz\u201d, dice Edmundo Narv\u00e1ez, quien recuerda que Jacinto Baca se desplom\u00f3 por inanici\u00f3n.<\/p>\n<p>Medios de comunicaci\u00f3n y la Cruz Roja llegaron a La Aviaci\u00f3n. Los reos suspendieron la huelga a la que se hab\u00edan sumado otros presos cuando consiguieron salir un par de horas al sol.<\/p>\n<p>En una de las tardes en el patio vieron pasar a Carlos Fonseca Amador. \u201cA eso de las cuatro de la tarde lo miro chorreando sangre por toda la cara, entonces lo saludamos, y nos dijeron los guardias que nos iban a matar\u201d, asevera Alejandro Mora.<\/p>\n<p>Seg\u00fan \u00e9l, Carlos Fonseca les dijo que se encontraran un domingo, cuando sacaban a los presos para la misa. All\u00ed Fonseca les pas\u00f3 un papel en que los reconoc\u00eda como \u201chermanos de lucha\u201d y admit\u00eda que el asalto que perpetraron permiti\u00f3 la lucha guerrillera.<\/p>\n<p>Dos veces fueron sometidos al jurado. Las dos veces fueron absueltos. En agosto de 1964 el juez Primero Distrito del Crimen, doctor Orlando Morales Oc\u00f3n, orden\u00f3 dejarlos en libertad.<\/p>\n<div id='gallery-1' class='gallery galleryid-31822 gallery-columns-3 gallery-size-thumbnail'><figure class='gallery-item'>\n\t\t\t<div class='gallery-icon landscape'>\n\t\t\t\t<a href='https:\/\/staging.laprensanic.com\/magazine\/reportajes\/asalto-al-banco-de-america\/attachment\/acr5382725462016-14115\/'><img decoding=\"async\" width=\"150\" height=\"150\" src=\"https:\/\/d1xxa24wwackpg.cloudfront.net\/wp-content\/uploads\/2017\/01\/07151510\/Acr5382725462016-14115.jpg\" class=\"attachment-thumbnail size-thumbnail\" alt=\"Esta es la nota que Carlos Fonseca Amador supuestamente entreg\u00f3 a Sergio\" aria-describedby=\"gallery-1-32501\" srcset=\"https:\/\/d1xxa24wwackpg.cloudfront.net\/wp-content\/uploads\/2017\/01\/07151510\/Acr5382725462016-14115.jpg 150w, https:\/\/d1xxa24wwackpg.cloudfront.net\/wp-content\/uploads\/2017\/01\/07151510\/Acr5382725462016-14115.jpg 24w, https:\/\/d1xxa24wwackpg.cloudfront.net\/wp-content\/uploads\/2017\/01\/07151510\/Acr5382725462016-14115.jpg 48w, https:\/\/d1xxa24wwackpg.cloudfront.net\/wp-content\/uploads\/2017\/01\/07151510\/Acr5382725462016-14115.jpg 96w\" sizes=\"(max-width: 150px) 100vw, 150px\" \/><\/a>\n\t\t\t<\/div>\n\t\t\t\t<figcaption class='wp-caption-text gallery-caption' id='gallery-1-32501'>\n\t\t\t\tEsta es la nota que Carlos Fonseca Amador supuestamente entreg\u00f3 a Sergio Narv\u00e1ez en La Aviaci\u00f3n. En ella menciona a los participantes del operativo ejecutado en el Banco de Am\u00e9rica el 31 de mayo de 1963.\n\t\t\t\t<\/figcaption><\/figure><figure class='gallery-item'>\n\t\t\t<div class='gallery-icon landscape'>\n\t\t\t\t<a href='https:\/\/staging.laprensanic.com\/magazine\/reportajes\/asalto-al-banco-de-america\/attachment\/asalta-bancocopias\/'><img loading=\"lazy\" decoding=\"async\" width=\"150\" height=\"150\" src=\"https:\/\/d1xxa24wwackpg.cloudfront.net\/wp-content\/uploads\/2017\/01\/07151509\/Acr5382725462016-20706.jpg\" class=\"attachment-thumbnail size-thumbnail\" alt=\"Reproducci\u00f3n LA NATICIA y LA PRENSA del a\u00f1o de 1963.Uriel Molina\/LAPRENSA\" aria-describedby=\"gallery-1-32502\" srcset=\"https:\/\/d1xxa24wwackpg.cloudfront.net\/wp-content\/uploads\/2017\/01\/07151509\/Acr5382725462016-20706.jpg 150w, https:\/\/d1xxa24wwackpg.cloudfront.net\/wp-content\/uploads\/2017\/01\/07151509\/Acr5382725462016-20706.jpg 24w, https:\/\/d1xxa24wwackpg.cloudfront.net\/wp-content\/uploads\/2017\/01\/07151509\/Acr5382725462016-20706.jpg 48w, https:\/\/d1xxa24wwackpg.cloudfront.net\/wp-content\/uploads\/2017\/01\/07151509\/Acr5382725462016-20706.jpg 96w\" sizes=\"(max-width: 150px) 100vw, 150px\" \/><\/a>\n\t\t\t<\/div>\n\t\t\t\t<figcaption class='wp-caption-text gallery-caption' id='gallery-1-32502'>\n\t\t\t\tSucursal del Banco de Am\u00e9rica asaltada en 1963, la camioneta que aparece en la fotograf\u00eda, seg\u00fan los diarios de la \u00e9poca, era similar a la usada en el robo. Hoy de la antigua infraestructura del banco no queda nada. Su direcci\u00f3n actual ser\u00eda de la estatua de Montoya media cuadra al norte, y una cuadra al este.\n\t\t\t\t<\/figcaption><\/figure>\n\t\t<\/div>\n\n<h4>Otros asaltos del Frente Sandinista<\/h4>\n<p>Despu\u00e9s del asalto al Banco de Am\u00e9rica se recurri\u00f3 durante a\u00f1os a este m\u00e9todo para financiar la lucha guerrillera.<\/p>\n<p>\u2022 23 de septiembre de 1966: es asaltada la sucursal El Calvario, del Banco Nacional de Nicaragua.<\/p>\n<p>\u2022 Enero de 1967: roban sucursal bancaria San Sebasti\u00e1n. En esta acci\u00f3n participa Tom\u00e1s Borge. En junio de ese mismo a\u00f1o, Daniel Ortega y Selim Shible asaltan la sucursal del Banco de Londres en el Boulevard Kennedy.<\/p>\n<p>\u2022 1968: Ricardo Morales Avil\u00e9s roba la agencia bancaria Buenos Aires, del Banco de Am\u00e9rica de Managua. En esta operaci\u00f3n muere un oficial de la Guardia Nacional.<\/p>\n<p>\u2022 4 de noviembre de 1969: asalto al Banco Nicarag\u00fcense, en Le\u00f3n, y a la sucursal Centroam\u00e9rica del Banco de Am\u00e9rica, en Managua. En Le\u00f3n participan Leonel Rugama, Carlos Ag\u00fcero y Enrique Lorente.<\/p>\n<p>\u2022 Enero de 1970: Leonel Rugama y \u00d3scar Benavides participan en el robo al Banco Nacional de Nicaragua.<\/p>\n","protected":false},"excerpt":{"rendered":"<p>Cuatro sujetos armados asaltan en plena ma\u00f1ana una sucursal del Banco de Am\u00e9rica, el 31 de mayo de 1963. As\u00ed se ejecut\u00f3 la primera acci\u00f3n urbana del FSLN<\/p>\n","protected":false},"author":46,"featured_media":32503,"comment_status":"open","ping_status":"open","sticky":false,"template":"","format":"standard","meta":{"_acf_changed":false,"footnotes":""},"categories":[26],"tags":[],"class_list":["post-31822","post","type-post","status-publish","format-standard","has-post-thumbnail","hentry","category-reportajes"],"acf":[],"_links":{"self":[{"href":"https:\/\/staging.laprensanic.com\/magazine\/wp-json\/wp\/v2\/posts\/31822","targetHints":{"allow":["GET"]}}],"collection":[{"href":"https:\/\/staging.laprensanic.com\/magazine\/wp-json\/wp\/v2\/posts"}],"about":[{"href":"https:\/\/staging.laprensanic.com\/magazine\/wp-json\/wp\/v2\/types\/post"}],"author":[{"embeddable":true,"href":"https:\/\/staging.laprensanic.com\/magazine\/wp-json\/wp\/v2\/users\/46"}],"replies":[{"embeddable":true,"href":"https:\/\/staging.laprensanic.com\/magazine\/wp-json\/wp\/v2\/comments?post=31822"}],"version-history":[{"count":16,"href":"https:\/\/staging.laprensanic.com\/magazine\/wp-json\/wp\/v2\/posts\/31822\/revisions"}],"predecessor-version":[{"id":53573,"href":"https:\/\/staging.laprensanic.com\/magazine\/wp-json\/wp\/v2\/posts\/31822\/revisions\/53573"}],"wp:featuredmedia":[{"embeddable":true,"href":"https:\/\/staging.laprensanic.com\/magazine\/wp-json\/wp\/v2\/media\/32503"}],"wp:attachment":[{"href":"https:\/\/staging.laprensanic.com\/magazine\/wp-json\/wp\/v2\/media?parent=31822"}],"wp:term":[{"taxonomy":"category","embeddable":true,"href":"https:\/\/staging.laprensanic.com\/magazine\/wp-json\/wp\/v2\/categories?post=31822"},{"taxonomy":"post_tag","embeddable":true,"href":"https:\/\/staging.laprensanic.com\/magazine\/wp-json\/wp\/v2\/tags?post=31822"}],"curies":[{"name":"wp","href":"https:\/\/api.w.org\/{rel}","templated":true}]}}