{"id":32383,"date":"2017-01-08T15:42:57","date_gmt":"2017-01-08T21:42:57","guid":{"rendered":"https:\/\/www.magazine.com.ni\/?p=32383"},"modified":"2020-08-13T17:06:11","modified_gmt":"2020-08-13T23:06:11","slug":"crimen-sin-resolver","status":"publish","type":"post","link":"https:\/\/staging.laprensanic.com\/magazine\/reportajes\/crimen-sin-resolver\/","title":{"rendered":"Crimen sin resolver"},"content":{"rendered":"<p style=\"text-align: center;\">En 1988, un pol\u00edtico opositor escribi\u00f3 una denuncia contra el Gobierno. Al d\u00eda siguiente, fue golpeado y muri\u00f3 por las secuelas dos a\u00f1os despu\u00e9s. El ataque fue uno de tantos que nunca fueron esclarecidos<\/p>\n<p style=\"text-align: center;\"><strong>Por Juli\u00e1n Navarrete<\/strong><\/p>\n<p>Un d\u00eda antes de que apareciera golpeado, Joaqu\u00edn Mej\u00eda hab\u00eda publicado una denuncia contra el Ministerio del Interior. La ma\u00f1ana del 22 de septiembre de 1988, se levant\u00f3 temprano y como de costumbre verti\u00f3 leche hervida en una taza con pinolillo. Mientras pon\u00eda el vaso sobre la mesa, no dejaba de pensar en la caricatura de Tom\u00e1s Borge, en ese entonces ministro del Interior, que ubicaron sin consultarle, debajo de su art\u00edculo de opini\u00f3n titulado \u201cAldino y la l\u00e1mpara maravillosa\u201d.<\/p>\n<p>A las 9:30 de la ma\u00f1ana, despu\u00e9s de despedirse de sus correligionarios del Partido Liberal Independiente que vinieron desde Estel\u00ed para quedarse en su casa, decidi\u00f3 tomar un taxi para ir al diario LA PRENSA, donde trabajaba como editor asistente y escrib\u00eda encendidas opiniones contra el gobierno sandinista.<\/p>\n<p>Sus colegas pol\u00edticos lo intentaron convencer de no tomar el taxi, pues el carro en que ellos andaban pasar\u00eda justo enfrente del diario, en la Carretera Norte. Sin embargo, Mej\u00eda tem\u00eda que sus charlas de debate pol\u00edtico se extendieran por largo rato y \u00e9l llegara retrasado al trabajo.De repente, un auto japon\u00e9s verde aparc\u00f3 en el lugar donde Mej\u00eda alzaba la mano.<\/p>\n<p>\u2014\u00bfMe lleva a La Prensa? \u2014pregunt\u00f3 el hombre.<br \/>\n\u2014Claro que s\u00ed \u2014contest\u00f3 el taxista con un adem\u00e1n de hombros.<\/p>\n<p>El veh\u00edculo circul\u00f3 por el extinto Banco Popular de Ciudad Jard\u00edn para dirigirse a la Carretera Norte. M\u00e1s adelante, abordaron el taxi otros dos hombres. Mej\u00eda no les prest\u00f3 mayor atenci\u00f3n, cuando de repente sinti\u00f3 la lluvia de golpes. La \u00fanica palabra que escuch\u00f3 fue: \u201cGritoncito\u201d.<\/p>\n<p>Mej\u00eda se sent\u00eda perdido y les rogaba que se llevaran lo que ellos quisieran. Pero parec\u00eda que la \u00fanica misi\u00f3n de los hombres era golpearlo con cadenas y pistolas. Mej\u00eda logr\u00f3 mirar a unas personas en la Carretera Norte, pero no pudo gritar porque le hab\u00edan puesto un trapo en la boca. En cuesti\u00f3n de minutos perdi\u00f3 el conocimiento.<\/p>\n<p>Cuando pudo incorporarse se encontraba en un predio montoso de los escombros de Managua. Uno de los agresores regres\u00f3 y le peg\u00f3 con una cadena de acero. Mej\u00eda segu\u00eda tendido en el monte. Su reloj, billetera, malet\u00edn y documentos de LA PRENSA y del semanario Paso a Paso del PLI fueron los objetos robados.<\/p>\n<p>Una patrulla de la polic\u00eda apareci\u00f3 en el lugar y lo llev\u00f3 al hospital. La golpiza fue tal que sufr\u00eda hematomas en el cr\u00e1neo, est\u00f3mago y espalda. Ten\u00eda una oreja desprendida y la boca completamente lacerada.<\/p>\n<p>No se iba a recuperar del trauma. En junio de 1990, cuando reci\u00e9n se celebraba el triunfo de la Uni\u00f3n Nacional Opositora, organizaci\u00f3n a la que perteneci\u00f3 Mej\u00eda como representante del Partido Liberal Independiente (PLI), fue trasladado de emergencia a Miami, EE. UU. En el hospital Coral Gabbles, los doctores nicarag\u00fcenses descartar\u00edan que pudieran hacer algo para salvarlo. El tumor era maligno e irremediable.<\/p>\n<figure id=\"attachment_32444\" aria-describedby=\"caption-attachment-32444\" style=\"width: 587px\" class=\"wp-caption aligncenter\"><a href=\"\/wp-content\/uploads\/2017\/01\/265-Mag-Joaqu\u00edn-4.jpg\"><img fetchpriority=\"high\" decoding=\"async\" class=\"wp-image-32444 size-large\" src=\"https:\/\/d1xxa24wwackpg.cloudfront.net\/wp-content\/uploads\/2017\/01\/07151553\/265-Mag-Joaqu%C3%ADn-4-587x1024.jpg\" alt=\"Esta fue la caricatura que se public\u00f3 debajo de la denuncia de Joaqu\u00edn Mej\u00eda.\" width=\"587\" height=\"1024\" \/><\/a><figcaption id=\"caption-attachment-32444\" class=\"wp-caption-text\">Esta fue la caricatura que se public\u00f3 debajo de la denuncia de Joaqu\u00edn Mej\u00eda.<\/figcaption><\/figure>\n<p style=\"text-align: center;\">***<\/p>\n<p>Joaqu\u00edn Mej\u00eda naci\u00f3 en Estel\u00ed, en el seno de una familia acomodada. Su hermano, Francisco Mej\u00eda, fue un sacerdote muy conocido de la \u00e9poca por sus cr\u00edticas contra el r\u00e9gimen somocista. Joaqu\u00edn fue enviado a estudiar periodismo a Espa\u00f1a, en la Universidad Complutense, y se asent\u00f3 en la ciudad de Andaluc\u00eda, donde trabajaba en un peri\u00f3dico local.<\/p>\n<p>Tiempo despu\u00e9s fue expulsado de Espa\u00f1a, porque que hac\u00eda cr\u00edticas contra el r\u00e9gimen franquista. Su esposa, Mar\u00eda de la Fe, y sus cuatros hijos \u2014Covodonga, Joaqu\u00edn, Martha Mar\u00eda y Javier\u2014 se quedaron en el pa\u00eds ib\u00e9rico.<\/p>\n<p>En Nicaragua, Joaqu\u00edn Mej\u00eda trabaj\u00f3 a inicios de los a\u00f1os ochenta en el departamento de informaci\u00f3n y prensa de la Junta de Gobierno sandinista. Por diferencias ideol\u00f3gicas, m\u00e1s adelante se cambi\u00f3 a las filas del Partido Liberal Independiente, a la vez que trabajaba en LA PRENSA y Radio Corporaci\u00f3n. Adem\u00e1s, colaboraba con el semanario Paso a Paso del PLI, que dirigi\u00f3 el periodista Ignacio Briones Torres.<\/p>\n<p>\u201cFue un periodista que manejaba la cr\u00f3nica y la nota pol\u00edtica. Un hombre intelectualmente muy destacado y pol\u00edticamente muy combativo\u201d, dice Joaqu\u00edn Absal\u00f3n Pastora, quien lo conoci\u00f3 muy de cerca cuando trabaj\u00f3 en el Partido Liberal Independiente.<\/p>\n<p>En las elecciones de 1984, Joaqu\u00edn Mej\u00eda fue electo diputado del PLI. En ese periodo tambi\u00e9n fue vocero de V\u00eda C\u00edvica, un movimiento de un organismo no gubernamental financiado por el Congreso de Estados Unidos, para promover el voto en las elecciones de 1990. Por lo tanto, para el a\u00f1o de la agresi\u00f3n, era un pol\u00edtico opositor muy activo y utilizaba los medios de comunicaci\u00f3n para difundir sus mensajes.<br \/>\nAbsal\u00f3n Pastora dice que Mej\u00eda era un hombre muy aferrado a sus convicciones liberales. \u201cEra un libertario, un liberal a ultranza, para \u00e9l las garant\u00edas individuales, los derechos humanos y las libertades civiles deb\u00edan de estar por encima de todo\u201d.<\/p>\n<figure id=\"attachment_32447\" aria-describedby=\"caption-attachment-32447\" style=\"width: 800px\" class=\"wp-caption aligncenter\"><a href=\"\/wp-content\/uploads\/2017\/01\/265-Mag-Joaqu\u00edn1.jpg\"><img decoding=\"async\" class=\"wp-image-32447 size-full\" src=\"https:\/\/gep90.laprensa.com.ni\/magazine\/wp-content\/uploads\/2017\/01\/265-Mag-Joaqu\u00edn1-e1597359964415.jpg\" alt=\"As\u00ed qued\u00f3 la ropa de Joaqu\u00edn Mej\u00eda el d\u00eda que lo vapulearon unos desconocidos. Foto Archivo La Prensa\" width=\"800\" height=\"530\" \/><\/a><figcaption id=\"caption-attachment-32447\" class=\"wp-caption-text\">As\u00ed qued\u00f3 la ropa de Joaqu\u00edn Mej\u00eda el d\u00eda que lo vapulearon unos desconocidos. Foto Archivo La Prensa<\/figcaption><\/figure>\n<p style=\"text-align: center;\">***<\/p>\n<p>El 21 de septiembre de 1988, Mej\u00eda recorr\u00eda la redacci\u00f3n de un lado a otro. Cabizbajo, caminaba apresurado, la camisa arrugada y en la espalda se le formaba una mancha de sudor.<br \/>\n\u2014\u00bfQui\u00e9n mand\u00f3 a poner esta caricatura debajo de mi texto? \u2014pregunt\u00f3 preocupado.<br \/>\n\u2014El editor \u2014le contestaron<br \/>\n\u2014Ahora s\u00ed ya me jodieron \u2014dijo Mej\u00eda.<\/p>\n<p>La columna de opini\u00f3n que public\u00f3 Mej\u00eda el 21 de septiembre de 1988 era una denuncia contra el Ministerio del interior, por negar el permiso de marchar a la Coordinadora de la Democracia, un movimiento opositor que m\u00e1s tarde se adhiri\u00f3 a la Uni\u00f3n Nacional Opositora, y que en ese momento se acus\u00f3 de que realizar\u00edan \u201cactos de violencia en la que algunas personas resultar\u00e1n heridas\u201d.<\/p>\n<p>Para Mej\u00eda, \u201cera asombroso el modo en que el somocismo derrotado lleva al sandinismo por el mismo derrotero de la ceguera pol\u00edtica. Somoza tambi\u00e9n se empe\u00f1\u00f3 en prohibir manifestaciones sobre la base de que quer\u00edan iniciar violencia\u201d, dec\u00eda el texto titulado \u201cAladino y la l\u00e1mpara maravillosa\u201d.<\/p>\n<p>\u201cA la hora de llegada nadie puede vaticinar lo que pueda ocurrir, si la expresi\u00f3n del pueblo es contenida m\u00e1s all\u00e1 de los l\u00edmites saludables. Ning\u00fan adivino lo sabe\u201d, conclu\u00eda el escrito.<br \/>\nLo que s\u00ed pudo predecir Mej\u00eda era la reacci\u00f3n violenta, despu\u00e9s de ver la denuncia y la caricatura de Tom\u00e1s Borge.<\/p>\n<p>Desde antes del triunfo de la oposici\u00f3n en 1990, el Frente Sandinista manten\u00eda todos los poderes coercitivos: Polic\u00eda, Ej\u00e9rcito y \u00f3rganos judiciales. En ese tiempo hubo mucho resentimiento del sector m\u00e1s radical del FSLN, y por lo tanto, hubo muchas ejecuciones similares a la de Mej\u00eda, y asesinatos pol\u00edticos, seg\u00fan Luis S\u00e1nchez Sancho, actual editorialista del diario LA PRENSA y compa\u00f1ero de Mej\u00eda cuando era diputado en la Asamblea Nacional.<\/p>\n<p>Poco despu\u00e9s del triunfo fueron asesinados el excomandante de la Resistencia, Enrique Berm\u00fadez, conocido como comandante 3-80, y Agnes Sequeira, quien fuera representante del Consejo Superior de la Empresa Privada y vicepresidente del Partido Liberal Constitucionalista.<\/p>\n<p>Sin embargo, los antecedentes de agresiones contra los periodistas datan desde 1982, cuando el periodista Horacio Ru\u00edz fue secuestrado y vapuleado en la Cuesta El Plomo por militares.<br \/>\n\u201cExiste unanimidad en afirmar que el asalto de que fuiste v\u00edctima tiene todas las trazas del llamado terrorismo de estado por tus valientes escritos en LA PRENSA y Paso a Paso, por tu encendida y contundente ret\u00f3rica en la Asamblea\u201d, dec\u00eda la carta que Ignacio Briones, director del semanario Paso a Paso, envi\u00f3 a Joaqu\u00edn Mej\u00eda cuando este se encontraba en el hospital.<\/p>\n<p>LA PRENSA, la Asamblea Nacional, los gremios period\u00edsticos y partidos pol\u00edticos de oposici\u00f3n condenaron el ataque. \u201cLo que realmente quer\u00edan era &#8216;ablandarte&#8217;, un t\u00e9rmino que el viejo Somoza (plata, palo y plomo) utilizaba en sus tiempos. Puedes tener la seguridad de que estamos en la misma l\u00ednea, que consideramos una l\u00ednea de verdadera actitud patri\u00f3tica por el pueblo y para el pueblo, sin m\u00e1s premio que lograr la liberaci\u00f3n de nuestra querida Nicaragua\u201d, escribi\u00f3 Julio C\u00e9sar Armas, secretario ejecutivo de la Asociaci\u00f3n de Periodistas de Nicaragua.<\/p>\n<p>Entonces el ambiente era muy incierto en Nicaragua. Hab\u00eda mucho temor y era com\u00fan que ocurrieran este tipo de hechos, seg\u00fan S\u00e1nchez Sancho. \u201cMuchos combatientes de la Contra, de nivel intermedio y superior, fueron asesinados. Aparec\u00edan muertos. En ese contexto ocurri\u00f3 lo de Joaqu\u00edn Mej\u00eda. Nunca se esclareci\u00f3, no hab\u00eda una organizaci\u00f3n policial o judicial y fiscal que hiciera una investigaci\u00f3n cre\u00edble y seria\u201d.<\/p>\n<p>Para S\u00e1nchez Sancho, era una aventura ser periodista en ese tiempo, ya que no hab\u00eda ninguna garant\u00eda o seguridad de que se iban a respetar los derechos constitucionales.<\/p>\n<p>El estilo de trabajo y discusi\u00f3n de Mej\u00eda se notaba en sus columnas de opini\u00f3n y, seg\u00fan los analistas de la \u00e9poca, la conclusi\u00f3n fue que acumul\u00f3 un resentimiento de un poder pol\u00edtico que acostumbraba a resolver los conflictos por el uso de la fuerza.<\/p>\n<p>\u201cTodos estos cr\u00edmenes quedaron impunes e incluso sin esclarecerse. Creo que el principal problema de la transici\u00f3n democr\u00e1tica fue que no hubo justicia transicional: no se aclararon los cr\u00edmenes de uno y otro bando. Ni siquiera para que quedara como memoria hist\u00f3rica\u201d, concluye S\u00e1nchez Sancho.<\/p>\n<p>72 horas despu\u00e9s de la golpiza, Joaqu\u00edn Mej\u00eda fue operado de emergencia por una lesi\u00f3n en el cerebro. Nunca se pudo recuperar. Todos los d\u00edas sufr\u00eda dolores cerebrales agudos, hasta que el 7 de junio de 1990 le detectaron un tumor maligno y agresivo, del tama\u00f1o de una naranja que invad\u00eda ambos hemisferios.<\/p>\n<p>En el hospital de Coral Gables determinaron que el tumor no era operable y que tampoco responder\u00eda a una terapia radiactiva, y por lo tanto, fue enviado a Nicaragua. El 4 de julio de 1990, a los 53 a\u00f1os de edad, Joaqu\u00edn Mej\u00eda muri\u00f3 en una cama del Hospital Bautista de Managua, despu\u00e9s de 40 d\u00edas de estar internado, bajo prolijos cuidados m\u00e9dicos, rodeado de su familia.<\/p>\n<figure id=\"attachment_32445\" aria-describedby=\"caption-attachment-32445\" style=\"width: 640px\" class=\"wp-caption aligncenter\"><a href=\"\/wp-content\/uploads\/2017\/01\/265-Mag-TomasB.jpg\"><img decoding=\"async\" class=\"wp-image-32445 size-large\" src=\"https:\/\/gep90.laprensa.com.ni\/magazine\/wp-content\/uploads\/2017\/01\/265-Mag-TomasB-650x1024.jpg\" alt=\"Tom\u00e1s Borge Mart\u00ednez, fue temido durante el primer r\u00e9gimen sandinista (1979-1990) cuando dirigi\u00f3 el Ministerio del Interior. \" width=\"640\" height=\"1008\" \/><\/a><figcaption id=\"caption-attachment-32445\" class=\"wp-caption-text\">Tom\u00e1s Borge Mart\u00ednez fue temido durante el primer r\u00e9gimen sandinista (1979-1990), cuando dirigi\u00f3 el Ministerio del Interior.<\/figcaption><\/figure>\n<h3>El temido ministro<\/h3>\n<p>El comandante Tom\u00e1s Borge Mart\u00ednez fue temido durante el primer r\u00e9gimen sandinista (1979-1990), cuando dirigi\u00f3 el Ministerio del Interior. Fue antisomocista y admirador del l\u00edder cubano Fidel Castro y del exl\u00edder libio Muamar el Gadafi, de quien dijo que muri\u00f3 \u00abheroicamente\u00bb.<br \/>\nBorge Mart\u00ednez fue acusado de participar en una masacre de 37 presos pol\u00edticos en junio de 1980, lo que Borge siempre neg\u00f3.<\/p>\n<p>A mediados de los ochenta se encarg\u00f3 como gobernador de la direcci\u00f3n de la zona caribe\u00f1a del pa\u00eds y desde comienzos de 1988 particip\u00f3 en las negociaciones con la organizaci\u00f3n rebelde Yatama, para la pacificaci\u00f3n de la zona y la concesi\u00f3n de autonom\u00eda a los miskitos.<\/p>\n<p>En 2006 fue acusado, junto a Daniel Ortega y otros l\u00edderes sandinistas, de genocidio y cr\u00edmenes de lesa humanidad ante la Comisi\u00f3n Interamericana de Derechos Humanos (CIDH), de la Organizaci\u00f3n de Estados Americanos (OEA), por delitos supuestamente cometidos tambi\u00e9n en los a\u00f1os de 1980 contra comunidades ind\u00edgenas asentadas en el Caribe de Nicaragua.<\/p>\n<h3>Ejecuciones y amnist\u00eda total<\/h3>\n<p>Otra ejecuci\u00f3n similar fue la de Jorge Salazar Arg\u00fcello, vicepresidente del Cosep, quien encabezaba a una buena parte de los empresarios del pa\u00eds y estaba convirti\u00e9ndose en un referente nacional como alternativa ideol\u00f3gica al sandinismo, al defender la libre empresa y la democracia. En 1980 fue asesinado por las fuerzas policiales sandinistas en un extra\u00f1o tiroteo que nunca fue aclarado. Se sospecha que colocaron en su veh\u00edculo armas y pruebas falsas para acusarlo de contrarrevolucionario.<br \/>\nEl documento que emiti\u00f3 el Ministerio del Interior indicaba que Salazar, junto a otras personas, estaban organizando un \u201ccomplot contrarrevolucionario\u201d.<\/p>\n<p>En marzo de 1990, se aprob\u00f3 la ley de amnist\u00eda total, la cual proteg\u00eda a todos \u201clos nicarag\u00fcenses militares y civiles que hubiesen cometidos delitos de persecuci\u00f3n e investigaci\u00f3n de hechos delictivos contra la seguridad interior y exterior del Estado y comunes nexos con \u00e9stos\u201d.<\/p>\n","protected":false},"excerpt":{"rendered":"<p>En 1988 un pol\u00edtico opositor escribi\u00f3 una denuncia contra el Gobierno. Al d\u00eda siguiente fue golpeado y muri\u00f3 por las secuelas dos a\u00f1os despu\u00e9s. El ataque fue uno de tantos que nunca fueron esclarecidos<\/p>\n","protected":false},"author":8,"featured_media":32442,"comment_status":"open","ping_status":"open","sticky":false,"template":"","format":"standard","meta":{"_acf_changed":false,"footnotes":""},"categories":[26],"tags":[415,383],"class_list":["post-32383","post","type-post","status-publish","format-standard","has-post-thumbnail","hentry","category-reportajes","tag-la-prensa","tag-periodista"],"acf":[],"_links":{"self":[{"href":"https:\/\/staging.laprensanic.com\/magazine\/wp-json\/wp\/v2\/posts\/32383","targetHints":{"allow":["GET"]}}],"collection":[{"href":"https:\/\/staging.laprensanic.com\/magazine\/wp-json\/wp\/v2\/posts"}],"about":[{"href":"https:\/\/staging.laprensanic.com\/magazine\/wp-json\/wp\/v2\/types\/post"}],"author":[{"embeddable":true,"href":"https:\/\/staging.laprensanic.com\/magazine\/wp-json\/wp\/v2\/users\/8"}],"replies":[{"embeddable":true,"href":"https:\/\/staging.laprensanic.com\/magazine\/wp-json\/wp\/v2\/comments?post=32383"}],"version-history":[{"count":14,"href":"https:\/\/staging.laprensanic.com\/magazine\/wp-json\/wp\/v2\/posts\/32383\/revisions"}],"predecessor-version":[{"id":51883,"href":"https:\/\/staging.laprensanic.com\/magazine\/wp-json\/wp\/v2\/posts\/32383\/revisions\/51883"}],"wp:featuredmedia":[{"embeddable":true,"href":"https:\/\/staging.laprensanic.com\/magazine\/wp-json\/wp\/v2\/media\/32442"}],"wp:attachment":[{"href":"https:\/\/staging.laprensanic.com\/magazine\/wp-json\/wp\/v2\/media?parent=32383"}],"wp:term":[{"taxonomy":"category","embeddable":true,"href":"https:\/\/staging.laprensanic.com\/magazine\/wp-json\/wp\/v2\/categories?post=32383"},{"taxonomy":"post_tag","embeddable":true,"href":"https:\/\/staging.laprensanic.com\/magazine\/wp-json\/wp\/v2\/tags?post=32383"}],"curies":[{"name":"wp","href":"https:\/\/api.w.org\/{rel}","templated":true}]}}