{"id":32618,"date":"2017-01-09T16:52:52","date_gmt":"2017-01-09T22:52:52","guid":{"rendered":"https:\/\/www.magazine.com.ni\/?p=32618"},"modified":"2017-01-11T11:00:07","modified_gmt":"2017-01-11T17:00:07","slug":"blanco-de-verano","status":"publish","type":"post","link":"https:\/\/staging.laprensanic.com\/magazine\/collage\/blanco-de-verano\/","title":{"rendered":"Blanco de verano"},"content":{"rendered":"<p style=\"text-align: center;\"><strong>Marianela Lacayo\u00a0<\/strong><br \/>\n<strong>Asesora de imagen<\/strong><\/p>\n<p>Uno de los colores que siempre ha representado el verano es el blanco y su familia de opciones, desde el m\u00e1s puro en su lado fr\u00edo, hasta el m\u00e1s cremoso en su lado c\u00e1lido. El blanco, adem\u00e1s por su naturaleza elegante, se lleva en el d\u00eda y la noche.<\/p>\n<p>Olvidate del clich\u00e9 de que el blanco solo es para las delgadas, pues como casi en todas las prendas de vestir es a\u00fan m\u00e1s importante el dise\u00f1o del mismo; el grosor de la tela, el dise\u00f1o y el corte ser\u00e1 lo que te genere o no volumen. Si vest\u00eds toda de blanco lograr\u00e1s el efecto de estilizar tu figura, gracias al efecto \u00f3ptico del monocromatismo, en cambio cuando combin\u00e1s o contrast\u00e1s colores en un atuendo, cort\u00e1s el cuerpo con los bloques de color o estampados.<\/p>\n<p>Actualmente una de las prendas de vestir que m\u00e1s ofrecen las colecciones son los vestidos. En verano opt\u00e1 por el tono blanco en telas fluidas, con movimiento y vaporosas, con escotes profundos de pecho o espalda, off shoulder, one shoulder, halter, tipo camiseros y cortes rectos largos, midi o cortos con dise\u00f1o minimalista o m\u00e1s tropicales con volantes y cortes asim\u00e9tricos.<\/p>\n<p>Cuid\u00e1 siempre que no se note a trav\u00e9s de la tela cualquier imperfecci\u00f3n de la piel como celulitis, rollitos o la ropa interior; para lo que se debe escoger la talla y el entalle correctos, la ropa interior adecuada y en tono piel preferiblemente.<\/p>\n<p>En verano lucilos con plataformas corridas, alpargatas o cualquier dise\u00f1o de sandalias con tiras y gladiadoras, bailarinas, suecos y zapatos deportivos casuales. Seg\u00fan tu gusto y estilo con aires m\u00e1s minimalistas sum\u00e1 blanco o tonos naturales como camel, crema, marrones, otros nude y met\u00e1licos en los accesorios, o si te gusta el contraste, sum\u00e1 colores vibrantes.<\/p>\n","protected":false},"excerpt":{"rendered":"<p>El blanco y su familia de opciones representan el verano. Marianela Lacayo, asesora de imagen, comparte consejos para lucirlo.<\/p>\n","protected":false},"author":46,"featured_media":32619,"comment_status":"open","ping_status":"open","sticky":false,"template":"","format":"standard","meta":{"_acf_changed":false,"footnotes":""},"categories":[4],"tags":[452,72],"class_list":["post-32618","post","type-post","status-publish","format-standard","has-post-thumbnail","hentry","category-collage","tag-estilo","tag-moda"],"acf":[],"_links":{"self":[{"href":"https:\/\/staging.laprensanic.com\/magazine\/wp-json\/wp\/v2\/posts\/32618","targetHints":{"allow":["GET"]}}],"collection":[{"href":"https:\/\/staging.laprensanic.com\/magazine\/wp-json\/wp\/v2\/posts"}],"about":[{"href":"https:\/\/staging.laprensanic.com\/magazine\/wp-json\/wp\/v2\/types\/post"}],"author":[{"embeddable":true,"href":"https:\/\/staging.laprensanic.com\/magazine\/wp-json\/wp\/v2\/users\/46"}],"replies":[{"embeddable":true,"href":"https:\/\/staging.laprensanic.com\/magazine\/wp-json\/wp\/v2\/comments?post=32618"}],"version-history":[{"count":2,"href":"https:\/\/staging.laprensanic.com\/magazine\/wp-json\/wp\/v2\/posts\/32618\/revisions"}],"predecessor-version":[{"id":32692,"href":"https:\/\/staging.laprensanic.com\/magazine\/wp-json\/wp\/v2\/posts\/32618\/revisions\/32692"}],"wp:featuredmedia":[{"embeddable":true,"href":"https:\/\/staging.laprensanic.com\/magazine\/wp-json\/wp\/v2\/media\/32619"}],"wp:attachment":[{"href":"https:\/\/staging.laprensanic.com\/magazine\/wp-json\/wp\/v2\/media?parent=32618"}],"wp:term":[{"taxonomy":"category","embeddable":true,"href":"https:\/\/staging.laprensanic.com\/magazine\/wp-json\/wp\/v2\/categories?post=32618"},{"taxonomy":"post_tag","embeddable":true,"href":"https:\/\/staging.laprensanic.com\/magazine\/wp-json\/wp\/v2\/tags?post=32618"}],"curies":[{"name":"wp","href":"https:\/\/api.w.org\/{rel}","templated":true}]}}