{"id":32809,"date":"2016-04-10T09:16:56","date_gmt":"2016-04-10T15:16:56","guid":{"rendered":"https:\/\/www.magazine.com.ni\/?p=32809"},"modified":"2018-10-01T05:48:11","modified_gmt":"2018-10-01T05:48:11","slug":"las-fotinskis-de-daniel","status":"publish","type":"post","link":"https:\/\/staging.laprensanic.com\/magazine\/reportajes\/las-fotinskis-de-daniel\/","title":{"rendered":"Las \u00abfotinskis\u00bb de Daniel"},"content":{"rendered":"<p style=\"text-align: center;\">Desde 1978, cuando captur\u00f3 a un ciego y melanc\u00f3lico Jorge Luis Borges, frente al lente de este argentino han pasado cientos de novelistas a quienes ha retratado como nadie. Daniel Mordzinski es \u201cel fot\u00f3grafo de los escritores\u201d<\/p>\n<p style=\"text-align: center;\"><strong>Por Tammy Zoad Mendoza M.<\/strong><\/p>\n<p style=\"text-align: center;\"><strong>Fotograf\u00edas cortes\u00eda de Daniel Mordzinski.<\/strong><\/p>\n<p>\u201cSoy Garc\u00eda M\u00e1rquez, Plinio me dijo que te llamara para unas fotos\u201d. Era septiembre de 1995 y Daniel Mordzinski hab\u00eda viajado de Par\u00eds a Biarritz, suroeste de Francia, porque Plinio Apuleyo Mendoza, periodista y viejo amigo de Gabo, le hab\u00eda prometido una cita con el escritor.<\/p>\n<p>Era una semana en honor a la literatura colombiana, pero en lugar de fotografiar ferozmente como suele hacer en estos festivales, se hab\u00eda quedado todo el d\u00eda en el cuarto del hotel esperando esa llamada. Cuando oy\u00f3 al mism\u00edsimo Garc\u00eda M\u00e1rquez, enmudeci\u00f3. Se repuso de la emoci\u00f3n, lo salud\u00f3 y le dio las gracias. Fijaron la sesi\u00f3n de fotos para el d\u00eda siguiente. \u201cDaniel, \u00bfc\u00f3mo quieres que me vista?, \u00bfcon o sin corbata?\u201d, le pregunt\u00f3 el escritor. \u201cNo sab\u00eda ni qu\u00e9 decirle. No quer\u00eda decirle solo s\u00ed o no, quer\u00eda parecer de alguna manera inteligente, y entonces se me ocurri\u00f3: \u2018Sabe Garc\u00eda M\u00e1rquez, esta ma\u00f1ana sal\u00ed a caminar por las playas de Biarritz y me transport\u00e9 a Cartagena de Indias, una ciudad que quiero tanto\u2019, \u00a1pero nunca hab\u00eda estado en Colombia!\u201d, admite entre risas. \u201cNos vamos a caminar por la playa y a pensar que estamos en Cartagena, le dije\u201d, recuerda Mordzinski. Un texto de Gabriel Garc\u00eda M\u00e1rquez y sus fotos caminando por la playa, con un traje a cuadros y sin corbata, aparecen en su primer libro fotogr\u00e1fico La ciudad de las palabras (1996). El 29 de febrero de 2010 estar\u00edan ciertamente en Cartagena, en el cuarto de Gabo, captando este retrato que se viraliz\u00f3 tras la muerte del Nobel.<\/p>\n<p>Cartagena estaba agitada por la brisa, los turistas y escritores que pululaban en la ciudad por el Hay Festival. \u201cGabo te espera a las 12\u201d, le dijo Mercedes Barcha por tel\u00e9fono, pero \u00e9l pidi\u00f3 pasarla a las dos de la tarde. A mediod\u00eda iba a fotografiar a Mario Vargas Llosa. S\u00ed, el mismo que le conect\u00f3 un pu\u00f1etazo en el ojo izquierdo a Gabo, la tarde del 12 de febrero de 1976. Hasta ese d\u00eda fueron amigos.<\/p>\n<p>\u201cDespu\u00e9s del almuerzo Garc\u00eda M\u00e1rquez iba a su siesta, subimos al cuarto, conversamos y se dej\u00f3 fotografiar. Fue una sesi\u00f3n muy \u00edntima. Y antes de irme, Mercedes me pregunta: \u201cDaniel, \u00bfyo qu\u00e9 te hice? \u00bfPor qu\u00e9 no me haces una foto con Gabito?\u201d \u00a1Todo el mundo sabe que a ella no le gusta posar! , pero ese d\u00eda se dejaron fotografiar\u201d, cuenta Mordzinski. Esas fotograf\u00edas son parte del libro Gabo Siempre (2015).<\/p>\n<p style=\"text-align: center;\">***<\/p>\n<p>Daniel se encontr\u00f3 a Mario Vargas Llosa en el desayuno. \u201cYo lo quer\u00eda fotografiar y quedamos en que a mediod\u00eda har\u00edamos la foto, despu\u00e9s de una de sus presentaciones en el Hay Festival de Cartagena\u201d, comenta Mordzinski.Como siempre, no hab\u00eda planeado nada para aquel encuentro. \u00c9l es del m\u00e9todo de no tener un m\u00e9todo, m\u00e1s bien, de escuchar, ver y hacer lo que le nazca en el momento. Por eso, despu\u00e9s de escuchar a Mario contar la historia de cuando era ni\u00f1o y convert\u00eda en carpa su s\u00e1bana, encend\u00eda una l\u00e1mpara y le\u00eda de noche, escondido para que no lo rega\u00f1aran por trasnocharse entre libros, Mordzinski supo que ah\u00ed estaba su \u201cfotinski\u201d.En el cuarto del hotel Santa Clara, Mario Vargas Llosa se tir\u00f3 en la cama, unas trabajadoras del lugar sostuvieron las s\u00e1banas para recrear aquella carpa de infancia y Mordzinski captur\u00f3 el momento. Entonces Mario Vargas Llosa, con 74 a\u00f1os, en lugar de leer a escondidas parece escribir, con plum\u00f3n azul, qui\u00e9n sabe qu\u00e9 novela a la luz de una vela blanca. La imagen es parte de su proyecto Cuartos de Escritura, que muestra a los escritores en esos rincones ajenos que se vuelven propios cuando la inspiraci\u00f3n les toca la puerta. Terminando las fotos con Vargas Llosa en el hotel, Daniel Mordzinski deb\u00eda cruzarse a la casa de Gabriel Garc\u00eda M\u00e1rquez, para fotografiarlo tambi\u00e9n en su cuarto.<\/p>\n<p>\u201cComo no pude quedarme charlando, porque ten\u00eda las fotos con Gabo a las dos, Mario Vargas Llosa me dijo que llegar\u00eda a mi presentaci\u00f3n esa noche, y yo se lo agradec\u00ed emocionado\u201d, comenta. Al terminar la sesi\u00f3n con Garc\u00eda M\u00e1rquez y Mercedes Barcha, ella le prometi\u00f3 que asistir\u00edan esa noche a la misma presentaci\u00f3n.<\/p>\n<p>\u201c\u00bfQu\u00e9 hago, le digo o no le digo?, Ese d\u00eda hab\u00eda retratado a los dos monstruos de la literatura latinoamericana, que dejaron de ser amigos y se encontrar\u00edan esa noche en mi presentaci\u00f3n\u201d, cuenta Mordzinski. Durante la exposici\u00f3n de su trabajo, le\u00eda con un ojo y con el otro miraba a la puerta. Mario Vargas Llosa estaba sentado. Gabriel Garc\u00eda M\u00e1rquez finalmente no lleg\u00f3.<\/p>\n<p><a href=\"https:\/\/www.laprensa.com.ni\/magazine\/wp-content\/uploads\/2017\/01\/256-MAG-FotLlosa.jpg\"><img fetchpriority=\"high\" decoding=\"async\" class=\"aligncenter wp-image-32939 size-full\" src=\"https:\/\/www.laprensa.com.ni\/magazine\/wp-content\/uploads\/2017\/01\/256-MAG-FotLlosa.jpg\" alt=\"Fotograf\u00eda libre de derechos exclusivamente para ilustrar la entrevista de la Revista MAGAZINE de Nicaragua.\" width=\"700\" height=\"467\" srcset=\"https:\/\/d1xxa24wwackpg.cloudfront.net\/wp-content\/uploads\/2017\/01\/07151059\/256-MAG-FotLlosa.jpg 700w, https:\/\/d1xxa24wwackpg.cloudfront.net\/wp-content\/uploads\/2017\/01\/07151059\/256-MAG-FotLlosa.jpg 300w\" sizes=\"(max-width: 700px) 100vw, 700px\" \/><\/a><\/p>\n<p style=\"text-align: center;\">***<\/p>\n<p>Era un \u201cpibe\u201d, dice, cuando se escondi\u00f3 en la Plaza Alemania para fumar un cigarrillo a escondidas y leer poemas con su amigo Javier Feldman. \u201cEncendimos un pucho, dimos una pitada y escuchamos bocinas y que de lejos nos llamaban por nuestros nombres. Era mi mam\u00e1, que de casualidad pasaba por all\u00ed y nos descubr\u00eda in fraganti. \u00a1Nunca m\u00e1s fum\u00e9! Pero desde entonces no me separo de la poes\u00eda\u201d, cuenta Daniel Mordzinski, quien ha dedicado casi 40 a\u00f1os, de sus 56, al proyecto personal de retratar poetas y novelistas.<\/p>\n<p>El escritor V\u00edctor Andresco lo bautiz\u00f3 como \u201cel fot\u00f3grafo de los escritores\u201d. \u201cAl leerlo me pareci\u00f3 generoso, un poco vanidoso y cursi. Jur\u00e9 no repetirlo, pero al poco tiempo durante una entrevista me di cuenta que el entrevistador no ten\u00eda idea si yo era escritor o fot\u00f3grafo, entonces le dije \u2018hombre, soy el fot\u00f3grafo de los escritores\u2019. Y desde entonces me persigue\u201d, reconoce.Fue tambi\u00e9n un escritor, Enrique de Heriz, quien defini\u00f3 en una palabra su estilo de fotografiar: Fotinski. \u201cSon travesuras visuales, im\u00e1genes singulares, divertidas a veces, respetuosas siempre. (&#8230;) Para que haya una fotinski tiene que haber intimidad emocional, una suerte de di\u00e1logo, aunque sea inaudible, pero no invisible a los ojos del espectador de la fotograf\u00eda\u201d, explica Mordzinski.Aqu\u00ed, la escritora espa\u00f1ola Almudena Grandes pos\u00f3 una vez m\u00e1s para Mordzinski.<\/p>\n<figure id=\"attachment_32940\" aria-describedby=\"caption-attachment-32940\" style=\"width: 700px\" class=\"wp-caption aligncenter\"><a href=\"https:\/\/www.laprensa.com.ni\/magazine\/wp-content\/uploads\/2017\/01\/256-MAG-FotDM3.jpg\"><img decoding=\"async\" class=\"wp-image-32940 size-full\" src=\"https:\/\/www.laprensa.com.ni\/magazine\/wp-content\/uploads\/2017\/01\/256-MAG-FotDM3.jpg\" alt=\"Daniel Mordzinski, Fot\u00f3grafo de artistas, poetas, m\u00fasicos y escritores internacionales. Oscar Navarrete\/LA PRENSA.\" width=\"700\" height=\"1049\" srcset=\"https:\/\/d1xxa24wwackpg.cloudfront.net\/wp-content\/uploads\/2017\/01\/07151058\/256-MAG-FotDM3.jpg 700w, https:\/\/d1xxa24wwackpg.cloudfront.net\/wp-content\/uploads\/2017\/01\/07151058\/256-MAG-FotDM3.jpg 200w, https:\/\/d1xxa24wwackpg.cloudfront.net\/wp-content\/uploads\/2017\/01\/07151058\/256-MAG-FotDM3.jpg 683w\" sizes=\"(max-width: 700px) 100vw, 700px\" \/><\/a><figcaption id=\"caption-attachment-32940\" class=\"wp-caption-text\">Daniel Mordzinski, retratado por Oscar Navarrete durante el festival Centroam\u00e9rica Cuenta en 2015.<\/figcaption><\/figure>\n<p style=\"text-align: center;\">***<\/p>\n<p>Si lo ponen a elegir cinco retratos que atesore, es incapaz de hacerlo. Daniel Mordzinski suelta una lista de sus preferidos, no porque el resto no le gusten, aclara, sino por las historias detr\u00e1s. \u201cDigamos Borges porque todo comenz\u00f3 con \u00e9l, Cort\u00e1zar porque fue Julio. Ernesto S\u00e1bato, Osvaldo Soriano, Eduardo Galeano, Octavio Paz, Carlos Fuentes, Adolfo Bioy Casares, Gabriel Garc\u00eda M\u00e1rquez, Mario Vargas Llosa, Jorge Amado y Roberto Juarroz porque fueron los primeros que retrat\u00e9\u201d. Ha recorrido el mundo de festivales en festivales, pero asegura que el Centroam\u00e9rica Cuenta es \u201cuno de los mejores festivales literarios del mundo\u201d. Esta imagen fue tomada en la edici\u00f3n 2015 de ese festival. \u201cMe gustan mucho las fotos de grupo. Estaba en el hotel y empec\u00e9 a hacer llamadas. H\u00e9ctor Abad Faciolince, Juan Gabriel V\u00e1zquez, Jos\u00e9 Ovejero, Sergio Ram\u00edrez, Patrick Deville, Berna Gonz\u00e1lez de Babelia, amigos de hace muchos a\u00f1os. Fuimos al lago e improvisamos. Para eso sirven los a\u00f1os y el cari\u00f1o, para organizar en 10 minutos algo que en otros casos hubiera sido un rechazo porque siempre andan muy ocupados\u201d, reconoce Mordzinski.<\/p>\n<p style=\"text-align: center;\">***<\/p>\n<p>Conoci\u00f3 al escritor, periodista y cineasta chileno Luis Sep\u00falveda en 1990. Cuenta que Sep\u00falveda atravesaba un periodo nefasto, estaba enfermo, con muletas y no quer\u00eda fotos. Daniel insisti\u00f3 y Luis acept\u00f3. Semanas despu\u00e9s de haberle enviado las foto por correo, el escritor le envi\u00f3 una carta pidi\u00e9ndole que no las utilizara porque eran \u201cradiograf\u00edas\u201d, no fotograf\u00edas. A cambio lo invitaba a su casa en Alemania para conversar y hacer nuevas fotos. Desde entonces son amigos.\u201cJuntos recorrimos la Patagonia, cruzamos el estrecho de Magallanes, buscamos al Golem en Praga, visitamos la tumba de Vlad\u00edmir Mayakovski en el cementerio Novodi\u00e9vichi de Mosc\u00fa, hemos visto a nuestros respectivos hijos crecer y juntos tambi\u00e9n hicimos un libro que me hizo muy feliz: \u00daltimas noticias del Sur\u201d, dice Daniel.<\/p>\n<p><a href=\"https:\/\/www.laprensa.com.ni\/magazine\/wp-content\/uploads\/2017\/01\/256-MAG-FotSepulveda.jpg\"><img decoding=\"async\" class=\"aligncenter wp-image-32942 size-full\" src=\"https:\/\/www.laprensa.com.ni\/magazine\/wp-content\/uploads\/2017\/01\/256-MAG-FotSepulveda.jpg\" alt=\"Fotograf\u00eda libre de derechos exclusivamente para ilustrar la entrevista de la Revista MAGAZINE de Nicaragua.\" width=\"700\" height=\"467\" srcset=\"https:\/\/d1xxa24wwackpg.cloudfront.net\/wp-content\/uploads\/2017\/01\/07151056\/256-MAG-FotSepulveda.jpg 700w, https:\/\/d1xxa24wwackpg.cloudfront.net\/wp-content\/uploads\/2017\/01\/07151056\/256-MAG-FotSepulveda.jpg 300w\" sizes=\"(max-width: 700px) 100vw, 700px\" \/><\/a><\/p>\n<p style=\"text-align: center;\">***<\/p>\n<p>Daniel Mordzinski ha fotografiado a un centenar de escritores y todos los d\u00edas se siente como S\u00edsifo. Cuando cree haber llegado a la cima, regresa al pie de la monta\u00f1a y empieza de nuevo. No carga la piedra, sino su c\u00e1mara a cuestas, todo el tiempo. Donde hay festivales internacionales de poes\u00eda o encuentros de escritores, seguramente estar\u00e1 \u00e9l, apuntando y disparando. Siempre est\u00e1 ah\u00ed, y cuando encuentra su momento, arma una pl\u00e1tica y lo hace posar como se le ocurre. Para \u00e9l la mejor manera de sacar a un escritor de la pose acartonada de escritor es proponerle una que rompa con los lugares comunes de la literatura, e incluso en poses y situaciones poco convencionales. Son retratos m\u00e1s cercanos, divertidos, extra\u00f1os, pero hermosos que van sumando p\u00e1ginas a una suerte de Atlas de escritores. Al escritor nicarag\u00fcense Sergio Ram\u00edrez Mercado lo ha fotografiado decenas de veces. Retratos melanc\u00f3licos, sentado en un parque con hojas oto\u00f1ales lloviendo y hasta dentro de un escaparate. Se han hecho amigos y Ram\u00edrez le acompa\u00f1\u00f3 en una de sus aventuras profesionales, el libro Nicaragua, tierra de creadores, publicado por la Universidad Veracruzana, cargado de retratos y textos de escritores, artistas y pensadores nicarag\u00fcenses. \u201cFui muy afortunado y feliz recorriendo Nicaragua en compa\u00f1\u00eda de Sergio Ram\u00edrez, motor y alma del proyecto. Mi amor por Nicaragua nace de mi amor por sus libros. Gracias a ellos conoc\u00ed el pa\u00eds mucho antes de visitarlo. Me siento orgulloso de ser amigo y compa\u00f1ero de ruta de una de las mejores voces de la literatura\u201d, comparte Mordzinski.<\/p>\n<p style=\"text-align: center;\">***<\/p>\n<p>Gioconda Belli en blanco y negro, con su melena corta y oscura, envuelta en un chal negro. Belli a color, en primer plano, sonriendo tras una m\u00e1scara que la convierte en una versi\u00f3n divertida y coqueta de \u201cbatichica\u201d. La c\u00e9lebre escritora nicarag\u00fcense Gioconda Belli usando la camiseta del Sporting de Gij\u00f3n mostrando sus destrezas deportivas, en el estadio El Molin\u00f3n en Gij\u00f3n, Espa\u00f1a.<\/p>\n<p><a href=\"https:\/\/www.laprensa.com.ni\/magazine\/wp-content\/uploads\/2017\/01\/256-MAG-FotBelli.jpg\"><img loading=\"lazy\" decoding=\"async\" class=\"aligncenter wp-image-32941 size-full\" src=\"https:\/\/www.laprensa.com.ni\/magazine\/wp-content\/uploads\/2017\/01\/256-MAG-FotBelli.jpg\" alt=\"Fotograf\u00eda libre de derechos exclusivamente para ilustrar la entrevista de la Revista MAGAZINE de Nicaragua.\" width=\"700\" height=\"467\" srcset=\"https:\/\/d1xxa24wwackpg.cloudfront.net\/wp-content\/uploads\/2017\/01\/07151057\/256-MAG-FotBelli.jpg 700w, https:\/\/d1xxa24wwackpg.cloudfront.net\/wp-content\/uploads\/2017\/01\/07151057\/256-MAG-FotBelli.jpg 300w\" sizes=\"(max-width: 700px) 100vw, 700px\" \/><\/a><\/p>\n<p style=\"text-align: center;\">***<\/p>\n<p>\u201cLlevaba a\u00f1os queriendo escribir y de repente estaba fotografiando al mayor escritor argentino\u201d, confiesa Daniel Mordzinski. Trabajaba como asistente en la producci\u00f3n del documental Borges para millones, y aprovech\u00f3 la ocasi\u00f3n para retratar a Jorge Luis Borges. \u201cEsa noche, mientras revelaba los rollos que hab\u00eda sacado, escrib\u00ed unos garabatos en mi diario, un cuaderno marca Rivadavia de tapa dura. Agitaba el tanque de revelado intentando recordar mi charla con el poeta ciego. Lo que entonces escrib\u00ed fue absurdo. Tampoco qued\u00e9 contento con mis fotograf\u00edas, pero al menos estaban n\u00edtidas\u201d, reconoce el fot\u00f3grafo. Otro personaje que marc\u00f3 su vida fue Julio Cort\u00e1zar. Lo ley\u00f3 desde joven y sigui\u00f3 sus pasos hasta Francia. \u201cPertenezco a una generaci\u00f3n de latinoamericanos que emigr\u00f3 debido a las dictaduras militares de sus pa\u00edses, en mi caso mi sue\u00f1o siempre fue Par\u00eds. Pienso que nuestra literatura no se puede entender sin Par\u00eds \u2014como doble s\u00edmbolo: de Europa y del extranjero, del otro\u2014. Y claro, est\u00e1 el mito de Par\u00eds, lleno de escritores venidos de todas partes, de Hemingway a Cort\u00e1zar, de Vallejo y Ribeyro hasta Fajardo y Gamboa\u201d. Ten\u00eda 19 a\u00f1os y reci\u00e9n hab\u00eda llegado a Par\u00eds. Por la insistencia de un amigo se anim\u00f3 finalmente a hacer su primera exposici\u00f3n de fotograf\u00eda, eran sus trabajos documentales y sociales. Un d\u00eda antes de la inauguraci\u00f3n, baj\u00f3 a una cabina de tel\u00e9fono p\u00fablico, y en la gu\u00eda busc\u00f3 un n\u00famero. Cort\u00e1zar, Julio. Marc\u00f3. No le contest\u00f3. Colg\u00f3. Marc\u00f3 de nuevo y dej\u00f3 un mensaje. \u201cHola Julio, me llamo Daniel. Nunca hice nada en mi vida, pero ma\u00f1ana voy a hacer mi primera exposici\u00f3n y me gustar\u00eda que vinieras. Te dejo la direcci\u00f3n Julio&#8230;\u201d. Colg\u00f3. Al d\u00eda siguiente el mism\u00edsimo Julio Cort\u00e1zar estaba en su exposici\u00f3n de fotograf\u00eda. \u201cJulio Cort\u00e1zar fue, y es, porque en mi imaginario sentimental sigue vivo, un maestro, un fabricante de ilusiones y de sue\u00f1os, una persona muy normal y generosa, que se preocupaba por sus amigos, que respond\u00eda las cartas que recib\u00eda. Un d\u00eda de invierno lo visit\u00e9 y al verme desabrigado pens\u00f3 que no ten\u00eda dinero para un abrigo y me regal\u00f3 un sobretodo, que por supuesto conservo\u201d, cuenta Daniel Mordzinski.<\/p>\n","protected":false},"excerpt":{"rendered":"<p>Desde 1978, cuando captur\u00f3 a un ciego y melanc\u00f3lico Jorge Luis Borges, frente al lente de este argentino han pasado cientos de novelistas a quienes ha retratado como nadie. Daniel Mordzinski es \u201cel fot\u00f3grafo de los escritores\u201d<\/p>\n","protected":false},"author":5,"featured_media":32944,"comment_status":"open","ping_status":"open","sticky":false,"template":"","format":"standard","meta":{"_acf_changed":false,"footnotes":""},"categories":[26],"tags":[],"class_list":["post-32809","post","type-post","status-publish","format-standard","has-post-thumbnail","hentry","category-reportajes"],"acf":[],"_links":{"self":[{"href":"https:\/\/staging.laprensanic.com\/magazine\/wp-json\/wp\/v2\/posts\/32809","targetHints":{"allow":["GET"]}}],"collection":[{"href":"https:\/\/staging.laprensanic.com\/magazine\/wp-json\/wp\/v2\/posts"}],"about":[{"href":"https:\/\/staging.laprensanic.com\/magazine\/wp-json\/wp\/v2\/types\/post"}],"author":[{"embeddable":true,"href":"https:\/\/staging.laprensanic.com\/magazine\/wp-json\/wp\/v2\/users\/5"}],"replies":[{"embeddable":true,"href":"https:\/\/staging.laprensanic.com\/magazine\/wp-json\/wp\/v2\/comments?post=32809"}],"version-history":[{"count":9,"href":"https:\/\/staging.laprensanic.com\/magazine\/wp-json\/wp\/v2\/posts\/32809\/revisions"}],"predecessor-version":[{"id":44617,"href":"https:\/\/staging.laprensanic.com\/magazine\/wp-json\/wp\/v2\/posts\/32809\/revisions\/44617"}],"wp:featuredmedia":[{"embeddable":true,"href":"https:\/\/staging.laprensanic.com\/magazine\/wp-json\/wp\/v2\/media\/32944"}],"wp:attachment":[{"href":"https:\/\/staging.laprensanic.com\/magazine\/wp-json\/wp\/v2\/media?parent=32809"}],"wp:term":[{"taxonomy":"category","embeddable":true,"href":"https:\/\/staging.laprensanic.com\/magazine\/wp-json\/wp\/v2\/categories?post=32809"},{"taxonomy":"post_tag","embeddable":true,"href":"https:\/\/staging.laprensanic.com\/magazine\/wp-json\/wp\/v2\/tags?post=32809"}],"curies":[{"name":"wp","href":"https:\/\/api.w.org\/{rel}","templated":true}]}}