{"id":33054,"date":"2014-01-12T10:32:39","date_gmt":"2014-01-12T16:32:39","guid":{"rendered":"https:\/\/www.magazine.com.ni\/?p=33054"},"modified":"2020-11-14T12:56:17","modified_gmt":"2020-11-14T18:56:17","slug":"33054","status":"publish","type":"post","link":"https:\/\/staging.laprensanic.com\/magazine\/reportajes\/33054\/","title":{"rendered":"Casas antiguas"},"content":{"rendered":"<p style=\"text-align: center;\">Siglos despu\u00e9s, las casas m\u00e1s viejas de Le\u00f3n y Granada siguen casi intactas<\/p>\n<p style=\"text-align: center;\"><strong>Por Arlen Cerda<\/strong><\/p>\n<p>Las anchas paredes de adobe de las casas m\u00e1s antiguas en Granada y Le\u00f3n, con sus altos techos de teja volados hacia la calle y sus puertas grandes y pesadas, son una muestra fiel de la arquitectura colonial y sus influencias en cada una de estas dos ciudades que han marcado la historia del pa\u00eds, pero adem\u00e1s, sus rincones a\u00fan son capaces de revelar dos y hasta cuatro siglos despu\u00e9s c\u00f3mo era ah\u00ed la vida de sus primeros propietarios.<\/p>\n<p><em>Magazine<\/em> recorri\u00f3 ambas casas para llevarlo de paseo por sus corredores y salones y contarle la historia de la que estas casas han sido testigos.<\/p>\n<p>En uno de los puntos m\u00e1s fotografiados de Granada, esquina opuesta a la famosa mansi\u00f3n Pellas, la casa de Benjam\u00edn Lugo y Teresa Arana, declarada como la m\u00e1s antigua de la Gran Sultana, luce hoy tal como se le pod\u00eda observar en grabados de mediados del siglo XIX, antes de que el incendio ordenado por William Walker, en 1856, arrasara con la ciudad.<\/p>\n<p>Alrededor casi todo ha cambiado. La antigua Plaza de Armas que ten\u00eda enfrente se elimin\u00f3 para construir sobre ella el parque central; la vieja casa de Ernesto Chamorro hoy es un moderno chalet en el centro de la ciudad, y la mansi\u00f3n Pellas est\u00e1 totalmente reformada. Pero la fachada de esta casa de dos pisos, con su imponente galer\u00eda porticada, sus puertas amplias y sus salones espaciosos, sigue igual.<\/p>\n<p>En general, la propiedad se ha reducido a casi la mitad, por venta o alquileres, pero las piezas que ocupa Teresa Arana, viuda de Lugo, mantienen mucho de su encanto original, con cielorraso de madera, pisos de mosaico estilo italiano, sus amplias puertas en las paredes de cada sal\u00f3n y muchos de sus muebles cl\u00e1sicos que juntos componen un elegante conjunto colonial en el siglo XXI.<\/p>\n<p><a href=\"https:\/\/gep90.laprensa.com.ni\/magazine\/wp-content\/uploads\/2017\/01\/Acr55527254620168110.jpg\"><img fetchpriority=\"high\" decoding=\"async\" class=\"wp-image-33055 size-full aligncenter\" src=\"https:\/\/gep90.laprensa.com.ni\/magazine\/wp-content\/uploads\/2017\/01\/Acr55527254620168110.jpg\" alt=\"Managua, Nicaragua. 12\/Noviembre\/2013. Casa mas Antigua de Granada. Jorge Torres\/ LA PRENSA.\" width=\"700\" height=\"513\" srcset=\"https:\/\/d1xxa24wwackpg.cloudfront.net\/wp-content\/uploads\/2017\/01\/07150955\/Acr55527254620168110.jpg 700w, https:\/\/d1xxa24wwackpg.cloudfront.net\/wp-content\/uploads\/2017\/01\/07150955\/Acr55527254620168110.jpg 300w\" sizes=\"(max-width: 700px) 100vw, 700px\" \/><\/a><\/p>\n<p>El amplio corredor de la segunda planta, con vista al parque central, siempre ha sido un espacio perfecto para las tertulias vespertinas. Originalmente, tambi\u00e9n sirvi\u00f3 para dirigirse y vincularse a los sucesos de la plaza p\u00fablica y hoy ofrece un lugar para el descanso o la lectura.<\/p>\n<div id='gallery-1' class='gallery galleryid-33054 gallery-columns-3 gallery-size-thumbnail'><figure class='gallery-item'>\n\t\t\t<div class='gallery-icon landscape'>\n\t\t\t\t<a href='https:\/\/staging.laprensanic.com\/magazine\/reportajes\/33054\/attachment\/casa-mas-antigua-de-granada-3\/'><img decoding=\"async\" width=\"150\" height=\"150\" src=\"https:\/\/d1xxa24wwackpg.cloudfront.net\/wp-content\/uploads\/2017\/01\/07150953\/Acr5552725462016-24863.jpg\" class=\"attachment-thumbnail size-thumbnail\" alt=\"Managua, Nicaragua. 12\/Noviembre\/2013. Casa mas Antigua de Granada. Jorge Torres\/ LA PRENSA.\" aria-describedby=\"gallery-1-33057\" srcset=\"https:\/\/d1xxa24wwackpg.cloudfront.net\/wp-content\/uploads\/2017\/01\/07150953\/Acr5552725462016-24863.jpg 150w, https:\/\/d1xxa24wwackpg.cloudfront.net\/wp-content\/uploads\/2017\/01\/07150953\/Acr5552725462016-24863.jpg 600w, https:\/\/d1xxa24wwackpg.cloudfront.net\/wp-content\/uploads\/2017\/01\/07150953\/Acr5552725462016-24863.jpg 24w, https:\/\/d1xxa24wwackpg.cloudfront.net\/wp-content\/uploads\/2017\/01\/07150953\/Acr5552725462016-24863.jpg 48w, https:\/\/d1xxa24wwackpg.cloudfront.net\/wp-content\/uploads\/2017\/01\/07150953\/Acr5552725462016-24863.jpg 96w\" sizes=\"(max-width: 150px) 100vw, 150px\" \/><\/a>\n\t\t\t<\/div>\n\t\t\t\t<figcaption class='wp-caption-text gallery-caption' id='gallery-1-33057'>\n\t\t\t\tDesde mediados del siglo XIX la casa de Benjam\u00edn Lugo conserva su fachada y elementos decorativos originales. Seg\u00fan el arquitecto granadino Fernando L\u00f3pez, la casa tambi\u00e9n debe su valor hist\u00f3rico al uso de materiales del mismo tipo para sus restauraciones.\n\t\t\t\t<\/figcaption><\/figure><figure class='gallery-item'>\n\t\t\t<div class='gallery-icon portrait'>\n\t\t\t\t<a href='https:\/\/staging.laprensanic.com\/magazine\/reportajes\/33054\/attachment\/casa-mas-antigua-de-granada-4\/'><img decoding=\"async\" width=\"150\" height=\"150\" src=\"https:\/\/d1xxa24wwackpg.cloudfront.net\/wp-content\/uploads\/2017\/01\/07150952\/Acr5552725462016-22888.jpg\" class=\"attachment-thumbnail size-thumbnail\" alt=\"Managua, Nicaragua. 12\/Noviembre\/2013. Casa m\u00e1s Antigua de Granada. Jorge Torres\/ LA PRENSA.\" aria-describedby=\"gallery-1-33058\" srcset=\"https:\/\/d1xxa24wwackpg.cloudfront.net\/wp-content\/uploads\/2017\/01\/07150952\/Acr5552725462016-22888.jpg 150w, https:\/\/d1xxa24wwackpg.cloudfront.net\/wp-content\/uploads\/2017\/01\/07150952\/Acr5552725462016-22888.jpg 600w, https:\/\/d1xxa24wwackpg.cloudfront.net\/wp-content\/uploads\/2017\/01\/07150952\/Acr5552725462016-22888.jpg 24w, https:\/\/d1xxa24wwackpg.cloudfront.net\/wp-content\/uploads\/2017\/01\/07150952\/Acr5552725462016-22888.jpg 48w, https:\/\/d1xxa24wwackpg.cloudfront.net\/wp-content\/uploads\/2017\/01\/07150952\/Acr5552725462016-22888.jpg 96w\" sizes=\"(max-width: 150px) 100vw, 150px\" \/><\/a>\n\t\t\t<\/div>\n\t\t\t\t<figcaption class='wp-caption-text gallery-caption' id='gallery-1-33058'>\n\t\t\t\tUn comedor para doce personas con armarios para la plater\u00eda ocupan un sal\u00f3n entero de la casa, aunque los desayunos suelen tomarse en un comedor peque\u00f1o situado en un corredor adjunto, para disfrutar el fresco del patio interior.\n\t\t\t\t<\/figcaption><\/figure><figure class='gallery-item'>\n\t\t\t<div class='gallery-icon landscape'>\n\t\t\t\t<a href='https:\/\/staging.laprensanic.com\/magazine\/reportajes\/33054\/attachment\/casa-mas-antigua-de-granada-5\/'><img loading=\"lazy\" decoding=\"async\" width=\"150\" height=\"150\" src=\"https:\/\/d1xxa24wwackpg.cloudfront.net\/wp-content\/uploads\/2017\/01\/07150951\/Acr5552725462016-18591.jpg\" class=\"attachment-thumbnail size-thumbnail\" alt=\"\" aria-describedby=\"gallery-1-33059\" srcset=\"https:\/\/d1xxa24wwackpg.cloudfront.net\/wp-content\/uploads\/2017\/01\/07150951\/Acr5552725462016-18591.jpg 150w, https:\/\/d1xxa24wwackpg.cloudfront.net\/wp-content\/uploads\/2017\/01\/07150951\/Acr5552725462016-18591.jpg 24w, https:\/\/d1xxa24wwackpg.cloudfront.net\/wp-content\/uploads\/2017\/01\/07150951\/Acr5552725462016-18591.jpg 48w, https:\/\/d1xxa24wwackpg.cloudfront.net\/wp-content\/uploads\/2017\/01\/07150951\/Acr5552725462016-18591.jpg 96w\" sizes=\"(max-width: 150px) 100vw, 150px\" \/><\/a>\n\t\t\t<\/div>\n\t\t\t\t<figcaption class='wp-caption-text gallery-caption' id='gallery-1-33059'>\n\t\t\t\tLa casa m\u00e1s antigua de Granada luce como la mayor\u00eda de las de esta ciudad su tradicional esquina achaflanada, que al encontrarse con las dem\u00e1s casas forma una plazoleta de planta octagonal en cada cruce de calle. Este tipo de esquina distingue a las casas granadinas, tanto como las de doble puerta distinguen a las de Le\u00f3n.\n\t\t\t\t<\/figcaption><\/figure>\n\t\t<\/div>\n\n<p style=\"text-align: center;\">***<\/p>\n<p>La calle que m\u00e1s tarde fue bautizada como La Espa\u00f1olita, en el nuevo asentamiento de Le\u00f3n, fue la preferida por las familias espa\u00f1olas m\u00e1s importantes de esta ciudad, debido a su cercan\u00eda al r\u00edo Chiquito, donde se iba por agua o a lavar ropa. Entre esas familias, estuvo la del capit\u00e1n de conquista Alonso D\u00edaz de Mayorga, quien adem\u00e1s traz\u00f3 las calles y levant\u00f3 la cartograf\u00eda de la nueva ciudad de la que fue registrador perpetuo, seg\u00fan Manuel Noguera, historiador leon\u00e9s.<\/p>\n<p>Actualmente, la casa no cuenta con su segundo patio original y est\u00e1 dividida en tres diferentes piezas para alquiler, entre ellas la principal, donde funciona el restaurante Cocinarte. Sin embargo, sus materiales de construcci\u00f3n no han sido alterados y a\u00fan conserva su techo de tejas de barro a dos aguas, la madera labrada de sus corredores e incluso las aldabas y bisagras originales de sus puertas que, solo por seguridad, han sido reforzadas con bisagras y cerraduras modernas.<\/p>\n<p>Cuando la casa se present\u00f3 para el concurso de la casa m\u00e1s antigua de Le\u00f3n, el comit\u00e9 la eligi\u00f3 por unanimidad.<\/p>\n<figure id=\"attachment_33056\" aria-describedby=\"caption-attachment-33056\" style=\"width: 700px\" class=\"wp-caption aligncenter\"><a href=\"https:\/\/gep90.laprensa.com.ni\/magazine\/wp-content\/uploads\/2017\/01\/Acr5552725462016-1794.jpg\"><img loading=\"lazy\" decoding=\"async\" class=\"wp-image-33056 size-full\" src=\"https:\/\/gep90.laprensa.com.ni\/magazine\/wp-content\/uploads\/2017\/01\/Acr5552725462016-1794.jpg\" alt=\"La casa m\u00e1s antigua de Le\u00f3n\" width=\"700\" height=\"383\" srcset=\"https:\/\/d1xxa24wwackpg.cloudfront.net\/wp-content\/uploads\/2017\/01\/07150954\/Acr5552725462016-1794.jpg 700w, https:\/\/d1xxa24wwackpg.cloudfront.net\/wp-content\/uploads\/2017\/01\/07150954\/Acr5552725462016-1794.jpg 300w\" sizes=\"(max-width: 700px) 100vw, 700px\" \/><\/a><figcaption id=\"caption-attachment-33056\" class=\"wp-caption-text\">La casa m\u00e1s antigua de Le\u00f3n, heredada por Efra\u00edn Mayorga, mantiene su fachada original, con pocas alteraciones, desde 1620. Esta luce a\u00fan su t\u00edpica esquina leonesa, con dos puertas a cada lado separadas por una columna de madera labrada, que abiertas aportan frescura al clima de la casa y permiten aprovechar la luz natural.<\/figcaption><\/figure>\n<div id='gallery-2' class='gallery galleryid-33054 gallery-columns-3 gallery-size-thumbnail'><figure class='gallery-item'>\n\t\t\t<div class='gallery-icon portrait'>\n\t\t\t\t<a href='https:\/\/staging.laprensanic.com\/magazine\/reportajes\/33054\/attachment\/acr555272546201619877\/'><img loading=\"lazy\" decoding=\"async\" width=\"150\" height=\"150\" src=\"https:\/\/d1xxa24wwackpg.cloudfront.net\/wp-content\/uploads\/2017\/01\/07150950\/Acr555272546201619877.jpg\" class=\"attachment-thumbnail size-thumbnail\" alt=\"\" aria-describedby=\"gallery-2-33060\" srcset=\"https:\/\/d1xxa24wwackpg.cloudfront.net\/wp-content\/uploads\/2017\/01\/07150950\/Acr555272546201619877.jpg 150w, https:\/\/d1xxa24wwackpg.cloudfront.net\/wp-content\/uploads\/2017\/01\/07150950\/Acr555272546201619877.jpg 600w, https:\/\/d1xxa24wwackpg.cloudfront.net\/wp-content\/uploads\/2017\/01\/07150950\/Acr555272546201619877.jpg 24w, https:\/\/d1xxa24wwackpg.cloudfront.net\/wp-content\/uploads\/2017\/01\/07150950\/Acr555272546201619877.jpg 48w, https:\/\/d1xxa24wwackpg.cloudfront.net\/wp-content\/uploads\/2017\/01\/07150950\/Acr555272546201619877.jpg 96w\" sizes=\"(max-width: 150px) 100vw, 150px\" \/><\/a>\n\t\t\t<\/div>\n\t\t\t\t<figcaption class='wp-caption-text gallery-caption' id='gallery-2-33060'>\n\t\t\t\tOriginalmente, la casa contaba con dos patios. El primero, enclaustrado por un corredor, contaba con plantas ornamentales que aportaban frescura a la casa; el segundo era usado por la servidumbre y algunas casas, como esta, ten\u00edan su propio pozo, del que ahora solo queda una ruina cubierta por grama y maleza.\n\t\t\t\t<\/figcaption><\/figure><figure class='gallery-item'>\n\t\t\t<div class='gallery-icon landscape'>\n\t\t\t\t<a href='https:\/\/staging.laprensanic.com\/magazine\/reportajes\/33054\/attachment\/casa-mas-antigua-de-leon\/'><img loading=\"lazy\" decoding=\"async\" width=\"150\" height=\"150\" src=\"https:\/\/d1xxa24wwackpg.cloudfront.net\/wp-content\/uploads\/2017\/01\/07150948\/Acr5552725462016-7949.jpg\" class=\"attachment-thumbnail size-thumbnail\" alt=\"Managua, Nicaragua. 12\/Noviembre\/2013. Casa mas Antigua de Leon. Jorge Torres\/ LA PRENSA.\" aria-describedby=\"gallery-2-33061\" srcset=\"https:\/\/d1xxa24wwackpg.cloudfront.net\/wp-content\/uploads\/2017\/01\/07150948\/Acr5552725462016-7949.jpg 150w, https:\/\/d1xxa24wwackpg.cloudfront.net\/wp-content\/uploads\/2017\/01\/07150948\/Acr5552725462016-7949.jpg 24w, https:\/\/d1xxa24wwackpg.cloudfront.net\/wp-content\/uploads\/2017\/01\/07150948\/Acr5552725462016-7949.jpg 48w, https:\/\/d1xxa24wwackpg.cloudfront.net\/wp-content\/uploads\/2017\/01\/07150948\/Acr5552725462016-7949.jpg 96w\" sizes=\"(max-width: 150px) 100vw, 150px\" \/><\/a>\n\t\t\t<\/div>\n\t\t\t\t<figcaption class='wp-caption-text gallery-caption' id='gallery-2-33061'>\n\t\t\t\tLas puertas, con sus aldabas y remaches eran elaboradas a mano por carpinteros y artesanos locales. Cada casa ten\u00eda numerosas puertas, pero generalmente solo se abr\u00edan la del zagu\u00e1n y la de entrada para el sal\u00f3n principal, donde se recib\u00eda a las visitas.\n\t\t\t\t<\/figcaption><\/figure><figure class='gallery-item'>\n\t\t\t<div class='gallery-icon portrait'>\n\t\t\t\t<a href='https:\/\/staging.laprensanic.com\/magazine\/reportajes\/33054\/attachment\/casa-mas-antigua-de-leon-2\/'><img loading=\"lazy\" decoding=\"async\" width=\"150\" height=\"150\" src=\"https:\/\/d1xxa24wwackpg.cloudfront.net\/wp-content\/uploads\/2017\/01\/07150947\/Acr5552725462016-17414.jpg\" class=\"attachment-thumbnail size-thumbnail\" alt=\"Managua, Nicaragua. 12\/Noviembre\/2013. Casa mas Antigua de Leon. Jorge Torres\/ LA PRENSA.\" aria-describedby=\"gallery-2-33062\" srcset=\"https:\/\/d1xxa24wwackpg.cloudfront.net\/wp-content\/uploads\/2017\/01\/07150947\/Acr5552725462016-17414.jpg 150w, https:\/\/d1xxa24wwackpg.cloudfront.net\/wp-content\/uploads\/2017\/01\/07150947\/Acr5552725462016-17414.jpg 600w, https:\/\/d1xxa24wwackpg.cloudfront.net\/wp-content\/uploads\/2017\/01\/07150947\/Acr5552725462016-17414.jpg 24w, https:\/\/d1xxa24wwackpg.cloudfront.net\/wp-content\/uploads\/2017\/01\/07150947\/Acr5552725462016-17414.jpg 48w, https:\/\/d1xxa24wwackpg.cloudfront.net\/wp-content\/uploads\/2017\/01\/07150947\/Acr5552725462016-17414.jpg 96w\" sizes=\"(max-width: 150px) 100vw, 150px\" \/><\/a>\n\t\t\t<\/div>\n\t\t\t\t<figcaption class='wp-caption-text gallery-caption' id='gallery-2-33062'>\n\t\t\t\tMuchas de las casas de Granada y Le\u00f3n, como esta de la familia Mayorga que es la m\u00e1s antigua de la Ciudad Universitaria, conservan su zagu\u00e1n, un pasadizo techado que conduc\u00eda de la calle al segundo patio de las casas coloniales y permit\u00eda la entrada de carretas con provisiones o bestias. El segundo patio serv\u00eda para las labores dom\u00e9sticas a cargo de los esclavos o la servidumbre y en algunos casos, como originalmente lo tuvo esta casa, contaba con un cobertizo o establo para el descanso de los animales.\n\t\t\t\t<\/figcaption><\/figure>\n\t\t<\/div>\n\n<p>Las habitaciones de la casa sol\u00edan ser amplias, frescas y semioscuras al interior, pero se abr\u00edan junto a las dem\u00e1s estancias preferidas de la casa hacia corredores llenos de la luz que aportaba el primer patio. Las paredes de adobe, los techos altos y los pisos de barro destacan como rasgos fundamentales de las primeras casas de Granada y Le\u00f3n, que a\u00fan dan muestra de las cualidades de los primeros asentamientos hisp\u00e1nicos en Nicaragua.<\/p>\n<p><a href=\"https:\/\/gep90.laprensa.com.ni\/magazine\/wp-content\/uploads\/2017\/01\/Acr5552725462016-29245.jpg\"><img loading=\"lazy\" decoding=\"async\" class=\"aligncenter wp-image-33063 size-full\" src=\"https:\/\/gep90.laprensa.com.ni\/magazine\/wp-content\/uploads\/2017\/01\/Acr5552725462016-29245.jpg\" alt=\"acr5552725462016-29245\" width=\"700\" height=\"1154\" srcset=\"https:\/\/d1xxa24wwackpg.cloudfront.net\/wp-content\/uploads\/2017\/01\/07150946\/Acr5552725462016-29245.jpg 700w, https:\/\/d1xxa24wwackpg.cloudfront.net\/wp-content\/uploads\/2017\/01\/07150946\/Acr5552725462016-29245.jpg 182w, https:\/\/d1xxa24wwackpg.cloudfront.net\/wp-content\/uploads\/2017\/01\/07150946\/Acr5552725462016-29245.jpg 621w\" sizes=\"(max-width: 700px) 100vw, 700px\" \/><\/a><\/p>\n<div id=\"s3gt_translate_tooltip_mini\" class=\"s3gt_translate_tooltip_mini_box\" style=\"background: initial !important; border: initial !important; border-radius: initial !important; border-spacing: initial !important; border-collapse: initial !important; direction: ltr !important; flex-direction: initial !important; font-weight: initial !important; height: initial !important; letter-spacing: initial !important; min-width: initial !important; max-width: initial !important; min-height: initial !important; max-height: initial !important; margin: auto !important; outline: initial !important; padding: initial !important; position: absolute; table-layout: initial !important; text-align: initial !important; text-shadow: initial !important; width: initial !important; word-break: initial !important; word-spacing: initial !important; overflow-wrap: initial !important; box-sizing: initial !important; display: initial !important; color: inherit !important; font-size: 13px !important; font-family: X-LocaleSpecific, sans-serif, Tahoma, Helvetica !important; line-height: 13px !important; vertical-align: top !important; white-space: inherit !important; left: 499px; top: 4592px; opacity: 0.15;\">\n<div id=\"s3gt_translate_tooltip_mini_logo\" class=\"s3gt_translate_tooltip_mini\" title=\"Traducir texto seleccionado\"><\/div>\n<div id=\"s3gt_translate_tooltip_mini_sound\" class=\"s3gt_translate_tooltip_mini\" title=\"Escuchar\"><\/div>\n<div id=\"s3gt_translate_tooltip_mini_copy\" class=\"s3gt_translate_tooltip_mini\" title=\"Copiar texto al Portapapeles\"><\/div>\n<\/div>\n","protected":false},"excerpt":{"rendered":"<p>Siglos despu\u00e9s, las casas m\u00e1s viejas de Le\u00f3n y Granada siguen casi intactas<\/p>\n","protected":false},"author":46,"featured_media":33064,"comment_status":"open","ping_status":"open","sticky":false,"template":"","format":"standard","meta":{"_acf_changed":false,"footnotes":""},"categories":[26],"tags":[237,247],"class_list":["post-33054","post","type-post","status-publish","format-standard","has-post-thumbnail","hentry","category-reportajes","tag-granada","tag-leon"],"acf":[],"_links":{"self":[{"href":"https:\/\/staging.laprensanic.com\/magazine\/wp-json\/wp\/v2\/posts\/33054","targetHints":{"allow":["GET"]}}],"collection":[{"href":"https:\/\/staging.laprensanic.com\/magazine\/wp-json\/wp\/v2\/posts"}],"about":[{"href":"https:\/\/staging.laprensanic.com\/magazine\/wp-json\/wp\/v2\/types\/post"}],"author":[{"embeddable":true,"href":"https:\/\/staging.laprensanic.com\/magazine\/wp-json\/wp\/v2\/users\/46"}],"replies":[{"embeddable":true,"href":"https:\/\/staging.laprensanic.com\/magazine\/wp-json\/wp\/v2\/comments?post=33054"}],"version-history":[{"count":12,"href":"https:\/\/staging.laprensanic.com\/magazine\/wp-json\/wp\/v2\/posts\/33054\/revisions"}],"predecessor-version":[{"id":52785,"href":"https:\/\/staging.laprensanic.com\/magazine\/wp-json\/wp\/v2\/posts\/33054\/revisions\/52785"}],"wp:featuredmedia":[{"embeddable":true,"href":"https:\/\/staging.laprensanic.com\/magazine\/wp-json\/wp\/v2\/media\/33064"}],"wp:attachment":[{"href":"https:\/\/staging.laprensanic.com\/magazine\/wp-json\/wp\/v2\/media?parent=33054"}],"wp:term":[{"taxonomy":"category","embeddable":true,"href":"https:\/\/staging.laprensanic.com\/magazine\/wp-json\/wp\/v2\/categories?post=33054"},{"taxonomy":"post_tag","embeddable":true,"href":"https:\/\/staging.laprensanic.com\/magazine\/wp-json\/wp\/v2\/tags?post=33054"}],"curies":[{"name":"wp","href":"https:\/\/api.w.org\/{rel}","templated":true}]}}