{"id":33125,"date":"2014-06-08T11:18:01","date_gmt":"2014-06-08T17:18:01","guid":{"rendered":"https:\/\/www.magazine.com.ni\/?p=33125"},"modified":"2020-11-12T13:06:51","modified_gmt":"2020-11-12T19:06:51","slug":"y-lo-echaron-preso-2","status":"publish","type":"post","link":"https:\/\/staging.laprensanic.com\/magazine\/reportajes\/y-lo-echaron-preso-2\/","title":{"rendered":"Y lo echaron preso&#8230;"},"content":{"rendered":"<p style=\"text-align: center;\">En los a\u00f1os sesenta el famoso Daniel Santos fue a parar a la temida c\u00e1rcel El Hormiguero. De c\u00f3mo lleg\u00f3 ah\u00ed el vocalista de la Sonora Matancera hay varias versiones: por incumplir contrato, por fumar marihuana, por repartir pu\u00f1etazos. Esta es la historia de su \u201ccarceleada\u201d<\/p>\n<p style=\"text-align: center;\"><strong>Por Anagilmara V\u00edlchez Zeled\u00f3n<\/strong><\/p>\n<p>Eran las diez de la ma\u00f1ana. Su pelo ensortijado y su tupido bigote, ya no tan negros, lo distingu\u00edan de los dem\u00e1s prisioneros que ese lunes sacaron a \u201casolearse\u201d al patio de la c\u00e1rcel El Hormiguero.<\/p>\n<p>\u201cEs Daniel Santos. Es Daniel Santos\u201d, repet\u00edan detr\u00e1s de una malla otros presos. \u201cEl Inquieto Anacobero\u201d, popular vocalista de la Sonora Matancera desde 1948 hasta 1953, estaba en la temida c\u00e1rcel del r\u00e9gimen somocista.<\/p>\n<p>\u00bfC\u00f3mo hab\u00eda llegado a parar ah\u00ed? Historiadores, matanceros y escritores no terminan de ponerse de acuerdo, brindan diferentes fechas y motivos. Porque incumpli\u00f3 un contrato, porque reparti\u00f3 pu\u00f1etazos en un pleito entre borrachos, porque lo encontraron fumando marihuana, porque pirope\u00f3 a la mujer equivocada. Esas son algunas de las explicaciones que se repiten como posibles causas de su encarcelamiento.<\/p>\n<p>Esta fue su visita m\u00e1s famosa, pero no la \u00fanica que hizo a Nicaragua. Su guayabera blanca, su voz robusta y su elegancia a\u00fan permanecen en la memoria de los nicarag\u00fcenses que d\u00e9cadas despu\u00e9s reviven los shows en los que cant\u00f3 sus \u00e9xitos.<\/p>\n<p>Su estancia en El Hormiguero tampoco fue la \u00fanica ocasi\u00f3n en la que Santos se vio prisionero. Con fama de pleitisto, el Jefe, como tambi\u00e9n le dec\u00edan, conoci\u00f3 las celdas de varios pa\u00edses.<\/p>\n<p>\u201cPreso estoy, ya estoy cumpliendo mi condena (&#8230;) Me acongojo, me averg\u00fcenzo y me da pena, pero tengo que cumplirla en soledad. Mi guitarra, huerfanita, ya no suena y aunque tarde, s\u00e9 que es una realidad que el que juega tan cerquita a la candela, si no vive con cautela, quemar\u00e1\u201d, rezan los versos de su canci\u00f3n <em>El preso<\/em>, bolero que compuso durante su cautiverio en La Habana, Cuba, en 1951.<\/p>\n<p>Diez a\u00f1os despu\u00e9s, seg\u00fan el escritor nicarag\u00fcense Sergio Ram\u00edrez, en su obra <em>Oficios compartidos<\/em>, Santos cantar\u00eda a capela en otra prisi\u00f3n: en la de Nicaragua.<\/p>\n<figure id=\"attachment_33127\" aria-describedby=\"caption-attachment-33127\" style=\"width: 700px\" class=\"wp-caption aligncenter\"><a href=\"https:\/\/gep90.laprensa.com.ni\/magazine\/wp-content\/uploads\/2017\/01\/Acr55527254620162049.jpg\"><img fetchpriority=\"high\" decoding=\"async\" class=\"wp-image-33127 size-full\" src=\"https:\/\/gep90.laprensa.com.ni\/magazine\/wp-content\/uploads\/2017\/01\/Acr55527254620162049.jpg\" alt=\"Daniel Santos, Cantante de la Sonora Matancera. Fotos del recuerdo del Ing. Bayardo Cuadra y Dr Polidecto Correa , Acompa\u00f1ado de Tony Altamir. Empresario Hondure\u00f1o. Uriel Molina\/LA PRENSA\" width=\"700\" height=\"462\" srcset=\"https:\/\/d1xxa24wwackpg.cloudfront.net\/wp-content\/uploads\/2017\/01\/07150906\/Acr55527254620162049.jpg 700w, https:\/\/d1xxa24wwackpg.cloudfront.net\/wp-content\/uploads\/2017\/01\/07150906\/Acr55527254620162049.jpg 300w\" sizes=\"(max-width: 700px) 100vw, 700px\" \/><\/a><figcaption id=\"caption-attachment-33127\" class=\"wp-caption-text\">\u201c\u00c9l vino varias veces, era agradable, chilero como decimos nosotros, habl\u00e1bamos de todo\u201d, cuenta Polidecto Correa. \u00c9l conoci\u00f3 a Daniel Santos en el \u00e1mbito del espect\u00e1culo y aparece a su lado en esta foto.<\/figcaption><\/figure>\n<blockquote>\n<p style=\"text-align: center;\">\u201cDaniel Santos dio guerra aqu\u00ed, l\u00e1stima que no qued\u00f3 nada escrito, no lo conservamos\u201d.<br \/>\nJos\u00e9 Mar\u00eda Talavera<br \/>\nmatancero y estudioso de la historia de este grupo musical.<\/p>\n<\/blockquote>\n<p style=\"text-align: center;\">***<\/p>\n<p>Daniel Doroteo de los Santos Betancourt naci\u00f3 en Puerto Rico en 1916. \u201c\u00c9l tuvo una historia muy dura, sale de la escuela a los 13 a\u00f1os y lo mandan a lustrar, a los 14 se fuga y se va a Nueva York y vive donde estaban los burdeles, los billares, los ladrones, \u00e9l se cri\u00f3 en eso\u201d, asevera el matancero Jos\u00e9 Mar\u00eda Talavera, quien durante a\u00f1os se ha dedicado a investigar acerca de la historia de este conjunto de m\u00fasica cubana.<\/p>\n<p>\u201cUn grupo de amigos viv\u00edamos de hacer trampas con las barajas y el billar (&#8230;) en ese ambiente, una vez recib\u00ed una pu\u00f1alada que casi me manda p\u2019al otro lado (&#8230;) Luego volv\u00ed a limpiar zapatos, a vender hielo y carb\u00f3n\u201d, habr\u00eda afirmado Daniel Santos en una ocasi\u00f3n.<\/p>\n<p>Seg\u00fan \u00e9l, para reunir los tres d\u00f3lares que necesitaba para pagar la renta de un cuartito, robaba, vend\u00eda licor clandestino y \u201cchuleaba\u201d a las mujeres. Despu\u00e9s barri\u00f3 calles y destap\u00f3 cloacas, mientras \u201cso\u00f1aba con ser cantante\u201d.<\/p>\n<p>Siendo esta vez una ducha su escenario, Santos cant\u00f3 sin sospechar que el timbre de su voz sorprender\u00eda a un peculiar oyente. Uno de los integrantes del Tr\u00edo L\u00edrico iba pasando por la calle y lo escuch\u00f3. As\u00ed inici\u00f3 su carrera. La gloria le lleg\u00f3 en 1948 al comp\u00e1s de La Sonora Matancera.<\/p>\n<p><a href=\"https:\/\/gep90.laprensa.com.ni\/magazine\/wp-content\/uploads\/2017\/01\/Acr5552725462016-29563.jpg\"><img decoding=\"async\" class=\"wp-image-33128 size-medium aligncenter\" src=\"https:\/\/gep90.laprensa.com.ni\/magazine\/wp-content\/uploads\/2017\/01\/Acr5552725462016-29563-300x300.jpg\" alt=\"Jose Maria Talavera. Jose Maria Talavera. Foto: Maynor Valenzuela\/ LA PRENSA\" width=\"300\" height=\"300\" srcset=\"https:\/\/d1xxa24wwackpg.cloudfront.net\/wp-content\/uploads\/2017\/01\/07150905\/Acr5552725462016-29563.jpg 300w, https:\/\/d1xxa24wwackpg.cloudfront.net\/wp-content\/uploads\/2017\/01\/07150905\/Acr5552725462016-29563.jpg 150w, https:\/\/d1xxa24wwackpg.cloudfront.net\/wp-content\/uploads\/2017\/01\/07150905\/Acr5552725462016-29563.jpg 600w, https:\/\/d1xxa24wwackpg.cloudfront.net\/wp-content\/uploads\/2017\/01\/07150905\/Acr5552725462016-29563.jpg 24w, https:\/\/d1xxa24wwackpg.cloudfront.net\/wp-content\/uploads\/2017\/01\/07150905\/Acr5552725462016-29563.jpg 48w, https:\/\/d1xxa24wwackpg.cloudfront.net\/wp-content\/uploads\/2017\/01\/07150905\/Acr5552725462016-29563.jpg 96w, https:\/\/d1xxa24wwackpg.cloudfront.net\/wp-content\/uploads\/2017\/01\/07150905\/Acr5552725462016-29563.jpg 700w\" sizes=\"(max-width: 300px) 100vw, 300px\" \/><\/a><\/p>\n<p style=\"text-align: center;\">***<\/p>\n<p>\u201cEn la c\u00e1rcel de El Hormiguero, Daniel Santos entreg\u00f3 a los presos aquel amanecer, encerrado en su celda, su mejor repertorio cantado a capela, marcando el ritmo a golpes de mano en las tablas del camastro\u201d, apunta Sergio Ram\u00edrez, en <em>Oficios compartidos<\/em>. \u201cLos presos amanecieron llorando en las galeras, provocados a recordar desgracias, desenga\u00f1os, abandonos e infortunios \u2014contin\u00faa Ram\u00edrez\u2014, otros reclusos, los de las c\u00e1rceles de La Aviaci\u00f3n, lejos de all\u00ed, al saber de aquel concierto imposible, se amotinaron para que tambi\u00e9n Daniel Santos les llegara a cantar\u201d.<\/p>\n<p>Seg\u00fan el escritor nicarag\u00fcense, esto sucedi\u00f3 en 1961. Un pleito de borrachos en el Casino Ol\u00edmpico fue el motivo por el cual el Jefe conoci\u00f3 la c\u00e1rcel en Nicaragua, afirma Ram\u00edrez.<\/p>\n<p>En esa \u00e9poca, Santos ya no estaba con La Sonora Matancera, pero sus a\u00f1os dorados continuar\u00edan con \u00e1lbumes exitosos como <em>Despedida<\/em>. Entre los temas de este disco se encuentra <em>Virgen de medianoche<\/em>, uno de sus boleros m\u00e1s famosos.<\/p>\n<p>En su obra <em>Se\u00f1or de los tristes: sobre escritores y escritura<\/em>, Ram\u00edrez asegura que Santos \u201cfue encarcelado por esc\u00e1ndalo en la v\u00eda p\u00fablica, seg\u00fan el alegato oficial, pero seg\u00fan el propio, por seducir a la mujer de un coronel\u201d.<\/p>\n<p>La periodista venezolana Elsy Manzanares Feliche, en su blog personal public\u00f3 en el 2011 una entrevista que le hizo a Santos en agosto de 1989. En ella, Manzanares Feliche le pregunta a Santos, de 73 a\u00f1os, sobre este episodio. \u00c9l le respondi\u00f3: \u201cYo fui a trabajar a Nicaragua y estaba trabajando con una empresaria que adem\u00e1s ten\u00eda una casa de mujeres, yo hab\u00eda cantado en todos los lugares donde ella me dijo. Cuando se acab\u00f3 el contrato me pidi\u00f3 que le cantara en ese lupanar y yo dije que all\u00ed no cantaba, ella se sinti\u00f3 muy ofendida y habl\u00f3 con la esposa de Tacho Somoza, que era amiga suya, y me metieron preso por tres d\u00edas\u201d.<\/p>\n<p>Pero aqu\u00ed se manejan otras versiones. El fot\u00f3grafo del diario <em>Novedades<\/em>, Porfirio Berr\u00edos, afirma que en esa \u00e9poca \u201cla noticia fue que \u00e9l cay\u00f3 preso porque lo agarraron fumando marihuana. Durmi\u00f3 en El Hormiguero y lo soltaron cuando investigaron qui\u00e9n era \u00e9l\u201d. Por su parte, el periodista Nicol\u00e1s L\u00f3pez Maltez asegura que a Daniel Santos lo encarcel\u00f3 por incumplimiento de contrato una se\u00f1ora de nombre Margarita Giti, \u201cdue\u00f1a de un famoso night club que estuvo en el km 8 de la Carretera Sur\u201d.<\/p>\n<p>Seg\u00fan L\u00f3pez Maltez, \u201cest\u00e1 la fantas\u00eda de que quien encarcel\u00f3 a Daniel Santos en Nicaragua fue Anastasio Somoza Garc\u00eda\u201d. Los que apoyan esa versi\u00f3n sostienen que \u201cSomoza lo meti\u00f3 preso por negarse a cantarle en un prost\u00edbulo de Managua\u201d.<\/p>\n<p>\u201cLo de Somoza Garc\u00eda es irrisorio, falso. Nunca Tacho Somoza fue burdelero. He buscado en peri\u00f3dicos sobre el incidente, pero nada. La prisi\u00f3n (de Santos en Nicaragua) aparece registrada en cuanto libro sobre su vida se ha escrito\u201d, asevera Francisco Guti\u00e9rrez Barreto, conocido como Pancho Mambo. Seg\u00fan \u00e9l, \u201cDaniel Santos s\u00ed estuvo preso por bronca, producto de una borrachera. Se dice fue en una casa de citas, donde la due\u00f1a era su amante. Se estima sucedi\u00f3 hacia 1954\u201d, concluye.<\/p>\n<p style=\"text-align: center;\">***<\/p>\n<p>Nicaragua no es la \u00fanica naci\u00f3n en la que el Jefe conoci\u00f3 la prisi\u00f3n. Su historial es largo.<\/p>\n<p>La primera vez fue en Nueva York, en 1936. Despu\u00e9s lo encarcelaron en Puerto Rico, \u201cpor golpear a una mujer con una penca de cambur, porque esta le intent\u00f3 cortar la cara con una botella rota\u201d, apunta el periodista Nicol\u00e1s L\u00f3pez Maltez.<\/p>\n<p>La m\u00e1s famosa de sus carceleadas ser\u00eda en Cuba. All\u00ed en 1951 compuso su canci\u00f3n <em>El preso<\/em>.<\/p>\n<p>\u201cLo condenaron a dos a\u00f1os de prisi\u00f3n por golpear a una mujer en una pelea en una fiesta. Le rompi\u00f3 la cara\u201d, contin\u00faa L\u00f3pez Maltez.<\/p>\n<p>La lista sigue. Guayaquil, Rep\u00fablica Dominicana, M\u00e9xico&#8230; No solo ten\u00eda fama de pendenciero, mujeriego, es otro de los adjetivos con los que se le asocia. Se despos\u00f3 m\u00e1s de diez veces. Incluso \u00e9l mismo lleg\u00f3 a perder la cuenta del total de mujeres con las que estuvo casado. \u201cPasa que yo era muy bonito\u201d, justific\u00f3 a sus 73 a\u00f1os.<\/p>\n<p>Cuando fue cuestionado por las penas que pag\u00f3 en prisi\u00f3n por golpear a una mujer, \u00e9l respondi\u00f3: \u201cYo no digo que no maltrat\u00e9 a nadie, puede haber sucedido, eso s\u00ed es verdad, pero no de abuso\u201d.<\/p>\n<p>\u2014\u00bfC\u00f3mo se puede maltratar a alguien sin abuso? \u2014replic\u00f3 la periodista venezolana Elsy Manzanares Feliche.<\/p>\n<p>\u201cBueno porque la verdad es que uno no quiere hacerlo, pero se ve obligado, bueno esas cosas no quiero recordarlas, as\u00ed que sigamos con la entrevista\u201d, concluy\u00f3 Santos, padre de m\u00e1s de 12 hijos.<\/p>\n<p style=\"text-align: center;\">***<\/p>\n<p>Desde \u201cel corralito\u201d, una especie de gallinero en el patio de la c\u00e1rcel El Hormiguero, Carlos Urbina Guill\u00e9n lo reconoci\u00f3. \u00c9l no recuerda la fecha exacta, pero presume que fue a inicios de los sesenta. De lo que s\u00ed est\u00e1 convencido es que sucedi\u00f3 un lunes.<\/p>\n<p>\u201cEl Daniel Santos de esa \u00e9poca tal vez ten\u00eda unos 40 a\u00f1os: blanco, pelo bien ondulado que ya empezaba a canear, el bigotazo que siempre anduvo, ya no era delgado, med\u00eda unos 5.8 pies\u201d, asegura Urbina Guill\u00e9n, quien estuvo solo una hora en prisi\u00f3n. Cuando \u00e9l sali\u00f3 de El Hormiguero, a eso de las 11:00 de la ma\u00f1ana, Santos a\u00fan estaba all\u00ed y de acuerdo con lo que escuch\u00f3 en la c\u00e1rcel al puertorrique\u00f1o lo hab\u00edan encarcelado el domingo.<\/p>\n<p>Durante ese tiempo en prisi\u00f3n hay quienes dicen que Santos compuso una canci\u00f3n que llam\u00f3 El Hormiguero. Muy pocos saben de ella y ni siquiera aparece en su discograf\u00eda. Seg\u00fan Jos\u00e9 Mar\u00eda Talavera, un colega suyo tambi\u00e9n amante de La Sonora Matancera ten\u00eda la canci\u00f3n en un casete que en 1972 el terremoto de Managua se trag\u00f3. \u201cQuiere decir que existi\u00f3, pero no s\u00e9 d\u00f3nde la grab\u00f3\u201d, dice.<\/p>\n<p>Con una colecci\u00f3n de m\u00e1s de 700 canciones de La Sonora Matancera, Carlos Urbina Guill\u00e9n ya no es el aquel joven desinteresado que a unos metros de distancia en el patio de la c\u00e1rcel El Hormiguero observ\u00f3 al puertorrique\u00f1o de la voz robusta. De haberlo visto ahora, dice entre risas, \u201clo hubiera entrevistado\u201d. Y aunque su recuerdo de aquel d\u00eda es vago, Guill\u00e9n lamenta en ese momento no haber discernido que \u201cese era uno de los m\u00e1s grandes cantantes latinos de la historia\u201d.<\/p>\n<figure id=\"attachment_33129\" aria-describedby=\"caption-attachment-33129\" style=\"width: 700px\" class=\"wp-caption aligncenter\"><a href=\"https:\/\/gep90.laprensa.com.ni\/magazine\/wp-content\/uploads\/2017\/01\/Acr5552725462016-31932.jpg\"><img decoding=\"async\" class=\"wp-image-33129 size-full\" src=\"https:\/\/gep90.laprensa.com.ni\/magazine\/wp-content\/uploads\/2017\/01\/Acr5552725462016-31932.jpg\" alt=\"Daniel Santos\" width=\"700\" height=\"455\" srcset=\"https:\/\/d1xxa24wwackpg.cloudfront.net\/wp-content\/uploads\/2017\/01\/07150904\/Acr5552725462016-31932.jpg 700w, https:\/\/d1xxa24wwackpg.cloudfront.net\/wp-content\/uploads\/2017\/01\/07150904\/Acr5552725462016-31932.jpg 300w\" sizes=\"(max-width: 700px) 100vw, 700px\" \/><\/a><figcaption id=\"caption-attachment-33129\" class=\"wp-caption-text\">Daniel Santos muri\u00f3 en Estados Unidos en 1992. Ten\u00eda 76 a\u00f1os.<\/figcaption><\/figure>\n<h4>Sus visitas a Nicaragua<\/h4>\n<p>Desde un escenario desnudo cantaba el puertorrique\u00f1o Daniel Santos. Era 1963, presume el escritor Sergio Ram\u00edrez, quien mir\u00f3 a Santos actuar en Le\u00f3n en un lupanar que se llamaba \u201cel 3066, que tomaba el nombre de su n\u00famero de tel\u00e9fono\u201d, cuenta Sergio Ram\u00edrez, en su obra <em>Oficios compartidos<\/em>.<\/p>\n<p>En esa \u00e9poca, seg\u00fan Ram\u00edrez, un Santos ya encanecido, medio borracho y con deje pendenciero, interpretaba en el burdel los versos de su tema <em>Virgen de medianoche<\/em>.<\/p>\n<p>Otra de las visitas del Jefe sucedi\u00f3 en un radio-teatro en Managua. All\u00ed lo escuch\u00f3 cantar Hugo Hern\u00e1ndez Oviedo, matancero y asiduo lector de la historia de esta agrupaci\u00f3n musical.<\/p>\n<p>\u201cLleg\u00f3 justamente del aeropuerto al programa y dijo: &#8216;se\u00f1oras y se\u00f1ores, vamos a hacer de cuenta y caso que vamos a ensayar&#8217;. As\u00ed comenz\u00f3 \u00e9l su programa\u201d, cuenta Hern\u00e1ndez Oviedo, de 76 a\u00f1os. All\u00ed tambi\u00e9n estuvo el matancero Jos\u00e9 Mar\u00eda Talavera, quien recuerda que el Jefe, como se le conoc\u00eda a Santos, cant\u00f3 <em>Linda<\/em> (tema grabado en 1963).<\/p>\n<p>La presentaci\u00f3n fue al mediod\u00eda, dur\u00f3 una hora y se transmiti\u00f3 a trav\u00e9s de Uni\u00f3n Radio. \u201cFue una furia musical\u201d, dice Hern\u00e1ndez Oviedo.<\/p>\n","protected":false},"excerpt":{"rendered":"<p>En los a\u00f1os sesenta el famoso Daniel Santos fue a parar a la temida c\u00e1rcel El Hormiguero. De c\u00f3mo lleg\u00f3 ah\u00ed el vocalista de la Sonora Matancera hay varias versiones. Por incumplir contrato, por fumar marihuana, por repartir pu\u00f1etazos. Esta es la historia de su \u201ccarceleada\u201d<\/p>\n","protected":false},"author":46,"featured_media":33131,"comment_status":"open","ping_status":"open","sticky":false,"template":"","format":"standard","meta":{"_acf_changed":false,"footnotes":""},"categories":[26],"tags":[],"class_list":["post-33125","post","type-post","status-publish","format-standard","has-post-thumbnail","hentry","category-reportajes"],"acf":[],"_links":{"self":[{"href":"https:\/\/staging.laprensanic.com\/magazine\/wp-json\/wp\/v2\/posts\/33125","targetHints":{"allow":["GET"]}}],"collection":[{"href":"https:\/\/staging.laprensanic.com\/magazine\/wp-json\/wp\/v2\/posts"}],"about":[{"href":"https:\/\/staging.laprensanic.com\/magazine\/wp-json\/wp\/v2\/types\/post"}],"author":[{"embeddable":true,"href":"https:\/\/staging.laprensanic.com\/magazine\/wp-json\/wp\/v2\/users\/46"}],"replies":[{"embeddable":true,"href":"https:\/\/staging.laprensanic.com\/magazine\/wp-json\/wp\/v2\/comments?post=33125"}],"version-history":[{"count":10,"href":"https:\/\/staging.laprensanic.com\/magazine\/wp-json\/wp\/v2\/posts\/33125\/revisions"}],"predecessor-version":[{"id":52781,"href":"https:\/\/staging.laprensanic.com\/magazine\/wp-json\/wp\/v2\/posts\/33125\/revisions\/52781"}],"wp:featuredmedia":[{"embeddable":true,"href":"https:\/\/staging.laprensanic.com\/magazine\/wp-json\/wp\/v2\/media\/33131"}],"wp:attachment":[{"href":"https:\/\/staging.laprensanic.com\/magazine\/wp-json\/wp\/v2\/media?parent=33125"}],"wp:term":[{"taxonomy":"category","embeddable":true,"href":"https:\/\/staging.laprensanic.com\/magazine\/wp-json\/wp\/v2\/categories?post=33125"},{"taxonomy":"post_tag","embeddable":true,"href":"https:\/\/staging.laprensanic.com\/magazine\/wp-json\/wp\/v2\/tags?post=33125"}],"curies":[{"name":"wp","href":"https:\/\/api.w.org\/{rel}","templated":true}]}}