{"id":33275,"date":"2014-11-09T11:28:06","date_gmt":"2014-11-09T17:28:06","guid":{"rendered":"https:\/\/www.magazine.com.ni\/?p=33275"},"modified":"2020-11-09T15:19:42","modified_gmt":"2020-11-09T21:19:42","slug":"hijos-de-la-talidomida","status":"publish","type":"post","link":"https:\/\/staging.laprensanic.com\/magazine\/reportajes\/hijos-de-la-talidomida\/","title":{"rendered":"Hijos de la talidomida"},"content":{"rendered":"<p style=\"text-align: center;\">A mediados del siglo pasado, al menos diez mil ni\u00f1os en el mundo nacieron con malformaciones en las extremidades por culpa de un f\u00e1rmaco alem\u00e1n comercializado en m\u00e1s de 40 pa\u00edses. Estas son las historias de sus v\u00edctimas en Nicaragua<\/p>\n<p style=\"text-align: center;\"><strong>Por Anagilmara V\u00edlchez Zeled\u00f3n<\/strong><\/p>\n<p>Gritos. Sangre. Silencio. Enfermeras y doctores del Hospital El Retiro revolotean alrededor del ni\u00f1o que acaba de nacer. No tiene brazos. En su lugar, como unas aletas diminutas, hay dos mu\u00f1ones unidos al torso. Luis G\u00e1mez es el beb\u00e9 al que los m\u00e9dicos escudri\u00f1an. Hasta el 21 de junio de 1961 el embarazo de Sonia Fonseca hab\u00eda transcurrido normal. O al menos eso cre\u00eda.<\/p>\n<p>Ocho meses despu\u00e9s, el 27 de febrero de 1962, en una sala de parto a 111 kil\u00f3metros de Managua, Mar\u00eda del Rosario Rosales daba a luz en el Hospital San Jos\u00e9 de Rivas. Tuvo un var\u00f3n. Cuando lo escuch\u00f3 llorar quiso mirarlo. Se lo llevaron envuelto como un peque\u00f1o capullo y no pudo verlo. Horas despu\u00e9s le dijeron la verdad: las extremidades superiores de su hijo estaban incompletas.<\/p>\n<p>Ninguna de las madres hab\u00eda padecido achaques inusuales. La primera tuvo n\u00e1useas al inicio del embarazo. La segunda, un ataque de amebas.<\/p>\n<p>Por males distintos y con nombres diferentes ambas recibieron la misma medicina: talidomida. Un f\u00e1rmaco alem\u00e1n desarrollado a finales de los a\u00f1os 50 y del que presuntamente se distribuyeron, en al menos 40 pa\u00edses, 310 millones de dosis durante cuatro a\u00f1os.<\/p>\n<p>\u201cMi mam\u00e1 tom\u00f3 esas pastillas supuestamente para ayudarle con los achaques. Ella no sab\u00eda que eso causar\u00eda tanto da\u00f1o en mi persona\u201d, asegura G\u00e1mez, hoy de 53 a\u00f1os.<\/p>\n<p>\u00c9l y Mauricio Arce son dos de los m\u00e1s de diez mil ni\u00f1os que nacieron con focomelia, una malformaci\u00f3n gen\u00e9tica provocada por la ingesta de talidomida.<\/p>\n<p>Cinco d\u00e9cadas despu\u00e9s de la tragedia, en Nicaragua no se conocen estad\u00edsticas sobre el total de personas afectadas por este f\u00e1rmaco. Es posible que la talidomida haya llegado al pa\u00eds en calidad de muestras m\u00e9dicas, por ello las fechas de su disponibilidad no pueden ser confirmadas o simplemente no hay registros de ellas.<\/p>\n<p>Antiguos trabajadores del Seguro Social calculan que en territorio nica hubo como m\u00e1ximo cinco ni\u00f1os afectados por la talidomida. En esta edici\u00f3n, <em>Magazine<\/em>\u00a0le cuenta las historias de tres de ellos: Luis G\u00e1mez, Mauricio Arce y el reconocido Jos\u00e9 Antonio (Tony) Mel\u00e9ndez. Tres de las v\u00edctimas del mayor caos farmacol\u00f3gico registrado hasta ahora. Tres v\u00edctimas de la conocida \u201cdroga maldita\u201d.<\/p>\n<blockquote>\n<p style=\"text-align: center;\">\u201cAl principio yo estaba tan chiquito, no entend\u00eda que no ten\u00eda los brazos, cuando ya estaba un poquito m\u00e1s mayor los ni\u00f1os gritaban \u2018no tiene brazos\u2019. Dol\u00eda el coraz\u00f3n. Me dol\u00eda mucho\u201d.<\/p>\n<p style=\"text-align: center;\">Tony Mel\u00e9ndez<\/p>\n<p style=\"text-align: center;\">Guitarrista y cantante nicarag\u00fcense, v\u00edctima de la talidomida.<\/p>\n<\/blockquote>\n<p style=\"text-align: center;\">***<\/p>\n<p>En agua y miel diluy\u00f3 el veneno. Suzanne Coipel ech\u00f3 la mezcla en el biber\u00f3n y se la dio a beber a su hija Corinne, de siete d\u00edas de nacida. A la ma\u00f1ana siguiente la ni\u00f1a estaba muerta.<\/p>\n<p>A finales de 1962 las razones de la madre para cometer el crimen se ventilaron p\u00fablicamente en los tribunales de B\u00e9lgica: Corinne hab\u00eda nacido sin brazos y ten\u00eda muy pocas probabilidades de vivir.<\/p>\n<p>Suzanne, su esposo Jean Noel Vandeput, otros dos miembros de su familia y un m\u00e9dico eran acusados de envenenarla. \u201cNo vimos otra soluci\u00f3n que dar muerte a la ni\u00f1a\u201d, confes\u00f3 Vandeput en el juicio.<\/p>\n<p>Las malformaciones de la beb\u00e9 fueron provocadas por un somn\u00edfero derivado de la talidomida, medicamento que Suzanne hab\u00eda ingerido durante los primeros meses de gestaci\u00f3n. Fue un esc\u00e1ndalo.<\/p>\n<p>Este f\u00e1rmaco circul\u00f3 a partir de 1957 y fue retirado del mercado en 1961, despu\u00e9s que m\u00e9dicos informaran a Gr\u00fcnenthal GmbH, compa\u00f1\u00eda farmac\u00e9utica que desarroll\u00f3 la droga, sobre los efectos teratog\u00e9nicos (que produce malformaciones en el embri\u00f3n o feto) de la talidomida.<\/p>\n<p>La histeria no se hizo esperar. \u201cHab\u00eda historias terribles de mujeres desesperadas que volaban a Suecia pidiendo un aborto, alarmadas por el pensamiento de que iban a alumbrar un \u2018monstruo\u2019\u201d, expone Carlos Gamero Esparza en la investigaci\u00f3n <em>P\u00edldoras en su laberinto<\/em>.<\/p>\n<p>En el mercado, la talidomida fue promocionada como un \u201cinofensivo medicamento\u201d que no afectaba \u201cal metabolismo hep\u00e1tico, la presi\u00f3n sangu\u00ednea ni la circulaci\u00f3n, y es bien tolerada incluso por los pacientes m\u00e1s sensibles. Especialmente conveniente para el embarazo\u201d, dec\u00edan. Era la droga que garantizaba la paz y el sue\u00f1o.<\/p>\n<p>Sus fabricantes despu\u00e9s admitir\u00edan que este producto caus\u00f3 \u201cla mayor tragedia de la historia de la industria farmac\u00e9utica alemana\u201d.<\/p>\n<p>Para el doctor Jorge Huete, el problema radic\u00f3 en que la talidomida \u201cno pas\u00f3 por un sistema de revisi\u00f3n estricto\u201d. Seg\u00fan este bi\u00f3logo molecular nicarag\u00fcense, el deterioro al proceso de desarrollo del feto, en particular a las extremidades, era provocado por una inhibici\u00f3n en el crecimiento de los vasos sangu\u00edneos.<\/p>\n<p>A eso se deb\u00edan las deformidades org\u00e1nicas o la ausencia de los miembros superiores e inferiores en los ni\u00f1os. La focomelia (miembros de foca) fue la enfermedad m\u00e1s com\u00fan. Sordera, ceguera y lesiones internas del coraz\u00f3n, ri\u00f1ones, \u00fatero, eran otras de las secuelas. Bastaba con que la madre o el padre tomaran la droga para que sus hijos nacieran as\u00ed.<\/p>\n<p>La Asociaci\u00f3n de V\u00edctimas de la Talidomida en Espa\u00f1a, en el 2013, acus\u00f3 a Gr\u00fcnenthal de realizar los primeros ensayos cl\u00ednicos de la talidomida \u201ccon jud\u00edos y cerdos, en el campo de concentraci\u00f3n y exterminio nazi de Auschwitz\u201d. Los doctores que coordinaban estas investigaciones, supuestamente, \u201cpasaron a formar parte de la plantilla de Gr\u00fcnenthal, en Alemania (&#8230;) y estuvieron sentados en el banquillo de los acusados, por haber fabricado y comercializado la Talidomida en casi todo el mundo\u201d.<\/p>\n<p>Fue hasta 1962 que cient\u00edficos comprobaron que este medicamento era responsable de las malformaciones en miles de ni\u00f1os que en muchos casos no lograban alcanzar la edad adulta. Corinne, por decisi\u00f3n de sus padres, fue una de ellos. Naci\u00f3 en mayo de 1962 y en noviembre de ese mismo a\u00f1o todos los acusados de envenenarla eran absueltos en el conocido proceso de Lieja. Para otros \u201chijos de la Talidomida\u201d las secuelas del medicamento persisten todav\u00eda.<\/p>\n<p style=\"text-align: center;\">***<\/p>\n<p>\u201cAl principio yo estaba tan chiquito, no entend\u00eda que no ten\u00eda los brazos, cuando ya estaba un poquito m\u00e1s mayor los ni\u00f1os gritaban \u2018no tiene brazos\u2019. Dol\u00eda el coraz\u00f3n. Me dol\u00eda mucho\u201d, cuenta en <em>espanglish<\/em> el cantautor y guitarrista nicarag\u00fcense, Jos\u00e9 Antonio (Tony) Mel\u00e9ndez Rodr\u00edguez.<\/p>\n<p>Tony Mel\u00e9ndez, como popularmente se le conoce, naci\u00f3 sin brazos. \u201cLe dieron a mi mam\u00e1 talidomida mientras estaba embarazada de m\u00ed y por eso no tengo los brazos\u201d, explica.<\/p>\n<p>Qui\u00e9n recet\u00f3 la droga y para qu\u00e9 son dos de las dudas que <em>Magazine<\/em> quiso dilucidar con el artista. Se le escribi\u00f3 a su representante solicitando una entrevista, pero este nunca respondi\u00f3. Hasta ahora en los testimonios o declaraciones previas que <em>Magazine<\/em> consult\u00f3, Mel\u00e9ndez no ha aclarado esta interrogante.<\/p>\n<p>De \u00e9l se sabe que naci\u00f3 en enero de 1962, en el Hospital San Jos\u00e9, de Rivas. Que cuando ten\u00eda un a\u00f1o sus pap\u00e1s se lo llevaron a Estados Unidos. Que cant\u00f3 frente al papa Juan Pablo II y que peregrina por el mundo tocando con los pies su guitarra. Esto \u00faltimo lo hizo mundialmente famoso.<\/p>\n<p>Con los dedos mueve las clavijas para enrollar las cuerdas al instrumento. No puede afinarlas como se debe, pero lo hace como puede para sacar un par de acordes.<\/p>\n<p>No es lo \u00fanico que hace con los pies. Aprendi\u00f3 a escribir con los pies. A comer con los pies. A manejar con los pies. \u201cYo no conozco las manos, nunca las he tenido, nunca he tenido ese don de poder mover un dedo, de sostener (en las manos) un tel\u00e9fono, un l\u00e1piz. Los pies siempre eran mis dedos, como las manos\u201d, dijo Mel\u00e9ndez al Diario La Prensa hace algunos a\u00f1os.<\/p>\n<p>Este artista est\u00e1 convencido que ante los ojos de Dios \u00e9l es un hombre \u201centero\u201d. Mel\u00e9ndez es en Nicaragua la v\u00edctima m\u00e1s conocida de la talidomida. Pero no la \u00fanica.<\/p>\n<figure id=\"attachment_33283\" aria-describedby=\"caption-attachment-33283\" style=\"width: 700px\" class=\"wp-caption aligncenter\"><a href=\"https:\/\/gep90.laprensa.com.ni\/magazine\/wp-content\/uploads\/2017\/01\/190992-1.jpg\"><img fetchpriority=\"high\" decoding=\"async\" class=\"wp-image-33283 size-full\" src=\"https:\/\/gep90.laprensa.com.ni\/magazine\/wp-content\/uploads\/2017\/01\/190992-1.jpg\" alt=\"Tony Mel\u00e9ndez. \" width=\"700\" height=\"579\" srcset=\"https:\/\/d1xxa24wwackpg.cloudfront.net\/wp-content\/uploads\/2017\/01\/07150748\/190992-1.jpg 700w, https:\/\/d1xxa24wwackpg.cloudfront.net\/wp-content\/uploads\/2017\/01\/07150748\/190992-1.jpg 300w, https:\/\/d1xxa24wwackpg.cloudfront.net\/wp-content\/uploads\/2017\/01\/07150748\/190992-1.jpg 600w\" sizes=\"(max-width: 700px) 100vw, 700px\" \/><\/a><figcaption id=\"caption-attachment-33283\" class=\"wp-caption-text\">La tragedia de la talidomida dio lugar a los largos y estrictos procesos de revisi\u00f3n que hoy deben pasar los medicamentos antes de salir al mercado. En la foto Tony Mel\u00e9ndez.<\/figcaption><\/figure>\n<blockquote>\n<p style=\"text-align: center;\">\u201cLos afectados (por la talidomida) tienen un envejecimiento acelerado y superior en sus huesos y en todo el cuerpo, en 20 a\u00f1os, con respecto a las personas consideradas normales\u201d.<\/p>\n<p style=\"text-align: center;\">Asociaci\u00f3n de V\u00edctimas de la Talidomida en Espa\u00f1a<\/p>\n<p style=\"text-align: center;\">Comunicado emitido en noviembre de 2013<\/p>\n<\/blockquote>\n<p style=\"text-align: center;\">***<\/p>\n<p>Seg\u00fan cifras oficiales del Instituto de Gen\u00e9tica Humana de M\u00fcnster, Alemania, en Nicaragua, solamente hay un caso reconocido e indemnizado por secuelas de la talidomida.<\/p>\n<p>Mauricio Arce desde hace un par de a\u00f1os \u2014no recuerda exactamente cu\u00e1ntos\u2014 recibe una cuota mensual de parte de la compa\u00f1\u00eda farmac\u00e9utica que desarroll\u00f3 el f\u00e1rmaco responsable de la deformaci\u00f3n de sus brazos. Es posible que el caso al que hace referencia la instituci\u00f3n germana sea el suyo.<\/p>\n<p>En 1963, a trav\u00e9s de la radio, Mar\u00eda del Rosario Rosales se enter\u00f3 que el medicamento que el doctor le hab\u00eda prescrito para controlar un ataque de amebas estaba siendo denunciado por causar da\u00f1os severos en fetos.<\/p>\n<p>Al aire leyeron algunos de los m\u00e1s de 50 nombres con los que la talidomida fue distribuida en por lo menos 40 pa\u00edses. Entre la lista escuch\u00f3 el Enterosidiv.<\/p>\n<p>Dos o tres veces lo hab\u00eda tomado. No sigui\u00f3 al pie de la letra las indicaciones del m\u00e9dico, \u201cgracias a Dios\u201d, dice 52 a\u00f1os despu\u00e9s.<\/p>\n<p>En cuanto se enter\u00f3 del revuelo detr\u00e1s de la droga, busc\u00f3 al galeno que la trat\u00f3 y que tambi\u00e9n atendi\u00f3 su parto.<\/p>\n<p>\u201cYo me fui y platiqu\u00e9 con \u00e9l y me dijo: \u2018No, yo no te di nada de eso\u2019. Toditas las recetas las guardaba y yo las encontr\u00e9 y se las llev\u00e9 al doctor y me dijo que s\u00ed aceptaba y yo entiendo que no lo hizo con mala intenci\u00f3n\u201d, recuerda Rosales, de 79 a\u00f1os.<\/p>\n<p>En su libro<em> Hijos de la Talidomida<\/em>, Jos\u00e9 Riquelme, quien es una de las v\u00edctimas espa\u00f1olas del f\u00e1rmaco, explica que para obtener la indemnizaci\u00f3n los afectados o los familiares de estos deb\u00edan presentar a Gr\u00fcnenthal GmbH los documentos, fotograf\u00edas y radiograf\u00edas que probaran su relaci\u00f3n con el medicamento \u201cmaldito\u201d, como posteriormente se le conoci\u00f3.<\/p>\n<p>Adem\u00e1s ten\u00edan que enviar el \u201cnombre del m\u00e9dico que hab\u00eda prescrito el f\u00e1rmaco, con su n\u00famero de colegiado correspondiente. E incluso el mismo m\u00e9dico, deb\u00eda acreditar y certificar que lo hab\u00eda recetado\u201d, explica Riquelme.<\/p>\n<p>\u201cHasta 2013 la Fundaci\u00f3n Contergan realiz\u00f3 pagos por valor de m\u00e1s de 600 millones de euros a los afectados por la Talidomida\u201d, reza un enlace de la p\u00e1gina oficial de la farmac\u00e9utica alemana: www.contergan.grunenthal.info.<\/p>\n<p>Luis G\u00e1mez, de 53 a\u00f1os, no ha recibido ni un centavo de esta compa\u00f1\u00eda. A su mam\u00e1 en el Seguro Social le recetaron talidomida para calmar las n\u00e1useas durante los primeros meses de embarazo.<\/p>\n<p>El v\u00f3mito se apacigu\u00f3, pero a consecuencia de la droga G\u00e1mez naci\u00f3 con los miembros superiores incompletos.<\/p>\n<p>\u201cElla sufri\u00f3 mucho\u201d, lamenta G\u00e1mez.<\/p>\n<p>\u201c\u00bfSu mam\u00e1 nunca busc\u00f3 indemnizaci\u00f3n?\u201d, le pregunto.<\/p>\n<p>\u201cComo no, la busc\u00f3 mi mam\u00e1. El m\u00e9dico que hab\u00eda aqu\u00ed era casado con una alemana y ella le dio todos los papeles, las fotos y unas recetas que le dieron en el Seguro Social de las pastillas que hab\u00eda tomado. Ese doctor se las llev\u00f3 y nunca volvi\u00f3. Nunca supimos nada de \u00e9l\u201d, responde.<\/p>\n<p>Seg\u00fan sus c\u00e1lculos, eso sucedi\u00f3 antes de 1972.<\/p>\n<figure id=\"attachment_33276\" aria-describedby=\"caption-attachment-33276\" style=\"width: 4016px\" class=\"wp-caption aligncenter\"><a href=\"https:\/\/gep90.laprensa.com.ni\/magazine\/wp-content\/uploads\/2017\/01\/239-MAG-TalidomidaMauricio-3.jpg\"><img decoding=\"async\" class=\"wp-image-33276 size-full\" src=\"https:\/\/gep90.laprensa.com.ni\/magazine\/wp-content\/uploads\/2017\/01\/239-MAG-TalidomidaMauricio-3.jpg\" alt=\"Mauricio Arce. Jinotepe. LA PRENSA \/ Uriel Molina\" width=\"4016\" height=\"6016\" srcset=\"https:\/\/d1xxa24wwackpg.cloudfront.net\/wp-content\/uploads\/2017\/01\/07150753\/239-MAG-TalidomidaMauricio-3.jpg 4016w, https:\/\/d1xxa24wwackpg.cloudfront.net\/wp-content\/uploads\/2017\/01\/07150753\/239-MAG-TalidomidaMauricio-3.jpg 200w, https:\/\/d1xxa24wwackpg.cloudfront.net\/wp-content\/uploads\/2017\/01\/07150753\/239-MAG-TalidomidaMauricio-3.jpg 768w, https:\/\/d1xxa24wwackpg.cloudfront.net\/wp-content\/uploads\/2017\/01\/07150753\/239-MAG-TalidomidaMauricio-3.jpg 684w\" sizes=\"(max-width: 4016px) 100vw, 4016px\" \/><\/a><figcaption id=\"caption-attachment-33276\" class=\"wp-caption-text\">\u201cGracias por el amor\u201d, es la frase con la que Mauricio Arce resumir\u00eda su vida. Es el mayor de cinco hermanos y el \u00fanico con lesiones provocadas por la talidomida. \u201cFue muy querido siempre por todos\u201d, asegura su mam\u00e1 Mar\u00eda del Rosario Rosales.<\/figcaption><\/figure>\n<p style=\"text-align: center;\">***<\/p>\n<p>Por \u201ccasualidades de Dios\u201d Luis G\u00e1mez lleg\u00f3 a trabajar a la Contralor\u00eda General de la Rep\u00fablica en 1999. Su primer puesto fue de CPF. Despu\u00e9s le asignaron la tarea de llevar y traer las cartas y dict\u00e1menes del despacho de contralores. Hoy es oficial de correspondencia de la Direcci\u00f3n General Jur\u00eddica, por eso es com\u00fan verlo en los pasillos de esta instituci\u00f3n sosteniendo papeles a la altura del pecho.<\/p>\n<p>Camina r\u00e1pido. Muy r\u00e1pido. Sus piernas cortan el aire con cada zancada. Su tronco se balancea por la oficina, mientras un par de dedos salen justo al final de las mangas cortas de su camisa.<\/p>\n<p>\u201cLuisito es muy querido aqu\u00ed en la Contralor\u00eda, es un hombre muy esforzado tanto en su trabajo como en su hogar\u201d, asegura Thelma Zavala, su jefa.<\/p>\n<p>En un primer encuentro G\u00e1mez habla bajo y sonr\u00ede poco. Una vez en familia, se mueve con m\u00e1s confianza y hasta bromea.<\/p>\n<p>Vive en el reparto Miraflores con su hijo Benjam\u00edn y su esposa. All\u00ed alquilan una peque\u00f1a vivienda desde hace un a\u00f1o.<\/p>\n<p>Para ajustar el pago de la renta y de los servicios b\u00e1sicos, G\u00e1mez da clases de F\u00edsica y Matem\u00e1ticas a los ni\u00f1os o j\u00f3venes que lo buscan. No estudi\u00f3 magisterio, pero ense\u00f1a. \u201cMi mente est\u00e1 buena\u201d, insiste.<\/p>\n<p>Desde ni\u00f1o aprendi\u00f3 a escribir, a usar cubiertos y a lavarse los dientes. Sus pap\u00e1s al inicio eran sus brazos. Ahora su esposa y su hijo son su apoyo.<\/p>\n<p>Ba\u00f1arse, vestirse, desvestirse, peinarse o afeitarse son algunas de las acciones para las que necesita ayuda. \u201cNo es que no pueda, sino que no tengo alcance\u201d, explica, mientras con uno de los tres dedos de su mano derecha forma una especie de gancho en el que cuelga un pocillo azul del que bebe caf\u00e9.<\/p>\n<p>Los momentos m\u00e1s duros los ha vivido en el trabajo. \u201cNo es tanto el trabajo sino mi condici\u00f3n f\u00edsica. La parte fisiol\u00f3gica. Bebo poco l\u00edquido, pero el aire me da ganas de ir al ba\u00f1o. Me he estado orinando y he tenido que salir corriendo a la casa. Son d\u00edas dif\u00edciles. Voy en un bus y no aguanto las ganas de ir al ba\u00f1o. Es ir luchando con eso\u201d, confiesa.<\/p>\n<p>Desde hace dos a\u00f1os es abogado <em>in fieri<\/em>. Ya termin\u00f3 la carrera pero le hace falta tramitar el t\u00edtulo. El derecho penal es su favorito. \u201cEse es mi sue\u00f1o estar frente a un juez defendiendo a alguien\u201d, dice sonriendo. Cuando estaba chavalo jug\u00f3 beisbol, handball, futbol e incluso practic\u00f3 taekwondo. Deb\u00eda aprender a defenderse. En 1971, a la salida del colegio un compa\u00f1ero suyo lo atac\u00f3. Quiso detenerlo con una patada, pero su contrincante le agarr\u00f3 el pie, lo tir\u00f3 al suelo y empez\u00f3 a ahorcarlo. \u201cDos muchachos que estudiaban conmigo me llegaron a rescatar, me lo quitaron de encima\u201d, recuerda. No ser\u00eda la primera ni la \u00faltima vez que \u201cpor puro gusto\u201d lo molestar\u00edan por no tener brazos largos. Por ser diferente.<\/p>\n<p style=\"text-align: center;\">***<\/p>\n<p>\u201cMe gustar\u00eda aprovechar la oportunidad (&#8230;) para expresar nuestras sinceras disculpas por las consecuencias que la Talidomida tuvo y nuestra profunda solidaridad con todos los afectados, sus madres y sus familias (&#8230;) Lamentamos que el potencial teratog\u00e9nico de la Talidomida no pudo ser detectado por las pruebas que nosotros y otros llevaron a cabo antes de que se comercializara\u201d.<\/p>\n<p>31 de agosto de 2012. Cincuenta a\u00f1os despu\u00e9s de la tragedia finalmente lleg\u00f3 una disculpa. El discurso lo pronunci\u00f3 el doctor Harald F. Stock, director ejecutivo del Grupo Gr\u00fcnenthal. La ocasi\u00f3n parec\u00eda ser perfecta. Era la inauguraci\u00f3n del monumento a las v\u00edctimas de la talidomida en la ciudad de Stolberg, Alemania.<\/p>\n<p>El \u201cmea culpa\u201d fue catalogado como tard\u00edo e insuficiente. Otros vieron en \u00e9l una estrategia de relaciones p\u00fablicas de la compa\u00f1\u00eda para relanzar el medicamento despu\u00e9s que cient\u00edficos de la Cl\u00ednica Mayo en Estados Unidos revelaran que esta droga \u201cpuede detener, o al menos frenar, el avance de un c\u00e1ncer llamado mieloma\u201d. De igual forma, ha sido utilizada para \u201caliviar ciertos s\u00edntomas de la lepra y para combatir erupciones cut\u00e1neas en enfermos del sida\u201d, explica un art\u00edculo del diario <em>El Pa\u00eds<\/em> de Espa\u00f1a. Y es que los motivos por los que este f\u00e1rmaco fue catastr\u00f3fico, ir\u00f3nicamente son los que ayudan a pacientes con estos males, asegura Jorge Huete, director del Centro de Biolog\u00eda Molecular de la Universidad Centroamericana (UCA).<\/p>\n<p>El cielo o el infierno en una droga. Todo depende de qu\u00e9 tan estricto sea el sistema de regulaci\u00f3n del pa\u00eds al que llegue y qui\u00e9n la consuma.<\/p>\n<p>\u00bfActualmente se est\u00e1 usando o distribuyendo talidomida en Nicaragua? \u201cYo s\u00e9 por mi di\u00e1logo con m\u00e9dicos, pero esto es tema de lo informal, que s\u00ed hay uso para asuntos cancer\u00edgenos\u201d, asevera Huete.<\/p>\n<p style=\"text-align: center;\">***<\/p>\n<p>\u00bfCortarlos? No. Esa no fue ni ser\u00e1 una opci\u00f3n para ellos. Mauricio Arce y Luis G\u00e1mez han aprendido a querer los peque\u00f1os huesos prendidos de sus hombros. Arce los ha usado para todo. Desde jugar chibolas hasta conducir carros, cambiar pa\u00f1ales o escribir un libro in\u00e9dito. En uno de los tres dedos de su mano izquierda lleva su anillo de matrimonio. \u00bfEs el dedo anular? No sabe y eso realmente no importa. Desde hace 28 a\u00f1os est\u00e1 casado y es feliz.<\/p>\n<p>\u201cSe me ofreci\u00f3 operarme, ponerme pr\u00f3tesis, me la pintaron bien bonito \u2018vas a tener tus cinco dedos\u2019, pero despu\u00e9s analizando ten\u00edan que quitarme lo que ya ten\u00eda y era algo que no iba a tener sensibilidad solo por andar los brazos largos, guindados, sin movilidad, entonces dije que no\u201d, asevera Arce.<\/p>\n<p>Nunca hab\u00eda sentido dolor en sus mu\u00f1ones, hasta ahora. Se le entumen. Le hormiguean.<\/p>\n<p>Amputarse los brazos para usar una pr\u00f3tesis es algo que G\u00e1mez considera \u201cir en contra de la naturaleza, de lo que yo ya tengo\u201d.<\/p>\n<p>Hace muchos a\u00f1os lleg\u00f3 a la conclusi\u00f3n de que lo que le sucedi\u00f3 es culpa del hombre, no de Dios. \u201cDios no cre\u00f3 seres imperfectos, ni con problemas f\u00edsicos, sino que el mismo hombre en su af\u00e1n de descubrimiento y ciencia inventa cosas que da\u00f1an a las personas\u201d, por eso \u201clo que tengo yo lo aprecio\u201d, dice.<\/p>\n<p style=\"text-align: center;\">***<\/p>\n<p>En un pa\u00eds de m\u00e1s de seis millones de habitantes, Luis G\u00e1mez y Mar\u00eda del Rosario Rosales se encontraron un d\u00eda en un bus. \u00c9l le cedi\u00f3 el asiento a ella. Ella le dijo que ten\u00eda un hijo igual a \u00e9l.<\/p>\n<p>Desde entonces, Mauricio Arce y Luis G\u00e1mez permanecieron en contacto. Uno llegaba a Managua o el otro viajaba a Jinotepe. En un pa\u00eds de m\u00e1s de seis millones de habitantes hab\u00edan encontrado un par.<\/p>\n<p>Una experiencia que G\u00e1mez repiti\u00f3 cuando conoci\u00f3 a Tony Mel\u00e9ndez en un programa de televisi\u00f3n nacional. \u201cEstuve all\u00ed con Tony compartiendo. En ese momentito hicimos una gran amistad porque nos identificamos mucho\u201d, recuerda.<\/p>\n<p>Mel\u00e9ndez regres\u00f3 a Estados Unidos con su guitarra y su fe inquebrantable.<\/p>\n<p>Arce y G\u00e1mez, por su parte, se quedaron en el pa\u00eds buscando a m\u00e1s personas como ellos. Quieren fundar una asociaci\u00f3n y a Mauricio Arce no le sobran dedos en su mano izquierda para contar las v\u00edctimas nicarag\u00fcenses. Despu\u00e9s de cinco d\u00e9cadas siguen siendo solo tres. O al menos eso creen.<\/p>\n<blockquote>\n<p style=\"text-align: center;\">\u201cMis brazos son parte de m\u00ed, de mi vida (amputarlos para usar pr\u00f3tesis) ser\u00eda ir en contra de lo que yo ya tengo. Lo que tengo yo lo aprecio\u201d.<\/p>\n<p style=\"text-align: center;\">Luis G\u00e1mez, nicarag\u00fcense v\u00edctima de la talidomida.<\/p>\n<\/blockquote>\n<p><strong>Talidomida en n\u00fameros<\/strong><\/p>\n<p>1<\/p>\n<p>es el n\u00famero de casos reconocidos oficialmente e indemnizados en Nicaragua, seg\u00fan cifras del Instituto de Gen\u00e9tica Humana de M\u00fcnster, Alemania.<\/p>\n<p>10<\/p>\n<p>kilos de talidomida se vendieron en nuestro pa\u00eds, seg\u00fan las estad\u00edsticas de esta instituci\u00f3n germana. Se cree que estas son inferiores a las cifras reales.<\/p>\n<p>310<\/p>\n<p>millones de dosis de talidomida se vendieron en el mundo durante los cuatro a\u00f1os que estuvo en el mercado.<\/p>\n<p>US$2.25<\/p>\n<p>cuesta una p\u00edldora de 100 mg de talidomida en algunos \u201cclubes de compradores\u201d que venden esta droga de forma ilegal.<\/p>\n<p>12,000<\/p>\n<p>ni\u00f1os en 48 pa\u00edses nacieron a principios de los 60 con lesiones causadas por esta droga, seg\u00fan datos de thalidomide.org. Hoy sobreviven unos 8 mil o 9 mil afectados.<\/p>\n<h4>Una Venus de Milo<\/h4>\n<p>Alison Lapper es una pintora inglesa de 49 a\u00f1os que naci\u00f3 sin brazos y con las piernas m\u00e1s cortas de lo normal como consecuencia de la talidomida.<\/p>\n<p>Fue abandonada por sus padres cuando era ni\u00f1a. A los 19 a\u00f1os se gradu\u00f3 en Bellas Artes y en 2003 recibi\u00f3 el galard\u00f3n Miembro de Honor del Imperio Brit\u00e1nico, por su legado art\u00edstico. En una entrevista a <em>El Mundo<\/em>, Lapper asegur\u00f3 que se siente como una Venus de Milo esculpida en carne y hueso. \u201cA ella nunca le reprocharon ser una minusv\u00e1lida. \u00bfPor qu\u00e9, entonces, me lo reprochan a m\u00ed sin cesar? He aprendido a amarme sola\u201d, dijo.<\/p>\n<h4>Seguir\u00e1n esperando<\/h4>\n<p>A finales de octubre fue anulada la sentencia a trav\u00e9s de la cual la farmac\u00e9utica Gr\u00fcnenthal otorgar\u00eda 204 millones de euros a los afectados por la talidomida en Espa\u00f1a. Los magistrados de un tribunal de Madrid alegaron que la causa estaba \u201cprescrita\u201d. As\u00ed se anul\u00f3 la sentencia por la que la compa\u00f1\u00eda estaba obligada a pagar 20,000 euros \u201ca cada uno de los afectados por cada punto porcentual de minusval\u00eda reconocido\u201d.<\/p>\n<p>Sin embargo, en el portal www.contergan.grunenthal.info, se encuentra un formulario que las personas con malformaciones provocadas por este f\u00e1rmaco deben llenar para recibir asistencia financiera. Uno de los requisitos que piden es el reconocimiento \u201ccomo v\u00edctimas de la Talidomida por la Fundaci\u00f3n de la Talidomida para Personas con Discapacidad u otras instituciones con un criterio de reconocimiento similar\u201d, reza el documento. En Nicaragua no hay una asociaci\u00f3n de v\u00edctimas de este f\u00e1rmaco, pues se necesitan al menos cinco personas para formar una.<\/p>\n<p>\u201cTodav\u00eda no pierdo las esperanzas que me puedan ayudar\u201d, asevera Luis G\u00e1mez, un nicarag\u00fcense afectado por esta droga.<br \/>\nEl da\u00f1o no puede resarcirse asegura Mauricio Arce, otro nica perjudicado. \u00c9l s\u00ed fue indemnizado.<\/p>\n<p>\u201cSi nos logran pasar algo, no es porque quieran ayudarnos sino porque vendr\u00eda a ser un deber de ellos. Tienen que indemnizarnos por un da\u00f1o que han causado\u201d, concluye.<\/p>\n<blockquote>\n<p style=\"text-align: center;\">\u00a0\u201cLos padres de los ni\u00f1os que hab\u00edan nacido deformes estaban tambi\u00e9n acosados por las dudas. Algunos de ellos, incapaces de soportar el dolor, pensaron que sus hijos deb\u00edan ser eliminados misericordiosamente\u201d.<\/p>\n<p style=\"text-align: center;\">Revista Life 1962<\/p>\n<\/blockquote>\n","protected":false},"excerpt":{"rendered":"<p>A mediados del siglo pasado, al menos diez mil ni\u00f1os en el mundo nacieron con malformaciones en las extremidades por culpa de un f\u00e1rmaco alem\u00e1n comercializado en m\u00e1s de 40 pa\u00edses. Estas son las historias de sus v\u00edctimas en Nicaragua<\/p>\n","protected":false},"author":46,"featured_media":33284,"comment_status":"open","ping_status":"open","sticky":false,"template":"","format":"standard","meta":{"_acf_changed":false,"footnotes":""},"categories":[26],"tags":[],"class_list":["post-33275","post","type-post","status-publish","format-standard","has-post-thumbnail","hentry","category-reportajes"],"acf":[],"_links":{"self":[{"href":"https:\/\/staging.laprensanic.com\/magazine\/wp-json\/wp\/v2\/posts\/33275","targetHints":{"allow":["GET"]}}],"collection":[{"href":"https:\/\/staging.laprensanic.com\/magazine\/wp-json\/wp\/v2\/posts"}],"about":[{"href":"https:\/\/staging.laprensanic.com\/magazine\/wp-json\/wp\/v2\/types\/post"}],"author":[{"embeddable":true,"href":"https:\/\/staging.laprensanic.com\/magazine\/wp-json\/wp\/v2\/users\/46"}],"replies":[{"embeddable":true,"href":"https:\/\/staging.laprensanic.com\/magazine\/wp-json\/wp\/v2\/comments?post=33275"}],"version-history":[{"count":14,"href":"https:\/\/staging.laprensanic.com\/magazine\/wp-json\/wp\/v2\/posts\/33275\/revisions"}],"predecessor-version":[{"id":52746,"href":"https:\/\/staging.laprensanic.com\/magazine\/wp-json\/wp\/v2\/posts\/33275\/revisions\/52746"}],"wp:featuredmedia":[{"embeddable":true,"href":"https:\/\/staging.laprensanic.com\/magazine\/wp-json\/wp\/v2\/media\/33284"}],"wp:attachment":[{"href":"https:\/\/staging.laprensanic.com\/magazine\/wp-json\/wp\/v2\/media?parent=33275"}],"wp:term":[{"taxonomy":"category","embeddable":true,"href":"https:\/\/staging.laprensanic.com\/magazine\/wp-json\/wp\/v2\/categories?post=33275"},{"taxonomy":"post_tag","embeddable":true,"href":"https:\/\/staging.laprensanic.com\/magazine\/wp-json\/wp\/v2\/tags?post=33275"}],"curies":[{"name":"wp","href":"https:\/\/api.w.org\/{rel}","templated":true}]}}