{"id":33781,"date":"2017-03-13T09:50:22","date_gmt":"2017-03-13T15:50:22","guid":{"rendered":"https:\/\/www.magazine.com.ni\/?p=33781"},"modified":"2017-03-13T09:50:22","modified_gmt":"2017-03-13T15:50:22","slug":"amarillo-primaveral","status":"publish","type":"post","link":"https:\/\/staging.laprensanic.com\/magazine\/collage\/amarillo-primaveral\/","title":{"rendered":"Amarillo primaveral"},"content":{"rendered":"<p style=\"text-align: center;\"><strong>Por Marianela Lacayo<\/strong><\/p>\n<p>Cada a\u00f1o Pantone, la instituci\u00f3n m\u00e1s importante en color para artes gr\u00e1ficas, define el tono tendencia de la temporada para la decoraci\u00f3n, accesorios, vestimenta, maquillaje y otros. A pesar de que el color del a\u00f1o es el verde hierba, el amarillo ha sido, de entre una selecci\u00f3n de diez, uno de los m\u00e1s gustados.<\/p>\n<p>La mayor\u00eda de las personas asocian el amarillo con caracter\u00edsticas positivas como fuerza, energ\u00eda o alegr\u00eda, y es que es, junto con el rojo, uno de los colores m\u00e1s poderosos.<\/p>\n<p>Este a\u00f1o se nos propone el amarillo primaveral, un tono m\u00e1s pastel y luminoso. Luce en combinaci\u00f3n con neutros como la gama de grises, blanco, negro, verde oscuro, teal, marrones y azules neutros. Algunas de estas combinaciones se ven mejor para el d\u00eda y otros para la noche.<\/p>\n<p>Para agregarle energ\u00eda se puede llevar con colores m\u00e1s fuertes como el turquesa, verdes, azules y rosas vivos, p\u00farpura, ciruela o rojos, entre otros. Para hacerlo m\u00e1s rom\u00e1ntico puede combinarlo con tonos suaves como el orqu\u00eddea, violeta, azul zafiro, rosa palo y para una l\u00ednea m\u00e1s inocente, rom\u00e1ntica e infantil con los tonos pasteles.<\/p>\n<p>Una persona a quien no favorece el tono amarillo cerca del rostro, notar\u00e1 que le provoca un aspecto amarillento o verdoso a la piel; si en el rostro se tienen manchas marrones u ojeras oscuras, se har\u00e1n m\u00e1s visibles y dif\u00edciles de ocultar. En este caso elija llevarlo en detalles peque\u00f1os como en aretes sencillos o accesorios alejados del rostro, complementos como zapatos, cartera y detalles que no afecten el tono del rostro o ropa con dibujos puntuales en color amarillo, color liso en pantalones, faldas y shorts. De manera contraria, si el color te aporta luz y frescura al rostro, puede llevarlo como quiera.<\/p>\n","protected":false},"excerpt":{"rendered":"<p> A pesar de que el color del a\u00f1o es el verde hierba, el amarillo ha sido, de entre una selecci\u00f3n de diez, uno de los m\u00e1s gustados.<\/p>\n","protected":false},"author":46,"featured_media":33787,"comment_status":"open","ping_status":"open","sticky":false,"template":"","format":"standard","meta":{"_acf_changed":false,"footnotes":""},"categories":[4],"tags":[72,194],"class_list":["post-33781","post","type-post","status-publish","format-standard","has-post-thumbnail","hentry","category-collage","tag-moda","tag-tendencias"],"acf":[],"_links":{"self":[{"href":"https:\/\/staging.laprensanic.com\/magazine\/wp-json\/wp\/v2\/posts\/33781","targetHints":{"allow":["GET"]}}],"collection":[{"href":"https:\/\/staging.laprensanic.com\/magazine\/wp-json\/wp\/v2\/posts"}],"about":[{"href":"https:\/\/staging.laprensanic.com\/magazine\/wp-json\/wp\/v2\/types\/post"}],"author":[{"embeddable":true,"href":"https:\/\/staging.laprensanic.com\/magazine\/wp-json\/wp\/v2\/users\/46"}],"replies":[{"embeddable":true,"href":"https:\/\/staging.laprensanic.com\/magazine\/wp-json\/wp\/v2\/comments?post=33781"}],"version-history":[{"count":3,"href":"https:\/\/staging.laprensanic.com\/magazine\/wp-json\/wp\/v2\/posts\/33781\/revisions"}],"predecessor-version":[{"id":33800,"href":"https:\/\/staging.laprensanic.com\/magazine\/wp-json\/wp\/v2\/posts\/33781\/revisions\/33800"}],"wp:featuredmedia":[{"embeddable":true,"href":"https:\/\/staging.laprensanic.com\/magazine\/wp-json\/wp\/v2\/media\/33787"}],"wp:attachment":[{"href":"https:\/\/staging.laprensanic.com\/magazine\/wp-json\/wp\/v2\/media?parent=33781"}],"wp:term":[{"taxonomy":"category","embeddable":true,"href":"https:\/\/staging.laprensanic.com\/magazine\/wp-json\/wp\/v2\/categories?post=33781"},{"taxonomy":"post_tag","embeddable":true,"href":"https:\/\/staging.laprensanic.com\/magazine\/wp-json\/wp\/v2\/tags?post=33781"}],"curies":[{"name":"wp","href":"https:\/\/api.w.org\/{rel}","templated":true}]}}