{"id":33891,"date":"2017-04-10T14:31:40","date_gmt":"2017-04-10T20:31:40","guid":{"rendered":"https:\/\/www.magazine.com.ni\/?p=33891"},"modified":"2017-04-10T14:31:40","modified_gmt":"2017-04-10T20:31:40","slug":"33891","status":"publish","type":"post","link":"https:\/\/staging.laprensanic.com\/magazine\/collage\/33891\/","title":{"rendered":"Tipos de l\u00e1mparas"},"content":{"rendered":"<p style=\"text-align: center;\">Para escritorio o para un rinc\u00f3n de lectura. Para la mesa de noche o para la mesa del comedor. Estos son seis elementales estilos de l\u00e1mparas. \u00bfCu\u00e1l es el suyo?<\/p>\n<h3>Tradicional<\/h3>\n<p>La cl\u00e1sica l\u00e1mpara para mesita de noche. Existen dise\u00f1os simples, creativos o muy elegantes, como este.<\/p>\n<p><a href=\"https:\/\/www.laprensa.com.ni\/magazine\/wp-content\/uploads\/2017\/03\/268-MAG-ESTILO-3.jpg\"><br \/>\n<\/a> <a href=\"https:\/\/www.laprensa.com.ni\/magazine\/wp-content\/uploads\/2017\/03\/268-MAG-ESTILO-4.jpg\"><img fetchpriority=\"high\" decoding=\"async\" class=\"aligncenter size-medium wp-image-33894\" src=\"https:\/\/www.laprensa.com.ni\/magazine\/wp-content\/uploads\/2017\/03\/268-MAG-ESTILO-4-300x300.jpg\" alt=\"\" width=\"300\" height=\"300\" srcset=\"https:\/\/d1xxa24wwackpg.cloudfront.net\/wp-content\/uploads\/2017\/03\/07150309\/268-MAG-ESTILO-4.jpg 300w, https:\/\/d1xxa24wwackpg.cloudfront.net\/wp-content\/uploads\/2017\/03\/07150309\/268-MAG-ESTILO-4.jpg 150w, https:\/\/d1xxa24wwackpg.cloudfront.net\/wp-content\/uploads\/2017\/03\/07150309\/268-MAG-ESTILO-4.jpg 768w, https:\/\/d1xxa24wwackpg.cloudfront.net\/wp-content\/uploads\/2017\/03\/07150309\/268-MAG-ESTILO-4.jpg 600w, https:\/\/d1xxa24wwackpg.cloudfront.net\/wp-content\/uploads\/2017\/03\/07150309\/268-MAG-ESTILO-4.jpg 24w, https:\/\/d1xxa24wwackpg.cloudfront.net\/wp-content\/uploads\/2017\/03\/07150309\/268-MAG-ESTILO-4.jpg 48w, https:\/\/d1xxa24wwackpg.cloudfront.net\/wp-content\/uploads\/2017\/03\/07150309\/268-MAG-ESTILO-4.jpg 96w, https:\/\/d1xxa24wwackpg.cloudfront.net\/wp-content\/uploads\/2017\/03\/07150309\/268-MAG-ESTILO-4.jpg 100w, https:\/\/d1xxa24wwackpg.cloudfront.net\/wp-content\/uploads\/2017\/03\/07150309\/268-MAG-ESTILO-4.jpg 900w\" sizes=\"(max-width: 300px) 100vw, 300px\" \/><\/a><\/p>\n<h3>En arco<\/h3>\n<p>Es una l\u00e1mpara de piso. Su dise\u00f1o le permite formar una curva sobre la mesa o el sof\u00e1 y como elemento decorativo a\u00f1ade un toque especial. Las hay modernas o muy cl\u00e1sicas.<\/p>\n<p><a href=\"https:\/\/www.laprensa.com.ni\/magazine\/wp-content\/uploads\/2017\/03\/268-MAG-ESTILO-1.jpg\"><img decoding=\"async\" class=\"aligncenter size-medium wp-image-33892\" src=\"https:\/\/www.laprensa.com.ni\/magazine\/wp-content\/uploads\/2017\/03\/268-MAG-ESTILO-1-300x300.jpg\" alt=\"\" width=\"300\" height=\"300\" srcset=\"https:\/\/d1xxa24wwackpg.cloudfront.net\/wp-content\/uploads\/2017\/03\/07150311\/268-MAG-ESTILO-1.jpg 300w, https:\/\/d1xxa24wwackpg.cloudfront.net\/wp-content\/uploads\/2017\/03\/07150311\/268-MAG-ESTILO-1.jpg 150w, https:\/\/d1xxa24wwackpg.cloudfront.net\/wp-content\/uploads\/2017\/03\/07150311\/268-MAG-ESTILO-1.jpg 768w, https:\/\/d1xxa24wwackpg.cloudfront.net\/wp-content\/uploads\/2017\/03\/07150311\/268-MAG-ESTILO-1.jpg 600w, https:\/\/d1xxa24wwackpg.cloudfront.net\/wp-content\/uploads\/2017\/03\/07150311\/268-MAG-ESTILO-1.jpg 24w, https:\/\/d1xxa24wwackpg.cloudfront.net\/wp-content\/uploads\/2017\/03\/07150311\/268-MAG-ESTILO-1.jpg 48w, https:\/\/d1xxa24wwackpg.cloudfront.net\/wp-content\/uploads\/2017\/03\/07150311\/268-MAG-ESTILO-1.jpg 96w, https:\/\/d1xxa24wwackpg.cloudfront.net\/wp-content\/uploads\/2017\/03\/07150311\/268-MAG-ESTILO-1.jpg 100w, https:\/\/d1xxa24wwackpg.cloudfront.net\/wp-content\/uploads\/2017\/03\/07150311\/268-MAG-ESTILO-1.jpg 900w\" sizes=\"(max-width: 300px) 100vw, 300px\" \/><\/a><\/p>\n<h3>Brazo movible<\/h3>\n<p>Tiene incorporado un brazo ajustable a necesidades espec\u00edficas. De manera que puede dirigirse la l\u00e1mpara para iluminar justo donde se desee.<\/p>\n<p><a href=\"https:\/\/www.laprensa.com.ni\/magazine\/wp-content\/uploads\/2017\/03\/268-MAG-ESTILO-9.jpg\"><img decoding=\"async\" class=\"aligncenter size-medium wp-image-33897\" src=\"https:\/\/www.laprensa.com.ni\/magazine\/wp-content\/uploads\/2017\/03\/268-MAG-ESTILO-9-300x300.jpg\" alt=\"\" width=\"300\" height=\"300\" srcset=\"https:\/\/d1xxa24wwackpg.cloudfront.net\/wp-content\/uploads\/2017\/03\/07150305\/268-MAG-ESTILO-9.jpg 300w, https:\/\/d1xxa24wwackpg.cloudfront.net\/wp-content\/uploads\/2017\/03\/07150305\/268-MAG-ESTILO-9.jpg 150w, https:\/\/d1xxa24wwackpg.cloudfront.net\/wp-content\/uploads\/2017\/03\/07150305\/268-MAG-ESTILO-9.jpg 768w, https:\/\/d1xxa24wwackpg.cloudfront.net\/wp-content\/uploads\/2017\/03\/07150305\/268-MAG-ESTILO-9.jpg 600w, https:\/\/d1xxa24wwackpg.cloudfront.net\/wp-content\/uploads\/2017\/03\/07150305\/268-MAG-ESTILO-9.jpg 24w, https:\/\/d1xxa24wwackpg.cloudfront.net\/wp-content\/uploads\/2017\/03\/07150305\/268-MAG-ESTILO-9.jpg 48w, https:\/\/d1xxa24wwackpg.cloudfront.net\/wp-content\/uploads\/2017\/03\/07150305\/268-MAG-ESTILO-9.jpg 96w, https:\/\/d1xxa24wwackpg.cloudfront.net\/wp-content\/uploads\/2017\/03\/07150305\/268-MAG-ESTILO-9.jpg 100w, https:\/\/d1xxa24wwackpg.cloudfront.net\/wp-content\/uploads\/2017\/03\/07150305\/268-MAG-ESTILO-9.jpg 900w\" sizes=\"(max-width: 300px) 100vw, 300px\" \/><\/a><\/p>\n<h3>Ex\u00f3ticas<\/h3>\n<p>Las l\u00e1mparas redondas o en forma de huevo se recomiendan para ambientes ex\u00f3ticos, sofisticados o bien para centro de mesa.<\/p>\n<p><a href=\"https:\/\/www.laprensa.com.ni\/magazine\/wp-content\/uploads\/2017\/03\/268-MAG-ESTILO-5.jpg\"><img loading=\"lazy\" decoding=\"async\" class=\"aligncenter size-medium wp-image-33895\" src=\"https:\/\/www.laprensa.com.ni\/magazine\/wp-content\/uploads\/2017\/03\/268-MAG-ESTILO-5-206x300.jpg\" alt=\"\" width=\"206\" height=\"300\" srcset=\"https:\/\/d1xxa24wwackpg.cloudfront.net\/wp-content\/uploads\/2017\/03\/07150308\/268-MAG-ESTILO-5.jpg 206w, https:\/\/d1xxa24wwackpg.cloudfront.net\/wp-content\/uploads\/2017\/03\/07150308\/268-MAG-ESTILO-5.jpg 768w, https:\/\/d1xxa24wwackpg.cloudfront.net\/wp-content\/uploads\/2017\/03\/07150308\/268-MAG-ESTILO-5.jpg 702w, https:\/\/d1xxa24wwackpg.cloudfront.net\/wp-content\/uploads\/2017\/03\/07150308\/268-MAG-ESTILO-5.jpg 600w, https:\/\/d1xxa24wwackpg.cloudfront.net\/wp-content\/uploads\/2017\/03\/07150308\/268-MAG-ESTILO-5.jpg 900w\" sizes=\"(max-width: 206px) 100vw, 206px\" \/><\/a><\/p>\n<h3>Buffet<\/h3>\n<p>Por su altura y verticalidad, ocupa poco espacio y logra una iluminaci\u00f3n m\u00e1s amplia. Suele colocarse sobre mesas de comedor o sal\u00f3n, pues su delgada base no obstaculiza la vista.<\/p>\n<p><a href=\"https:\/\/www.laprensa.com.ni\/magazine\/wp-content\/uploads\/2017\/03\/268-MAG-ESTILO-3.jpg\"><img loading=\"lazy\" decoding=\"async\" class=\"aligncenter size-medium wp-image-33893\" src=\"https:\/\/www.laprensa.com.ni\/magazine\/wp-content\/uploads\/2017\/03\/268-MAG-ESTILO-3-300x300.jpg\" alt=\"\" width=\"300\" height=\"300\" srcset=\"https:\/\/d1xxa24wwackpg.cloudfront.net\/wp-content\/uploads\/2017\/03\/07150310\/268-MAG-ESTILO-3.jpg 300w, https:\/\/d1xxa24wwackpg.cloudfront.net\/wp-content\/uploads\/2017\/03\/07150310\/268-MAG-ESTILO-3.jpg 150w, https:\/\/d1xxa24wwackpg.cloudfront.net\/wp-content\/uploads\/2017\/03\/07150310\/268-MAG-ESTILO-3.jpg 768w, https:\/\/d1xxa24wwackpg.cloudfront.net\/wp-content\/uploads\/2017\/03\/07150310\/268-MAG-ESTILO-3.jpg 600w, https:\/\/d1xxa24wwackpg.cloudfront.net\/wp-content\/uploads\/2017\/03\/07150310\/268-MAG-ESTILO-3.jpg 24w, https:\/\/d1xxa24wwackpg.cloudfront.net\/wp-content\/uploads\/2017\/03\/07150310\/268-MAG-ESTILO-3.jpg 48w, https:\/\/d1xxa24wwackpg.cloudfront.net\/wp-content\/uploads\/2017\/03\/07150310\/268-MAG-ESTILO-3.jpg 96w, https:\/\/d1xxa24wwackpg.cloudfront.net\/wp-content\/uploads\/2017\/03\/07150310\/268-MAG-ESTILO-3.jpg 100w, https:\/\/d1xxa24wwackpg.cloudfront.net\/wp-content\/uploads\/2017\/03\/07150310\/268-MAG-ESTILO-3.jpg 900w\" sizes=\"(max-width: 300px) 100vw, 300px\" \/><\/a><\/p>\n<h3>Tipo piano<\/h3>\n<p>Originalmente dise\u00f1ada para que los m\u00fasicos puedan ver las teclas del piano y las partituras, esta l\u00e1mpara tambi\u00e9n es muy \u00fatil en un escritorio o en un rinc\u00f3n para lectura.<\/p>\n<p><a href=\"https:\/\/www.laprensa.com.ni\/magazine\/wp-content\/uploads\/2017\/03\/268-MAG-ESTILO-8.jpg\"><img loading=\"lazy\" decoding=\"async\" class=\"aligncenter size-medium wp-image-33896\" src=\"https:\/\/www.laprensa.com.ni\/magazine\/wp-content\/uploads\/2017\/03\/268-MAG-ESTILO-8-267x300.jpg\" alt=\"\" width=\"267\" height=\"300\" srcset=\"https:\/\/d1xxa24wwackpg.cloudfront.net\/wp-content\/uploads\/2017\/03\/07150306\/268-MAG-ESTILO-8.jpg 267w, https:\/\/d1xxa24wwackpg.cloudfront.net\/wp-content\/uploads\/2017\/03\/07150306\/268-MAG-ESTILO-8.jpg 768w, https:\/\/d1xxa24wwackpg.cloudfront.net\/wp-content\/uploads\/2017\/03\/07150306\/268-MAG-ESTILO-8.jpg 600w, https:\/\/d1xxa24wwackpg.cloudfront.net\/wp-content\/uploads\/2017\/03\/07150306\/268-MAG-ESTILO-8.jpg 900w\" sizes=\"(max-width: 267px) 100vw, 267px\" \/><\/a><\/p>\n<h3>Curiosidades<\/h3>\n<p><strong>1.<\/strong> Los filamentos de las bombillas est\u00e1n hechos con tungsteno, un metal que alcanza temperaturas capaces de derretir el oro, cuando la bombilla se enciende.<\/p>\n<p><strong>2.<\/strong> La primera bombilla incandescente fue patentada por Thomas Alva Edison el 27 de enero de 1880.<\/p>\n<p><strong>3.<\/strong> Existen l\u00e1mparas de noche con temporizador, para evitar la molestia de tener que apagarla antes de ir a dormir.<\/p>\n","protected":false},"excerpt":{"rendered":"<p>Estilo, comodidad y elegancia. Le presentamos seis elementales tipos de l\u00e1mparas. <\/p>\n","protected":false},"author":46,"featured_media":33898,"comment_status":"open","ping_status":"open","sticky":false,"template":"","format":"standard","meta":{"_acf_changed":false,"footnotes":""},"categories":[4],"tags":[740,1481],"class_list":["post-33891","post","type-post","status-publish","format-standard","has-post-thumbnail","hentry","category-collage","tag-decoracion","tag-estilos"],"acf":[],"_links":{"self":[{"href":"https:\/\/staging.laprensanic.com\/magazine\/wp-json\/wp\/v2\/posts\/33891","targetHints":{"allow":["GET"]}}],"collection":[{"href":"https:\/\/staging.laprensanic.com\/magazine\/wp-json\/wp\/v2\/posts"}],"about":[{"href":"https:\/\/staging.laprensanic.com\/magazine\/wp-json\/wp\/v2\/types\/post"}],"author":[{"embeddable":true,"href":"https:\/\/staging.laprensanic.com\/magazine\/wp-json\/wp\/v2\/users\/46"}],"replies":[{"embeddable":true,"href":"https:\/\/staging.laprensanic.com\/magazine\/wp-json\/wp\/v2\/comments?post=33891"}],"version-history":[{"count":8,"href":"https:\/\/staging.laprensanic.com\/magazine\/wp-json\/wp\/v2\/posts\/33891\/revisions"}],"predecessor-version":[{"id":34121,"href":"https:\/\/staging.laprensanic.com\/magazine\/wp-json\/wp\/v2\/posts\/33891\/revisions\/34121"}],"wp:featuredmedia":[{"embeddable":true,"href":"https:\/\/staging.laprensanic.com\/magazine\/wp-json\/wp\/v2\/media\/33898"}],"wp:attachment":[{"href":"https:\/\/staging.laprensanic.com\/magazine\/wp-json\/wp\/v2\/media?parent=33891"}],"wp:term":[{"taxonomy":"category","embeddable":true,"href":"https:\/\/staging.laprensanic.com\/magazine\/wp-json\/wp\/v2\/categories?post=33891"},{"taxonomy":"post_tag","embeddable":true,"href":"https:\/\/staging.laprensanic.com\/magazine\/wp-json\/wp\/v2\/tags?post=33891"}],"curies":[{"name":"wp","href":"https:\/\/api.w.org\/{rel}","templated":true}]}}