{"id":33972,"date":"2017-04-10T13:46:11","date_gmt":"2017-04-10T19:46:11","guid":{"rendered":"https:\/\/www.magazine.com.ni\/?p=33972"},"modified":"2020-09-03T11:54:04","modified_gmt":"2020-09-03T17:54:04","slug":"masacre-en-munich-la-conexion-nica","status":"publish","type":"post","link":"https:\/\/staging.laprensanic.com\/magazine\/reportajes\/masacre-en-munich-la-conexion-nica\/","title":{"rendered":"Masacre en M\u00fanich: la conexi\u00f3n nica"},"content":{"rendered":"<p style=\"text-align: center;\">En 1972, un grupo terrorista ejecut\u00f3 a la delegaci\u00f3n israel\u00ed durante los Juegos Ol\u00edmpicos de Alemania. En Nicaragua, una se\u00f1ora de Moyogalpa reconoci\u00f3 a dos de los terroristas como sus hijos de crianza<\/p>\n<p style=\"text-align: center;\"><strong>Por Juli\u00e1n Navarrete<\/strong><\/p>\n<p>Eran los mismos rostros que hab\u00eda visto durante poco m\u00e1s de 10 a\u00f1os. Adnan era un muchacho de ojos amarillos, pelo casta\u00f1o, cejas crespas y pobladas, con la piel morena acanelada. Maruan tambi\u00e9n ten\u00eda los ojos amarillos, pero luc\u00eda el pelo liso, las cejas crespas y muy tupidas. Mar\u00eda Benita Saballos revisaba las fotos con sus manos y dec\u00eda:<\/p>\n<p>\u2014\u00a1Son ellos! Mis muchachos. No tengo la menor duda.<\/p>\n<p>Debajo de las fotos, que solo mostraban el rostro de los muchachos, hab\u00eda un subt\u00edtulo que dec\u00eda: \u201cTerroristas \u00e1rabes\u201d. Eran tres. El otro que no reconoci\u00f3 Saballos \u2014un hombre de pelo liso y bigote deshilachado\u2014 se llamaba Abdel Kheir Al Dnavy. Todos pertenec\u00edan al grupo terrorista \u00e1rabe Septiembre Negro, que masacr\u00f3 el 5 de septiembre de 1972 a una delegaci\u00f3n de atletas israel\u00edes, mientras se desarrollaban los Juegos Ol\u00edmpicos en M\u00fanich.<\/p>\n<p>Los tres hombres de las fotos hab\u00edan sido los \u00fanicos sobrevivientes del enfrentamiento que sostuvieron con las fuerzas de seguridad alemana, donde abatieron a seis de sus compa\u00f1eros terroristas. Tras su captura, la Polic\u00eda distribuy\u00f3 las im\u00e1genes al resto del mundo.<\/p>\n<p>Muy lejos de M\u00fanich, atravesando el charco, en la comunidad de Moyogalpa, en el sur de Nicaragua, las fotos no pasaron inadvertidas. Mar\u00eda Benita Saballos los hab\u00eda criado desde que vinieron a Nicaragua, en 1956, con su padre Fayez Abdalah, con quien ella contrajo matrimonio y tuvo tres hijas.<\/p>\n<p>\u201cEllos eran muy amorosos conmigo. Me quer\u00edan tanto que me dol\u00eda verlos llegar a veces hasta en horas de la madrugada a mi casa, luego de caminar varias leguas, para contarme que no quer\u00edan estar al lado de su padre y que quer\u00edan estar conmigo\u201d, dijo, entre sollozos, en una entrevista con La Prensa, el jueves 21 de septiembre de 1972, el mismo mes del atentado.<\/p>\n<p>La noticia se calific\u00f3 como \u201c\u00a1sensacional!\u201d y como nota principal de portada se titul\u00f3: \u201cNicas entre terroristas de M\u00fanich\u201d. Al d\u00eda siguiente, el padre de los supuestos terroristas, Fayez Abdalah Dahud, quien ya estaba separado de Saballos, dijo que estaba convencido de que no eran sus hijos, aunque no descart\u00f3 que su exesposa podr\u00eda identificarlos perfectamente.<\/p>\n<p>\u201cTengo tanto tiempo de no ver a mis hijos que si me los encuentro en la calle no los reconocer\u00eda\u201d, declar\u00f3 a La Prensa.<\/p>\n<figure id=\"attachment_33991\" aria-describedby=\"caption-attachment-33991\" style=\"width: 730px\" class=\"wp-caption aligncenter\"><a href=\"https:\/\/gep90.laprensa.com.ni\/magazine\/wp-content\/uploads\/2017\/04\/munich5.png\"><img fetchpriority=\"high\" decoding=\"async\" class=\"wp-image-33991 size-full\" src=\"https:\/\/gep90.laprensa.com.ni\/magazine\/wp-content\/uploads\/2017\/04\/munich5.png\" alt=\"\" width=\"730\" height=\"448\" srcset=\"https:\/\/d1xxa24wwackpg.cloudfront.net\/wp-content\/uploads\/2017\/04\/07150231\/munich5.png 730w, https:\/\/d1xxa24wwackpg.cloudfront.net\/wp-content\/uploads\/2017\/04\/07150231\/munich5.png 300w, https:\/\/d1xxa24wwackpg.cloudfront.net\/wp-content\/uploads\/2017\/04\/07150231\/munich5.png 600w\" sizes=\"(max-width: 730px) 100vw, 730px\" \/><\/a><figcaption id=\"caption-attachment-33991\" class=\"wp-caption-text\">Los terroristas capturados en M\u00fanich. De izquierda a derecha: Abdel Kheir Al Dnavy, Samer Mohamed Abdulah e Ibrahim Mosoud Badnar. A los dos \u00faltimos Mar\u00eda Benita Saballos los reconoci\u00f3 como hijos de crianza: Adnan y Maruan Abdalah. Foto: Reproducci\u00f3n LA PRENSA<\/figcaption><\/figure>\n<figure id=\"attachment_33992\" aria-describedby=\"caption-attachment-33992\" style=\"width: 415px\" class=\"wp-caption aligncenter\"><a href=\"https:\/\/gep90.laprensa.com.ni\/magazine\/wp-content\/uploads\/2017\/04\/Munich2.png\"><img decoding=\"async\" class=\"wp-image-33992 size-full\" src=\"https:\/\/gep90.laprensa.com.ni\/magazine\/wp-content\/uploads\/2017\/04\/Munich2.png\" alt=\"\" width=\"415\" height=\"502\" srcset=\"https:\/\/d1xxa24wwackpg.cloudfront.net\/wp-content\/uploads\/2017\/04\/07150230\/Munich2.png 415w, https:\/\/d1xxa24wwackpg.cloudfront.net\/wp-content\/uploads\/2017\/04\/07150230\/Munich2.png 248w\" sizes=\"(max-width: 415px) 100vw, 415px\" \/><\/a><figcaption id=\"caption-attachment-33992\" class=\"wp-caption-text\">Mar\u00eda Benita Saballos llora al ver las fotos de los que ella identifica como Adnan y Maruan Abdalah, hijos de su expareja Fayez Abdalah. Foto: Reproducci\u00f3n LA PRENSA<\/figcaption><\/figure>\n<p style=\"text-align: center;\">***<\/p>\n<p>La masacre de M\u00fanich ocurri\u00f3 la madrugada del 5 de septiembre de 1972 durante la XX edici\u00f3n de los Juegos Ol\u00edmpicos. Ocho terroristas palestinos, vestidos con ropa y bolsos deportivos donde llevaban armas \u2014ametralladoras rusas Kalashnikov y granadas de mano\u2014 ingresaron a la Villa Ol\u00edmpica.<\/p>\n<p>A las cuatro y veinte de la ma\u00f1ana, en la oscuridad previa a la aurora, penetraron en el lugar, donde seg\u00fan investigaciones realizadas posteriormente, se hab\u00edan internado con anticipaci\u00f3n haci\u00e9ndose pasar como trabajadores. Dos trabajadores de las l\u00edneas telef\u00f3nicas miraron cuando los hombres se estaban cruzando una valla, pero como observaron que vest\u00edan ropa deportiva, supusieron que eran unos atletas que hab\u00edan roto las reglas y ven\u00edan de regreso despu\u00e9s de una noche en M\u00fanich.<\/p>\n<p>Minutos m\u00e1s tarde los terroristas golpearon la puerta donde estaba la delegaci\u00f3n de 22 atletas israel\u00edes y preguntaron en alem\u00e1n:<br \/>\n\u2014\u00bfAqu\u00ed est\u00e1 el equipo israel\u00ed?<\/p>\n<p>El entrenador de lucha Moshe Weingberg abri\u00f3 la puerta, mientras les gritaba a sus dem\u00e1s compa\u00f1eros que huyeran. Los terroristas ametrallaron el lugar y mataron a Weingberg y al boxeador Joseph Romano.<\/p>\n<p>18 atletas lograron escapar. Pero nueve quedaron secuestrados por el grupo criminal. A cambio de la vida de los rehenes israel\u00edes, el grupo terrorista exigi\u00f3 la liberaci\u00f3n de 236 presos palestinos y su traslado seguro a Egipto.<\/p>\n<p>La entonces primera ministra de Israel, Golda Meir, se neg\u00f3. Tras unas horas de tensas negociaciones con los secuestradores, las autoridades alemanas fingieron llegar a un acuerdo y se comprometieron a garantizarles a los terroristas un transporte a El Cairo, a cambio de los rehenes.<\/p>\n<p>Dos helic\u00f3pteros llevaron a los asaltantes y a los rehenes a un aer\u00f3dromo que la Polic\u00eda quer\u00eda hacer pasar por Riem, el aeropuerto internacional cercano a M\u00fanich. Al aterrizar, los terroristas se dieron cuenta del enga\u00f1o y se produjo un intenso tiroteo con la Polic\u00eda. Los cinco francotiradores alemanes seleccionados especialmente para disparar a los secuestradores no ten\u00edan preparaci\u00f3n para este tipo de operaciones. El caos que sobrevino acab\u00f3 con la vida de los nueve rehenes, un polic\u00eda alem\u00e1n y seis de los nueve terroristas.<\/p>\n<p>Los tres terroristas capturados con vida dijeron llamarse Abdel Khair Al Dnavy, Samer Mohamed Abdulah e Ibrahim Mosoud Badnar, a quienes Mar\u00eda Benita Saballos reconoci\u00f3 como Adnan y Maruan, los muchachos que hab\u00eda criado en Moyogalpa.<\/p>\n<p><a href=\"https:\/\/gep90.laprensa.com.ni\/magazine\/wp-content\/uploads\/2017\/04\/terrorismo.jpg\"><img decoding=\"async\" class=\"aligncenter size-large wp-image-33974\" src=\"https:\/\/gep90.laprensa.com.ni\/magazine\/wp-content\/uploads\/2017\/04\/terrorismo-1024x563.jpg\" alt=\"\" width=\"640\" height=\"352\" srcset=\"https:\/\/d1xxa24wwackpg.cloudfront.net\/wp-content\/uploads\/2017\/04\/07150240\/terrorismo.jpg 1024w, https:\/\/d1xxa24wwackpg.cloudfront.net\/wp-content\/uploads\/2017\/04\/07150240\/terrorismo.jpg 300w, https:\/\/d1xxa24wwackpg.cloudfront.net\/wp-content\/uploads\/2017\/04\/07150240\/terrorismo.jpg 768w\" sizes=\"(max-width: 640px) 100vw, 640px\" \/><\/a><\/p>\n<p style=\"text-align: center;\">***<\/p>\n<p>El \u00e1rabe Fayez Abdalah y Mar\u00eda Benita Saballos contrajeron matrimonio en 1955. Abdalah hab\u00eda estado casado antes y en ese matrimonio hab\u00eda tenido cinco hijos. Maruan, Adnan y Raduan vinieron a Nicaragua con \u00e9l en 1956. Mientras que Leila y Gasam se quedaron con su madre, Halima Abdalah, quien a la vez era prima de Fayez.<\/p>\n<p>La familia Abdalah Saballos primero vivi\u00f3 en Catarina. Despu\u00e9s se traslad\u00f3 a Le\u00f3n, donde hab\u00eda instalado una pulper\u00eda y carpinter\u00eda en Sutiaba. Seg\u00fan explic\u00f3 Mar\u00eda Benita, en 1958 por razones econ\u00f3micas decidieron trasladarse a Moyogalpa, donde ten\u00edan pensado iniciar un negocio de telas.<\/p>\n<p>El matrimonio entre Fayez y Mar\u00eda Benita fracas\u00f3 abruptamente en 1959. Sin embargo, durante los a\u00f1os que los ni\u00f1os vivieron con ella, naci\u00f3 una buena relaci\u00f3n, \u201chabiendo llegado a quererlos como si fuera su propia madre\u201d.<\/p>\n<p>Saballos asegur\u00f3 que los ni\u00f1os le dec\u00edan \u201cmamacita\u201d. Y a pesar de la separaci\u00f3n con Fayez, los chicos siempre la buscaban. \u201cCada vez que su padre llegaba por ellos a la casa, se produc\u00edan escenas sentimentales porque ellos quer\u00edan estar a mi lado\u201d.<\/p>\n<p>\u201cUna vez fue tanto lo que me molest\u00f3 el alma, que busqu\u00e9 la manera de c\u00f3mo poner una denuncia en la Comandancia de Moyogalpa para obligar a Fayez a que no los siguiera maltratando cada vez que me buscaban\u201d, asegur\u00f3 Mar\u00eda Benita.<\/p>\n<p>En ese momento, Saballos dijo que cuando su exesposo se traslad\u00f3 a vivir a Managua \u201ccontinu\u00f3 d\u00e1ndole mala vida a los peque\u00f1os\u201d, y que ella al darse cuenta de eso se comunic\u00f3 con el abuelo de los ni\u00f1os para que interviniera en el asunto.<\/p>\n<p>Abraham Abdalah, abuelo de los ni\u00f1os, los mand\u00f3 a traer para llevarlos a Jerusal\u00e9n entre 1965 y 1966. Fayez Abdalah se estableci\u00f3 en Nicaragua y puso un hostal en la ciudad de Boaco, donde ahora viven sus hijos de su tercer matrimonio.<\/p>\n<p>Despu\u00e9s de muchos a\u00f1os y cuando ya cre\u00eda haber perdido toda posibilidad de comunicaci\u00f3n, Mar\u00eda Benita Saballos recibi\u00f3 una carta firmada por el hijo de crianza mayor, Adnan Abdalah.<\/p>\n<p>Seg\u00fan Saballos, en la carta Adnan le explicaba que hab\u00eda estado en la guerra entre Israel y Palestina y que participaba en las guerrillas de los fedayines, donde hab\u00eda recibido un balazo en la sien, pero que afortunadamente en ese momento llevaba un casco que le \u201chab\u00eda salvado la vida\u201d.<\/p>\n<figure id=\"attachment_33993\" aria-describedby=\"caption-attachment-33993\" style=\"width: 478px\" class=\"wp-caption aligncenter\"><a href=\"https:\/\/gep90.laprensa.com.ni\/magazine\/wp-content\/uploads\/2017\/04\/Munich3.png\"><img loading=\"lazy\" decoding=\"async\" class=\"wp-image-33993 size-full\" src=\"https:\/\/gep90.laprensa.com.ni\/magazine\/wp-content\/uploads\/2017\/04\/Munich3.png\" alt=\"\" width=\"478\" height=\"547\" srcset=\"https:\/\/d1xxa24wwackpg.cloudfront.net\/wp-content\/uploads\/2017\/04\/07150229\/Munich3.png 478w, https:\/\/d1xxa24wwackpg.cloudfront.net\/wp-content\/uploads\/2017\/04\/07150229\/Munich3.png 262w\" sizes=\"(max-width: 478px) 100vw, 478px\" \/><\/a><figcaption id=\"caption-attachment-33993\" class=\"wp-caption-text\">Fayez Abdalah comparando las fotos de sus hijos con los terroristas de M\u00fanich. Foto: Reproducci\u00f3n LA PRENSA<\/figcaption><\/figure>\n<p style=\"text-align: center;\">***<\/p>\n<p>El jueves 21 de septiembre, m\u00e1s de dos semanas despu\u00e9s del ataque en M\u00fanich, el peri\u00f3dico oficialista <em>Novedades<\/em> public\u00f3 una entrevista con Alejandro Abdalah, primo de Adnan y Maruan, donde negaba que sus familiares eran los terroristas que hab\u00eda presentado la polic\u00eda alemana.<\/p>\n<p>\u201cConozco perfectamente a Adnan y Maruan. El primero est\u00e1 estudiando en Israel y el segundo vive con mi t\u00edo Rashid Abdalah en Buit Ducco, as\u00ed que no hallo raz\u00f3n alguna para creer que est\u00e9n involucrados en una cosa de esa naturaleza. Adem\u00e1s, la fotograf\u00eda publicada no corresponde en manera a la fisonom\u00eda de ambos\u201d, se\u00f1al\u00f3 Alejandro.<\/p>\n<p>El primo de los supuestos terroristas dijo que su pap\u00e1, Manuel Abdalah, que al parecer se encontraba con Adnan y Maruan, se hab\u00eda comunicado con su t\u00edo Fayez por medio de cartas, donde le escrib\u00eda las dificultades que estaban sufriendo con la guerra.<\/p>\n<p>\u201cSin embargo, nunca ni antes ni ahora le expuso la fuga de ellos\u201d, dijo Alejandro, quien en ese momento esperaba recibir correspondencia de su padre para demostrar que sus primos no eran los terroristas se\u00f1alados. Nunca se public\u00f3 esa respuesta.<\/p>\n<p>En una entrevista corta con <em>Magazine<\/em>, Halima del Socorro Abdalah Alvarado, hija del tercer matrimonio de Fayez, dijo que conoce poco de la historia de sus hermanos porque a su mam\u00e1, Socorro Alvarado, no le gustaba hablar del tema.<\/p>\n<p>\u201cYo no puedo decir que es falsa la historia de que ellos fueron los que participaron en el atentado. A m\u00ed me falt\u00f3 mucho conocer esa historia. Pero yo creo que mis hermanos no tuvieron nada que ver y nunca participaron ah\u00ed\u201d, confi\u00f3.<\/p>\n<p>Halima dijo que nunca pudo conocer a sus hermanos, pero asegur\u00f3 que uno de ellos ya muri\u00f3, al igual que su pap\u00e1 (Fayez), mientras que Mar\u00eda Benita Saballos se encuentra viviendo en Miami, EE. UU. \u201cMi mam\u00e1 nos contaba varias cosas, pero eso mejor se queda aqu\u00ed en familia, y adem\u00e1s eso pas\u00f3 hace a\u00f1os. Mi mam\u00e1 (Socorro Alvarado) acaba de fallecer y no quiero hablar de eso, porque es como volver a repetir la historia\u201d.<\/p>\n<figure id=\"attachment_33994\" aria-describedby=\"caption-attachment-33994\" style=\"width: 744px\" class=\"wp-caption aligncenter\"><a href=\"https:\/\/gep90.laprensa.com.ni\/magazine\/wp-content\/uploads\/2017\/04\/Munich4.png\"><img loading=\"lazy\" decoding=\"async\" class=\"wp-image-33994 size-full\" src=\"https:\/\/gep90.laprensa.com.ni\/magazine\/wp-content\/uploads\/2017\/04\/Munich4.png\" alt=\"\" width=\"744\" height=\"426\" srcset=\"https:\/\/d1xxa24wwackpg.cloudfront.net\/wp-content\/uploads\/2017\/04\/07150228\/Munich4.png 744w, https:\/\/d1xxa24wwackpg.cloudfront.net\/wp-content\/uploads\/2017\/04\/07150228\/Munich4.png 300w, https:\/\/d1xxa24wwackpg.cloudfront.net\/wp-content\/uploads\/2017\/04\/07150228\/Munich4.png 600w\" sizes=\"(max-width: 744px) 100vw, 744px\" \/><\/a><figcaption id=\"caption-attachment-33994\" class=\"wp-caption-text\">Alejandro Abdalah niega que sus primos Adnan y Maruan sean los mismos de las fotos. Foto: Reproducci\u00f3n LA PRENSA<\/figcaption><\/figure>\n<p style=\"text-align: center;\">***<\/p>\n<p>Palestina fue un aliado clave para que el Frente Sandinista llegara al poder en 1979. Fueron a\u00f1os donde ambas guerrillas cooperaban militarmente. Diez a\u00f1os atr\u00e1s, en 1969, Jos\u00e9 Benito Escobar sostuvo una reuni\u00f3n con tres oficiales de la Organizaci\u00f3n para la Liberaci\u00f3n de Palestina en Ciudad de M\u00e9xico.<\/p>\n<p>Seg\u00fan un ensayo del Consejo Latinoamericano de Ciencias Sociales, escrito por el mexicano Carlos Fernando L\u00f3pez de la Torre, un m\u00e1ster en Estudios Latinoamericanos, el resultado de esa reuni\u00f3n fue llegar a un acuerdo para que los palestinos entrenaran a varios integrantes del Frente Sandinista en Argelia y L\u00edbano.<\/p>\n<p>Seg\u00fan L\u00f3pez de la Torre, el n\u00famero de sandinistas enviados a Medio Oriente va de los 12 a los 150 hombres, entre ellos algunos integrantes del futuro gobierno revolucionario como Enrique Schmidt, ministro de Comunicaciones; Ren\u00e9 Vivas, viceministro del Interior, y Tom\u00e1s Borge, ministro del Interior. Otros nombres que se suman a esta lista son los de Patricio Arg\u00fcello Ryan, Pedro Ar\u00e1uz Palacios, Eduardo Contreras, Juan Jos\u00e9 Quezada, Ren\u00e9 Tejada, Evenor Calero, Leticia Herrera, Jos\u00e9 Valdivia, Jacobo Marcos, entre otros.<\/p>\n<p>El emblema de estos lazos de cooperaci\u00f3n fue la muerte de Patricio Arg\u00fcello Ryan, un nicarag\u00fcense que fue abatido durante un secuestro de avi\u00f3n que perpetraba con la guerrillera palestina Leila Khaled.<\/p>\n<p>El 6 de septiembre de 1970 la misi\u00f3n no sali\u00f3 bien. Despu\u00e9s de llegar hasta la cabina y amenazar con hacer explotar el avi\u00f3n, Khaled fue atacada por varios guardias y pasajeros mientras sosten\u00eda dos granadas de mano y una pistola. Intentando defenderla, Arg\u00fcello dispar\u00f3 a quienes la ten\u00edan sometida, pero recibi\u00f3 un disparo y muri\u00f3 m\u00e1s tarde a causa de las heridas.<\/p>\n<p>Sobre esta relaci\u00f3n de Palestina con Nicaragua, Alejandro Bola\u00f1os Geyer escribe en su libro <em>El Iluminado<\/em>, que despu\u00e9s del desastre del Frente Sandinista en Pancas\u00e1n en 1968, Fidel Castro usaba los campos de entrenamiento de las guerrillas palestinas para entrenar a los reclutas nicas. \u201cSe estima que de 1968 en adelante, la OLP entrena alrededor de 70 oficiales del FSLN en el Norte de \u00c1frica y el Medio Oriente\u201d.<\/p>\n<p>En <em>Memorias de la Lucha Sandinista<\/em>, de M\u00f3nica Baltodano, se lee en un di\u00e1logo que ella tiene con el comandante Henry Ruiz: \u201cPedro Ar\u00e1uz ya hab\u00eda participado con Juan Jos\u00e9 Quezada en el secuestro de un avi\u00f3n de Lanica, L\u00edneas A\u00e9reas de Nicaragua, en agosto de 1969, y en otras acciones con los palestinos\u201d.<\/p>\n<p>El historiador Nicol\u00e1s L\u00f3pez Malt\u00e9s tambi\u00e9n argumenta que no es de extra\u00f1arse que existieron nicarag\u00fcenses relacionados en casos como el de M\u00fanich, ya que es conocido que muchos fundadores del Frente Sandinista, incluyendo el general Humberto Ortega, fueron entrenados en Palestina. \u201cEllos estuvieron en Palestina y los palestinos estuvieron en la guerra en Nicaragua tambi\u00e9n\u201d.<\/p>\n<figure id=\"attachment_33975\" aria-describedby=\"caption-attachment-33975\" style=\"width: 900px\" class=\"wp-caption aligncenter\"><a href=\"https:\/\/gep90.laprensa.com.ni\/magazine\/wp-content\/uploads\/2017\/04\/268-Mag-Khaled1.jpg\"><img loading=\"lazy\" decoding=\"async\" class=\"wp-image-33975 size-full\" src=\"https:\/\/gep90.laprensa.com.ni\/magazine\/wp-content\/uploads\/2017\/04\/268-Mag-Khaled1.jpg\" alt=\"\" width=\"900\" height=\"588\" srcset=\"https:\/\/d1xxa24wwackpg.cloudfront.net\/wp-content\/uploads\/2017\/04\/07150237\/268-Mag-Khaled1.jpg 900w, https:\/\/d1xxa24wwackpg.cloudfront.net\/wp-content\/uploads\/2017\/04\/07150237\/268-Mag-Khaled1.jpg 300w, https:\/\/d1xxa24wwackpg.cloudfront.net\/wp-content\/uploads\/2017\/04\/07150237\/268-Mag-Khaled1.jpg 768w, https:\/\/d1xxa24wwackpg.cloudfront.net\/wp-content\/uploads\/2017\/04\/07150237\/268-Mag-Khaled1.jpg 600w\" sizes=\"(max-width: 900px) 100vw, 900px\" \/><\/a><figcaption id=\"caption-attachment-33975\" class=\"wp-caption-text\">La hist\u00f3rica guerrillera palestina Leila Khaled.<\/figcaption><\/figure>\n<p style=\"text-align: center;\">***<\/p>\n<p>Con las fotos de Adnan y Maruan entre los dedos, Mar\u00eda Benita Saballos llor\u00f3. Recordaba la \u00faltima carta donde Adnan le dec\u00eda que ten\u00eda grandes deseos de regresar a Nicaragua. \u201cMe hablaba de sus cosas, sus ingenuidades, pero yo a veces no le entend\u00eda porque no era muy amplio en los detalles. En algunos p\u00e1rrafos me dec\u00eda que quer\u00eda venir a Nicaragua para ser el padre de sus hermanitas, a las que quiere mucho. Me dec\u00eda que pasaba penalidades\u201d.<\/p>\n<p>Adnan era muy cari\u00f1oso y bien intencionado, seg\u00fan Saballos. \u201cLe gustaba subirse a los sitios m\u00e1s peligrosos y dif\u00edciles. Una vez me dijo: alg\u00fan d\u00eda tengo que triunfar y ser alguien\u201d.<\/p>\n<p>Cuando fue consultado por La Prensa, Fayez Abdalah asegur\u00f3 que su exesposa hab\u00eda criado a sus hijos y se hab\u00eda constituido como una madre para ellos y que prueba de eso es que a ella le escrib\u00edan, a pesar de que con \u00e9l ya no ten\u00edan ning\u00fan contacto.<\/p>\n<p>\u201cHace algunos a\u00f1os recib\u00ed la visita de varios de mis paisanos que vinieron a darme el p\u00e9same por la muerte de uno de mis hijos y me dijeron que hab\u00eda muerto en la guerra. Sin embargo, luego me di cuenta que estaba sano y salvo\u201d, dijo Abdalah.<\/p>\n<p>Alejandro Abdalah, primo de Adnan y Maruan, dijo a <em>Novedades<\/em> que sus primos no se parec\u00edan en absoluto a los terroristas se\u00f1alados. \u201cEstuve en Palestina cuando Adnan estaba peque\u00f1o y bien podr\u00eda reconocerlo, pues nuestra gente no se confunde. Ellos aproximadamente hace seis a\u00f1os se fueron de Nicaragua para nuestras tierras. Quiz\u00e1 a ese tiempo que lleva sin verlos es por lo que se dej\u00f3 impresionar (Mar\u00eda Benita), por los detalles aparentemente similares\u201d.<\/p>\n<p>Casi dos meses despu\u00e9s del atentado, los tres terroristas retenidos por las autoridades alemanas fueron liberados, luego de que llegaran a un acuerdo en el que otros terroristas palestinos devolv\u00edan un avi\u00f3n secuestrado en Turqu\u00eda, a cambio de los detenidos por la masacre en Alemania. De esa forma Adnan y Maruan, seg\u00fan Mar\u00eda Benita Saballos, salieron libres.<\/p>\n<p>El \u00e1rabe Fayez tuvo tres hijas con Mar\u00eda Benita Saballos: Fadyla, Sarah y Samira. Es por esa raz\u00f3n que la madre crey\u00f3 que Adnan, cuando fue capturado, dijo llamarse Samer, en honor a su hermana menor.<\/p>\n<p>Saballos recordaba a sus hijos de crianza como los peque\u00f1os que cortaban zapotes y los iban a vender al pueblo. Estudiaron en la Escuela Rigoberto Cabezas. \u201cAdnan es muy delgado, en cambio Maruan es m\u00e1s recio\u201d, dec\u00eda la se\u00f1ora, entre l\u00e1grimas, mientras miraba las fotos de los terroristas en el peri\u00f3dico.<\/p>\n<h3>L\u00edder palestina<\/h3>\n<p>Leila Khaled pertenece al Frente Popular para la Liberaci\u00f3n de Palestina, adem\u00e1s de formar parte del Consejo Nacional Palestino. Khaled lleg\u00f3 al conocimiento del p\u00fablico internacional por su papel en el secuestro de un avi\u00f3n en 1969, siendo la primera guerrillera palestina que formaba parte de una operaci\u00f3n de esta envergadura y tambi\u00e9n de uno de los cuatro secuestros simult\u00e1neos el a\u00f1o siguiente, como parte de otra operaci\u00f3n del grupo Septiembre Negro.<\/p>\n<p>Es una l\u00edder palestina que se uni\u00f3 a la lucha a los 16 a\u00f1os de edad. Seg\u00fan el libro de Sarah Irving, <em>Leila Khaled: \u00edcono de la Liberaci\u00f3n palestina<\/em>, su madre le dijo: \u201cDeja que tus hermanos vayan y sean quienes combatan\u201d, pero Leila Khaled no quer\u00eda permanecer en un segundo plano. \u201cLlamar a la lucha armada, ese era mi sue\u00f1o\u201d, dijo.<\/p>\n<p>Actualmente Khaled es un \u00edcono no solo de la resistencia palestina contra la ocupaci\u00f3n israel\u00ed, sino del movimiento a favor de los derechos de las mujeres palestinas. \u201cLa revoluci\u00f3n cambi\u00f3 la imagen de las mujeres palestinas\u201d, explic\u00f3 en una entrevista. \u201cEst\u00e1n dentro de la revoluci\u00f3n en igualdad de condiciones con los hombres y pueden hacer cualquier cosa que la revoluci\u00f3n necesite\u201d.<\/p>\n<h3>Muerte de Patricio Arg\u00fcello Ryan<\/h3>\n<p>Patricio Arg\u00fcello Ryan era un hombre nacido en Estados Unidos pero criado en Nicaragua. Muri\u00f3 en 1970 durante el secuestro de un avi\u00f3n de la l\u00ednea a\u00e9rea El Al, de Israel, en el que particip\u00f3 con la guerrillera Leila Khaled.<\/p>\n<p>Sobre este episodio la comandante Leticia Herrera, quien fue pareja del presidente Daniel Ortega, relata en su libro <em>Guerrillera, mujer y comandante de la Revoluci\u00f3n Sandinista<\/em>, los entretelones del atentado.<\/p>\n<p>Herrera asegura que cuando sali\u00f3 de la Uni\u00f3n Sovi\u00e9tica junto con su esposo Ren\u00e9 Tejada y otros militantes del FSLN, pas\u00f3 por Francia, donde el jefe pol\u00edtico Francisco Rosales, actual magistrado de la Corte Suprema de Justicia.<\/p>\n<p>Seg\u00fan Herrera, tanto ella como Tejada hab\u00edan sido entrenados para constituir un comando con tres \u00e1rabes y participar en el secuestro de un avi\u00f3n como retribuci\u00f3n a la instrucci\u00f3n militar que los miembros del FSLN recibir\u00edan por parte de la OLP.<\/p>\n<p>Sin embargo, antes de que se llevara a cabo el operativo, Herrera afirma que Rosales la llam\u00f3 a un despacho para decirle que \u00e9l \u201cva a crear las condiciones para buscar la forma de c\u00f3mo yo me vaya a acostar con \u00e9l, aun sabiendo que estaba comprometida con Ren\u00e9 Tejada\u201d.<\/p>\n<p>La comandante Herrera narra que se indign\u00f3 con Rosales, pero no pod\u00eda decirle nada a Tejada porque \u201cera muy violento, adem\u00e1s de muy celoso\u201d y tampoco pod\u00eda desahogarse con los otros miembros del FSLN, sino hasta que lleg\u00f3 Patricio Arg\u00fcello Ryan, a quien s\u00ed le cont\u00f3 lo ocurrido.<\/p>\n<p>Arg\u00fcello Ryan habr\u00eda emplazado a Rosales sobre su conducta, lo cual habr\u00eda ocasionado la molestia del ahora magistrado, quien \u2014se\u00f1ala Herrera\u2014 luego orden\u00f3 que Tejada y Herrera se \u201cdesvincularan del operativo del secuestro del avi\u00f3n\u201d e integr\u00f3 en sustituci\u00f3n a Patricio Arg\u00fcello Ryan.<\/p>\n<p>Herrera dijo que esta circunstancia trajo como consecuencia la muerte de Patricio, porque \u00e9l desconoc\u00eda detalles de los preparativos que ya se hab\u00edan acordado con ella y Tejada.<\/p>\n","protected":false},"excerpt":{"rendered":"<p>En 1972 un grupo terrorista ejecut\u00f3 a la delegaci\u00f3n israel\u00ed durante los Juegos Ol\u00edmpicos de Alemania. En Nicaragua una se\u00f1ora de Moyogalpa reconoci\u00f3 a dos de los terroristas como sus hijos de crianza<\/p>\n","protected":false},"author":8,"featured_media":33976,"comment_status":"open","ping_status":"open","sticky":false,"template":"","format":"standard","meta":{"_acf_changed":false,"footnotes":""},"categories":[26],"tags":[],"class_list":["post-33972","post","type-post","status-publish","format-standard","has-post-thumbnail","hentry","category-reportajes"],"acf":[],"_links":{"self":[{"href":"https:\/\/staging.laprensanic.com\/magazine\/wp-json\/wp\/v2\/posts\/33972","targetHints":{"allow":["GET"]}}],"collection":[{"href":"https:\/\/staging.laprensanic.com\/magazine\/wp-json\/wp\/v2\/posts"}],"about":[{"href":"https:\/\/staging.laprensanic.com\/magazine\/wp-json\/wp\/v2\/types\/post"}],"author":[{"embeddable":true,"href":"https:\/\/staging.laprensanic.com\/magazine\/wp-json\/wp\/v2\/users\/8"}],"replies":[{"embeddable":true,"href":"https:\/\/staging.laprensanic.com\/magazine\/wp-json\/wp\/v2\/comments?post=33972"}],"version-history":[{"count":12,"href":"https:\/\/staging.laprensanic.com\/magazine\/wp-json\/wp\/v2\/posts\/33972\/revisions"}],"predecessor-version":[{"id":51975,"href":"https:\/\/staging.laprensanic.com\/magazine\/wp-json\/wp\/v2\/posts\/33972\/revisions\/51975"}],"wp:featuredmedia":[{"embeddable":true,"href":"https:\/\/staging.laprensanic.com\/magazine\/wp-json\/wp\/v2\/media\/33976"}],"wp:attachment":[{"href":"https:\/\/staging.laprensanic.com\/magazine\/wp-json\/wp\/v2\/media?parent=33972"}],"wp:term":[{"taxonomy":"category","embeddable":true,"href":"https:\/\/staging.laprensanic.com\/magazine\/wp-json\/wp\/v2\/categories?post=33972"},{"taxonomy":"post_tag","embeddable":true,"href":"https:\/\/staging.laprensanic.com\/magazine\/wp-json\/wp\/v2\/tags?post=33972"}],"curies":[{"name":"wp","href":"https:\/\/api.w.org\/{rel}","templated":true}]}}