{"id":34055,"date":"2017-04-10T13:44:50","date_gmt":"2017-04-10T19:44:50","guid":{"rendered":"https:\/\/www.magazine.com.ni\/?p=34055"},"modified":"2018-10-01T03:06:44","modified_gmt":"2018-10-01T03:06:44","slug":"el-robin-hood-de-leon","status":"publish","type":"post","link":"https:\/\/staging.laprensanic.com\/magazine\/reportajes\/el-robin-hood-de-leon\/","title":{"rendered":"El \u00abRobin Hood\u00bb de Le\u00f3n"},"content":{"rendered":"<p style=\"text-align: center;\">Francisco Ju\u00e1rez Mendoza fue el delincuente m\u00e1s buscado por la Guardia Nacional en los a\u00f1os 40. Cuentan que robaba para darle a los pobres. Esta es una historia de balaceras, embrujos y fusilamientos<\/p>\n<p style=\"text-align: center;\">Por Juli\u00e1n Navarrete<\/p>\n<p>A las dos de la tarde en Malpaisillo el calor asfixia. Todas las casas se encuentran con las puertas cerradas en los callejones desolados que por ahora no muestran a ning\u00fan perro callejero. En los alrededores hay una escuela, una cancha de futbol, un ciber caf\u00e9. Ya no es el pueblo que hace 70 a\u00f1os luc\u00eda abandonado, como cementerio, donde se abr\u00edan paso en medio de las tolvaneras varias carretas jaladas por bueyes construyendo un paisaje de miseria y polvo.<\/p>\n<p>En un paraje como este naci\u00f3 Francisco Ju\u00e1rez Mendoza, mejor conocido como \u201cPancho \u00d1ato\u201d, llamado as\u00ed por obvias razones de su rostro. Es una verdadera leyenda en Le\u00f3n. Conocido entre los j\u00f3venes que han escuchado la historia que se ha transmitido a trav\u00e9s de generaciones, y los ancianos que recitan su versi\u00f3n como que si fuera un cuento popular, donde la realidad se mezcla con la fantas\u00eda.<\/p>\n<p>\u201cTodo el mundo le ten\u00eda miedo a \u2018Pancho \u00d1ato\u2019. De repente le dec\u00eda a un hombre p\u00f3ngase en cuclillas y \u00a1pa! pon\u00eda un huevo. \u00a1Yo me muero! C\u00f3mo lo hizo poner un huevo. \u00c9l sab\u00eda de brujer\u00eda, s\u00ed&#8230; \u00bfNo me cree?\u201d, dice Fulvia Ju\u00e1rez, de 78 a\u00f1os de edad y sobrina de Francisco Ju\u00e1rez Mendoza.<\/p>\n<p>Lo cierto es que fue bajo el gobierno de Anastasio Somoza Garc\u00eda que la Guardia Nacional emprendi\u00f3 la cacer\u00eda contra Ju\u00e1rez Mendoza, a quien se\u00f1alaban de robar ganado y granos b\u00e1sicos a los finqueros pudientes de la \u00e9poca.<\/p>\n<p>Huy\u00f3 durante cuatro a\u00f1os, desde 1948 hasta 1952, bajo el asedio de los soldados que le tiraban balas cada vez que lo ten\u00edan cerca. Seg\u00fan varios testimonios de ese tiempo, durante sus escapes mat\u00f3 a varios guardias, cuando ellos lo ten\u00edan a tiro. Fue por esa raz\u00f3n que el rencor de los militares creci\u00f3 en todo el tiempo que anduvo pr\u00f3fugo.<\/p>\n<p>Algunos dicen que naci\u00f3 en Malpaisillo, otros afirman que en El Monal o Lechecuagos. El dato es impreciso, pero las realidades de estas tierras son las mismas: casas derruidas por el tiempo, un sol que calcina todo el d\u00eda y nubes de polvo.<\/p>\n<p>Siempre encima de los caballos m\u00e1s habilidosos: saltaban cercos, matorrales y hasta muros altos, seg\u00fan los testimonios. Los corceles acataban a su amo, cuando el hombre les chiflaba o al escuchar su voz. Con pistolas, navajas y amuletos en su ropa, fue el bandido m\u00e1s buscado por la Guardia Nacional entre finales de los a\u00f1os 40 y principios de los a\u00f1os 50.<\/p>\n<figure id=\"attachment_34060\" aria-describedby=\"caption-attachment-34060\" style=\"width: 614px\" class=\"wp-caption aligncenter\"><a href=\"https:\/\/www.laprensa.com.ni\/magazine\/wp-content\/uploads\/2017\/04\/268-Mag-Pancho.jpg\"><img fetchpriority=\"high\" decoding=\"async\" class=\"size-large wp-image-34060\" src=\"https:\/\/www.laprensa.com.ni\/magazine\/wp-content\/uploads\/2017\/04\/268-Mag-Pancho-614x1024.jpg\" alt=\"\" width=\"614\" height=\"1024\" srcset=\"https:\/\/d1xxa24wwackpg.cloudfront.net\/wp-content\/uploads\/2017\/04\/07150143\/268-Mag-Pancho.jpg 614w, https:\/\/d1xxa24wwackpg.cloudfront.net\/wp-content\/uploads\/2017\/04\/07150143\/268-Mag-Pancho.jpg 180w, https:\/\/d1xxa24wwackpg.cloudfront.net\/wp-content\/uploads\/2017\/04\/07150143\/268-Mag-Pancho.jpg 768w, https:\/\/d1xxa24wwackpg.cloudfront.net\/wp-content\/uploads\/2017\/04\/07150143\/268-Mag-Pancho.jpg 600w, https:\/\/d1xxa24wwackpg.cloudfront.net\/wp-content\/uploads\/2017\/04\/07150143\/268-Mag-Pancho.jpg 900w\" sizes=\"(max-width: 614px) 100vw, 614px\" \/><\/a><figcaption id=\"caption-attachment-34060\" class=\"wp-caption-text\">Francisco Ju\u00e1rez Mendoza (a la izquierda) con un amigo.<br \/>Foto: Cortes\u00eda Pablo Emilio Barreto.<\/figcaption><\/figure>\n<p style=\"text-align: center;\">***<\/p>\n<p>&nbsp;<\/p>\n<figure id=\"attachment_34061\" aria-describedby=\"caption-attachment-34061\" style=\"width: 900px\" class=\"wp-caption aligncenter\"><a href=\"https:\/\/www.laprensa.com.ni\/magazine\/wp-content\/uploads\/2017\/04\/268-Mag-Pancho2.jpg\"><img decoding=\"async\" class=\"size-full wp-image-34061\" src=\"https:\/\/www.laprensa.com.ni\/magazine\/wp-content\/uploads\/2017\/04\/268-Mag-Pancho2.jpg\" alt=\"\" width=\"900\" height=\"624\" srcset=\"https:\/\/d1xxa24wwackpg.cloudfront.net\/wp-content\/uploads\/2017\/04\/07150142\/268-Mag-Pancho2.jpg 900w, https:\/\/d1xxa24wwackpg.cloudfront.net\/wp-content\/uploads\/2017\/04\/07150142\/268-Mag-Pancho2.jpg 300w, https:\/\/d1xxa24wwackpg.cloudfront.net\/wp-content\/uploads\/2017\/04\/07150142\/268-Mag-Pancho2.jpg 768w, https:\/\/d1xxa24wwackpg.cloudfront.net\/wp-content\/uploads\/2017\/04\/07150142\/268-Mag-Pancho2.jpg 600w\" sizes=\"(max-width: 900px) 100vw, 900px\" \/><\/a><figcaption id=\"caption-attachment-34061\" class=\"wp-caption-text\">Angelina Donaire, quien fuera pareja de \u00abPancho \u00d1ato\u00bb.<br \/>Foto: Cortes\u00eda Pablo Emilio Barreto.<\/figcaption><\/figure>\n<p>Todav\u00eda no hay claridad del motivo que ten\u00eda la Guardia Nacional para perseguir con tanto encono por cuatro a\u00f1os a Francisco Ju\u00e1rez Mendoza. En el libro que escribi\u00f3 \u2014pero no ha podido publicar\u2014 el periodista e historiador leon\u00e9s, Pablo Emilio Barreto, tras 15 a\u00f1os de investigaci\u00f3n, se recogen diferentes teor\u00edas.<\/p>\n<p>Una de las an\u00e9cdotas es que \u201cPancho \u00d1ato\u201d tuvo un romance con una muchacha y la pareja de ella le reclam\u00f3. El suceso se registr\u00f3 en la comunidad El Monal, donde Ju\u00e1rez Mendoza asesin\u00f3 al hombre y a partir de ese d\u00eda la persecuci\u00f3n en su contra arreci\u00f3 mucho m\u00e1s. Seg\u00fan esta teor\u00eda, el hombre era hermano de Natividad Alvarado, un jefe de la Guardia en la comarca de Telica, lo que provoc\u00f3 que el militar emprendiera una vendetta personal.<\/p>\n<p>Otras de las teor\u00edas \u2014seg\u00fan Ignacio Garc\u00eda Ju\u00e1rez, uno de los familiares entrevistados en el libro\u2014, fue que a \u201cPancho \u00d1ato\u201d lo confundieron con su cu\u00f1ado Renato Altamirano, quien s\u00ed era un conocido ladr\u00f3n de ganado en Malpaisillo.<\/p>\n<p>\u201c\u2018Pancho \u00d1ato\u2019 protestaba porque dec\u00eda que no era el autor de estos delitos y que por tanto no se dejar\u00eda capturar\u201d, asegur\u00f3 Garc\u00eda Ju\u00e1rez.<\/p>\n<p>Sin embargo, Pascual Donaire, otro de los entrevistados, dijo que Ju\u00e1rez Mendoza s\u00ed era ladr\u00f3n, pero lo que realmente no le gustaba a la Guardia era que le regalaba a los pobres. \u201cLes asustaba m\u00e1s (a la Guardia) el escondite colectivo con el que estaba contando \u2018Pancho \u00d1ato\u2019 en las comarcas despu\u00e9s de los regalos que hac\u00eda a las personas, porque se estaba convirtiendo en un l\u00edder de la zona\u201d.<\/p>\n<p>Los recuerdos de quienes lo miraron con vida alguna vez lo describen como el t\u00edpico bandido \u201cw\u00e9stern\u201d: hombre de rev\u00f3lver a la cintura, cuchillos a los costados, montador de caballos grandes y h\u00e1bil para escapar de las balas saltando alambradas.<\/p>\n<p>\u201cLa verdad es que \u2018Pancho \u00d1ato\u2019 usaba muchos caballos, los cuales compraba, los prestaba a sus due\u00f1os, o los ped\u00eda donados, y despu\u00e9s los regalaba cuando consideraba que ya no eran tan \u00e1giles para sus huidas\u201d, dijo Isabel Baca Valdivia, quien al momento de ser entrevistada en 2001 ten\u00eda 90 a\u00f1os de edad y viv\u00eda en la zona de El Tololar.<\/p>\n<p>Seg\u00fan cuentan en Malpaisillo, Ju\u00e1rez Mendoza era carpintero, alba\u00f1il, agricultor, pero sobre todo un comerciante de ropa que compraba en unos viajes que hac\u00eda a Honduras para luego revenderla en Nicaragua.<\/p>\n<p>Isabel Baca Valdivia lo describe como un hombre de baja estatura, delgado, moreno claro, de nariz ancha y aplastada, cabello negro crespo y ojos caf\u00e9 oscuro. R\u00e1pido para correr y de una astucia excepcional para prevenir el peligro.<\/p>\n<figure id=\"attachment_34062\" aria-describedby=\"caption-attachment-34062\" style=\"width: 900px\" class=\"wp-caption aligncenter\"><a href=\"https:\/\/www.laprensa.com.ni\/magazine\/wp-content\/uploads\/2017\/04\/268-Mag-Pancho1.jpg\"><img decoding=\"async\" class=\"size-full wp-image-34062\" src=\"https:\/\/www.laprensa.com.ni\/magazine\/wp-content\/uploads\/2017\/04\/268-Mag-Pancho1.jpg\" alt=\"\" width=\"900\" height=\"633\" srcset=\"https:\/\/d1xxa24wwackpg.cloudfront.net\/wp-content\/uploads\/2017\/04\/07150141\/268-Mag-Pancho1.jpg 900w, https:\/\/d1xxa24wwackpg.cloudfront.net\/wp-content\/uploads\/2017\/04\/07150141\/268-Mag-Pancho1.jpg 300w, https:\/\/d1xxa24wwackpg.cloudfront.net\/wp-content\/uploads\/2017\/04\/07150141\/268-Mag-Pancho1.jpg 768w, https:\/\/d1xxa24wwackpg.cloudfront.net\/wp-content\/uploads\/2017\/04\/07150141\/268-Mag-Pancho1.jpg 600w\" sizes=\"(max-width: 900px) 100vw, 900px\" \/><\/a><figcaption id=\"caption-attachment-34062\" class=\"wp-caption-text\">Leyla Donaire, hija de \u00abPancho \u00d1ato\u00bb.<br \/>Foto: Cortes\u00eda Pablo Emilio Barreto.<\/figcaption><\/figure>\n<p>El primer enfrentamiento que se registra con sus perseguidores tuvo lugar en una comunidad remota de Le\u00f3n que se llama San Roque. Ju\u00e1rez Mendoza, en compa\u00f1\u00eda de un familiar, estaba jalando agua de un pozo, cuando una decena de guardias entr\u00f3 en la casa para matarlo. \u201cPancho \u00d1ato\u201d rod\u00f3 por el piso e impact\u00f3 con sendos balazos a dos guardias y luego huy\u00f3 montado a caballo.<\/p>\n<p>Seg\u00fan Pascual Dur\u00f3n Medina, a partir de ese d\u00eda la Guardia escoger\u00eda a los mejores tiradores para cazar a Ju\u00e1rez Mendoza.<br \/>\nSon miles de historias, como esta, que existen de \u201cPancho \u00d1ato\u201d: huyendo de emboscadas de la Guardia o encima de su caballo, mientras disparaba con acierto a la cabeza de sus captores.<\/p>\n<p>Fue por eso que un d\u00eda, cansado de la persecuci\u00f3n, decidi\u00f3 irse a Honduras en busca de una mejor vida. Pascual Donaire afirma que poco tiempo despu\u00e9s regres\u00f3 a Nicaragua con mucho dinero, el cual ocupaba para darle a los pobres y necesitados, a cambio de que lo escondieran en sus casas cuando la Guardia lo persegu\u00eda.<\/p>\n<p style=\"text-align: center;\">***<\/p>\n<figure id=\"attachment_34063\" aria-describedby=\"caption-attachment-34063\" style=\"width: 900px\" class=\"wp-caption aligncenter\"><a href=\"https:\/\/www.laprensa.com.ni\/magazine\/wp-content\/uploads\/2017\/04\/268-Mag-Fjuarez3.jpg\"><img loading=\"lazy\" decoding=\"async\" class=\"size-full wp-image-34063\" src=\"https:\/\/www.laprensa.com.ni\/magazine\/wp-content\/uploads\/2017\/04\/268-Mag-Fjuarez3.jpg\" alt=\"\" width=\"900\" height=\"600\" srcset=\"https:\/\/d1xxa24wwackpg.cloudfront.net\/wp-content\/uploads\/2017\/04\/07150140\/268-Mag-Fjuarez3.jpg 900w, https:\/\/d1xxa24wwackpg.cloudfront.net\/wp-content\/uploads\/2017\/04\/07150140\/268-Mag-Fjuarez3.jpg 300w, https:\/\/d1xxa24wwackpg.cloudfront.net\/wp-content\/uploads\/2017\/04\/07150140\/268-Mag-Fjuarez3.jpg 768w, https:\/\/d1xxa24wwackpg.cloudfront.net\/wp-content\/uploads\/2017\/04\/07150140\/268-Mag-Fjuarez3.jpg 600w\" sizes=\"(max-width: 900px) 100vw, 900px\" \/><\/a><figcaption id=\"caption-attachment-34063\" class=\"wp-caption-text\">Fulvia Ju\u00e1rez,<br \/>sobrina de Francisco Ju\u00e1rez Mendoza. Foto: \u00d3scar Navarrete<\/figcaption><\/figure>\n<p>Adentro de la imponente iglesia de Le\u00f3n se encuentra Rodrigo Silva, un investigador y estudioso del templo religioso. Silva conoce desde que se puso la primera piedra en la iglesia hasta los tesoros m\u00e1s escondidos en sus s\u00f3tanos. Sin embargo, sabe poco de \u201cPancho \u00d1ato\u201d, de quien cree que sobrevive en la memoria colectiva de Le\u00f3n gracias a la herencia colonial posindependencia que \u201cvive el aire de la leyenda\u201d.<\/p>\n<p>\u201cEsto tiene que ver mucho con la manera de sentir y pensar de un pueblo. Incluso de imaginarse personajes que no han existido. En el caso de \u2018Pancho \u00d1ato\u2019, pienso, que han construido un personaje que mezcla el estilo espa\u00f1ol con el ind\u00edgena\u201d, afirma Silva.<\/p>\n<p>El investigador considera que a pesar de que Francisco Ju\u00e1rez Mendoza existi\u00f3, muchas de sus an\u00e9cdotas combinan la imaginaci\u00f3n con la realidad que se vivi\u00f3. \u201cEstarse creyendo estos cuentos de brujer\u00eda e inmortalidad en estos tiempos es dif\u00edcil. Que la gente de antes lo creyera es una cosa, pero lo interesante ser\u00e1 descubrir hasta d\u00f3nde llega la realidad combinada con la imaginaci\u00f3n popular\u201d, dice Silva.<br \/>\nCerca del centro de la ciudad de Le\u00f3n se encuentra el barrio Villa 23 de Julio. En el porche de una casa peque\u00f1a est\u00e1 Fulvia Ju\u00e1rez, sobrina de Ju\u00e1rez Mendoza, con una muleta sosteniendo la parte derecha de su cuerpo.<\/p>\n<p>\u201cYo recuerdo cuando era chavalita y \u00e9l ten\u00eda un hermoso caballo. A mi mam\u00e1 le dec\u00eda, \u2018prestame a la ni\u00f1a\u2019. Me sub\u00eda y lo hac\u00eda correr a trav\u00e9s de las piedras\u201d, dice Fulvia Ju\u00e1rez.<\/p>\n<p>Fulvia Ju\u00e1rez es hija de Daniel Ju\u00e1rez, hermano de \u201cPancho \u00d1ato\u201d. Dice que toda su familia naci\u00f3 en Palo de Lapa, jurisdicci\u00f3n de Malpaisillo, una comarca de las periferias de Le\u00f3n. \u201c\u00c9l quer\u00eda ser un gran hombre: mandar en la Guardia, pero no lo dejaron\u201d.<\/p>\n<p>La explicaci\u00f3n que da Fulvia acerca de las an\u00e9cdotas que sit\u00faan a su t\u00edo como un pistolero infalible se debe a que toda la familia Ju\u00e1rez siempre ha sido pistolera. \u201cYo tambi\u00e9n soy pistolera. Mi hermana tiene un hijo militar y \u00e9l no pone el arma cerca porque a m\u00ed me gusta tocarla y no respondo\u201d, dice mientras se carcajea.<\/p>\n<p>Asegura que un d\u00eda se enfrent\u00f3 a balazos con un hombre. De un momento a otro sinti\u00f3 que una bala le rozaba el cabello y a los segundos mir\u00f3 que en la cara le ca\u00edan chorros de sangre. \u201cAntes todos and\u00e1bamos armados. Era lo primero. O me matan o mato. Ahora no: por eso es que hay tantos criminales\u201d, cuenta Fulvia.<\/p>\n<p>\u201cLa Guardia lo persegu\u00eda\/ con su pistola en el cinto\/ toda la gente dec\u00eda que ah\u00ed estaba en San Jacinto\/El pantal\u00f3n que \u00e9l usaba\/ era un pantal\u00f3n de lino\/Pancho \u00d1ato les gritaba hasta que se dieron gusto de matar a un gallo fino\u201d.<\/p>\n<p>A Fulvia Ju\u00e1rez le encanta escuchar este corrido que le compuso Santiago Paiz Carvajal, un trovador leon\u00e9s que escribi\u00f3 canciones dedicadas a la alfabetizaci\u00f3n de los 80, y a su t\u00edo Francisco Ju\u00e1rez Mendoza.<\/p>\n<p>Fulvia Ju\u00e1rez es morena, pelo corto y nariz aplastada, calcada a la que se mira que tiene su t\u00edo en las fotos. Dice que cuando se enoja, amenaza a la gente diciendo: \u201cYo soy sobrina de \u2018Pancho \u00d1ato\u2019\u201d, mientras la gente se le queda mirando extra\u00f1ada.<\/p>\n<p>\u201cLo que yo recuerdo es que \u00e9l era famoso por ser brujo, pistolero y le daba a los pobres\u201d, dice Ju\u00e1rez. Sin embargo, el historiador leon\u00e9s Manuel Noguera dice que la historia de Ju\u00e1rez Mendoza no es reconocida porque era brujo o ayudaba a los pobres, sino m\u00e1s bien porque \u201cera un asesino, un criminal\u201d.<\/p>\n<p style=\"text-align: center;\">***<\/p>\n<figure id=\"attachment_34064\" aria-describedby=\"caption-attachment-34064\" style=\"width: 900px\" class=\"wp-caption aligncenter\"><a href=\"https:\/\/www.laprensa.com.ni\/magazine\/wp-content\/uploads\/2017\/04\/268-Mag-Fort\u00edn.jpg\"><img loading=\"lazy\" decoding=\"async\" class=\"size-full wp-image-34064\" src=\"https:\/\/www.laprensa.com.ni\/magazine\/wp-content\/uploads\/2017\/04\/268-Mag-Fort\u00edn.jpg\" alt=\"\" width=\"900\" height=\"704\" srcset=\"https:\/\/d1xxa24wwackpg.cloudfront.net\/wp-content\/uploads\/2017\/04\/07150139\/268-Mag-Fort%C3%ADn.jpg 900w, https:\/\/d1xxa24wwackpg.cloudfront.net\/wp-content\/uploads\/2017\/04\/07150139\/268-Mag-Fort%C3%ADn.jpg 300w, https:\/\/d1xxa24wwackpg.cloudfront.net\/wp-content\/uploads\/2017\/04\/07150139\/268-Mag-Fort%C3%ADn.jpg 768w, https:\/\/d1xxa24wwackpg.cloudfront.net\/wp-content\/uploads\/2017\/04\/07150139\/268-Mag-Fort%C3%ADn.jpg 600w\" sizes=\"(max-width: 900px) 100vw, 900px\" \/><\/a><figcaption id=\"caption-attachment-34064\" class=\"wp-caption-text\">Antiguas celdas del Fort\u00edn de Acosasco<\/figcaption><\/figure>\n<p>Desde la cima del fort\u00edn de Acosasco la vista es espl\u00e9ndida. Se observa la ciudad de Le\u00f3n a los pies, rodeada de vegetaci\u00f3n, aguas residuales; por el norte se dibuja el r\u00edo Chiquito y por el sur se pinta la cordillera Maribios. El techo de losetas por donde crece la maleza es abrumado por el sol de verano que cae con aplomo.<\/p>\n<p>Esta fortaleza fue construida entre 1889 y 1890 durante el segundo mandato de Roberto Sacasa y habilitada durante la dinast\u00eda somocista, quien la utilizaba para torturar y, seg\u00fan dicen, para asesinar a los presos pol\u00edticos. \u201cCualquier preso que era enviado a ese lugar dif\u00edcilmente regresaba con vida a su casa, es m\u00e1s, nunca se sab\u00eda su paradero\u201d, indic\u00f3 el poeta leon\u00e9s Guillermo Ramos.<\/p>\n<p>El l\u00edder del Consejo de Ancianos de Sutiaba, pueblo ind\u00edgena de Le\u00f3n, Pablo Medrano, asegura que en este fort\u00edn de Acosasco fusilaron a \u201cPancho \u00d1ato\u201d. \u201cEn el Cementerio de las \u00c1nimas lo enterraron a \u00e9l, ah\u00ed enterraban a todos los fusilados an\u00f3nimos de la Guardia\u201d.<\/p>\n<p>Seg\u00fan la versi\u00f3n de Medrano, a Ju\u00e1rez Mendoza la Guardia Nacional lo enga\u00f1\u00f3 ofreci\u00e9ndole un puesto militar. \u201cCuando \u00e9l estaba en el comando de Malpaisillo ah\u00ed nom\u00e1s lo capturaron y se lo llevaron al comando de Le\u00f3n\u201d.<\/p>\n<p>Esta versi\u00f3n es respaldada por Leyla Donaire Ju\u00e1rez, hija de \u201cPancho \u00d1ato\u201d, quien asegura que su mam\u00e1 Angelina Donaire Ju\u00e1rez le dijo que su esposo fue fusilado por los guardias en el fort\u00edn de Acosasco.<\/p>\n<p>Leyla afirma que es la \u00fanica hija que qued\u00f3 del matrimonio de Francisco Ju\u00e1rez y Angelina Donaire, ya que el otro hijo que tuvieron, Ubert, fue asesinado por la Guardia de Le\u00f3n en los a\u00f1os 70.<\/p>\n<p>En un testimonio que recoge el libro de Pablo Emilio Barreto, Lencho Valencia Ju\u00e1rez, primo de \u201cPancho \u00d1ato\u201d, afirma que su familiar cay\u00f3 en la trampa de la Guardia despu\u00e9s de que se comunic\u00f3 con Anastasio Somoza Garc\u00eda, quien le prometi\u00f3 que le dar\u00eda un cargo militar. Durante la comunicaci\u00f3n Somoza Garc\u00eda le habr\u00eda prometido el cese de la persecuci\u00f3n. \u201cLa no persecuci\u00f3n sistem\u00e1tica en esos meses le dio alguna confianza para asistir a la reuni\u00f3n\u201d, dijo Valencia.<\/p>\n<p>M\u00e1s de 25 a\u00f1os despu\u00e9s de la captura de Francisco Ju\u00e1rez Mendoza, en 1977, el sargento Otoniel Hern\u00e1ndez dijo a La Prensa que \u201cPancho \u00d1ato\u201d era \u201ctan peligroso que corriendo a caballo pegaba peligrosamente en el blanco que deseaba\u201d.<\/p>\n<p>Hern\u00e1ndez dijo que estuvo a cargo personalmente de la captura del bandido leon\u00e9s. \u201cLa captura, pr\u00e1cticamente, la hice yo solo, despu\u00e9s que el comandante departamental de la GN de Le\u00f3n, coronel Nolasco Romero, me encomend\u00f3 esa tarea, la m\u00e1s delicada que haya hecho en mi vida militar\u201d.<\/p>\n<p>El coronel Pedro Nolasco Romero fue un temido guardia somocista de los a\u00f1os 50, a quien se le atribuyen varias ejecuciones realizadas en el fort\u00edn de Acosasco. Seg\u00fan el poeta Guillermo Ramos, Nolasco Romero emprendi\u00f3 una persecuci\u00f3n enfermiza contra los ladrones caseros de la \u00e9poca.<\/p>\n<p>\u201cSu obsesi\u00f3n de acabar con los ladrones lo llev\u00f3 a ordenar ejecuciones continuas en El Repollal (alrededores del fort\u00edn) a los que ten\u00edan tres fichas y hab\u00edan sido detenidos en la c\u00e1rcel de la 21 en tres ocasiones\u00bb, se\u00f1ala el poeta Ramos.<\/p>\n<p>Todos los d\u00edas, el coronel Nolasco \u2014seg\u00fan refieren narraciones de historiadores\u2014, se presentaba al caer la tarde a la c\u00e1rcel La 21 para preguntar por los reos detenidos m\u00e1s de dos veces a causa de robo, y los mandaba a exterminar en la madrugada del d\u00eda siguiente en el fort\u00edn.<\/p>\n<p>Nolasco Romero era un hombre alto, recio y el rostro erupcionado de acn\u00e9. Para la gran mayor\u00eda ten\u00eda m\u00e9todos incorrectos, pero as\u00ed logr\u00f3 instalar la seguridad en la ciudad. \u201cUno pod\u00eda dormir con la puerta abierta y sab\u00eda que nadie iba a entrar a llevarse nada porque lo esperaba el fusilamiento\u201d, se\u00f1al\u00f3 Ramos.<\/p>\n<p>Despu\u00e9s de que Ju\u00e1rez Mendoza fue capturado en Malpaisillo, los guardias lo trasladaron a la c\u00e1rcel La 21 de Le\u00f3n, seg\u00fan recuerda Luis Mor\u00e1n, quien tambi\u00e9n iba en el mismo grupo donde llevaban detenido a \u201cPancho \u00d1ato\u201d. Mor\u00e1n fue enviado a la c\u00e1rcel La 21 donde fue interrogado y liberado una semana despu\u00e9s.<\/p>\n<p>\u201cSe rumoraba que los prisioneros eran sacados en grupos de cinco, diez y tal vez 20 hombres, para fusilarlos en el fort\u00edn de Acosasco o en otros sitios, cuyas identidades nunca se supieron\u201d, dijo Mor\u00e1n.<\/p>\n<p>En los terrenos de alrededor del fort\u00edn no hay l\u00e1pidas ni cruces, solo se mira la vieja fortaleza en ruinas, con hedor a podrido, monte seco y \u00e1rboles sin frutos. En alg\u00fan lugar de esta tierra est\u00e1 enterrado \u201cPancho \u00d1ato\u201d, junto con otras decenas de personas que murieron fusiladas, seg\u00fan refieren los historiadores. Antes de que los mataran, los hac\u00edan cavar su propia tumba. La cacer\u00eda de Francisco Ju\u00e1rez Mendoza acab\u00f3 el d\u00eda que recibi\u00f3 los disparos certeros en su cuerpo y cay\u00f3 en una fosa desconocida.<\/p>\n<p>&nbsp;<\/p>\n<h3>El fort\u00edn de Acosasco<\/h3>\n<p>El fort\u00edn fue construido como fuerte militar entre 1889 y 1890, bajo el segundo mandato presidencial de Roberto Sacasa. Fue abandonado por Juan Bautista Sacasa, pero habilitado como prisi\u00f3n durante la dinast\u00eda somocista. Fue el lugar donde se replegaron las \u00faltimas fuerzas de la Guardia Nacional durante la guerra de 1979. De 1979 a 1986 fue tambi\u00e9n utilizado como base militar.<\/p>\n<p>Era llamado \u201cEl Repollal\u201d por el terreno montoso alrededor de la construcci\u00f3n. \u201cRecuerdo que chavalo hac\u00eda caminatas a orilla del r\u00edo y escuch\u00e1bamos los desgarradores gritos de los presos que iban a ser ejecutados\u201d, dijo el doctor Rigoberto Sampson, quien fuera alcalde de Le\u00f3n entre 1997 y 2000. El fort\u00edn fue declarado Patrimonio Hist\u00f3rico Nacional el 14 de julio de 1983, pero actualmente est\u00e1 abandonado.<\/p>\n<h3>La tenebrosa c\u00e1rcel La 21<\/h3>\n<p>El empresario radial y escritor Jes\u00fas Miguel Bland\u00f3n, en su libro Entre Sandino y Fonseca, le llama la tenebrosa 21 a la antigua c\u00e1rcel ubicada en el barrio San Sebasti\u00e1n, de Le\u00f3n. \u201cEra un lugar de terror\u201d, asegura Bland\u00f3n. \u201cSer llevado a La 21 era para muchos la antesala de la muerte, casi siempre an\u00f3nima, porque la Guardia Nacional de muy poco rend\u00eda cuenta\u201d.<\/p>\n<p>En un reportaje de Magazine, en 2011, titulado \u201cLa tenebrosa c\u00e1rcel 21\u201d, el abogado Luis Felipe P\u00e9rez recuerda que caer en esta c\u00e1rcel era tan peligroso que ni siquiera habr\u00eda que estar en la lista negra de la Guardia para correr la peor de las suertes. \u201cComo los ladrones a los que el comandante Pedro Nolasco Romero mandaba a traer a la medianoche desde La 21 hasta el fort\u00edn para hacerlos cavar su propia fosa y despu\u00e9s fusilarlos\u201d<\/p>\n","protected":false},"excerpt":{"rendered":"<p>Francisco Ju\u00e1rez Mendoza fue el delincuente m\u00e1s buscado por la Guardia Nacional en los a\u00f1os 40. Cuentan que robaba para darle a los pobres. Esta es una historia de balaceras, embrujos y fusilamientos<\/p>\n","protected":false},"author":8,"featured_media":34059,"comment_status":"open","ping_status":"open","sticky":false,"template":"","format":"standard","meta":{"_acf_changed":false,"footnotes":""},"categories":[26],"tags":[247],"class_list":["post-34055","post","type-post","status-publish","format-standard","has-post-thumbnail","hentry","category-reportajes","tag-leon"],"acf":[],"_links":{"self":[{"href":"https:\/\/staging.laprensanic.com\/magazine\/wp-json\/wp\/v2\/posts\/34055","targetHints":{"allow":["GET"]}}],"collection":[{"href":"https:\/\/staging.laprensanic.com\/magazine\/wp-json\/wp\/v2\/posts"}],"about":[{"href":"https:\/\/staging.laprensanic.com\/magazine\/wp-json\/wp\/v2\/types\/post"}],"author":[{"embeddable":true,"href":"https:\/\/staging.laprensanic.com\/magazine\/wp-json\/wp\/v2\/users\/8"}],"replies":[{"embeddable":true,"href":"https:\/\/staging.laprensanic.com\/magazine\/wp-json\/wp\/v2\/comments?post=34055"}],"version-history":[{"count":11,"href":"https:\/\/staging.laprensanic.com\/magazine\/wp-json\/wp\/v2\/posts\/34055\/revisions"}],"predecessor-version":[{"id":44509,"href":"https:\/\/staging.laprensanic.com\/magazine\/wp-json\/wp\/v2\/posts\/34055\/revisions\/44509"}],"wp:featuredmedia":[{"embeddable":true,"href":"https:\/\/staging.laprensanic.com\/magazine\/wp-json\/wp\/v2\/media\/34059"}],"wp:attachment":[{"href":"https:\/\/staging.laprensanic.com\/magazine\/wp-json\/wp\/v2\/media?parent=34055"}],"wp:term":[{"taxonomy":"category","embeddable":true,"href":"https:\/\/staging.laprensanic.com\/magazine\/wp-json\/wp\/v2\/categories?post=34055"},{"taxonomy":"post_tag","embeddable":true,"href":"https:\/\/staging.laprensanic.com\/magazine\/wp-json\/wp\/v2\/tags?post=34055"}],"curies":[{"name":"wp","href":"https:\/\/api.w.org\/{rel}","templated":true}]}}