{"id":34377,"date":"2017-05-15T07:12:01","date_gmt":"2017-05-15T13:12:01","guid":{"rendered":"https:\/\/www.magazine.com.ni\/?p=34377"},"modified":"2017-05-15T07:12:01","modified_gmt":"2017-05-15T13:12:01","slug":"34377","status":"publish","type":"post","link":"https:\/\/staging.laprensanic.com\/magazine\/collage\/34377\/","title":{"rendered":"Aretes: cinco estilos b\u00e1sicos"},"content":{"rendered":"<p><strong>Perlas<\/strong><\/p>\n<p>B\u00e1sicas entre los aretes b\u00e1sicos. Las perlas son elegantes y sumamente femeninas, y adem\u00e1s quedan perfectas tanto con atuendos casuales como con trajes de gala. Si el peinado es alto, se recomienda que tengan cierta ca\u00edda. Si se lleva el cabello suelto, lo aconsejable es que las perlas sean peque\u00f1as.<\/p>\n<p><a href=\"https:\/\/www.laprensa.com.ni\/magazine\/wp-content\/uploads\/2017\/05\/269-MAG-ESTILOS-1.jpg\"><img fetchpriority=\"high\" decoding=\"async\" class=\"aligncenter size-medium wp-image-34378\" src=\"https:\/\/www.laprensa.com.ni\/magazine\/wp-content\/uploads\/2017\/05\/269-MAG-ESTILOS-1-300x259.jpg\" alt=\"\" width=\"300\" height=\"259\" srcset=\"https:\/\/d1xxa24wwackpg.cloudfront.net\/wp-content\/uploads\/2017\/05\/07145924\/269-MAG-ESTILOS-1.jpg 300w, https:\/\/d1xxa24wwackpg.cloudfront.net\/wp-content\/uploads\/2017\/05\/07145924\/269-MAG-ESTILOS-1.jpg 700w\" sizes=\"(max-width: 300px) 100vw, 300px\" \/><\/a><\/p>\n<h3>Candelabro<\/h3>\n<p>Se llama \u201cde candelabro\u201d a los aretes medianos o largos que tienen m\u00e1s de una ca\u00edda. Generalmente su forma se asemeja a la de los candelabros, de ah\u00ed su nombre; pero tambi\u00e9n los hay de una sola l\u00ednea.<\/p>\n<p><a href=\"https:\/\/www.laprensa.com.ni\/magazine\/wp-content\/uploads\/2017\/05\/269-MAG-ESTILOS-4.jpg\"><img decoding=\"async\" class=\"aligncenter size-medium wp-image-34380\" src=\"https:\/\/www.laprensa.com.ni\/magazine\/wp-content\/uploads\/2017\/05\/269-MAG-ESTILOS-4-300x300.jpg\" alt=\"\" width=\"300\" height=\"300\" srcset=\"https:\/\/d1xxa24wwackpg.cloudfront.net\/wp-content\/uploads\/2017\/05\/07145922\/269-MAG-ESTILOS-4.jpg 300w, https:\/\/d1xxa24wwackpg.cloudfront.net\/wp-content\/uploads\/2017\/05\/07145922\/269-MAG-ESTILOS-4.jpg 150w, https:\/\/d1xxa24wwackpg.cloudfront.net\/wp-content\/uploads\/2017\/05\/07145922\/269-MAG-ESTILOS-4.jpg 600w, https:\/\/d1xxa24wwackpg.cloudfront.net\/wp-content\/uploads\/2017\/05\/07145922\/269-MAG-ESTILOS-4.jpg 24w, https:\/\/d1xxa24wwackpg.cloudfront.net\/wp-content\/uploads\/2017\/05\/07145922\/269-MAG-ESTILOS-4.jpg 48w, https:\/\/d1xxa24wwackpg.cloudfront.net\/wp-content\/uploads\/2017\/05\/07145922\/269-MAG-ESTILOS-4.jpg 96w, https:\/\/d1xxa24wwackpg.cloudfront.net\/wp-content\/uploads\/2017\/05\/07145922\/269-MAG-ESTILOS-4.jpg 700w\" sizes=\"(max-width: 300px) 100vw, 300px\" \/><\/a><\/p>\n<h3>Diamantes y zirconias<\/h3>\n<p>Un minidestello muy elegante, ideal cuando se desea que la atenci\u00f3n se concentre en el collar. Se recomiendan como complemento del estilo c\u00f3ctel o formal.<\/p>\n<p><a href=\"https:\/\/www.laprensa.com.ni\/magazine\/wp-content\/uploads\/2017\/05\/269-MAG-ESTILOS-10.jpg\"><img decoding=\"async\" class=\"aligncenter size-medium wp-image-34381\" src=\"https:\/\/www.laprensa.com.ni\/magazine\/wp-content\/uploads\/2017\/05\/269-MAG-ESTILOS-10-300x300.jpg\" alt=\"\" width=\"300\" height=\"300\" srcset=\"https:\/\/d1xxa24wwackpg.cloudfront.net\/wp-content\/uploads\/2017\/05\/07145921\/269-MAG-ESTILOS-10.jpg 300w, https:\/\/d1xxa24wwackpg.cloudfront.net\/wp-content\/uploads\/2017\/05\/07145921\/269-MAG-ESTILOS-10.jpg 150w, https:\/\/d1xxa24wwackpg.cloudfront.net\/wp-content\/uploads\/2017\/05\/07145921\/269-MAG-ESTILOS-10.jpg 600w, https:\/\/d1xxa24wwackpg.cloudfront.net\/wp-content\/uploads\/2017\/05\/07145921\/269-MAG-ESTILOS-10.jpg 24w, https:\/\/d1xxa24wwackpg.cloudfront.net\/wp-content\/uploads\/2017\/05\/07145921\/269-MAG-ESTILOS-10.jpg 48w, https:\/\/d1xxa24wwackpg.cloudfront.net\/wp-content\/uploads\/2017\/05\/07145921\/269-MAG-ESTILOS-10.jpg 96w, https:\/\/d1xxa24wwackpg.cloudfront.net\/wp-content\/uploads\/2017\/05\/07145921\/269-MAG-ESTILOS-10.jpg 700w\" sizes=\"(max-width: 300px) 100vw, 300px\" \/><\/a><\/p>\n<h3>Arracadas<\/h3>\n<p>Son aros o medio aros poco sutiles, pero divertidos. Aportan un aire juguet\u00f3n e informal, por lo que se recomiendan para atuendos casuales.<\/p>\n<p><a href=\"https:\/\/www.laprensa.com.ni\/magazine\/wp-content\/uploads\/2017\/05\/269-MAG-ESTILOS-12.jpg\"><img loading=\"lazy\" decoding=\"async\" class=\"aligncenter size-medium wp-image-34382\" src=\"https:\/\/www.laprensa.com.ni\/magazine\/wp-content\/uploads\/2017\/05\/269-MAG-ESTILOS-12-300x300.jpg\" alt=\"\" width=\"300\" height=\"300\" srcset=\"https:\/\/d1xxa24wwackpg.cloudfront.net\/wp-content\/uploads\/2017\/05\/07145920\/269-MAG-ESTILOS-12.jpg 300w, https:\/\/d1xxa24wwackpg.cloudfront.net\/wp-content\/uploads\/2017\/05\/07145920\/269-MAG-ESTILOS-12.jpg 150w, https:\/\/d1xxa24wwackpg.cloudfront.net\/wp-content\/uploads\/2017\/05\/07145920\/269-MAG-ESTILOS-12.jpg 600w, https:\/\/d1xxa24wwackpg.cloudfront.net\/wp-content\/uploads\/2017\/05\/07145920\/269-MAG-ESTILOS-12.jpg 24w, https:\/\/d1xxa24wwackpg.cloudfront.net\/wp-content\/uploads\/2017\/05\/07145920\/269-MAG-ESTILOS-12.jpg 48w, https:\/\/d1xxa24wwackpg.cloudfront.net\/wp-content\/uploads\/2017\/05\/07145920\/269-MAG-ESTILOS-12.jpg 96w, https:\/\/d1xxa24wwackpg.cloudfront.net\/wp-content\/uploads\/2017\/05\/07145920\/269-MAG-ESTILOS-12.jpg 700w\" sizes=\"(max-width: 300px) 100vw, 300px\" \/><\/a><\/p>\n<h3>\u201cEar cuffs\u201d<\/h3>\n<p>Son aretes para las mujeres m\u00e1s arriesgadas. Se curvan a lo largo de la oreja y pueden ser muy delicados o muy adornados, pero nunca pasan inadvertidos.<\/p>\n<p><a href=\"https:\/\/www.laprensa.com.ni\/magazine\/wp-content\/uploads\/2017\/05\/269-MAG-ESTILOS-3.jpg\"><img loading=\"lazy\" decoding=\"async\" class=\"aligncenter size-medium wp-image-34379\" src=\"https:\/\/www.laprensa.com.ni\/magazine\/wp-content\/uploads\/2017\/05\/269-MAG-ESTILOS-3-300x300.jpg\" alt=\"\" width=\"300\" height=\"300\" srcset=\"https:\/\/d1xxa24wwackpg.cloudfront.net\/wp-content\/uploads\/2017\/05\/07145923\/269-MAG-ESTILOS-3.jpg 300w, https:\/\/d1xxa24wwackpg.cloudfront.net\/wp-content\/uploads\/2017\/05\/07145923\/269-MAG-ESTILOS-3.jpg 150w, https:\/\/d1xxa24wwackpg.cloudfront.net\/wp-content\/uploads\/2017\/05\/07145923\/269-MAG-ESTILOS-3.jpg 600w, https:\/\/d1xxa24wwackpg.cloudfront.net\/wp-content\/uploads\/2017\/05\/07145923\/269-MAG-ESTILOS-3.jpg 24w, https:\/\/d1xxa24wwackpg.cloudfront.net\/wp-content\/uploads\/2017\/05\/07145923\/269-MAG-ESTILOS-3.jpg 48w, https:\/\/d1xxa24wwackpg.cloudfront.net\/wp-content\/uploads\/2017\/05\/07145923\/269-MAG-ESTILOS-3.jpg 96w, https:\/\/d1xxa24wwackpg.cloudfront.net\/wp-content\/uploads\/2017\/05\/07145923\/269-MAG-ESTILOS-3.jpg 700w\" sizes=\"(max-width: 300px) 100vw, 300px\" \/><\/a><\/p>\n<p>&nbsp;<\/p>\n<h3>Curiosidades<\/h3>\n<p><strong>1.<\/strong> Se cree que los piratas se colocaban un arete de oro en la oreja cada vez que lograban la haza\u00f1a de pasar por el Cabo de Hornos (sur de Am\u00e9rica) o por el Cabo de Buena Esperanza (sur de \u00c1frica). Otra hip\u00f3tesis es que el aro de oro obedec\u00eda a una simple superstici\u00f3n, pues se pensaba que este era un metal protector.<\/p>\n<p><strong>2.<\/strong> Los preincas, los incas, los mayas y los aztecas utilizaban aretes de oro, jade, esmeraldas y turquesas.<\/p>\n<p><strong>3.<\/strong> \u201cApollo\u201d (un diamante azul) y \u201cArtemis\u201d (un diamante rosa) son los aretes m\u00e1s caros del mundo. Juntos valen 68 millones de d\u00f3lares.<\/p>\n","protected":false},"excerpt":{"rendered":"<p>Cinco tipos b\u00e1sicos de aretes. El estilo se ajusta a la ocasi\u00f3n y la personalidad. <\/p>\n","protected":false},"author":46,"featured_media":34384,"comment_status":"open","ping_status":"open","sticky":false,"template":"","format":"standard","meta":{"_acf_changed":false,"footnotes":""},"categories":[4],"tags":[1481],"class_list":["post-34377","post","type-post","status-publish","format-standard","has-post-thumbnail","hentry","category-collage","tag-estilos"],"acf":[],"_links":{"self":[{"href":"https:\/\/staging.laprensanic.com\/magazine\/wp-json\/wp\/v2\/posts\/34377","targetHints":{"allow":["GET"]}}],"collection":[{"href":"https:\/\/staging.laprensanic.com\/magazine\/wp-json\/wp\/v2\/posts"}],"about":[{"href":"https:\/\/staging.laprensanic.com\/magazine\/wp-json\/wp\/v2\/types\/post"}],"author":[{"embeddable":true,"href":"https:\/\/staging.laprensanic.com\/magazine\/wp-json\/wp\/v2\/users\/46"}],"replies":[{"embeddable":true,"href":"https:\/\/staging.laprensanic.com\/magazine\/wp-json\/wp\/v2\/comments?post=34377"}],"version-history":[{"count":4,"href":"https:\/\/staging.laprensanic.com\/magazine\/wp-json\/wp\/v2\/posts\/34377\/revisions"}],"predecessor-version":[{"id":34543,"href":"https:\/\/staging.laprensanic.com\/magazine\/wp-json\/wp\/v2\/posts\/34377\/revisions\/34543"}],"wp:featuredmedia":[{"embeddable":true,"href":"https:\/\/staging.laprensanic.com\/magazine\/wp-json\/wp\/v2\/media\/34384"}],"wp:attachment":[{"href":"https:\/\/staging.laprensanic.com\/magazine\/wp-json\/wp\/v2\/media?parent=34377"}],"wp:term":[{"taxonomy":"category","embeddable":true,"href":"https:\/\/staging.laprensanic.com\/magazine\/wp-json\/wp\/v2\/categories?post=34377"},{"taxonomy":"post_tag","embeddable":true,"href":"https:\/\/staging.laprensanic.com\/magazine\/wp-json\/wp\/v2\/tags?post=34377"}],"curies":[{"name":"wp","href":"https:\/\/api.w.org\/{rel}","templated":true}]}}