{"id":34387,"date":"2017-05-15T07:12:36","date_gmt":"2017-05-15T13:12:36","guid":{"rendered":"https:\/\/www.magazine.com.ni\/?p=34387"},"modified":"2017-05-15T07:12:36","modified_gmt":"2017-05-15T13:12:36","slug":"traje-de-gala-masculino","status":"publish","type":"post","link":"https:\/\/staging.laprensanic.com\/magazine\/collage\/traje-de-gala-masculino\/","title":{"rendered":"Traje de gala masculino"},"content":{"rendered":"<h3>Traje y joyas<\/h3>\n<p>Menos es m\u00e1s. Las \u00fanicas piezas de joyer\u00eda que la etiqueta permite en el traje de gala masculino son el reloj, los gemelos y el alfiler de corbata. En el caso de las dos \u00faltimas, adem\u00e1s de aportar elegancia, le dan un toque personal al atuendo.<\/p>\n<p>&nbsp;<\/p>\n<p><a href=\"https:\/\/www.laprensa.com.ni\/magazine\/wp-content\/uploads\/2017\/05\/269-MAG-GEMELOS-222.jpg\"><img fetchpriority=\"high\" decoding=\"async\" class=\"aligncenter size-medium wp-image-34393\" src=\"https:\/\/www.laprensa.com.ni\/magazine\/wp-content\/uploads\/2017\/05\/269-MAG-GEMELOS-222-300x300.jpg\" alt=\"\" width=\"300\" height=\"300\" srcset=\"https:\/\/d1xxa24wwackpg.cloudfront.net\/wp-content\/uploads\/2017\/05\/07145913\/269-MAG-GEMELOS-222.jpg 300w, https:\/\/d1xxa24wwackpg.cloudfront.net\/wp-content\/uploads\/2017\/05\/07145913\/269-MAG-GEMELOS-222.jpg 150w, https:\/\/d1xxa24wwackpg.cloudfront.net\/wp-content\/uploads\/2017\/05\/07145913\/269-MAG-GEMELOS-222.jpg 600w, https:\/\/d1xxa24wwackpg.cloudfront.net\/wp-content\/uploads\/2017\/05\/07145913\/269-MAG-GEMELOS-222.jpg 24w, https:\/\/d1xxa24wwackpg.cloudfront.net\/wp-content\/uploads\/2017\/05\/07145913\/269-MAG-GEMELOS-222.jpg 48w, https:\/\/d1xxa24wwackpg.cloudfront.net\/wp-content\/uploads\/2017\/05\/07145913\/269-MAG-GEMELOS-222.jpg 96w, https:\/\/d1xxa24wwackpg.cloudfront.net\/wp-content\/uploads\/2017\/05\/07145913\/269-MAG-GEMELOS-222.jpg 700w\" sizes=\"(max-width: 300px) 100vw, 300px\" \/><\/a><\/p>\n<h3>Zapatos<\/h3>\n<p>Debe preferirse siempre el estilo oxford. Son zapatos elegantes, de cuero y cordones, tac\u00f3n cuadrado y peque\u00f1o, y punta estrecha y redondeada. A menudo son lisos, pero a veces incluyen costuras finas o peque\u00f1os orificios.<\/p>\n<p><a href=\"https:\/\/www.laprensa.com.ni\/magazine\/wp-content\/uploads\/2017\/05\/269-MAG-DESEOSS-1.jpg\"><img decoding=\"async\" class=\"aligncenter size-medium wp-image-34389\" src=\"https:\/\/www.laprensa.com.ni\/magazine\/wp-content\/uploads\/2017\/05\/269-MAG-DESEOSS-1-300x300.jpg\" alt=\"\" width=\"300\" height=\"300\" srcset=\"https:\/\/d1xxa24wwackpg.cloudfront.net\/wp-content\/uploads\/2017\/05\/07145917\/269-MAG-DESEOSS-1.jpg 300w, https:\/\/d1xxa24wwackpg.cloudfront.net\/wp-content\/uploads\/2017\/05\/07145917\/269-MAG-DESEOSS-1.jpg 150w, https:\/\/d1xxa24wwackpg.cloudfront.net\/wp-content\/uploads\/2017\/05\/07145917\/269-MAG-DESEOSS-1.jpg 600w, https:\/\/d1xxa24wwackpg.cloudfront.net\/wp-content\/uploads\/2017\/05\/07145917\/269-MAG-DESEOSS-1.jpg 24w, https:\/\/d1xxa24wwackpg.cloudfront.net\/wp-content\/uploads\/2017\/05\/07145917\/269-MAG-DESEOSS-1.jpg 48w, https:\/\/d1xxa24wwackpg.cloudfront.net\/wp-content\/uploads\/2017\/05\/07145917\/269-MAG-DESEOSS-1.jpg 96w, https:\/\/d1xxa24wwackpg.cloudfront.net\/wp-content\/uploads\/2017\/05\/07145917\/269-MAG-DESEOSS-1.jpg 700w\" sizes=\"(max-width: 300px) 100vw, 300px\" \/><\/a><\/p>\n<h3>En el cuello<\/h3>\n<p>Si hablamos de un esmoquin, siempre se usa con la cl\u00e1sica pajarita negra. Otros trajes s\u00ed admiten corbata, preferiblemente en colores sobrios y elegantes, lisas o con estampados muy sutiles. La norma es que llegue hasta la cintura de quien la lleva.<\/p>\n<p><a href=\"https:\/\/www.laprensa.com.ni\/magazine\/wp-content\/uploads\/2017\/05\/ThinkstockPhotos-534715111.jpg\"><img decoding=\"async\" class=\"aligncenter wp-image-34394 size-medium\" src=\"https:\/\/www.laprensa.com.ni\/magazine\/wp-content\/uploads\/2017\/05\/ThinkstockPhotos-534715111-300x204.jpg\" alt=\"\" width=\"300\" height=\"204\" srcset=\"https:\/\/d1xxa24wwackpg.cloudfront.net\/wp-content\/uploads\/2017\/05\/07145911\/ThinkstockPhotos-534715111.jpg 300w, https:\/\/d1xxa24wwackpg.cloudfront.net\/wp-content\/uploads\/2017\/05\/07145911\/ThinkstockPhotos-534715111.jpg 505w\" sizes=\"(max-width: 300px) 100vw, 300px\" \/><\/a><\/p>\n<h3>Pa\u00f1uelo<\/h3>\n<p>Si la ocasi\u00f3n es muy formal, se recomienda el pa\u00f1uelo blanco, que adem\u00e1s combina con cualquier color de corbata. Para ocasiones menos formales, pero igualmente elegantes, pueden elegirse pa\u00f1uelos de colores s\u00f3lidos o con estampados (esta opci\u00f3n es incluso menos formal).<\/p>\n<p><a href=\"https:\/\/www.laprensa.com.ni\/magazine\/wp-content\/uploads\/2017\/05\/269-MAG-DESEOSSS.jpg\"><img loading=\"lazy\" decoding=\"async\" class=\"aligncenter wp-image-34390 size-medium\" src=\"https:\/\/www.laprensa.com.ni\/magazine\/wp-content\/uploads\/2017\/05\/269-MAG-DESEOSSS-300x218.jpg\" alt=\"\" width=\"300\" height=\"218\" srcset=\"https:\/\/d1xxa24wwackpg.cloudfront.net\/wp-content\/uploads\/2017\/05\/07145916\/269-MAG-DESEOSSS.jpg 300w, https:\/\/d1xxa24wwackpg.cloudfront.net\/wp-content\/uploads\/2017\/05\/07145916\/269-MAG-DESEOSSS.jpg 700w\" sizes=\"(max-width: 300px) 100vw, 300px\" \/><\/a><\/p>\n<p>&nbsp;<\/p>\n<p>&nbsp;<\/p>\n","protected":false},"excerpt":{"rendered":"<p>Accesorios que no deben faltar en un traje de gala masculino, c\u00f3mo elegirlos  y c\u00f3mo usarlos.<\/p>\n","protected":false},"author":46,"featured_media":34396,"comment_status":"open","ping_status":"open","sticky":false,"template":"","format":"standard","meta":{"_acf_changed":false,"footnotes":""},"categories":[4],"tags":[72],"class_list":["post-34387","post","type-post","status-publish","format-standard","has-post-thumbnail","hentry","category-collage","tag-moda"],"acf":[],"_links":{"self":[{"href":"https:\/\/staging.laprensanic.com\/magazine\/wp-json\/wp\/v2\/posts\/34387","targetHints":{"allow":["GET"]}}],"collection":[{"href":"https:\/\/staging.laprensanic.com\/magazine\/wp-json\/wp\/v2\/posts"}],"about":[{"href":"https:\/\/staging.laprensanic.com\/magazine\/wp-json\/wp\/v2\/types\/post"}],"author":[{"embeddable":true,"href":"https:\/\/staging.laprensanic.com\/magazine\/wp-json\/wp\/v2\/users\/46"}],"replies":[{"embeddable":true,"href":"https:\/\/staging.laprensanic.com\/magazine\/wp-json\/wp\/v2\/comments?post=34387"}],"version-history":[{"count":4,"href":"https:\/\/staging.laprensanic.com\/magazine\/wp-json\/wp\/v2\/posts\/34387\/revisions"}],"predecessor-version":[{"id":34544,"href":"https:\/\/staging.laprensanic.com\/magazine\/wp-json\/wp\/v2\/posts\/34387\/revisions\/34544"}],"wp:featuredmedia":[{"embeddable":true,"href":"https:\/\/staging.laprensanic.com\/magazine\/wp-json\/wp\/v2\/media\/34396"}],"wp:attachment":[{"href":"https:\/\/staging.laprensanic.com\/magazine\/wp-json\/wp\/v2\/media?parent=34387"}],"wp:term":[{"taxonomy":"category","embeddable":true,"href":"https:\/\/staging.laprensanic.com\/magazine\/wp-json\/wp\/v2\/categories?post=34387"},{"taxonomy":"post_tag","embeddable":true,"href":"https:\/\/staging.laprensanic.com\/magazine\/wp-json\/wp\/v2\/tags?post=34387"}],"curies":[{"name":"wp","href":"https:\/\/api.w.org\/{rel}","templated":true}]}}