{"id":34422,"date":"2015-07-12T08:26:26","date_gmt":"2015-07-12T14:26:26","guid":{"rendered":"https:\/\/www.magazine.com.ni\/?p=34422"},"modified":"2020-07-28T20:53:45","modified_gmt":"2020-07-29T02:53:45","slug":"de-tiempo-y-etiqueta-2","status":"publish","type":"post","link":"https:\/\/staging.laprensanic.com\/magazine\/reportajes\/de-tiempo-y-etiqueta-2\/","title":{"rendered":"De tiempo y etiqueta"},"content":{"rendered":"<p style=\"text-align: center;\">Magazine se impuso un reto: lograr que doce artistas nicarag\u00fcenses, a los que no solemos ver de etiqueta, se enfundaran trajes a la medida y con actitud, escenarios y utiler\u00eda se trasladar\u00e1n a otras \u00e9pocas.<br \/>\nEste es el resultado.<\/p>\n<p style=\"text-align: center;\"><strong>Por Anagilmara V\u00edlchez Zeled\u00f3n.<\/strong><\/p>\n<p style=\"text-align: center;\"><strong>Fotos: Douglas L\u00f3pez<\/strong><\/p>\n<p>La \u00e9poca en la que se pasean las curvas de Marilyn Monroe y la figura casi felina de James Dean se qued\u00f3 atascada el restaurante The Diner, en Managua, donde posan para Magazine los integrantes de La Cuneta Son Mach\u00edn.<\/p>\n<p>Las cafeter\u00edas como esta eran en la d\u00e9cada de los 50, el sitio de reuni\u00f3n y diversi\u00f3n de los j\u00f3venes. \u201cJailhouse Rock\u201d, de Elvis suena en la roconola, mientras de un lado a otro los meseros cargan hamburguesas y malteadas coronadas con crema batida. Adem\u00e1s de la rebeld\u00eda que contagi\u00f3 a la juventud, fue este el tiempo de las revueltas por los derechos de los afroamericanos, la efervescencia del Rock and Roll, la \u00e9poca dorada del cine, el esplendor del Tup\u00e9 y el inicio de la Guerra Fr\u00eda. Los 50, son en cuanto a moda, una de las d\u00e9cadas m\u00e1s replicadas actualmente. Mujeres con la cintura ce\u00f1ida como relojes de arena, faldas amplias y labios rojos. En el caso de los varones, un par de tirantes, pajaritas y zapatos bicolor Oxford (en sus distintas versiones) logran ese toque retro. \u201cActualmente se llevan los tres art\u00edculos tanto en \u00e1mbitos formales como m\u00e1s casuales\u201d, asegura la asesora de imagen Marianela Lacayo, quien dice que los c\u00f3digos de vestimenta pueden \u201crelajarse\u201d sin perder estilo.<\/p>\n<figure id=\"attachment_34428\" aria-describedby=\"caption-attachment-34428\" style=\"width: 700px\" class=\"wp-caption aligncenter\"><a href=\"https:\/\/gep90.laprensa.com.ni\/magazine\/wp-content\/uploads\/2017\/05\/La-cuneta-son-mach\u00edn.jpg\"><img fetchpriority=\"high\" decoding=\"async\" class=\"wp-image-34428 size-full\" src=\"https:\/\/gep90.laprensa.com.ni\/magazine\/wp-content\/uploads\/2017\/05\/La-cuneta-son-mach\u00edn.jpg\" alt=\"La Cuneta Son Mach\u00edn\" width=\"700\" height=\"586\" srcset=\"https:\/\/d1xxa24wwackpg.cloudfront.net\/wp-content\/uploads\/2017\/05\/07145902\/La-cuneta-son-mach%C3%ADn.jpg 700w, https:\/\/d1xxa24wwackpg.cloudfront.net\/wp-content\/uploads\/2017\/05\/07145902\/La-cuneta-son-mach%C3%ADn.jpg 300w, https:\/\/d1xxa24wwackpg.cloudfront.net\/wp-content\/uploads\/2017\/05\/07145902\/La-cuneta-son-mach%C3%ADn.jpg 600w\" sizes=\"(max-width: 700px) 100vw, 700px\" \/><\/a><figcaption id=\"caption-attachment-34428\" class=\"wp-caption-text\">Camisas, pantalones y zapatos cortes\u00eda de Tiendas Palm. Pipas disponibles en tienda para fumadores Hookahs Spot Nicaragua. Tirantes y pajaritas cortes\u00eda de Alexander Guti\u00e9rrez. Sesi\u00f3n realizada en el restaurante The Diner, ubicado en Carretera Sur, Managua.<\/figcaption><\/figure>\n<p style=\"text-align: center;\">***<\/p>\n<p>Es el tiempo de Charles Chaplin, de El Gran Gatsby, de Coco Chanel, Al Capone y Ernest Hemingway. Los a\u00f1os 20 fueron una d\u00e9cada f\u00e9rtil para la m\u00fasica, la literatura y la pintura.<\/p>\n<p>En cuanto a estilo, opina la asesora de imagen Marianela Lacayo: Los vestidos \u201ccortos\u201d y de corte recto, con brillos y tocados fueron lo caracter\u00edstico de las mujeres de los a\u00f1os 20, estos vestidos llamados Charleston (que proviene de un baile que naci\u00f3 a principios del siglo XIX en Estados Unidos), influyeron en la moda en toda Europa. Fue un per\u00edodo para desprenderse de las prendas pomposas y embutirse en \u201calgo m\u00e1s c\u00f3modo y que representaba la libertad de la misma (mujer)\u201d, asegura.<br \/>\nLos hombres por su parte llevaban el sombrero Bomb\u00edn, Coke o Derby, que \u201cfue creado a mediados del siglo XIX\u201d, explica Lacayo. Estos surgieron como una alternativa m\u00e1s adecuada \u201cpara montar a caballo\u201d. Artistas los usaban, banqueros los usaban, andaban en las cabezas de todas las clases sociales. Actualmente el bomb\u00edn ha sido rescatado en atuendos \u201cde aires creativos, exc\u00e9ntricos o alternativos\u201d, afirma Lacayo.<\/p>\n<p>En la foto los artistas Otto de la Rocha y Georgina Valdivia, mejor conocidos por sus populares personajes: \u201cAniceto Prieto y la Lupita\u201d<\/p>\n<figure id=\"attachment_34429\" aria-describedby=\"caption-attachment-34429\" style=\"width: 700px\" class=\"wp-caption aligncenter\"><a href=\"https:\/\/gep90.laprensa.com.ni\/magazine\/wp-content\/uploads\/2017\/05\/Otto-de-la-Rocha.jpg\"><img decoding=\"async\" class=\"wp-image-34429 size-full\" src=\"https:\/\/gep90.laprensa.com.ni\/magazine\/wp-content\/uploads\/2017\/05\/Otto-de-la-Rocha.jpg\" alt=\"Otto de la Rocha\" width=\"700\" height=\"1054\" srcset=\"https:\/\/d1xxa24wwackpg.cloudfront.net\/wp-content\/uploads\/2017\/05\/07145901\/Otto-de-la-Rocha.jpg 700w, https:\/\/d1xxa24wwackpg.cloudfront.net\/wp-content\/uploads\/2017\/05\/07145901\/Otto-de-la-Rocha.jpg 199w, https:\/\/d1xxa24wwackpg.cloudfront.net\/wp-content\/uploads\/2017\/05\/07145901\/Otto-de-la-Rocha.jpg 680w, https:\/\/d1xxa24wwackpg.cloudfront.net\/wp-content\/uploads\/2017\/05\/07145901\/Otto-de-la-Rocha.jpg 600w\" sizes=\"(max-width: 700px) 100vw, 700px\" \/><\/a><figcaption id=\"caption-attachment-34429\" class=\"wp-caption-text\">Otto de la Rocha lleva un traje a la medida confeccionado por Jean Pierre Profesional Tayloring &amp; Retoucherie. Los zapatos y camisa son cortes\u00eda de Tiendas Palm. Peinado y maquillaje de Georgina Valdivia, a cargo de Elvis Murillo para Juan Brenes Salon &amp; Instituto de Alta Peluquer\u00eda. Vestido cortes\u00eda de Dise\u00f1os FerAnz. Locaci\u00f3n: Sal\u00f3n de los Cristales, Teatro Nacional Rub\u00e9n Dar\u00edo.<\/figcaption><\/figure>\n<p style=\"text-align: center;\">***<\/p>\n<p>Sacar muelas, extraer sangre del cuerpo de un cliente para \u201caliviarle\u201d dolores insoportables e incluso realizar cirug\u00edas menores eran algunas de las tareas que los barberos desempe\u00f1aban en la antig\u00fcedad. El famoso cilindro erguido afuera de las barber\u00edas, s\u00ed, aquel que parece una barra de caramelo, surgi\u00f3 de los postes en los que el cirujano-barbero enrollaba las vendas sangrientas, aseguran algunas versiones.<\/p>\n<p>Otras dicen que est\u00e1 inspirado en la imagen de un libro que data de 1658 y en el que se ve a un barbero practic\u00e1ndole una flebotom\u00eda a un paciente que en una de las manos tiene un bast\u00f3n con una venda enredada alrededor. En lo que s\u00ed coincide la historia es en que el barbero, desde las sociedades paleol\u00edticas primitivas hasta la Antigua Grecia y Roma, era una persona distinguida y respetada por su autoridad y sabidur\u00eda. Civilizaciones como la egipcia cre\u00edan que \u201cen el cabello resid\u00eda el alma de la gente\u201d y que al afeitarse se purificaban. Cortar el pelo, arreglar barbas y perfumar a los clientes eran funciones de los barberos. Los locales en los que lo hac\u00edan eran puntos de reuni\u00f3n para los hombres que filosofaban sobre temas de diversa \u00edndole.<\/p>\n<figure id=\"attachment_34432\" aria-describedby=\"caption-attachment-34432\" style=\"width: 700px\" class=\"wp-caption aligncenter\"><a href=\"https:\/\/gep90.laprensa.com.ni\/magazine\/wp-content\/uploads\/2017\/05\/Roman-El-Chocolatito-Gonz\u00e1lez.jpg\"><img decoding=\"async\" class=\"wp-image-34432 size-full\" src=\"https:\/\/gep90.laprensa.com.ni\/magazine\/wp-content\/uploads\/2017\/05\/Roman-El-Chocolatito-Gonz\u00e1lez.jpg\" alt=\"Rom\u00e1n &quot;El Chocolatito&quot; Gonz\u00e1lez\" width=\"700\" height=\"651\" srcset=\"https:\/\/d1xxa24wwackpg.cloudfront.net\/wp-content\/uploads\/2017\/05\/07145857\/Roman-El-Chocolatito-Gonz%C3%A1lez.jpg 700w, https:\/\/d1xxa24wwackpg.cloudfront.net\/wp-content\/uploads\/2017\/05\/07145857\/Roman-El-Chocolatito-Gonz%C3%A1lez.jpg 300w, https:\/\/d1xxa24wwackpg.cloudfront.net\/wp-content\/uploads\/2017\/05\/07145857\/Roman-El-Chocolatito-Gonz%C3%A1lez.jpg 600w\" sizes=\"(max-width: 700px) 100vw, 700px\" \/><\/a><figcaption id=\"caption-attachment-34432\" class=\"wp-caption-text\">En la fotograf\u00eda el tricampe\u00f3n de boxeo Rom\u00e1n \u201cEl Chocolatito\u201d Gonz\u00e1lez, en la Barber\u00eda Independencia, fundada en 1962, y ubicada ahora en Monse\u00f1or Lezcano. Pantal\u00f3n y chaleco cortes\u00eda de Jean Pierre Profesional Tayloring &amp; Retoucherie. Zapatos, camisa y corbata disponibles en Tiendas Palm.<\/figcaption><\/figure>\n<p style=\"text-align: center;\">***<\/p>\n<p>Daniel Cerna asegura tener en Managua la \u00fanica r\u00e9plica de una antigua silla para lustrar.La mand\u00f3 a tallar hace 11 a\u00f1os y le cost\u00f3 13,000 c\u00f3rdobas. Afuera del Hotel Intercontinental Metrocentro, Cerna trabaja en un oficio que personajes de la talla del futbolista Pel\u00e9, del expresidente de Brasil, Luiz In\u00e1cio Lula da Silva o del m\u00fasico James Brown han ejercido. Diplom\u00e1ticos, turistas y hasta el popular Clodomiro \u201cEl \u00d1ajo\u201d, que pos\u00f3 para esta edici\u00f3n de Magazine, se han sentado en su silla para darle brillo a sus zapatos.<\/p>\n<figure id=\"attachment_34434\" aria-describedby=\"caption-attachment-34434\" style=\"width: 700px\" class=\"wp-caption aligncenter\"><a href=\"https:\/\/gep90.laprensa.com.ni\/magazine\/wp-content\/uploads\/2017\/05\/Clodomiro-El-\u00d1ajo-y-Daniel-Cerna.jpg\"><img loading=\"lazy\" decoding=\"async\" class=\"wp-image-34434 size-full\" src=\"https:\/\/gep90.laprensa.com.ni\/magazine\/wp-content\/uploads\/2017\/05\/Clodomiro-El-\u00d1ajo-y-Daniel-Cerna.jpg\" alt=\"Clodomiro El \u00d1ajo y Daniel Cerna\" width=\"700\" height=\"465\" srcset=\"https:\/\/d1xxa24wwackpg.cloudfront.net\/wp-content\/uploads\/2017\/05\/07145854\/Clodomiro-El-%C3%91ajo-y-Daniel-Cerna.jpg 700w, https:\/\/d1xxa24wwackpg.cloudfront.net\/wp-content\/uploads\/2017\/05\/07145854\/Clodomiro-El-%C3%91ajo-y-Daniel-Cerna.jpg 300w, https:\/\/d1xxa24wwackpg.cloudfront.net\/wp-content\/uploads\/2017\/05\/07145854\/Clodomiro-El-%C3%91ajo-y-Daniel-Cerna.jpg 600w\" sizes=\"(max-width: 700px) 100vw, 700px\" \/><\/a><figcaption id=\"caption-attachment-34434\" class=\"wp-caption-text\">Clodomiro lleva chaleco y pantal\u00f3n de Jean Pierre Profesional Tayloring &amp; Retoucherie y una boina y camisa cortes\u00eda de Dise\u00f1os FerAnz. Bast\u00f3n de Katia Chavarr\u00eda. La boina es, seg\u00fan la asesora de moda Marianela Lacayo, un art\u00edculo que hoy es \u201cusado por hombres con estilo vintage, por artistas y por hombres con estilos ecl\u00e9cticos\u201d.<\/figcaption><\/figure>\n<p style=\"text-align: center;\">***<\/p>\n<p>\u201cEl blazer es una prenda que existe desde el siglo XVIII, sin embargo, es a partir de 1960 que comienza a llevarse en colores vistosos. Combinados con pantalones de tela y prescindiendo de la corbata, para lo informal\u201d, subraya Marianela Lacayo, asesora de imagen. El blazer tiene su origen en la marina y en los clubes n\u00e1uticos, aseguran expertos. Los botones met\u00e1licos y el corte m\u00e1s casual le dan el toque sport y relajado.<\/p>\n<figure id=\"attachment_34437\" aria-describedby=\"caption-attachment-34437\" style=\"width: 700px\" class=\"wp-caption aligncenter\"><a href=\"https:\/\/gep90.laprensa.com.ni\/magazine\/wp-content\/uploads\/2017\/05\/Jos\u00e9-Ram\u00f3n-Quintanilla.jpg\"><img loading=\"lazy\" decoding=\"async\" class=\"wp-image-34437 size-full\" src=\"https:\/\/gep90.laprensa.com.ni\/magazine\/wp-content\/uploads\/2017\/05\/Jos\u00e9-Ram\u00f3n-Quintanilla.jpg\" alt=\"comediante, Jos\u00e9 Ram\u00f3n Quintanilla\" width=\"700\" height=\"558\" srcset=\"https:\/\/d1xxa24wwackpg.cloudfront.net\/wp-content\/uploads\/2017\/05\/07145853\/Jos%C3%A9-Ram%C3%B3n-Quintanilla.jpg 700w, https:\/\/d1xxa24wwackpg.cloudfront.net\/wp-content\/uploads\/2017\/05\/07145853\/Jos%C3%A9-Ram%C3%B3n-Quintanilla.jpg 300w, https:\/\/d1xxa24wwackpg.cloudfront.net\/wp-content\/uploads\/2017\/05\/07145853\/Jos%C3%A9-Ram%C3%B3n-Quintanilla.jpg 600w\" sizes=\"(max-width: 700px) 100vw, 700px\" \/><\/a><figcaption id=\"caption-attachment-34437\" class=\"wp-caption-text\">En la fotograf\u00eda, el comediante Jos\u00e9 Ram\u00f3n Quintanilla, del famoso show de parodias INN, que se difunde ahora en el canal de YouTube: INN REY Y J.R. J.R., lleva blazer, chaleco, camisa y pantal\u00f3n de Jean Pierre Profesional Tayloring &amp; Retoucherie. El autom\u00f3vil a su par es un Mercedes Benz 190SL, a\u00f1o 1960, de la colecci\u00f3n privada de autos cl\u00e1sicos de Mario Salvo Horvilleur.<\/figcaption><\/figure>\n<p style=\"text-align: center;\">***<\/p>\n<p>Bast\u00f3n. Sombrero. Chaleco. Huele a \u201cgentleman\u201d, a dandi. Este \u00faltimo, un \u201chombre sofisticado y con gran sentido de la moda\u201d luc\u00eda estos tres art\u00edculos como lo hace el m\u00fasico Alejandro Mej\u00eda en esta foto.<\/p>\n<p>\u201cActualmente el hombre ha prescindido del uso del sombrero, aunque otros dise\u00f1os son llevados por los seguidores de la moda. El chaleco vuelve a tomar terreno en la moda y se lleva sobre todo de manera informal. Y el bast\u00f3n ha pasado a ser una pieza o complemento de necesidad m\u00e1s que est\u00e9tico\u201d, explica la asesora de imagen Marianela Lacayo. El sombrero hoy ha desfilado en pasarelas de marcas como Moschino, Monarchy o Z Zegna. Los intr\u00e9pidos los usan. Un fedora o un bomb\u00edn. Con corbata o pajarita.<\/p>\n<figure id=\"attachment_34439\" aria-describedby=\"caption-attachment-34439\" style=\"width: 700px\" class=\"wp-caption aligncenter\"><a href=\"https:\/\/gep90.laprensa.com.ni\/magazine\/wp-content\/uploads\/2017\/05\/Alejandro-Maj\u00eda.jpg\"><img loading=\"lazy\" decoding=\"async\" class=\"wp-image-34439 size-full\" src=\"https:\/\/gep90.laprensa.com.ni\/magazine\/wp-content\/uploads\/2017\/05\/Alejandro-Maj\u00eda.jpg\" alt=\"Alejandro Mej\u00eda\" width=\"700\" height=\"531\" srcset=\"https:\/\/d1xxa24wwackpg.cloudfront.net\/wp-content\/uploads\/2017\/05\/07145851\/Alejandro-Maj%C3%ADa.jpg 700w, https:\/\/d1xxa24wwackpg.cloudfront.net\/wp-content\/uploads\/2017\/05\/07145851\/Alejandro-Maj%C3%ADa.jpg 300w, https:\/\/d1xxa24wwackpg.cloudfront.net\/wp-content\/uploads\/2017\/05\/07145851\/Alejandro-Maj%C3%ADa.jpg 600w\" sizes=\"(max-width: 700px) 100vw, 700px\" \/><\/a><figcaption id=\"caption-attachment-34439\" class=\"wp-caption-text\">Alejandro Mej\u00eda, vocalista de las bandas CPU, Grupo Armado y Carga Cerrada, lleva zapatos y camisa cortes\u00eda de Tiendas Palm. Pantal\u00f3n y chaleco confeccionados a su medida por Jean Pierre Profesional Tayloring &amp; Retoucherie. Locaci\u00f3n: Sala Mayor, Teatro Nacional Rub\u00e9n Dar\u00edo.<\/figcaption><\/figure>\n","protected":false},"excerpt":{"rendered":"<p>Magazine se impuso un reto: lograr que doce artistas nicarag\u00fcenses, a los que no solemos ver de etiqueta, se enfundaran trajes a la medida y con actitud, escenarios y utiler\u00eda se trasladaran a otras \u00e9pocas. Este es el resultado.<\/p>\n","protected":false},"author":46,"featured_media":34443,"comment_status":"open","ping_status":"open","sticky":false,"template":"","format":"standard","meta":{"_acf_changed":false,"footnotes":""},"categories":[26],"tags":[72],"class_list":["post-34422","post","type-post","status-publish","format-standard","has-post-thumbnail","hentry","category-reportajes","tag-moda"],"acf":[],"_links":{"self":[{"href":"https:\/\/staging.laprensanic.com\/magazine\/wp-json\/wp\/v2\/posts\/34422","targetHints":{"allow":["GET"]}}],"collection":[{"href":"https:\/\/staging.laprensanic.com\/magazine\/wp-json\/wp\/v2\/posts"}],"about":[{"href":"https:\/\/staging.laprensanic.com\/magazine\/wp-json\/wp\/v2\/types\/post"}],"author":[{"embeddable":true,"href":"https:\/\/staging.laprensanic.com\/magazine\/wp-json\/wp\/v2\/users\/46"}],"replies":[{"embeddable":true,"href":"https:\/\/staging.laprensanic.com\/magazine\/wp-json\/wp\/v2\/comments?post=34422"}],"version-history":[{"count":11,"href":"https:\/\/staging.laprensanic.com\/magazine\/wp-json\/wp\/v2\/posts\/34422\/revisions"}],"predecessor-version":[{"id":51521,"href":"https:\/\/staging.laprensanic.com\/magazine\/wp-json\/wp\/v2\/posts\/34422\/revisions\/51521"}],"wp:featuredmedia":[{"embeddable":true,"href":"https:\/\/staging.laprensanic.com\/magazine\/wp-json\/wp\/v2\/media\/34443"}],"wp:attachment":[{"href":"https:\/\/staging.laprensanic.com\/magazine\/wp-json\/wp\/v2\/media?parent=34422"}],"wp:term":[{"taxonomy":"category","embeddable":true,"href":"https:\/\/staging.laprensanic.com\/magazine\/wp-json\/wp\/v2\/categories?post=34422"},{"taxonomy":"post_tag","embeddable":true,"href":"https:\/\/staging.laprensanic.com\/magazine\/wp-json\/wp\/v2\/tags?post=34422"}],"curies":[{"name":"wp","href":"https:\/\/api.w.org\/{rel}","templated":true}]}}