{"id":34593,"date":"2014-02-09T14:41:44","date_gmt":"2014-02-09T20:41:44","guid":{"rendered":"https:\/\/www.magazine.com.ni\/?p=34593"},"modified":"2018-10-02T22:42:40","modified_gmt":"2018-10-02T22:42:40","slug":"el-clan-mairena-2","status":"publish","type":"post","link":"https:\/\/staging.laprensanic.com\/magazine\/reportajes\/el-clan-mairena-2\/","title":{"rendered":"El clan Mairena"},"content":{"rendered":"<p style=\"text-align: center;\">El coraz\u00f3n se acelera, las manos tiemblan, la adrenalina recorre el cuerpo. Javier \u201cRapidito\u201d Mairena se entreg\u00f3 a su pasi\u00f3n, el motocross. Y arrastr\u00f3 con \u00e9l a sus quince hijos y nietos<\/p>\n<p style=\"text-align: center;\"><strong>Por Dora Luz Romero<\/strong><\/p>\n<p>La vida de los Mairena bien podr\u00eda resumirse en una sola palabra: motocicleta. Se divierten con ellas, haciendo deporte; las utilizan para movilizarse y venden los repuestos, con que se han mantenido durante 28 a\u00f1os. Las motocicletas les han dado sus mayores alegr\u00edas, como la de ganar campeonatos nacionales, pero tambi\u00e9n la tristeza m\u00e1s grande, que uno de ellos haya quedado con una lesi\u00f3n cerebral debido a un accidente.<\/p>\n<p>Los Mairena son una familia grande. Javier \u201cRapidito\u201d Mairena, de 54 a\u00f1os, tiene 15 hijos, 11 varones y 4 mujeres. El mayor de 34 a\u00f1os y el menor de a\u00f1o y medio, a todos los ha criado \u00e9l y absolutamente todos han manejado motos. El que diga que no, miente.<\/p>\n<p>Crecieron escuchando el rugido de las motos y esa pasi\u00f3n se ha convertido en una tradici\u00f3n familiar. \u201cPara m\u00ed el motocross es lo mejor que mi pap\u00e1 me ha ense\u00f1ado en la vida\u201d, dice Javier (hijo).<\/p>\n<p>Hubo un momento, asegura don Javier, que hab\u00eda siete integrantes de la familia corriendo en los campeonatos, ahora solamente hay cuatro. Y aunque en la pista les toque competir entre ellos, al final, celebran las victorias y sufren las derrotas juntos, porque aunque los t\u00edtulos son personales, ellos buscan poner en alto un nombre: Los Mairena.<\/p>\n<p style=\"text-align: center;\">***<\/p>\n<p>22 de octubre de 2005. S\u00e1bado. Pista Parque Extremo de la UNAN. El d\u00eda est\u00e1 soleado y los Mairena practican previo al Campeonato Nacional de Motocross. Est\u00e1n Javier Mairena y sus dos hijos, Alexander, de 18 a\u00f1os y Clark, de 19 a\u00f1os.<\/p>\n<p>Listos, en el punto de arranque, van a la primera vuelta. Ambos aceleran y detr\u00e1s de ellos sale su pap\u00e1.<\/p>\n<p>De pronto un bache en la pista impulsa a Alexander, no logra controlar la moto y se va de boca, cae de cabeza.<\/p>\n<p>Clark detiene su moto, su pap\u00e1 tambi\u00e9n. Se bajan y corren desesperados hacia \u00e9l. \u201cUna ca\u00edda m\u00e1s\u201d, pensaron primero, pero cuando lo vieron el panorama fue otro. Alexander est\u00e1 en posici\u00f3n fetal, con los ojos volteados, en blanco, ha perdido el conocimiento.<\/p>\n<p>Javier Mairena revive aquella escena una y otra vez. Lleva ocho a\u00f1os haci\u00e9ndolo y tiene la sensaci\u00f3n que ocurri\u00f3 ayer. Ese, confiesa, ha sido el momento m\u00e1s triste de su vida y del resto de sus hijos tambi\u00e9n. Ese d\u00eda, casi se vuelve loco. \u201cLa mente se me perdi\u00f3\u201d, recuerda.<\/p>\n<p>Lesi\u00f3n cerebral fue el diagn\u00f3stico. A Alexander se le practic\u00f3 una traqueotom\u00eda. No puede hablar y pasa sus d\u00edas en una silla de ruedas, sin embargo no deja de escuchar con asombro las historias de su pap\u00e1. Tampoco ha dejado de irlo a ver cada vez que corre.<\/p>\n<p>\u201cYo s\u00e9 que este es un deporte extremo, fui criticado, pero nosotros seguimos corriendo. En la calle tambi\u00e9n hay accidentes, esto es as\u00ed. Fue dif\u00edcil, este ni\u00f1o ten\u00eda amigos, estudiaba, pero se le termin\u00f3 todo y qued\u00f3 solo conmigo\u201d, explica. Y Alexander asiente con la cabeza.<\/p>\n<p>La historia del motociclismo en esta familia comienza en Matagalpa, all\u00e1 por los a\u00f1os setenta. Javier Mairena era un ni\u00f1o de poco m\u00e1s de diez a\u00f1os. Por las tardes agarraba su bicicleta para subir y bajar los cerros, ese fue su primer encuentro con la velocidad. Sent\u00eda c\u00f3mo la adrenalina le recorr\u00eda el cuerpo, de los pies a la cabeza. Despu\u00e9s fij\u00f3 su atenci\u00f3n en las motos y pag\u00f3 para que le ense\u00f1aran a manejar una.<\/p>\n<p>Los padres de Mairena fallecieron cuando \u00e9l era joven a\u00fan. Ten\u00eda 13 a\u00f1os cuando muri\u00f3 su pap\u00e1 y 18 cuando muri\u00f3 su mam\u00e1. Ella, hab\u00eda salido junto a sus cuatro hijos de Matagalpa para vivir en la capital, donde trabajaba.<\/p>\n<p>Falt\u00e1ndole sus padres, Mairena tuvo que comenzar a trabajar. Encontr\u00f3 un trabajo de mensajero. A bordo de su moto recorr\u00eda Managua de norte a sur y de este a oeste. \u201cAh\u00ed es donde me empiezan a decir \u2018Rapidito\u2019 porque hac\u00eda todo m\u00e1s r\u00e1pido que el resto\u201d, cuenta.<\/p>\n<p>Supo que las motos eran lo suyo. \u201cComenc\u00e9 a correr en velocidad en el a\u00f1o 78 o 79, me gustaba lo m\u00e1s extremo que es el motocross y comenzamos en los a\u00f1os ochenta en Xilo\u00e1\u201d, recuerda.<\/p>\n<p>Eran pocos los que practicaban este deporte para entonces, bien se pod\u00edan contar con los dedos de la mano.<\/p>\n<p>\u201cJavier es una leyenda del motocross. Es un l\u00edder del motociclismo nicarag\u00fcense y toda esa experiencia se la ha transmitido a sus hijos y nietos, y lo ha convertido en una tradici\u00f3n familiar\u201d, dice Walter Lara, presidente de la Federaci\u00f3n Nicarag\u00fcense de Motociclismo.<\/p>\n<figure id=\"attachment_34595\" aria-describedby=\"caption-attachment-34595\" style=\"width: 700px\" class=\"wp-caption aligncenter\"><a href=\"https:\/\/www.laprensa.com.ni\/magazine\/wp-content\/uploads\/2017\/05\/Javier-Mairena.jpg\"><img fetchpriority=\"high\" decoding=\"async\" class=\"wp-image-34595 size-full\" src=\"https:\/\/www.laprensa.com.ni\/magazine\/wp-content\/uploads\/2017\/05\/Javier-Mairena.jpg\" alt=\"Javier Mairena\" width=\"700\" height=\"464\" srcset=\"https:\/\/d1xxa24wwackpg.cloudfront.net\/wp-content\/uploads\/2017\/05\/07145743\/Javier-Mairena.jpg 700w, https:\/\/d1xxa24wwackpg.cloudfront.net\/wp-content\/uploads\/2017\/05\/07145743\/Javier-Mairena.jpg 300w, https:\/\/d1xxa24wwackpg.cloudfront.net\/wp-content\/uploads\/2017\/05\/07145743\/Javier-Mairena.jpg 600w\" sizes=\"(max-width: 700px) 100vw, 700px\" \/><\/a><figcaption id=\"caption-attachment-34595\" class=\"wp-caption-text\">Javier \u00abRapidito\u00bb Mairena incursion\u00f3 en el motocross en los a\u00f1os ochenta. Actualmente, junto a sus hijos, adem\u00e1s de participar en los campeonatos de motocross participa en motovelocidad sobre tierra. Al centro de la imagen, Mairena con el n\u00famero 45.<\/figcaption><\/figure>\n<p style=\"text-align: center;\">***<\/p>\n<p>Mairena es bajito, risue\u00f1o y arrastra un poco el pie derecho para caminar. Las incontables ca\u00eddas en la moto, las quemadas, las cinco quebraduras, y los 54 a\u00f1os que lleva encima, se r\u00ede, \u201cme tienen caminando como ping\u00fcino\u201d.<\/p>\n<p>Sus hijos se carcajean, saben que es cierto lo que dice, pero en su defensa sale Clark. \u201cPero viera los d\u00edas que toca carrera. Camina bien, ah\u00ed se le olvida todo, se anima\u201d.<\/p>\n<p>Javier Mairena no piensa en retirarse y tampoco en que sus hijos se salgan de este mundo. Es as\u00ed, rodeado de motos como aprendieron a vivir. Es m\u00e1s, ya ha comenzado a cultivar a sus nietos. \u201cYa tengo siete nietos, pronto los vamos a meter\u201d, dice. El presidente de la Federaci\u00f3n Nicarag\u00fcense de Motociclismo aplaude la labor de Mairena y ese amor al motocross y las motocicletas que ha logrado transmitir a sus hijos. Pero adem\u00e1s al resto de deportistas.<\/p>\n<p>\u201cYo considero que \u00e9l juega un rol motivador hacia el resto de corredores. Ganarle a \u00e9l es un reto, es duro, es un veterano. L\u00f3gicamente la edad no perdona, pero \u00e9l mantiene un esp\u00edritu juvenil en las competencias\u201d.<\/p>\n<p>Clark queda viendo a su pap\u00e1, le ve las arrugas, las canas escondidas bajo un tinte y reflexiona: \u201cEsto es lo que lo mantiene vivo a \u00e9l. Si deja el motocross \u2018el viejo\u2019 \u2014como le llaman de cari\u00f1o\u2014 se nos muere\u201d.<\/p>\n<p>15<\/p>\n<p>hijos tiene Javier \u201cRapidito\u201d Mairena. Todos ellos en alg\u00fan momento de su vida han andado en moto.<br \/>\n4<\/p>\n<p>tiendas de venta de repuestos para motos tienen en el pa\u00eds. Managua, Matagalpa, Juigalpa y Bluefields. Pronto, dicen, abrir\u00e1n en S\u00e9baco y Masaya. Todas bajo el nombre de \u201cRapidito Mairena\u201d y a cargo de sus hijos.<\/p>\n<h4>Deporte caro<\/h4>\n<p>El motocross, explica Mairena, es un deporte caro y con muy poco apoyo econ\u00f3mico en el pa\u00eds. Seg\u00fan cuenta, son raros y contados los patrocinadores y a diferencia del futbol y el beisbol donde los deportistas ganan dinero, en el motocross no. \u201cEsto no te da ni un peso, lo hacemos por pasi\u00f3n, como un hobby\u201d, dice Julio, hijo de Mairena. Una moto, calculan, puede costar unos 8 mil d\u00f3lares, pero a veces encuentran usadas que van de 2 mil d\u00f3lares para arriba. Los Mairena costean sus equipos, gasolina, uniformes.<\/p>\n<blockquote><p><a href=\"https:\/\/www.laprensa.com.ni\/magazine\/wp-content\/uploads\/2017\/05\/Walter-Lara.jpg\"><img decoding=\"async\" class=\"aligncenter wp-image-34594 size-medium\" src=\"https:\/\/www.laprensa.com.ni\/magazine\/wp-content\/uploads\/2017\/05\/Walter-Lara-293x300.jpg\" alt=\"Walter Lara\" width=\"293\" height=\"300\" srcset=\"https:\/\/d1xxa24wwackpg.cloudfront.net\/wp-content\/uploads\/2017\/05\/07145744\/Walter-Lara.jpg 293w, https:\/\/d1xxa24wwackpg.cloudfront.net\/wp-content\/uploads\/2017\/05\/07145744\/Walter-Lara.jpg 24w, https:\/\/d1xxa24wwackpg.cloudfront.net\/wp-content\/uploads\/2017\/05\/07145744\/Walter-Lara.jpg 48w, https:\/\/d1xxa24wwackpg.cloudfront.net\/wp-content\/uploads\/2017\/05\/07145744\/Walter-Lara.jpg 600w, https:\/\/d1xxa24wwackpg.cloudfront.net\/wp-content\/uploads\/2017\/05\/07145744\/Walter-Lara.jpg 700w\" sizes=\"(max-width: 293px) 100vw, 293px\" \/><\/a><\/p><\/blockquote>\n<p style=\"text-align: center;\">\u201c\u2018Rapidito\u2019 es una leyenda del motocross y ha transmitido toda su experiencia a sus hijos y hasta nietos, ha establecido una tradici\u00f3n familiar\u201d.<\/p>\n<p style=\"text-align: center;\">Walter Lara, presidente de la Federaci\u00f3n Nicarag\u00fcense de Motociclismo (Fenimoto).<\/p>\n","protected":false},"excerpt":{"rendered":"<p>El coraz\u00f3n se acelera, las manos tiemblan, la adrenalina recorre el cuerpo. Javier \u201cRapidito\u201d Mairena se entreg\u00f3 a su pasi\u00f3n, el motocross. Y arrastr\u00f3 con \u00e9l a sus quince hijos y nietos<\/p>\n","protected":false},"author":46,"featured_media":34597,"comment_status":"open","ping_status":"open","sticky":false,"template":"","format":"standard","meta":{"_acf_changed":false,"footnotes":""},"categories":[26],"tags":[],"class_list":["post-34593","post","type-post","status-publish","format-standard","has-post-thumbnail","hentry","category-reportajes"],"acf":[],"_links":{"self":[{"href":"https:\/\/staging.laprensanic.com\/magazine\/wp-json\/wp\/v2\/posts\/34593","targetHints":{"allow":["GET"]}}],"collection":[{"href":"https:\/\/staging.laprensanic.com\/magazine\/wp-json\/wp\/v2\/posts"}],"about":[{"href":"https:\/\/staging.laprensanic.com\/magazine\/wp-json\/wp\/v2\/types\/post"}],"author":[{"embeddable":true,"href":"https:\/\/staging.laprensanic.com\/magazine\/wp-json\/wp\/v2\/users\/46"}],"replies":[{"embeddable":true,"href":"https:\/\/staging.laprensanic.com\/magazine\/wp-json\/wp\/v2\/comments?post=34593"}],"version-history":[{"count":9,"href":"https:\/\/staging.laprensanic.com\/magazine\/wp-json\/wp\/v2\/posts\/34593\/revisions"}],"predecessor-version":[{"id":44755,"href":"https:\/\/staging.laprensanic.com\/magazine\/wp-json\/wp\/v2\/posts\/34593\/revisions\/44755"}],"wp:featuredmedia":[{"embeddable":true,"href":"https:\/\/staging.laprensanic.com\/magazine\/wp-json\/wp\/v2\/media\/34597"}],"wp:attachment":[{"href":"https:\/\/staging.laprensanic.com\/magazine\/wp-json\/wp\/v2\/media?parent=34593"}],"wp:term":[{"taxonomy":"category","embeddable":true,"href":"https:\/\/staging.laprensanic.com\/magazine\/wp-json\/wp\/v2\/categories?post=34593"},{"taxonomy":"post_tag","embeddable":true,"href":"https:\/\/staging.laprensanic.com\/magazine\/wp-json\/wp\/v2\/tags?post=34593"}],"curies":[{"name":"wp","href":"https:\/\/api.w.org\/{rel}","templated":true}]}}