{"id":34634,"date":"2013-03-10T15:34:33","date_gmt":"2013-03-10T21:34:33","guid":{"rendered":"https:\/\/www.magazine.com.ni\/?p=34634"},"modified":"2018-10-03T17:14:06","modified_gmt":"2018-10-03T17:14:06","slug":"el-turista-70-anos-atras","status":"publish","type":"post","link":"https:\/\/staging.laprensanic.com\/magazine\/reportajes\/el-turista-70-anos-atras\/","title":{"rendered":"El turista, 70 a\u00f1os atr\u00e1s"},"content":{"rendered":"<p style=\"text-align: center;\">En los a\u00f1os 30, una gu\u00eda tur\u00edstica dedic\u00f3 sus p\u00e1ginas a mostrar el recorrido que deb\u00eda seguir un turista en Granada, los lugares a visitar. Setenta a\u00f1os despu\u00e9s, Magazine hizo la ruta y esto encontr\u00f3<\/p>\n<p style=\"text-align: center;\"><strong>Por Dora Luz Romero<\/strong><\/p>\n<p>Cuesta caminar por las calles de la Granada de los a\u00f1os treinta. Es ver otra ciudad. Es cambiar las calles asfaltadas por las de tierra, es olvidarse del tr\u00e1fico e imaginar m\u00e1s carruajes y carretas, es escuchar el pitido del ferrocarril que se acerca a la estaci\u00f3n.<\/p>\n<p>Ah\u00ed est\u00e1 usted. En una ciudad peque\u00f1a y silenciosa donde avanza por los caminos acompa\u00f1ado de casitas de adobe y techos de teja, donde en las zonas m\u00e1s c\u00e9ntricas puede admirar los edificios con historia colonial. En una ciudad que est\u00e1 conectada al mundo por el ferrocarril y ese gran lago dibujado en su lado este.<\/p>\n<p>Esa, es la Granada que recorrer\u00e1 hoy, acompa\u00f1ado por Magazine. La Granada para el turista de 1939, un recorrido propuesto por la Gu\u00eda Tur\u00edstica ilustrada de ese a\u00f1o.<\/p>\n<p style=\"text-align: center;\">***<\/p>\n<figure id=\"attachment_34635\" aria-describedby=\"caption-attachment-34635\" style=\"width: 700px\" class=\"wp-caption aligncenter\"><a href=\"https:\/\/www.laprensa.com.ni\/magazine\/wp-content\/uploads\/2017\/05\/Estaci\u00f3n-del-Ferrocarril-en-Granada.jpg\"><img fetchpriority=\"high\" decoding=\"async\" class=\"wp-image-34635 size-full\" src=\"https:\/\/www.laprensa.com.ni\/magazine\/wp-content\/uploads\/2017\/05\/Estaci\u00f3n-del-Ferrocarril-en-Granada.jpg\" alt=\"Estaci\u00f3n de Ferrocarril en Granada\" width=\"700\" height=\"258\" srcset=\"https:\/\/d1xxa24wwackpg.cloudfront.net\/wp-content\/uploads\/2017\/05\/07145726\/Estaci%C3%B3n-del-Ferrocarril-en-Granada.jpg 700w, https:\/\/d1xxa24wwackpg.cloudfront.net\/wp-content\/uploads\/2017\/05\/07145726\/Estaci%C3%B3n-del-Ferrocarril-en-Granada.jpg 300w, https:\/\/d1xxa24wwackpg.cloudfront.net\/wp-content\/uploads\/2017\/05\/07145726\/Estaci%C3%B3n-del-Ferrocarril-en-Granada.jpg 600w\" sizes=\"(max-width: 700px) 100vw, 700px\" \/><\/a><figcaption id=\"caption-attachment-34635\" class=\"wp-caption-text\">En este sitio, que era la Estaci\u00f3n del Ferrocarril, ahora funciona una escuela taller donde se imparten clases de carpinter\u00eda, cocina, entre otros.<\/figcaption><\/figure>\n<p>Consiga un veh\u00edculo y expl\u00edquele al conductor que planea recorrer la ciudad. Le cobrar\u00e1 cinco c\u00f3rdobas por hora. Su viaje con certeza se llevar\u00e1 m\u00e1s que eso, quiz\u00e1s unas dos horas a paso ligero, o m\u00e1s si decide irse bajando por cada lugar. Tambi\u00e9n puede hacer el recorrido a pie, pero le tomar\u00e1 mucho m\u00e1s tiempo.<\/p>\n<p>P\u00eddale al conductor que lo lleve a la Estaci\u00f3n del Ferrocarril, que queda al extremo norte de la Avenida Central, que en la ciudad de ahora se le conoce como La Atravesada. Ah\u00ed, comienza el paseo.<\/p>\n<p>B\u00e1jese del carro para que pueda ver c\u00f3mo es el mundo ah\u00ed dentro.<\/p>\n<p>En la Estaci\u00f3n, la vida se mueve al ritmo de la m\u00e1quina de vapor. A su llegada, los pasajeros bajan y un enjambre de vendedores se acerca para ofrecer frescos, golosinas, raspados, pan. All\u00ed, cerca de los vagones de carga, los hombres suben los sacos de caf\u00e9 que salen de las fincas cafetaleras del volc\u00e1n Mombacho. Los viajeros son recibidos o despedidos por sus familiares, y los cocheros esperan atentos para llevarlos por diez o quince centavos hacia su destino. A la salida del tren, la Estaci\u00f3n vuelve a ser el mismo lugar, silencioso y vac\u00edo.<\/p>\n<p>De esa estaci\u00f3n convulsionada, queda muy poco en la actualidad. Est\u00e1 el edificio, los rieles y un par de vagones, justo lo necesario para armar la escena que se les vende a los turistas de ahora, para que no quepa duda de que ah\u00ed qued\u00f3 la Estaci\u00f3n. En lugar de viajeros, entran y salen estudiantes que buscan prepararse en alba\u00f1iler\u00eda, carpinter\u00eda, cocina.<\/p>\n<p>Pero regresemos a los treinta. Suba al auto y vaya por la carretera que lo lleva a la costa del lago. Hay poco ajetreo en las calles, y ser\u00eda una rareza encontrarse otro carro sobre la marcha. En esta ciudad, la de 1939, hay apenas 21 autom\u00f3viles particulares y seis dedicados al comercio.<\/p>\n<p>Hace sol, pica sobre la piel, pero mientras se avanza llega la brisa del lago que da la sensaci\u00f3n de frescura.<\/p>\n<p>A mano izquierda, un jard\u00edn hermoso, abundante, le da la bienvenida y as\u00ed uno se da cuenta que ha llegado al siguiente destino: el Colegio Centro Am\u00e9rica. Es un edificio grande donde unos 300 alumnos de todo el pa\u00eds permanecen internos. Mientras se avanza rumbo al edificio, se observa a uno de los padres jesuitas vestido de sotana negra que camina por el pasillo, de un lado a otro. Frente a \u00e9l los estudiantes impecablemente formados en fila escuchan las orientaciones. Mientras \u00e9l habla bien se pueden recorrer las instalaciones, el gimnasio, una nutrida biblioteca y el museo de este centro que es considerado uno de los mejores de Am\u00e9rica Central. Para terminar, nunca est\u00e1 de m\u00e1s una pl\u00e1tica con los jesuitas.<\/p>\n<p>En la Granada del 2013 no existe el Colegio Centro Am\u00e9rica. El edificio, que se parti\u00f3 en dos, en una parte funciona el Instituto Tecnol\u00f3gico Nacional (Intecna) y la otra est\u00e1 en abandono. El jard\u00edn desapareci\u00f3, solamente quedan unas palmeras que se mueven con la fuerza del viento que llega del lago.<\/p>\n<p>Vuelva a 1939. Al salir, siga recto sobre la calle de la costa del lago, ver\u00e1 la Planta de Energ\u00eda El\u00e9ctrica y si baja sobre la playa, un par de pasos despu\u00e9s la F\u00e1brica de Hielo. Dos sitios que m\u00e1s adelante solo los m\u00e1s viejos podr\u00e1n dar fe de que un d\u00eda estuvieron ah\u00ed.<\/p>\n<p>Avance sobre la costa del lago. Los \u00e1rboles se sacuden al vaiv\u00e9n del viento y desde ah\u00ed se divisa el muelle y la bodega del puerto. Siempre hay gente ah\u00ed, que se embarca a San Carlos, R\u00edo San Juan o que manda cajas y encomiendas. Un poco m\u00e1s al fondo los ni\u00f1os chapotean en el lago y sus madres sentadas a la orilla los divisan. Ese es el lugar preferido de los granadinos.<\/p>\n<p style=\"text-align: center;\">***<\/p>\n<div id='gallery-1' class='gallery galleryid-34634 gallery-columns-3 gallery-size-thumbnail'><figure class='gallery-item'>\n\t\t\t<div class='gallery-icon landscape'>\n\t\t\t\t<a href='https:\/\/staging.laprensanic.com\/magazine\/reportajes\/el-turista-70-anos-atras\/attachment\/hospital-san-juan-de-dios-granada\/'><img decoding=\"async\" width=\"150\" height=\"150\" src=\"https:\/\/d1xxa24wwackpg.cloudfront.net\/wp-content\/uploads\/2017\/05\/07145725\/Hospital-San-Juan-de-Dios-Granada.jpg\" class=\"attachment-thumbnail size-thumbnail\" alt=\"Hospital San Juan de Dios, Granada\" aria-describedby=\"gallery-1-34636\" srcset=\"https:\/\/d1xxa24wwackpg.cloudfront.net\/wp-content\/uploads\/2017\/05\/07145725\/Hospital-San-Juan-de-Dios-Granada.jpg 150w, https:\/\/d1xxa24wwackpg.cloudfront.net\/wp-content\/uploads\/2017\/05\/07145725\/Hospital-San-Juan-de-Dios-Granada.jpg 24w, https:\/\/d1xxa24wwackpg.cloudfront.net\/wp-content\/uploads\/2017\/05\/07145725\/Hospital-San-Juan-de-Dios-Granada.jpg 48w, https:\/\/d1xxa24wwackpg.cloudfront.net\/wp-content\/uploads\/2017\/05\/07145725\/Hospital-San-Juan-de-Dios-Granada.jpg 96w, https:\/\/d1xxa24wwackpg.cloudfront.net\/wp-content\/uploads\/2017\/05\/07145725\/Hospital-San-Juan-de-Dios-Granada.jpg 300w, https:\/\/d1xxa24wwackpg.cloudfront.net\/wp-content\/uploads\/2017\/05\/07145725\/Hospital-San-Juan-de-Dios-Granada.jpg 100w\" sizes=\"(max-width: 150px) 100vw, 150px\" \/><\/a>\n\t\t\t<\/div>\n\t\t\t\t<figcaption class='wp-caption-text gallery-caption' id='gallery-1-34636'>\n\t\t\t\tEl Hospital San Juan de Dios es uno de los sitios hist\u00f3ricos que los turistas visitan cuando llegan a Granada. As\u00ed luce ahora.\n\t\t\t\t<\/figcaption><\/figure><figure class='gallery-item'>\n\t\t\t<div class='gallery-icon landscape'>\n\t\t\t\t<a href='https:\/\/staging.laprensanic.com\/magazine\/reportajes\/el-turista-70-anos-atras\/attachment\/152316-3\/'><img decoding=\"async\" width=\"150\" height=\"150\" src=\"https:\/\/d1xxa24wwackpg.cloudfront.net\/wp-content\/uploads\/2017\/05\/07145724\/152316-3.jpg\" class=\"attachment-thumbnail size-thumbnail\" alt=\"\" aria-describedby=\"gallery-1-34637\" srcset=\"https:\/\/d1xxa24wwackpg.cloudfront.net\/wp-content\/uploads\/2017\/05\/07145724\/152316-3.jpg 150w, https:\/\/d1xxa24wwackpg.cloudfront.net\/wp-content\/uploads\/2017\/05\/07145724\/152316-3.jpg 24w, https:\/\/d1xxa24wwackpg.cloudfront.net\/wp-content\/uploads\/2017\/05\/07145724\/152316-3.jpg 48w, https:\/\/d1xxa24wwackpg.cloudfront.net\/wp-content\/uploads\/2017\/05\/07145724\/152316-3.jpg 96w, https:\/\/d1xxa24wwackpg.cloudfront.net\/wp-content\/uploads\/2017\/05\/07145724\/152316-3.jpg 300w, https:\/\/d1xxa24wwackpg.cloudfront.net\/wp-content\/uploads\/2017\/05\/07145724\/152316-3.jpg 100w\" sizes=\"(max-width: 150px) 100vw, 150px\" \/><\/a>\n\t\t\t<\/div>\n\t\t\t\t<figcaption class='wp-caption-text gallery-caption' id='gallery-1-34637'>\n\t\t\t\tAs\u00ed luc\u00eda antes el Hospital San Juan de Dios\n\t\t\t\t<\/figcaption><\/figure><figure class='gallery-item'>\n\t\t\t<div class='gallery-icon landscape'>\n\t\t\t\t<a href='https:\/\/staging.laprensanic.com\/magazine\/reportajes\/el-turista-70-anos-atras\/attachment\/antiguo-colegio-centro-america-granada\/'><img loading=\"lazy\" decoding=\"async\" width=\"150\" height=\"150\" src=\"https:\/\/d1xxa24wwackpg.cloudfront.net\/wp-content\/uploads\/2017\/05\/07145723\/Antiguo-Colegio-Centro-Am%C3%A9rica-Granada.jpg\" class=\"attachment-thumbnail size-thumbnail\" alt=\"\" aria-describedby=\"gallery-1-34638\" srcset=\"https:\/\/d1xxa24wwackpg.cloudfront.net\/wp-content\/uploads\/2017\/05\/07145723\/Antiguo-Colegio-Centro-Am%C3%A9rica-Granada.jpg 150w, https:\/\/d1xxa24wwackpg.cloudfront.net\/wp-content\/uploads\/2017\/05\/07145723\/Antiguo-Colegio-Centro-Am%C3%A9rica-Granada.jpg 24w, https:\/\/d1xxa24wwackpg.cloudfront.net\/wp-content\/uploads\/2017\/05\/07145723\/Antiguo-Colegio-Centro-Am%C3%A9rica-Granada.jpg 48w, https:\/\/d1xxa24wwackpg.cloudfront.net\/wp-content\/uploads\/2017\/05\/07145723\/Antiguo-Colegio-Centro-Am%C3%A9rica-Granada.jpg 96w, https:\/\/d1xxa24wwackpg.cloudfront.net\/wp-content\/uploads\/2017\/05\/07145723\/Antiguo-Colegio-Centro-Am%C3%A9rica-Granada.jpg 300w, https:\/\/d1xxa24wwackpg.cloudfront.net\/wp-content\/uploads\/2017\/05\/07145723\/Antiguo-Colegio-Centro-Am%C3%A9rica-Granada.jpg 100w\" sizes=\"(max-width: 150px) 100vw, 150px\" \/><\/a>\n\t\t\t<\/div>\n\t\t\t\t<figcaption class='wp-caption-text gallery-caption' id='gallery-1-34638'>\n\t\t\t\tEn el antiguo Colegio Centro Am\u00e9rica (abajo) ahora funciona el Instituto Tecnol\u00f3gico Nacional (arriba). En Colegio Centro Am\u00e9rica se traslad\u00f3 a Managua en 1967.\n\t\t\t\t<\/figcaption><\/figure><figure class='gallery-item'>\n\t\t\t<div class='gallery-icon landscape'>\n\t\t\t\t<a href='https:\/\/staging.laprensanic.com\/magazine\/reportajes\/el-turista-70-anos-atras\/attachment\/152318-4\/'><img loading=\"lazy\" decoding=\"async\" width=\"150\" height=\"150\" src=\"https:\/\/d1xxa24wwackpg.cloudfront.net\/wp-content\/uploads\/2017\/05\/07145723\/152318-4.jpg\" class=\"attachment-thumbnail size-thumbnail\" alt=\"\" aria-describedby=\"gallery-1-34639\" srcset=\"https:\/\/d1xxa24wwackpg.cloudfront.net\/wp-content\/uploads\/2017\/05\/07145723\/152318-4.jpg 150w, https:\/\/d1xxa24wwackpg.cloudfront.net\/wp-content\/uploads\/2017\/05\/07145723\/152318-4.jpg 24w, https:\/\/d1xxa24wwackpg.cloudfront.net\/wp-content\/uploads\/2017\/05\/07145723\/152318-4.jpg 48w, https:\/\/d1xxa24wwackpg.cloudfront.net\/wp-content\/uploads\/2017\/05\/07145723\/152318-4.jpg 96w, https:\/\/d1xxa24wwackpg.cloudfront.net\/wp-content\/uploads\/2017\/05\/07145723\/152318-4.jpg 300w, https:\/\/d1xxa24wwackpg.cloudfront.net\/wp-content\/uploads\/2017\/05\/07145723\/152318-4.jpg 100w\" sizes=\"(max-width: 150px) 100vw, 150px\" \/><\/a>\n\t\t\t<\/div>\n\t\t\t\t<figcaption class='wp-caption-text gallery-caption' id='gallery-1-34639'>\n\t\t\t\tFotograf\u00eda cortes\u00eda del Instituto de Historia de Nicaragua y Centroam\u00e9rica (Ihnca-UCA) \n\t\t\t\t<\/figcaption><\/figure>\n\t\t<\/div>\n\n<p>Primera Calle Norte. As\u00ed sigue el recorrido. La calle es de tierra, amplia y muy lodosa en \u00e9poca de invierno. Esta calle y la Avenida Central son donde m\u00e1s tr\u00e1fico de coches, carretones y bicicletas hay. Se ven \u00e1rboles frondosos y casas de adobe que hacen este recorrido un poco pintoresco. Mientras avanza, a\u00fan se escucha el lago de fondo hasta llegar a la hist\u00f3rica iglesia Guadalupe, un templo que en la \u00e9poca de la Colonia estaba justo en la entrada de la ciudad si llegaba a ella por el lago. En este lugar, las tropas de William Walker fueron encerradas por el Gobierno por 18 d\u00edas.<\/p>\n<p>Siempre recto, al otro extremo de la Primera Calle Norte llega al Parque Col\u00f3n, un sitio \u00e1rido y abandonado que sirve de pasadizo.<\/p>\n<p>De frente, ver\u00e1 la Catedral y a su alrededor hombres que trabajan para finalizar la construcci\u00f3n. Notar\u00e1 que una de sus torres ya est\u00e1 terminada.<\/p>\n<p>Pero si usted pudiera viajar al futuro, unos setenta a\u00f1os, sabr\u00eda que la Primera Calle Norte la llamar\u00e1n calle La Calzada y ser\u00e1 uno de los lugares m\u00e1s visitados por toda Nicaragua. Sabr\u00eda que se convertir\u00e1 en una peatonal bulliciosa que es aplanada por turistas extranjeros que van y vienen todo el d\u00eda, llena de restaurantes y bares que sacan sus mesas para disfrutar de una velada a techo abierto, una calle llena de meseros que saltan para ofrecerle el men\u00fa.<\/p>\n<p>Le parecer\u00eda incre\u00edble que ese parque abandonado que hoy ve, junto con la Catedral, ser\u00e1n el ombligo de Granada.<\/p>\n<p>A un lado de la calle estar\u00e1n ordenados, uno tras otro, los coches ofreciendo sus servicios por hora. Comercios de artesan\u00edas, se\u00f1oras con sus delantales coloridos que sirven el t\u00edpico vigor\u00f3n con fresco de grama o de cacao. Tambi\u00e9n m\u00fasicos, poetas, payasos que llegar\u00e1n a este parque a compartir su arte a cambio de unas monedas.<\/p>\n<p>Puede bajarse del auto un momento, as\u00ed podr\u00e1 apreciar mejor estos sitios que le quedan cerca. Al lado de la Catedral se ve el Palacio Episcopal y frente a \u00e9l la Plazuela de la Independencia. No puede dejar de detenerse en el obelisco, un monumento dedicado a los h\u00e9roes de la Independencia de 1821. Manuel Antonio de la Cerda, Juan Arg\u00fcello, Gregorio Bracamonte, Le\u00f3n Molina son algunos de los nombres grabados en el monumento rodeado de una cadena de hierro sujetas a cuatro ca\u00f1ones de la \u00e9poca colonial.<\/p>\n<p>Al otro lado del parque ver\u00e1 el Hotel Alhambra, un edificio de dos pisos, el m\u00e1s importante de la ciudad donde \u00fanicamente los m\u00e1s pudientes pueden pagar los tres c\u00f3rdobas que cuesta.<\/p>\n<p>Como habr\u00e1 notado en el camino hay pocos turistas en la ciudad, quiz\u00e1s alg\u00fan viajero de paso o un diplom\u00e1tico que decidi\u00f3 llevar a su familia. Estos a\u00f1os, le llamar\u00e1n luego los historiadores, la \u00e9poca previa al turismo nicarag\u00fcense. Para 1936 naci\u00f3 la Junta Nacional de Turismo, el primer organismo destinado a la b\u00fasqueda del desarrollo tur\u00edstico del pa\u00eds. Pero toc\u00f3 esperar varias d\u00e9cadas para ver alg\u00fan resultado.<\/p>\n<p>Siga la marcha. Dir\u00edjase a la iglesia San Francisco donde a cualquier hora encontrar\u00e1 se\u00f1oras rezando de rodillas. Al salir, ver\u00e1 justo a la par de la iglesia, formando un mismo cuerpo, el Instituto Nacional de Oriente, donde tiempo atr\u00e1s funcionaba el Convento San Francisco. Pase la puerta principal y pronto notar\u00e1 cientos de alumnos, varones todos, que van y vienen por los corredores que bordean un colorido jard\u00edn al centro.<\/p>\n<p>Ahora, p\u00eddale al conductor regresar al punto de origen, a la Avenida Central, la calle del ferrocarril, pero esta vez yendo hacia el sur. Un par de cuadras y frente a usted el mercado, un edificio de una manzana donde las vivanderas ofrecen sus productos. El momento perfecto para aprovechar a comer o tomar algo. Frutas, pan, gaseosas.<\/p>\n<p>Si quiere seguir viendo iglesias, la pr\u00f3xima es la de La Merced, que le sorprender\u00e1 por su delicada capilla del Coraz\u00f3n de Jes\u00fas y sus altares de m\u00e1rmol. Esta es la iglesia de la alta sociedad.<\/p>\n<p>Le quedan algunos sitios a\u00fan que puede apreciarlos bien desde el veh\u00edculo: la iglesia de Xalteva; el Hospital San Juan de Dios, el \u00fanico de la ciudad; el Cementerio General, donde se exhibe b\u00f3vedas y capillas y finalmente la Fortaleza La P\u00f3lvora, que fue el cuartel de la Guardia Nacional. Exactamente los mismos lugares que visitar\u00e1n los turistas dentro de setenta a\u00f1os.<\/p>\n<p>Para terminar su recorrido tome ese camino desolado que lo lleva a las Isletas, un para\u00edso a menos de un kil\u00f3metro de la ciudad. 365 islas que son vendidas como \u201cuna peque\u00f1a Venecia\u201d. Con suerte, lograr\u00e1 un bote que le permita navegar por las aguas del lago que el conquistador Gil Gonz\u00e1lez D\u00e1vila llam\u00f3 \u201c la Mar Dulce\u201d. Solo as\u00ed podr\u00e1 haber dicho que estuvo en la Granada de 1939.<\/p>\n<p><a href=\"https:\/\/www.laprensa.com.ni\/magazine\/wp-content\/uploads\/2017\/05\/Fernando-L\u00f3pez.jpg\"><img loading=\"lazy\" decoding=\"async\" class=\"aligncenter wp-image-34645 size-medium\" src=\"https:\/\/www.laprensa.com.ni\/magazine\/wp-content\/uploads\/2017\/05\/Fernando-L\u00f3pez-295x300.jpg\" alt=\"Fernando L\u00f3pez\" width=\"295\" height=\"300\" \/><\/a><\/p>\n<blockquote>\n<p style=\"text-align: center;\">***<\/p>\n<p style=\"text-align: center;\">\u201cLo interesante es ver que desde siempre ha habido conciencia de que Granada tiene caracter\u00edsticas para ser un destino tur\u00edstico\u201d.<\/p>\n<p style=\"text-align: center;\">Fernando L\u00f3pez, arquitecto e historiador granadino.<\/p>\n<p style=\"text-align: center;\">***<\/p>\n<\/blockquote>\n<p><a href=\"https:\/\/www.laprensa.com.ni\/magazine\/wp-content\/uploads\/2017\/05\/152317-1.jpg\"><img loading=\"lazy\" decoding=\"async\" class=\"aligncenter wp-image-34642 size-full\" src=\"https:\/\/www.laprensa.com.ni\/magazine\/wp-content\/uploads\/2017\/05\/152317-1.jpg\" alt=\"\" width=\"700\" height=\"465\" srcset=\"https:\/\/d1xxa24wwackpg.cloudfront.net\/wp-content\/uploads\/2017\/05\/07145719\/152317-1.jpg 700w, https:\/\/d1xxa24wwackpg.cloudfront.net\/wp-content\/uploads\/2017\/05\/07145719\/152317-1.jpg 300w, https:\/\/d1xxa24wwackpg.cloudfront.net\/wp-content\/uploads\/2017\/05\/07145719\/152317-1.jpg 600w\" sizes=\"(max-width: 700px) 100vw, 700px\" \/><\/a><\/p>\n<h4>\u00bfQu\u00e9 busca el turista?<\/h4>\n<p>El turista que llega a Granada, dice C\u00e9sar Ram\u00edrez, gerente de operaciones de MP TRAVEL, busca una oferta variada. Va tras la cultura, historia, las bellezas naturales, pero tambi\u00e9n de aventura.<\/p>\n<p>\u201cEscuchamos de las iglesias, de la ciudad colonial, de su arquitectura e historia. Eso es lo que andamos buscando\u201d.<\/p>\n<p>Karin Dietrick, turista estadounidense.<br \/>\n\u201cVenimos a Granada por el tour en el lago. Es un lugar hermoso y todo aqu\u00ed es verdaderamente barato, es una ganga venir con los amigos, comer rico y disfrutar\u201d.<\/p>\n<p>Louise Baxter, turista estadounidense.<\/p>\n<h4><strong>En cifras<\/strong><\/h4>\n<p>Seg\u00fan estad\u00edsticas de la \u00e9poca para 1939 en la ciudad de Granada se contabilizaban:<br \/>\n21 autom\u00f3viles particulares.<\/p>\n<p>6 autom\u00f3viles de comercio.<\/p>\n<p>3 camionetas.<\/p>\n<p>4 camiones.<\/p>\n<p>2 motocicletas.<\/p>\n<p>163 bicicletas.<\/p>\n<p>90 carruajes<\/p>\n<p>85 carretones<\/p>\n<p>243 carretas<\/p>\n<h4><strong>Destino para retirados<\/strong><\/h4>\n<p>En un ranking de la revista International Living de este a\u00f1o sobre destinos para vivir bien y con poco dinero, Granada ocupa el primer lugar. La Gran Sultana, seg\u00fan esta revista, es considerado un lugar hermoso y barato. Una pareja, explica la publicaci\u00f3n, puede vivir c\u00f3modamente en la ciudad colonial con menos de 800 d\u00f3lares al mes.<\/p>\n<h4><strong>Destino econ\u00f3mico<\/strong><\/h4>\n<p>Un turista se queda en Granada un promedio de tres a cuatro d\u00edas, seg\u00fan Pascal Picot, coordinador de la C\u00e1mara de Turismo (Canatur) en Granada y gerente general de Oro Travel.<\/p>\n<p>El turismo que se recibe en Nicaragua, explica, no solamente en Granada, es de bajo y mediano presupuesto. \u201cTratamos de revertir ese hecho ofreciendo alojamiento de calidad, tours de calidad para elevar un poquito el nivel\u201d.<\/p>\n<p>Granada, explica Picot, es econ\u00f3micamente barato al compararlo con otros pa\u00edses como M\u00e9xico, Costa Rica, Panam\u00e1, Guatemala. Precisamente por eso es que en la ciudad se observan mucho mochileros.<\/p>\n<h4><strong>22,000<\/strong><\/h4>\n<p>habitantes se calculaba que ten\u00eda Granada para 1934, apenas dos mil personas m\u00e1s de las que se necesitan para llenar un concierto en el Madison Square Garden. Esa gente viv\u00eda en 2,346 casas, la mitad de las casas que ten\u00eda Diriomo, uno de los municipios de Granada, para el 2005.<\/p>\n<div id=\"s3gt_translate_tooltip_mini\" class=\"s3gt_translate_tooltip_mini_box\" style=\"background: initial !important; border: initial !important; border-radius: initial !important; border-spacing: initial !important; border-collapse: initial !important; direction: ltr !important; flex-direction: initial !important; font-weight: initial !important; height: initial !important; letter-spacing: initial !important; min-width: initial !important; max-width: initial !important; min-height: initial !important; max-height: initial !important; margin: auto !important; outline: initial !important; padding: initial !important; position: absolute; table-layout: initial !important; text-align: initial !important; text-shadow: initial !important; width: initial !important; word-break: initial !important; word-spacing: initial !important; overflow-wrap: initial !important; box-sizing: initial !important; display: initial !important; color: inherit !important; font-size: 13px !important; font-family: X-LocaleSpecific, sans-serif, Tahoma, Helvetica !important; line-height: 13px !important; vertical-align: top !important; white-space: inherit !important; left: 474px; top: 6243px; opacity: 0.1;\">\n<div id=\"s3gt_translate_tooltip_mini_logo\" class=\"s3gt_translate_tooltip_mini\" title=\"Traducir texto seleccionado\"><\/div>\n<div id=\"s3gt_translate_tooltip_mini_sound\" class=\"s3gt_translate_tooltip_mini\" title=\"Escuchar\"><\/div>\n<div id=\"s3gt_translate_tooltip_mini_copy\" class=\"s3gt_translate_tooltip_mini\" title=\"Copiar texto al Portapapeles\"><\/div>\n<\/div>\n","protected":false},"excerpt":{"rendered":"<p>En los a\u00f1os 30, una gu\u00eda tur\u00edstica dedic\u00f3 sus p\u00e1ginas a mostrar el recorrido que deb\u00eda seguir un turista en Granada, los lugares a visitar. Setenta a\u00f1os despu\u00e9s, Magazine hizo la ruta y esto encontr\u00f3<\/p>\n","protected":false},"author":46,"featured_media":34644,"comment_status":"open","ping_status":"open","sticky":false,"template":"","format":"standard","meta":{"_acf_changed":false,"footnotes":""},"categories":[26],"tags":[237],"class_list":["post-34634","post","type-post","status-publish","format-standard","has-post-thumbnail","hentry","category-reportajes","tag-granada"],"acf":[],"_links":{"self":[{"href":"https:\/\/staging.laprensanic.com\/magazine\/wp-json\/wp\/v2\/posts\/34634","targetHints":{"allow":["GET"]}}],"collection":[{"href":"https:\/\/staging.laprensanic.com\/magazine\/wp-json\/wp\/v2\/posts"}],"about":[{"href":"https:\/\/staging.laprensanic.com\/magazine\/wp-json\/wp\/v2\/types\/post"}],"author":[{"embeddable":true,"href":"https:\/\/staging.laprensanic.com\/magazine\/wp-json\/wp\/v2\/users\/46"}],"replies":[{"embeddable":true,"href":"https:\/\/staging.laprensanic.com\/magazine\/wp-json\/wp\/v2\/comments?post=34634"}],"version-history":[{"count":8,"href":"https:\/\/staging.laprensanic.com\/magazine\/wp-json\/wp\/v2\/posts\/34634\/revisions"}],"predecessor-version":[{"id":44807,"href":"https:\/\/staging.laprensanic.com\/magazine\/wp-json\/wp\/v2\/posts\/34634\/revisions\/44807"}],"wp:featuredmedia":[{"embeddable":true,"href":"https:\/\/staging.laprensanic.com\/magazine\/wp-json\/wp\/v2\/media\/34644"}],"wp:attachment":[{"href":"https:\/\/staging.laprensanic.com\/magazine\/wp-json\/wp\/v2\/media?parent=34634"}],"wp:term":[{"taxonomy":"category","embeddable":true,"href":"https:\/\/staging.laprensanic.com\/magazine\/wp-json\/wp\/v2\/categories?post=34634"},{"taxonomy":"post_tag","embeddable":true,"href":"https:\/\/staging.laprensanic.com\/magazine\/wp-json\/wp\/v2\/tags?post=34634"}],"curies":[{"name":"wp","href":"https:\/\/api.w.org\/{rel}","templated":true}]}}