{"id":34709,"date":"2012-02-10T15:00:59","date_gmt":"2012-02-10T21:00:59","guid":{"rendered":"https:\/\/www.magazine.com.ni\/?p=34709"},"modified":"2018-10-05T20:49:49","modified_gmt":"2018-10-05T20:49:49","slug":"ellos-fueron-portada-2","status":"publish","type":"post","link":"https:\/\/staging.laprensanic.com\/magazine\/reportajes\/ellos-fueron-portada-2\/","title":{"rendered":"Ellos fueron portada"},"content":{"rendered":"<p style=\"text-align: center;\">Sus vidas e historias salieron en Magazine. Ahora, a\u00f1os despu\u00e9s, decidimos buscar a nuestros protagonistas para contarles la historia despu\u00e9s de la portada<\/p>\n<p style=\"text-align: center;\"><strong>Por Dora Luz Romero<\/strong><\/p>\n<p>Nueve a\u00f1os de historias, de personajes, de realidades. Gente que ha optado por compartir en las p\u00e1ginas de Magazine, qui\u00e9nes son, qu\u00e9 hacen, qu\u00e9 les gusta y disgusta. Historias de glorias, pero tambi\u00e9n de desgracias. Gente que se abre y se muestra tal cual es. De eso ha estado llena Magazine.<\/p>\n<p>Pero \u00bfqu\u00e9 pas\u00f3 luego con esos personajes?<\/p>\n<p>Las cuatrillizas de Boaco, aquellas chiquitinas de 6 a\u00f1os a quien su propia madre confund\u00eda por ser tan parecidas. Los genios de Diriamba. Esa primera generaci\u00f3n de alumnos que ingres\u00f3 al colegio IDEAS. Los ni\u00f1os de la oscuridad. Esos tres peque\u00f1os de Rosita condenados por una rara enfermedad en la piel. Los franciscanos de San Marcos, los frailes decidieron vivir en extrema pobreza y obediencia a Dios. \u00bfQu\u00e9 pas\u00f3 con todos ellos?<\/p>\n<p>Recorrimos los archivos y tambi\u00e9n Nicaragua para encontrar nuevamente a esos personajes que han hecho historia en esta revista.<\/p>\n<p>&nbsp;<\/p>\n<h3 style=\"text-align: center;\">\u00a0<strong>Una historia que inspira<\/strong><\/h3>\n<p style=\"text-align: center;\">Gabriela y Eliette fueron las protagonistas Magazine en junio de 2007<\/p>\n<p style=\"text-align: center;\"><strong>Por Dora Luz Romero<\/strong><\/p>\n<p>Hab\u00edan pasado apenas tres meses desde el accidente en el que Gabriela Molina perdi\u00f3 su brazo, cuando decidi\u00f3 aparecer sonriente, con pose de modelo, en la portada de Magazine. Era la primera vez que compart\u00eda su historia completa, c\u00f3mo se sent\u00eda, c\u00f3mo hab\u00eda cambiado su vida y c\u00f3mo la enfrentaba.<\/p>\n<p>No apareci\u00f3 sola en la portada. Abrazada a ella estaba Eliette Morales, tambi\u00e9n sin un brazo.<\/p>\n<figure id=\"attachment_34710\" aria-describedby=\"caption-attachment-34710\" style=\"width: 700px\" class=\"wp-caption aligncenter\"><a href=\"https:\/\/www.laprensa.com.ni\/magazine\/wp-content\/uploads\/2017\/05\/Gabriela-Molina-y-Eliette-Morales.jpg\"><img fetchpriority=\"high\" decoding=\"async\" class=\"size-full wp-image-34710\" src=\"https:\/\/www.laprensa.com.ni\/magazine\/wp-content\/uploads\/2017\/05\/Gabriela-Molina-y-Eliette-Morales.jpg\" alt=\"\" width=\"700\" height=\"931\" srcset=\"https:\/\/d1xxa24wwackpg.cloudfront.net\/wp-content\/uploads\/2017\/05\/07145640\/Gabriela-Molina-y-Eliette-Morales.jpg 700w, https:\/\/d1xxa24wwackpg.cloudfront.net\/wp-content\/uploads\/2017\/05\/07145640\/Gabriela-Molina-y-Eliette-Morales.jpg 226w, https:\/\/d1xxa24wwackpg.cloudfront.net\/wp-content\/uploads\/2017\/05\/07145640\/Gabriela-Molina-y-Eliette-Morales.jpg 600w\" sizes=\"(max-width: 700px) 100vw, 700px\" \/><\/a><figcaption id=\"caption-attachment-34710\" class=\"wp-caption-text\">Hace cinco a\u00f1os Gabriela Molina y Eliette Morales fueron portada Magazine.<br \/>Peinado y maquillaje: Sal\u00f3n de<br \/>Belleza Luz y Estilo.<\/figcaption><\/figure>\n<p>Una foto hermosa, tierna. Dos muchachas sonrientes y coquetas invitaban a leer. Aunque algunos podr\u00edan haberlo visto como una historia lastimera, no lo era. Gabriela y Eliette con esas caras de \u00e1nimo no lo permit\u00edan, ellas transmit\u00edan felicidad genuina y a la vez daban una lecci\u00f3n de vida. Era entonces una historia que hac\u00eda repensar, reflexionar, agradecer.<\/p>\n<p>Gabriela era modelo, ten\u00eda 20 a\u00f1os cuando un accidente automovil\u00edstico, luego de que regresaba de trabajar en una h\u00edpica, le quit\u00f3 su brazo. Eliette, naci\u00f3 as\u00ed. Eran amigas cercanas, de esas que salen a bailar y no paran hasta que los tacones gritan.<\/p>\n<p>A\u00fan con los rostros de felicidad, el relato no dejaba de conmover. \u00bfC\u00f3mo se vive con un solo brazo? Para Eliette era un poco m\u00e1s f\u00e1cil, as\u00ed lo dec\u00eda ella misma. Nunca supo qu\u00e9 era tener dos. Pero para Gabriela era una tragedia. Sus sue\u00f1os de modelo se cayeron. Tendr\u00eda que pasar mucho tiempo, dijo, para que pudiera volver a ser la misma. A\u00fan as\u00ed, le sonre\u00eda al mundo y trataba de luchar contra sus propios miedos, sobre todo con esa idea del rechazo. \u201cSent\u00eda miedo de que me rechazaran porque no estaba acostumbrada a sentirme as\u00ed, a verme as\u00ed. Yo me miraba en el espejo y sent\u00eda que no era yo. Pero eso ya cambi\u00f3, ahora puedo verme y me veo a m\u00ed en el espejo. Esta soy yo\u201d. Le toc\u00f3 ir a psic\u00f3logos, psiquiatras, superar el trauma. \u201cEs una etapa que nunca la voy a olvidar, pero ya la super\u00e9\u201d, dice ahora ya con 26 a\u00f1os.<\/p>\n<p>Aprendi\u00f3 a hacer todo con un solo brazo, lo \u00fanico que no puede, a\u00fan, es amarrarse los cordones de los zapatos. \u201cYo me siento muy bien, he pasado a\u00f1os muy buenos y bendecidos, Dios ha sido bueno conmigo\u201d.<\/p>\n<p>Gabriela termin\u00f3 sus estudios de Periodismo. Trabaja como analista de cobranza en la Direcci\u00f3n General de Ingresos (DGI). \u201cNada que ver con lo que estudi\u00e9, pero me gusta, y he aprendido mucho\u201d, cuenta.<\/p>\n<p>Por su parte, Eliette, ya con 23 a\u00f1os, es abogada y notaria p\u00fablica y trabaja en asesor\u00eda legal en el Ministerio de Transporte e Infraestructura (MTI).<\/p>\n<p>Cinco a\u00f1os han pasado desde que publicamos el reportaje en el que aparec\u00edan Gabriela y Eliette. Siguen siendo buenas amigas, pero ya cambiaron las discotecas por el cine y los karaokes. \u201cYa los tacones pesan\u201d, confiesan entre risas.<\/p>\n<p>Han regresado para posar y conversar nuevamente con Magazine. A pesar de las dificultades, coinciden ambas, se sienten agradecidas por c\u00f3mo las ha tratado la vida. Se abrazan, sonr\u00eden, posan, y la c\u00e1mara, igual que la primera vez, se enamora de ellas.<\/p>\n<p>El accidente<br \/>\nEl 26 de febrero de a\u00f1o 2007 Gabriela Molina regresaba de La Concha, Masaya, a Managua, cuando ocurri\u00f3 el accidente. El veh\u00edculo en el que viajaba era conducido por el supervisor de la agencia de modelaje Figura\u2019s Pro Model, para la cual trabajaba.<br \/>\nGabriela present\u00f3 la denuncia en contra de la agencia y a\u00fan no se ha dictado sentencia. \u201cEllos eran responsables por m\u00ed. Y la verdad es que no me gustar\u00eda que eso le pasara a otra muchacha\u201d, asegura.<\/p>\n<blockquote>\n<p style=\"text-align: center;\">\u201cHaber salido en Magazine para m\u00ed fue incre\u00edble, una gran oportunidad, porque mi historia lleg\u00f3 a mucha gente aqu\u00ed y en el extranjero. Ah\u00ed fue donde todos conocieron bien mi historia\u201d.<\/p>\n<p style=\"text-align: center;\">Gabriela Molina<\/p>\n<\/blockquote>\n<p><a href=\"https:\/\/www.laprensa.com.ni\/magazine\/wp-content\/uploads\/2017\/05\/150728-2.jpg\"><img decoding=\"async\" class=\"size-full wp-image-34711\" src=\"https:\/\/www.laprensa.com.ni\/magazine\/wp-content\/uploads\/2017\/05\/150728-2.jpg\" alt=\"Gabriela Molina y Eliette Morales \" width=\"700\" height=\"924\" srcset=\"https:\/\/d1xxa24wwackpg.cloudfront.net\/wp-content\/uploads\/2017\/05\/07145639\/150728-2.jpg 700w, https:\/\/d1xxa24wwackpg.cloudfront.net\/wp-content\/uploads\/2017\/05\/07145639\/150728-2.jpg 227w, https:\/\/d1xxa24wwackpg.cloudfront.net\/wp-content\/uploads\/2017\/05\/07145639\/150728-2.jpg 600w\" sizes=\"(max-width: 700px) 100vw, 700px\" \/><\/a><\/p>\n<h3 style=\"text-align: center;\"><strong>La exclusiva con \u00abel siniestro\u00bb<\/strong><\/h3>\n<p style=\"text-align: center;\">La primera entrevista de Herlan Fabricio Colindres fue con Magazine<\/p>\n<p style=\"text-align: center;\"><strong>Por Arlen Cerda<\/strong><\/p>\n<p>\u201c Risa me da esta c\u00e1rcel. Voy a estar dos meses ac\u00e1 y me voy a escapar otra vez\u201d, asegur\u00f3. En septiembre de 2005, Herlan Fabricio Colindres Ram\u00edrez apareci\u00f3 en Magazine. Nunca antes hab\u00eda hablado con los medios, fue su primera entrevista.<\/p>\n<figure id=\"attachment_34712\" aria-describedby=\"caption-attachment-34712\" style=\"width: 700px\" class=\"wp-caption aligncenter\"><a href=\"https:\/\/www.laprensa.com.ni\/magazine\/wp-content\/uploads\/2017\/05\/150729-2.jpg\"><img decoding=\"async\" class=\"size-full wp-image-34712\" src=\"https:\/\/www.laprensa.com.ni\/magazine\/wp-content\/uploads\/2017\/05\/150729-2.jpg\" alt=\"En el 2005, Magazine viaj\u00f3 a Tegucigalpa para entrevistar a Herlan Fabricio Colindres\" width=\"700\" height=\"465\" srcset=\"https:\/\/d1xxa24wwackpg.cloudfront.net\/wp-content\/uploads\/2017\/05\/07145638\/150729-2.jpg 700w, https:\/\/d1xxa24wwackpg.cloudfront.net\/wp-content\/uploads\/2017\/05\/07145638\/150729-2.jpg 300w, https:\/\/d1xxa24wwackpg.cloudfront.net\/wp-content\/uploads\/2017\/05\/07145638\/150729-2.jpg 600w\" sizes=\"(max-width: 700px) 100vw, 700px\" \/><\/a><figcaption id=\"caption-attachment-34712\" class=\"wp-caption-text\">En el 2005, Magazine viaj\u00f3 a Tegucigalpa para entrevistar a Herlan Fabricio Colindres. Fue la primera entrevista que dio. En la imagen de abajo, los m\u00e9dicos forenses suben los m\u00e1s de 350 cuerpos de la c\u00e1rcel de Comayagua, donde falleci\u00f3 Colindres.<\/figcaption><\/figure>\n<p>Al inicio, verlo ah\u00ed, tan peque\u00f1o, costaba creer su historia. Un ni\u00f1o al que las autoridades le pon\u00edan 13 a\u00f1os (aunque \u00e9l dec\u00eda tener 16), se le acusaba por el asesinato de Timothy Michael Markey, un agente de la DEA, que turisteaba en Honduras. No era su \u00fanico delito. Las autoridades calculaban que hab\u00eda participado en al menos 16 asesinatos. Tambi\u00e9n lo relacionaban con secuestros, extorsi\u00f3n, venta de drogas. El secretario de Seguridad de Honduras dec\u00eda que era una \u201cverdadera m\u00e1quina de matar\u201d y por eso \u00e9l ped\u00eda que se le diera cadena perpetua. Le dec\u00edan \u201cEl Siniestro II\u201d y \u201cEl Chelito\u201d.<\/p>\n<p>Seg\u00fan los registros de la Polic\u00eda era miembro de la banda \u201cLos Puchos\u201d.<\/p>\n<p>Cuando Magazine lleg\u00f3 a Tegucigalpa para entrevistarlo, ya le hab\u00edan construido una celda especial. De acero con barrotes de hierro. \u00c9l se re\u00eda.<\/p>\n<p>Cumpli\u00f3 su palabra. En noviembre de 2005 volvi\u00f3 a ser noticia, se hab\u00eda escapado.<\/p>\n<p>Ya lo hab\u00eda hecho varias veces del centro de menores donde permanec\u00eda. Precisamente por eso es que se hab\u00eda construido una celda para \u00e9l. Lo volvieron a capturar.<\/p>\n<p>Cuando cumpli\u00f3 la mayor\u00eda de edad fue trasladado al penal de Comayagua, en Honduras.<\/p>\n<p>En febrero del 2012 en ese penal ocurri\u00f3 una tragedia, un incendio provoc\u00f3 la muerte de m\u00e1s de 350 reclusos.<\/p>\n<p>Los medios hondure\u00f1os aseguraban que el reo Elvin Jos\u00e9 Colindres Ram\u00edrez alias \u201cEl Chelito\u201d, fue quien lo hab\u00eda provocado. Luego de una ri\u00f1a con compa\u00f1eros de celda le prendi\u00f3 fuego a un colch\u00f3n y sentenci\u00f3: \u201cDe aqu\u00ed nadie sale vivo\u201d.<\/p>\n<p>La periodista freelance y defensora de los derechos humanos, Itsmania Pineda Platero, confirm\u00f3 desde Honduras a Magazine, que a pesar de la diferencia de nombre el ni\u00f1o siniestro acusado del asesinato del agente de la DEA y el reo vinculado con el incendio en la c\u00e1rcel de Comayagua eran la misma persona.<\/p>\n<p><a href=\"https:\/\/www.laprensa.com.ni\/magazine\/wp-content\/uploads\/2017\/05\/150729-4.jpg\"><img loading=\"lazy\" decoding=\"async\" class=\"aligncenter size-full wp-image-34713\" src=\"https:\/\/www.laprensa.com.ni\/magazine\/wp-content\/uploads\/2017\/05\/150729-4.jpg\" alt=\"El ni\u00f1o siniestro\" width=\"700\" height=\"924\" srcset=\"https:\/\/d1xxa24wwackpg.cloudfront.net\/wp-content\/uploads\/2017\/05\/07145637\/150729-4.jpg 700w, https:\/\/d1xxa24wwackpg.cloudfront.net\/wp-content\/uploads\/2017\/05\/07145637\/150729-4.jpg 227w, https:\/\/d1xxa24wwackpg.cloudfront.net\/wp-content\/uploads\/2017\/05\/07145637\/150729-4.jpg 600w\" sizes=\"(max-width: 700px) 100vw, 700px\" \/><\/a><\/p>\n<h3 style=\"text-align: center;\"><strong>Vida de franciscano<\/strong><\/h3>\n<p style=\"text-align: center;\">Eran 16 en todo el mundo y cuatro de ellos viv\u00edan en San Marcos<\/p>\n<p style=\"text-align: center;\"><strong>Por Dora Luz Romero<\/strong><\/p>\n<p style=\"text-align: left;\">En mayo del 2008, en la edici\u00f3n 109, apareci\u00f3 en nuestra portada un peque\u00f1o grupo de frailes extranjeros que viv\u00edan en San Marcos, Carazo. A simple vista llamaban la atenci\u00f3n por su vestimenta y sus barbas largas. Pero la historia era m\u00e1s que eso, era mostrar una forma de vida que estaba envuelta con sacrificio, radicalismo, pero tambi\u00e9n con mucho amor a Dios y al pr\u00f3jimo.<\/p>\n<figure id=\"attachment_34715\" aria-describedby=\"caption-attachment-34715\" style=\"width: 700px\" class=\"wp-caption aligncenter\"><a href=\"https:\/\/www.laprensa.com.ni\/magazine\/wp-content\/uploads\/2017\/05\/Gabriel-Negri.jpg\"><img loading=\"lazy\" decoding=\"async\" class=\"size-full wp-image-34715\" src=\"https:\/\/www.laprensa.com.ni\/magazine\/wp-content\/uploads\/2017\/05\/Gabriel-Negri.jpg\" alt=\"Gabriel Negri dej\u00f3 de ser fraile en el 2009 \" width=\"700\" height=\"609\" srcset=\"https:\/\/d1xxa24wwackpg.cloudfront.net\/wp-content\/uploads\/2017\/05\/07145635\/Gabriel-Negri.jpg 700w, https:\/\/d1xxa24wwackpg.cloudfront.net\/wp-content\/uploads\/2017\/05\/07145635\/Gabriel-Negri.jpg 300w, https:\/\/d1xxa24wwackpg.cloudfront.net\/wp-content\/uploads\/2017\/05\/07145635\/Gabriel-Negri.jpg 600w\" sizes=\"(max-width: 700px) 100vw, 700px\" \/><\/a><figcaption id=\"caption-attachment-34715\" class=\"wp-caption-text\">Gabriel Negri dej\u00f3 de ser fraile en el 2009 debido a una enfermedad. En la portada, Negri en el extremo derecho, con lentes. En la imagen adem\u00e1s aparecen los hermanos F\u00e9lix, Pedro, Miguel y uno de los aprendices.<\/figcaption><\/figure>\n<p>Seraf\u00edn, Pedro, F\u00e9lix y Miguel fueron nuestros personajes. Ellos eran diferentes a cualquier otro fraile. Predicaban con su propio ejemplo. Viv\u00edan en pobreza, para comer mendigaban en las calles y no pod\u00edan tomar m\u00e1s de lo que necesitaban, cocinaban en fuego de le\u00f1a, no ten\u00eda luz el\u00e9ctrica y sus d\u00edas pasaban entre ayuno, oraci\u00f3n y servicio.<\/p>\n<p>Diecis\u00e9is en todo el mundo, esos eran todos y ellos bien sab\u00edan que no cualquiera se atrev\u00eda a vivir as\u00ed. Cuatro de ellos viv\u00edan en San Marcos y hab\u00eda dos aprendices.<\/p>\n<p>Impresionaba ver c\u00f3mo en pleno siglo XXI exist\u00edan hombres que pudieran dejar todo. Hacer a un lado a sus familias, dejar los estudios, las comodidades de su hogar por seguir los pasos de San Francisco de As\u00eds.<\/p>\n<p>Ahora, el grupo se ha hecho m\u00e1s ralo. Quedan 12, quiz\u00e1s diez en todo el mundo.<\/p>\n<p>Los miembros de la orden llamada de Observancia Primitiva volvieron a Estados Unidos y hubo algunos como Seraf\u00edn que se salieron. Seraf\u00edn dej\u00f3 de ser Seraf\u00edn en el 2009. Volvi\u00f3 a llamarse Gabriel Negri, el nombre que le dieron sus padres al nacer.<\/p>\n<p>Gabriel, de 34 a\u00f1os, cuenta que una grave enfermedad lo hizo retirarse. \u201cNunca fue mi deseo irme, pero era necesario. Nunca imagin\u00e9 que ese camino iba a ser menos que mi vida entera\u201d. Despu\u00e9s de diez a\u00f1os y con votos perpetuos dej\u00f3 a los Franciscanos y le toc\u00f3 empezar.<\/p>\n<p>Un par de a\u00f1os m\u00e1s tarde, regres\u00f3 a San Marcos como traductor de un grupo, luego le ofrecieron un trabajo y decidi\u00f3 quedarse. Ahora es estudiante de tiempo completo, trabaja como profesor de ingl\u00e9s y este pr\u00f3ximo abril se casar\u00e1 con su novia, Norma Serrano. \u201cMe cost\u00f3 adaptarme al mundo. Pero no me dio pena aprender a usar computadora, tampoco nunca sent\u00ed remordimiento por rasurarme la barba, por usar dinero. Sab\u00eda que era la voluntad de Dios y que su gracia me apoyar\u00eda\u201d, dice. Lo que m\u00e1s extra\u00f1a, confiesa, es a sus hermanos.<\/p>\n<p>Gabriel Negri lleva una vida seglar, hace ejercicios, escucha m\u00fasica, va a restaurantes, pero nunca, insiste, ha dejado sus creencias.<\/p>\n<p><a href=\"https:\/\/www.laprensa.com.ni\/magazine\/wp-content\/uploads\/2017\/05\/Los-frailes-m\u00e1s-pobres.jpg\"><img loading=\"lazy\" decoding=\"async\" class=\"aligncenter size-full wp-image-34716\" src=\"https:\/\/www.laprensa.com.ni\/magazine\/wp-content\/uploads\/2017\/05\/Los-frailes-m\u00e1s-pobres.jpg\" alt=\"\" width=\"700\" height=\"888\" srcset=\"https:\/\/d1xxa24wwackpg.cloudfront.net\/wp-content\/uploads\/2017\/05\/07145634\/Los-frailes-m%C3%A1s-pobres.jpg 700w, https:\/\/d1xxa24wwackpg.cloudfront.net\/wp-content\/uploads\/2017\/05\/07145634\/Los-frailes-m%C3%A1s-pobres.jpg 236w, https:\/\/d1xxa24wwackpg.cloudfront.net\/wp-content\/uploads\/2017\/05\/07145634\/Los-frailes-m%C3%A1s-pobres.jpg 600w\" sizes=\"(max-width: 700px) 100vw, 700px\" \/><\/a><\/p>\n<h3 style=\"text-align: center;\">La nica en el gabinete de Barack Obama<\/h3>\n<p style=\"text-align: center;\"><strong>Por Dora Luz Romero<\/strong><\/p>\n<p style=\"text-align: left;\">\u00a0Hilda Sol\u00eds visit\u00f3 Nicaragua en julio de 2010, para entonces, era secretaria de Trabajo de Estados Unidos. De su vida se sab\u00eda que era la primera mujer hispana en la historia de Estados Unidos en ocupar un puesto en el gabinete presidencial. Tambi\u00e9n se sab\u00eda que su padre Ra\u00fal Sol\u00eds era mexicano y su madre Juana Sequeira nicarag\u00fcense.<\/p>\n<p><a href=\"https:\/\/www.laprensa.com.ni\/magazine\/wp-content\/uploads\/2017\/05\/Hilda-Sol\u00eds.jpg\"><img loading=\"lazy\" decoding=\"async\" class=\"aligncenter size-full wp-image-34717\" src=\"https:\/\/www.laprensa.com.ni\/magazine\/wp-content\/uploads\/2017\/05\/Hilda-Sol\u00eds.jpg\" alt=\"Hilda Sol\u00eds\" width=\"700\" height=\"520\" srcset=\"https:\/\/d1xxa24wwackpg.cloudfront.net\/wp-content\/uploads\/2017\/05\/07145633\/Hilda-Sol%C3%ADs.jpg 700w, https:\/\/d1xxa24wwackpg.cloudfront.net\/wp-content\/uploads\/2017\/05\/07145633\/Hilda-Sol%C3%ADs.jpg 300w, https:\/\/d1xxa24wwackpg.cloudfront.net\/wp-content\/uploads\/2017\/05\/07145633\/Hilda-Sol%C3%ADs.jpg 600w\" sizes=\"(max-width: 700px) 100vw, 700px\" \/><\/a><\/p>\n<p>En Magazine decidimos centrarnos m\u00e1s que en su visita al pa\u00eds, en sus or\u00edgenes. As\u00ed que viajamos hasta sus ra\u00edces, en San Rafael del Norte, Jinotega. Y ah\u00ed, en una calle pedregosa, en una casa sin pintar, encontramos a su t\u00eda Elsa, hermana de su madre, a sus primos y dem\u00e1s parientes.<\/p>\n<p>Que es la tercera de siete hermanos, que su madre sali\u00f3 de Nicaragua a los 18 a\u00f1os, que viene de una familia muy humilde, que mantiene comunicaci\u00f3n con los suyos, se cont\u00f3 en aquella pl\u00e1tica. Y su historia fue la portada de una de nuestras ediciones en el 2010.<\/p>\n<p>A inicios de enero de este a\u00f1o, Hilda Sol\u00eds renunci\u00f3 a su cargo, antes de que el presidente Obama iniciara su segundo mandato. Ella \u2014seg\u00fan dijo\u2014 decidi\u00f3 iniciar un nuevo futuro.<\/p>\n<p><a href=\"https:\/\/www.laprensa.com.ni\/magazine\/wp-content\/uploads\/2017\/05\/La-famila-nica-de-Hilda-Sol\u00eds.jpg\"><img loading=\"lazy\" decoding=\"async\" class=\"size-full wp-image-34718\" src=\"https:\/\/www.laprensa.com.ni\/magazine\/wp-content\/uploads\/2017\/05\/La-famila-nica-de-Hilda-Sol\u00eds.jpg\" alt=\"\" width=\"700\" height=\"912\" srcset=\"https:\/\/d1xxa24wwackpg.cloudfront.net\/wp-content\/uploads\/2017\/05\/07145632\/La-famila-nica-de-Hilda-Sol%C3%ADs.jpg 700w, https:\/\/d1xxa24wwackpg.cloudfront.net\/wp-content\/uploads\/2017\/05\/07145632\/La-famila-nica-de-Hilda-Sol%C3%ADs.jpg 230w, https:\/\/d1xxa24wwackpg.cloudfront.net\/wp-content\/uploads\/2017\/05\/07145632\/La-famila-nica-de-Hilda-Sol%C3%ADs.jpg 600w\" sizes=\"(max-width: 700px) 100vw, 700px\" \/><\/a><\/p>\n<h3 style=\"text-align: center;\">CURANDERA DE GRISI SIKNIS<\/h3>\n<p>Septiembre 2003. Daniel McOwen tiene el primer ataque de Grisi Siknis. Y as\u00ed comenz\u00f3 esta historia. Pronto, en un par de meses, la enfermedad se hab\u00eda multiplicado, m\u00e1s de cien pobladores de la comunidad miskita de Rait\u00ed la padec\u00edan.<\/p>\n<p>Convulsionaban, ten\u00edan furia, miedo, ansiedad y corr\u00edan desesperados con palos, machetes o cualquier cosa que encontraran. Un padecimiento muy particular de los miskitos. Una especie de histeria colectiva.<\/p>\n<p>Y ah\u00ed apareci\u00f3 Porcela Sandino, la miskita que ilustr\u00f3 la portada de la primera edici\u00f3n de Magazine el 18 de enero del 2004.<\/p>\n<p>El Ministerio de Salud, con sus m\u00e9dicos y psiquiatras, se hab\u00eda declarado incompetente para resolver la situaci\u00f3n. As\u00ed que lleg\u00f3 ella, que se autollamaba profeta y curandera, y dijo que sab\u00eda lo que le tocaba hacer. Eso s\u00ed, insisti\u00f3, era secreto.<\/p>\n<p>Sandino atendi\u00f3 a 139 enfermos de Grisi Siknis y logr\u00f3 que Rait\u00ed regresara a la calma.<\/p>\n<p>Han pasado nueve a\u00f1os desde aquella historia con Sandino en la portada.<\/p>\n<p>Ahora, ella vive en el barrio El Recreo, de Managua, pero no recibe pacientes ni medios de comunicaci\u00f3n, solo algunas visitas personales, porque ya no ejerce m\u00e1s su oficio de curandera. As\u00ed lo cont\u00f3 Ada Villarreal, la directora del Instituto de Comunicaci\u00f3n Intercultural de la Uraccan, del recinto de Bluefields.<a href=\"https:\/\/www.laprensa.com.ni\/magazine\/wp-content\/uploads\/2017\/05\/Curandera-de-Rait\u00ed.jpg\"><img loading=\"lazy\" decoding=\"async\" class=\"aligncenter size-full wp-image-34719\" src=\"https:\/\/www.laprensa.com.ni\/magazine\/wp-content\/uploads\/2017\/05\/Curandera-de-Rait\u00ed.jpg\" alt=\"Magazine, La curandera de Rait\u00ed\" width=\"700\" height=\"951\" srcset=\"https:\/\/d1xxa24wwackpg.cloudfront.net\/wp-content\/uploads\/2017\/05\/07145631\/Curandera-de-Rait%C3%AD.jpg 700w, https:\/\/d1xxa24wwackpg.cloudfront.net\/wp-content\/uploads\/2017\/05\/07145631\/Curandera-de-Rait%C3%AD.jpg 221w, https:\/\/d1xxa24wwackpg.cloudfront.net\/wp-content\/uploads\/2017\/05\/07145631\/Curandera-de-Rait%C3%AD.jpg 600w\" sizes=\"(max-width: 700px) 100vw, 700px\" \/><\/a><\/p>\n<h3 style=\"text-align: center;\">EL NI\u00d1O GENIO EN EL AJEDREZ<\/h3>\n<p>El genio del ajedrez, David Alarc\u00f3n, no eligi\u00f3 una carrera universitaria con matem\u00e1ticas como uno podr\u00eda suponer por su destreza con el tablero y los n\u00fameros. Siete a\u00f1os despu\u00e9s de que la revista Magazine cont\u00f3 la historia que ten\u00eda enamorada a la cr\u00f3nica deportiva de Nicaragua, David tiene 19 a\u00f1os de edad y cursa el segundo a\u00f1o de sicolog\u00eda con una beca en la Ave Mar\u00eda University, en San Marcos. Despu\u00e9s de aquel perfil que se public\u00f3 en octubre del 2005, gan\u00f3 el Campeonato Nacional de Ajedrez de Primera Divisi\u00f3n y ha seguido jugando desde entonces con excelentes resultados. David sigue siendo un chavalo flaco, seguro de s\u00ed mismo, de sonrisa f\u00e1cil, inteligente y bromista. A\u00fan cita con facilidad libros y autores y, tal como revela su muro de Facebook, confirma que est\u00e1 \u201cen una relaci\u00f3n\u201d. Hace dos a\u00f1os se despidi\u00f3 de los juegos estudiantiles centroamericanos Codicader con cuatro medallas de oro y una de plata y \u201cahora estoy en un nivel alto\u201d, dice, pero su meta es convertirse en un maestro de la Federaci\u00f3n Internacional de Ajedrez (FIDE). Su puntuaci\u00f3n ELO-FIDE, que mide su habilidad en el juego es de 2,113, pero \u00e9l quiere 2,200 o 2,300 puntos. De las matem\u00e1ticas \u201cparece que me aburr\u00ed\u201d, confiesa, y a la hora de elegir carrera la manera en c\u00f3mo su pap\u00e1 lo prepar\u00f3 para cada juego influy\u00f3 en \u00e9l. \u201cEstudio lo que me gusta \u2014dice\u2014 y quiero trabajar con la gente\u201d.<\/p>\n<p><a href=\"https:\/\/www.laprensa.com.ni\/magazine\/wp-content\/uploads\/2017\/05\/Ni\u00f1o-genio.jpg\"><img loading=\"lazy\" decoding=\"async\" class=\"aligncenter size-full wp-image-34720\" src=\"https:\/\/www.laprensa.com.ni\/magazine\/wp-content\/uploads\/2017\/05\/Ni\u00f1o-genio.jpg\" alt=\"Magazine, ni\u00f1o genio\" width=\"700\" height=\"878\" srcset=\"https:\/\/d1xxa24wwackpg.cloudfront.net\/wp-content\/uploads\/2017\/05\/07145630\/Ni%C3%B1o-genio.jpg 700w, https:\/\/d1xxa24wwackpg.cloudfront.net\/wp-content\/uploads\/2017\/05\/07145630\/Ni%C3%B1o-genio.jpg 239w, https:\/\/d1xxa24wwackpg.cloudfront.net\/wp-content\/uploads\/2017\/05\/07145630\/Ni%C3%B1o-genio.jpg 600w\" sizes=\"(max-width: 700px) 100vw, 700px\" \/><\/a><\/p>\n<h3 style=\"text-align: center;\">Cuando se conoci\u00f3 a la miliciana<\/h3>\n<p>Despu\u00e9s de 26 a\u00f1os, los protagonistas de esta foto se reunieron por primera vez y lo hicieron en las p\u00e1ginas de Magazine. El fot\u00f3grafo, la mujer del fusil y el beb\u00e9. Ocurri\u00f3 en mayo del 2010.<\/p>\n<p>Desde ese d\u00eda, la miliciana de Waswalito tuvo nombre y apellido: Blanca L\u00f3pez. Y su hijo tambi\u00e9n, Antonio L\u00f3pez.<\/p>\n<p><a href=\"https:\/\/www.laprensa.com.ni\/magazine\/wp-content\/uploads\/2017\/05\/Blanca-L\u00f3pez-y-Antonio-L\u00f3pez.jpg\"><img loading=\"lazy\" decoding=\"async\" class=\"aligncenter size-full wp-image-34722\" src=\"https:\/\/www.laprensa.com.ni\/magazine\/wp-content\/uploads\/2017\/05\/Blanca-L\u00f3pez-y-Antonio-L\u00f3pez.jpg\" alt=\"Blanca y Antonio L\u00f3pez\" width=\"700\" height=\"461\" srcset=\"https:\/\/d1xxa24wwackpg.cloudfront.net\/wp-content\/uploads\/2017\/05\/07145629\/Blanca-L%C3%B3pez-y-Antonio-L%C3%B3pez.jpg 700w, https:\/\/d1xxa24wwackpg.cloudfront.net\/wp-content\/uploads\/2017\/05\/07145629\/Blanca-L%C3%B3pez-y-Antonio-L%C3%B3pez.jpg 300w, https:\/\/d1xxa24wwackpg.cloudfront.net\/wp-content\/uploads\/2017\/05\/07145629\/Blanca-L%C3%B3pez-y-Antonio-L%C3%B3pez.jpg 600w\" sizes=\"(max-width: 700px) 100vw, 700px\" \/><\/a><\/p>\n<p>La fotograf\u00eda tomada por Orlando Valenzuela hab\u00eda recorrido el mundo entero, fue la imagen oficial de la Campa\u00f1a Mundial de Solidaridad con Nicaragua, era un s\u00edmbolo del pa\u00eds en los a\u00f1os ochenta.<\/p>\n<p>La miliciana era historia, una foto famosa, hasta que Magazine la encontr\u00f3 y as\u00ed, ella y su hijo, contaron su historia.<\/p>\n<p>Viv\u00edan en Siuna. El beb\u00e9, Antonio L\u00f3pez, ya ten\u00eda 27 a\u00f1os y se hab\u00eda graduado como Administrador de Empresas. Ella tuvo 15 hijos y sus condiciones de vida eran sumamente precarias.<\/p>\n<p>Luego del reportaje en Magazine, la empresa HEMCO quiso ayudarle a Blanca L\u00f3pez. En julio del 2011 le dieron las llaves de su casa en Rancho Grande, una comunidad de Siuna. Adem\u00e1s le dieron tres manzanas de tierra.<\/p>\n<p>Contar su historia \u2014dijo el hijo en aquel momento\u2014, cambi\u00f3 la vida de su madre.<\/p>\n<p><a href=\"https:\/\/www.laprensa.com.ni\/magazine\/wp-content\/uploads\/2017\/05\/La-miliciana-de-waswalito.jpg\"><img loading=\"lazy\" decoding=\"async\" class=\"aligncenter size-full wp-image-34723\" src=\"https:\/\/www.laprensa.com.ni\/magazine\/wp-content\/uploads\/2017\/05\/La-miliciana-de-waswalito.jpg\" alt=\"\" width=\"700\" height=\"901\" srcset=\"https:\/\/d1xxa24wwackpg.cloudfront.net\/wp-content\/uploads\/2017\/05\/07145628\/La-miliciana-de-waswalito.jpg 700w, https:\/\/d1xxa24wwackpg.cloudfront.net\/wp-content\/uploads\/2017\/05\/07145628\/La-miliciana-de-waswalito.jpg 233w, https:\/\/d1xxa24wwackpg.cloudfront.net\/wp-content\/uploads\/2017\/05\/07145628\/La-miliciana-de-waswalito.jpg 600w\" sizes=\"(max-width: 700px) 100vw, 700px\" \/><\/a><\/p>\n<h3 style=\"text-align: center;\">Las Mar\u00edas de Boaco<\/h3>\n<p style=\"text-align: center;\">As\u00ed viven las cuatrillizas seis a\u00f1os despu\u00e9s<\/p>\n<p style=\"text-align: center;\"><strong>Por Dora Luz Romero<\/strong><\/p>\n<p style=\"text-align: left;\">Una foto curiosa se asoma desde el archivo de Magazine. Cuatro ni\u00f1as que parecen gotas de agua, regalan una sonrisa. Seis a\u00f1os, blancas, de ojos saltarines y peinadas con dos colitas. Eran Mar\u00eda Alexandra, Mar\u00eda Fernanda, Mar\u00eda Dolores y Mar\u00eda Isabel. Eran las Mar\u00edas Cucal\u00f3n, las cuatrillizas de El Chag\u00fcite, en Boaco.<\/p>\n<p><a href=\"https:\/\/www.laprensa.com.ni\/magazine\/wp-content\/uploads\/2017\/05\/Las-Mar\u00edas-de-Boaco.jpg\"><img loading=\"lazy\" decoding=\"async\" class=\"aligncenter size-full wp-image-34725\" src=\"https:\/\/www.laprensa.com.ni\/magazine\/wp-content\/uploads\/2017\/05\/Las-Mar\u00edas-de-Boaco.jpg\" alt=\"Las cuatrillizas, Boaco\" width=\"700\" height=\"931\" srcset=\"https:\/\/d1xxa24wwackpg.cloudfront.net\/wp-content\/uploads\/2017\/05\/07145627\/Las-Mar%C3%ADas-de-Boaco.jpg 700w, https:\/\/d1xxa24wwackpg.cloudfront.net\/wp-content\/uploads\/2017\/05\/07145627\/Las-Mar%C3%ADas-de-Boaco.jpg 226w, https:\/\/d1xxa24wwackpg.cloudfront.net\/wp-content\/uploads\/2017\/05\/07145627\/Las-Mar%C3%ADas-de-Boaco.jpg 600w\" sizes=\"(max-width: 700px) 100vw, 700px\" \/><\/a><\/p>\n<p>\u00bfQu\u00e9 pasa cuando una embarazada se da cuenta que en vez de una vienen cuatro en camino? La historia la contaba Reina Isabel Reyes, la madre de las peque\u00f1as. Ten\u00eda casi siete meses cuando supo que eran cuatro. Pens\u00f3 que se iba a morir, la panza le hab\u00eda crecido tanto que ni siquiera pod\u00eda caminar. Tambi\u00e9n le asustaba pensar c\u00f3mo le iba a dar de comer a cuatro.<\/p>\n<p>Seis a\u00f1os despu\u00e9s del parto, Magazine viaj\u00f3 a Boaco, a la comarca El Chag\u00fcite que queda a 38 kil\u00f3metros de la ciudad, para buscar a las cuatro ni\u00f1as y relatar su historia. El parecido era asombroso, daba la impresi\u00f3n que las hab\u00edan copiado a la una de la otra. Eran penosas, hablaban poco, pero nunca paraban de sonre\u00edr. La mam\u00e1, sin embargo, contaba las dificultades que ten\u00eda ah\u00ed en el campo para criarlas.<\/p>\n<p>Magazine volvi\u00f3 donde las Cucal\u00f3n despu\u00e9s de seis a\u00f1os. El parecido sigue sorprendiendo. Tienen doce a\u00f1os, van para sexto grado, y ahora sue\u00f1an en grande.<\/p>\n<p>Mar\u00eda Fernanda quiere ser abogada, Mar\u00eda Dolores doctora, a Mar\u00eda Isabel le gusta la computaci\u00f3n y Mar\u00eda Alexandra quisiera ser monja. Para lograrlo, dicen, est\u00e1n seguras que tienen que salir de El Chag\u00fcite. Ah\u00ed, sienten que el mundo les queda lejos, deben caminar m\u00e1s de dos horas para llegar al poblado m\u00e1s cercano. Por ahora, dicen, una bicicleta para cada una ser\u00eda un sue\u00f1o.<\/p>\n<p>Cuando ten\u00edan seis a\u00f1os le ped\u00edan a sus padres que les celebraran un cumplea\u00f1os. \u00c9l, con salario de agricultor, y ella, ama de casa, no han podido hacerlo. Ahora, no se trata de cualquier cumplea\u00f1os. Las cuatrillizas quieren una fiesta para sus quince. \u201cUna fiesta grande pues, vestidas de rosado, ropa nueva\u201d, dice entre dientes Mar\u00eda Fernanda. El resto, la secundan con un si de cabeza. La mam\u00e1, Reina Isabel, la observa, se r\u00ede y confiesa: \u201cCuando ellas me lo piden yo me quedo callada porque solo pienso con qu\u00e9 les hago semejante fiesta. Pero tampoco les puedo decir que no, porque no puedo quitarle sus sue\u00f1os\u201d.<\/p>\n<p><a href=\"https:\/\/www.laprensa.com.ni\/magazine\/wp-content\/uploads\/2017\/05\/Magazine-Por-docenas-m\u00e1s-barato.jpg\"><img loading=\"lazy\" decoding=\"async\" class=\"aligncenter size-full wp-image-34727\" src=\"https:\/\/www.laprensa.com.ni\/magazine\/wp-content\/uploads\/2017\/05\/Magazine-Por-docenas-m\u00e1s-barato.jpg\" alt=\"\" width=\"700\" height=\"920\" srcset=\"https:\/\/d1xxa24wwackpg.cloudfront.net\/wp-content\/uploads\/2017\/05\/07145626\/Magazine-Por-docenas-m%C3%A1s-barato.jpg 700w, https:\/\/d1xxa24wwackpg.cloudfront.net\/wp-content\/uploads\/2017\/05\/07145626\/Magazine-Por-docenas-m%C3%A1s-barato.jpg 228w, https:\/\/d1xxa24wwackpg.cloudfront.net\/wp-content\/uploads\/2017\/05\/07145626\/Magazine-Por-docenas-m%C3%A1s-barato.jpg 600w\" sizes=\"(max-width: 700px) 100vw, 700px\" \/><\/a><\/p>\n<h3 style=\"text-align: center;\">Genios graduados<\/h3>\n<p style=\"text-align: center;\">As\u00ed se enfrenta al mundo la primera generaci\u00f3n del Ideas, conocido como \u201cescuela para genios\u201d<\/p>\n<p style=\"text-align: center;\"><strong>Por Dora Luz Romero<\/strong><\/p>\n<p>Hace cinco a\u00f1os eran unos ni\u00f1os llenos de nervios y temores que comenzaban una nueva etapa en sus vidas: la secundaria. Pero no cualquier secundaria.<\/p>\n<p>Eran 130 peque\u00f1os que ingresaban al Instituto de Excelencia Acad\u00e9mica Sandino (Ideas), mejor conocido como \u201cescuela para genios\u201d, un proyecto que supon\u00eda ser un modelo de educaci\u00f3n en Nicaragua. Dejaron sus familias y se internaron en el centro ubicado en Diriamba.<\/p>\n<p>Magazine visit\u00f3 el Ideas cuando el proyecto iniciaba, en el 2008. Los estudiantes entusiasmados recitaban sus logros acad\u00e9micos en primaria para demostrar que merec\u00edan estar ah\u00ed. Se sent\u00edan los mejores, se sent\u00edan especiales y tambi\u00e9n so\u00f1aban con un futuro brillante. De m\u00e9dicos, de presidentes, de ingenieros.<\/p>\n<p>Setenta y tres, seg\u00fan el Ministerio de Educaci\u00f3n, lograron culminar y se graduaron en diciembre pasado. Y a partir de ah\u00ed, cada cual tom\u00f3 su camino. Ellos son la primera generaci\u00f3n de \u201cgenios\u201d graduados.<\/p>\n<p>\u00bfQu\u00e9 vendr\u00eda despu\u00e9s del Ideas para los estudiantes? Mercedes Cerda, directora del centro, fue clara en aquella entrevista: \u201cLo que se quiere aqu\u00ed es que se grad\u00faen bachilleres de calidad, que no hagan examen de admisi\u00f3n en las universidades, sino que sean ellos quienes opten por lo que desean estudiar e inmediatamente se les d\u00e9 una beca en una universidad estatal. Tambi\u00e9n tendr\u00e1n la oportunidad para optar a becas en el extranjero\u201d.<\/p>\n<p>Hoy, la historia es otra y la cuentan los cuatros estudiantes que hace cinco a\u00f1os ilustraron nuestra portada.<\/p>\n<p style=\"text-align: left;\"><a href=\"https:\/\/www.laprensa.com.ni\/magazine\/wp-content\/uploads\/2017\/05\/Nilson-Guti\u00e9rrez.jpg\"><img loading=\"lazy\" decoding=\"async\" class=\"size-medium wp-image-34728 aligncenter\" src=\"https:\/\/www.laprensa.com.ni\/magazine\/wp-content\/uploads\/2017\/05\/Nilson-Guti\u00e9rrez-199x300.jpg\" alt=\"\" width=\"199\" height=\"300\" \/><\/a><\/p>\n<p>Nilson Guti\u00e9rrez tiene la misma sonrisa penosa. En eso no ha cambiado. De ah\u00ed, est\u00e1 m\u00e1s alto, menos gordito y ya tiene 17 a\u00f1os.<\/p>\n<p>Cinco a\u00f1os atr\u00e1s Nilson dejaba su casa para estudiar secundaria. Todo era nuevo, cuando lleg\u00f3 al Ideas \u2014reconoci\u00f3\u2014 lo que m\u00e1s llamaba su atenci\u00f3n eran los inodoros. En casa solo ten\u00eda letrina.<\/p>\n<p>En enero hizo examen de admisi\u00f3n en la Universidad Nacional de Ingenier\u00edas (UNI). Clasific\u00f3 en su primera opci\u00f3n, Ingenier\u00eda Electr\u00f3nica. .<\/p>\n<p>&nbsp;<\/p>\n<p><a href=\"https:\/\/www.laprensa.com.ni\/magazine\/wp-content\/uploads\/2017\/05\/Clara-Ramos.jpg\"><img loading=\"lazy\" decoding=\"async\" class=\"aligncenter size-medium wp-image-34729\" src=\"https:\/\/www.laprensa.com.ni\/magazine\/wp-content\/uploads\/2017\/05\/Clara-Ramos-300x274.jpg\" alt=\"\" width=\"300\" height=\"274\" srcset=\"https:\/\/d1xxa24wwackpg.cloudfront.net\/wp-content\/uploads\/2017\/05\/07145623\/Clara-Ramos.jpg 300w, https:\/\/d1xxa24wwackpg.cloudfront.net\/wp-content\/uploads\/2017\/05\/07145623\/Clara-Ramos.jpg 600w, https:\/\/d1xxa24wwackpg.cloudfront.net\/wp-content\/uploads\/2017\/05\/07145623\/Clara-Ramos.jpg 700w\" sizes=\"(max-width: 300px) 100vw, 300px\" \/><\/a><\/p>\n<p>&nbsp;<\/p>\n<p>Los n\u00fameros quieren a Clara Ramos, de 17 a\u00f1os. O al menos eso es lo que ella cree. Este a\u00f1o entrar\u00e1 a la Universidad Centroamericana (UCA) donde fue becada para estudiar Econom\u00eda Aplicada. Pero hay unos n\u00fameros que a\u00fan no cuadran. Sus padres todav\u00eda no saben c\u00f3mo har\u00e1n para costear el transporte de Carazo a Managua para que pueda estudiar.<\/p>\n<p>Este a\u00f1o termina un t\u00e9cnico en Contabilidad y piensa estudiar y trabajar a la vez. \u201cDeseo echarla toda en la UCA, sobresalir, terminar mi carrera\u201d.<\/p>\n<p>Su paso por el Ideas \u2014reconoce\u2014 cambi\u00f3 su vida. \u201cMe abri\u00f3 una puerta, una oportunidad de realizarme y seguir adelante\u201d.<\/p>\n<p><a href=\"https:\/\/www.laprensa.com.ni\/magazine\/wp-content\/uploads\/2017\/05\/Amalia-Reyes.jpg\"><img loading=\"lazy\" decoding=\"async\" class=\"aligncenter size-medium wp-image-34730\" src=\"https:\/\/www.laprensa.com.ni\/magazine\/wp-content\/uploads\/2017\/05\/Amalia-Reyes-238x300.jpg\" alt=\"\" width=\"238\" height=\"300\" srcset=\"https:\/\/d1xxa24wwackpg.cloudfront.net\/wp-content\/uploads\/2017\/05\/07145622\/Amalia-Reyes.jpg 238w, https:\/\/d1xxa24wwackpg.cloudfront.net\/wp-content\/uploads\/2017\/05\/07145622\/Amalia-Reyes.jpg 600w, https:\/\/d1xxa24wwackpg.cloudfront.net\/wp-content\/uploads\/2017\/05\/07145622\/Amalia-Reyes.jpg 700w\" sizes=\"(max-width: 238px) 100vw, 238px\" \/><\/a><\/p>\n<p>Separarse de su familia durante cinco a\u00f1os \u2014cuenta Amalia Reyes, de 16 a\u00f1os\u2014, fue lo m\u00e1s dif\u00edcil de estudiar en el Ideas. Su familia hab\u00eda quedado en Juigalpa, Chontales. \u201cNo pod\u00eda superar que no estaba con ellos, me hac\u00edan mucha falta\u201d, reconoce.<\/p>\n<p>Ideas le cambi\u00f3 su vida, dice Amalia. \u201cCuando entr\u00e9 era una ni\u00f1a, pero ah\u00ed pude desarrollarme intelectualmente y siento que mis compa\u00f1eros fueron mis hermanos\u201d.<\/p>\n<p>Ahora Amalia estudiar\u00e1 Odontolog\u00eda, la carrera que siempre quiso desde que era ni\u00f1a.<\/p>\n<p><a href=\"https:\/\/www.laprensa.com.ni\/magazine\/wp-content\/uploads\/2017\/05\/150732-1.jpg\"><img loading=\"lazy\" decoding=\"async\" class=\"aligncenter size-medium wp-image-34731\" src=\"https:\/\/www.laprensa.com.ni\/magazine\/wp-content\/uploads\/2017\/05\/150732-1-297x300.jpg\" alt=\"\" width=\"297\" height=\"300\" srcset=\"https:\/\/d1xxa24wwackpg.cloudfront.net\/wp-content\/uploads\/2017\/05\/07145622\/150732-1.jpg 297w, https:\/\/d1xxa24wwackpg.cloudfront.net\/wp-content\/uploads\/2017\/05\/07145622\/150732-1.jpg 24w, https:\/\/d1xxa24wwackpg.cloudfront.net\/wp-content\/uploads\/2017\/05\/07145622\/150732-1.jpg 48w, https:\/\/d1xxa24wwackpg.cloudfront.net\/wp-content\/uploads\/2017\/05\/07145622\/150732-1.jpg 96w, https:\/\/d1xxa24wwackpg.cloudfront.net\/wp-content\/uploads\/2017\/05\/07145622\/150732-1.jpg 100w, https:\/\/d1xxa24wwackpg.cloudfront.net\/wp-content\/uploads\/2017\/05\/07145622\/150732-1.jpg 600w, https:\/\/d1xxa24wwackpg.cloudfront.net\/wp-content\/uploads\/2017\/05\/07145622\/150732-1.jpg 700w\" sizes=\"(max-width: 297px) 100vw, 297px\" \/><\/a><\/p>\n<p>Las oportunidades no llegan a ella, ella va tras las oportunidades. Mercedes Jahomy Leiva las busca, las crea.<\/p>\n<p>Cinco a\u00f1os atr\u00e1s, con 13 a\u00f1os, contaba su sue\u00f1o en voz alta. Quer\u00eda ser Presidenta de Nicaragua o \u201ctambi\u00e9n podr\u00eda ser una cirujana pl\u00e1stica\u201d.<\/p>\n<p>Cuatro de los cinco a\u00f1os que estuvo en el Ideas fue la presidenta del colegio y eso le sirvi\u00f3 para darse cuenta de las necesidades de los alumnos y del colegio.<\/p>\n<p>El sue\u00f1o de ser presidenta est\u00e1 detenido por ahora. Ya con 18 a\u00f1os, busca estudiar medicina y luego especializarse como cirujano pl\u00e1stico.<\/p>\n<p>Pero Mercedes est\u00e1 molesta. \u201cA nosotros nos prometieron becas al exterior, pero en realidad estamos a la deriva, no tenemos respuesta\u201d, dice.<\/p>\n<p>Ella no es de esperar, as\u00ed que entrar\u00e1 a la UNAN de Le\u00f3n, pero sigue alerta ante la respuesta de las autoridades del colegio y del Ministerio de Educaci\u00f3n sobre la beca que le prometieron. \u201cSi Dios quiere, irme a Cuba a estudiar ser\u00eda lo ideal para m\u00ed\u201d, dice.<\/p>\n<p><a href=\"https:\/\/www.laprensa.com.ni\/magazine\/wp-content\/uploads\/2017\/05\/150732-2.jpg\"><img loading=\"lazy\" decoding=\"async\" class=\"aligncenter wp-image-34732 size-full\" src=\"https:\/\/www.laprensa.com.ni\/magazine\/wp-content\/uploads\/2017\/05\/150732-2.jpg\" alt=\"Magazine, Sue\u00f1os de grandeza\" width=\"700\" height=\"923\" srcset=\"https:\/\/d1xxa24wwackpg.cloudfront.net\/wp-content\/uploads\/2017\/05\/07145620\/150732-2.jpg 700w, https:\/\/d1xxa24wwackpg.cloudfront.net\/wp-content\/uploads\/2017\/05\/07145620\/150732-2.jpg 228w, https:\/\/d1xxa24wwackpg.cloudfront.net\/wp-content\/uploads\/2017\/05\/07145620\/150732-2.jpg 600w\" sizes=\"(max-width: 700px) 100vw, 700px\" \/><\/a><\/p>\n<h4>Origen<\/h4>\n<p>Este proyecto fue concebido durante el mandato del expresidente Enrique Bola\u00f1os, quien lo inaugur\u00f3 en el 2007, antes de entregar la banda presidencial.<br \/>\nFue pensado como un sitio donde llegar\u00edan los mejores estudiantes de todo el pa\u00eds y recibir\u00edan educaci\u00f3n de primera categor\u00eda.<br \/>\nIDEAS arranc\u00f3 con 2.7 millones de d\u00f3lares que la Embajada de Estados Unidos entreg\u00f3 a Nicaragua. Esos fondos proven\u00edan de la venta de una propiedad en Miami confiscada al ex director general de ingresos, Byron J\u00e9rez, quien fue acusado de corrupci\u00f3n junto al ex presidente Arnoldo Alem\u00e1n..<\/p>\n<h3 style=\"text-align: center;\">El drama de los ni\u00f1os de Rosita<\/h3>\n<p style=\"text-align: center;\">Una enfermedad incurable que aisl\u00f3 del mundo a tres peque\u00f1os<\/p>\n<p style=\"text-align: center;\"><strong>Por Jos\u00e9 Garth<\/strong><\/p>\n<p style=\"text-align: left;\">Viven aislados, tienen la piel enronchada y llagada y no pueden exponerse a la luz del sol. Con suerte, predicen los m\u00e9dicos, vivir\u00e1n veinte a\u00f1os. Ese es el destino de Elisa, de Marlon y de Niesel.<\/p>\n<p>La primera vez que se supo de ellos fue en Magazine, en julio de 2006. Se trataba de esas historias que revuelcan los sentimientos, que erizan la piel, que conmueven.<\/p>\n<figure id=\"attachment_34733\" aria-describedby=\"caption-attachment-34733\" style=\"width: 700px\" class=\"wp-caption aligncenter\"><a href=\"https:\/\/www.laprensa.com.ni\/magazine\/wp-content\/uploads\/2017\/05\/Los-Paterson-P\u00e9rez-fueron-la-portada-de-Magazine-en-julio-de-l-2006.jpg\"><img loading=\"lazy\" decoding=\"async\" class=\"size-full wp-image-34733\" src=\"https:\/\/www.laprensa.com.ni\/magazine\/wp-content\/uploads\/2017\/05\/Los-Paterson-P\u00e9rez-fueron-la-portada-de-Magazine-en-julio-de-l-2006.jpg\" alt=\"\" width=\"700\" height=\"525\" srcset=\"https:\/\/d1xxa24wwackpg.cloudfront.net\/wp-content\/uploads\/2017\/05\/07145619\/Los-Paterson-P%C3%A9rez-fueron-la-portada-de-Magazine-en-julio-de-l-2006.jpg 700w, https:\/\/d1xxa24wwackpg.cloudfront.net\/wp-content\/uploads\/2017\/05\/07145619\/Los-Paterson-P%C3%A9rez-fueron-la-portada-de-Magazine-en-julio-de-l-2006.jpg 300w, https:\/\/d1xxa24wwackpg.cloudfront.net\/wp-content\/uploads\/2017\/05\/07145619\/Los-Paterson-P%C3%A9rez-fueron-la-portada-de-Magazine-en-julio-de-l-2006.jpg 600w\" sizes=\"(max-width: 700px) 100vw, 700px\" \/><\/a><figcaption id=\"caption-attachment-34733\" class=\"wp-caption-text\">Los Paterson P\u00e9rez fueron la portada de Magazine en julio del 2006 (a la izquierda). A la derecha una foto actual donde aparecen junto a su mam\u00e1, Andrea P\u00e9rez<\/figcaption><\/figure>\n<p>Tres ni\u00f1os afectados por una rara enfermedad llamada xerodermia pigmentosa, un padecimiento en la piel que los condena. Los condena a la oscuridad, a la ceguera, a la muerte. Eran tres de los cinco hijos de Solano Paterson G\u00f3mez y Andrea P\u00e9rez.<\/p>\n<p>Viv\u00edan en la comunidad llamada Divahil a cinco kil\u00f3metros de Rosita, en una casita de madera, forrada de bamb\u00fa para que la luz no alcanzara a los ni\u00f1os. Cuando llegaban visitas los escond\u00edan debajo de unas s\u00e1banas, los ni\u00f1os de la comunidad les dec\u00edan los \u201cpiel podrida\u201d.<\/p>\n<p>La enfermedad \u2014explicaban los m\u00e9dicos\u2014 era gen\u00e9tica, pero para la cultura miskita se trataba de una sirena que andaba por el r\u00edo y que les pudr\u00eda la piel.<\/p>\n<p>Los padres buscaban curanderos, m\u00e9dicos, alguien que les diera una explicaci\u00f3n. \u201cSi mi sangre era la mala, les dije, yo matar a todos mis hijos, matarme y a ella tambi\u00e9n\u201d, confes\u00f3 Paterson que le dijo a los m\u00e9dicos en un momento de desesperaci\u00f3n.<\/p>\n<p>Los ni\u00f1os ped\u00edan poco para ser felices. Y eso dol\u00eda m\u00e1s todav\u00eda. Quer\u00edan tener juguetes, poder comer carne y no solo arroz y frijoles, anhelaban poder salir a jugar como el resto de los de su edad.<\/p>\n<p>El drama de los Paterson P\u00e9rez en las p\u00e1ginas de Magazine despert\u00f3 la solidaridad. Se les dio una casa y tambi\u00e9n la Fundaci\u00f3n Fabretto colabor\u00f3 con el traslado de los ni\u00f1os al Hospital Dermatol\u00f3gico Nacional para que recibieran tratamiento.<\/p>\n<p>La enfermedad, la pobreza, el encierro. Uno bien pod\u00eda pensar que la vida de los Paterson P\u00e9rez no pod\u00eda empeorar, pero s\u00ed ocurri\u00f3. Magazine los visit\u00f3 de nuevo y encontr\u00f3 que en el 2007, Solano Paterson muri\u00f3 y su esposa Andrea qued\u00f3 sola al cuido de los peque\u00f1os.<\/p>\n<p>M\u00e1s todav\u00eda. Marlon, de 12 a\u00f1os, ya perdi\u00f3 la vista, igual que su hermana Elisa, de 16 a\u00f1os. Niesel, de 10 a\u00f1os, va por el mismo camino.<\/p>\n<p>Para sobrevivir, Andrea P\u00e9rez sale a trabajar de dom\u00e9stica. Lava y plancha. El Ministerio de la Familia les entrega cada mes un paquete de comida y tambi\u00e9n reciben ayuda de las religiosas de la Iglesia cat\u00f3lica de Rosita, quienes les dan medicina.<\/p>\n<p>La \u00faltima vez que recibieron consulta m\u00e9dica fue en el 2009.<\/p>\n<p>Y ah\u00ed est\u00e1n los tres. Elisa, sentada en una hamaca ra\u00edda, Marlon camina sin camisa y Niesel, el m\u00e1s chiquito, todos los d\u00edas desaf\u00eda la luz del d\u00eda y sale a jugar al patio.<\/p>\n<p><a href=\"https:\/\/www.laprensa.com.ni\/magazine\/wp-content\/uploads\/2017\/05\/Magazine-Ni\u00f1os-condenados-a-la-oscuridad.jpg\"><img loading=\"lazy\" decoding=\"async\" class=\"aligncenter size-full wp-image-34734\" src=\"https:\/\/www.laprensa.com.ni\/magazine\/wp-content\/uploads\/2017\/05\/Magazine-Ni\u00f1os-condenados-a-la-oscuridad.jpg\" alt=\"\" width=\"700\" height=\"947\" srcset=\"https:\/\/d1xxa24wwackpg.cloudfront.net\/wp-content\/uploads\/2017\/05\/07145619\/Magazine-Ni%C3%B1os-condenados-a-la-oscuridad.jpg 700w, https:\/\/d1xxa24wwackpg.cloudfront.net\/wp-content\/uploads\/2017\/05\/07145619\/Magazine-Ni%C3%B1os-condenados-a-la-oscuridad.jpg 222w, https:\/\/d1xxa24wwackpg.cloudfront.net\/wp-content\/uploads\/2017\/05\/07145619\/Magazine-Ni%C3%B1os-condenados-a-la-oscuridad.jpg 600w\" sizes=\"(max-width: 700px) 100vw, 700px\" \/><\/a><\/p>\n<div id=\"s3gt_translate_tooltip_mini\" class=\"s3gt_translate_tooltip_mini_box\" style=\"background: initial !important; border: initial !important; border-radius: initial !important; border-spacing: initial !important; border-collapse: initial !important; direction: ltr !important; flex-direction: initial !important; font-weight: initial !important; height: initial !important; letter-spacing: initial !important; min-width: initial !important; max-width: initial !important; min-height: initial !important; max-height: initial !important; margin: auto !important; outline: initial !important; padding: initial !important; position: absolute; table-layout: initial !important; text-align: initial !important; text-shadow: initial !important; width: initial !important; word-break: initial !important; word-spacing: initial !important; overflow-wrap: initial !important; box-sizing: initial !important; display: initial !important; color: inherit !important; font-size: 13px !important; font-family: X-LocaleSpecific, sans-serif, Tahoma, Helvetica !important; line-height: 13px !important; vertical-align: top !important; white-space: inherit !important; left: 440px; top: 25144px; opacity: 0.15;\">\n<div id=\"s3gt_translate_tooltip_mini_logo\" class=\"s3gt_translate_tooltip_mini\" title=\"Traducir texto seleccionado\"><\/div>\n<div id=\"s3gt_translate_tooltip_mini_sound\" class=\"s3gt_translate_tooltip_mini\" title=\"Escuchar\"><\/div>\n<div id=\"s3gt_translate_tooltip_mini_copy\" class=\"s3gt_translate_tooltip_mini\" title=\"Copiar texto al Portapapeles\"><\/div>\n<\/div>\n","protected":false},"excerpt":{"rendered":"<p>Sus vidas e historias salieron en Magazine. Ahora, a\u00f1os despu\u00e9s, decidimos buscar a nuestros protagonistas para contarles la historia despu\u00e9s de la portada<\/p>\n","protected":false},"author":46,"featured_media":34735,"comment_status":"open","ping_status":"open","sticky":false,"template":"","format":"standard","meta":{"_acf_changed":false,"footnotes":""},"categories":[26],"tags":[],"class_list":["post-34709","post","type-post","status-publish","format-standard","has-post-thumbnail","hentry","category-reportajes"],"acf":[],"_links":{"self":[{"href":"https:\/\/staging.laprensanic.com\/magazine\/wp-json\/wp\/v2\/posts\/34709","targetHints":{"allow":["GET"]}}],"collection":[{"href":"https:\/\/staging.laprensanic.com\/magazine\/wp-json\/wp\/v2\/posts"}],"about":[{"href":"https:\/\/staging.laprensanic.com\/magazine\/wp-json\/wp\/v2\/types\/post"}],"author":[{"embeddable":true,"href":"https:\/\/staging.laprensanic.com\/magazine\/wp-json\/wp\/v2\/users\/46"}],"replies":[{"embeddable":true,"href":"https:\/\/staging.laprensanic.com\/magazine\/wp-json\/wp\/v2\/comments?post=34709"}],"version-history":[{"count":9,"href":"https:\/\/staging.laprensanic.com\/magazine\/wp-json\/wp\/v2\/posts\/34709\/revisions"}],"predecessor-version":[{"id":44904,"href":"https:\/\/staging.laprensanic.com\/magazine\/wp-json\/wp\/v2\/posts\/34709\/revisions\/44904"}],"wp:featuredmedia":[{"embeddable":true,"href":"https:\/\/staging.laprensanic.com\/magazine\/wp-json\/wp\/v2\/media\/34735"}],"wp:attachment":[{"href":"https:\/\/staging.laprensanic.com\/magazine\/wp-json\/wp\/v2\/media?parent=34709"}],"wp:term":[{"taxonomy":"category","embeddable":true,"href":"https:\/\/staging.laprensanic.com\/magazine\/wp-json\/wp\/v2\/categories?post=34709"},{"taxonomy":"post_tag","embeddable":true,"href":"https:\/\/staging.laprensanic.com\/magazine\/wp-json\/wp\/v2\/tags?post=34709"}],"curies":[{"name":"wp","href":"https:\/\/api.w.org\/{rel}","templated":true}]}}