{"id":34805,"date":"2012-07-08T11:04:12","date_gmt":"2012-07-08T17:04:12","guid":{"rendered":"https:\/\/www.magazine.com.ni\/?p=34805"},"modified":"2020-09-08T14:02:41","modified_gmt":"2020-09-08T20:02:41","slug":"traicion-y-muerte-en-el-fsln","status":"publish","type":"post","link":"https:\/\/staging.laprensanic.com\/magazine\/reportajes\/traicion-y-muerte-en-el-fsln\/","title":{"rendered":"Traici\u00f3n y muerte en el FSLN"},"content":{"rendered":"<p style=\"text-align: center;\">Traiciones. Delaciones. Imprudencias. Detr\u00e1s de la muerte de algunos de los primeros l\u00edderes del FSLN, que cayeron antes del triunfo de la revoluci\u00f3n, no solo est\u00e1 el hero\u00edsmo que se recuerda en estos d\u00edas<\/p>\n<p style=\"text-align: center;\"><strong>Por Arlen Cerda<\/strong><\/p>\n<p>A los 19 a\u00f1os de edad, Pedro Ar\u00e1uz Palacios (Diriomo, 1949-Tipitapa 1977) era un experto en la organizaci\u00f3n y movilizaci\u00f3n de las bases sandinistas para dirigir protestas y acciones contra la dinast\u00eda somocista en Nicaragua. \u00c9l se involucr\u00f3 con el Frente Sandinista desde 1969 y su ascenso en la direcci\u00f3n del partido result\u00f3 natural cuando todos los miembros de la primera direcci\u00f3n de ese partido hab\u00edan sido asesinados por la Guardia, estaban presos o resid\u00edan en el exterior, como lo estaba Carlos Fonseca Amador (1936-1976), fundador y l\u00edder del FSLN.<\/p>\n<p>As\u00ed, despu\u00e9s de nueve a\u00f1os en la lucha, era un maestro de la conspiraci\u00f3n, experto y estricto en tomar medidas de seguridad y en camuflarse. Federico, Jorge Luis, Noel. \u00c9l usaba un nombre y disfraz diferente y se movilizaba en distintas casas de seguridad para despistar a los guardias somocistas, pero el 17 de octubre de 1977 la Guardia lo logr\u00f3 asesinar en la carretera Masaya-Tipitapa.<\/p>\n<p>\u201cCay\u00f3 como un ni\u00f1o frente a la acci\u00f3n de los infiltrados que seguramente estuvieron detr\u00e1s de su muerte\u201d, asegura la comandante guerrillera M\u00f3nica Baltodano.<\/p>\n<p>En su trilog\u00eda <em>Memorias de la lucha sandinista<\/em> (2011), Baltodano sostiene que muchas de las muertes de guerrilleros sandinistas que se registran como \u201cca\u00eddos en combate\u201d en realidad fueron asesinatos de la Guardia, que ten\u00eda infiltrados en las filas del FSLN. Y algunos de sus primeros l\u00edderes como Ar\u00e1uz Palacios, Eduardo Contreras y Jos\u00e9 Benito Escobar, fueron v\u00edctimas de eso.<\/p>\n<p>La labor de infiltrados se reporta en varios movimientos de Am\u00e9rica Latina despu\u00e9s del triunfo de la Revoluci\u00f3n cubana y el auge guerrillero en algunos pa\u00edses de la regi\u00f3n. \u201cEran gente del Servicio Anticomunista (SAC) que aqu\u00ed colabor\u00f3 con la Oficina de Seguridad Nacional\u201d, asegura Baltodano.<\/p>\n<p>La labor de ese servicio y de los infiltrados o informantes que la Guardia consegu\u00eda tras la captura de algunos guerrilleros, que eran interrogados y torturados en sus c\u00e1rceles, era vigilar, perseguir, infiltrar y aniquilar a los que se consideraban movimientos comunistas y, m\u00e1s tarde, a los miembros de la Direcci\u00f3n Nacional del Frente Sandinista.<\/p>\n<p>La comandante guerrillera Dora Mar\u00eda T\u00e9llez, que particip\u00f3 en la toma del Palacio Nacional, en agosto de 1978, confirma que Jos\u00e9 Benito Escobar fue asesinado por la Guardia despu\u00e9s de ser delatado por uno de sus compa\u00f1eros, que result\u00f3 ser infiltrado.<\/p>\n<p>Los diarios LA PRENSA y <em>Barricada<\/em>, de principios de 1980, dan detalles de c\u00f3mo Marvin Corrales Ir\u00edas confes\u00f3 haber delatado a Escobar. \u201c\u00c9l a m\u00ed me lo dijo. Jos\u00e9 Benito hab\u00eda participado en una reuni\u00f3n con otros compa\u00f1eros y al d\u00eda siguiente sali\u00f3 a las 6:00 de la ma\u00f1ana hacia su casa de seguridad. Marvin avis\u00f3 a los guardias, se mont\u00f3 con ellos en el veh\u00edculo, lo alcanzan, \u00e9l lo se\u00f1ala y la Guardia lo mata\u201d, recuerda Baltodano.<\/p>\n<p>Mediante la tortura, chantaje o amenazas, la Guardia reclutaba a la gente para que pasara informaci\u00f3n o se infiltrara. Una gran cantidad de ataques a dirigentes y cuadros locales del FSLN que Baltodano relata en su trilog\u00eda solo pudieron realizarse por el dominio de la informaci\u00f3n de sus casas de seguridad y veh\u00edculos en los que se desplazaban, seg\u00fan revelan sus entrevistados.<\/p>\n<p style=\"text-align: center;\">***<\/p>\n<figure id=\"attachment_34816\" aria-describedby=\"caption-attachment-34816\" style=\"width: 700px\" class=\"wp-caption aligncenter\"><a href=\"https:\/\/gep90.laprensa.com.ni\/magazine\/wp-content\/uploads\/2017\/05\/137777-1.jpg\"><img fetchpriority=\"high\" decoding=\"async\" class=\"size-full wp-image-34816\" src=\"https:\/\/gep90.laprensa.com.ni\/magazine\/wp-content\/uploads\/2017\/05\/137777-1.jpg\" alt=\"\" width=\"700\" height=\"434\" srcset=\"https:\/\/d1xxa24wwackpg.cloudfront.net\/wp-content\/uploads\/2017\/05\/07145533\/137777-1.jpg 700w, https:\/\/d1xxa24wwackpg.cloudfront.net\/wp-content\/uploads\/2017\/05\/07145533\/137777-1.jpg 300w, https:\/\/d1xxa24wwackpg.cloudfront.net\/wp-content\/uploads\/2017\/05\/07145533\/137777-1.jpg 600w\" sizes=\"(max-width: 700px) 100vw, 700px\" \/><\/a><figcaption id=\"caption-attachment-34816\" class=\"wp-caption-text\">Entre finales de 1975 y mediados de 1976, el Frente Sandinista se dividi\u00f3 en tres tendencias: los de la Guerra Popular Prolongada, los Proletarios y los Terceristas. Carlos Fonseca regres\u00f3 a Nicaragua en noviembre de 1975 y decidi\u00f3 ingresar a la monta\u00f1a en marzo de 1976 en busca de una reuni\u00f3n por la unidad sandinista. No lo logr\u00f3.<\/figcaption><\/figure>\n<p>&nbsp;<\/p>\n<p>La muerte de Carlos Fonseca Amador, fundador y l\u00edder del Frente Sandinista, que tras el triunfo de la insurrecci\u00f3n en julio de 1979 fue reconocido como jefe de la Revoluci\u00f3n Popular Sandinista, es una de las m\u00e1s discutidas entre miembros del FSLN que lo conocieron y sobrevivieron a la revoluci\u00f3n o que trataron de documentar los hechos. Incluso, en m\u00e1s de alguna ocasi\u00f3n se ha insinuado que Fonseca fue v\u00edctima de una trampa de parte de otros dirigentes del partido, que entonces estaba dividido en tres tendencias con sus propias estructuras.<\/p>\n<p>Baltodano y Francisco Rivera Quintero, el Zorro, uno de los guerrilleros que se despidi\u00f3 de Fonseca en la monta\u00f1a, aseguran, sin embargo, que su asesinato se debi\u00f3 al riesgo de la penetraci\u00f3n de la Guardia en la zona y a su falta de condiciones f\u00edsicas para la expedici\u00f3n, sobre todo su miop\u00eda.<\/p>\n<p>\u201cNo hubo una celada. Es totalmente falso que alguien quisiera que \u00e9l muriera&#8230; Su muerte fue un golpe enorme para los sandinistas y para las posibilidades de la unidad\u201d, dice Baltodano. Una unidad que tampoco vieron los dirigentes que cayeron o fueron emboscados y asesinados antes de 1979, cuando miles celebraron el triunfo de la revoluci\u00f3n.<\/p>\n<p>&nbsp;<\/p>\n<blockquote>\n<p style=\"text-align: center;\">\u201c&#8230;En las cronolog\u00edas del Instituto de Estudio del Sandinismo (IES) aparecen muchos compa\u00f1eros como muertos en combate, cuando en realidad fueron simplemente asesinados. Para la familia y la organizaci\u00f3n, decir que cay\u00f3 en combate entra\u00f1aba cierta heroicidad y esto permiti\u00f3, de alguna manera, que se encubrieran cr\u00edmenes del somocismo\u201d.<\/p>\n<p style=\"text-align: center;\">M\u00f3nica Baltodano,<\/p>\n<p style=\"text-align: center;\">comandante guerrillera, en <em>Memorias de la lucha sandinista<\/em>, 2011<\/p>\n<\/blockquote>\n<figure id=\"attachment_34817\" aria-describedby=\"caption-attachment-34817\" style=\"width: 700px\" class=\"wp-caption aligncenter\"><a href=\"https:\/\/gep90.laprensa.com.ni\/magazine\/wp-content\/uploads\/2017\/05\/137777-2.jpg\"><img decoding=\"async\" class=\"size-full wp-image-34817\" src=\"https:\/\/gep90.laprensa.com.ni\/magazine\/wp-content\/uploads\/2017\/05\/137777-2.jpg\" alt=\"\" width=\"700\" height=\"614\" srcset=\"https:\/\/d1xxa24wwackpg.cloudfront.net\/wp-content\/uploads\/2017\/05\/07145532\/137777-2.jpg 700w, https:\/\/d1xxa24wwackpg.cloudfront.net\/wp-content\/uploads\/2017\/05\/07145532\/137777-2.jpg 300w, https:\/\/d1xxa24wwackpg.cloudfront.net\/wp-content\/uploads\/2017\/05\/07145532\/137777-2.jpg 600w\" sizes=\"(max-width: 700px) 100vw, 700px\" \/><\/a><figcaption id=\"caption-attachment-34817\" class=\"wp-caption-text\">El\u00edas Noguera y Germ\u00e1n Pomares \u201cel Danto\u201d en el cerro Las Cuchillas, en 1979. Pomares cay\u00f3 en combate unas siete semanas antes del triunfo de la revoluci\u00f3n.<\/figcaption><\/figure>\n<p>&nbsp;<\/p>\n<p><strong>El error de Fonseca<\/strong><\/p>\n<p>Francisco Rivera Quintero, el Zorro, fue uno de los \u00faltimos guerrilleros que se despidi\u00f3 de Carlos Fonseca unas horas antes de que \u00e9l fuera asesinado en la comarca Zinica, el 7 de noviembre de 1976.<\/p>\n<p>En \u201cLa marca del Zorro, haza\u00f1as de Francisco Rivera Quintero\u201d, el guerrillero que falleci\u00f3 de una enfermedad del h\u00edgado en 1998, cont\u00f3 al escritor Sergio Ram\u00edrez las condiciones que precedieron la muerte de Fonseca.<\/p>\n<p>\u201cFue directo a su muerte, obsesionado por esa idea de una reuni\u00f3n para la unidad, medio ciego, guiado por un ni\u00f1o bajo la lluvia en la noche cerrada de la monta\u00f1a y cercado de los peores presagios: patrullas asesinas, helic\u00f3pteros, perros de presa; las comarcas sembradas de muertos, los ranchos y las milpas quemadas, los caminos vigilados palmo a palmo, la Guardia acampando en las capillas y las ermitas, y cuando todo el mundo nos denunciaba por miedo y eran pocos los que se atrev\u00edan a colaborar\u201d, record\u00f3 Rivera.<\/p>\n<p>M\u00f3nica Baltodano dice que \u201cnadie podr\u00eda asegurar que si no hubiera sido por ese viaje, hoy (Fonseca) estar\u00eda vivo\u201d, porque la noche anterior Eduardo Contreras ya hab\u00eda sido delatado, emboscado y asesinado, y Carlos Roberto Huembes cay\u00f3 en el barrio El Dorado.<\/p>\n<figure id=\"attachment_34819\" aria-describedby=\"caption-attachment-34819\" style=\"width: 700px\" class=\"wp-caption aligncenter\"><a href=\"https:\/\/gep90.laprensa.com.ni\/magazine\/wp-content\/uploads\/2017\/05\/137776-1.jpg\"><img decoding=\"async\" class=\"size-full wp-image-34819\" src=\"https:\/\/gep90.laprensa.com.ni\/magazine\/wp-content\/uploads\/2017\/05\/137776-1.jpg\" alt=\"\" width=\"700\" height=\"928\" srcset=\"https:\/\/d1xxa24wwackpg.cloudfront.net\/wp-content\/uploads\/2017\/05\/07145530\/137776-1.jpg 700w, https:\/\/d1xxa24wwackpg.cloudfront.net\/wp-content\/uploads\/2017\/05\/07145530\/137776-1.jpg 226w, https:\/\/d1xxa24wwackpg.cloudfront.net\/wp-content\/uploads\/2017\/05\/07145530\/137776-1.jpg 600w\" sizes=\"(max-width: 700px) 100vw, 700px\" \/><\/a><figcaption id=\"caption-attachment-34819\" class=\"wp-caption-text\">El triunfo de la revoluci\u00f3n fue celebrado por miles el 19 de julio de 1979. Para entonces, muchos de los dirigentes hist\u00f3ricos del Frente Sandinista ya hab\u00edan sido asesinados por la Guardia somocista.<br \/>FOTO DE SUSAN MEISELAS<\/figcaption><\/figure>\n","protected":false},"excerpt":{"rendered":"<p>Traiciones. Delaciones. Imprudencias. Detr\u00e1s de la muerte de algunos de los primeros l\u00edderes del FSLN, que cayeron antes del triunfo de la revoluci\u00f3n, no solo est\u00e1 el hero\u00edsmo que se recuerda en estos d\u00edas<\/p>\n","protected":false},"author":46,"featured_media":36185,"comment_status":"open","ping_status":"open","sticky":false,"template":"","format":"standard","meta":{"_acf_changed":false,"footnotes":""},"categories":[26],"tags":[627],"class_list":["post-34805","post","type-post","status-publish","format-standard","has-post-thumbnail","hentry","category-reportajes","tag-frente-sandinista"],"acf":[],"_links":{"self":[{"href":"https:\/\/staging.laprensanic.com\/magazine\/wp-json\/wp\/v2\/posts\/34805","targetHints":{"allow":["GET"]}}],"collection":[{"href":"https:\/\/staging.laprensanic.com\/magazine\/wp-json\/wp\/v2\/posts"}],"about":[{"href":"https:\/\/staging.laprensanic.com\/magazine\/wp-json\/wp\/v2\/types\/post"}],"author":[{"embeddable":true,"href":"https:\/\/staging.laprensanic.com\/magazine\/wp-json\/wp\/v2\/users\/46"}],"replies":[{"embeddable":true,"href":"https:\/\/staging.laprensanic.com\/magazine\/wp-json\/wp\/v2\/comments?post=34805"}],"version-history":[{"count":11,"href":"https:\/\/staging.laprensanic.com\/magazine\/wp-json\/wp\/v2\/posts\/34805\/revisions"}],"predecessor-version":[{"id":52201,"href":"https:\/\/staging.laprensanic.com\/magazine\/wp-json\/wp\/v2\/posts\/34805\/revisions\/52201"}],"wp:featuredmedia":[{"embeddable":true,"href":"https:\/\/staging.laprensanic.com\/magazine\/wp-json\/wp\/v2\/media\/36185"}],"wp:attachment":[{"href":"https:\/\/staging.laprensanic.com\/magazine\/wp-json\/wp\/v2\/media?parent=34805"}],"wp:term":[{"taxonomy":"category","embeddable":true,"href":"https:\/\/staging.laprensanic.com\/magazine\/wp-json\/wp\/v2\/categories?post=34805"},{"taxonomy":"post_tag","embeddable":true,"href":"https:\/\/staging.laprensanic.com\/magazine\/wp-json\/wp\/v2\/tags?post=34805"}],"curies":[{"name":"wp","href":"https:\/\/api.w.org\/{rel}","templated":true}]}}