{"id":34807,"date":"2012-07-08T09:51:04","date_gmt":"2012-07-08T15:51:04","guid":{"rendered":"https:\/\/www.magazine.com.ni\/?p=34807"},"modified":"2020-08-03T19:24:58","modified_gmt":"2020-08-04T01:24:58","slug":"amigos-en-casa","status":"publish","type":"post","link":"https:\/\/staging.laprensanic.com\/magazine\/reportajes\/amigos-en-casa\/","title":{"rendered":"Amigos en casa"},"content":{"rendered":"<p style=\"text-align: center;\">Duermen en sus casas, comparten su comida, salen juntos de paseo. Se comunican con regularidad, conocen de sus vidas y hacen visitas cada vez que pueden. Llegaron para construir casas y al final edificaron lazos de amistad.<br \/>\nEllos son \u201clos techeros\u201d de la familia<\/p>\n<p style=\"text-align: center;\"><strong>Por Tammy Zoad Mendoza M.<\/strong><\/p>\n<p>Sonr\u00eden. Acaban de terminar de jugar en las calles de tierra, sus pies descalzos y polvosos los delatan. Javier tiene un poco de pena, anda sin camisa, pero igual posa en medio de los dos chavalos de camisetas blancas. Jordan, su hermano menor, se tira al piso y pela los dientes. Su carita redonda y morena, su pelo chirizo, tan oscuro y brillante como sus ojos, se roban el primer plano de la foto. De fondo las tablas claras de una casita.<\/p>\n<p>Otra imagen, esta vez ambientada en un paisaje de monta\u00f1as. La bebecita al centro se roba la atenci\u00f3n, su abuela esboza una sonrisa, mientras una joven la carga. Lucen felices. De fondo las tablas amarillentas de la casa.<\/p>\n<p>En la otra foto no hay rostro que se distinga. Al fondo se ve un grupo de personas sosteniendo una pared de madera. Camisetas blancas, azules, verdes, moradas. J\u00f3venes y ni\u00f1os pintados en la escena. Un par de guantes, un martillo y el piso de madera clara.<\/p>\n<p>Bonanza. Matagalpa. Managua. Las escenas se repiten con diferentes rostros y escenarios. Desde hace m\u00e1s de tres a\u00f1os las camisetas blancas, las herramientas y los paneles de madera desfilan por el pa\u00eds. Detr\u00e1s de todo est\u00e1n los j\u00f3venes de Techo-Nicaragua. Un grupo de voluntarios que se ha multiplicado a cuatro mil para hacer frente a la pobreza. No comparten las necesidades de las familias con las que trabajan, pero reconocen que son parte del cambio ante la desigualdad.<\/p>\n<p>\u201cM\u00e1s que privarnos de cosas, porque no es el objetivo latigarse con \u2018yo tengo plata o tengo oportunidades y el otro no\u2019, la idea es reconocer la situaci\u00f3n en que estamos. Tener el privilegio de ser universitarios en un pa\u00eds donde la educaci\u00f3n superior no es un derecho y dar nuestro aporte\u201d, comenta Laura Lacayo.<\/p>\n<p>Los \u201ctecheros\u201d llegaron para ayudar y recibieron m\u00e1s de lo que esperaban. Dejan las comodidades de sus casas, posponen fiestas o los viajes, pero han encontrado amigos, han sido acogidos por nuevas familias, han conocido y aprendido. Las casitas de madera son solo el inicio de la historia.<\/p>\n<p style=\"text-align: center;\">***<\/p>\n<figure id=\"attachment_34813\" aria-describedby=\"caption-attachment-34813\" style=\"width: 700px\" class=\"wp-caption aligncenter\"><a href=\"https:\/\/gep90.laprensa.com.ni\/magazine\/wp-content\/uploads\/2017\/05\/137782-2.jpg\"><img fetchpriority=\"high\" decoding=\"async\" class=\"size-full wp-image-34813\" src=\"https:\/\/gep90.laprensa.com.ni\/magazine\/wp-content\/uploads\/2017\/05\/137782-2.jpg\" alt=\"\" width=\"700\" height=\"504\" srcset=\"https:\/\/d1xxa24wwackpg.cloudfront.net\/wp-content\/uploads\/2017\/05\/07145535\/137782-2.jpg 700w, https:\/\/d1xxa24wwackpg.cloudfront.net\/wp-content\/uploads\/2017\/05\/07145535\/137782-2.jpg 300w, https:\/\/d1xxa24wwackpg.cloudfront.net\/wp-content\/uploads\/2017\/05\/07145535\/137782-2.jpg 600w\" sizes=\"(max-width: 700px) 100vw, 700px\" \/><\/a><figcaption id=\"caption-attachment-34813\" class=\"wp-caption-text\">Cortes\u00eda de F2.8 Fotograf\u00eda.<\/figcaption><\/figure>\n<p>Nunca en su vida se hab\u00eda involucrado en alguna labor de construcci\u00f3n. Ni siquiera actividades de reparaci\u00f3n en su cuarto. No ten\u00eda idea de lo que implicaba armar una casa y mucho menos del trabajo duro bajo sol, lluvia o fr\u00edo. Laura Lacayo, de 21 a\u00f1os, estudia el \u00faltimo a\u00f1o de Sociolog\u00eda, vive con su mam\u00e1 en Villa Fontana y confiesa que nunca ha sido atl\u00e9tica. Es la joven que sonr\u00ede en todas las fotos. Blanca, ojos color miel, cabello claro y rizado. Alta, delgada y simp\u00e1tica.<\/p>\n<p>En diciembre de 2008 le toc\u00f3 construir por primera vez. Cav\u00f3. Ayud\u00f3 a cargar pesados paneles. Se subi\u00f3 a las vigas de madera y clav\u00f3 el techo. Martill\u00f3 hasta el cansancio. En el barrio 30 de Mayo, Managua, alrededor de 70 voluntarios nicarag\u00fcenses y extranjeros arrancaron las primeras construcciones. Techo, en ese entonces Un Techo para mi Pa\u00eds, lleg\u00f3 a Nicaragua a reclutar voluntarios para la construcci\u00f3n de viviendas de emergencia. Las casitas de madera de pino son el cimiento de un proyecto que busca la soluci\u00f3n al problema de vivienda y la extrema pobreza en el pa\u00eds.<\/p>\n<p>La mayor\u00eda de los voluntarios son j\u00f3venes, universitarios, con algunas o bastantes comodidades. Estudian, trabajan o atienden negocios familiares o propios. Salen con sus amigos, van a fiestas, organizan viajes. Todo lo que un joven con medianas posibilidades econ\u00f3micas podr\u00eda hacer.<\/p>\n<p>Han llegado por curiosidad, siguiendo a los amigos o para conseguir pareja, pero eso no importa cuando encuentran las verdaderas razones para quedarse.<\/p>\n<p>\u201cSer parte de Techo te hace madurar, tomar conciencia. Est\u00e1s m\u00e1s pendiente del tema de recursos. Si vos pens\u00e1s en una cantidad grande de plata la relacion\u00e1s con el costo de una casa o con el ingreso econ\u00f3mico de una familia. Que si el viaje a tal lugar te cost\u00f3 tantos d\u00f3lares, que cu\u00e1nto te gast\u00e1s en una fiesta. Hay n\u00fameros que cuadran con la mitad de lo que gana una familia o lo que pagan en la recolecci\u00f3n de caf\u00e9. He visto c\u00f3mo muchos que entran por razones superficiales han cambiado su forma de actuar, es admirable la calidad de voluntarios que hay en Techo\u201d, reconoce Laura.<\/p>\n<p>Laura y Anne Sibert son parte del mismo equipo, pero para Anne todo empieza de nuevo. Sali\u00f3 de una provincia para realizar estudios superiores en terapias naturales en Santiago, Chile. La hija menor se separ\u00f3 del n\u00facleo y tiempo despu\u00e9s encontr\u00f3 una nueva familia. Varias nuevas familias. En el 2003 se enlist\u00f3 como voluntaria en Un Techo para Chile. Ahora est\u00e1 en Nicaragua, pa\u00eds del que \u00fanicamente hab\u00eda visto el nombre en la lista de los 19 lugares en los que tiene presencia esta organizaci\u00f3n. Lleg\u00f3 hace mes y medio y se le ve contenta. Dice estar sorprendida con el trabajo y la entrega de los voluntarios nicas.<\/p>\n<p>\u201cNo sab\u00eda nada de Nicaragua, hice una aplicaci\u00f3n abierta y luego de la selecci\u00f3n me dieron a elegir entre Paraguay, El Salvador y Nicaragua. Fue al azar, pero ahora digo que volver\u00eda a elegir Nicaragua\u201d, dice la joven rubia, ojos azules y cuerpo torneado.<\/p>\n<p>Un par de maletas, muchas expectativas y casi diez a\u00f1os de trabajo en Techo. A esta chilena le toca guiar la segunda fase del proyecto, compartir e implementar la Habilitaci\u00f3n Social. Una serie de programas de trabajo de acompa\u00f1amiento comunitario para desarrollar proyectos educativos, de salud y asesor\u00eda legal.<\/p>\n<p>Y aunque en Nicaragua el trabajo empieza , los voluntarios apuestan al alcance que ha tenido Un techo para Chile, que han desarrollado 115 proyectos de viviendas definitivas y la organizaci\u00f3n tiene gran impacto. Ellos empezaron y aqu\u00ed el trabajo no para.<\/p>\n<p style=\"text-align: center;\">***<\/p>\n<p>Son casi las siete de la noche y la plaza se empieza a llenar. De uno a uno o en grupos aparecen chavalos con mochilas y colchones. Son cientos y da la impresi\u00f3n que todos se conocen. Y si no se conocen, ya tendr\u00e1n tiempo para hacerlo. Dos horas m\u00e1s tarde llegan los primeros buses y un grupo de j\u00f3venes enfundados en camisetas blancas pasan lista.<\/p>\n<p>\u201c\u00a1Jinotega! Los de la escuela amarilla a la derecha, escuela azul a la izquierda\u201d. \u201c\u00a1Matagalpa! Recojan sus cosa y hagan fila\u201d. \u201cLos dem\u00e1s, esperen sentados\u201d.<\/p>\n<p>Empieza la algarab\u00eda. Cada quien sube al bus que le corresponde. Unos sentados otros de pie, pero todos deben caber. El parque bombea una a uno los buses con decenas de chavalos ansiosos. Los que ya saben a lo que van, prefieren dormir durante el viaje. Los m\u00e1s nuevos explotan de emoci\u00f3n y otros solo observan. M\u00fasica, pl\u00e1ticas, bromas. Luego de un par de horas, silencio total.<\/p>\n<p>Es tiempo de una de las construcciones masivas de Techo, a la que cientos de voluntarios aplican para salir a construir en asentamientos de la capital y varios departamentos. Todos j\u00f3venes universitarios o estudiantes de secundaria. Todos sin experiencia alguna en construcci\u00f3n.<\/p>\n<p>Llegan a las escuelas comunitarias que los hospedar\u00e1n el fin de semana. Antes de la cena deben presentarse en el grupo. Luego cada quien saca parte de la provisi\u00f3n que ha llevado para compartir: jugos, gaseosa, frituras, at\u00fan, dulces, caf\u00e9. Todo lo que mate el hambre y rinda para compartir. Al d\u00eda siguiente a cada quien se le asigna una cuadrilla, una herramienta y una familia. Desayunan gallopinto, queso y caf\u00e9, preparados por otro grupo de voluntarios. El mismo men\u00fa para la cena. Salen al primero de dos d\u00edas de trabajo. Para el almuerzo llevan una provisi\u00f3n de arroz y pastas, con suerte y gentileza de la jefa de familia esto se acompa\u00f1a de alguna ensalada o un fresquito. Todo empieza aqu\u00ed, en el terreno de construcci\u00f3n.<\/p>\n<p>Laura ha construido en unas 15 jornadas masivas y ha coordinado alrededor de 23 construcciones.<\/p>\n<p>En diciembre de 2009 coordin\u00f3 construcciones en varias escuelas de Matagalpa. Los terrenos irregulares de los asentamientos, la topograf\u00eda accidentada del lugar y las condiciones clim\u00e1ticas hicieron de esta una de sus experiencias m\u00e1s dif\u00edciles. Dos d\u00edas descargando el material, sorteando lluvias y padeciendo fr\u00edo. Los voluntarios ingeni\u00e1ndoselas para trasladar los paneles de madera, el techo y las vigas: hicieron rapel con los materiales para llegar hasta los lugares donde deb\u00edan construir. De eso no hay fotos a mano, pero todos los que estuvieron lo recuerdan.<\/p>\n<p>Mois\u00e9s Flores cuenta orgulloso que en el 2009 realiz\u00f3 unas 12 construcciones en diferentes puntos del pa\u00eds. Desde que trabaj\u00f3 en el Villa Norte, Jinotega, su rutina cambi\u00f3. Se meti\u00f3 a Techo como la mayor\u00eda, luego de la invitaci\u00f3n \u201cdel amigo de un amigo\u201d. Pero cuando fue jefe de escuela en el Barrio Carlos N\u00fa\u00f1ez, Managua, supo que a esto quer\u00eda dedicarle m\u00e1s de su tiempo.<\/p>\n<p>Algunos padres se quejan de que los hijos ya no est\u00e1n en casa. \u201cTodo es Techo\u201d. De la universidad a Techo. De Techo a los asentamientos. Del asentamiento a la casa. Los fines de semana, de la casa al asentamiento. Hay fines de semana de fiesta, d\u00edas de salidas con los amigos o domingos de descanso, pero todo es diferente. Pero muchos padres de los voluntarios reconocen el trabajo de sus hijos y lo que Techo les ha aportado.<\/p>\n<p>\u201cLlego todos los domingos al Carlos N\u00fa\u00f1ez, a veces me acompa\u00f1an otros voluntarios\u201d, dice Mois\u00e9s Flores. \u201cMis visitas empezaron por empat\u00eda, pero se cre\u00f3 un v\u00ednculo y ahora yo siento que lleg\u00f3 ah\u00ed y es mi barrio. Es m\u00e1s, mi mama quiere conocer y ya programamos una visita\u201d.<\/p>\n<p>Es estudiante de Arquitectura y trabaja para una empresa privada. Seg\u00fan \u00e9l, en Techo ha descubierto su vocaci\u00f3n por desarrollar proyectos arquitect\u00f3nicos con un perfil al desarrollo comunitario. Aunque no haya construcciones o trabajo de campo en el barrio, \u00e9l llega todos los fines de semana al Carlos N\u00fa\u00f1ez para visitar a sus familias, que siempre lo esperan para almorzar o para tomarse un cafecito por la tarde y platicar.<\/p>\n<p style=\"text-align: center;\">***<\/p>\n<p>Una imagen m\u00e1s, ambientada en un r\u00edo espeso y verdoso. De nuevo Javier, ahora con camiseta amarilla, y Jordan posan al centro. Otra vez los dos chavalos con camisetas blancas sonr\u00eden, ahora acompa\u00f1ados de do\u00f1a Teresa C\u00e1rcamo, la mam\u00e1 de los ni\u00f1os.<\/p>\n<p>Todas las fotos fueron tomadas en Bonanza. Hay de este a\u00f1o, del a\u00f1o pasado y del 2010, cuando todos se conocieron. La joven sonriente junto con la familia es Laura Lacayo, el joven es Orlando Rizo, de 21 a\u00f1os. \u00c9l se enamor\u00f3 del lugar luego de una jornada de diez d\u00edas en construcci\u00f3n. Ahora el barrio Los Cocos, en Bonanza, es su rinc\u00f3n favorito. Viaja para visitar a do\u00f1a \u201cTere\u201d C\u00e1rcamo y su esposo Luis R\u00edos. En semana Santa, en \u201cvacaciones largas\u201d, cada vez que pueden arman viaje para alguna comunidad.<\/p>\n<p>\u201cPara m\u00ed ir donde Tere es como cuando visit\u00e1s a esos parientes. Llegamos sin avisar. Una familia nos hospeda, otros nos invitan a comer, salimos de paseo. Nos sentimos a gusto. Bonanza tiene muchas carencias, pero tambi\u00e9n es un lugar hermoso, una riqueza cultural. Es un viaje que disfruto\u201d, asegura Rizo, comunicador social.<\/p>\n<p>La \u00faltima vez que estuvieron ah\u00ed se refrescaron en el r\u00edo Pis-Pis, Suniw\u00e1s, junto a la familia de Tere. Caminaron 30 kil\u00f3metros, por nueve horas junto con German Davis, l\u00edder de otra familia, para llegar hasta Musaw\u00e1s, capital de territorio Mayangna. Se hospedaron, aprendieron un par de palabras en mayangna y hasta los despertaron con cantos tradicionales. Llevan su provisi\u00f3n, pero como en toda familia los anfitriones les preparan los mejores y m\u00e1s ricos platos tradicionales.<\/p>\n<p>\u201cNo pod\u00e9s llegar a un lugar y pretender que sos el s\u00faper h\u00e9roe, esperar que la gente te cuente su vida cuando no saben nada de vos\u201d, sostiene Laura.<\/p>\n<p>Aqu\u00ed todos pierden la pena para hablar. As\u00ed como el peque\u00f1o Javier conversa, juega y posa sin miedo para la foto, los voluntarios han entrado en confianza. \u201cNo te da pena decirles que ten\u00e9s m\u00e1s oportunidades o mejores condiciones que ellos, no es la diferencia lo que te tiene aqu\u00ed, sino el deseo de acortar la brecha, las oportunidades para mejorar su nivel de vida se logran con trabajo en equipo\u201d, comenta.<\/p>\n<p>No est\u00e1n en per\u00edodo de construcciones, pero muchos de los voluntarios no dejan de visitar los asentamientos donde han hecho suyas las familias con las que han construido. Se han hecho padrinos, los invitan a los cumplea\u00f1os y salen de paseo. Llegan de sorpresa, toman caf\u00e9, se acuestan a dormir la siesta. Luego de las jornadas de construcci\u00f3n los voluntarios regresan a los asentamientos y se hospedan en las casas que construyeron juntos a martillazos.<\/p>\n<div id='gallery-1' class='gallery galleryid-34807 gallery-columns-3 gallery-size-thumbnail'><figure class='gallery-item'>\n\t\t\t<div class='gallery-icon portrait'>\n\t\t\t\t<a href='https:\/\/staging.laprensanic.com\/magazine\/reportajes\/amigos-en-casa\/attachment\/moises-flores-se-ha-convertido-en-parte-del-carlos-nunez\/'><img decoding=\"async\" width=\"150\" height=\"150\" src=\"https:\/\/d1xxa24wwackpg.cloudfront.net\/wp-content\/uploads\/2017\/05\/07145539\/Mois%C3%A9s-Flores-se-ha-convertido-en-parte-del-Carlos-N%C3%BA%C3%B1ez.jpg\" class=\"attachment-thumbnail size-thumbnail\" alt=\"\" aria-describedby=\"gallery-1-34809\" srcset=\"https:\/\/d1xxa24wwackpg.cloudfront.net\/wp-content\/uploads\/2017\/05\/07145539\/Mois%C3%A9s-Flores-se-ha-convertido-en-parte-del-Carlos-N%C3%BA%C3%B1ez.jpg 150w, https:\/\/d1xxa24wwackpg.cloudfront.net\/wp-content\/uploads\/2017\/05\/07145539\/Mois%C3%A9s-Flores-se-ha-convertido-en-parte-del-Carlos-N%C3%BA%C3%B1ez.jpg 600w, https:\/\/d1xxa24wwackpg.cloudfront.net\/wp-content\/uploads\/2017\/05\/07145539\/Mois%C3%A9s-Flores-se-ha-convertido-en-parte-del-Carlos-N%C3%BA%C3%B1ez.jpg 24w, https:\/\/d1xxa24wwackpg.cloudfront.net\/wp-content\/uploads\/2017\/05\/07145539\/Mois%C3%A9s-Flores-se-ha-convertido-en-parte-del-Carlos-N%C3%BA%C3%B1ez.jpg 48w, https:\/\/d1xxa24wwackpg.cloudfront.net\/wp-content\/uploads\/2017\/05\/07145539\/Mois%C3%A9s-Flores-se-ha-convertido-en-parte-del-Carlos-N%C3%BA%C3%B1ez.jpg 96w, https:\/\/d1xxa24wwackpg.cloudfront.net\/wp-content\/uploads\/2017\/05\/07145539\/Mois%C3%A9s-Flores-se-ha-convertido-en-parte-del-Carlos-N%C3%BA%C3%B1ez.jpg 300w, https:\/\/d1xxa24wwackpg.cloudfront.net\/wp-content\/uploads\/2017\/05\/07145539\/Mois%C3%A9s-Flores-se-ha-convertido-en-parte-del-Carlos-N%C3%BA%C3%B1ez.jpg 100w\" sizes=\"(max-width: 150px) 100vw, 150px\" \/><\/a>\n\t\t\t<\/div>\n\t\t\t\t<figcaption class='wp-caption-text gallery-caption' id='gallery-1-34809'>\n\t\t\t\tMois\u00e9s Flores se ha convertido en parte del Carlos N\u00fa\u00f1ez. Aqu\u00ed en una jornada de construcci\u00f3n acompa\u00f1ado por los ni\u00f1os del barrio.\n\t\t\t\t<\/figcaption><\/figure><figure class='gallery-item'>\n\t\t\t<div class='gallery-icon landscape'>\n\t\t\t\t<a href='https:\/\/staging.laprensanic.com\/magazine\/reportajes\/amigos-en-casa\/attachment\/137783-4\/'><img decoding=\"async\" width=\"150\" height=\"150\" src=\"https:\/\/d1xxa24wwackpg.cloudfront.net\/wp-content\/uploads\/2017\/05\/07145538\/137783-4.jpg\" class=\"attachment-thumbnail size-thumbnail\" alt=\"\" aria-describedby=\"gallery-1-34810\" srcset=\"https:\/\/d1xxa24wwackpg.cloudfront.net\/wp-content\/uploads\/2017\/05\/07145538\/137783-4.jpg 150w, https:\/\/d1xxa24wwackpg.cloudfront.net\/wp-content\/uploads\/2017\/05\/07145538\/137783-4.jpg 24w, https:\/\/d1xxa24wwackpg.cloudfront.net\/wp-content\/uploads\/2017\/05\/07145538\/137783-4.jpg 48w, https:\/\/d1xxa24wwackpg.cloudfront.net\/wp-content\/uploads\/2017\/05\/07145538\/137783-4.jpg 96w, https:\/\/d1xxa24wwackpg.cloudfront.net\/wp-content\/uploads\/2017\/05\/07145538\/137783-4.jpg 300w, https:\/\/d1xxa24wwackpg.cloudfront.net\/wp-content\/uploads\/2017\/05\/07145538\/137783-4.jpg 100w\" sizes=\"(max-width: 150px) 100vw, 150px\" \/><\/a>\n\t\t\t<\/div>\n\t\t\t\t<figcaption class='wp-caption-text gallery-caption' id='gallery-1-34810'>\n\t\t\t\tOrlando Rizo, Anne Siebert y Laura Lacayo. Siebert reci\u00e9n lleg\u00f3 de Chile para apoyar en el desarrollo de la Habilitaci\u00f3n Social. \n\t\t\t\t<\/figcaption><\/figure><figure class='gallery-item'>\n\t\t\t<div class='gallery-icon landscape'>\n\t\t\t\t<a href='https:\/\/staging.laprensanic.com\/magazine\/reportajes\/amigos-en-casa\/attachment\/137783-3\/'><img loading=\"lazy\" decoding=\"async\" width=\"150\" height=\"150\" src=\"https:\/\/d1xxa24wwackpg.cloudfront.net\/wp-content\/uploads\/2017\/05\/07145537\/137783-3.jpg\" class=\"attachment-thumbnail size-thumbnail\" alt=\"\" aria-describedby=\"gallery-1-34811\" srcset=\"https:\/\/d1xxa24wwackpg.cloudfront.net\/wp-content\/uploads\/2017\/05\/07145537\/137783-3.jpg 150w, https:\/\/d1xxa24wwackpg.cloudfront.net\/wp-content\/uploads\/2017\/05\/07145537\/137783-3.jpg 24w, https:\/\/d1xxa24wwackpg.cloudfront.net\/wp-content\/uploads\/2017\/05\/07145537\/137783-3.jpg 48w, https:\/\/d1xxa24wwackpg.cloudfront.net\/wp-content\/uploads\/2017\/05\/07145537\/137783-3.jpg 96w, https:\/\/d1xxa24wwackpg.cloudfront.net\/wp-content\/uploads\/2017\/05\/07145537\/137783-3.jpg 300w, https:\/\/d1xxa24wwackpg.cloudfront.net\/wp-content\/uploads\/2017\/05\/07145537\/137783-3.jpg 100w\" sizes=\"(max-width: 150px) 100vw, 150px\" \/><\/a>\n\t\t\t<\/div>\n\t\t\t\t<figcaption class='wp-caption-text gallery-caption' id='gallery-1-34811'>\n\t\t\t\tLos fondos de Techo provienen de aportes de socios particulares y donaciones de empresas privadas. Para aportar a este proyecto pueden escribir a recursos.nicaragua@TECHO.org\n\t\t\t\t<\/figcaption><\/figure><figure class='gallery-item'>\n\t\t\t<div class='gallery-icon landscape'>\n\t\t\t\t<a href='https:\/\/staging.laprensanic.com\/magazine\/reportajes\/amigos-en-casa\/attachment\/137783-2\/'><img loading=\"lazy\" decoding=\"async\" width=\"150\" height=\"150\" src=\"https:\/\/d1xxa24wwackpg.cloudfront.net\/wp-content\/uploads\/2017\/05\/07145536\/137783-2.jpg\" class=\"attachment-thumbnail size-thumbnail\" alt=\"\" aria-describedby=\"gallery-1-34812\" srcset=\"https:\/\/d1xxa24wwackpg.cloudfront.net\/wp-content\/uploads\/2017\/05\/07145536\/137783-2.jpg 150w, https:\/\/d1xxa24wwackpg.cloudfront.net\/wp-content\/uploads\/2017\/05\/07145536\/137783-2.jpg 24w, https:\/\/d1xxa24wwackpg.cloudfront.net\/wp-content\/uploads\/2017\/05\/07145536\/137783-2.jpg 48w, https:\/\/d1xxa24wwackpg.cloudfront.net\/wp-content\/uploads\/2017\/05\/07145536\/137783-2.jpg 96w, https:\/\/d1xxa24wwackpg.cloudfront.net\/wp-content\/uploads\/2017\/05\/07145536\/137783-2.jpg 300w, https:\/\/d1xxa24wwackpg.cloudfront.net\/wp-content\/uploads\/2017\/05\/07145536\/137783-2.jpg 100w\" sizes=\"(max-width: 150px) 100vw, 150px\" \/><\/a>\n\t\t\t<\/div>\n\t\t\t\t<figcaption class='wp-caption-text gallery-caption' id='gallery-1-34812'>\n\t\t\t\tLaura y Orlando junto con Germ\u00e1n Davis camino a Musaw\u00e1s, capital del territorio Mayangna, en las vacaciones de Semana Santa.\n\t\t\t\t<\/figcaption><\/figure>\n\t\t<\/div>\n\n<p><strong>Sin casas<\/strong><\/p>\n<p>En Nicaragua, el d\u00e9ficit habitacional es de 500 mil viviendas.<br \/>\nDe 2010 al 2012 el promedio anual de construcciones del Gobierno y la empresa privada es de 7 mil a 10 mil casas.<br \/>\nCada a\u00f1o unas 15 mil nuevas familias se suman a la demanda habitacional del pa\u00eds.<br \/>\nEmpresarios de la construcci\u00f3n estiman que se necesitar\u00eda construir de 15 a 25 mil viviendas m\u00e1s de las que se construyen anualmente para dar abasto a la demanda.<br \/>\nUn vivienda de emergencia tiene un costo de 1,500 d\u00f3lares, de los cuales las familias que trabajan con Techo aportan 2 mil c\u00f3rdobas.<\/p>\n<p><strong>De techo en techo<\/strong><\/p>\n<p>Desde que en 1997 el padre jesuita Felipe Berr\u00edos reuni\u00f3 a voluntarios universitarios para realizar las primeras 350 construcciones en Curanilahue, al sur de Chile, el trabajo comenz\u00f3 y no para.<br \/>\nA la fecha Un Techo para Chile ha gestionado 115 proyectos de vivienda definitiva. Adem\u00e1s tiene 22 proyectos en construcci\u00f3n, 28 en proceso de postulaci\u00f3n, 23 en dise\u00f1o y 8 en b\u00fasqueda de terreno.<br \/>\nAlrededor de 9 mil familias han trabajado y sido beneficiadas con Un Techo para Chile.<br \/>\nLa organizaci\u00f3n contabiliza 82,482 viviendas construidas del 2001 al 2011.<br \/>\nEl a\u00f1o pasado se movilizaron 46,584 voluntarios en diferentes jornadas de construcciones regionales.<br \/>\nLas primeras construcciones de Techo Nicaragua se realizaron en diciembre de 2008, y hasta la fecha se contabilizan 910 viviendas de emergencia construidas.<\/p>\n","protected":false},"excerpt":{"rendered":"<p>Duermen en sus casas, comparten su comida, salen juntos de paseo. Se comunican con regularidad, conocen de sus vidas y hacen visitas cada vez que pueden. Llegaron para construir casas y al final edificaron lazos de amistad.Ellos son \u201clos techeros\u201d de la familia<\/p>\n","protected":false},"author":5,"featured_media":34808,"comment_status":"open","ping_status":"open","sticky":false,"template":"","format":"standard","meta":{"_acf_changed":false,"footnotes":""},"categories":[26],"tags":[],"class_list":["post-34807","post","type-post","status-publish","format-standard","has-post-thumbnail","hentry","category-reportajes"],"acf":[],"_links":{"self":[{"href":"https:\/\/staging.laprensanic.com\/magazine\/wp-json\/wp\/v2\/posts\/34807","targetHints":{"allow":["GET"]}}],"collection":[{"href":"https:\/\/staging.laprensanic.com\/magazine\/wp-json\/wp\/v2\/posts"}],"about":[{"href":"https:\/\/staging.laprensanic.com\/magazine\/wp-json\/wp\/v2\/types\/post"}],"author":[{"embeddable":true,"href":"https:\/\/staging.laprensanic.com\/magazine\/wp-json\/wp\/v2\/users\/5"}],"replies":[{"embeddable":true,"href":"https:\/\/staging.laprensanic.com\/magazine\/wp-json\/wp\/v2\/comments?post=34807"}],"version-history":[{"count":5,"href":"https:\/\/staging.laprensanic.com\/magazine\/wp-json\/wp\/v2\/posts\/34807\/revisions"}],"predecessor-version":[{"id":51720,"href":"https:\/\/staging.laprensanic.com\/magazine\/wp-json\/wp\/v2\/posts\/34807\/revisions\/51720"}],"wp:featuredmedia":[{"embeddable":true,"href":"https:\/\/staging.laprensanic.com\/magazine\/wp-json\/wp\/v2\/media\/34808"}],"wp:attachment":[{"href":"https:\/\/staging.laprensanic.com\/magazine\/wp-json\/wp\/v2\/media?parent=34807"}],"wp:term":[{"taxonomy":"category","embeddable":true,"href":"https:\/\/staging.laprensanic.com\/magazine\/wp-json\/wp\/v2\/categories?post=34807"},{"taxonomy":"post_tag","embeddable":true,"href":"https:\/\/staging.laprensanic.com\/magazine\/wp-json\/wp\/v2\/tags?post=34807"}],"curies":[{"name":"wp","href":"https:\/\/api.w.org\/{rel}","templated":true}]}}