{"id":34851,"date":"2012-10-14T16:01:59","date_gmt":"2012-10-14T22:01:59","guid":{"rendered":"https:\/\/www.magazine.com.ni\/?p=34851"},"modified":"2020-11-14T12:43:50","modified_gmt":"2020-11-14T18:43:50","slug":"heroes-de-carne-y-hueso-2","status":"publish","type":"post","link":"https:\/\/staging.laprensanic.com\/magazine\/reportajes\/heroes-de-carne-y-hueso-2\/","title":{"rendered":"H\u00e9roes de carne y hueso"},"content":{"rendered":"<p style=\"text-align: center;\">Olvide los superpoderes, la posibilidad de ser inmortal, los atuendos y nombres ex\u00f3ticos. Esta es la historia de los verdaderos h\u00e9roes, esos que aparecen en el momento justo y deciden arriesgarse por salvar a otro<\/p>\n<p style=\"text-align: center;\"><strong>Por Dora Luz Romero<\/strong><\/p>\n<p>Cinco palabras. \u201cHola, mi nombre es Marcos\u201d, dijo, y la frase se perdi\u00f3 en medio de los murmullos de un grupo de estudiantes.<\/p>\n<p>Por m\u00e1s que se esfuerce, eso es lo \u00fanico que Carlos Pallares logra recordar que sali\u00f3 de la boca de Marcos Calero esa ma\u00f1ana del mes de octubre de 2005.<\/p>\n<p>Probablemente \u2014cree Carlos\u2014, \u00e9l contest\u00f3 con un mucho gusto y dijo su nombre.<\/p>\n<p>Carlos ten\u00eda 12 a\u00f1os y ese d\u00eda, que no recuerda bien si era jueves o viernes, hab\u00eda salido junto a sus compa\u00f1eros de clases del sexto grado del Colegio Alem\u00e1n Nicarag\u00fcense rumbo a El Crucero, en un paseo escolar.<\/p>\n<p>Impacientes, los alumnos esperaban por la aventura. Pronto llegaron al canopy Monte Vista y ah\u00ed estaba Marcos. 29 a\u00f1os, moreno, pelo liso, bigote ralo. Era el gu\u00eda. Explic\u00f3 lo que deb\u00edan hacer y con ayuda de otros trabajadores coloc\u00f3 el equipo de seguridad: guantes, casco, arneses.<\/p>\n<p>Las ni\u00f1as y los ni\u00f1os se deslizaban uno a uno sobre las cuerdas que los llevaban de estaci\u00f3n en estaci\u00f3n. Carlos se desliz\u00f3, una, dos, tres, no sabe con certeza cu\u00e1ntas veces, pero en una de las \u00faltimas estaciones sinti\u00f3 miedo. Quiz\u00e1s, ese hab\u00eda sido un mal presagio.<\/p>\n<p>Sin importar que sus compa\u00f1eros se rieran de \u00e9l, dijo que se lanzar\u00eda con el gu\u00eda. Lo mismo har\u00eda una de sus compa\u00f1eras de clases, Ana Halleslevens.<\/p>\n<p>En esa estaci\u00f3n pasaron la mayor\u00eda de los estudiantes y solo quedaron Carlos y Ana con el gu\u00eda. \u201cYo me tiro de primero, despu\u00e9s la Ana y Marcos iba detr\u00e1s de nosotros. \u00cdbamos los tres al mismo tiempo\u201d, recuerda.<\/p>\n<p>Estaban a unos treinta metros de altura, abajo se ve\u00eda el verdor de los \u00e1rboles y justo antes de llegar a la estaci\u00f3n el miedo de Carlos cobr\u00f3 sentido. El cable del canopy se revent\u00f3, las venas de acero se abrieron. Los tres iban para abajo, en ca\u00edda libre.<\/p>\n<p>Marcos \u2014cuentan quienes estuvieron ah\u00ed\u2014 incre\u00edblemente se dio una vuelta en el aire y abraz\u00f3 a los peque\u00f1os para protegerlos. Cuando llegaron al suelo ambos cayeron sobre \u00e9l.<\/p>\n<p>Ese hombre que hab\u00edan visto una \u00fanica vez y con el que hab\u00edan cruzado solamente un par de palabras se hab\u00eda sacrificado por salvarles la vida.<\/p>\n<p>Marcos muri\u00f3 y su historia apareci\u00f3 en la portada de los diarios nacionales. Sobraron quienes aplaudieran su haza\u00f1a, le llamaron \u201ch\u00e9roe\u201d, pero hubo quienes con l\u00e1grimas sufrieron su acci\u00f3n. Dej\u00f3 una esposa y tres hijos.<\/p>\n<p>Los h\u00e9roes no son esos hombres fortachones, de capa y licras, bien parecidos, inmortales, exhibicionistas, con una ristra de poderes sobrenaturales que venden en los c\u00f3mics y en las pel\u00edculas. Es pues esta la otra historia. La de Marcos. De Ariel. De Y\u00e1der.<\/p>\n<p style=\"text-align: center;\">***<\/p>\n<p>\u00bfQu\u00e9 es un h\u00e9roe? El t\u00e9rmino llega de la mano de la mitolog\u00eda griega y se ha venido transformando a trav\u00e9s de los a\u00f1os. En la antigua Grecia un h\u00e9roe era un semidi\u00f3s, un ser nacido de un dios y un ser humano. Un ser al que se le atribu\u00edan gran cantidad de virtudes y poderes.<\/p>\n<p>H\u00e9rcules, conocido como Heracles, era uno de los h\u00e9roes m\u00e1s c\u00e9lebres. Representaba la fuerza y el valor. Nacido del dios Zeus y de la mortal Alcmena. Aquiles fue otro de los grandes h\u00e9roes. Es considerado el m\u00e1s importante de los h\u00e9roes griegos de la Guerra de Troya. La \u00e9poca que vivieron los h\u00e9roes, seg\u00fan la mitolog\u00eda, es conocida como la Edad Heroica.<\/p>\n<p>La <em>Biblia<\/em> tambi\u00e9n habla de h\u00e9roes. Y hace su aparici\u00f3n Sans\u00f3n. Un hombre muy poderoso que luch\u00f3 contra un le\u00f3n con sus propias manos y que logr\u00f3 derrotar un ej\u00e9rcito solo con una quijada de burro. David es otro, que pudo derrotar al gigante Goliat y a muchos ej\u00e9rcitos.<\/p>\n<p>Ahora los h\u00e9roes son otros, como Ariel Baltodano, de 36 a\u00f1os. No ha luchado contra leones y tampoco combatido a grandes ej\u00e9rcitos, pero s\u00ed ha estado en el momento justo para tomar la decisi\u00f3n que \u00e9l ha cre\u00eddo correcta.<\/p>\n<p>Ten\u00eda 16 a\u00f1os, recuerda, cuando fue con su iglesia a un bautizo en la laguna de Apoyo, Masaya. Se mec\u00eda al vaiv\u00e9n de una hamaca y de pronto escuch\u00f3 gritos. De un brinco se levant\u00f3 y corri\u00f3 rumbo al bullicio.<\/p>\n<p>\u201cEstaba un se\u00f1or llamado L\u00e9ster y veo que est\u00e1 pidiendo ayuda, ten\u00eda extendida la mano y ten\u00eda el agua hasta el cuello\u201d, cuenta. Nadie se met\u00eda. Todos lloraban. Todos gritaban. Pero nadie se met\u00eda.<\/p>\n<p>\u00c9l lo hizo. Nad\u00f3 hasta donde estaba el se\u00f1or y logr\u00f3 sacarlo, y mientras lo jalaba se dio cuenta que de \u00e9l estaban agarrados varios ni\u00f1os. Sac\u00f3 a una, que supo al instante que era su sobrina, luego otro ni\u00f1o, otra ni\u00f1a&#8230;<\/p>\n<p>La gente lloraba y buscaban a sus peque\u00f1os y en eso su sobrina se le acerc\u00f3 y le dijo:<\/p>\n<p>\u2014T\u00edo, ah\u00ed est\u00e1 la Nachita \u2014como llamaban cari\u00f1osamente a Nancy, su otra sobrina.<\/p>\n<p>\u2014No, no hay nadie \u2014insisti\u00f3 \u00e9l.<\/p>\n<p>\u2014Es que todos est\u00e1bamos parados encima de ella para buscar como respirar \u2014le explic\u00f3.<\/p>\n<p>Recordar aquella frase a\u00fan le eriza la piel a Ariel. \u201cEntonces yo me meto, no la veo y empiezo a rascar la tierra. La toco, rasco con m\u00e1s fuerza y la saco, pero se nota que ya viene con los labios moraditos y las u\u00f1as sin color\u201d, relata.<\/p>\n<p>Dentro de los miembros de la iglesia hab\u00eda un m\u00e9dico, as\u00ed que se la entreg\u00f3 a \u00e9l. \u201cEst\u00e1 muerta\u201d, dijo.<\/p>\n<p>Ariel la agarr\u00f3 nuevamente y puso en pr\u00e1ctica aquellos conocimientos de primeros auxilios que alg\u00fan d\u00eda aprendi\u00f3 siendo scout. \u201cYo estaba llorando, pero estaba trabajando y solo le ped\u00ed a Dios que volviera a la vida\u201d. La ni\u00f1a tir\u00f3 agua y volvi\u00f3, y en ese instante \u00e9l se vino abajo, se desplom\u00f3 y dej\u00f3 salir esas l\u00e1grimas que le apretaban el pecho.<\/p>\n<figure id=\"attachment_34852\" aria-describedby=\"caption-attachment-34852\" style=\"width: 700px\" class=\"wp-caption aligncenter\"><a href=\"https:\/\/gep90.laprensa.com.ni\/magazine\/wp-content\/uploads\/2017\/05\/Ariel-Baltodano.jpg\"><img fetchpriority=\"high\" decoding=\"async\" class=\"size-full wp-image-34852\" src=\"https:\/\/gep90.laprensa.com.ni\/magazine\/wp-content\/uploads\/2017\/05\/Ariel-Baltodano.jpg\" alt=\"\" width=\"700\" height=\"919\" srcset=\"https:\/\/d1xxa24wwackpg.cloudfront.net\/wp-content\/uploads\/2017\/05\/07145513\/Ariel-Baltodano.jpg 700w, https:\/\/d1xxa24wwackpg.cloudfront.net\/wp-content\/uploads\/2017\/05\/07145513\/Ariel-Baltodano.jpg 229w, https:\/\/d1xxa24wwackpg.cloudfront.net\/wp-content\/uploads\/2017\/05\/07145513\/Ariel-Baltodano.jpg 600w\" sizes=\"(max-width: 700px) 100vw, 700px\" \/><\/a><figcaption id=\"caption-attachment-34852\" class=\"wp-caption-text\">Ariel Baltodano rescat\u00f3 de las aguas de la laguna de Apoyo a su sobrina y otros ni\u00f1os que se estaban ahogando. \u201cSiento que era mi deber\u201d, dice.<\/figcaption><\/figure>\n<p style=\"text-align: center;\">***<\/p>\n<p>Carlos Pallares tiene 19 a\u00f1os, estudia Econom\u00eda en una universidad de Medell\u00edn, Colombia, donde vive hace dos a\u00f1os con su familia.<\/p>\n<p>El accidente en el canopy, dice \u00e9l, marc\u00f3 su vida. \u201cEmpezando por el hecho de que muy pocas personas dan la vida por alguien m\u00e1s, cuando ni siquiera lo conoc\u00e9s. Marcos nos salv\u00f3 y yo estoy eternamente agradecido con Dios y con \u00e9l sobre todas las cosas\u201d, dice.<\/p>\n<p>Le resulta f\u00e1cil retroceder y armar la escena. Ese d\u00eda, cuenta, abri\u00f3 los ojos, sinti\u00f3 el piso y no estaba muy seguro de lo que hab\u00eda pasado. A su derecha vio a Marcos, el gu\u00eda, y a su izquierda a Ana, su compa\u00f1era de clases. Ella logr\u00f3 levantarse, dio un par de pasos, pero volvi\u00f3 a caer. \u201cLo primero que pens\u00e9 es que si estaba vivo o muerto. Despu\u00e9s mir\u00e9 a mi profesor y compa\u00f1eros de clases en la parte de arriba y reacciono de que estoy vivo\u201d, dice v\u00eda telef\u00f3nica.<\/p>\n<p>Cada m\u00fasculo, cada hueso, el cuerpo entero le dol\u00eda. Y ah\u00ed permaneci\u00f3 acostado, inm\u00f3vil hasta que llegaron por ellos.<\/p>\n<p>\u201cEso es algo que me dio pesar. A la Ana y a m\u00ed nos sacaron de primero, un carro nos lleg\u00f3 a traer y a Marcos lo sacan despu\u00e9s, no nos sacan al mismo tiempo\u201d, confiesa.<\/p>\n<p>Tras el accidente, dice, lo primero que pensaba era en su estado de salud, pero tambi\u00e9n en sus abuelos, en su mam\u00e1 que reci\u00e9n hab\u00eda dado a luz a su hermana y en c\u00f3mo estar\u00eda Marcos. \u201cYo no dejaba de preguntar qu\u00e9 pas\u00f3 con el gu\u00eda, yo sab\u00eda que lo que \u00e9l hab\u00eda hecho por nosotros era algo grande y realmente necesitaba saber c\u00f3mo estaba\u201d.<\/p>\n<p>La ma\u00f1ana despu\u00e9s del accidente su mam\u00e1 le cont\u00f3 que Marcos hab\u00eda muerto. \u201cMe sent\u00ed, \u00a1wow! Si no hubiera sido por \u00e9l, no estar\u00eda aqu\u00ed en este momento\u201d, dice.<\/p>\n<figure id=\"attachment_34853\" aria-describedby=\"caption-attachment-34853\" style=\"width: 700px\" class=\"wp-caption aligncenter\"><a href=\"https:\/\/gep90.laprensa.com.ni\/magazine\/wp-content\/uploads\/2017\/05\/144141-5.jpg\"><img decoding=\"async\" class=\"size-full wp-image-34853\" src=\"https:\/\/gep90.laprensa.com.ni\/magazine\/wp-content\/uploads\/2017\/05\/144141-5.jpg\" alt=\"\" width=\"700\" height=\"589\" srcset=\"https:\/\/d1xxa24wwackpg.cloudfront.net\/wp-content\/uploads\/2017\/05\/07145512\/144141-5.jpg 700w, https:\/\/d1xxa24wwackpg.cloudfront.net\/wp-content\/uploads\/2017\/05\/07145512\/144141-5.jpg 300w, https:\/\/d1xxa24wwackpg.cloudfront.net\/wp-content\/uploads\/2017\/05\/07145512\/144141-5.jpg 600w\" sizes=\"(max-width: 700px) 100vw, 700px\" \/><\/a><figcaption id=\"caption-attachment-34853\" class=\"wp-caption-text\">La familia de Carlos Pallares ayud\u00f3 a la esposa e hijos de Marcos Calero a construir una casa y a recuperar el cobro del seguro de vida.<\/figcaption><\/figure>\n<p style=\"text-align: center;\">***<\/p>\n<blockquote>\n<p style=\"text-align: center;\">\u201cDespu\u00e9s de Dios, yo siento que \u00e9l (Y\u00e1der Garc\u00eda) me ha regalado una segunda vida. Para m\u00ed es alguien muy especial\u201d.<\/p>\n<p style=\"text-align: center;\">Hubert Silva.<\/p>\n<p style=\"text-align: center;\"><b>M\u00e1nager de beisbol.<\/b><\/p>\n<\/blockquote>\n<p style=\"text-align: center;\"><a href=\"https:\/\/gep90.laprensa.com.ni\/magazine\/wp-content\/uploads\/2017\/05\/144142-2.jpg\"><img decoding=\"async\" class=\"aligncenter size-full wp-image-34854\" src=\"https:\/\/gep90.laprensa.com.ni\/magazine\/wp-content\/uploads\/2017\/05\/144142-2.jpg\" alt=\"\" width=\"700\" height=\"708\" srcset=\"https:\/\/d1xxa24wwackpg.cloudfront.net\/wp-content\/uploads\/2017\/05\/07145510\/144142-2.jpg 700w, https:\/\/d1xxa24wwackpg.cloudfront.net\/wp-content\/uploads\/2017\/05\/07145510\/144142-2.jpg 297w, https:\/\/d1xxa24wwackpg.cloudfront.net\/wp-content\/uploads\/2017\/05\/07145510\/144142-2.jpg 24w, https:\/\/d1xxa24wwackpg.cloudfront.net\/wp-content\/uploads\/2017\/05\/07145510\/144142-2.jpg 48w, https:\/\/d1xxa24wwackpg.cloudfront.net\/wp-content\/uploads\/2017\/05\/07145510\/144142-2.jpg 96w, https:\/\/d1xxa24wwackpg.cloudfront.net\/wp-content\/uploads\/2017\/05\/07145510\/144142-2.jpg 100w, https:\/\/d1xxa24wwackpg.cloudfront.net\/wp-content\/uploads\/2017\/05\/07145510\/144142-2.jpg 600w\" sizes=\"(max-width: 700px) 100vw, 700px\" \/><\/a><\/p>\n<p>&nbsp;<\/p>\n<p>No se elige ser un h\u00e9roe. No se planea. Un h\u00e9roe se define en segundos, en ese instante en que se toma la decisi\u00f3n de arriesgarse, de sacrificarse, de ayudar a alguien m\u00e1s. En ese instante que no da tiempo de pensar, solo de reaccionar. Y eso bien lo sabe el leon\u00e9s Y\u00e1der Garc\u00eda, de 44 a\u00f1os, que salv\u00f3 la vida del m\u00e1nager de beisbol Hubert Silva.<\/p>\n<p>Los recuerdos le humedecen los ojos. El 27 de octubre de 2009, Y\u00e1der Garc\u00eda compraba \u00fatiles deportivos en la tienda de Hubert Silva cuando su hijo lleg\u00f3 avisar que asaltaban el c\u00edber de su esposa, que quedaba al otro lado del negocio.<\/p>\n<p>Y\u00e1der Garc\u00eda corri\u00f3 detr\u00e1s de Hubert Silva con el bate de softbol que reci\u00e9n hab\u00eda comprado. Fueron como flashazos: un asaltante que apunta al pecho de Hubert Silva, gente que grita, y Y\u00e1der Garc\u00eda que con un batazo directo a la frente del asaltante logra desviar el tiro.<\/p>\n<p>\u201cSinceramente no sent\u00ed miedo, fue un instinto. Hasta que pas\u00f3 me entr\u00f3 nervio, una, dos horas despu\u00e9s me temblaban las piernas. En el momento yo act\u00fao. Hasta despu\u00e9s recordando todos los hechos, yo dije: \u2018Se\u00f1or, puse mi vida en peligro\u2019, y lloro. Solo me acuerdo de mis hijos, de mi mama, de mi esposa\u201d.<\/p>\n<p>El instinto, ese impulso irracional, es parte del ser h\u00e9roe. Marcos lo tuvo. Tambi\u00e9n Y\u00e1der. Tambi\u00e9n Ariel. \u201cYo no ten\u00eda noci\u00f3n de c\u00f3mo hacer un rescate, pero en ese momento ni lo pens\u00e9, fue un instinto que sent\u00ed. No tuve miedo, solo trat\u00e9 de ayudar\u201d, cuenta.<\/p>\n<p>Para Carlos Pallares, un h\u00e9roe es una persona magn\u00edfica. \u201cAlguien que hace cosas desinteresadas por los dem\u00e1s, solo por el simple hecho de que es lo correcto, eso para m\u00ed es un h\u00e9roe y Marcos es mi h\u00e9roe, uno de verdad, no como Superm\u00e1n o Spiderman\u201d.<\/p>\n<p>Para Ariel Baltodano, un h\u00e9roe es alguien que hace algo extraordinario, pero \u00e9l no cree ser uno. \u201cSiento que en ese momento, haber salvado a mi sobrina fue algo extraordinario, pero no me siento como un h\u00e9roe sino que siento que era mi deber. Sent\u00ed que era privilegiado al tener la oportunidad de salvarle la vida\u201d, asegura.<\/p>\n<p>Y\u00e1der Garc\u00eda define al h\u00e9roe como una persona que arriesga su vida por los dem\u00e1s. A \u00e9l tampoco le gusta autollamarse h\u00e9roe, pero si hay algo de lo que est\u00e1 convencido es que \u201csi por salvar otra vida tengo que arriesgar mi vida, lo har\u00eda\u201d. As\u00ed, sin titubeos, tal y como lo hizo aquel octubre Marcos Calero.<\/p>\n<p>&nbsp;<\/p>\n<figure id=\"attachment_34855\" aria-describedby=\"caption-attachment-34855\" style=\"width: 700px\" class=\"wp-caption aligncenter\"><a href=\"https:\/\/gep90.laprensa.com.ni\/magazine\/wp-content\/uploads\/2017\/05\/144142-5.jpg\"><img loading=\"lazy\" decoding=\"async\" class=\"size-full wp-image-34855\" src=\"https:\/\/gep90.laprensa.com.ni\/magazine\/wp-content\/uploads\/2017\/05\/144142-5.jpg\" alt=\"\" width=\"700\" height=\"1075\" srcset=\"https:\/\/d1xxa24wwackpg.cloudfront.net\/wp-content\/uploads\/2017\/05\/07145509\/144142-5.jpg 700w, https:\/\/d1xxa24wwackpg.cloudfront.net\/wp-content\/uploads\/2017\/05\/07145509\/144142-5.jpg 195w, https:\/\/d1xxa24wwackpg.cloudfront.net\/wp-content\/uploads\/2017\/05\/07145509\/144142-5.jpg 667w, https:\/\/d1xxa24wwackpg.cloudfront.net\/wp-content\/uploads\/2017\/05\/07145509\/144142-5.jpg 600w\" sizes=\"(max-width: 700px) 100vw, 700px\" \/><\/a><figcaption id=\"caption-attachment-34855\" class=\"wp-caption-text\">Y\u00e1der Garc\u00eda le salv\u00f3 la vida a Hubert Silva, cuando con un bate de softbol se enfrent\u00f3 a un asaltante armado.<\/figcaption><\/figure>\n<p style=\"text-align: center;\">***<\/p>\n<p><strong>Mi h\u00e9roe<\/strong><\/p>\n<p>El 30 de junio fue un d\u00eda decisivo en mi vida. Ten\u00eda 19 a\u00f1os y era miembro de la EEBI. Estaba en una misi\u00f3n en El Naranjo, cerca de El Ostional, cuando fuimos emboscados.<\/p>\n<p>Yo ca\u00ed herido, una bala peg\u00f3 en mi pierna. Logr\u00e9 correr dos cuadras m\u00e1s o menos, pero no pude seguir. Entonces le dije a mis compa\u00f1eros que me dejaran ah\u00ed, que se fueran. Pero dos de ellos dijeron que no, que no me dejar\u00edan morir.<\/p>\n<p>Los recuerdo bien: Alfredo Castro y Jos\u00e9 Torres. Jos\u00e9 me carg\u00f3 en sus hombros y me sac\u00f3 de ese lugar. Alfredo cuidaba la retirada. De no ser por ellos yo no estar\u00eda vivo. El lugar estaba bajo control de los combatientes del Frente Sur, era hombre muerto. A esta edad sigo sinti\u00e9ndome agradecido con ellos, al menos para m\u00ed, ellos son mis h\u00e9roes. Se aventaron, pusieron sus vidas en peligro por rescatarme, fue un acto de hermandad.<\/p>\n<p>Carlos Guti\u00e9rrez C\u00e1rdenas. 50 a\u00f1os.<\/p>\n<p style=\"text-align: center;\">***<\/p>\n<p>Cierro los ojos y todav\u00eda recuerdo ese hecho que marc\u00f3 mi vida para siempre. El 16 de septiembre del 2010 estuve a punto de perder la vida, junto a mi hija, en un asalto. Ocurri\u00f3 en la carretera vieja a Tipitapa, iba camino a mi casa despu\u00e9s de un d\u00eda de trabajo.<\/p>\n<p>La camioneta en la que viaj\u00e1bamos recibi\u00f3 26 impactos de bala, de los cuales seis me dieron a m\u00ed y uno en la pierna de mi hija. S\u00e9 que la Virgen de Cuapa fue mi \u00e1ngel protector, pero tambi\u00e9n dos personas que no s\u00e9 sus nombres, pero que fueron mis h\u00e9roes.<\/p>\n<p>Un joven trabajador de una hacienda sali\u00f3 disparando al aire y eso hizo que los asaltantes se fueran; y el segundo fue un taxista que, sin conocerme, se detuvo y me llev\u00f3 de emergencia al hospital. Los m\u00e9dicos dijeron que de haber llegado unos minutos m\u00e1s tarde me hubiera muerto ahogada en mi propia sangre.<\/p>\n<p>Gracias a esas dos personas hoy estoy con vida y aunque no s\u00e9 sus nombres, vivo eternamente agradecida con ellas.<\/p>\n<p><a href=\"https:\/\/gep90.laprensa.com.ni\/magazine\/wp-content\/uploads\/2017\/05\/144142-3.jpg\"><img loading=\"lazy\" decoding=\"async\" class=\"aligncenter size-full wp-image-34856\" src=\"https:\/\/gep90.laprensa.com.ni\/magazine\/wp-content\/uploads\/2017\/05\/144142-3.jpg\" alt=\"Mar\u00eda Victoria Medina\" width=\"700\" height=\"792\" srcset=\"https:\/\/d1xxa24wwackpg.cloudfront.net\/wp-content\/uploads\/2017\/05\/07145508\/144142-3.jpg 700w, https:\/\/d1xxa24wwackpg.cloudfront.net\/wp-content\/uploads\/2017\/05\/07145508\/144142-3.jpg 265w, https:\/\/d1xxa24wwackpg.cloudfront.net\/wp-content\/uploads\/2017\/05\/07145508\/144142-3.jpg 600w\" sizes=\"(max-width: 700px) 100vw, 700px\" \/><\/a><\/p>\n<p style=\"text-align: center;\">Mar\u00eda Victoria Medina, 47 a\u00f1os.<\/p>\n<p style=\"text-align: center;\">***<\/p>\n<p style=\"text-align: left;\">Cuando ten\u00eda 9 a\u00f1os fui con mi grupo del colegio a la piscina de la casa de una amiga para un trabajo de una feria cient\u00edfica. Todos entramos a la piscina, yo no sab\u00eda nadar. Yo iba caminando y en la rampa sent\u00ed que me resbal\u00e9. Cuando intent\u00e9 salir no pod\u00eda, sent\u00ed que me iba a lo m\u00e1s profundo y cada vez se miraba m\u00e1s oscuro. En mi mente ten\u00eda al \u00e1ngel de la guarda, en ese momento sent\u00eds que pasa por tus ojos tu vida, es horrible, se te ponen muchas im\u00e1genes, cosas bonitas que has pasado con tu familia, mis abuelitos, mis hermanas, mis padres.<\/p>\n<p style=\"text-align: left;\">El coraz\u00f3n me lat\u00eda muy, pero muy fuerte, despu\u00e9s me desmay\u00e9. Luego me contaron que do\u00f1a Scarlet (la mam\u00e1 de su amiga y due\u00f1a de la casa) se tir\u00f3 a la piscina para salvarme, pero no pudo sola. Varias personas intentaron. Do\u00f1a Scarlet y el jardinero hicieron una cadena y me sacaron. Cuando me sacaron ella me dio respiraci\u00f3n y volv\u00ed. Ella es mi h\u00e9roe, fue la que hizo hasta lo imposible por sacarme de ah\u00ed. Yo le debo la vida a esa se\u00f1ora. Pero tambi\u00e9n le doy gracias a Dios por haberme salvado, por darme un poquito m\u00e1s de tiempo.<\/p>\n<figure id=\"attachment_34857\" aria-describedby=\"caption-attachment-34857\" style=\"width: 700px\" class=\"wp-caption aligncenter\"><a href=\"https:\/\/gep90.laprensa.com.ni\/magazine\/wp-content\/uploads\/2017\/05\/144142-4.jpg\"><img loading=\"lazy\" decoding=\"async\" class=\"size-full wp-image-34857\" src=\"https:\/\/gep90.laprensa.com.ni\/magazine\/wp-content\/uploads\/2017\/05\/144142-4.jpg\" alt=\"\" width=\"700\" height=\"590\" srcset=\"https:\/\/d1xxa24wwackpg.cloudfront.net\/wp-content\/uploads\/2017\/05\/07145507\/144142-4.jpg 700w, https:\/\/d1xxa24wwackpg.cloudfront.net\/wp-content\/uploads\/2017\/05\/07145507\/144142-4.jpg 300w, https:\/\/d1xxa24wwackpg.cloudfront.net\/wp-content\/uploads\/2017\/05\/07145507\/144142-4.jpg 600w\" sizes=\"(max-width: 700px) 100vw, 700px\" \/><\/a><figcaption id=\"caption-attachment-34857\" class=\"wp-caption-text\">Marisa Flores, 13 a\u00f1os.<\/figcaption><\/figure>\n<h4>Primer superh\u00e9roe<\/h4>\n<p>La idea de los superh\u00e9roes comenz\u00f3 en Estados Unidos para la d\u00e9cada de los a\u00f1os veinte. Sin embargo, el primer superh\u00e9roe hizo su debut en 1938 y fue Superm\u00e1n.<\/p>\n<p>Apareci\u00f3 en Action Comic, considerado el primer c\u00f3mic de superh\u00e9roes de la historia. Un a\u00f1o m\u00e1s tarde naci\u00f3 Batman y luego Antorcha Humana.<\/p>\n","protected":false},"excerpt":{"rendered":"<p>Olvide los superpoderes, la posibilidad de ser inmortal, los atuendos y nombres ex\u00f3ticos. Esta es la historia de los verdaderos h\u00e9roes, esos que aparecen en el momento justo y deciden arriesgarse por salvar a otro<\/p>\n","protected":false},"author":46,"featured_media":36339,"comment_status":"open","ping_status":"open","sticky":false,"template":"","format":"standard","meta":{"_acf_changed":false,"footnotes":""},"categories":[26],"tags":[],"class_list":["post-34851","post","type-post","status-publish","format-standard","has-post-thumbnail","hentry","category-reportajes"],"acf":[],"_links":{"self":[{"href":"https:\/\/staging.laprensanic.com\/magazine\/wp-json\/wp\/v2\/posts\/34851","targetHints":{"allow":["GET"]}}],"collection":[{"href":"https:\/\/staging.laprensanic.com\/magazine\/wp-json\/wp\/v2\/posts"}],"about":[{"href":"https:\/\/staging.laprensanic.com\/magazine\/wp-json\/wp\/v2\/types\/post"}],"author":[{"embeddable":true,"href":"https:\/\/staging.laprensanic.com\/magazine\/wp-json\/wp\/v2\/users\/46"}],"replies":[{"embeddable":true,"href":"https:\/\/staging.laprensanic.com\/magazine\/wp-json\/wp\/v2\/comments?post=34851"}],"version-history":[{"count":8,"href":"https:\/\/staging.laprensanic.com\/magazine\/wp-json\/wp\/v2\/posts\/34851\/revisions"}],"predecessor-version":[{"id":52783,"href":"https:\/\/staging.laprensanic.com\/magazine\/wp-json\/wp\/v2\/posts\/34851\/revisions\/52783"}],"wp:featuredmedia":[{"embeddable":true,"href":"https:\/\/staging.laprensanic.com\/magazine\/wp-json\/wp\/v2\/media\/36339"}],"wp:attachment":[{"href":"https:\/\/staging.laprensanic.com\/magazine\/wp-json\/wp\/v2\/media?parent=34851"}],"wp:term":[{"taxonomy":"category","embeddable":true,"href":"https:\/\/staging.laprensanic.com\/magazine\/wp-json\/wp\/v2\/categories?post=34851"},{"taxonomy":"post_tag","embeddable":true,"href":"https:\/\/staging.laprensanic.com\/magazine\/wp-json\/wp\/v2\/tags?post=34851"}],"curies":[{"name":"wp","href":"https:\/\/api.w.org\/{rel}","templated":true}]}}