{"id":34872,"date":"2012-09-09T09:48:48","date_gmt":"2012-09-09T15:48:48","guid":{"rendered":"https:\/\/www.magazine.com.ni\/?p=34872"},"modified":"2018-10-04T22:57:44","modified_gmt":"2018-10-04T22:57:44","slug":"todas-las-caras-de-la-muerte","status":"publish","type":"post","link":"https:\/\/staging.laprensanic.com\/magazine\/reportajes\/todas-las-caras-de-la-muerte\/","title":{"rendered":"Cuando la muerte llega"},"content":{"rendered":"<p style=\"text-align: center;\">Algunos la ven venir con alegr\u00eda, pero la mayor\u00eda lo hace con llanto y con temor. La muerte ha sido un tema de gran fascinaci\u00f3n por el misterio que encierra. Magazine hace un recorrido por ese mundo donde nada est\u00e1 escrito<\/p>\n<p style=\"text-align: center;\"><strong>Por Dora Luz Romero<\/strong><\/p>\n<p>Cada minuto mueren al menos cien personas en el mundo. Pero, \u00bfqu\u00e9 es morir? Los cat\u00f3licos creen que es la separaci\u00f3n del cuerpo y el alma. Los budistas lo ven como el comienzo de otra vida y para los ateos es simplemente lo que parece, el fin. Alrededor de la muerte se tejen decenas de teor\u00edas, creencias, hip\u00f3tesis, pero certezas no hay ni una sola. No se sabe si despu\u00e9s de la muerte existe el para\u00edso, si se renace a otra vida, si se trata de un estado mental o si simplemente no hay nada.<\/p>\n<p>Lo cierto s\u00ed, es que cuando este hecho ocurre desencadena una especie de sistema que pareciera estar inactivo durante toda la vida, pero que justo en ese instante se echa andar. Y de pronto todos aquellos detalles que parec\u00edan tan ajenos y lejanos como un ata\u00fad, coronas de flores, cementerios, entran en juego.<\/p>\n<p>Es como un ciclo. Un ciclo no planeado, del que se habla muy poco, pero del que se sabe al pie de la letra los pasos a seguir cuando llega. El cad\u00e1ver se prepara, los familiares visten de luto, se busca caja, lote en el cementerio, otros preparan caf\u00e9 para la vela, el sacerdote reza o el pastor ora, hay flores por todas partes. Y aparecen personajes en los que probablemente nunca se pens\u00f3: el preparador, el enterrador, el maquillador, el psic\u00f3logo que ayuda a sobrellevar el duelo.<\/p>\n<p>La muerte, desde tiempos antiguos, ha sido un tema de gran fascinaci\u00f3n en las diferentes culturas, ya que es uno de los misterios m\u00e1s grandes de la humanidad. Los egipcios, por ejemplo, cre\u00edan que despu\u00e9s de la muerte el alma viajaba y elcoraz\u00f3n se pesaba en una balanza contra una pluma. Si el coraz\u00f3n pesaba menos que la pluma era considerado puro y libre de pecado entonces recuperaba su cuerpo terrenal por toda la eternidad. Los hind\u00faes por su parte est\u00e1n convencidos de que ese es el fin del cuerpo material, pero no de la existencia. As\u00ed que se trata \u00fanicamente de un pasaje hacia otra vida.<\/p>\n<p>Los rituales f\u00fanebres son tantos que dependen del pa\u00eds y tambi\u00e9n de la cultura. En varias zonas de \u00c1frica los muertos son despedidos al son de tambores, mientras que en India cientos de cad\u00e1veres son llevados a orillas del R\u00edo Ganges para ser incinerados, sus aguas, se cree, lavan los pecados. En Indonesia hay una tribu llamada Toraja que vive con sus muertos durante a\u00f1os y donde se les ofrece de comer y beber, y ahora en Taiw\u00e1n hay quienes optan por dar el \u00faltimo adi\u00f3s con un show de strippers y luces de discoteca.<\/p>\n<p>Sin importar las formas, las culturas, los rituales, lo \u00fanico en lo que coinciden todos es que tarde o temprano ese d\u00eda llega. Es como una ruleta rusa, ser o no ser uno de los cien que muere a cada minuto en el mundo.<\/p>\n<h3 style=\"text-align: center;\">Morir es vivir<\/h3>\n<p>El sacerdote \u00d3scar Chavarr\u00eda lleva puesta la sotana negra y una estola morada, saca el aceite ungido y con \u00e9l dibuja una cruz en la frente, el pecho y las palmas de las manos del moribundo. Mientras lo hace repite:<\/p>\n<p>El Se\u00f1or te sana.<br \/>\nEl Se\u00f1or te guarda.<br \/>\nEl Se\u00f1or te perdona y te prepara a su encuentro.<\/p>\n<p>Todo est\u00e1 dicho. Sus palabras, la ceremonia, su presencia son la antesala de la muerte. All\u00e1, en Villa Sandino, Chontales, donde \u00e9l es p\u00e1rroco, todos saben que cuando el padre llega a la casa de un enfermo grave es porque lleg\u00f3 la hora de partir. \u201cHasta los vecinos se salen\u201d, reconoce.<\/p>\n<p>Los habitantes llaman a ese proceso la extremaunci\u00f3n, la \u00faltima bendici\u00f3n, pero el sacerdote dice que se trata del sacramento de la Unci\u00f3n de los Enfermos.<\/p>\n<p>Chavarr\u00eda se detiene por unos minutos y recuerda a esos que ha despedido. No es f\u00e1cil, asegura. Le han tocado familias que no aceptan la muerte de un ser querido, que lloran, que gritan, que sufren mucho; pero tambi\u00e9n ha visto otras que reciben la muerte con resignaci\u00f3n, que la ven como un encuentro con Dios, como un gesto de entrega. As\u00ed como lo hizo su madre.<\/p>\n<p>Retrocede 22 a\u00f1os y se ve all\u00ed, a la par de la cama donde estaba la mujer que le dio la vida. Sus palabras las tiene intactas y revolotean por su cabeza: \u201cYo nac\u00ed para morir y me entrego al Se\u00f1or. Recibo la muerte con alegr\u00eda\u201d.<\/p>\n<p>Aquellas palabras \u2014dice Chavarr\u00eda\u2014 le ayudaron a entender y ver el camino de la muerte como lo que \u00e9l cree que es, un camino de vida. \u00bfDe vida? S\u00ed. Para \u00e9l la muerte no es m\u00e1s que el encuentro con Cristo. Para \u00e9l, despu\u00e9s de la muerte habr\u00e1 resurrecci\u00f3n, habr\u00e1 vida eterna. \u201cMorir es caminar hacia la vida eterna. Para m\u00ed, morir es vivir\u201d, asegura.<\/p>\n<figure id=\"attachment_38442\" aria-describedby=\"caption-attachment-38442\" style=\"width: 400px\" class=\"wp-caption aligncenter\"><a href=\"https:\/\/www.laprensa.com.ni\/magazine\/wp-content\/uploads\/2012\/09\/142001-1.jpg\"><img fetchpriority=\"high\" decoding=\"async\" class=\"wp-image-38442\" src=\"https:\/\/www.laprensa.com.ni\/magazine\/wp-content\/uploads\/2012\/09\/142001-1-246x300.jpg\" alt=\"Foto\/Archivo\/LA PRENSA\/Uriel Molina\" width=\"400\" height=\"487\" srcset=\"https:\/\/d1xxa24wwackpg.cloudfront.net\/wp-content\/uploads\/2012\/09\/07142657\/142001-1.jpg 246w, https:\/\/d1xxa24wwackpg.cloudfront.net\/wp-content\/uploads\/2012\/09\/07142657\/142001-1.jpg 600w, https:\/\/d1xxa24wwackpg.cloudfront.net\/wp-content\/uploads\/2012\/09\/07142657\/142001-1.jpg 700w\" sizes=\"(max-width: 400px) 100vw, 400px\" \/><\/a><figcaption id=\"caption-attachment-38442\" class=\"wp-caption-text\">\u00d3scar Chavarr\u00eda. Sacerdote.<\/figcaption><\/figure>\n<h3 style=\"text-align: center;\">Morir sin sufrimiento<\/h3>\n<p>Nubia Olivares contesta el tel\u00e9fono. Al otro lado de la l\u00ednea es la voz de una mujer que le dice:<\/p>\n<p>\u2014Doctora muchas gracias, mi pap\u00e1 ya falleci\u00f3 y se fue sin dolor.<\/p>\n<p>Olivares se queda quieta por unos segundos y luego siente un alivio. Esa es su mayor satisfacci\u00f3n, el agradecimiento por haber ayudado a un paciente a morir sin sufrimiento.<\/p>\n<p>Nubia Olivares es especialista en Cl\u00ednica del Dolor y Cuidados Paliativos, trabaja en las \u00e1reas oncol\u00f3gicas de varios hospitales del pa\u00eds y ayuda a los enfermos a manejar el dolor. Tambi\u00e9n atiende a pacientes terminales, esos que seg\u00fan los m\u00e9dicos ya no son aptos para recibir ning\u00fan tratamiento.<\/p>\n<p>Ha aprendido a lidiar con la muerte todos los d\u00edas. Una tarde puede conversar largo y tendido con un paciente y la ma\u00f1ana siguiente ya no est\u00e1. Pasa con frecuencia. Es dif\u00edcil \u2014dice\u2014 es como estar ah\u00ed enrollado en medio de la vulnerabilidad de los seres humanos.<\/p>\n<p>Pero su problema no es con la muerte \u2014reconoce\u2014 su problema es con el sufrimiento. \u201cNo pretendemos salvar a los pacientes, sino que lo que queremos es que mueran con calidad, que tengan una muerte feliz y tranquila, brindarles una muerte digna, que no mueran con dolor, con llanto, sufrimiento\u201d, explica. Pero ella sufre igual, vive el duelo, siente la ausencia de sus pacientes.<\/p>\n<p>En ese proceso \u2014explica\u2014 junto a psic\u00f3logos y enfermeras, acompa\u00f1a a los familiares del enfermo, mediante pl\u00e1ticas, charlas, los prepara para el duelo, les ense\u00f1a a perdonar, a despedirse; les ayuda a entender que a veces es mejor dejarlos ir.<\/p>\n<p>Un ejemplo salta de sus recuerdos m\u00e1s dolorosos. La historia de una ni\u00f1a de dos a\u00f1os y medio a quien los m\u00e9dicos le diagnosticaron leucemia y no le dieron pron\u00f3sticos de vida. \u201cEl impacto que nunca se me olvida es a los padres que se aferraban, se negaron aceptar la muerte, quer\u00edan hacerla vivir a toda costa. Eso lastima much\u00edsimo\u201d.<\/p>\n<p>Olivares entiende que no es f\u00e1cil una p\u00e9rdida y tampoco entender que se es de la muerte, pero sabe que encarar la muerte todos los d\u00edas es de valientes. Y de esos \u2014dice ella\u2014 est\u00e1n llenas sus salas.<\/p>\n<figure id=\"attachment_38444\" aria-describedby=\"caption-attachment-38444\" style=\"width: 300px\" class=\"wp-caption aligncenter\"><a href=\"https:\/\/www.laprensa.com.ni\/magazine\/wp-content\/uploads\/2012\/09\/142002-1.jpg\"><img decoding=\"async\" class=\"wp-image-38444\" src=\"https:\/\/www.laprensa.com.ni\/magazine\/wp-content\/uploads\/2012\/09\/142002-1-235x300.jpg\" alt=\"Foto: Carlos Herrera \/ La Prensa\" width=\"300\" height=\"383\" srcset=\"https:\/\/d1xxa24wwackpg.cloudfront.net\/wp-content\/uploads\/2012\/09\/07142656\/142002-1.jpg 235w, https:\/\/d1xxa24wwackpg.cloudfront.net\/wp-content\/uploads\/2012\/09\/07142656\/142002-1.jpg 600w, https:\/\/d1xxa24wwackpg.cloudfront.net\/wp-content\/uploads\/2012\/09\/07142656\/142002-1.jpg 700w\" sizes=\"(max-width: 300px) 100vw, 300px\" \/><\/a><figcaption id=\"caption-attachment-38444\" class=\"wp-caption-text\">Nubia Olivares. Anestesi\u00f3loga con especialidad en Cl\u00ednica del Dolor y Cuidados Paliativos.<\/figcaption><\/figure>\n<h3 style=\"text-align: center;\">Decir adi\u00f3s<\/h3>\n<p>Con un par de mecates y con ayuda de otro compa\u00f1ero, baja la caja, una vez acomodada abre la tapa y mira el rostro detr\u00e1s del vidrio. Inmediatamente, con voz bajita, pide a los familiares que le den el \u00faltimo adi\u00f3s. Es el peor momento, o al menos \u00e9l lo ve as\u00ed, el instante antes de sellarlo, de echarle concreto, de no volver a verlo m\u00e1s. Hay llantos, gritos, desmayos y algunos hasta se tiran sobre la caja para irse con el familiar.<\/p>\n<p>Alejandro de Jes\u00fas Mu\u00f1oz tiene m\u00e1s de veinte a\u00f1os de ser enterrador en el Cementerio Central de Managua y esa experiencia \u2014dice\u2014 le ha ayudado a sentirse m\u00e1s seguro. M\u00e1s seguro de que los seres humanos son fr\u00e1giles, m\u00e1s seguro de que no se sabe el momento, m\u00e1s seguro de que para la muerte no hay escapatoria. \u201cAqu\u00ed hay enterrados ricos y pobres, pero aqu\u00ed todos somos lo mismo, estamos muertos\u201d, dice. Lleg\u00f3 por primera vez al cementerio cuando ten\u00eda 7 a\u00f1os, de la mano de su mam\u00e1, quien limpiaba tumbas. Siendo joven se retir\u00f3 por un tiempo, pero luego volvi\u00f3 porque siempre sinti\u00f3 que su ombligo estaba ah\u00ed y sent\u00eda que esa era su misi\u00f3n en el mundo, llevar a otros a su \u00faltima morada.<\/p>\n<p>Calcula que le ha tocado enterrar no menos de dos mil personas. \u201cUno va aprendiendo de tanto ver gente sufrir, pero tambi\u00e9n le va perdiendo el miedo a la muerte porque uno ve que todos vamos para all\u00e1\u201d, asegura.<\/p>\n<p>Cada vez que entierra a alguien siente una opresi\u00f3n en el pecho. No conoce al fallecido, aunque a veces s\u00ed, tampoco a los familiares, pero la sensaci\u00f3n de que quedar\u00e1n ah\u00ed por siempre, debajo del concreto que \u00e9l pone, eso nunca ha dejado de darle una sensaci\u00f3n de ahogo.<\/p>\n<figure id=\"attachment_34875\" aria-describedby=\"caption-attachment-34875\" style=\"width: 600px\" class=\"wp-caption aligncenter\"><a href=\"https:\/\/www.laprensa.com.ni\/magazine\/wp-content\/uploads\/2017\/05\/Alejandro-de-Jes\u00fas-Mu\u00f1oz.jpg\"><img decoding=\"async\" class=\"wp-image-34875\" src=\"https:\/\/www.laprensa.com.ni\/magazine\/wp-content\/uploads\/2017\/05\/Alejandro-de-Jes\u00fas-Mu\u00f1oz.jpg\" alt=\"Foto\/Archivo\/LA PRENSA\/Oporta\" width=\"600\" height=\"357\" srcset=\"https:\/\/d1xxa24wwackpg.cloudfront.net\/wp-content\/uploads\/2017\/05\/07145459\/Alejandro-de-Jes%C3%BAs-Mu%C3%B1oz.jpg 700w, https:\/\/d1xxa24wwackpg.cloudfront.net\/wp-content\/uploads\/2017\/05\/07145459\/Alejandro-de-Jes%C3%BAs-Mu%C3%B1oz.jpg 300w, https:\/\/d1xxa24wwackpg.cloudfront.net\/wp-content\/uploads\/2017\/05\/07145459\/Alejandro-de-Jes%C3%BAs-Mu%C3%B1oz.jpg 600w\" sizes=\"(max-width: 600px) 100vw, 600px\" \/><\/a><figcaption id=\"caption-attachment-34875\" class=\"wp-caption-text\">Alejandro de Jes\u00fas Mu\u00f1oz. Enterrador.<\/figcaption><\/figure>\n<h3 style=\"text-align: center;\">Instrucciones para mi funeral<\/h3>\n<p style=\"text-align: center;\">Cuatro personajes se adelantan y describen c\u00f3mo quisieran ser despedidos de este mundo<\/p>\n<h3 style=\"text-align: center;\">Quiero que sea solemne<\/h3>\n<p style=\"text-align: center;\">Cristiana Frixione. Miss Nicaragua 2006.<\/p>\n<p>Cuesta imaginar mi propio funeral. \u00a1Qu\u00e9 dif\u00edcil! Pero s\u00e9 que lo \u00fanico cierto que hay en la vida es que moriremos. Si me detengo un minuto a pensar c\u00f3mo quisiera que fuera ese d\u00eda y definitivamente me gustar\u00eda ser enterrada, no cremada. S\u00e9 que es inevitable, pero quisiera que mis seres queridos no estuvieran tristes.<br \/>\nQuiero que me vistan muy elegante, de blanco y negro, que alguien se encargue de mi cabello y maquillaje. Mis labios, de preferencia, rojos.<br \/>\nNo quiero flores, que ese dinero lo donen a una escuela que mi familia apoya.<br \/>\nNo quiero m\u00fasica, creo que eso de mariachis sirve para dar m\u00e1s tristeza.<br \/>\nNo quiero un d\u00eda lluvioso, lo prefiero soleado.<br \/>\nQue mis invitados vistan de negro y que recen por mi alma, una ayudadita para el cielo no me vendr\u00eda mal. Quiero que mi funeral sea sobrio, quiero que sea solemne.<\/p>\n<figure id=\"attachment_38445\" aria-describedby=\"caption-attachment-38445\" style=\"width: 700px\" class=\"wp-caption aligncenter\"><a href=\"https:\/\/www.laprensa.com.ni\/magazine\/wp-content\/uploads\/2012\/09\/142003-4.jpg\"><img loading=\"lazy\" decoding=\"async\" class=\"wp-image-38445 size-full\" src=\"https:\/\/www.laprensa.com.ni\/magazine\/wp-content\/uploads\/2012\/09\/142003-4.jpg\" alt=\"Foto\/Archivo\/LA PRENSA\/Bismarck Picado\" width=\"700\" height=\"326\" srcset=\"https:\/\/d1xxa24wwackpg.cloudfront.net\/wp-content\/uploads\/2012\/09\/07142655\/142003-4.jpg 700w, https:\/\/d1xxa24wwackpg.cloudfront.net\/wp-content\/uploads\/2012\/09\/07142655\/142003-4.jpg 300w, https:\/\/d1xxa24wwackpg.cloudfront.net\/wp-content\/uploads\/2012\/09\/07142655\/142003-4.jpg 600w\" sizes=\"(max-width: 700px) 100vw, 700px\" \/><\/a><figcaption id=\"caption-attachment-38445\" class=\"wp-caption-text\">Cristiana Frixione. Miss Nicaragua 2006.<\/figcaption><\/figure>\n<h3 style=\"text-align: center;\">Un viaje feliz<\/h3>\n<p style=\"text-align: center;\">Avelino Cox. Historiador miskito.<\/p>\n<p>Ese d\u00eda, no quiero que haya dolor porque en mi cultura, la miskita, la muerte no es el fin, es solo un viaje. Luego regresar\u00e9 al seno de mi gente, siempre voy a estar cerca de ellos. As\u00ed que quiero que mi funeral sea un d\u00eda de alegr\u00eda donde todos mis amigos se re\u00fanan, que recuerden mis travesuras, que entre los que hubo fricciones se reconcilien, que todos aprovechen en pasarla muy bien.<\/p>\n<p>Que haya mucha gente ese d\u00eda. No quiero que vistan de luto. Si fuera posible, les pido que pongan parlante en las cuatro esquinas y suenen esas canciones rom\u00e1nticas que siempre me han gustado.<\/p>\n<p>Quiero que me dejen en una loma, en un sitio alto. Entonces viajar\u00e9 feliz.<\/p>\n<figure id=\"attachment_34877\" aria-describedby=\"caption-attachment-34877\" style=\"width: 350px\" class=\"wp-caption aligncenter\"><a href=\"https:\/\/www.laprensa.com.ni\/magazine\/wp-content\/uploads\/2017\/05\/Avelino-Cox..jpg\"><img loading=\"lazy\" decoding=\"async\" class=\"wp-image-34877\" src=\"https:\/\/www.laprensa.com.ni\/magazine\/wp-content\/uploads\/2017\/05\/Avelino-Cox.-300x285.jpg\" alt=\"Foto\/Archivo\/LA PRENSA\/Enrique Oporta\" width=\"350\" height=\"333\" srcset=\"https:\/\/d1xxa24wwackpg.cloudfront.net\/wp-content\/uploads\/2017\/05\/07145457\/Avelino-Cox..jpg 300w, https:\/\/d1xxa24wwackpg.cloudfront.net\/wp-content\/uploads\/2017\/05\/07145457\/Avelino-Cox..jpg 24w, https:\/\/d1xxa24wwackpg.cloudfront.net\/wp-content\/uploads\/2017\/05\/07145457\/Avelino-Cox..jpg 600w, https:\/\/d1xxa24wwackpg.cloudfront.net\/wp-content\/uploads\/2017\/05\/07145457\/Avelino-Cox..jpg 700w\" sizes=\"(max-width: 350px) 100vw, 350px\" \/><\/a><figcaption id=\"caption-attachment-34877\" class=\"wp-caption-text\">Evelio Cox. Historiador miskito.<\/figcaption><\/figure>\n<h3 style=\"text-align: center;\">Quiero irme con chicheros<\/h3>\n<p style=\"text-align: center;\">Augusto Mej\u00eda. M\u00fasico.<\/p>\n<p>Que haya m\u00fasicos populares, chicheros, marimberos, todos tocando m\u00fasica; que mis invitados bailen y que lleguen vestidos como quieran.<\/p>\n<p>Quiero que haya mucha comida y bebida. Quiero un funeral alegre, as\u00ed como he tratado de llevar mi vida, llena de risas, espontaneidad y mucha alegr\u00eda; que sea una celebraci\u00f3n m\u00e1s, donde lleguen todos aquellos con quienes un d\u00eda compart\u00ed mi vida. No quiero sepelio triste y doloroso.<\/p>\n<p>Deseo que me incineren y que tiren mis cenizas al viento desde un sitio alto, como el volc\u00e1n Momotombo. As\u00ed, aquellos que me recuerden no tendr\u00e1n un sitio f\u00edsico al cual asociar mi cuerpo; que sepan que al morir vuelvo a ser parte del \u201ctodo\u201d.<\/p>\n<figure id=\"attachment_34878\" aria-describedby=\"caption-attachment-34878\" style=\"width: 350px\" class=\"wp-caption aligncenter\"><a href=\"https:\/\/www.laprensa.com.ni\/magazine\/wp-content\/uploads\/2017\/05\/Augusto-Mej\u00eda.jpg\"><img loading=\"lazy\" decoding=\"async\" class=\"wp-image-34878\" src=\"https:\/\/www.laprensa.com.ni\/magazine\/wp-content\/uploads\/2017\/05\/Augusto-Mej\u00eda-207x300.jpg\" alt=\"Foto\/Archivo\/LA PRENSA\/Diana Nivia\" width=\"350\" height=\"508\" \/><\/a><figcaption id=\"caption-attachment-34878\" class=\"wp-caption-text\">Augusto Mej\u00eda. M\u00fasico<\/figcaption><\/figure>\n<h3 style=\"text-align: center;\">Cu\u00e1ndo, c\u00f3mo y d\u00f3nde<\/h3>\n<p style=\"text-align: center;\">Sergio Ram\u00edrez. Escritor.<\/p>\n<p>Hay dos clases de anuncios comerciales que por la naturaleza de lo que buscan vender, vienen a ser dominados por el pudor, y as\u00ed los publicistas deben andarse por veredas: los servicios f\u00fanebres, y el papel higi\u00e9nico. En ambos casos se trata de una propaganda indirecta, sutil o, mejor, subrepticia, que no puede desnudar las ventajas del producto a riesgo de violar las reglas del recato. Es una verdadera dificultad acertar con un buen anuncio de esos.<\/p>\n<p>Nadie muestra un rollo de papel higi\u00e9nico en una valla de carretera ni en un spot de televisi\u00f3n; en cambio, suele utilizarse una lluvia de p\u00e9talos de rosa, para aludir a la suavidad; y nadie muestra tampoco un ata\u00fad cromado, ni el verde c\u00e9sped de un camposanto. Tal vez, en cambio, un rojo crep\u00fasculo, porque la muerte tiene tanto que ver con el ocaso. Hace unos a\u00f1os, en una valla que anunciaba un cementerio privado pod\u00eda leerse: nadie sabe el cu\u00e1ndo ni el c\u00f3mo, pero ahora sabemos el d\u00f3nde. Lo que la frase quer\u00eda decir era que no sabemos cu\u00e1ndo ni d\u00f3nde vamos a morir, pero ahora ya pod\u00edamos saber d\u00f3nde \u00edbamos a ser enterrados.<\/p>\n<p>Asist\u00eda una vez a un funeral en uno de esos cementerios que parecen prados de golf, cuando un joven muy bien peinado, y de corbata negra, me requiri\u00f3 para hablar conmigo unos minutos. Me apart\u00e9 con \u00e9l, intrigado, y pronto me di cuenta que era un avisado ejecutivo de ventas del mismo cementerio, a quien el responso que se rezaba en ese momento no distra\u00eda de sus deberes profesionales, pues me empez\u00f3 a ponderar las ventajas que ten\u00eda el ser sepultado en aquellos predios tan bien cuidados, con suaves ondulaciones, \u00e1rboles frondosos, bancas de fierro para descansar, sin aglomeraci\u00f3n ninguna de cruces, tumbas y capillas de mal gusto, nada m\u00e1s las discretas losas a ras del c\u00e9sped rasurado.<\/p>\n<p>Explic\u00f3 los planes de venta, y las categor\u00edas de los lotes, pues la parte alta, desde donde era posible divisar el lago de Managua y la pen\u00ednsula de Chiltepe, era obviamente m\u00e1s cara que la parte plana, donde no se divisa nada, todo como si se tratara de un reparto residencial en el que se paga por la calidad de la vista, aunque en este caso no sea posible disfrutar de ning\u00fan paisaje, una vez trasladado el cliente a su \u00faltima morada.<\/p>\n<p>Mantuve la expresi\u00f3n muy seria, pues el lugar y las circunstancias prohib\u00edan cualquier clase de comentario que faltara a la compostura; me excus\u00e9 con la mejor cortes\u00eda posible, y le dije que el lugar y las condiciones en que iban a enterrarme no era asunto de mi incumbencia, pues no me tocar\u00eda resolverlo a m\u00ed, frente a lo cual el joven ejecutivo se retir\u00f3 extra\u00f1ado, no sin antes decirme de manera sentenciosa: \u201cpi\u00e9nselo bien\u201d.<\/p>\n<p>Ya lo he pensado muy bien. No soy de quienes se preocupan de su propio entierro. Ni del cu\u00e1ndo, ni del c\u00f3mo, ni del d\u00f3nde.<\/p>\n<figure id=\"attachment_38446\" aria-describedby=\"caption-attachment-38446\" style=\"width: 600px\" class=\"wp-caption aligncenter\"><a href=\"https:\/\/www.laprensa.com.ni\/magazine\/wp-content\/uploads\/2012\/09\/142003-1.jpg\"><img loading=\"lazy\" decoding=\"async\" class=\"wp-image-38446\" src=\"https:\/\/www.laprensa.com.ni\/magazine\/wp-content\/uploads\/2012\/09\/142003-1.jpg\" alt=\"Foto\/Archivo\/LA PRENSA\/Uriel Molina\" width=\"600\" height=\"311\" srcset=\"https:\/\/d1xxa24wwackpg.cloudfront.net\/wp-content\/uploads\/2012\/09\/07142654\/142003-1.jpg 700w, https:\/\/d1xxa24wwackpg.cloudfront.net\/wp-content\/uploads\/2012\/09\/07142654\/142003-1.jpg 300w, https:\/\/d1xxa24wwackpg.cloudfront.net\/wp-content\/uploads\/2012\/09\/07142654\/142003-1.jpg 600w\" sizes=\"(max-width: 600px) 100vw, 600px\" \/><\/a><figcaption id=\"caption-attachment-38446\" class=\"wp-caption-text\">Sergio Ram\u00edrez. Escritor.<\/figcaption><\/figure>\n<h3 style=\"text-align: center;\">Un d\u00eda a la vez<\/h3>\n<p>Los rostros iban y ven\u00edan. El del ni\u00f1o que muri\u00f3 accidentalmente, el de la mujer que ten\u00eda c\u00e1ncer, el del hombre que le dio un ataque al coraz\u00f3n. Todos hab\u00edan llegado hasta ese cuarto donde a Jos\u00e9 Mar\u00eda Mel\u00e9ndez le toc\u00f3 prepararlos. Cuando las im\u00e1genes volv\u00edan a su cabeza se le quitaba el apetito, aparec\u00eda insomnio, la piel se le erizaba y sent\u00eda repulsi\u00f3n hacia los cad\u00e1veres. As\u00ed fue su primer mes de trabajo como preparador de muertos.<\/p>\n<p>Ten\u00eda dos opciones: dejar el trabajo o acostumbrarse a vivir con esos cuerpos fr\u00edos y r\u00edgidos. Pens\u00f3 que se retirar\u00eda, pero m\u00e1s bien se acostumbr\u00f3. Desde muy ni\u00f1o \u2014confiesa\u2014 hab\u00eda sentido una especial curiosidad por lo f\u00fanebre.<\/p>\n<p>El trabajo de Mel\u00e9ndez es preparar los cad\u00e1veres para que se conserven antes de ser enterrados. \u00c9l los viste, maquilla sus rostros para que no luzcan tan p\u00e1lidos y faltos de vida, y en ocasiones hasta de cirujano hace. \u201cCuando alguien muere en accidente entonces se trabaja para que los familiares no se impacten y no sufran m\u00e1s por verlo en ese estado\u201d, asegura.<\/p>\n<p>Mel\u00e9ndez se ve frente a frente con la muerte todos los d\u00edas, pero a\u00fan as\u00ed \u2014dice\u2014 nunca se est\u00e1 preparado para recibirla. Cuando su pap\u00e1 muri\u00f3, por ejemplo, pens\u00f3 que estaba listo. Ten\u00eda ya varios a\u00f1os trabajando como preparador y cada vez que por sus manos pasaba un cad\u00e1ver e imaginaba a un familiar muerto, sent\u00eda que la experiencia le dar\u00eda la sobriedad y el control para sobrellevar la partida de un ser querido. Se equivoc\u00f3. Ese d\u00eda se vino abajo, se descontrol\u00f3, llor\u00f3 desconsoladamente. \u201cUno nunca est\u00e1 preparado para la muerte de un familiar\u201d, asegura. Y se traga las l\u00e1grimas.<\/p>\n<p>Tratar con cad\u00e1veres \u2014cuenta\u2014 ha cambiado su forma de ver el mundo y de tratar con su familia. \u201cMe causa mucha tristeza cuando me llegan ni\u00f1os, eso me impacta much\u00edsimo\u201d, dice. No puede dejar de pensar que ese peque\u00f1o bien podr\u00eda ser uno de sus dos hijos. \u201cCreo que ahora soy una persona m\u00e1s comprensiva, esto me ha ayudado a ser m\u00e1s compasivo con el dolor ajeno, pero tambi\u00e9n a entender que aqu\u00ed estamos de paso, que somos de la muerte y que nos puede llegar en cualquier momento\u201d.<\/p>\n<p>Por eso \u2014dice\u2014 \u00e9l vive cada d\u00eda como si fuera el \u00faltimo de su vida. \u201cEs que en realidad no sabemos si va haber ma\u00f1ana, as\u00ed que lo mejor de m\u00ed lo doy hoy\u201d.<\/p>\n<figure id=\"attachment_34880\" aria-describedby=\"caption-attachment-34880\" style=\"width: 300px\" class=\"wp-caption aligncenter\"><a href=\"https:\/\/www.laprensa.com.ni\/magazine\/wp-content\/uploads\/2017\/05\/Jos\u00e9-Mar\u00eda-M\u00e9lendez.jpg\"><img loading=\"lazy\" decoding=\"async\" class=\"wp-image-34880\" src=\"https:\/\/www.laprensa.com.ni\/magazine\/wp-content\/uploads\/2017\/05\/Jos\u00e9-Mar\u00eda-M\u00e9lendez.jpg\" alt=\"Foto\/Archivo\/LA PRENSA\/Uriel Molina\" width=\"300\" height=\"445\" srcset=\"https:\/\/d1xxa24wwackpg.cloudfront.net\/wp-content\/uploads\/2017\/05\/07145454\/Jos%C3%A9-Mar%C3%ADa-M%C3%A9lendez.jpg 700w, https:\/\/d1xxa24wwackpg.cloudfront.net\/wp-content\/uploads\/2017\/05\/07145454\/Jos%C3%A9-Mar%C3%ADa-M%C3%A9lendez.jpg 202w, https:\/\/d1xxa24wwackpg.cloudfront.net\/wp-content\/uploads\/2017\/05\/07145454\/Jos%C3%A9-Mar%C3%ADa-M%C3%A9lendez.jpg 691w, https:\/\/d1xxa24wwackpg.cloudfront.net\/wp-content\/uploads\/2017\/05\/07145454\/Jos%C3%A9-Mar%C3%ADa-M%C3%A9lendez.jpg 600w\" sizes=\"(max-width: 300px) 100vw, 300px\" \/><\/a><figcaption id=\"caption-attachment-34880\" class=\"wp-caption-text\">Jos\u00e9 Mar\u00eda Mel\u00e9ndez Paz. Preparador de Funeraria Monte de los Olivos.<\/figcaption><\/figure>\n<h3 style=\"text-align: center;\">Muertes sin resolver<\/h3>\n<p>Hollywood ha sido escenario donde decenas de sus personajes han muerto en circunstancias extra\u00f1as y misteriosas. Casos que a la fecha no se han logrado esclarecer.<\/p>\n<p>Marilyn Monroe<br \/>\nEl 5 de agosto de 1962 Marilyn Monroe fue encontrada muerta en su departamento. Suicidio por una sobredosis de pastillas, se dijo. Sin embargo hasta la fecha hay algunas teor\u00edas que afirman que fue asesinada. Una de esas, involucra al expresidente de los Estados Unidos, John F. Kennedy, con quien supuestamente habr\u00eda tenido una aventura.<\/p>\n<p>George Reeves<br \/>\nLa estrella de televisi\u00f3n del programa Las Aventuras de Superman muri\u00f3 de un disparo en la cabeza el 16 de junio de 1959. Las autoridades dijeron que se trat\u00f3 de un suicidio. Su madre no crey\u00f3 en esa versi\u00f3n y contrat\u00f3 a una agencia privada. El cuerpo de Reeves presentaba moretones, el arma no ten\u00eda huellas dactilares, fueron algunas de las evidencias. Han pasado m\u00e1s de cincuenta a\u00f1os y se sigue hablando sobre qu\u00e9 fue verdaderamente lo que pas\u00f3 con Reeves.<\/p>\n<p>Jim Morrison<br \/>\n3 de julio de 1971. El cantante del grupo The Doors es encontrado muerto en su ba\u00f1era. Sobredosis, paro card\u00edaco, asesinato, complot de la CIA. Nunca se supo. La verdad es que a Morrison no se le hizo autopsia y su cuerpo nunca fue visto ya que el ata\u00fad permaneci\u00f3 cerrado. Las especulaciones sobre su muerte contin\u00faan hasta el d\u00eda de hoy.<\/p>\n<p>Tupac ShaKuR<br \/>\nEn un sem\u00e1foro en Las Vegas, en septiembre de 1996, un carro se puso a la par del que conduc\u00eda el rapero Tupac, el hombre que conduc\u00eda le lanz\u00f3 13 balazos, cuatro lo alcanzaron . El cantante muri\u00f3 y su asesinato es un caso m\u00e1s sin resolver en Hollywood.<\/p>\n<p>Natalie Wood<br \/>\nAhogamiento accidental. Esa fue la conclusi\u00f3n a la que llegaron las autoridades luego de encontrar el cuerpo de la actriz flotando en isla Catalina, en California, en 1981. Se rumor\u00f3 suicidio y asesinato. El a\u00f1o pasado se reabri\u00f3 el caso de su muerte ya que las autoridades aseguran tener nueva informaci\u00f3n que confirma que no se trat\u00f3 de un accidente.<\/p>\n","protected":false},"excerpt":{"rendered":"<p>Algunos la ven venir con alegr\u00eda, pero la mayor\u00eda lo hace con llanto y con temor. La muerte ha sido un tema de gran fascinaci\u00f3n por el misterio que encierra. Magazine hace un recorrido por ese mundo donde nada est\u00e1 escrito<\/p>\n","protected":false},"author":46,"featured_media":34881,"comment_status":"open","ping_status":"open","sticky":false,"template":"","format":"standard","meta":{"_acf_changed":false,"footnotes":""},"categories":[26],"tags":[],"class_list":["post-34872","post","type-post","status-publish","format-standard","has-post-thumbnail","hentry","category-reportajes"],"acf":[],"_links":{"self":[{"href":"https:\/\/staging.laprensanic.com\/magazine\/wp-json\/wp\/v2\/posts\/34872","targetHints":{"allow":["GET"]}}],"collection":[{"href":"https:\/\/staging.laprensanic.com\/magazine\/wp-json\/wp\/v2\/posts"}],"about":[{"href":"https:\/\/staging.laprensanic.com\/magazine\/wp-json\/wp\/v2\/types\/post"}],"author":[{"embeddable":true,"href":"https:\/\/staging.laprensanic.com\/magazine\/wp-json\/wp\/v2\/users\/46"}],"replies":[{"embeddable":true,"href":"https:\/\/staging.laprensanic.com\/magazine\/wp-json\/wp\/v2\/comments?post=34872"}],"version-history":[{"count":16,"href":"https:\/\/staging.laprensanic.com\/magazine\/wp-json\/wp\/v2\/posts\/34872\/revisions"}],"predecessor-version":[{"id":44851,"href":"https:\/\/staging.laprensanic.com\/magazine\/wp-json\/wp\/v2\/posts\/34872\/revisions\/44851"}],"wp:featuredmedia":[{"embeddable":true,"href":"https:\/\/staging.laprensanic.com\/magazine\/wp-json\/wp\/v2\/media\/34881"}],"wp:attachment":[{"href":"https:\/\/staging.laprensanic.com\/magazine\/wp-json\/wp\/v2\/media?parent=34872"}],"wp:term":[{"taxonomy":"category","embeddable":true,"href":"https:\/\/staging.laprensanic.com\/magazine\/wp-json\/wp\/v2\/categories?post=34872"},{"taxonomy":"post_tag","embeddable":true,"href":"https:\/\/staging.laprensanic.com\/magazine\/wp-json\/wp\/v2\/tags?post=34872"}],"curies":[{"name":"wp","href":"https:\/\/api.w.org\/{rel}","templated":true}]}}