{"id":34961,"date":"2012-06-17T12:07:05","date_gmt":"2012-06-17T18:07:05","guid":{"rendered":"https:\/\/www.magazine.com.ni\/?p=34961"},"modified":"2020-11-19T17:33:17","modified_gmt":"2020-11-19T23:33:17","slug":"las-caras-de-chavez","status":"publish","type":"post","link":"https:\/\/staging.laprensanic.com\/magazine\/reportajes\/las-caras-de-chavez\/","title":{"rendered":"Las caras de Ch\u00e1vez"},"content":{"rendered":"<p style=\"text-align: center;\">Le dec\u00edan Tribil\u00edn. Fue monaguillo, su familia lo imagin\u00f3 de sacerdote y \u00e9l so\u00f1aba con ser jugador de Grandes Ligas. Pero se convirti\u00f3 en presidente de Venezuela. Hugo Ch\u00e1vez Fr\u00edas, un hombre mermado por el c\u00e1ncer y obsesionado con Sim\u00f3n Bol\u00edvar, es una figura omnipresente en Nicaragua<\/p>\n<p style=\"text-align: center;\"><strong>Por Dora Luz Romero<\/strong><\/p>\n<p>La toma de posesi\u00f3n estaba retrasada hasta la desesperaci\u00f3n. Faltaba \u00e9l. Los invitados especiales \u2014entre los que estaban diplom\u00e1ticos, jefes de Estado y miembros de la realeza\u2014 miraban constantemente sus relojes. Bajo un sol picante de enero. Era el 10 de enero de 2007 y Daniel Ortega Saavedra despu\u00e9s de 16 a\u00f1os regresaba al poder. Estaban en la Plaza de la Fe, ah\u00ed, frente al lago de Managua. Todo estaba listo, el presidente reci\u00e9n electo y el saliente, el presidente de la Asamblea Nacional, pero hac\u00eda falta \u00e9l, un invitado m\u00e1s, el m\u00e1s importante para Ortega: Hugo Ch\u00e1vez Fr\u00edas, presidente de Venezuela, su aliado ideol\u00f3gico y, m\u00e1s que eso, su benefactor econ\u00f3mico.<\/p>\n<p>Lleg\u00f3 con una hora y 27 minutos. Apareci\u00f3 sonriente y vestido de rojo. Y solo despu\u00e9s que \u00e9l subi\u00f3 a la tarima comenz\u00f3 la investidura.<\/p>\n<p>Desde esa primera visita a Nicaragua durante el gobierno del presidente Ortega, Hugo Ch\u00e1vez, quien antes era un personaje un tanto lejano para los nicarag\u00fcenses, se ha convertido en una figura presente en la pol\u00edtica y tambi\u00e9n la cotidianidad del pa\u00eds. Al d\u00eda siguiente Nicaragua se adhiri\u00f3 al Alba (Alianza Bolivariana para los Pueblos de Nuestra Am\u00e9rica), luego Ortega le regal\u00f3 manuscritos originales de dos poemas de Rub\u00e9n Dar\u00edo y en los actos oficiales comenzaron a ondear no solo las banderas rosadas y rojinegras, sino tambi\u00e9n esas de rayas amarilla, azul y roja de los venezolanos.<\/p>\n<p>Las visitas del mandatario se hicieron cada vez m\u00e1s frecuentes y m\u00e1s recurrente su imagen al micr\u00f3fono al centro de la primera dama y el presidente.<\/p>\n<p>Detr\u00e1s de ese hombre recio, de voz ronca y ahora mermado por el c\u00e1ncer, est\u00e1 la historia del Ch\u00e1vez que creci\u00f3 en una familia pobre, que quiso ser beisbolista y que ahora es considerado uno de los hombres m\u00e1s poderosos del mundo.<\/p>\n<p style=\"text-align: center;\">***<\/p>\n<p>Naci\u00f3 el 28 de julio de 1954 en Sabaneta, estado de Barinas, en Venezuela, y es el segundo de media docena de hermanos. Varones todos. Lo llamaron Hugo Rafael Ch\u00e1vez Fr\u00edas. Sus padres, Hugo de los Reyes Ch\u00e1vez y Elena Fr\u00edas, dedicaron toda su vida al magisterio y con eso manten\u00edan a los peque\u00f1os.<\/p>\n<p>Viv\u00edan en una casa humilde de piso de tierra y pasaron grandes dificultades econ\u00f3micas, tantas que un d\u00eda, cuando Hugo Ch\u00e1vez ten\u00eda 4 a\u00f1os, sus padres decidieron mandarlo junto a su hermano mayor Ad\u00e1n, a vivir con su abuela paterna, Rosa In\u00e9s, para que esta se hiciera cargo de ellos.<\/p>\n<p>Creci\u00f3 en una familia cat\u00f3lica. Su abuela lo era y su madre m\u00e1s a\u00fan, ha contado en varias entrevistas.<\/p>\n<p>De ni\u00f1o fue monaguillo de la parroquia de su pueblo. \u201cMe quedaba en la iglesia echando incienso y haciendo sonar las campanas\u201d, cont\u00f3 a un diario brasile\u00f1o. Y estaba tan encaminado en lo religioso que su madre y su abuela siempre lo imaginaron vistiendo de sotana y arriba de un p\u00falpito.<\/p>\n<p>\u00c9l, mientras tanto, al igual que muchos ni\u00f1os y j\u00f3venes venezolanos, so\u00f1aba con llegar a ser una estrella de Grandes Ligas. Comenz\u00f3 jugando en su barrio y pronto agarr\u00f3 fama por su lanzamiento zurdo. En 1971, se enlist\u00f3 como cadete en la Academia Militar de Venezuela con la idea de llamar la atenci\u00f3n de alg\u00fan cazatalentos que lo llevara al gran circo del beisbol. No ocurri\u00f3 as\u00ed.<\/p>\n<p>\u201cHugo fue un ni\u00f1o como todos los ni\u00f1os: inquieto, estudioso y con gran afici\u00f3n por la pintura y el deporte\u201d, dijo su padre Hugo de los Reyes en 1998.<\/p>\n<p>De joven le llamaban Tribil\u00edn, pero en la academia tambi\u00e9n era conocido como \u201czurdo furia\u201d por sus cualidades al lanzar.<\/p>\n<p>El presidente venezolano no ha perdido su amor hacia el deporte rey en Venezuela. De vez en cuando sale a jugar, tuitea sobre el desempe\u00f1o de los equipos y jugadores venezolanos fuera y dentro del pa\u00eds y hace un par de semanas brome\u00f3 invitando al presidente de Estados Unidos, Barack Obama, a \u201caliarse\u201d para que el beisbol y softbol fueran incluidos nuevamente en los Juegos Ol\u00edmpicos.<\/p>\n<p style=\"text-align: center;\">***<\/p>\n<p>Video uno. 2006. Vestido de saco y corbata Hugo Ch\u00e1vez toma la palabra en la Asamblea General de Naciones Unidas. Tiene el cabello rizado, la nariz afilada y los labios gruesos. Luce serio, hasta que abre la boca. \u201cAyer estuvo el diablo aqu\u00ed\u201d, dice y se persigna. Se escuchan risas entre la audiencia. \u201cEste lugar huele a azufre todav\u00eda\u2026 El se\u00f1or presidente de Estados Unidos (George W. Bush), a quien yo llamo el diablo, vino aqu\u00ed a hablar como el due\u00f1o del mundo \u201d.<\/p>\n<p>Video dos. 2010. Camina bajo el sol y escoltado por polic\u00edas por la Carretera Norte de Managua. Vestido de verde musgo se pasea a la par del presidente Ortega. Saluda como candidato en campa\u00f1a, carga ni\u00f1os y regala sonrisas.<\/p>\n<p>Video tres. 2012. Una muchacha de cabello rizado rapea a la par del presidente venezolano. Calvo, inflamado y con una camisa azul no deja de sonre\u00edr, de aplaudir al ritmo del rap. Intenta unos pasos, un poco torpes, pero el p\u00fablico lo celebra.<\/p>\n<p>Todas esas son las caras de Hugo Ch\u00e1vez. Y tiene muchas m\u00e1s. Es un personaje controversial, carism\u00e1tico, impulsivo, imponente, irreverente.<\/p>\n<p>Hay d\u00edas que cuenta chistes, abraza ni\u00f1os, les canta y otros que despotrica contra el que se le venga en mente.<\/p>\n<p>\u00bfC\u00f3mo es el verdadero Hugo Ch\u00e1vez? En el perfil <em>El Revolucionario<\/em> escrito por el periodista Jon Lee Anderson, el exterapeuta de Hugo Ch\u00e1vez, Edmundo Chirinos, lo describe. \u201cSe pone malhumorado e intratable cuando algo le contrar\u00eda. Su car\u00e1cter es imprevisible y desconcertante. Tiende a ser vanidoso. Es verdad, Hugo tiene rasgos narcisistas. Da muestras de un autoritarismo\u2026 Es hiperactivo, imprudente, impuntual, hipersensible a las cr\u00edticas, rencoroso, pol\u00edticamente astuto y manipulador\u201d, dice.<\/p>\n<p>\u201cCh\u00e1vez es un <em>showman<\/em> nato\u201d, apunta Anderson.<\/p>\n<p>Jerrold M. Post, un psiquiatra al que se le encarg\u00f3 como fundador del Centro para el An\u00e1lisis de la Personalidad y el Comportamiento Pol\u00edtico de la CIA, un perfil psicol\u00f3gico de Ch\u00e1vez, lo describe como \u201cun experto manipulador pol\u00edtico dotado de una actividad maquiav\u00e9lica\u201d. En el informe que consta de 62 p\u00e1ginas tambi\u00e9n escribe: \u201cEs un narcisista consumado, que cultiva una autoimagen de proporciones mesi\u00e1nicas y exhibe tendencias paranoicas\u201d. Un hombre, explica, que \u201cdesdobla su personalidad hasta parecer loco, pero no es idiota\u201d.<\/p>\n<p>Pero Ch\u00e1vez \u2014dice Anderson, quien ha conversado en diversas ocasiones con el mandatario venezolano y su familia\u2014 \u201ces una figura de grandes contrastes, inquietante, simp\u00e1tico en lo personal, preocupante en su quehacer. Es una especie de terremoto con botas, una tormenta en s\u00ed mismo. Es fascinante como personaje, dicho sin juicios de valor, porque tiene de todo\u201d.<\/p>\n<figure id=\"attachment_34965\" aria-describedby=\"caption-attachment-34965\" style=\"width: 700px\" class=\"wp-caption aligncenter\"><a href=\"https:\/\/gep90.laprensa.com.ni\/magazine\/wp-content\/uploads\/2017\/05\/Daniel-Ortega-y-Hugo-Ch\u00e1vez.jpg\"><img fetchpriority=\"high\" decoding=\"async\" class=\"wp-image-34965 size-full\" src=\"https:\/\/gep90.laprensa.com.ni\/magazine\/wp-content\/uploads\/2017\/05\/Daniel-Ortega-y-Hugo-Ch\u00e1vez.jpg\" alt=\"\" width=\"700\" height=\"709\" srcset=\"https:\/\/d1xxa24wwackpg.cloudfront.net\/wp-content\/uploads\/2017\/05\/07145420\/Daniel-Ortega-y-Hugo-Ch%C3%A1vez.jpg 700w, https:\/\/d1xxa24wwackpg.cloudfront.net\/wp-content\/uploads\/2017\/05\/07145420\/Daniel-Ortega-y-Hugo-Ch%C3%A1vez.jpg 296w, https:\/\/d1xxa24wwackpg.cloudfront.net\/wp-content\/uploads\/2017\/05\/07145420\/Daniel-Ortega-y-Hugo-Ch%C3%A1vez.jpg 24w, https:\/\/d1xxa24wwackpg.cloudfront.net\/wp-content\/uploads\/2017\/05\/07145420\/Daniel-Ortega-y-Hugo-Ch%C3%A1vez.jpg 48w, https:\/\/d1xxa24wwackpg.cloudfront.net\/wp-content\/uploads\/2017\/05\/07145420\/Daniel-Ortega-y-Hugo-Ch%C3%A1vez.jpg 96w, https:\/\/d1xxa24wwackpg.cloudfront.net\/wp-content\/uploads\/2017\/05\/07145420\/Daniel-Ortega-y-Hugo-Ch%C3%A1vez.jpg 100w, https:\/\/d1xxa24wwackpg.cloudfront.net\/wp-content\/uploads\/2017\/05\/07145420\/Daniel-Ortega-y-Hugo-Ch%C3%A1vez.jpg 600w\" sizes=\"(max-width: 700px) 100vw, 700px\" \/><\/a><figcaption id=\"caption-attachment-34965\" class=\"wp-caption-text\">Daniel Ortega y Hugo Ch\u00e1vez mantienen una relaci\u00f3n muy intensa. A partir de la toma de posesi\u00f3n de Ortega, en el 2007, las visitas del mandatario venezolano al pa\u00eds han sido cada vez m\u00e1s frecuentes.<\/figcaption><\/figure>\n<p style=\"text-align: center;\">***<\/p>\n<p>\u201cYo no soy el diablo. Soy un hombre que va con los mejores lazos de hermandad a trabajar conjuntamente con todos los pa\u00edses de Am\u00e9rica Latina, Norteam\u00e9rica y todo el mundo\u201d.<\/p>\n<p>El video muestra esta vez a un hombre delgado, de nariz afilada y con gran dominio esc\u00e9nico ante las c\u00e1maras. Viste saco <em>beige<\/em>, una camisa celeste con cuello blanco y una corbata estampada.<\/p>\n<p>Era 5 de diciembre de 1998, Hugo Ch\u00e1vez hablaba frente a las c\u00e1maras en una entrevista con el periodista Jorge Ramos, justo un d\u00eda antes de las elecciones que lo llevar\u00edan a la Presidencia por primera vez.<\/p>\n<p>\u2013Dicen que no es dem\u00f3crata, \u00bfusted est\u00e1 dispuesto a entregar el poder despu\u00e9s de cinco a\u00f1os? \u2014le pregunt\u00f3 el periodista.<\/p>\n<p>\u2014Claro que estoy dispuesto a entregarlo. No solo despu\u00e9s de cinco a\u00f1os, yo he dicho que incluso antes. Porque nosotros vamos a proponer una reforma constitucional, una transformaci\u00f3n del sistema pol\u00edtico para tener una democracia verdadera, mucho m\u00e1s aut\u00e9ntica. Si por ejemplo, a los dos a\u00f1os que soy un fiasco, cometo un acto de corrupci\u00f3n o algo que justifique mi salida del poder antes de los cinco a\u00f1os, yo estar\u00eda dispuesto a hacerlo.<\/p>\n<p>\u2014\u00bfNacionalizar\u00eda alg\u00fan medio de comunicaci\u00f3n?<\/p>\n<p>\u2014No. Basta con el medio que tiene el Estado.<\/p>\n<p>\u2014\u00bfNo hay intenci\u00f3n de nacionalizar absolutamente nada?<\/p>\n<p>\u2014No, absolutamente nada. Incluso, estamos dispuestos a darles facilidades a\u00fan m\u00e1s de las que hay a los capitales privados internacionales para que vengan a invertir aqu\u00ed.<\/p>\n<p>\u2014\u00bfPara usted Cuba es una dictadura?<\/p>\n<p>\u2014S\u00ed, es una dictadura.<\/p>\n<p>Han pasado 14 a\u00f1os de aquella entrevista y las respuestas de Ch\u00e1vez, para muchos, saben a burla. Ch\u00e1vez ha permanecido en el poder durante todos estos a\u00f1os y este noviembre busca, una vez m\u00e1s, la reelecci\u00f3n. Ha nacionalizado importantes sectores como petrolero, comunicaciones, electricidad, reservas de oro&#8230;<\/p>\n<p style=\"text-align: center;\">***<\/p>\n<p>Cuando Hugo Ch\u00e1vez duerme en Nicaragua, se hospeda en el hotel Holiday Inn. Los empleados se han sorprendido de sus exigencias. Pide que conviertan las cinco <em>suite<\/em> j\u00fanior del hotel en <em>suite<\/em> presidenciales y nunca se sabe en cu\u00e1l se aloja \u00e9l. Pero lo m\u00e1s extra\u00f1o es que ha logrado que se perfore una de las paredes del piso seis para colocar su objeto inseparable: un cuadro de Sim\u00f3n Bol\u00edvar, con el que viaja a todos lados. Con Bol\u00edvar, Ch\u00e1vez tiene una relaci\u00f3n especial que raya en lo enfermizo.<\/p>\n<p>\u201cCada vez que se sienta a una mesa, el presidente electo de Venezuela, Hugo Ch\u00e1vez Fr\u00edas, pide que nadie ocupe la silla que est\u00e1 a su derecha. \u201cEsa es la silla del libertador Sim\u00f3n Bol\u00edvar\u201d, suele explicar, \u201cy solo \u00e9l tiene derecho a estar all\u00ed\u201d. As\u00ed iniciaba la columna titulada \u201cLos Dos C\u00e9sares\u201d y publicada en 1999 por el escritor argentino Tom\u00e1s Eloy Mart\u00ednez.<\/p>\n<p>Eso era apenas un destello de una gran obsesi\u00f3n del presidente venezolano con el Libertador de Am\u00e9rica Latina.<\/p>\n<p>En sus viajes, en la maleta, siempre lleva un retrato de Sim\u00f3n Bol\u00edvar, en su despacho un enorme cuadro de \u00e9l lo cobija y cuando tom\u00f3 el poder, en 1999, llam\u00f3 a la Rep\u00fablica de Venezuela, \u201cRep\u00fablica Bolivariana de Venezuela\u201d. Le llama \u201cpadre\u201d, en los actos blande su espada de oro y piedras preciosas y adem\u00e1s el gobierno ha tomado posesi\u00f3n de todos sus archivos. En un perfil del presidente venezolano llamado \u201cEl Revolucionario\u201d y escrito por el periodista Jon Lee Anderson se lee sobre sus a\u00f1os de c\u00e1rcel: \u201cTen\u00eda un busto de escayola de Sim\u00f3n Bol\u00edvar y hablaba con \u00e9l\u201d.<\/p>\n<p>Los cr\u00edticos aseguran que Hugo Ch\u00e1vez se cree la reencarnaci\u00f3n del pr\u00f3cer. En el 2008, el mismo Fidel Castro dijo que \u201cen Ch\u00e1vez reencarnaron las ideas de Bol\u00edvar\u201d. El venezolano, mientras tanto, ha dicho en m\u00faltiples ocasiones que no es as\u00ed y asegura no tener esa obsesi\u00f3n enfermiza de la que lo acusan. Bol\u00edvar, ha dicho, es su inspiraci\u00f3n y \u00e9l simplemente quiere cumplir con el sue\u00f1o bolivariano: unir todos los pueblos latinoamericanos.<\/p>\n<p>Pero en el 2010, cuando dio la orden de exhumar sus restos \u2014para verificar que eran sus huesos los que estaban en el sarc\u00f3fago e intentar probar que muri\u00f3 envenenado y no de tuberculosis como se ha dicho\u2014, se reafirm\u00f3 la hip\u00f3tesis de la obsesi\u00f3n.<\/p>\n<p>Eran cincuenta cient\u00edficos, el trabajo les llev\u00f3 19 horas. \u201c\u00a1Qu\u00e9 momentos tan impresionantes hemos vivido esta noche! Hemos visto los restos del gran Bol\u00edvar. Confieso que hemos llorado, hemos jurado. Les digo: tiene que ser Bol\u00edvar ese esqueleto glorioso, pues puede sentirse su llamarada\u201d, escribi\u00f3 Ch\u00e1vez en su cuenta de Twitter.<\/p>\n<figure id=\"attachment_34964\" aria-describedby=\"caption-attachment-34964\" style=\"width: 700px\" class=\"wp-caption aligncenter\"><a href=\"https:\/\/gep90.laprensa.com.ni\/magazine\/wp-content\/uploads\/2017\/05\/Hugo-Ch\u00e1vez..jpg\"><img decoding=\"async\" class=\"wp-image-34964 size-full\" src=\"https:\/\/gep90.laprensa.com.ni\/magazine\/wp-content\/uploads\/2017\/05\/Hugo-Ch\u00e1vez..jpg\" alt=\"\" width=\"700\" height=\"1031\" srcset=\"https:\/\/d1xxa24wwackpg.cloudfront.net\/wp-content\/uploads\/2017\/05\/07145421\/Hugo-Ch%C3%A1vez..jpg 700w, https:\/\/d1xxa24wwackpg.cloudfront.net\/wp-content\/uploads\/2017\/05\/07145421\/Hugo-Ch%C3%A1vez..jpg 204w, https:\/\/d1xxa24wwackpg.cloudfront.net\/wp-content\/uploads\/2017\/05\/07145421\/Hugo-Ch%C3%A1vez..jpg 695w, https:\/\/d1xxa24wwackpg.cloudfront.net\/wp-content\/uploads\/2017\/05\/07145421\/Hugo-Ch%C3%A1vez..jpg 600w\" sizes=\"(max-width: 700px) 100vw, 700px\" \/><\/a><figcaption id=\"caption-attachment-34964\" class=\"wp-caption-text\">\u201cEn vez de Superm\u00e1n, mi h\u00e9roe era Bol\u00edvar\u00bb, ha dicho Ch\u00e1vez, quien carga un retrato del pr\u00f3cer donde quiera que va.<\/figcaption><\/figure>\n<p style=\"text-align: center;\">***<\/p>\n<p>Hugo. Ch\u00e1vez. C\u00e1ncer. La b\u00fasqueda en Google genera 18 millones de alternativas para leer. Desde el 30 de junio de 2011 cuando Hugo Ch\u00e1vez apareci\u00f3 ante las c\u00e1maras de televisi\u00f3n \u2014delgado, nervioso y con la voz quebrada\u2014 diciendo lo que ya se sospechaba, que ten\u00eda c\u00e1ncer, las informaciones sobre su estado de salud han saturado las redes sociales y los medios de comunicaci\u00f3n.<\/p>\n<p>\u201cConfirmaron la existencia de un tumor abscesado, con presencia de c\u00e9lulas cancer\u00edgenas\u201d, dijo \u00e9l. Era del tama\u00f1o de una bola de beisbol. Siete meses despu\u00e9s, febrero de 2012, volvi\u00f3 aparecer en p\u00fablico diciendo que ser\u00eda operado una vez m\u00e1s por una lesi\u00f3n en la misma zona donde le fue extirpado el primer tumor canceroso. Se ha operado en La Habana, Cuba, mismo lugar donde ha recibido los tratamientos de radioterapia.<\/p>\n<p>No es el primero en su familia que padece de c\u00e1ncer. Su padre, Hugo de los Reyes Ch\u00e1vez, a\u00f1os atr\u00e1s fue operado de c\u00e1ncer en la pr\u00f3stata.<\/p>\n<p>En enero de este a\u00f1o el diario <em>ABC<\/em> public\u00f3: \u201cEl c\u00e1ncer de pr\u00f3stata del l\u00edder venezolano se complica con met\u00e1stasis en los huesos, la espina dorsal y tumor en el colon\u201d con informaci\u00f3n obtenida supuestamente de informes m\u00e9dicos. Dos meses m\u00e1s tarde en el mismo diario aparec\u00eda una nota donde entrevistaban al m\u00e9dico venezolano Jos\u00e9 Rafael Marquina, quien se ha convertido en una voz autorizada para hablar sobre la salud del presidente venezolano. \u201cCh\u00e1vez tiene un tumor cancer\u00edgeno que ha hecho tres met\u00e1stasis: en el h\u00edgado, en las gl\u00e1ndulas suprarrenales y en el \u00e1rea retroperitoneal y la vejiga\u201d, dijo.<\/p>\n<p>Seg\u00fan la agencia de inteligencia Stratfor, los m\u00e9dicos cubanos y rusos que atendieron a Ch\u00e1vez en su primera operaci\u00f3n pronosticaron un a\u00f1o, quiz\u00e1s dos de vida.<\/p>\n<p>Desde que Ch\u00e1vez confes\u00f3 padecer de c\u00e1ncer no ha brindado detalles de la zona donde est\u00e1 ubicado ni en qu\u00e9 etapa se encuentra. El periodista estadounidense Dan Rather dijo a finales de mayo que se encuentra \u201cen su etapa final\u201d y que es poco probable que sobreviva para los comicios presidenciales de este octubre. Su fuente \u2014refiri\u00f3 el periodista\u2014 \u201cdice que el pron\u00f3stico es muy grave y que no se espera que Ch\u00e1vez viva m\u00e1s de un par de meses, como mucho\u201d. El m\u00e9dico Jos\u00e9 Rafael Marquina, mientras tanto, ha dicho que a finales de julio se conocer\u00e1 la verdad sobre la salud de Ch\u00e1vez.<\/p>\n<p>En medio de ese mar de rumores, adivinanzas, especulaciones hay algo de cierto: Hugo Ch\u00e1vez ya no es el mismo. La figura del presidente activo, omnipresente, que pasaba horas hablando en Al\u00f3 Presidente, se ha disipado. Ahora, gobierna desde Twitter, y hace alguna que otra aparici\u00f3n en televisi\u00f3n.<\/p>\n<p>En abril de este a\u00f1o frente al micr\u00f3fono se mostr\u00f3 como nunca antes lo hab\u00eda hecho. Entre sollozos suplic\u00f3 por vida. \u201cDame tu corona, Cristo. D\u00e1mela. Que yo sangro. Dame tu cruz. 100 cruces que yo las llevo. Pero dame vida&#8230;\u201d, pidi\u00f3.<\/p>\n<p>Se le ha visto calvo, inflamado, ojeroso, deteriorado. Pero \u00e9l, a pesar de los pron\u00f3sticos poco alentadores, asegura que el c\u00e1ncer no podr\u00e1 con \u00e9l y que este octubre est\u00e1 listo para asumir la Presidencia de Venezuela por cuarto periodo consecutivo.<\/p>\n<figure id=\"attachment_34963\" aria-describedby=\"caption-attachment-34963\" style=\"width: 700px\" class=\"wp-caption aligncenter\"><a href=\"https:\/\/gep90.laprensa.com.ni\/magazine\/wp-content\/uploads\/2017\/05\/Hugo-Ch\u00e1vez.jpg\"><img decoding=\"async\" class=\"wp-image-34963 size-full\" src=\"https:\/\/gep90.laprensa.com.ni\/magazine\/wp-content\/uploads\/2017\/05\/Hugo-Ch\u00e1vez.jpg\" alt=\"\" width=\"700\" height=\"930\" srcset=\"https:\/\/d1xxa24wwackpg.cloudfront.net\/wp-content\/uploads\/2017\/05\/07145422\/Hugo-Ch%C3%A1vez.jpg 700w, https:\/\/d1xxa24wwackpg.cloudfront.net\/wp-content\/uploads\/2017\/05\/07145422\/Hugo-Ch%C3%A1vez.jpg 226w, https:\/\/d1xxa24wwackpg.cloudfront.net\/wp-content\/uploads\/2017\/05\/07145422\/Hugo-Ch%C3%A1vez.jpg 600w\" sizes=\"(max-width: 700px) 100vw, 700px\" \/><\/a><figcaption id=\"caption-attachment-34963\" class=\"wp-caption-text\">Asegura que el c\u00e1ncer no podr\u00e1 con \u00e9l. Primero afirm\u00f3 que solo podr\u00eda gobernar hasta el 2019, pero recientemente dijo que est\u00e1 resuelto a llegar hasta el 2031.<\/figcaption><\/figure>\n<h4>Los cambios de Ch\u00e1vez<\/h4>\n<p>La <em>BBC Mundo<\/em> hizo notar como el c\u00e1ncer ha cambiado el comportamiento de Hugo Ch\u00e1vez:<br \/>\nDe estrella de la TV a&#8230;<\/p>\n<p>\u2026protagonista ausente. Aunque poco a poco comienzan a ser m\u00e1s frecuentes las apariciones p\u00fablicas del mandatario, lejos est\u00e1n los tiempos aquellos en que eran casi omnipresentes las cadenas obligatorias de radio y televisi\u00f3n.<\/p>\n<p>De cat\u00f3lico irreverente a&#8230;<\/p>\n<p>\u2026ferviente creyente que pide por su vida. No ha pasado inadvertida la intensificaci\u00f3n del fervor religioso en Ch\u00e1vez con motivo de la enfermedad. El momento culminante lleg\u00f3 a mediados de abril, durante una misa por su salud oficiada en su natal Barinas tras su segunda sesi\u00f3n de radioterapia. All\u00ed rompi\u00f3 a llorar mientras rogaba a Dios m\u00e1s tiempo de vida.<\/p>\n<p>De \u201cPatria o muerte\u201d a&#8230;<\/p>\n<p>\u2026\u201cViviremos y venceremos\u201d. El chavismo hab\u00eda adoptado el grito de guerra de los protagonistas de la Revoluci\u00f3n cubana de 1959, el \u201cPatria o muerte\u201d que inmortaliz\u00f3 Ernesto \u201cChe\u201d Guevara ante la Asamblea General de Naciones Unidas. Sin embargo, al ser diagnosticado con c\u00e1ncer, enfermedad que puede ser asociada a un alto riesgo de perder la vida, la proclama pareci\u00f3 resultar demasiado inc\u00f3moda.<\/p>\n<p>De triunfalista a&#8230;<\/p>\n<p>\u2026llamar a la cautela. Recientemente, sin abandonar del todo su discurso triunfalista de cara a las elecciones del pr\u00f3ximo 7 de octubre, tambi\u00e9n pidi\u00f3 a los suyos que no se confiaran y que evitaran el triunfalismo.<\/p>\n<p>\u201cNos estamos enfrentando al imperio, nos estamos enfrentando a la burgues\u00eda y sus aliados internacionales, que tienen mucho poder. No subestimemos al adversario\u201d, dijo al tiempo que reconoc\u00eda que ganar las elecciones va a implicar \u201cmucho trabajo\u201d.<\/p>\n<p><strong>LAS MUJERES DEL PRESIDENTE<\/strong><\/p>\n<p>El presidente venezolano no habla de sus amores, pero se ha casado y divorciado en dos ocasiones. Su primera esposa fue Nancy Colmenares, con quien tuvo tres hijos: Rosa Virginia, Mar\u00eda Gabriela y Hugo Rafael. A la vez manten\u00eda amor\u00edos con la historiadora Herma Marksman, con quien sostuvo una relaci\u00f3n de casi diez a\u00f1os.<\/p>\n<p>Su segunda esposa fue Marisabel Rodr\u00edguez, con quien tuvo a su hija Rosain\u00e9s.<\/p>\n<p>En el 2008, la prensa dio por hecho que el mandatario sosten\u00eda una relaci\u00f3n con la supermodelo brit\u00e1nica Naomi Campbell.<\/p>\n<p><a href=\"https:\/\/gep90.laprensa.com.ni\/magazine\/wp-content\/uploads\/2017\/05\/136477-3.jpg\"><img loading=\"lazy\" decoding=\"async\" class=\"aligncenter size-full wp-image-34968\" src=\"https:\/\/gep90.laprensa.com.ni\/magazine\/wp-content\/uploads\/2017\/05\/136477-3.jpg\" alt=\"Las mujeres de Hugo Ch\u00e1vez Fr\u00edas\" width=\"700\" height=\"474\" srcset=\"https:\/\/d1xxa24wwackpg.cloudfront.net\/wp-content\/uploads\/2017\/05\/07145418\/136477-3.jpg 700w, https:\/\/d1xxa24wwackpg.cloudfront.net\/wp-content\/uploads\/2017\/05\/07145418\/136477-3.jpg 300w, https:\/\/d1xxa24wwackpg.cloudfront.net\/wp-content\/uploads\/2017\/05\/07145418\/136477-3.jpg 600w\" sizes=\"(max-width: 700px) 100vw, 700px\" \/><\/a><\/p>\n<h4>Curiosidades<\/h4>\n<p>\u2022 Con dos meses en el poder reform\u00f3 la Constituci\u00f3n, agreg\u00f3 \u201cbolivariana\u201d al nombre de la rep\u00fablica, cambi\u00f3 la bandera y el huso horario.<br \/>\n\u2022 En la XVII Cumbre Iberoamericana (noviembre, 2007) el rey de Espa\u00f1a, Juan Carlos I, le dijo: \u201c\u00bfPor qu\u00e9 no te callas?\u201d, por interrumpir la intervenci\u00f3n de Jos\u00e9 Luis Rodr\u00edguez Zapatero.<br \/>\n\u2022 Fracasa en una nueva reforma a la Constituci\u00f3n. Reconoce la victoria de la oposici\u00f3n, pero dice: \u201cSepan administrar su victoria, porque ya la est\u00e1n llenando de mierda, es una victoria de mierda y la nuestra, ll\u00e1menla derrota, pero es de coraje\u201d.<br \/>\n\u2022 Mand\u00f3 a exhumar los restos de Sim\u00f3n Bol\u00edvar (julio, 2010) para comprobar si muri\u00f3 de tuberculosis o envenenado, como \u00e9l sospechaba. Los expertos confirmaron muerte por enfermedad.<br \/>\n\u2022 Desde el fallido golpe de Estado en su contra (septiembre, 2002), ha denunciado intentos de asesinato y conspiraciones en su contra. Un empleado prueba su comida antes de que \u00e9l la consuma y ha acusado a Estados Unidos de propagar enfermedades entre varios mandatarios latinoamericanos, incluy\u00e9ndole.<br \/>\n\u2022 En junio del 2011, confirma que le extrajeron un tumor y est\u00e1 en tratamiento. En marzo del 2012 admiti\u00f3 una \u201crecurrencia\u201d. Algunos expertos le dan menos de un a\u00f1o de vida.<\/p>\n<div id=\"s3gt_translate_tooltip_mini\" class=\"s3gt_translate_tooltip_mini_box\" style=\"background: initial !important; border: initial !important; border-radius: initial !important; border-spacing: initial !important; border-collapse: initial !important; direction: ltr !important; flex-direction: initial !important; font-weight: initial !important; height: initial !important; letter-spacing: initial !important; min-width: initial !important; max-width: initial !important; min-height: initial !important; max-height: initial !important; margin: auto !important; outline: initial !important; padding: initial !important; position: absolute; table-layout: initial !important; text-align: initial !important; text-shadow: initial !important; width: initial !important; word-break: initial !important; word-spacing: initial !important; overflow-wrap: initial !important; box-sizing: initial !important; display: initial !important; color: inherit !important; font-size: 13px !important; font-family: X-LocaleSpecific, sans-serif, Tahoma, Helvetica !important; line-height: 13px !important; vertical-align: top !important; white-space: inherit !important; left: 476px; top: 9757px; opacity: 0.1;\">\n<div id=\"s3gt_translate_tooltip_mini_logo\" class=\"s3gt_translate_tooltip_mini\" title=\"Traducir texto seleccionado\"><\/div>\n<div id=\"s3gt_translate_tooltip_mini_sound\" class=\"s3gt_translate_tooltip_mini\" title=\"Escuchar\"><\/div>\n<div id=\"s3gt_translate_tooltip_mini_copy\" class=\"s3gt_translate_tooltip_mini\" title=\"Copiar texto al Portapapeles\"><\/div>\n<\/div>\n","protected":false},"excerpt":{"rendered":"<p>Le dec\u00edan Tribil\u00edn. Fue monaguillo, su familia lo imagin\u00f3 de sacerdote y \u00e9l so\u00f1aba con ser jugador de Grandes Ligas. Pero se convirti\u00f3 en presidente de Venezuela. Hugo Ch\u00e1vez Fr\u00edas, un hombre mermado por el c\u00e1ncer y obsesionado con Sim\u00f3n Bol\u00edvar, es una figura omnipresente en Nicaragua<\/p>\n","protected":false},"author":46,"featured_media":34962,"comment_status":"open","ping_status":"open","sticky":false,"template":"","format":"standard","meta":{"_acf_changed":false,"footnotes":""},"categories":[26],"tags":[],"class_list":["post-34961","post","type-post","status-publish","format-standard","has-post-thumbnail","hentry","category-reportajes"],"acf":[],"_links":{"self":[{"href":"https:\/\/staging.laprensanic.com\/magazine\/wp-json\/wp\/v2\/posts\/34961","targetHints":{"allow":["GET"]}}],"collection":[{"href":"https:\/\/staging.laprensanic.com\/magazine\/wp-json\/wp\/v2\/posts"}],"about":[{"href":"https:\/\/staging.laprensanic.com\/magazine\/wp-json\/wp\/v2\/types\/post"}],"author":[{"embeddable":true,"href":"https:\/\/staging.laprensanic.com\/magazine\/wp-json\/wp\/v2\/users\/46"}],"replies":[{"embeddable":true,"href":"https:\/\/staging.laprensanic.com\/magazine\/wp-json\/wp\/v2\/comments?post=34961"}],"version-history":[{"count":11,"href":"https:\/\/staging.laprensanic.com\/magazine\/wp-json\/wp\/v2\/posts\/34961\/revisions"}],"predecessor-version":[{"id":52833,"href":"https:\/\/staging.laprensanic.com\/magazine\/wp-json\/wp\/v2\/posts\/34961\/revisions\/52833"}],"wp:featuredmedia":[{"embeddable":true,"href":"https:\/\/staging.laprensanic.com\/magazine\/wp-json\/wp\/v2\/media\/34962"}],"wp:attachment":[{"href":"https:\/\/staging.laprensanic.com\/magazine\/wp-json\/wp\/v2\/media?parent=34961"}],"wp:term":[{"taxonomy":"category","embeddable":true,"href":"https:\/\/staging.laprensanic.com\/magazine\/wp-json\/wp\/v2\/categories?post=34961"},{"taxonomy":"post_tag","embeddable":true,"href":"https:\/\/staging.laprensanic.com\/magazine\/wp-json\/wp\/v2\/tags?post=34961"}],"curies":[{"name":"wp","href":"https:\/\/api.w.org\/{rel}","templated":true}]}}