{"id":34991,"date":"2012-05-27T10:21:31","date_gmt":"2012-05-27T16:21:31","guid":{"rendered":"https:\/\/www.magazine.com.ni\/?p=34991"},"modified":"2018-10-04T23:09:01","modified_gmt":"2018-10-04T23:09:01","slug":"ser-madre-en-nicaragua","status":"publish","type":"post","link":"https:\/\/staging.laprensanic.com\/magazine\/reportajes\/ser-madre-en-nicaragua\/","title":{"rendered":"Ser madre en Nicaragua"},"content":{"rendered":"<p style=\"text-align: center;\">Algunas engendran, otras adoptan. A algunas les toca luchar con la enfermedad de un hijo y a otras con su propia edad e inexperiencia. \u00bfQu\u00e9 es ser madre? Estos son los rostros de la maternidad nicarag\u00fcense<\/p>\n<p style=\"text-align: center;\"><strong>Por Redacci\u00f3n Magazine<\/strong><\/p>\n<p>Ser madre es dedicar la vida a luchar contra el c\u00e1ncer de una hija. Como lo ha hecho Mar\u00eda de Jes\u00fas Cruz, una nandaime\u00f1a que lleva siete a\u00f1os en esa batalla. Ser madre es adoptar a dos ni\u00f1as por amor. Como la historia de Claudia Rivera, de 29 a\u00f1os, quien decidi\u00f3 que ser\u00eda madre de dos peque\u00f1as a quienes su madre biol\u00f3gica hab\u00eda abandonado. Ser madre es estar al mando de tres hijos y 12 nietos como Norma Gonz\u00e1lez. Ser madre es armarse de valor y criar a un hijo a\u00fan siendo adolescente como lo hizo Indiana Guadalupe Gonz\u00e1lez, una jovencita que sali\u00f3 embarazada a los 16 a\u00f1os y que le toc\u00f3 dejar sus tacones y las fiestas por cambiar pa\u00f1ales.<\/p>\n<p>Que si se es joven o vieja, que si se engendra o se adopta, que si hay dinero o no hay.<\/p>\n<p>No existen par\u00e1metros, ni caracter\u00edsticas para ser madre. Y esas son precisamente las historias que les contamos en esta edici\u00f3n de Magazine. Historias de mujeres que dan vida, amor, pero tambi\u00e9n de mujeres que abandonan a sus peque\u00f1os e incluso algunas que los matan. Historias que intentan dar una mirada de lo que significa ser madre en Nicaragua.<\/p>\n<h3><strong>Madre por amor<\/strong><\/h3>\n<p style=\"text-align: center;\">Joseling y J\u00e9ssica convirtieron en madre a Claudia Rivera, una muchacha que un d\u00eda acept\u00f3 criarlas y amarlas como si hubieran salido de su propio vientre<\/p>\n<p style=\"text-align: center;\"><strong>Por Dora Luz Romero<\/strong><\/p>\n<p>Su mam\u00e1 le pregunt\u00f3 si estaba segura de lo que iba hacer. Sus amigas le recordaron la responsabilidad que eso significaba. Y seg\u00fan su esposo, hubo algunos que hasta le dijeron que si estaba loca. Claudia Rivera, de 29 a\u00f1os, no tuvo dudas. Ser\u00eda madre. Adoptar\u00eda.<\/p>\n<p>La historia comenz\u00f3 en el 2007. Rivera chateaba con un hombre llamado William Roddy y en las tantas pl\u00e1ticas se enteraron que los dos iban al mismo gimnasio. Comenzaron a salir.<\/p>\n<p>Roddy, de 40 a\u00f1os, colaboraba con un orfanato en la capital, donde conoci\u00f3 a dos hermanas que fueron abandonadas por su madre: Joseling y J\u00e9ssica. \u00c9l era padre de hogar sustituto, las llevaba a casa en Navidad, los fines de semana y empez\u00f3 a hacer los papeles para adoptarlas. Estaba solo, con su madre, quien fue la influencia para que adoptara a las peque\u00f1as. \u201cYo quer\u00eda a las ni\u00f1as. Las dos tienen hipotiroidismo cong\u00e9nito. Si es dif\u00edcil que adopten a una ni\u00f1a con discapacidad, ahora dos ni\u00f1as con discapacidad es casi imposible\u201d, cuenta.<\/p>\n<p>Mientras estaba en ese proceso conoci\u00f3 a Rivera y al poco tiempo de salir se casaron, el 12 de septiembre de 2009. Juntos adoptar\u00edan a las peque\u00f1as. Rivera acept\u00f3 ser madre. \u201cA m\u00ed me gust\u00f3 la idea que tuviera a las ni\u00f1as porque yo siempre he trabajado con ni\u00f1os\u201d, dice, mientras las dos chiquitas corretean por la casa.<\/p>\n<p>Una vez casados se fueron a vivir juntos y las ni\u00f1as inmediatamente comenzaron a decirle mam\u00e1.<\/p>\n<p>\u201cEllas son mis hijas, las quiero, las cuido y me cuestan\u201d, asegura entre risas.<\/p>\n<p>Joseling y J\u00e9ssica. Diez y nueve a\u00f1os. Ambas tienen hipotiroidismo cong\u00e9nito. El de Joseling es m\u00e1s severo, cuenta su mam\u00e1. Le cuesta hablar, su crecimiento es lento y aprendi\u00f3 a caminar hasta los 6 a\u00f1os. J\u00e9ssica, dice, es m\u00e1s hiperactiva y deben darle medicamento.<\/p>\n<p>\u201cSaber que le cambi\u00e1s la vida a dos ni\u00f1as, que sin nosotros no s\u00e9 qu\u00e9 ser\u00eda de la vida de ellas, eso me da tanta felicidad. Es bastante responsabilidad, pero son dos seres con tanta inocencia que c\u00f3mo no ayudarlas a que tengan una mejor vida\u201d, dice Rivera.<\/p>\n<p>Ser mam\u00e1 \u2014dice Rivera\u2014 es algo hermoso. \u201cTe cambia la vida, te hace mejor persona, ves la vida diferente. Yo siempre ando pensando en ellas, que si me compr\u00e9 algo, qu\u00e9 les llevo a ellas. Ellas me han hecho mejor persona\u201d, dice. Y aunque cuando crezcan podr\u00edan preguntar por su madre biol\u00f3gica, a esta pareja eso no le preocupa porque el amor, est\u00e1n seguros, siempre ser\u00e1 para ellos.<\/p>\n<p>A Joseling y J\u00e9ssica les gusta hacer trabajos manuales con su mam\u00e1, tambi\u00e9n que las deje ponerse su ropa, zapatos y que las maquille. Pero lo que m\u00e1s les gusta, bien saben sus padres, son los d\u00edas domingo. \u201cEsos d\u00edas est\u00e1n dedicados a ellas. A visitar a la abuela, a los t\u00edos, a ir a la playa, ir a comer, para ellas ese es el mejor d\u00eda\u201d, cuentan.<\/p>\n<p>Claudia Rivera ahora est\u00e1 embarazada. Tiene cinco meses. Y espera una ni\u00f1a. \u201cEllas ya saben y est\u00e1n encantadas. Joseling est\u00e1 un poco celosa, me dicen que quieren un hermano en lugar de una hermana, pero eso es normal\u201d, comenta. La relaci\u00f3n no cambiar\u00e1 nada, dice Rivera. Seg\u00fan ella las querr\u00e1 a las tres por igual, las ver\u00e1 con los mismos ojos. \u201cPara m\u00ed las tres son mis hijas\u201d, asegura.<\/p>\n<figure id=\"attachment_34992\" aria-describedby=\"caption-attachment-34992\" style=\"width: 700px\" class=\"wp-caption aligncenter\"><a href=\"https:\/\/www.laprensa.com.ni\/magazine\/wp-content\/uploads\/2017\/05\/Claudia-Rivera.jpg\"><img fetchpriority=\"high\" decoding=\"async\" class=\"size-full wp-image-34992\" src=\"https:\/\/www.laprensa.com.ni\/magazine\/wp-content\/uploads\/2017\/05\/Claudia-Rivera.jpg\" alt=\"\" width=\"700\" height=\"578\" srcset=\"https:\/\/d1xxa24wwackpg.cloudfront.net\/wp-content\/uploads\/2017\/05\/07145404\/Claudia-Rivera.jpg 700w, https:\/\/d1xxa24wwackpg.cloudfront.net\/wp-content\/uploads\/2017\/05\/07145404\/Claudia-Rivera.jpg 300w, https:\/\/d1xxa24wwackpg.cloudfront.net\/wp-content\/uploads\/2017\/05\/07145404\/Claudia-Rivera.jpg 600w\" sizes=\"(max-width: 700px) 100vw, 700px\" \/><\/a><figcaption id=\"caption-attachment-34992\" class=\"wp-caption-text\">\u201cEllas me hacen mejor persona\u201d, asegura Claudia Rivera. En la foto junto a sus hijas Joseling (izquierda) y J\u00e9ssica (derecha).<\/figcaption><\/figure>\n<h3><\/h3>\n<h3>Con otro instinto<\/h3>\n<p style=\"text-align: center;\">Los engendraron. Los cargaron nueve meses. Los dejaron nacer. Vivieron con ellos. Tambi\u00e9n los mataron o les dejaron morir. Historias de madres que se convirtieron en los verdugos de sus hijos<\/p>\n<p style=\"text-align: center;\"><strong>Por Tammy Zoad Mendoza<\/strong><\/p>\n<p>La casa da la impresi\u00f3n de estar deshabitada. Al acercarse a una ventana se escucha un televisor encendido. Alguien est\u00e1 viendo un canal infantil. Tocan la puerta, pero nadie responde. Se escuchan de fondo un par de voces de ni\u00f1os. Tocan una vez m\u00e1s la puerta, pero nadie sale.<\/p>\n<p>En la casa del frente vive una se\u00f1ora que tiene discreci\u00f3n solo para guardar su nombre. \u201c\u00bfBusca a las mujeres que viv\u00edan en esa casa? Se fueron\u201d. Si hay ni\u00f1os en esa casa, no puede ser Rocheld Swadi. Ella muri\u00f3 hace 3 a\u00f1os. Su madre la mat\u00f3 con 42 pu\u00f1aladas. \u201cEllas alquilaban aqu\u00ed. Un par de hermanas y la ni\u00f1a. Una noche se escucharon los gritos. Estaban peleando y de repente la mayor sali\u00f3 detr\u00e1s de la hermana menor con un cuchillo. La gente la detuvo, pero ya hab\u00eda matado a la ni\u00f1a\u201d, recuerda la vecina.<\/p>\n<p>Jeymi Teylor, de 19 a\u00f1os, fue quien denunci\u00f3 a su hermana Tricia. Mencion\u00f3 que padec\u00eda de trastornos mentales. Esa noche Tricia atac\u00f3 tambi\u00e9n a su hermana Jeymi, pero luego tom\u00f3 a la ni\u00f1a, la llev\u00f3 al patio y la asesin\u00f3. Nadie volvi\u00f3 a verlas en el lugar. Al a\u00f1o siguiente Tricia Swadi fue condenada a 22 a\u00f1os de prisi\u00f3n por parricidio, su defensa aleg\u00f3 que padec\u00eda trastornos mentales, pero se demostr\u00f3 que todo estaba asociado al consumo de drogas.<\/p>\n<p>\u201cLa muchacha se fue de nuevo a la Costa (Atl\u00e1ntica), a la mujer que mat\u00f3 a la hija la metieron en el Hospital Psiqui\u00e1trico. Dicen que ya sali\u00f3\u201d, suelta el comentario la vecina.<\/p>\n<p>La maternidad, que para muchos es un instinto inherente a la mujer, se convierte en un tema pol\u00e9mico con historias como esta. El sicoan\u00e1lisis asegura que el \u201cinstinto materno\u201d no existe como tal, que el deseo de tener un hijo no responde a una necesidad vital de todas las mujeres, sino a un deseo particular. Do\u00f1a Emelina Roque de Jarqu\u00edn no sabr\u00e1 mucho de sicoan\u00e1lisis, pero su idea coincide con esto. Ella cuid\u00f3 el embarazo de su nieta Dinorah, para quien fue como una madre. Tambi\u00e9n se hizo cargo de su bisnieta por m\u00e1s de un a\u00f1o, hasta que un d\u00eda su madre decidi\u00f3 llev\u00e1rsela.<\/p>\n<p>\u201cMe mataron a mi muchachita. Ella dej\u00f3 que ese hombre la matara. Es su c\u00f3mplice\u201d, dice conmocionada do\u00f1a Emelina. Ella era bisabuela de Mar\u00eda Fernanda Rodr\u00edguez, la beb\u00e9 de 18 meses que muri\u00f3 en diciembre de 2010 a causa de m\u00faltiples golpes.<\/p>\n<p>Su madre, Dinorah Rodr\u00edguez Jarqu\u00edn, y su padrastro, Erick Salazar, eran los principales sospechosos. Dinorah no guard\u00f3 prisi\u00f3n durante el juicio porque estaba embarazada. Erick sali\u00f3 libre bajo fianza. El caso est\u00e1 cerrado.<\/p>\n<p>\u201cElla no la mat\u00f3, pero permit\u00eda el maltrato. Sigue con ese hombre y tienen un beb\u00e9. Ese ni\u00f1o est\u00e1 descuidado, a ella no le importan sus hijos, sino \u00bfpor qu\u00e9 mi muchachita se muri\u00f3?\u201d, comenta do\u00f1a Emelina. \u201cA una madre eso le duele. A ella nunca le doli\u00f3 nada\u201d.<\/p>\n<figure id=\"attachment_34993\" aria-describedby=\"caption-attachment-34993\" style=\"width: 700px\" class=\"wp-caption aligncenter\"><a href=\"https:\/\/www.laprensa.com.ni\/magazine\/wp-content\/uploads\/2017\/05\/135259-1.jpg\"><img decoding=\"async\" class=\"size-full wp-image-34993\" src=\"https:\/\/www.laprensa.com.ni\/magazine\/wp-content\/uploads\/2017\/05\/135259-1.jpg\" alt=\"\" width=\"700\" height=\"1010\" srcset=\"https:\/\/d1xxa24wwackpg.cloudfront.net\/wp-content\/uploads\/2017\/05\/07145403\/135259-1.jpg 700w, https:\/\/d1xxa24wwackpg.cloudfront.net\/wp-content\/uploads\/2017\/05\/07145403\/135259-1.jpg 208w, https:\/\/d1xxa24wwackpg.cloudfront.net\/wp-content\/uploads\/2017\/05\/07145403\/135259-1.jpg 600w\" sizes=\"(max-width: 700px) 100vw, 700px\" \/><\/a><figcaption id=\"caption-attachment-34993\" class=\"wp-caption-text\">Demencia, trastornos de personalidad, depresi\u00f3n o problemas de adicci\u00f3n son algunos de los dict\u00e1menes m\u00e9dicos en casos de parricidio.<\/figcaption><\/figure>\n<h3><\/h3>\n<h3>El dolor de una madre<\/h3>\n<p style=\"text-align: center;\">28 a\u00f1os. Casada y con seis hijos. Su vida era perfecta, dice, pero todo cambi\u00f3 radicalmente cuando a la mayor de sus hijas le diagnosticaron leucemia. Sinti\u00f3 que el mundo se le vino encima.<\/p>\n<p style=\"text-align: center;\"><strong>Por Arlen Cerda<\/strong><\/p>\n<p>Mar\u00eda de Jes\u00fas Cruz, de 35 a\u00f1os, no recuerda qu\u00e9 significa LLA, pero por culpa de esas tres letras lleva siete a\u00f1os viajando de Nandaime a Managua junto con su hija mayor Erika Nicaragua Cruz, quien tiene 18 a\u00f1os y a los 11 le diagnosticaron c\u00e1ncer.<\/p>\n<p>Erika se enferm\u00f3 de repente. \u201cEra una ni\u00f1a activa y gordita y un d\u00eda la sent\u00ed con fiebre, casi siempre estaba cansada y se le quitaron las ganas de comer\u201d, recuerda su mam\u00e1 Mar\u00eda de Jes\u00fas. Lo peor empez\u00f3 cuando la doctora del hospital de Nandaime le detect\u00f3 unas \u201cmasitas\u201d en el cuerpo.<\/p>\n<p>Madre e hija llegaron al Hospital Infantil \u201cLa Mascota\u201d, sin sospechar que durante los pr\u00f3ximos siete a\u00f1os ese lugar hasta entonces desconocido luego les ser\u00eda muy familiar. Ah\u00ed los doctores le dijeron a Mar\u00eda de Jes\u00fas que Erika padece Leucemia Linfobl\u00e1stica Aguda o como ella apenas lo recuerda: LLA.<\/p>\n<p>\u201cTodo era muy feliz, porque para m\u00ed mis hijos lo son todo. Si ellos est\u00e1n sanos todo es perfecto y si no el mundo se me cae encima. Cuando me dijeron que ella estaba enferma yo sent\u00ed que se me acab\u00f3 todo\u201d, dice Mar\u00eda de Jes\u00fas en una sala del hospital, donde ha llegado por la cuarta reca\u00edda de Erika.<\/p>\n<p>En esa sala, a puertas cerradas, mientras su hija descansa recostada en una banca de afuera de la habitaci\u00f3n, Mar\u00eda de Jes\u00fas se permite llorar.<\/p>\n<p>\u201cDelante de ella yo no lloro. No quiero que me vea as\u00ed. Siempre le digo que sea fuerte, le doy la mano cuando siente dolor, la abrazo, la beso, busco c\u00f3mo se sienta c\u00f3moda a pesar de la enfermedad y \u00bfc\u00f3mo le voy a dar fuerzas si me ve llorar?\u201d, dice a manera de disculpa.<\/p>\n<p>Cuando le diagnosticaron leucemia, Erika estaba en tercer grado de primaria. La operaci\u00f3n, las transfusiones de sangre y las sesiones de quimioterapia afectaron su asistencia y rendimiento en la escuela. Pero cuando se recuperaba volv\u00eda a clases y regresaba con felicitaciones de la maestra.<\/p>\n<p>Terminar el cuarto y quinto grado le tom\u00f3 m\u00e1s de cuatro a\u00f1os y no logr\u00f3 terminar el sexto por culpa de las reca\u00eddas. En cambio, entr\u00f3 a un curso de costura, donde aprendi\u00f3 a elaborar bolsos de tela y si no fuera por los dolores que iniciaron este mes ya estuviera en clases de belleza.<\/p>\n<p>\u201cLa calidad de vida que ha tenido Erika ha sido muy importante\u201d, valora Violeta Mar\u00edn, psic\u00f3loga del Hospital \u201cLa Mascota\u201d, donde atienden a ni\u00f1os con c\u00e1ncer.<\/p>\n<p>Cuando Erika ha estado internada, su mam\u00e1 ha pasado hasta 15 d\u00edas sin volver a la casa, donde su esposo H\u00e9ctor Nicaragua cuida de sus otros cinco hijos: dos varones y tres mujeres m\u00e1s. \u201cElla ha sido muy valiente\u201d, dice el esposo. Mar\u00eda de Jes\u00fas responde que el apoyo de \u00e9l y de todos sus hijos es lo que le ha ayudado \u201ca continuar\u201d.<\/p>\n<p>Un tiempo para celebrar. Los padres de Erika organizaron su fiesta de 15 a\u00f1os, aunque para entonces ella tomaba sesiones de quimioterapia. Una t\u00eda le obsequi\u00f3 una peluca para lucirla en la ocasi\u00f3n.<\/p>\n<figure id=\"attachment_34994\" aria-describedby=\"caption-attachment-34994\" style=\"width: 700px\" class=\"wp-caption aligncenter\"><a href=\"https:\/\/www.laprensa.com.ni\/magazine\/wp-content\/uploads\/2017\/05\/135259-4.jpg\"><img decoding=\"async\" class=\"size-full wp-image-34994\" src=\"https:\/\/www.laprensa.com.ni\/magazine\/wp-content\/uploads\/2017\/05\/135259-4.jpg\" alt=\"\" width=\"700\" height=\"554\" srcset=\"https:\/\/d1xxa24wwackpg.cloudfront.net\/wp-content\/uploads\/2017\/05\/07145402\/135259-4.jpg 700w, https:\/\/d1xxa24wwackpg.cloudfront.net\/wp-content\/uploads\/2017\/05\/07145402\/135259-4.jpg 300w, https:\/\/d1xxa24wwackpg.cloudfront.net\/wp-content\/uploads\/2017\/05\/07145402\/135259-4.jpg 600w\" sizes=\"(max-width: 700px) 100vw, 700px\" \/><\/a><figcaption id=\"caption-attachment-34994\" class=\"wp-caption-text\">Un tiempo para celebrar. Los padres de Erika organizaron su fiesta de 15 a\u00f1os, aunque para entonces ella tomaba sesiones de quimioterapia. Una t\u00eda le obsequi\u00f3 una peluca para lucirla en la ocasi\u00f3n.<\/figcaption><\/figure>\n<p>&nbsp;<\/p>\n<h3>LA \u201cMIMI\u201d NORMA<\/h3>\n<p style=\"text-align: center;\">Desde que se cas\u00f3 a los 16 a\u00f1os vive y trabaja para los suyos. Casi 50 a\u00f1os m\u00e1s tarde do\u00f1a Norma Gonz\u00e1lez sigue a la cabeza de una familia de tres hijos, una docena de nietos, y una empresa pastelera muy conocida<\/p>\n<p style=\"text-align: center;\"><strong>Por Tammy Zoad Mendoza<\/strong><\/p>\n<p>Empieza a contar su historia como quien narra el resumen de una vieja pel\u00edcula de drama y romance. A ratos serena y luego se deja arrebatar por los sentimientos. Norma Gonz\u00e1lez se enamora siendo una quincea\u00f1era y un a\u00f1o m\u00e1s tarde se casa. Nace el primer hijo y el matrimonio florece. Dos a\u00f1os m\u00e1s tarde se embaraza. Antes de que nazca su segundo hijo su esposo fallece repentinamente.<\/p>\n<p>\u201cEn un instante se detuvo el mundo, fueron tantas cosas que perd\u00ed y me quitaron que no hubo tiempo para sufrir. Viuda, con un beb\u00e9 de dos a\u00f1os y embarazada de otro, sin casa, sin trabajo. Sola\u201d, recuerda do\u00f1a Norma, quien ahora est\u00e1 acompa\u00f1ada de una docena de nietos, la cosecha de sus tres hijos varones.<\/p>\n<p>Aprendi\u00f3 costura y reuni\u00f3 de peso en peso para montar su taller. En un humilde cuarto que alquilaba en Jinotepe atend\u00eda a los clientes mientras cuidada a su peque\u00f1o beb\u00e9 que jugaba en un ring de madera. Pero el dinero de este oficio llegaba tarde, en varias ocasiones estuvo al borde del desalojo y apenas reun\u00eda el dinero para saldar la deuda y alimentar a sus hijos.<\/p>\n<p>\u201cNecesitaba hacer algo m\u00e1s y una se\u00f1ora me ofrece tomar un curso de reposter\u00eda. Yo le hac\u00eda a todo trabajo honrado\u201d, cuenta Norma desde una de las ocho pasteler\u00edas \u201cNorma\u201d que dirige ahora en la capital. De su horno ha salido el sustento para sus tres hijos, el respaldo para tres nuevas familias y el car\u00e1cter de una mujer que sali\u00f3 adelante con trabajo, coraje y amor.<\/p>\n<p>\u201cEn 1978 sal\u00ed de Jinotepe porque se volvi\u00f3 peligroso. Me vine a Linda Vista y me enjaran\u00e9 con una casa. Fue una lucha. La gente como no me conoc\u00eda no me compraba, sal\u00ed por todas las pulper\u00edas de la zona con un canasto a ofrecer mis reposter\u00edas. Ahorr\u00e9 hasta comprar una camioneta chatarra para vender en las calles. Siempre con mis hijos al lado\u201d, dice orgullosa.<\/p>\n<p>Su segundo matrimonio dur\u00f3 33 a\u00f1os, hasta que la muerte los separ\u00f3 hace una d\u00e9cada. Naci\u00f3 su \u00faltimo hijo, quien completa el tr\u00edo que fue su motor y su pilar. Cuando los dos mayores ten\u00edan entre 12 y 15 a\u00f1os, recuerda que madrugaban para hacer galletas y a las siete deb\u00edan salir a la escuela. Ahora son profesionales, dos de ellos trabajan en el exterior. Estados Unidos fue su hogar por m\u00e1s de cinco a\u00f1os y en el 91 regres\u00f3 a empezar nuevamente de cero.<\/p>\n<p>\u201cNo he tenido tiempo para detenerme y revisar lo que hecho, pero si llegu\u00e9 hasta aqu\u00ed es por mi trabajo y mi empe\u00f1o. La constancia y el amor a la familia, es lo que quiero dejarles. Su abuela est\u00e1 aqu\u00ed para ellos, aunque una est\u00e9 cansada, cuando ellos vienen siento la fuerza para volver a empezar\u201d, comenta mientras una hermosa ni\u00f1a rolliza y colochona entra en escena, bailando, sonriendo. Se cuelga de su pierna y besa a la abuela.<\/p>\n<figure id=\"attachment_34995\" aria-describedby=\"caption-attachment-34995\" style=\"width: 700px\" class=\"wp-caption aligncenter\"><a href=\"https:\/\/www.laprensa.com.ni\/magazine\/wp-content\/uploads\/2017\/05\/Norma-Gonz\u00e1lez.jpg\"><img loading=\"lazy\" decoding=\"async\" class=\"size-full wp-image-34995\" src=\"https:\/\/www.laprensa.com.ni\/magazine\/wp-content\/uploads\/2017\/05\/Norma-Gonz\u00e1lez.jpg\" alt=\"\" width=\"700\" height=\"440\" srcset=\"https:\/\/d1xxa24wwackpg.cloudfront.net\/wp-content\/uploads\/2017\/05\/07145401\/Norma-Gonz%C3%A1lez.jpg 700w, https:\/\/d1xxa24wwackpg.cloudfront.net\/wp-content\/uploads\/2017\/05\/07145401\/Norma-Gonz%C3%A1lez.jpg 300w, https:\/\/d1xxa24wwackpg.cloudfront.net\/wp-content\/uploads\/2017\/05\/07145401\/Norma-Gonz%C3%A1lez.jpg 600w\" sizes=\"(max-width: 700px) 100vw, 700px\" \/><\/a><figcaption id=\"caption-attachment-34995\" class=\"wp-caption-text\">Norma Gonz\u00e1lez, l\u00edder de la familia. La mujer fuerte que solo sus nietos doblegan. Tiene una docena.<\/figcaption><\/figure>\n<h3><\/h3>\n<h3>Madre precoz<\/h3>\n<p style=\"text-align: center;\">A sus 16 a\u00f1os le toc\u00f3 dejar el maquillaje, los tacones y las fiestas para dar de mamar, cambiar pa\u00f1ales y aprender a criar a un beb\u00e9. As\u00ed le lleg\u00f3 la maternidad a Indiana Guadalupe Gonz\u00e1lez<\/p>\n<p style=\"text-align: center;\"><strong>Por Dora Luz Romero<\/strong><\/p>\n<p>&#8211; Est\u00e1s embarazada \u2014le dijo su mam\u00e1. Y cerr\u00f3 el sobre.<\/p>\n<p>Justo en ese momento sinti\u00f3 que su mundo se hab\u00eda detenido. Su mente qued\u00f3 en blanco y no tuvo tiempo ni de reaccionar. Solo volte\u00f3 a ver a su mam\u00e1 y vio c\u00f3mo las l\u00e1grimas ca\u00edan sobre su cara. Salieron del laboratorio en silencio, subieron al taxi juntas y \u00fanicamente logr\u00f3 pronunciar cuatro palabras: \u201cMami, me voy a matar\u201d.<\/p>\n<p>Indiana Guadalupe Gonz\u00e1lez ten\u00eda 16 a\u00f1os cuando sali\u00f3 embarazada. El d\u00eda que lo supo, un lunes de mayo de 2011, su vida tom\u00f3 un rumbo diferente al que ella hab\u00eda planeado. El sue\u00f1o de ser doctora, de viajar por el mundo, de andar de fiesta en fiesta, de comprarse ropa, zapatos, maquillaje, tuvo que esperar para abrir paso al beb\u00e9 que ya ven\u00eda en camino.<\/p>\n<p>Ese d\u00eda al llegar a su casa llam\u00f3 a su novio, con quien ten\u00eda una relaci\u00f3n de un par de a\u00f1os, para contarle lo que pasaba. \u201cEstaba asustada y tambi\u00e9n con miedo de que me diera la espalda, a esa edad, algunos no se hacen cargo. Pero \u00e9l no, habl\u00f3 con mi familia y dijo que se har\u00eda cargo de m\u00ed\u201d, cuenta. Su mam\u00e1, a pesar del silencio y el llanto de aquel d\u00eda la apoy\u00f3 en todo y fue ella quien le suplic\u00f3 no cometer una locura. A\u00fan as\u00ed Indiana pensaba en la posibilidad m\u00e1s que de matarse, de abortar. Eso hasta su primer ultrasonido. \u201cCuando escuch\u00e9 ese corazoncito latir dentro de m\u00ed, supe que no lo pod\u00eda hacer, era una vida\u201d, dice.<\/p>\n<p>No hab\u00eda terminado la secundaria cuando sali\u00f3 embarazada y el colegio donde hab\u00eda estudiado desde la primaria la ech\u00f3. As\u00ed que le toc\u00f3 matricularse en una escuela de turno sabatino. Pero hab\u00eda algo peor que todo eso para ella, el qu\u00e9 dir\u00e1n. \u201cEso fue lo m\u00e1s espantoso, que se diera cuenta todo el mundo. Yo no quer\u00eda que nadie me viera. En ese momento no tuve amigas, llegaban a verme para hablar de m\u00ed\u201d, recuerda.<\/p>\n<p>Llegaron los achaques, la panza que parec\u00eda escondida se estir\u00f3 y ella se fue de la casa de sus padres para vivir con su esposo. Pronto lleg\u00f3 la beb\u00e9, una ni\u00f1a que llamaron Alejandra Guadalupe.<\/p>\n<p>Bastaron nueve meses para que la vida de Gonz\u00e1lez diera un giro. \u201cYo no me hac\u00eda dando de mamar, ba\u00f1ando a una ni\u00f1a, cambiando pa\u00f1ales, con costo y me cuidaba yo. No estaba preparada. En realidad ninguna chavala a mi edad est\u00e1 lista para ser mam\u00e1. De no ser por el apoyo de mi madre y mi esposo ser\u00eda muy dif\u00edcil\u201d.<\/p>\n<p>Mientras conversa, la peque\u00f1a llora. Estira los brazos para ser cargada por su madre. Contin\u00faa. \u201cMe gustaba mucho ir a fiestas, a bailar, salir con mis amigos, maquillarme, comprarme camisas, zapatos. Era de las que pod\u00eda levantarme a las dos de la tarde. Ahora no. Estoy a la disposici\u00f3n de mi hija, de su tiempo. Ya no pienso que cuando salga de mi carrera y tenga los reales me voy a ir alisar el pelo, comprarme ropa o irme de viaje, ahora pienso en hacer mi casa, darle mejores estudios a mi hija\u201d.<\/p>\n<p>Sus d\u00edas son ajetreados, reconoce. En la semana cuida de su peque\u00f1a. La ba\u00f1a, la viste, le da de comer, la duerme, juega con ella. Los s\u00e1bados se la cuida su hermana para que ella pueda terminar sus estudios en Bioan\u00e1lisis Qu\u00edmico. \u201cTermino agotada, a veces ya quiero que se duerma honestamente, pero en las ma\u00f1anas cuando me regala una sonrisa, eso me da vida\u201d.<\/p>\n<p>Pero hay algo que s\u00ed le pesa \u2014confiesa Gonz\u00e1lez\u2014. Extra\u00f1a vivir con su mam\u00e1, tambi\u00e9n aquel abdomen plano que un d\u00eda tuvo y detesta esas estr\u00edas que todos los d\u00edas, cuando se ve al espejo, le recuerdan que ya es madre.<\/p>\n<figure id=\"attachment_34996\" aria-describedby=\"caption-attachment-34996\" style=\"width: 700px\" class=\"wp-caption aligncenter\"><a href=\"https:\/\/www.laprensa.com.ni\/magazine\/wp-content\/uploads\/2017\/05\/135260-3.jpg\"><img loading=\"lazy\" decoding=\"async\" class=\"size-full wp-image-34996\" src=\"https:\/\/www.laprensa.com.ni\/magazine\/wp-content\/uploads\/2017\/05\/135260-3.jpg\" alt=\"\" width=\"700\" height=\"1115\" srcset=\"https:\/\/d1xxa24wwackpg.cloudfront.net\/wp-content\/uploads\/2017\/05\/07145400\/135260-3.jpg 700w, https:\/\/d1xxa24wwackpg.cloudfront.net\/wp-content\/uploads\/2017\/05\/07145400\/135260-3.jpg 188w, https:\/\/d1xxa24wwackpg.cloudfront.net\/wp-content\/uploads\/2017\/05\/07145400\/135260-3.jpg 643w, https:\/\/d1xxa24wwackpg.cloudfront.net\/wp-content\/uploads\/2017\/05\/07145400\/135260-3.jpg 600w\" sizes=\"(max-width: 700px) 100vw, 700px\" \/><\/a><figcaption id=\"caption-attachment-34996\" class=\"wp-caption-text\">\u201cNo es f\u00e1cil ser madre joven, pero con el apoyo de mi mam\u00e1 y mi esposo he podido seguir adelante\u201d, asegura Indiana Guadalupe Gonz\u00e1lez. En la imagen junto a su hija Alejandra.<\/figcaption><\/figure>\n","protected":false},"excerpt":{"rendered":"<p>Algunas engendran, otras adoptan. A algunas les toca luchar con la enfermedad de un hijo y a otras con su propia edad e inexperiencia. \u00bfQu\u00e9 es ser madre? Estos son los rostros de la maternidad nicarag\u00fcense<\/p>\n","protected":false},"author":46,"featured_media":35005,"comment_status":"open","ping_status":"open","sticky":false,"template":"","format":"standard","meta":{"_acf_changed":false,"footnotes":""},"categories":[26],"tags":[81],"class_list":["post-34991","post","type-post","status-publish","format-standard","has-post-thumbnail","hentry","category-reportajes","tag-nicaragua"],"acf":[],"_links":{"self":[{"href":"https:\/\/staging.laprensanic.com\/magazine\/wp-json\/wp\/v2\/posts\/34991","targetHints":{"allow":["GET"]}}],"collection":[{"href":"https:\/\/staging.laprensanic.com\/magazine\/wp-json\/wp\/v2\/posts"}],"about":[{"href":"https:\/\/staging.laprensanic.com\/magazine\/wp-json\/wp\/v2\/types\/post"}],"author":[{"embeddable":true,"href":"https:\/\/staging.laprensanic.com\/magazine\/wp-json\/wp\/v2\/users\/46"}],"replies":[{"embeddable":true,"href":"https:\/\/staging.laprensanic.com\/magazine\/wp-json\/wp\/v2\/comments?post=34991"}],"version-history":[{"count":9,"href":"https:\/\/staging.laprensanic.com\/magazine\/wp-json\/wp\/v2\/posts\/34991\/revisions"}],"predecessor-version":[{"id":44874,"href":"https:\/\/staging.laprensanic.com\/magazine\/wp-json\/wp\/v2\/posts\/34991\/revisions\/44874"}],"wp:featuredmedia":[{"embeddable":true,"href":"https:\/\/staging.laprensanic.com\/magazine\/wp-json\/wp\/v2\/media\/35005"}],"wp:attachment":[{"href":"https:\/\/staging.laprensanic.com\/magazine\/wp-json\/wp\/v2\/media?parent=34991"}],"wp:term":[{"taxonomy":"category","embeddable":true,"href":"https:\/\/staging.laprensanic.com\/magazine\/wp-json\/wp\/v2\/categories?post=34991"},{"taxonomy":"post_tag","embeddable":true,"href":"https:\/\/staging.laprensanic.com\/magazine\/wp-json\/wp\/v2\/tags?post=34991"}],"curies":[{"name":"wp","href":"https:\/\/api.w.org\/{rel}","templated":true}]}}