{"id":35055,"date":"2012-05-13T11:27:17","date_gmt":"2012-05-13T17:27:17","guid":{"rendered":"https:\/\/www.magazine.com.ni\/?p=35055"},"modified":"2018-10-04T23:09:42","modified_gmt":"2018-10-04T23:09:42","slug":"brasil-suenos-en-marcha","status":"publish","type":"post","link":"https:\/\/staging.laprensanic.com\/magazine\/reportajes\/brasil-suenos-en-marcha\/","title":{"rendered":"Brasil: Sue\u00f1os en marcha"},"content":{"rendered":"<p style=\"text-align: center;\">64 a\u00f1os despu\u00e9s, Brasil volver\u00e1 a ser sede de una Copa Mundial de Futbol. Una inversi\u00f3n de al menos 14,400 millones de d\u00f3lares y 12 ciudades anfitrionas deber\u00e1n probar que Brasil puede cumplir sus sue\u00f1os<\/p>\n<p style=\"text-align: center;\"><strong>Por Arlen Cerda<\/strong><\/p>\n<p>R\u00edo de Janeiro, Brasil. 16 de julio de 1950. Doscientas mil personas copan el reci\u00e9n inaugurado estadio municipal de Maracan\u00e1. Es la final de la Copa Mundial de Futbol: Brasil vs. Uruguay.<\/p>\n<p>En el minuto 79, diez antes del pitazo final, el uruguayo Alcides Ghiggia desempata el 1-1 del partido y pone fin a la algarab\u00eda que reinaba en el lugar: los brasile\u00f1os, listos para celebrar una victoria que pocos se atrev\u00edan a poner en duda, enmudecieron tras aquel gol que le dio a Uruguay su segunda Copa Mundial y les arrebat\u00f3 a ellos su primera oportunidad, en su propia casa. En los \u00faltimos 62 a\u00f1os esa victoria uruguaya, bautizada como el \u201cmaracanazo\u201d, ha sido para los brasile\u00f1os como una tragedia. Pero la historia le da a Brasil una nueva oportunidad.<\/p>\n<p>Entre junio y julio del 2014, Brasil no solo ser\u00e1 la sede de la Vig\u00e9sima Copa Mundial de la Federaci\u00f3n Internacional de Futbol Asociado (FIFA), sino que la final tambi\u00e9n se jugar\u00e1 en el estadio de Maracan\u00e1, que se renueva con una inversi\u00f3n que ronda el medio mill\u00f3n de d\u00f3lares. Por supuesto, la selecci\u00f3n nacional de Brasil \u2014ya clasificada por ser el pa\u00eds anfitri\u00f3n\u2014 aspira a la cita en la emblem\u00e1tica arena, para convertirse en hexacampe\u00f3n y tambi\u00e9n para enterrar aquella derrota vista como una maldici\u00f3n. Pero primero debe entregar a la FIFA la tarea.<\/p>\n<p style=\"text-align: center;\">***<\/p>\n<p>&nbsp;<\/p>\n<p>Antes de que Italia derrotara a Francia 5-3 en tiros penales, durante la XVII Copa Mundial de Futbol, celebrada en Alemania, Brasil ya hab\u00eda aspirado a ser sede del torneo del balompi\u00e9, pero declin\u00f3 para apoyar a Sud\u00e1frica, que no lo logr\u00f3 hasta el 2010, cuando Espa\u00f1a obtuvo su primera Copa del Mundo al derrotar a Holanda 1-0.<\/p>\n<p>La FIFA al final pareci\u00f3 escuchar su demanda cuando en la convocatoria para el Mundial 2014 anunci\u00f3 que solo aceptar\u00eda postulaciones de la Confederaci\u00f3n Sudamericana de Futbol (Conmebol), que tras el retiro de Colombia, como el \u00fanico otro postulante, apoy\u00f3 completamente a Brasil.<\/p>\n<p>Pero a menos de 800 d\u00edas de que la pelota ruede en el campo de la Arena de Itaquerao, de Sao Paulo \u2014donde se celebrar\u00e1 el partido inaugural\u2014 Brasil enfrenta los reclamos de la FIFA por el retraso en las obras de las 12 ciudades que ser\u00e1n sedes del Mundial.<\/p>\n<p>Seg\u00fan el desarrollo de estas, facilitado por el propio gobierno brasile\u00f1o, ocho de los doce estadios ser\u00e1n concluidos en diciembre del 2012 y los otros se terminar\u00e1n entre junio y diciembre del 2013, con una inversi\u00f3n total cercana a los 3,500 millones de d\u00f3lares. Pero ese no es el \u00fanico problema.<\/p>\n<p>\u201cPerd\u00f3n si sueno un poco arrogante \u2014se disculp\u00f3 de antemano el secretario general de la FIFA, Jerome Valcke, en enero de este a\u00f1o\u2014 pero eso es algo que no se va a negociar&#8230; Las bebidas alcoh\u00f3licas son parte de la Copa Mundial de la FIFA, as\u00ed que vamos a tenerlas\u201d.<\/p>\n<p>El funcionario respondi\u00f3 as\u00ed a las dudas de la prensa sobre la posici\u00f3n de la FIFA respecto a la ley brasile\u00f1a que desde el 2003 proh\u00edbe la venta y consumo de bebidas alcoh\u00f3licas en varios estadios del pa\u00eds.<\/p>\n<p>A principios del mes pasado, Valcke emiti\u00f3 otra opini\u00f3n sobre el pa\u00eds anfitri\u00f3n. Dijo que , a su juicio, Brasil parece m\u00e1s preocupado por ganar la Copa que por organizarla y expres\u00f3 su preocupaci\u00f3n por los retrasos en las obras. \u00c9l dijo: \u201cParece que los organizadores necesitan un empuj\u00f3n en la espalda\u201d, palabras que a este lado del mundo se tradujeron como \u201cnecesitan una patada en el trasero\u201d.<\/p>\n<p>El ministro del deporte brasile\u00f1o, Aldo Rebelo, reaccion\u00f3 enfurecido y solicit\u00f3 que Valcke ya no fuera m\u00e1s el interlocutor de la FIFA con Brasil y el subsecretario general se disculp\u00f3 p\u00fablicamente por el mal entendido.<\/p>\n<p>En Brasil, el estira y encoge entre la FIFA y el Gobierno se sigue como si fuera un partido aparte. El mismo expresidente Luiz In\u00e1cio Lula da Silva dijo en octubre del a\u00f1o pasado que las diferencias con la FIFA son un asunto de \u201csoberan\u00eda\u201d. \u201cNing\u00fan pa\u00eds del mundo va a dejar su soberan\u00eda para atender el inter\u00e9s de esta o aquella entidad, sea cual fuera\u201d, dijo.<\/p>\n<p>Y, en palabras del senador Dem\u00f3stenes Torres, del partido opositor Dem\u00f3crata, hechas a la BBC Mundo: \u201cSi Brasil est\u00e1 perdiendo el juego antes del silbato inicial, la Copa del Mundo de 2014 ya tiene una selecci\u00f3n campeona: la selecci\u00f3n de la FIFA\u201d.<\/p>\n<p>D\u00edas despu\u00e9s de que Valcke enfureciera al gobierno de Brasil, el presidente de la FIFA, Joseph Blatter, se reuni\u00f3 con la presidente Dilma Rousseff, en Brasilia, para sellar la paz y comprometerse por el trabajo conjunto para el desarrollo de la Copa.<\/p>\n<p>Sin embargo, el debate sobre la Ley 2014, que pretende levantar la prohibici\u00f3n sobre las bebidas alcoh\u00f3licas en los estadios, ceder el control sobre la regulaci\u00f3n del costo de las entradas a la FIFA y establecer las sanciones y penas carcelarias sobre el uso ilegal de los s\u00edmbolos de la Copa Mundial de Futbol, sigue pendiente en la C\u00e1mara Baja y el Senado.<\/p>\n<p>Los preparativos para el torneo mundial tampoco han estado exentos de esc\u00e1ndalos de corrupci\u00f3n y temores sobre la seguridad en las principales ciudades de Brasil.<\/p>\n<p>Acusado de esc\u00e1ndalos de corrupci\u00f3n, el presidente de la Confederaci\u00f3n Brasile\u00f1a de Futbol, Ricardo Teixeira, se vio obligado a renunciar el 12 de marzo pasado.<\/p>\n<p>Mientras, hasta finales del 2011, la polic\u00eda brasile\u00f1a ya hab\u00eda intervenido y desmantelado una veintena de los populares asentamientos conocidos como favelas, ubicadas cerca del estadio Maracan\u00e1, en R\u00edo de Janeiro.<\/p>\n<p>En lo que todos coinciden es en que el a\u00f1o que est\u00e1 en marcha es fundamental para Brasil. Entusiasmo no falta. Este es el \u00fanico pa\u00eds que ha participado en todos los Mundiales y es pentacampe\u00f3n de la Copa, el m\u00e1s premiado hasta ahora. Pero Brasil, sin\u00f3nimo de playas, samba, carnaval y futbol deber\u00e1 demostrar que puede hacer sus sue\u00f1os realidad.<\/p>\n<div id=\"s3gt_translate_tooltip_mini\" class=\"s3gt_translate_tooltip_mini_box\" style=\"background: initial !important; border: initial !important; border-radius: initial !important; border-spacing: initial !important; border-collapse: initial !important; direction: ltr !important; flex-direction: initial !important; font-weight: initial !important; height: initial !important; letter-spacing: initial !important; min-width: initial !important; max-width: initial !important; min-height: initial !important; max-height: initial !important; margin: auto !important; outline: initial !important; padding: initial !important; position: absolute; table-layout: initial !important; text-align: initial !important; text-shadow: initial !important; width: initial !important; word-break: initial !important; word-spacing: initial !important; overflow-wrap: initial !important; box-sizing: initial !important; display: initial !important; color: inherit !important; font-size: 13px !important; font-family: X-LocaleSpecific, sans-serif, Tahoma, Helvetica !important; line-height: 13px !important; vertical-align: top !important; white-space: inherit !important; left: 452px; top: 2104px; opacity: 0.05;\">\n<div id=\"s3gt_translate_tooltip_mini_logo\" class=\"s3gt_translate_tooltip_mini\" title=\"Traducir texto seleccionado\"><\/div>\n<div id=\"s3gt_translate_tooltip_mini_sound\" class=\"s3gt_translate_tooltip_mini\" title=\"Escuchar\"><\/div>\n<div id=\"s3gt_translate_tooltip_mini_copy\" class=\"s3gt_translate_tooltip_mini\" title=\"Copiar texto al Portapapeles\"><\/div>\n<\/div>\n","protected":false},"excerpt":{"rendered":"<p>64 a\u00f1os despu\u00e9s, Brasil volver\u00e1 a ser sede de una Copa Mundial de Futbol. Una inversi\u00f3n de al menos 14,400 millones de d\u00f3lares y 12 ciudades anfitrionas deber\u00e1n probar que Brasil puede cumplir sus sue\u00f1os<\/p>\n","protected":false},"author":46,"featured_media":0,"comment_status":"open","ping_status":"open","sticky":false,"template":"","format":"standard","meta":{"_acf_changed":false,"footnotes":""},"categories":[26],"tags":[],"class_list":["post-35055","post","type-post","status-publish","format-standard","hentry","category-reportajes"],"acf":[],"_links":{"self":[{"href":"https:\/\/staging.laprensanic.com\/magazine\/wp-json\/wp\/v2\/posts\/35055","targetHints":{"allow":["GET"]}}],"collection":[{"href":"https:\/\/staging.laprensanic.com\/magazine\/wp-json\/wp\/v2\/posts"}],"about":[{"href":"https:\/\/staging.laprensanic.com\/magazine\/wp-json\/wp\/v2\/types\/post"}],"author":[{"embeddable":true,"href":"https:\/\/staging.laprensanic.com\/magazine\/wp-json\/wp\/v2\/users\/46"}],"replies":[{"embeddable":true,"href":"https:\/\/staging.laprensanic.com\/magazine\/wp-json\/wp\/v2\/comments?post=35055"}],"version-history":[{"count":7,"href":"https:\/\/staging.laprensanic.com\/magazine\/wp-json\/wp\/v2\/posts\/35055\/revisions"}],"predecessor-version":[{"id":44879,"href":"https:\/\/staging.laprensanic.com\/magazine\/wp-json\/wp\/v2\/posts\/35055\/revisions\/44879"}],"wp:attachment":[{"href":"https:\/\/staging.laprensanic.com\/magazine\/wp-json\/wp\/v2\/media?parent=35055"}],"wp:term":[{"taxonomy":"category","embeddable":true,"href":"https:\/\/staging.laprensanic.com\/magazine\/wp-json\/wp\/v2\/categories?post=35055"},{"taxonomy":"post_tag","embeddable":true,"href":"https:\/\/staging.laprensanic.com\/magazine\/wp-json\/wp\/v2\/tags?post=35055"}],"curies":[{"name":"wp","href":"https:\/\/api.w.org\/{rel}","templated":true}]}}