{"id":35101,"date":"2012-03-25T15:32:56","date_gmt":"2012-03-25T21:32:56","guid":{"rendered":"https:\/\/www.magazine.com.ni\/?p=35101"},"modified":"2018-10-05T20:47:45","modified_gmt":"2018-10-05T20:47:45","slug":"del-cielo-a-la-tierra","status":"publish","type":"post","link":"https:\/\/staging.laprensanic.com\/magazine\/reportajes\/del-cielo-a-la-tierra\/","title":{"rendered":"Del cielo a la tierra"},"content":{"rendered":"<p style=\"text-align: center;\">En los a\u00f1os ochenta una veintena de nicarag\u00fcenses se prepar\u00f3 para convertirse en pilotos de los cazabombarderos sovi\u00e9ticos MIG21. Los supers\u00f3nicos jam\u00e1s llegaron al pa\u00eds y hoy los pilotos cuentan su historia<\/p>\n<p style=\"text-align: center;\"><strong>Por Dora Luz Romero<\/strong><\/p>\n<p>Un diploma, un par de fotos y los recuerdos. Eso es todo lo que le queda a Calixto Baca. Su diploma de piloto aviador, al abrirlo le muestra ese 5.83 que no deja de recordarle el buen estudiante que fue. Las fotos, esas en las que tiene al menos treinta a\u00f1os menos, le sacan una media sonrisa. O un suspiro. Y los recuerdos. Al final eso es todo lo que tiene. Esas memorias que intenta revivir y conservar al repetir su historia.<\/p>\n<p>Es moreno, de cabello murruco y de poco sonre\u00edr. Habla pausado y con un tono que sabe a desilusi\u00f3n. Tiene 55 a\u00f1os y parece que le cuesta dejar de mecerse en la silla cuando conversa.<\/p>\n<p>Hubo un tiempo que se dedic\u00f3 a la venta de madera, pero quebr\u00f3. Tambi\u00e9n vendi\u00f3 carros usados que tra\u00eda de Estados Unidos, pero tampoco le fue bien. Por ahora no tiene trabajo fijo.<\/p>\n<p>Treinta y dos a\u00f1os atr\u00e1s la vida de Calixto era diferente. Era un muchacho aventado y lleno de entusiasmo. Estaba en las filas del otrora Ej\u00e9rcito Popular Sandinista y su futuro era prometedor. En mayo de 1980 subi\u00f3 a un avi\u00f3n rumbo a Bulgaria, donde estudiar\u00eda para convertirse en piloto de combate. Era parte de ese grupo \u00e9lite de unos veinte hombres que volar\u00edan los cazabombarderos sovi\u00e9ticos MIG21 que la extinta URSS prometi\u00f3 entregar a Nicaragua.<\/p>\n<p>En la d\u00e9cada de los ochenta Nicaragua envi\u00f3 tres grupos de militares, unos a Bulgaria y otros a la Uni\u00f3n Sovi\u00e9tica a entrenarse para ser pilotos de aviones caza. Nicaragua y la Uni\u00f3n Sovi\u00e9tica hab\u00edan firmado, tras el triunfo de la revoluci\u00f3n, un acuerdo en el que los sovi\u00e9ticos se compromet\u00edan a enviar un escuadr\u00f3n de aviones de combate supers\u00f3nicos MIG21. Ah\u00ed comenz\u00f3 la historia de Calixto y de sus compa\u00f1eros. Aprendieron a volar L29, MIG15, MIG17, pero entre los tres contingentes nicarag\u00fcenses no fueron m\u00e1s de 25 militares los que lograron llegar al MIG21, un avi\u00f3n caza interceptor.<\/p>\n<p>Pero las famosas naves nunca llegaron. Y el entusiasmo y los sue\u00f1os de Calixto al igual que otros veinte y tantos pilotos se desplomaron. El aeropuerto militar que hab\u00eda sido construido para esos aviones, la ciudadela en la que se dijo alguna vez que vivir\u00edan con sus familias se convirtieron en mal recuerdo. Parad\u00f3jicamente, el fin de la Guerra Fr\u00eda que tanto alivio trajo al mundo, cambi\u00f3 sus vidas para siempre.<\/p>\n<figure id=\"attachment_35102\" aria-describedby=\"caption-attachment-35102\" style=\"width: 700px\" class=\"wp-caption aligncenter\"><a href=\"https:\/\/www.laprensa.com.ni\/magazine\/wp-content\/uploads\/2017\/05\/1980-mayo.-Primer-grupo-militares-para-preparearse-para-pilotos.jpg\"><img fetchpriority=\"high\" decoding=\"async\" class=\"wp-image-35102 size-full\" src=\"https:\/\/www.laprensa.com.ni\/magazine\/wp-content\/uploads\/2017\/05\/1980-mayo.-Primer-grupo-militares-para-preparearse-para-pilotos.jpg\" alt=\"En mayo de 1980 sali\u00f3 el primer contingente de militares nicarag\u00fcenses a prepararse para pilotos de combate\" width=\"700\" height=\"597\" srcset=\"https:\/\/d1xxa24wwackpg.cloudfront.net\/wp-content\/uploads\/2017\/05\/07145313\/1980-mayo.-Primer-grupo-militares-para-preparearse-para-pilotos.jpg 700w, https:\/\/d1xxa24wwackpg.cloudfront.net\/wp-content\/uploads\/2017\/05\/07145313\/1980-mayo.-Primer-grupo-militares-para-preparearse-para-pilotos.jpg 300w, https:\/\/d1xxa24wwackpg.cloudfront.net\/wp-content\/uploads\/2017\/05\/07145313\/1980-mayo.-Primer-grupo-militares-para-preparearse-para-pilotos.jpg 600w\" sizes=\"(max-width: 700px) 100vw, 700px\" \/><\/a><figcaption id=\"caption-attachment-35102\" class=\"wp-caption-text\">En mayo de 1980 sali\u00f3 el primer contingente de militares nicarag\u00fcenses a prepararse para pilotos de combate. De los veinte que salieron del pa\u00eds solo doce llegaron a volar MIG21. En esta imagen tomada en la Uni\u00f3n Sovi\u00e9tica aparecen algunos de ellos.<\/figcaption><\/figure>\n<p style=\"text-align: center;\">***<\/p>\n<p>Nicaragua a\u00fan convulsionaba. Hac\u00eda menos de un a\u00f1o del triunfo de la revoluci\u00f3n. En el mundo, eran tiempos de la Guerra Fr\u00eda. Dos bandos, dos grandes potencias enfrentadas, la URSS y Estados Unidos. Ambas en busca de aliados. Ambas en busca de homogeneizar su estilo de gobierno en el mundo. Ambos a la conquista del tercer mundo.<\/p>\n<p>Nicaragua era una pieza del rompecabezas para los sovi\u00e9ticos. Un pa\u00eds que reci\u00e9n se hab\u00eda rebelado ante la dictadura somocista, geogr\u00e1ficamente cercano a Estados Unidos y con un claro alineamiento al bloque comunista.<\/p>\n<p>La URSS armar\u00eda a Nicaragua. Dijo que equipar\u00eda la Fuerza A\u00e9rea con MIG21. As\u00ed que prepararon pilotos, t\u00e9cnicos e ingenieros para poder mantener aviones de ese calibre. Militares nicarag\u00fcenses salieron rumbo a Bulgaria, Cuba y la Uni\u00f3n Sovi\u00e9tica. Tambi\u00e9n se empez\u00f3 a construir el aeropuerto militar Punta Huete, en San Francisco Libre, una pista especial para estas naves.<\/p>\n<p>En mayo de 1980 sali\u00f3 el primer grupo rumbo a Bulgaria. Al a\u00f1o siguiente sali\u00f3 un segundo grupo hacia la Uni\u00f3n Sovi\u00e9tica y hubo un tercero todav\u00eda. De los tres grupos fueron poco menos de 25 hombres los que lograron volar el famoso MIG21.<\/p>\n<p>Equipar a Nicaragua con esos aviones fue le\u00eddo como una amenaza para Estados Unidos. Ya la llegada de los tanques T54 y T55 hab\u00eda sido interpretada as\u00ed, peor a\u00fan ocurri\u00f3 con los aviones. \u201cNada irrit\u00f3 ni preocup\u00f3 m\u00e1s a Estados Unidos que la posibilidad que traj\u00e9ramos los MIG21. Era una posibilidad cierta. No era especulaci\u00f3n\u201d, asegura Hugo Torres.<\/p>\n<p>En medio de aquel ambiente pol\u00edtico cargado de tensi\u00f3n los pilotos continuaban su carrera. Se so\u00f1aban volando esos aviones de millones de d\u00f3lares y de la m\u00e1s alta tecnolog\u00eda de la \u00e9poca.<\/p>\n<p>Ser cazabombardero no es para cualquiera, insisten los nicas que recibieron esa preparaci\u00f3n. Adem\u00e1s de los chequeos m\u00e9dicos, los ex\u00e1menes psicom\u00e9tricos y las pruebas de rutina, hay que tener el temple para subir a esa nave que vuela a tal velocidad que logra romper la barrera del sonido.<\/p>\n<p>El entusiasmo les sal\u00eda por los poros. \u201cA esa edad que te digan que vas a ser piloto de un avi\u00f3n supers\u00f3nico cazabombardero. \u00cdbamos con mucha alegr\u00eda, entusiasmo. En todas las fuerzas a\u00e9reas los cazabombarderos son lo mejor que hay. Es el piloto m\u00e1s privilegiado. El MIG21 es un avi\u00f3n muy complicado, r\u00e1pido de aterrizar, hay que tener buenos reflejos\u201d, explica Calixto.<\/p>\n<p>Miguel Roa, del tercer grupo enviado, opina igual. \u201cSer piloto de combate es lo m\u00e1s alto que hay en cualquier parte del mundo. Son pocas las personas que han volado MIG21 en Latinoam\u00e9rica\u201d, asegura. Lo \u00fanico superior a ellos, dicen, es el astronauta.<\/p>\n<p>Javier Pichardo, \u00faltimo jefe de la Fuerza A\u00e9rea Sandinista, tampoco tiene dudas. La preparaci\u00f3n para volar MIG21 es solo para pilotos que tienen \u201chabilidades que van m\u00e1s all\u00e1 de las normales\u201d. Por su preparaci\u00f3n y condiciones, el piloto MIG21, opina, \u201ces un ingeniero\u201d.<\/p>\n<p>Y es que no hay nada parecido a volar un avi\u00f3n como ese. Al menos as\u00ed lo aseguran Onofre Guevara, Calixto Baca y N\u00e9stor Arostegu\u00ed. \u201cUno siente la potencia, una gran emoci\u00f3n, la adrenalina. Se siente aquel impacto y ver la llamarada que atr\u00e1s\u201d, recuerda entusiasmado Calixto.<\/p>\n<div id='gallery-1' class='gallery galleryid-35101 gallery-columns-3 gallery-size-thumbnail'><figure class='gallery-item'>\n\t\t\t<div class='gallery-icon landscape'>\n\t\t\t\t<a href='https:\/\/staging.laprensanic.com\/magazine\/reportajes\/del-cielo-a-la-tierra\/attachment\/132787-2\/'><img decoding=\"async\" width=\"150\" height=\"150\" src=\"https:\/\/d1xxa24wwackpg.cloudfront.net\/wp-content\/uploads\/2017\/05\/07145309\/132787-2.jpg\" class=\"attachment-thumbnail size-thumbnail\" alt=\"\" aria-describedby=\"gallery-1-35106\" srcset=\"https:\/\/d1xxa24wwackpg.cloudfront.net\/wp-content\/uploads\/2017\/05\/07145309\/132787-2.jpg 150w, https:\/\/d1xxa24wwackpg.cloudfront.net\/wp-content\/uploads\/2017\/05\/07145309\/132787-2.jpg 24w, https:\/\/d1xxa24wwackpg.cloudfront.net\/wp-content\/uploads\/2017\/05\/07145309\/132787-2.jpg 48w, https:\/\/d1xxa24wwackpg.cloudfront.net\/wp-content\/uploads\/2017\/05\/07145309\/132787-2.jpg 96w, https:\/\/d1xxa24wwackpg.cloudfront.net\/wp-content\/uploads\/2017\/05\/07145309\/132787-2.jpg 300w, https:\/\/d1xxa24wwackpg.cloudfront.net\/wp-content\/uploads\/2017\/05\/07145309\/132787-2.jpg 100w\" sizes=\"(max-width: 150px) 100vw, 150px\" \/><\/a>\n\t\t\t<\/div>\n\t\t\t\t<figcaption class='wp-caption-text gallery-caption' id='gallery-1-35106'>\n\t\t\t\tApenas una veintena de nicarag\u00fcenses se dieron el lujo de volar un MIG21. \n\t\t\t\t<\/figcaption><\/figure><figure class='gallery-item'>\n\t\t\t<div class='gallery-icon portrait'>\n\t\t\t\t<a href='https:\/\/staging.laprensanic.com\/magazine\/reportajes\/del-cielo-a-la-tierra\/attachment\/nestor-arostegui\/'><img decoding=\"async\" width=\"150\" height=\"150\" src=\"https:\/\/d1xxa24wwackpg.cloudfront.net\/wp-content\/uploads\/2017\/05\/07145312\/N%C3%A9stor-Arostegui.jpg\" class=\"attachment-thumbnail size-thumbnail\" alt=\"N\u00e9stor Arostegu\u00ed\" aria-describedby=\"gallery-1-35103\" srcset=\"https:\/\/d1xxa24wwackpg.cloudfront.net\/wp-content\/uploads\/2017\/05\/07145312\/N%C3%A9stor-Arostegui.jpg 150w, https:\/\/d1xxa24wwackpg.cloudfront.net\/wp-content\/uploads\/2017\/05\/07145312\/N%C3%A9stor-Arostegui.jpg 600w, https:\/\/d1xxa24wwackpg.cloudfront.net\/wp-content\/uploads\/2017\/05\/07145312\/N%C3%A9stor-Arostegui.jpg 24w, https:\/\/d1xxa24wwackpg.cloudfront.net\/wp-content\/uploads\/2017\/05\/07145312\/N%C3%A9stor-Arostegui.jpg 48w, https:\/\/d1xxa24wwackpg.cloudfront.net\/wp-content\/uploads\/2017\/05\/07145312\/N%C3%A9stor-Arostegui.jpg 96w, https:\/\/d1xxa24wwackpg.cloudfront.net\/wp-content\/uploads\/2017\/05\/07145312\/N%C3%A9stor-Arostegui.jpg 300w, https:\/\/d1xxa24wwackpg.cloudfront.net\/wp-content\/uploads\/2017\/05\/07145312\/N%C3%A9stor-Arostegui.jpg 100w\" sizes=\"(max-width: 150px) 100vw, 150px\" \/><\/a>\n\t\t\t<\/div>\n\t\t\t\t<figcaption class='wp-caption-text gallery-caption' id='gallery-1-35103'>\n\t\t\t\tN\u00e9stor Arostegu\u00ed, de 52 a\u00f1os, fue parte del segundo grupo enviado a prepararse como pilotos de combate. \n\t\t\t\t<\/figcaption><\/figure><figure class='gallery-item'>\n\t\t\t<div class='gallery-icon portrait'>\n\t\t\t\t<a href='https:\/\/staging.laprensanic.com\/magazine\/reportajes\/del-cielo-a-la-tierra\/attachment\/onofer-guevara\/'><img loading=\"lazy\" decoding=\"async\" width=\"150\" height=\"150\" src=\"https:\/\/d1xxa24wwackpg.cloudfront.net\/wp-content\/uploads\/2017\/05\/07145311\/Onofer-Guevara.jpg\" class=\"attachment-thumbnail size-thumbnail\" alt=\"\" aria-describedby=\"gallery-1-35104\" srcset=\"https:\/\/d1xxa24wwackpg.cloudfront.net\/wp-content\/uploads\/2017\/05\/07145311\/Onofer-Guevara.jpg 150w, https:\/\/d1xxa24wwackpg.cloudfront.net\/wp-content\/uploads\/2017\/05\/07145311\/Onofer-Guevara.jpg 600w, https:\/\/d1xxa24wwackpg.cloudfront.net\/wp-content\/uploads\/2017\/05\/07145311\/Onofer-Guevara.jpg 24w, https:\/\/d1xxa24wwackpg.cloudfront.net\/wp-content\/uploads\/2017\/05\/07145311\/Onofer-Guevara.jpg 48w, https:\/\/d1xxa24wwackpg.cloudfront.net\/wp-content\/uploads\/2017\/05\/07145311\/Onofer-Guevara.jpg 96w, https:\/\/d1xxa24wwackpg.cloudfront.net\/wp-content\/uploads\/2017\/05\/07145311\/Onofer-Guevara.jpg 300w, https:\/\/d1xxa24wwackpg.cloudfront.net\/wp-content\/uploads\/2017\/05\/07145311\/Onofer-Guevara.jpg 100w\" sizes=\"(max-width: 150px) 100vw, 150px\" \/><\/a>\n\t\t\t<\/div>\n\t\t\t\t<figcaption class='wp-caption-text gallery-caption' id='gallery-1-35104'>\n\t\t\t\t\u201cNac\u00ed en la aviaci\u00f3n y pienso terminar en la aviaci\u00f3n\u201d, asegura Onofre Guevara, de 54 a\u00f1os y retirado en el 2010. \n\t\t\t\t<\/figcaption><\/figure><figure class='gallery-item'>\n\t\t\t<div class='gallery-icon portrait'>\n\t\t\t\t<a href='https:\/\/staging.laprensanic.com\/magazine\/reportajes\/del-cielo-a-la-tierra\/attachment\/calixto-baca\/'><img loading=\"lazy\" decoding=\"async\" width=\"150\" height=\"150\" src=\"https:\/\/d1xxa24wwackpg.cloudfront.net\/wp-content\/uploads\/2017\/05\/07145310\/Calixto-Baca.jpg\" class=\"attachment-thumbnail size-thumbnail\" alt=\"\" aria-describedby=\"gallery-1-35105\" srcset=\"https:\/\/d1xxa24wwackpg.cloudfront.net\/wp-content\/uploads\/2017\/05\/07145310\/Calixto-Baca.jpg 150w, https:\/\/d1xxa24wwackpg.cloudfront.net\/wp-content\/uploads\/2017\/05\/07145310\/Calixto-Baca.jpg 600w, https:\/\/d1xxa24wwackpg.cloudfront.net\/wp-content\/uploads\/2017\/05\/07145310\/Calixto-Baca.jpg 24w, https:\/\/d1xxa24wwackpg.cloudfront.net\/wp-content\/uploads\/2017\/05\/07145310\/Calixto-Baca.jpg 48w, https:\/\/d1xxa24wwackpg.cloudfront.net\/wp-content\/uploads\/2017\/05\/07145310\/Calixto-Baca.jpg 96w, https:\/\/d1xxa24wwackpg.cloudfront.net\/wp-content\/uploads\/2017\/05\/07145310\/Calixto-Baca.jpg 300w, https:\/\/d1xxa24wwackpg.cloudfront.net\/wp-content\/uploads\/2017\/05\/07145310\/Calixto-Baca.jpg 100w\" sizes=\"(max-width: 150px) 100vw, 150px\" \/><\/a>\n\t\t\t<\/div>\n\t\t\t\t<figcaption class='wp-caption-text gallery-caption' id='gallery-1-35105'>\n\t\t\t\t\u201cVolar un MIG21 es algo indescriptible, para sentir eso hay que volarlo\u201d, dice Calixto Baca.\n\t\t\t\t<\/figcaption><\/figure>\n\t\t<\/div>\n\n<p style=\"text-align: center;\">***<\/p>\n<p>N\u00e9stor Arostegu\u00ed vendi\u00f3 pescado en un mercado. Marcos Salas se volvi\u00f3 contratista en Estados Unidos. Donald Arge\u00f1al se hizo camionero. Calixto Baca vendi\u00f3 carros usados. Y F\u00e9lix Pereira, el jefe del primer grupo, muri\u00f3 bajo las llantas de un furg\u00f3n. El destino de los pilotos MIG21 no fue ni siquiera la sombra de lo que alg\u00fan d\u00eda so\u00f1aron.<\/p>\n<p>Desde que los enviaron al extranjero su destino parec\u00eda estar escrito. Ser\u00edan lo mejor en aviaci\u00f3n en el pa\u00eds, un grupo selecto con una profesi\u00f3n reconocida de \u00e9lite en el mundo entero. Pero el rumbo de su historia cambi\u00f3 cuando la Uni\u00f3n Sovi\u00e9tica decidi\u00f3 no enviar los aviones a Nicaragua.<\/p>\n<p>\u00bfQu\u00e9 hab\u00eda pasado? \u00bfC\u00f3mo pilotos de \u00e9lite terminaron as\u00ed? El exagente sovi\u00e9tico Vasili Mitrokhin en su libro La KGB y la batalla por el tercer mundo explica que \u201ca inicios de 1984, (Fidel) Castro empez\u00f3 a disuadir a los l\u00edderes sandinistas de que era mejor que aceptaran un escuadr\u00f3n de helic\u00f3pteros en lugar de los MIG. Humberto Ortega reaccion\u00f3 enojado y en una reuni\u00f3n de la Direcci\u00f3n Nacional dijo que \u201cme parece que los sovi\u00e9ticos, de acuerdo a sus intereses internacionales le pidieron a Fidel que nos convenza para que desistamos de los MIG21, pero nosotros no debemos desistir nunca. Tampoco debemos permitir que Cuba siga siendo el intermediario entre nosotros y los sovi\u00e9ticos&#8230;\u201d<\/p>\n<p>Para Javier Pichardo la raz\u00f3n fue simple: \u201cLos aviones nunca llegaron porque los norteamericanos amenazaron que esos aviones nunca iban a volar y los sovi\u00e9ticos nunca se atrevieron a provocarlos\u201d. El general Hugo Torres asegura que la presi\u00f3n de Estados Unidos sobre la URSS se tradujo en no entregar el escuadr\u00f3n de MIG prometido.<\/p>\n<p>Por eso a Arostegu\u00ed le toc\u00f3 vender pescado. Por eso Marcos Salas tuvo que salir del pa\u00eds y trabajar como contratista. Por eso Calixto Baca vendi\u00f3 carros usados por un tiempo.<\/p>\n<p style=\"text-align: center;\">***<\/p>\n<p>El d\u00eda que N\u00e9stor Arostegu\u00ed volvi\u00f3 a Nicaragua supo que todo estaba perdido. Sin los aviones, estaba perdido. En el aire. Y lleg\u00f3 la frustraci\u00f3n. \u201cMi preparaci\u00f3n no era para volar en una l\u00ednea a\u00e9rea. Pensamos que aqu\u00ed (en Nicaragua) estaban esper\u00e1ndonos para mandarnos a la monta\u00f1a a combatir con el enemigo o cualquier pa\u00eds vecino enemigo de la patria. Me prepar\u00e9 para la seguridad de defensa de mi pa\u00eds\u201d, reclama.<\/p>\n<p>\u201cYo me cre\u00eda privilegiado porque \u00edbamos a ser el grupo principal de defensa de la revoluci\u00f3n. El aeropuerto Punta Huete se dise\u00f1\u00f3 para nosotros, pero todo eso se vino al suelo\u201d, dice por su parte Calixto Baca.<\/p>\n<p>Pero luego vino lo peor. El trato. El trabajo. La burla. En Nicaragua ni siquiera les pidieron que mostraran nada. Era como si nunca hubieran ido a prepararse como pilotos de caza. \u201cFue una frustraci\u00f3n, un desperdicio y no nos valoraron. Nuestra preparaci\u00f3n es de primera y aqu\u00ed nos tiraron a la calle como si nada. Aqu\u00ed no saben qu\u00e9 significa esa preparaci\u00f3n\u201d, considera Calixto. \u201cFue una gran decepci\u00f3n\u201d, recuerda Onofre Guevara.<\/p>\n<p>\u201cMe sent\u00ed vac\u00edo. Me sent\u00ed triste. Y no hubo explicaci\u00f3n. Aqu\u00ed hab\u00eda otros pilotos que hab\u00edan quedado del somocismo que nosotros le llam\u00e1bamos pipilacheros y que obviamente eran parte de la defensa, pero no es lo mismo. Entramos en contradicciones con muchos mandos y hubo celo profesional\u201d, afirma N\u00e9stor Arostegu\u00ed.<\/p>\n<p>En la Fuerza A\u00e9rea de entonces fueron motivo de burla. Se fueron siendo los mejores y cuando volvieron sus compa\u00f1eros no hac\u00edan m\u00e1s que re\u00edrse y llamarles \u201clos micones\u201d.<\/p>\n<p>A la mayor\u00eda les toc\u00f3 empezar de cero. Como cualquier otro soldado. Recib\u00edan un salario escu\u00e1lido donde algunos les ten\u00edan que completar con un \u201cpaquete AFA\u201d (bolsa con arroz, frijoles y az\u00facar).<\/p>\n<p>\u201cDespu\u00e9s de tener una formaci\u00f3n de academia, de ser piloto profesional de combate, venimos a caer a las barracas como cualquier soldado\u201d, se queja N\u00e9stor.<\/p>\n<p>Tiempo m\u00e1s tarde, formaron una brigada y volaron helic\u00f3pteros. Durante la guerra les toc\u00f3 abastecer y sacar a sus heridos de las monta\u00f1as.<\/p>\n<p>Pero cada cual tom\u00f3 su camino. Hubo unos que se quedaron en la Fuerza A\u00e9rea y muchos otros optaron por la vida civil. Calixto y N\u00e9stor salieron del Ej\u00e9rcito en los a\u00f1os noventa. El primero se dedic\u00f3 a la venta de madera y carros, pero no tuvo suerte. Ahora no tiene un trabajo estable.<\/p>\n<p>El segundo viaj\u00f3 a Australia donde vivi\u00f3 durante 16 a\u00f1os y le toc\u00f3 vender pescado en un mercado, trabajar en construcci\u00f3n y tambi\u00e9n en una tener\u00eda. Ahora vive en El Sauce, de donde es originario. Sobrevive de la renta de una tierra y de lo que sus hermanos le ayudan.<\/p>\n<p>Onofre Guevara, por su parte, labor\u00f3 en la Fuerza A\u00e9rea por treinta a\u00f1os y fue retirado en el 2010. Ahora le ayuda a su esposa que tiene un tramo en el mercado de artesan\u00edas de Nindir\u00ed. Entre ellos est\u00e1 tambi\u00e9n el piloto de la familia Pellas, otro que trabaja en Aeron\u00e1utica Civil y muchos otros que buscaron vida en el exterior.<\/p>\n<p>Sin embargo, si hay algo que los une es las ganas de volver a volar. Calixto. N\u00e9stor. Onofre. Todos ellos buscan trabajo. Meten papeles y esperan un s\u00ed para volver a las alturas. Calixto Baca sabe que a su edad y ya desactualizado es dif\u00edcil que lo llamen. \u00c9l sabe bien que lo \u00fanico que le queda son los recuerdos. Nada m\u00e1s que eso.<\/p>\n<p>PILOTOS MIG21<br \/>\nEn la d\u00e9cada de los ochenta, Nicaragua envi\u00f3 al exterior a tres grupos de militares para prepararse como pilotos de caza. Entre los tres grupos, solamente unos 25 lograron volar el MIG21, el primer avi\u00f3n de combate ruso que combinaba caracter\u00edsticas de ataque e intercepci\u00f3n.<br \/>\nEl primer grupo sali\u00f3 en mayo de 1980. Eran veinte que viajaron a Bulgaria, pero solo 12 volvieron a la Uni\u00f3n Sovi\u00e9tica para prepararse en MIG21. El segundo contingente sali\u00f3 hacia la Uni\u00f3n Sovi\u00e9tica en 1981 donde solo cinco o seis lo lograron y el tercero y \u00faltimo grupo sali\u00f3 en 1983, donde solo cinco volaron el cazabombardero ruso.PILOTOS MIG21.<\/p>\n","protected":false},"excerpt":{"rendered":"<p>En los a\u00f1os ochenta una veintena de nicarag\u00fcenses se prepar\u00f3 para convertirse en pilotos de los cazabombarderos sovi\u00e9ticos MIG21. Los supers\u00f3nicos jam\u00e1s llegaron al pa\u00eds y hoy los pilotos cuentan su historia<\/p>\n","protected":false},"author":46,"featured_media":35106,"comment_status":"open","ping_status":"open","sticky":false,"template":"","format":"standard","meta":{"_acf_changed":false,"footnotes":""},"categories":[26],"tags":[],"class_list":["post-35101","post","type-post","status-publish","format-standard","has-post-thumbnail","hentry","category-reportajes"],"acf":[],"_links":{"self":[{"href":"https:\/\/staging.laprensanic.com\/magazine\/wp-json\/wp\/v2\/posts\/35101","targetHints":{"allow":["GET"]}}],"collection":[{"href":"https:\/\/staging.laprensanic.com\/magazine\/wp-json\/wp\/v2\/posts"}],"about":[{"href":"https:\/\/staging.laprensanic.com\/magazine\/wp-json\/wp\/v2\/types\/post"}],"author":[{"embeddable":true,"href":"https:\/\/staging.laprensanic.com\/magazine\/wp-json\/wp\/v2\/users\/46"}],"replies":[{"embeddable":true,"href":"https:\/\/staging.laprensanic.com\/magazine\/wp-json\/wp\/v2\/comments?post=35101"}],"version-history":[{"count":5,"href":"https:\/\/staging.laprensanic.com\/magazine\/wp-json\/wp\/v2\/posts\/35101\/revisions"}],"predecessor-version":[{"id":44900,"href":"https:\/\/staging.laprensanic.com\/magazine\/wp-json\/wp\/v2\/posts\/35101\/revisions\/44900"}],"wp:featuredmedia":[{"embeddable":true,"href":"https:\/\/staging.laprensanic.com\/magazine\/wp-json\/wp\/v2\/media\/35106"}],"wp:attachment":[{"href":"https:\/\/staging.laprensanic.com\/magazine\/wp-json\/wp\/v2\/media?parent=35101"}],"wp:term":[{"taxonomy":"category","embeddable":true,"href":"https:\/\/staging.laprensanic.com\/magazine\/wp-json\/wp\/v2\/categories?post=35101"},{"taxonomy":"post_tag","embeddable":true,"href":"https:\/\/staging.laprensanic.com\/magazine\/wp-json\/wp\/v2\/tags?post=35101"}],"curies":[{"name":"wp","href":"https:\/\/api.w.org\/{rel}","templated":true}]}}