{"id":35239,"date":"2017-06-12T09:14:07","date_gmt":"2017-06-12T15:14:07","guid":{"rendered":"https:\/\/www.magazine.com.ni\/?p=35239"},"modified":"2021-06-04T18:11:38","modified_gmt":"2021-06-05T00:11:38","slug":"los-nicas-fascistas","status":"publish","type":"post","link":"https:\/\/staging.laprensanic.com\/magazine\/reportajes\/los-nicas-fascistas\/","title":{"rendered":"Los nicas fascistas"},"content":{"rendered":"<p style=\"text-align: center;\">El fascismo italiano de Benito Mussolini tuvo sus fan\u00e1ticos en Nicaragua. Quer\u00edan un solo partido, acabar con las votaciones populares y el caudillo que escogieron para que gobernara con poder militar absoluto era Anastasio Somoza Garc\u00eda<\/p>\n<p style=\"text-align: center;\"><strong>Por Tammy Zoad Mendoza M.\u00a0<\/strong><\/p>\n<p>Un joven delgado y narigudo se par\u00f3 al frente de la multitud congregada ese d\u00eda, 20 de noviembre de 1934, en la Plaza Santo Domingo de la vieja Managua. M\u00e1s de dos mil personas, calcul\u00f3 LA PRENSA\u00a0en su cobertura de la actividad. Todos los oradores repet\u00edan la frase \u201cel general Anastasio Somoza Garc\u00eda\u201d en cada idea que expon\u00edan y el narigudo de turno no fue la excepci\u00f3n en los elogios al militar. Quien hablaba era el poeta Luis Alberto Cabrales y esa oratoria encendida serv\u00eda como una especie de eco en Nicaragua al fascismo que se expand\u00eda vigoroso desde Italia de la mano de Benito Mussolini.<\/p>\n<p>Los fascistas nicarag\u00fcenses encontraron en Somoza Garc\u00eda el Mussolini que buscaban. Por ello no es extra\u00f1o que aquel grupo de la vieja Plaza Santo Domingo se llamara \u201cGrupo Renovador Intelectual Somocista de Le\u00f3n y Chinandega\u201d, y estaban en ese mitin en apoyo a Somoza Garc\u00eda como l\u00edder y candidato a la Presidencia por el liberalismo.<\/p>\n<p>Tras el retiro de las tropas estadounidenses del pa\u00eds en enero de 1933, Anastasio Somoza Garc\u00eda fue nombrado jefe de la Guardia Nacional y bajo su cargo orden\u00f3 en febrero de 1934 el asesinato del general Augusto C. Sandino, un a\u00f1o despu\u00e9s de que su Ej\u00e9rcito Defensor de la Soberan\u00eda Nacional se considerara victorioso tras seis a\u00f1os de lucha antintervencionista. En un paso m\u00e1s de su carrera pol\u00edtica Somoza se instalaba como l\u00edder militar de mano dura.<\/p>\n<p>\u201cEs m\u00e1s f\u00e1cil la conquista del jefe, propuesto por nosotros, que la conquista de las masas propuesta por los pol\u00edticos democr\u00e1ticos\u201d, dec\u00eda el grupo Reaccionarios de Granada en un manifiesto p\u00fablico que hicieron circular, citado en el libro <em>Historia de la Guardia Nacional<\/em>, de Nicol\u00e1s L\u00f3pez Maltez. Estaban convencidos de haber encontrado la soluci\u00f3n para instaurar el orden en el pa\u00eds hist\u00f3ricamente dividido entre liberales y conservadores, desangrado por conflictos civiles y la reciente guerra contra la ocupaci\u00f3n estadounidense liderada por Sandino.<\/p>\n<p>\u201cApoyamos al Gral. Anastasio Somoza, entre otras razones, para que pueda perpetuarse en el poder\u201d, rezaba el documento publicado en febrero de 1935. \u201cHemos cre\u00eddo siempre que no le corresponde al pueblo la escogencia de su candidato, ya que deja al elegido continuamente sujeto al elector, sobre todo si la elecci\u00f3n es peri\u00f3dica como en el r\u00e9gimen que sufrimos. La \u00fanica candidatura de que hasta hoy se ha hablado de una manera digna de tomarse en cuenta es la del General Anastasio Somoza, jefe del ej\u00e9rcito\u201d. Firmaban la declaraci\u00f3n \u201cLos reaccionarios de Granada\u201d, entre los que se encontraban nombres tan connotados como Jos\u00e9 Coronel Urtecho, Pablo Antonio Cuadra Cardenal, Diego Manuel Chamorro, Octavio Rocha, Armando Castillo, Luis Downing y Joaqu\u00edn Zabala Urtecho.<\/p>\n<p>Eran nacionalistas, j\u00f3venes decepcionados con la pol\u00edtica tradicional e idealistas, dice el periodista Luis S\u00e1nchez Sancho. Estaban marcados por el contexto geopol\u00edtico, el fascismo italiano y el nacionalismo nazi, advierte Bayardo Cuadra, historiador. Pero para Nicol\u00e1s L\u00f3pez Maltez, periodista e historiador, fue tambi\u00e9n producto del \u201cesnobismo\u201d, las modas burguesas y una caracter\u00edstica propia de la pol\u00edtica nicarag\u00fcense: \u201cEl pol\u00edtico nicarag\u00fcense nunca es real ni verdadero. Ni es verdaderamente cat\u00f3lico, ni evang\u00e9lico, ni liberal, ni conservador. El mismo Somoza tuvo ideas comunistas, luego fascistas y al final fue el ahijado del capitalismo norteamericano\u201d.<\/p>\n<p>En este cap\u00edtulo de la historia el grupo intelectual de la \u00e9poca, j\u00f3venes, poetas y periodistas, se hab\u00eda declarado somocistas. A\u00f1os m\u00e1s tarde, uno a uno guardar\u00eda silencio, se avergonzar\u00eda o renegar\u00eda de aquellos a\u00f1os en los que vieron en Somoza al l\u00edder perpetuo de una naci\u00f3n en la que idealizaron un fascismo criollo.<\/p>\n<figure id=\"attachment_35320\" aria-describedby=\"caption-attachment-35320\" style=\"width: 415px\" class=\"wp-caption aligncenter\"><a href=\"https:\/\/gep90.laprensa.com.ni\/magazine\/wp-content\/uploads\/2017\/06\/270-MAG-FasCabrales.jpg\"><img fetchpriority=\"high\" decoding=\"async\" class=\"wp-image-35320 size-full\" src=\"https:\/\/gep90.laprensa.com.ni\/magazine\/wp-content\/uploads\/2017\/06\/270-MAG-FasCabrales.jpg\" alt=\"Luis Alberto Cabrales, poeta vanguardista, fue el l\u00edder de los Camisas Azules, grupos de choque somocista. Foto Reproducci\u00f3n del libro \u00d3pera Parva, IHNCA.\" width=\"415\" height=\"452\" srcset=\"https:\/\/d1xxa24wwackpg.cloudfront.net\/wp-content\/uploads\/2017\/06\/07145054\/270-MAG-FasCabrales.jpg 415w, https:\/\/d1xxa24wwackpg.cloudfront.net\/wp-content\/uploads\/2017\/06\/07145054\/270-MAG-FasCabrales.jpg 275w\" sizes=\"(max-width: 415px) 100vw, 415px\" \/><\/a><figcaption id=\"caption-attachment-35320\" class=\"wp-caption-text\">Luis Alberto Cabrales, poeta vanguardista, fue el l\u00edder de los Camisas Azules, grupos de choque somocista. Foto: Reproducci\u00f3n del libro <em>\u00d3pera Parva<\/em>, IHNCA.<\/figcaption><\/figure>\n<p style=\"text-align: center;\">***<\/p>\n<p>Era 1933 y el mundo estaba sumido en una ruina socioecon\u00f3mica producto de la Gran Depresi\u00f3n de la d\u00e9cada. Estados Unidos era un pa\u00eds desquebrajado por la crisis y Franklin Delano Roosevelt se estrenaba como su presidente.<\/p>\n<p>Su Administraci\u00f3n se propuso entonces dar nuevos aires a las relaciones internacionales con la llamada \u201cpol\u00edtica de la buena vecindad\u201d o \u201cpol\u00edtica del buen vecino\u201d. Todo era parte de los tratados en las Conferencias Panamericanas para evitar conflictos menores en la regi\u00f3n, como recogen los informes de la Secretar\u00eda de Relaciones Exteriores de M\u00e9xico sobre las Conferencias Internacionales Americanas.<\/p>\n<p>Dentro de las propuestas de Roosevelt estaba el retiro de las tropas estadounidenses que ocupaban pa\u00edses de la Cuenca Caribe como Rep\u00fablica Dominicana, M\u00e9xico, Panam\u00e1 y Nicaragua, donde el ej\u00e9rcito de Sandino los hab\u00eda combatido y logrado su retirada a inicios de ese a\u00f1o.<\/p>\n<p>Mientras tanto, al otro lado del mundo, Adolf Hitler se instalaba en el poder liderando el Partido Nacionalsocialista Obrero Alem\u00e1n que transformar\u00eda a Alemania en un estado fascista de r\u00e9gimen totalitario que servir\u00eda como ejemplo mundial de poder, orden y expansionismo europeo.<\/p>\n<p>Seg\u00fan Bayardo Cuadra, esa imagen de poder creciente, de orden militar, de solidez pol\u00edtica atrajo a los intelectuales de la \u00e9poca que buscaban un cambio radical en la pol\u00edtica tradicional. \u201cDurante toda la d\u00e9cada de los 30 Alemania aument\u00f3 su influencia en todos los aspectos: pol\u00edtico, econ\u00f3mico, social. Hab\u00eda gente aqu\u00ed que los admiraba y los respetaba, gente que pon\u00eda banderas alemanas en sus negocios y sacaba altavoces con canciones alemanas, el fascismo no se ve\u00eda mal entonces\u201d, recuerda.<\/p>\n<p>Fue Benito Mussolini quien despert\u00f3 esa revoluci\u00f3n de pensamiento y poder pol\u00edtico en 1921. Aquel italiano provinciano hijo de un herrero socialista y de una estricta maestra, bautizado Benito en honor al reformista y expresidente de M\u00e9xico, Benito Ju\u00e1rez, que huy\u00f3 del servicio militar obligatorio en Italia y a\u00f1os despu\u00e9s volvi\u00f3 para ser parte del cuerpo castrense y empezar desde ah\u00ed su propia revoluci\u00f3n, fue el padre del fascismo.<\/p>\n<p>Propon\u00eda un Estado de partido \u00fanico totalitario, militarizado, dirigido por un l\u00edder fuerte y autoritario que impusiera orden, estabilidad y unidad nacional. Poder pol\u00edtico y militar que contemplaba la violencia como una herramienta para conservar el control social y econ\u00f3mico.<\/p>\n<p>\u201cEra la ant\u00edtesis del comunismo y el anarquismo que en ese contexto segu\u00edan siendo demonios en la pol\u00edtica mundial. Nicaragua era conservadora a\u00fan en el c\u00edrculo liberal, todo se mov\u00eda por simpat\u00edas ideol\u00f3gicas y la fobia por el comunismo hizo que estos j\u00f3venes se inclinaran hacia el fascismo. El mismo Somoza simpatiz\u00f3 con Mussolini\u201d, apunta Cuadra.<\/p>\n<p>El 28 de marzo de 1921 el fascismo dar\u00eda muestra de la fuerza de su m\u00fasculo popular. Mussolini desfil\u00f3 en la capital italiana junto a un nutrido grupo de j\u00f3venes enfundados con camisas negras como muestra de luto en el funeral de las v\u00edctimas del atentado terrorista de un grupo anarquista. Desde ese d\u00eda los Camisas Negras se convirtieron en el ej\u00e9rcito oficial del Partido Nacional Fascista que fundar\u00eda ese mismo a\u00f1o.<\/p>\n<p>El negro luto de sus camisas se convirti\u00f3 pronto en sin\u00f3nimo de fuerzas de choque, violencia y actos vand\u00e1licos a trav\u00e9s de las llamadas \u201cescuadras de acci\u00f3n\u201d que realizaban levantamientos y ataques callejeros a los rivales pol\u00edticos. Luego se transformaron en demoledores ej\u00e9rcitos de hormigas negras que arrasaban lo que estorbara en el avance del fascismo italiano.<\/p>\n<p>Los Camisas Negras eran el estandarte del fascismo en las calles. Debutaron con su l\u00edder encabezando aquella marcha de luto que se interpret\u00f3 tambi\u00e9n como una advertencia contra los anarquistas y comunistas. Luego Mussolini los ve\u00eda desde lo alto de las tribunas donde lanzaba sus discursos fascistas. Desfilaban ante su m\u00e1ximo l\u00edder, a quien saludaban con el brazo derecho alzado, palma de la mano abierta, para luego regarse en las calles a imponer su nuevo orden a punta de palo y plomo.<\/p>\n<p>\u201cEso le encantaba a Somoza, todas las muestras de poder absoluto, que le rindieran pleites\u00eda, tener el control de la fuerza militar y que sus \u00f3rdenes fueran indiscutibles\u201d, expone el historiador Nicol\u00e1s L\u00f3pez Maltez. \u201cSomoza sinti\u00f3 gran admiraci\u00f3n por Mussolini y tuvieron cierto contacto, prueba de ello la an\u00e9cdota de la tanqueta que le obsequi\u00f3 Mussolini ya cuando Somoza era presidente. \u00c9l tom\u00f3 lo que quiso del fascismo, de ah\u00ed sac\u00f3 la idea de mandar a construir la Tribuna Monumental, porque \u00e9l quer\u00eda ser como Mussolini y Hitler, ver pasar a sus tropas y a las multitudes desfilando frente a \u00e9l\u201d, cuenta L\u00f3pez Maltez. La tanqueta que regal\u00f3 Mussolini estuvo abandonada durante a\u00f1os en un patio del mercado Roberto Huembes hasta que el Ej\u00e9rcito la removi\u00f3 para ponerla en exhibici\u00f3n en el parque Loma de Tiscapa.<\/p>\n<figure id=\"attachment_35321\" aria-describedby=\"caption-attachment-35321\" style=\"width: 900px\" class=\"wp-caption aligncenter\"><a href=\"https:\/\/gep90.laprensa.com.ni\/magazine\/wp-content\/uploads\/2017\/06\/270-MAG-FasSomTan.jpg\"><img decoding=\"async\" class=\"size-full wp-image-35321\" src=\"https:\/\/gep90.laprensa.com.ni\/magazine\/wp-content\/uploads\/2017\/06\/270-MAG-FasSomTan.jpg\" alt=\"Esta es la tanquetaque Benito Mussolini le enviara como regalo a Anastasio Somoza Garc\u00eda. Permaneci\u00f3 por a\u00f1os abandonada en un patio del mercado Roberto Huembes hasta que el Ej\u00e9rcito la traslad\u00f3 al parque Loma de Tiscapa. Foto Archivo La Prensa.\" width=\"900\" height=\"560\" srcset=\"https:\/\/d1xxa24wwackpg.cloudfront.net\/wp-content\/uploads\/2017\/06\/07145053\/270-MAG-FasSomTan.jpg 900w, https:\/\/d1xxa24wwackpg.cloudfront.net\/wp-content\/uploads\/2017\/06\/07145053\/270-MAG-FasSomTan.jpg 300w, https:\/\/d1xxa24wwackpg.cloudfront.net\/wp-content\/uploads\/2017\/06\/07145053\/270-MAG-FasSomTan.jpg 768w, https:\/\/d1xxa24wwackpg.cloudfront.net\/wp-content\/uploads\/2017\/06\/07145053\/270-MAG-FasSomTan.jpg 600w\" sizes=\"(max-width: 900px) 100vw, 900px\" \/><\/a><figcaption id=\"caption-attachment-35321\" class=\"wp-caption-text\">Esta es la tanqueta que Benito Mussolini le enviara como regalo a Anastasio Somoza Garc\u00eda. Permaneci\u00f3 durante a\u00f1os abandonada en un patio del mercado Roberto Huembes, hasta que el Ej\u00e9rcito la traslad\u00f3 al parque Loma de Tiscapa. Foto: Archivo LA PRENSA<\/figcaption><\/figure>\n<p style=\"text-align: center;\">***<\/p>\n<p>Entre el gent\u00edo que vitoreaba a Anastasio Somoza Garc\u00eda, reci\u00e9n proclamado candidato absoluto a la Presidencia por el partido liberal, hab\u00eda varios uniformados con camisas azules. Somoza agradeci\u00f3 y aprovech\u00f3 para aclarar que \u201cen el Gobierno, salvo pocas excepciones, hay enemigos de la Guardia Nacional y mi persona, yo considero a la Guardia Nacional como una necesidad para mantener la paz, y las armas en poder del ej\u00e9rcito no ser\u00e1n para imponer a nadie, sino para hacer respetar la voluntad del pueblo\u201d, cita el libro <em>Historia de la Guardia Nacional<\/em>, de Nicol\u00e1s L\u00f3pez Maltez. La gente estaba euf\u00f3rica ante el que ve\u00edan como futuro presidente vitalicio.<\/p>\n<p>Para el 25 de abril de 1936 el grupo de los Camisas Azules ya era bastante conocido porque desde hac\u00eda un par de a\u00f1os organizaban marchas y mitines en honor al general Somoza Garc\u00eda. Convocaban incluso a marchas contra jud\u00edos, a los que calificaban de usureros, de hacer tr\u00e1fico de influencia y por intentar negocios il\u00edcitos.<\/p>\n<p>El 27 de mayo una centena de Camisas Azules march\u00f3 por la capital entonando himnos marciales que hac\u00edan alusi\u00f3n al fascismo. La procesi\u00f3n lleg\u00f3 hasta la tipograf\u00eda El Nuevo Tiempo, donde se imprim\u00eda el diario <em>El Pueblo<\/em>, dirigido por el periodista Alfredo Garc\u00eda, liberal y enemigo pol\u00edtico de Somoza. Desde sus p\u00e1ginas le criticaba duramente en cada edici\u00f3n.<\/p>\n<p>Al mejor estilo de los Camisas Negras, se convirtieron en una marabunta furiosa que rompi\u00f3 puertas, quebr\u00f3 ventanas y se tomaron la tipograf\u00eda. Destruyeron la maquinaria, lanzaron cuanto pudieron a la calle y llenaron de alquitr\u00e1n los equipos hasta dejarlos inutilizables, detall\u00f3 <em>La Prensa<\/em> al d\u00eda siguiente. Cuando acabaron de destruir el lugar, formaron filas y volvieron por donde llegaron, cantando sus himnos a todo pulm\u00f3n. La Guardia Nacional lleg\u00f3 dos horas m\u00e1s tarde, revis\u00f3, interrog\u00f3 y se retir\u00f3. No hubo mayor investigaci\u00f3n, ni inculpados ni arrestos. Esos ataques se repitieron en tipograf\u00edas y peri\u00f3dicos en Managua y Granada, pero tambi\u00e9n en oficinas y eran las fuerzas de choque en todo evento que atentara contra su l\u00edder.<\/p>\n<p>Luis Alberto Cabrales es el nombre que se repite en las noticias, pronunciamientos y libros como el cabecilla de los Camisas Azules. Era \u00e9l quien convocaba, quien dirig\u00eda marchas, el que redactaba y firmaba manifiestos p\u00fablicos. De vez en cuando aparec\u00edan otros nombres como Jacinto Su\u00e1rez Cruz, Porfirio P\u00e9rez, Diego Manuel Sequeira, Constantino Lacayo Fiallos, Adolfo Fonseca y Edgar Prado.<\/p>\n<p>Noticias, libros e historiadores coinciden en que los Camisas Azules \u2014prenda que combinaban casi siempre con pantalones blancos y boinas negras\u2014 eran protegidos por la Guardia Nacional, bajo las \u00f3rdenes de Somoza, y que eventualmente recibieron alg\u00fan tipo de entrenamiento e incluso armamento para algunas misiones, como la que les encomendar\u00eda d\u00edas despu\u00e9s.<\/p>\n<p>El viernes 29 de mayo de 1936 Somoza abord\u00f3 un tren especial rumbo a Le\u00f3n, con soldados y oficiales de la Guardia Nacional, m\u00e1s un contingente de Camisas Azules para controlar amotinamientos de sus detractores que respaldaban al a\u00fan presidente Juan Bautista Sacasa. Paralelo a eso en otros departamentos se organizaron asonadas, amotinamientos y piquetes de violencia callejera de los Camisas Azules para imponer \u201cel orden\u201d.<\/p>\n<p>En Managua la Guardia ocup\u00f3 edificios p\u00fablicos, intervino tel\u00e9grafos, tel\u00e9fonos y todo medio de comunicaci\u00f3n, dejando aislada la capital, sobre todo la Casa Presidencial, desde donde el presidente Sacasa no ten\u00eda informaci\u00f3n de la rebeli\u00f3n que ocurr\u00eda afuera. Golpe de Estado.<\/p>\n<p>\u201cLos Camisas Azules eran los somocistas revoltosos, sal\u00edan a las calles, cerraban peri\u00f3dicos, hasta ametrallaron la Casa Presidencial con el presidente Juan Bautista Sacasa adentro, durante el golpe de Estado. Siempre operaron a la par de la Guardia\u201d, explica L\u00f3pez Maltez.<\/p>\n<p>Eran radicales y violentos pero, seg\u00fan Nicol\u00e1s L\u00f3pez Maltez, en su madurez fueron laureados como poetas, jurisconsultos, intelectuales, profesionales, comerciantes y m\u00e1s tarde se dividieron entre somocistas y antisomocistas, seg\u00fan la evoluci\u00f3n de su relaci\u00f3n con el poder.<\/p>\n<p>Su esp\u00edritu incendiario eventualmente se volvi\u00f3 un problema para Somoza, quien p\u00fablicamente condenaba los actos vand\u00e1licos como los ataques a peri\u00f3dicos e incluso hizo un llamado p\u00fablico a que se desintegraran porque \u00e9l hab\u00eda acabado su campa\u00f1a, pero estos se resistieron y respondieron con otro comunicado tambi\u00e9n en <em>La Prensa<\/em>.<\/p>\n<p>\u201cMe cabe declarar, en nombre del grupo, la compa\u00f1\u00eda a que \u00e9l atiende (Somoza), lejos de cerrarse apenas iniciaba, y que no concluir\u00e1 mientras no hayamos liquidado completamente todo el actual orden reinante en Nicaragua\u201d, dice la nota aclaratoria. \u201cEl movimiento de Camisas Azules es permanente y a \u00e9l hemos consagrado sus iniciadores nuestras vidas. Nuestro jefe supremo General Somoza est\u00e1 compenetrado de ello y lejos de aconsejar la disoluci\u00f3n del grupo, aconseja su engrandecimiento\u201d. La nota la firma Jacinto Su\u00e1rez Cruz, como secretario general de los Camisas Azules.<\/p>\n<p>La consolidaci\u00f3n del poder de Somoza, los desenga\u00f1os pol\u00edticos y el tiempo hicieron que se disolvieran solos tras el triunfo de su l\u00edder. Luis Alberto Cabrales ser\u00eda el \u00fanico que, seg\u00fan la biograf\u00eda disponible del poeta vanguardista, se mantuvo firme hasta su muerte con la bandera del fascismo y nunca reneg\u00f3 de su pasado incendiario. El mismo flaco narigudo que aquel noviembre del 34 proclamara l\u00edder al general Anastasio Somoza Garc\u00eda.<\/p>\n<figure id=\"attachment_35322\" aria-describedby=\"caption-attachment-35322\" style=\"width: 900px\" class=\"wp-caption aligncenter\"><a href=\"https:\/\/gep90.laprensa.com.ni\/magazine\/wp-content\/uploads\/2017\/06\/270-MAG-FasSomBand.jpg\"><img decoding=\"async\" class=\"wp-image-35322 size-full\" src=\"https:\/\/gep90.laprensa.com.ni\/magazine\/wp-content\/uploads\/2017\/06\/270-MAG-FasSomBand.jpg\" alt=\"Anastasio Somoza Garc\u00eda\" width=\"900\" height=\"509\" srcset=\"https:\/\/d1xxa24wwackpg.cloudfront.net\/wp-content\/uploads\/2017\/06\/07145052\/270-MAG-FasSomBand.jpg 900w, https:\/\/d1xxa24wwackpg.cloudfront.net\/wp-content\/uploads\/2017\/06\/07145052\/270-MAG-FasSomBand.jpg 300w, https:\/\/d1xxa24wwackpg.cloudfront.net\/wp-content\/uploads\/2017\/06\/07145052\/270-MAG-FasSomBand.jpg 768w, https:\/\/d1xxa24wwackpg.cloudfront.net\/wp-content\/uploads\/2017\/06\/07145052\/270-MAG-FasSomBand.jpg 600w\" sizes=\"(max-width: 900px) 100vw, 900px\" \/><\/a><figcaption id=\"caption-attachment-35322\" class=\"wp-caption-text\">En 1939 el presidente de Nicaragua, Anastasio Somoza Garc\u00eda, atendi\u00f3 la invitaci\u00f3n que le hiciera Franklin Delano Roosevelt, presidente de los Estados Unidos, para consolidar su relaci\u00f3n pol\u00edtica. Foto: Cortes\u00eda IHNCA<\/figcaption><\/figure>\n<p style=\"text-align: center;\">***<\/p>\n<p>El 1 de agosto de 1938. San Carlos. \u201cNo siendo liberal sino conservador de ideas, pero enemigo del partidarismo e independiente de sus disciplinas, soy partidario de que el General Somoza se perpet\u00fae en el poder y bendigo la oportunidad de una constituyente que podr\u00eda prestarse, si somos razonables y valientes, para dejar establecida esa perpetuidad de la jefatura nacional que deseaba Bol\u00edvar\u201d, reza parte de la carta que Jos\u00e9 Coronel Urtecho le envi\u00f3 hasta M\u00e9xico al general Emiliano Chamorro, quien desde la capital mexicana criticaba y alertaba sobre las intenciones de reformar la Constituci\u00f3n para garantizar la reelecci\u00f3n de Somoza, quien hab\u00eda asumido oficialmente la Presidencia en enero de 1937.<\/p>\n<p>Urtecho cuestiona a Chamorro por oponerse y se sostiene en el \u201cprincipio Bolivariano de la Jefatura Nacional vitalicia\u201d, y se dice respaldado por un grupo de j\u00f3venes intelectuales que forman la extrema derecha del pa\u00eds, el grupo del nacionalismo integral llamado Reaccionario, \u201cmentalmente muy vigoroso pero esencialmente minoritario\u201d, anota.<\/p>\n<p>Y en la misiva da su propia versi\u00f3n del golpe de Estado perpetrado por Somoza. \u201cLos Sacasa cayeron por un movimiento pac\u00edfico del pa\u00eds que no supieron dominar ni con fuerzas ni con habilidad. Una fortaleza del Ej\u00e9rcito se declar\u00f3 rebelde. El jefe del Ej\u00e9rcito la someti\u00f3 sin derramamiento de sangre. Sacasa abdic\u00f3 a pesar de que el general Somoza manifest\u00f3 el deseo de verlo terminar su per\u00edodo. No hubo golpe de Estado. Todo march\u00f3 en las l\u00edneas de la ley. Pero la Paz qued\u00f3 afianzada en el pa\u00eds. Por eso usted, que no quiere la paz, abandon\u00f3 su patria para buscar apoyo b\u00e9lico en el extranjero\u201d, acusa a Chamorro.<\/p>\n<p>Jos\u00e9 Coronel Urtecho se mantuvo en las filas del somocismo, fue nombrado diputado del partido liberal, cargo que tambi\u00e9n ocup\u00f3 Pablo Antonio Cuadra por el Partido Conservador. Urtecho fue parte del cuerpo diplom\u00e1tico y posteriormente ministro de Educaci\u00f3n, pero en 1959 abandon\u00f3 la pol\u00edtica y se dedic\u00f3 a la reflexi\u00f3n y la escritura. M\u00e1s tarde se interesar\u00eda por el movimiento del Frente Sandinista de Liberaci\u00f3n Nacional, a quien apoyar\u00eda con ideas y al que respaldar\u00eda tras el triunfo de la revoluci\u00f3n.<\/p>\n<p>Pero mientras ocurr\u00edan estos desencantos y divorcios entre los intelectuales y el somocismo, en Nicaragua se instauraba la dictadura, con el respaldo total de los Estados Unidos y la fidelidad jurada por Somoza, a quien le sucedi\u00f3 en la Presidencia su hijo Luis en 1956 y Anastasio, Tachito, dirigiendo la Guardia Nacional.<\/p>\n<p>Fue tal el padrinazgo norteamericano con Anastasio Somoza Garc\u00eda que para congraciarse con ellos el 11 de diciembre de 1941 este peque\u00f1o pa\u00eds en el ombligo de Am\u00e9rica le declar\u00f3 la guerra a la Alemania nazi de Adolf Hitler. Tambi\u00e9n le declar\u00f3 la guerra a Jap\u00f3n antes que Estados Unidos, luego del ataque a Pearl Harbor. Una broma popular dice que al enterarse, Hitler busc\u00f3 en el mapa mundi d\u00f3nde estaba Nicaragua y que en ese mismo instante una mosca se pos\u00f3 sobre el peque\u00f1o trapezoide y el F\u00fchrer no nos vio. Una mosca nos salv\u00f3 del bombardeo de una de las potencias del Eje.<\/p>\n<p>Los que s\u00ed padecieron la declaratoria fueron los alemanes que resid\u00edan en el pa\u00eds. Somoza desat\u00f3 una cacer\u00eda de brujas contra alemanes, italianos y japoneses. Decret\u00f3 Ley Marcial, suspendi\u00f3 sus derechos civiles, confisc\u00f3 y se apropi\u00f3 de casas, empresas, terrenos de alemanes en Nicaragua, la mayor\u00eda grandes haciendas de caf\u00e9, que pasaron a formar parte de su gran fortuna.<\/p>\n<p>L\u00f3pez Maltez se refiere a Somoza como todo un fen\u00f3meno pol\u00edtico. Menciona que introdujo toques de comunismo a Nicaragua cuando trajo a intelectuales comunistas derrotados de la Guerra Civil Espa\u00f1ola y los puso de profesores en la Escuela Normal, \u201cdonde estudiaron los que eran de izquierda\u201d, puntualiza, agregando que instaur\u00f3 el C\u00f3digo del Trabajo y abri\u00f3 la Casa del Obrero.<\/p>\n<p>\u201cSomoza ten\u00eda arranques de fascista, pero era moda pol\u00edtica, m\u00e1s que todo por conveniencia. \u00c9l quer\u00eda poder, verse rodeado de tropas, ser el l\u00edder absoluto y lo fue, porque \u00e9l quer\u00eda y lo quisieron\u201d, apunta L\u00f3pez Maltez.<\/p>\n<figure id=\"attachment_35324\" aria-describedby=\"caption-attachment-35324\" style=\"width: 900px\" class=\"wp-caption aligncenter\"><a href=\"https:\/\/gep90.laprensa.com.ni\/magazine\/wp-content\/uploads\/2017\/06\/270-MAG-FasSomTri.jpg\"><img loading=\"lazy\" decoding=\"async\" class=\"size-full wp-image-35324\" src=\"https:\/\/gep90.laprensa.com.ni\/magazine\/wp-content\/uploads\/2017\/06\/270-MAG-FasSomTri.jpg\" alt=\"\u201cLa Tribuna Monumental es una muestra de c\u00f3mo Somoza se identificaba con el fascismo, al igual que Mussolini, \u00e9l quer\u00eda ver desfilar a sus tropas y al pueblo entero frente a \u00e9l\u201d, dice Nicol\u00e1s L\u00f3pez Maltez. Foto Archivo La Prensa.\" width=\"900\" height=\"590\" srcset=\"https:\/\/d1xxa24wwackpg.cloudfront.net\/wp-content\/uploads\/2017\/06\/07145050\/270-MAG-FasSomTri.jpg 900w, https:\/\/d1xxa24wwackpg.cloudfront.net\/wp-content\/uploads\/2017\/06\/07145050\/270-MAG-FasSomTri.jpg 300w, https:\/\/d1xxa24wwackpg.cloudfront.net\/wp-content\/uploads\/2017\/06\/07145050\/270-MAG-FasSomTri.jpg 768w, https:\/\/d1xxa24wwackpg.cloudfront.net\/wp-content\/uploads\/2017\/06\/07145050\/270-MAG-FasSomTri.jpg 600w\" sizes=\"(max-width: 900px) 100vw, 900px\" \/><\/a><figcaption id=\"caption-attachment-35324\" class=\"wp-caption-text\">\u201cLa Tribuna Monumental es una muestra de c\u00f3mo Somoza se identificaba con el fascismo. Al igual que Mussolini, \u00e9l quer\u00eda ver desfilar a sus tropas y al pueblo entero frente a \u00e9l\u201d, dice Nicol\u00e1s L\u00f3pez Maltez. Foto: Archivo LA PRENSA<\/figcaption><\/figure>\n<p style=\"text-align: center;\">***<\/p>\n<p>\u201cQueremos un dictador para lograr luego un hijo dictador y luego otro hijo dictador\u201d, escribir\u00eda Pablo Antonio Cuadra en una carta que envi\u00f3 a un l\u00edder mon\u00e1rquico espa\u00f1ol con el que ten\u00eda cercan\u00eda, seg\u00fan el periodista Luis S\u00e1nchez Sancho. \u201cCre\u00edan que Nicaragua necesitaba si no un rey por lo menos un hombre fuerte, un dictador para avanzar hacia su mejor destino. De manera que cuando el general Somoza Garc\u00eda se perfil\u00f3 como un caudillo y dictador, despu\u00e9s que mand\u00f3 a matar a Sandino, lo asumieron como l\u00edder\u201d, explica el periodista.<\/p>\n<p>\u201cFue una de las tentaciones de nuestra generaci\u00f3n\u201d, reconoci\u00f3 Pablo Antonio Cuadra en 1999, durante una entrevista incluida en el libro <em>Secretos de Confesi\u00f3n<\/em>, de Fabi\u00e1n Medina.<\/p>\n<p>\u201cNosotros realmente no \u00e9ramos fascistas. El \u00fanico que era fascista realmente era Luis Alberto Cabrales, que fund\u00f3 los Camisas Azules. Quiso fundarla conmigo tambi\u00e9n, pero yo nunca fui \u2018camisa azul\u2019, ni Coronel tampoco. (&#8230;) Ven\u00edamos pensando en un gobierno donde el gobernante estuviera rodeado de sus asesores. \u00bfC\u00f3mo elegir esos asesores? Una de las tareas que le lleg\u00f3 a nuestro tiempo era renovar el mundo. Bastante pretencioso, \u00bfno? Pero en eso ca\u00edmos todos\u201d, expuso Pablo Antonio en la entrevista.<\/p>\n<p>Condenaron la intervenci\u00f3n militar de los Estados Unidos e inicialmente respaldaron la lucha de Sandino, pero \u00e9l era parte de la pol\u00edtica tradicional a la que culpaban de las desgracias nacionales, eran admiradores de la monarqu\u00eda espa\u00f1ola y el fascismo italiano, adem\u00e1s que sent\u00edan la fascinaci\u00f3n por el poder alem\u00e1n. En un mundo dividido entre el comunismo y el fascismo, creyeron que su \u00edmpetu juvenil, la utop\u00eda de cambiar el mundo y las simpat\u00edas moment\u00e1neas con Somoza eran signo real de que podr\u00edan influir en el hombre de poder que gobernar\u00eda el pa\u00eds y lo heredar\u00eda a sus hijos.<\/p>\n<p>\u201cVimos que Somoza acog\u00eda nuestras ideas. Coronel dijo: \u2018Es m\u00e1s f\u00e1cil conquistar a un hombre que conquistar a todo un pueblo\u2019, y conquistando a Somoza, podemos hacer que nuestras ideas se impongan. Pero un mes despu\u00e9s que hab\u00edamos ca\u00eddo, que nos hab\u00edamos resbalado en esa tentaci\u00f3n, Somoza me ech\u00f3 preso por pegar papeletas sandinistas. Y con eso me vacun\u00f3\u201d, confes\u00f3 al periodista Fabi\u00e1n Medina.<\/p>\n<p>El argumento no convence del todo al periodista e historiador Nicol\u00e1s L\u00f3pez Maltez, quien considera que m\u00e1s que convicci\u00f3n aquellos j\u00f3venes siguieron las corrientes de pensamiento de la \u00e9poca: \u201cEsnobismo, moda, porque ellos eran intelectuales de la \u00e9lite y tras vanguardia po\u00e9tica quisieron meterse tambi\u00e9n en pol\u00edtica. En la pol\u00edtica nica las cosas son por conveniencia, apoyaron a Somoza y \u00e9l los premi\u00f3, se dan cuenta que no pueden controlarlo, se cambian de bando\u201d, sentencia.<\/p>\n<p>Pablo Antonio Cuadra expuso sus razones y reconoci\u00f3 sus contradicciones pol\u00edticas p\u00fablicamente. \u201cEs de esas cosas que hacemos los muchachos y que no te das cuenta. Claro que inmediatamente empezamos a rectificar, por lo menos yo, con casi todos los dem\u00e1s vanguardistas empezamos a reaccionar contra Somoza. El \u00fanico que qued\u00f3 con \u00e9l fue Jos\u00e9 Coronel Urtecho, a quien nombr\u00f3 ministro de Educaci\u00f3n. Somoza era tan sinverg\u00fcenza que a m\u00ed me dijo: \u2018Si yo tambi\u00e9n soy sandinista\u2019\u201d, cont\u00f3 en la entrevista de 1999.<\/p>\n<p>Bayardo Cuadra conoci\u00f3 a Jos\u00e9 Coronel Urtecho ya en sus a\u00f1os de retiro de la pol\u00edtica. \u201cCuando le preguntaban de sus a\u00f1os de fascista y somocista, \u00e9l se callaba, agachaba la cabeza, se sent\u00eda avergonzado. Quienes fueron sus cercanos dicen que sufr\u00eda por eso\u201d, comenta Cuadra y se\u00f1ala que ese plegamiento de la intelectualidad ante un l\u00edder se repite en los 80, \u201cintelectuales que siguen a caudillos, supongo que en alg\u00fan momento les debe dar un poco de verg\u00fcenza\u201d.<\/p>\n<figure id=\"attachment_35323\" aria-describedby=\"caption-attachment-35323\" style=\"width: 900px\" class=\"wp-caption aligncenter\"><a href=\"https:\/\/gep90.laprensa.com.ni\/magazine\/wp-content\/uploads\/2017\/06\/270-MAG-FasCamisas.jpg\"><img loading=\"lazy\" decoding=\"async\" class=\"size-full wp-image-35323\" src=\"https:\/\/gep90.laprensa.com.ni\/magazine\/wp-content\/uploads\/2017\/06\/270-MAG-FasCamisas.jpg\" alt=\"Los Camisas Negras italianos, que desfilaron por primera vez en 1921, sirvieron de inspiraci\u00f3n para otras agrupaciones fascistas que surgieron en todo el mundo a partir de los a\u00f1os 30. Operaban como fuerzas de choque que promov\u00edan el fascismo.\" width=\"900\" height=\"520\" srcset=\"https:\/\/d1xxa24wwackpg.cloudfront.net\/wp-content\/uploads\/2017\/06\/07145051\/270-MAG-FasCamisas.jpg 900w, https:\/\/d1xxa24wwackpg.cloudfront.net\/wp-content\/uploads\/2017\/06\/07145051\/270-MAG-FasCamisas.jpg 300w, https:\/\/d1xxa24wwackpg.cloudfront.net\/wp-content\/uploads\/2017\/06\/07145051\/270-MAG-FasCamisas.jpg 768w, https:\/\/d1xxa24wwackpg.cloudfront.net\/wp-content\/uploads\/2017\/06\/07145051\/270-MAG-FasCamisas.jpg 600w\" sizes=\"(max-width: 900px) 100vw, 900px\" \/><\/a><figcaption id=\"caption-attachment-35323\" class=\"wp-caption-text\">Los Camisas Negras italianos, que desfilaron por primera vez en 1921, sirvieron de inspiraci\u00f3n para otras agrupaciones fascistas que surgieron en todo el mundo a partir de los a\u00f1os 30. Operaban como fuerzas de choque que promov\u00edan el fascismo.<\/figcaption><\/figure>\n<p style=\"text-align: center;\"><strong>Negras, pardas, azules<\/strong><\/p>\n<ul>\n<li>Los Camisas Negras italianos desfilaron por primera vez el 28 de marzo de 1921 encabezados por Benito Mussolini, vistiendo de negro luto en el funeral de las v\u00edctimas de un atentado anarquista en un teatro de la capital. Las camisas negras fueron el distintivo de los grupos de choque del fascismo y, junto a la boina y las botas negras altas, pasaron a ser el uniforme oficial de la Milicia Voluntaria para la Seguridad Nacional (MVSN) que acompa\u00f1\u00f3 a Mussolini hasta su disoluci\u00f3n en 1943.<\/li>\n<li>Se cree que la distinci\u00f3n de su vestimenta pudo estar inspirada en los Camisas Rojas, un movimiento civil voluntario que acompa\u00f1\u00f3 al l\u00edder italiano Giusepe Garibaldi en su cruzada por la Unificaci\u00f3n de Italia a finales de la d\u00e9cada de 1850. No ten\u00edan para uniformes y eligieron el color como distintivo.<\/li>\n<li>Los Camisas Pardas eran los miembros de la Sturmabteilung o \u201cSA\u201d, una organizaci\u00f3n tipo milicia del partido nacionalsocialista alem\u00e1n, conocidos tambi\u00e9n como \u201cSecci\u00f3n de Asalto\u201d. Su uniforme de camisas pardas los distingu\u00eda de las \u201cSS\u201d o SchutzStaffel, las escuadrillas de defensa nazi, con las que se fusionaron en 1934.<\/li>\n<li>Los primeros Camisas Azules fueron los militantes del partido Falange Espa\u00f1ola fundado en 1933 por Jos\u00e9 Antonio Primo de Rivera, hijo del dictador Miguel Primo de Rivera. Pero el color se convirti\u00f3 posteriormente en el distintivo de otros grupos pol\u00edticos de \u00edndole fascista en Reino Unido, Irlanda o Portugal. Los Camisas Azules somocistas fueron la versi\u00f3n tropical de los Camisas Negras de Mussolini.<\/li>\n<li>El Movimiento de Integralismo Brasile\u00f1o naci\u00f3 en 1932, tambi\u00e9n por inspiraci\u00f3n fascista, y ellos eligieron el verde como distintivo de su organizaci\u00f3n paramilitar. La Acci\u00f3n Revolucionaria Mexicanista fue el nombre oficial de los Camisas Doradas, el grupo fascista y antisemita mexicano que oper\u00f3 desde 1933 hasta 1945, al t\u00e9rmino de la Segunda Guerra Mundial.<\/li>\n<li>Hasta Estados Unidos tuvo su propia versi\u00f3n de grupos fascistas: La Legi\u00f3n de Plata o los Camisas Plateadas. Fueron fundados en 1933 por William Dudley Pelley y en las camisas llevaban una L escarlata. Hay registro de que fueron hasta 15 mil miembros, pero luego del ataque de Pearl Harbor el grupo colaps\u00f3.<\/li>\n<\/ul>\n<p style=\"text-align: center;\"><strong>Nazis en Nicaragua<\/strong><\/p>\n<p>S\u00ed. En Nicaragua, hubo simpatizantes del Partido Nacionalsocialista Obrero Alem\u00e1n y sus miembros realizaron propaganda nazi-fascista en la d\u00e9cada de los 30.<br \/>\nHace ocho a\u00f1os <em>Magazine<\/em> tuvo acceso a parte del Archivo Pol\u00edtico del Ministerio de Exterior de Alemania y los archivos federales de Berl\u00edn y Coblenza, donde se devela parte de la historia de los nazis en Nicaragua.<br \/>\nEntre los documentos se encontraban los registros de alemanes residentes en el pa\u00eds que se afiliaron de manera oficial al Partido Nacionalsocialista Obrero Alem\u00e1n. Emma Veit, alemana radicada en Le\u00f3n, simpatiz\u00f3 desde junio de 1930 con los nacional-socialistas, su n\u00famero de afiliaci\u00f3n era el 250743. Su esposo Fritz ingres\u00f3 un a\u00f1o despu\u00e9s con el n\u00famero 550325. Son en registro los primeros nazis en el pa\u00eds.<br \/>\nHugo Danker, c\u00f3nsul del Tercer Reich, el ingeniero Rolf Bunge y el secretario de la delegaci\u00f3n alemana Harry Eckner est\u00e1n inscritos en el NSDAP en 1933.<br \/>\nEddy K\u00fchl, historiador matagalpino de ascendencia alemana, cont\u00f3 que a partir de 1934 funcionaba tambi\u00e9n la Escuela Alemana en Managua, dirigida por maestros enviados por el gobierno nazi como Hans Kunze y la se\u00f1orita Fricke, se\u00f1alados por los medios locales de difundir propaganda nazi entre sus alumnos. Hubo incluso un programa de radio para Latinoam\u00e9rica patrocinado por Berl\u00edn que se sintonizaba en el pa\u00eds.<br \/>\n\u201cAl declarar la guerra a Alemania el gobierno de Somoza confisc\u00f3 el Club Alem\u00e1n y la Escuela Alemana, que abri\u00f3 hasta 1961, a\u00f1o en que el gobierno federal alem\u00e1n envi\u00f3 al profesor Henning Graf\u201d, dijo K\u00fchl.<br \/>\nEn enero de 1935 el diario <em>La Noticia<\/em> titula \u201cLa simpat\u00eda germano-nicarag\u00fcense\u201d y detalla la recepci\u00f3n de m\u00e1s de 600 personas, encabezadas por el presidente Juan Bautista Sacasa, para recibir al enviado especial alem\u00e1n.<br \/>\nCuando Hugo Danker fue nombrado c\u00f3nsul, hubo una recepci\u00f3n especial en el Club Alem\u00e1n, con 250 alemanes. En sus reportes a Berl\u00edn \u00e9l enumer\u00f3 que hab\u00eda 28 firmas alemanas en el pa\u00eds, distribuidas en Managua, Estel\u00ed, Granada, Le\u00f3n y Jinotega. Las relaciones comerciales bilaterales entre Nicaragua y Alemania pasaron del diez por ciento en 1932 al 31 por ciento en 1937.<br \/>\nSeg\u00fan un reporte del FBI, para 1942 en Nicaragua hab\u00eda 212 alemanes e italianos. Correspondencia consular mencionaba que Nicaragua era \u201csitio de apoyo\u201d al Tercer Reich y que hab\u00eda unos 25 miembros afiliados al partido, aunque mencionaban que la simpat\u00eda iba en aumento.<br \/>\nEn las listas de miembros del partido, en poder de la armada de Estados Unidos, nombraban como l\u00edderes de la organizaci\u00f3n a los comerciantes Carl Beyer, Fritz Veit, Rolf Bunge, Harry Eckner y el mismo Danckers.<br \/>\nEn una carta del primer secretario de la delegaci\u00f3n de EE. UU., John Muccio, citada por el historiador Andrew Crawler, Anastasio Somoza Garc\u00eda habr\u00eda puesto una foto de Hitler en su despacho cuando los nazis invadieron Francia, pero la cambi\u00f3 por la del presidente Franklin Delano Roosevelt al iniciar su resistencia en Par\u00eds.<\/p>\n<p style=\"text-align: right;\">*Los nazis y Nicaragua, reportaje, Magazine Edici\u00f3n 131.<\/p>\n","protected":false},"excerpt":{"rendered":"<p>El fascismo italiano de Benito Mussolini tuvo sus fan\u00e1ticos en Nicaragua. Quer\u00edan un solo partido, acabar con las votaciones populares y el caudillo que escogieron para que gobernara con poder militar absoluto era Anastasio Somoza Garc\u00eda<\/p>\n","protected":false},"author":5,"featured_media":35394,"comment_status":"open","ping_status":"open","sticky":false,"template":"","format":"standard","meta":{"_acf_changed":false,"footnotes":""},"categories":[26],"tags":[1555,497],"class_list":["post-35239","post","type-post","status-publish","format-standard","has-post-thumbnail","hentry","category-reportajes","tag-anastasio-somoza-garcia","tag-historia"],"acf":[],"_links":{"self":[{"href":"https:\/\/staging.laprensanic.com\/magazine\/wp-json\/wp\/v2\/posts\/35239","targetHints":{"allow":["GET"]}}],"collection":[{"href":"https:\/\/staging.laprensanic.com\/magazine\/wp-json\/wp\/v2\/posts"}],"about":[{"href":"https:\/\/staging.laprensanic.com\/magazine\/wp-json\/wp\/v2\/types\/post"}],"author":[{"embeddable":true,"href":"https:\/\/staging.laprensanic.com\/magazine\/wp-json\/wp\/v2\/users\/5"}],"replies":[{"embeddable":true,"href":"https:\/\/staging.laprensanic.com\/magazine\/wp-json\/wp\/v2\/comments?post=35239"}],"version-history":[{"count":14,"href":"https:\/\/staging.laprensanic.com\/magazine\/wp-json\/wp\/v2\/posts\/35239\/revisions"}],"predecessor-version":[{"id":54274,"href":"https:\/\/staging.laprensanic.com\/magazine\/wp-json\/wp\/v2\/posts\/35239\/revisions\/54274"}],"wp:featuredmedia":[{"embeddable":true,"href":"https:\/\/staging.laprensanic.com\/magazine\/wp-json\/wp\/v2\/media\/35394"}],"wp:attachment":[{"href":"https:\/\/staging.laprensanic.com\/magazine\/wp-json\/wp\/v2\/media?parent=35239"}],"wp:term":[{"taxonomy":"category","embeddable":true,"href":"https:\/\/staging.laprensanic.com\/magazine\/wp-json\/wp\/v2\/categories?post=35239"},{"taxonomy":"post_tag","embeddable":true,"href":"https:\/\/staging.laprensanic.com\/magazine\/wp-json\/wp\/v2\/tags?post=35239"}],"curies":[{"name":"wp","href":"https:\/\/api.w.org\/{rel}","templated":true}]}}