{"id":35288,"date":"2017-06-12T09:19:49","date_gmt":"2017-06-12T15:19:49","guid":{"rendered":"https:\/\/www.magazine.com.ni\/?p=35288"},"modified":"2018-09-14T10:24:51","modified_gmt":"2018-09-14T16:24:51","slug":"las-cuevas-del-arte","status":"publish","type":"post","link":"https:\/\/staging.laprensanic.com\/magazine\/reportajes\/las-cuevas-del-arte\/","title":{"rendered":"En fotos: las cuevas del arte"},"content":{"rendered":"<p style=\"text-align: center;\">Desde el m\u00e1s ca\u00f3tico orden hasta una brillante pulcritud. Esta es una mirada a las \u201ccuevas\u201d de artistas y escritores nicarag\u00fcenses. Esos laboratorios donde surgen las obras que luego entregan al mundo.<\/p>\n<p style=\"text-align: center;\"><strong>Por Amalia del Cid<\/strong><\/p>\n<p><a href=\"https:\/\/www.laprensa.com.ni\/magazine\/wp-content\/uploads\/2017\/06\/270-MAG-GLORIA-6.jpg\"><img fetchpriority=\"high\" decoding=\"async\" class=\"aligncenter wp-image-35290 size-full\" src=\"https:\/\/www.laprensa.com.ni\/magazine\/wp-content\/uploads\/2017\/06\/270-MAG-GLORIA-6.jpg\" alt=\"\" width=\"900\" height=\"600\" srcset=\"https:\/\/d1xxa24wwackpg.cloudfront.net\/wp-content\/uploads\/2017\/06\/07145116\/270-MAG-GLORIA-6.jpg 900w, https:\/\/d1xxa24wwackpg.cloudfront.net\/wp-content\/uploads\/2017\/06\/07145116\/270-MAG-GLORIA-6.jpg 300w, https:\/\/d1xxa24wwackpg.cloudfront.net\/wp-content\/uploads\/2017\/06\/07145116\/270-MAG-GLORIA-6.jpg 768w, https:\/\/d1xxa24wwackpg.cloudfront.net\/wp-content\/uploads\/2017\/06\/07145116\/270-MAG-GLORIA-6.jpg 600w\" sizes=\"(max-width: 900px) 100vw, 900px\" \/><\/a><\/p>\n<p>Esta es la segunda casa de la bailarina de danza contempor\u00e1nea Gloria Bacon. O, mejor dicho, es la primera, porque aqu\u00ed es donde pasa la mayor parte de su tiempo. Se trata de su Escuela Espacio Abierto, donde se forman nuevos bailarines. Aqu\u00ed entrena, crea y ense\u00f1a, cuando no est\u00e1 dando clases en la UAM o trabajando en el Instituto de Cultura. \u201cLa danza es pasi\u00f3n\u201d, dice la blufile\u00f1a. \u201cY es b\u00fasqueda y es vida\u201d. <em>(Foto: Oscar Navarrete)\u00a0<\/em><\/p>\n<p>&nbsp;<\/p>\n<p><a href=\"https:\/\/www.laprensa.com.ni\/magazine\/wp-content\/uploads\/2017\/06\/270-MAG-GLORIA-8.jpg\"><img decoding=\"async\" class=\"aligncenter wp-image-35291 size-full\" src=\"https:\/\/www.laprensa.com.ni\/magazine\/wp-content\/uploads\/2017\/06\/270-MAG-GLORIA-8.jpg\" alt=\"\" width=\"900\" height=\"600\" srcset=\"https:\/\/d1xxa24wwackpg.cloudfront.net\/wp-content\/uploads\/2017\/06\/07145115\/270-MAG-GLORIA-8.jpg 900w, https:\/\/d1xxa24wwackpg.cloudfront.net\/wp-content\/uploads\/2017\/06\/07145115\/270-MAG-GLORIA-8.jpg 300w, https:\/\/d1xxa24wwackpg.cloudfront.net\/wp-content\/uploads\/2017\/06\/07145115\/270-MAG-GLORIA-8.jpg 768w, https:\/\/d1xxa24wwackpg.cloudfront.net\/wp-content\/uploads\/2017\/06\/07145115\/270-MAG-GLORIA-8.jpg 600w\" sizes=\"(max-width: 900px) 100vw, 900px\" \/><\/a><\/p>\n<p>Como todo estudio de danza, este est\u00e1 lleno de espejos. \u201cSon necesarios\u201d, explica Gloria Bacon.\u00a0\u201cLos estudiantes se corrigen y como core\u00f3grafo ten\u00e9s algo que te va diciendo si vas bien o vas mal. Es un instrumento de apoyo para tu trabajo. Como el pintor tiene la brocha, nosotros tenemos el espejo\u201d. <em>(Foto: Oscar Navarrete)<\/em><\/p>\n<p><strong>Lea: <a href=\"https:\/\/www.laprensa.com.ni\/magazine\/reportaje\/culto-al-cuerpo\/\">Culto al cuerpo en Nicaragua\u00a0<\/a><\/strong><\/p>\n<p>&nbsp;<\/p>\n<p><a href=\"https:\/\/www.laprensa.com.ni\/magazine\/wp-content\/uploads\/2017\/06\/270-MAG-EFR\u00c9N-3.jpg\"><img decoding=\"async\" class=\"aligncenter wp-image-35289 size-full\" src=\"https:\/\/www.laprensa.com.ni\/magazine\/wp-content\/uploads\/2017\/06\/270-MAG-EFR\u00c9N-3.jpg\" alt=\"\" width=\"900\" height=\"600\" srcset=\"https:\/\/d1xxa24wwackpg.cloudfront.net\/wp-content\/uploads\/2017\/06\/07145117\/270-MAG-EFR%C3%89N-3.jpg 900w, https:\/\/d1xxa24wwackpg.cloudfront.net\/wp-content\/uploads\/2017\/06\/07145117\/270-MAG-EFR%C3%89N-3.jpg 300w, https:\/\/d1xxa24wwackpg.cloudfront.net\/wp-content\/uploads\/2017\/06\/07145117\/270-MAG-EFR%C3%89N-3.jpg 768w, https:\/\/d1xxa24wwackpg.cloudfront.net\/wp-content\/uploads\/2017\/06\/07145117\/270-MAG-EFR%C3%89N-3.jpg 600w\" sizes=\"(max-width: 900px) 100vw, 900px\" \/><\/a><\/p>\n<p>Hace muchos, muchos a\u00f1os, cuando Efr\u00e9n Medina se iniciaba como pintor, andaba sus cuadros bajo el brazo, busc\u00e1ndoles venta. \u00bfCu\u00e1nto val\u00edan en ese tiempo? \u201c100 pesos\u201d, r\u00ede. Ahora le llegan a ofrecer sus viejas obras en miles de d\u00f3lares. En el estudio de Medina imperan la luz y los colores vivos. Le gustan la alegr\u00eda y la belleza, y usa sartenes como paletas, porque para \u00e9l pintar es como cocinar. \u201cHay que encontrar el punto\u201d, comenta el pintor. Prefiere trabajar por la ma\u00f1ana, siempre con m\u00fasica cl\u00e1sica y una taza de caf\u00e9.<em> (Foto: Oscar Navarrete)<\/em><\/p>\n<p>&nbsp;<\/p>\n<p><a href=\"https:\/\/www.laprensa.com.ni\/magazine\/wp-content\/uploads\/2017\/06\/270-MAG-MAR\u00cdN-20.jpg\"><img loading=\"lazy\" decoding=\"async\" class=\"aligncenter wp-image-35295 size-full\" src=\"https:\/\/www.laprensa.com.ni\/magazine\/wp-content\/uploads\/2017\/06\/270-MAG-MAR\u00cdN-20.jpg\" alt=\"\" width=\"900\" height=\"620\" srcset=\"https:\/\/d1xxa24wwackpg.cloudfront.net\/wp-content\/uploads\/2017\/06\/07145110\/270-MAG-MAR%C3%8DN-20.jpg 900w, https:\/\/d1xxa24wwackpg.cloudfront.net\/wp-content\/uploads\/2017\/06\/07145110\/270-MAG-MAR%C3%8DN-20.jpg 300w, https:\/\/d1xxa24wwackpg.cloudfront.net\/wp-content\/uploads\/2017\/06\/07145110\/270-MAG-MAR%C3%8DN-20.jpg 768w, https:\/\/d1xxa24wwackpg.cloudfront.net\/wp-content\/uploads\/2017\/06\/07145110\/270-MAG-MAR%C3%8DN-20.jpg 600w\" sizes=\"(max-width: 900px) 100vw, 900px\" \/><\/a><\/p>\n<p>Ra\u00fal Mar\u00edn, considerado un genio de la pintura\u00a0nicarag\u00fcense, es un ermita\u00f1o. \u201cLa gente te hace perder el tiempo\u201d, explica. Solo sale de su taller cuando es estrictamente necesario y a la calle un par de veces a la semana. Casi siempre para comprar pintura. Un concienzudo caos impera en su cuarto de trabajo, donde suele escuchar m\u00fasica alegre, electr\u00f3nica, que sintoniza en la radio. Toma los pinceles, la esp\u00e1tula, los \u00f3leos directamente del piso. Y su paleta es un largo retazo de tela, que de tanto recibir pintura se ha puesto tieso. <em>(Foto: Oscar Navarrete)\u00a0<\/em><\/p>\n<p>&nbsp;<\/p>\n<p><a href=\"https:\/\/www.laprensa.com.ni\/magazine\/wp-content\/uploads\/2017\/06\/270-MAG-MAR\u00cdN-6.jpg\"><img loading=\"lazy\" decoding=\"async\" class=\"aligncenter wp-image-35294 size-full\" src=\"https:\/\/www.laprensa.com.ni\/magazine\/wp-content\/uploads\/2017\/06\/270-MAG-MAR\u00cdN-6.jpg\" alt=\"\" width=\"900\" height=\"600\" srcset=\"https:\/\/d1xxa24wwackpg.cloudfront.net\/wp-content\/uploads\/2017\/06\/07145112\/270-MAG-MAR%C3%8DN-6.jpg 900w, https:\/\/d1xxa24wwackpg.cloudfront.net\/wp-content\/uploads\/2017\/06\/07145112\/270-MAG-MAR%C3%8DN-6.jpg 300w, https:\/\/d1xxa24wwackpg.cloudfront.net\/wp-content\/uploads\/2017\/06\/07145112\/270-MAG-MAR%C3%8DN-6.jpg 768w, https:\/\/d1xxa24wwackpg.cloudfront.net\/wp-content\/uploads\/2017\/06\/07145112\/270-MAG-MAR%C3%8DN-6.jpg 600w\" sizes=\"(max-width: 900px) 100vw, 900px\" \/><\/a><\/p>\n<p>El pintor Ra\u00fal Mar\u00edn tiene, desde hace muchos a\u00f1os , un problema con las drogas. No niega que consume crack. La \u201cpiedra\u201d le sirve para mantenerse despierto, afirma. Pinta a toda hora, porque no puede estar sin crear y porque de sus obras vive toda su familia. Hay quienes pretenden comprar un Mar\u00edn en 100 d\u00f3lares y tambi\u00e9n personas que llegan a su casa para robarse los cuadros, lamenta el artista. \u201cDespu\u00e9s veo colgados cuadros que yo no he vendido\u201d, dice. <em>(Foto: Oscar Navarrete)<\/em><\/p>\n<p><strong>Lea tambi\u00e9n: <a href=\"https:\/\/www.laprensa.com.ni\/magazine\/perfil\/el-maestro-morales\/\">El maestro Armando Morales<\/a><\/strong><\/p>\n<p>&nbsp;<\/p>\n<p><a href=\"https:\/\/www.laprensa.com.ni\/magazine\/wp-content\/uploads\/2017\/06\/270-MAG-TIJERINO-3.jpg\"><img loading=\"lazy\" decoding=\"async\" class=\"aligncenter wp-image-35301 size-full\" src=\"https:\/\/www.laprensa.com.ni\/magazine\/wp-content\/uploads\/2017\/06\/270-MAG-TIJERINO-3.jpg\" alt=\"\" width=\"900\" height=\"600\" srcset=\"https:\/\/d1xxa24wwackpg.cloudfront.net\/wp-content\/uploads\/2017\/06\/07145104\/270-MAG-TIJERINO-3.jpg 900w, https:\/\/d1xxa24wwackpg.cloudfront.net\/wp-content\/uploads\/2017\/06\/07145104\/270-MAG-TIJERINO-3.jpg 300w, https:\/\/d1xxa24wwackpg.cloudfront.net\/wp-content\/uploads\/2017\/06\/07145104\/270-MAG-TIJERINO-3.jpg 768w, https:\/\/d1xxa24wwackpg.cloudfront.net\/wp-content\/uploads\/2017\/06\/07145104\/270-MAG-TIJERINO-3.jpg 600w\" sizes=\"(max-width: 900px) 100vw, 900px\" \/><\/a><\/p>\n<p>En la oficina-cueva del cronista deportivo Edgard Tijerino se imprimen diariamente unas 500 p\u00e1ginas con informaci\u00f3n de medios nacionales y extranjeros, porque Tijerino todo lo tiene que leer en papel, nada en digital, ni siquiera los \u201ctweets\u201d. Este es el lugar donde el periodista pasa m\u00e1s tiempo. En un d\u00eda normal est\u00e1 aqu\u00ed desde las 5:00 de la ma\u00f1ana y se la pasa entrando y saliendo conforme se lo exigen sus obligaciones. Aqu\u00ed planifica sus programas de radio, escribe sus libros y sus cr\u00f3nicas y mira las novelas brasile\u00f1as que tanto le gustan. Es un tremendo acumulador. Tiene archivados diarios, revistas y apuntes de los a\u00f1os sesenta a la fecha, y sabe d\u00f3nde encontrarlos. Tambi\u00e9n acumula libros (siempre anda leyendo tres a la vez) de los m\u00e1s diversos autores y discos con sus pel\u00edculas y series de televisi\u00f3n favoritas. <em>(Foto: Oscar Navarrete)<\/em><\/p>\n<p><strong>Podr\u00eda interesarle: <a href=\"http:\/\/tijerino\">La vida de vago de Edgard Tijerino<\/a><\/strong><\/p>\n<p>&nbsp;<\/p>\n<p><a href=\"https:\/\/www.laprensa.com.ni\/magazine\/wp-content\/uploads\/2017\/06\/270-MAG-LACALLE-2.jpg\"><img loading=\"lazy\" decoding=\"async\" class=\"aligncenter wp-image-35293 size-full\" src=\"https:\/\/www.laprensa.com.ni\/magazine\/wp-content\/uploads\/2017\/06\/270-MAG-LACALLE-2.jpg\" alt=\"\" width=\"900\" height=\"600\" srcset=\"https:\/\/d1xxa24wwackpg.cloudfront.net\/wp-content\/uploads\/2017\/06\/07145113\/270-MAG-LACALLE-2.jpg 900w, https:\/\/d1xxa24wwackpg.cloudfront.net\/wp-content\/uploads\/2017\/06\/07145113\/270-MAG-LACALLE-2.jpg 300w, https:\/\/d1xxa24wwackpg.cloudfront.net\/wp-content\/uploads\/2017\/06\/07145113\/270-MAG-LACALLE-2.jpg 768w, https:\/\/d1xxa24wwackpg.cloudfront.net\/wp-content\/uploads\/2017\/06\/07145113\/270-MAG-LACALLE-2.jpg 600w\" sizes=\"(max-width: 900px) 100vw, 900px\" \/><\/a><\/p>\n<p>En esta bodega ensaya La Calle, que en mayo fue premiada como \u201cgrupo musical del a\u00f1o en el g\u00e9nero de la m\u00fasica revival\u201d. Un amigo mexicano les presta a estos m\u00fasicos el espacio donde se re\u00fanen, una vez a la semana y por la noche, para practicar antes de cada \u201ctoque\u201d. En la banda hay dos abogados, un ingeniero en sistemas, un dise\u00f1ador gr\u00e1fico y un contador. Son sus \u201calteregos\u201d, personajes que interpretan durante el d\u00eda. La Calle existe desde hace 17 a\u00f1os y ha celebrado sus \u00faltimos dos aniversarios en la sala mayor del Teatro Rub\u00e9n Dar\u00edo.<em> (Foto: Lissa Villagra)<\/em><\/p>\n<p>&nbsp;<\/p>\n<p><a href=\"https:\/\/www.laprensa.com.ni\/magazine\/wp-content\/uploads\/2017\/06\/270-MAG-LACALLE-1.jpg\"><img loading=\"lazy\" decoding=\"async\" class=\"aligncenter wp-image-35292 size-full\" src=\"https:\/\/www.laprensa.com.ni\/magazine\/wp-content\/uploads\/2017\/06\/270-MAG-LACALLE-1.jpg\" alt=\"\" width=\"900\" height=\"600\" srcset=\"https:\/\/d1xxa24wwackpg.cloudfront.net\/wp-content\/uploads\/2017\/06\/07145114\/270-MAG-LACALLE-1.jpg 900w, https:\/\/d1xxa24wwackpg.cloudfront.net\/wp-content\/uploads\/2017\/06\/07145114\/270-MAG-LACALLE-1.jpg 300w, https:\/\/d1xxa24wwackpg.cloudfront.net\/wp-content\/uploads\/2017\/06\/07145114\/270-MAG-LACALLE-1.jpg 768w, https:\/\/d1xxa24wwackpg.cloudfront.net\/wp-content\/uploads\/2017\/06\/07145114\/270-MAG-LACALLE-1.jpg 600w\" sizes=\"(max-width: 900px) 100vw, 900px\" \/><\/a><\/p>\n<p>La bodega se les ha inundado dos veces. La \u00faltima vez fue la peor, contaron \u201c102 baldes de agua\u201d y perdieron el aire acondicionado, por lo que ahora el cuarto es poco menos que un horno. Adem\u00e1s, la \u201crefri\u201d qued\u00f3 en \u201ccuidados intensivos\u201d. La Calle comenz\u00f3 \u201ccon un mont\u00f3n de vagos que se juntaron para tocar\u201d. \u201cHay cosas que nunca cambian\u201d, bromean. <em>(Foto: Lissa Villagra)<\/em><\/p>\n<p>&nbsp;<\/p>\n<p><a href=\"https:\/\/www.laprensa.com.ni\/magazine\/wp-content\/uploads\/2017\/06\/270-MAG-PINTOR.jpg\"><img loading=\"lazy\" decoding=\"async\" class=\"aligncenter wp-image-35297 size-full\" src=\"https:\/\/www.laprensa.com.ni\/magazine\/wp-content\/uploads\/2017\/06\/270-MAG-PINTOR.jpg\" alt=\"\" width=\"900\" height=\"600\" srcset=\"https:\/\/d1xxa24wwackpg.cloudfront.net\/wp-content\/uploads\/2017\/06\/07145108\/270-MAG-PINTOR.jpg 900w, https:\/\/d1xxa24wwackpg.cloudfront.net\/wp-content\/uploads\/2017\/06\/07145108\/270-MAG-PINTOR.jpg 300w, https:\/\/d1xxa24wwackpg.cloudfront.net\/wp-content\/uploads\/2017\/06\/07145108\/270-MAG-PINTOR.jpg 768w, https:\/\/d1xxa24wwackpg.cloudfront.net\/wp-content\/uploads\/2017\/06\/07145108\/270-MAG-PINTOR.jpg 600w\" sizes=\"(max-width: 900px) 100vw, 900px\" \/><\/a><\/p>\n<p>El color lo inunda todo en el estudio de Jean Marc Calvet, quien reside desde el 2001 en la ciudad de Granada. Le gusta verse a s\u00ed mismo como un \u201cembajador del arte\u201d y que lo presenten como \u201cun pintor nicarag\u00fcense de origen franc\u00e9s\u201d. Antes de tener \u00e9xito en la pintura fue \u201cni\u00f1o de la calle, recluta del ej\u00e9rcito franc\u00e9s, paracaidista, francotirador y guardaespaldas en alto riesgo\u201d, lo retrata el periodista Arnulfo Ag\u00fcero. La vida dram\u00e1tica de este artista se cuenta en el documental Calvet, del cineasta brit\u00e1nico Dominic Allan. <em>(Foto: Uriel Molina)<\/em><\/p>\n<p><strong>Lea: <a href=\"https:\/\/www.laprensa.com.ni\/magazine\/perfil\/al-estilo-bendana\/\">Al estilo Erick Benda\u00f1a<\/a><\/strong><\/p>\n<p><a href=\"https:\/\/www.laprensa.com.ni\/magazine\/wp-content\/uploads\/2017\/06\/270-MAG-PIPO-1.jpg\"><img loading=\"lazy\" decoding=\"async\" class=\"aligncenter wp-image-35298 size-full\" src=\"https:\/\/www.laprensa.com.ni\/magazine\/wp-content\/uploads\/2017\/06\/270-MAG-PIPO-1.jpg\" alt=\"\" width=\"900\" height=\"600\" srcset=\"https:\/\/d1xxa24wwackpg.cloudfront.net\/wp-content\/uploads\/2017\/06\/07145107\/270-MAG-PIPO-1.jpg 900w, https:\/\/d1xxa24wwackpg.cloudfront.net\/wp-content\/uploads\/2017\/06\/07145107\/270-MAG-PIPO-1.jpg 300w, https:\/\/d1xxa24wwackpg.cloudfront.net\/wp-content\/uploads\/2017\/06\/07145107\/270-MAG-PIPO-1.jpg 768w, https:\/\/d1xxa24wwackpg.cloudfront.net\/wp-content\/uploads\/2017\/06\/07145107\/270-MAG-PIPO-1.jpg 600w\" sizes=\"(max-width: 900px) 100vw, 900px\" \/><\/a><\/p>\n<p>Pocas personas reconocen a Roberto Barberena sin sus trajes de \u201cPipo\u201d. Ha sido payaso durante casi treinta a\u00f1os. Empez\u00f3 como titiritero y se volvi\u00f3 payaso por accidente, cuando en un cumplea\u00f1os le pidieron que ocupara el lugar del payaso contratado (que no lleg\u00f3). Ahora, este es el colorido armario de \u201cPipo\u201d. Hay plumas, telas, pintura, t\u00edteres, lentejuelas y zapatos. El payaso m\u00e1s famoso de Nicaragua siempre combina los trajes con el calzado. Se prueba varios pares antes de elegir uno. Barberena se maquilla solito y le toma una media hora convertirse en \u201cPipo\u201d. <em>(Foto: Manuel Esquivel)<\/em><\/p>\n<p><strong>Adem\u00e1s:<a href=\"https:\/\/www.laprensa.com.ni\/magazine\/reportaje\/la-mujer-del-payaso\/\"> Gloria Gonz\u00e1lez, la mujer que dej\u00f3 su cuna de oro para seguir a un payaso<\/a><\/strong><\/p>\n<p>&nbsp;<\/p>\n<p><a href=\"https:\/\/www.laprensa.com.ni\/magazine\/wp-content\/uploads\/2017\/06\/270-MAG-SERGIO-2.jpg\"><img loading=\"lazy\" decoding=\"async\" class=\"aligncenter wp-image-35300 size-full\" src=\"https:\/\/www.laprensa.com.ni\/magazine\/wp-content\/uploads\/2017\/06\/270-MAG-SERGIO-2.jpg\" alt=\"\" width=\"900\" height=\"600\" srcset=\"https:\/\/d1xxa24wwackpg.cloudfront.net\/wp-content\/uploads\/2017\/06\/07145105\/270-MAG-SERGIO-2.jpg 900w, https:\/\/d1xxa24wwackpg.cloudfront.net\/wp-content\/uploads\/2017\/06\/07145105\/270-MAG-SERGIO-2.jpg 300w, https:\/\/d1xxa24wwackpg.cloudfront.net\/wp-content\/uploads\/2017\/06\/07145105\/270-MAG-SERGIO-2.jpg 768w, https:\/\/d1xxa24wwackpg.cloudfront.net\/wp-content\/uploads\/2017\/06\/07145105\/270-MAG-SERGIO-2.jpg 600w\" sizes=\"(max-width: 900px) 100vw, 900px\" \/><\/a><\/p>\n<p>Esta es la \u201cc\u00e1psula espacial\u201d del escritor Sergio Ram\u00edrez Mercado. En esta oficina (palabra demasiado mundana para referirse a la \u201cc\u00e1psula espacial\u201d) se a\u00edsla de 8:00 de la ma\u00f1ana a 1:00 de la tarde para dar vida a sus personajes, forma a las historias que atrapa en los peri\u00f3dicos, los caf\u00e9s y en su propia memoria. Como buen hombre de rutinas, luego almuerza, descansa un rato y vuelve a la c\u00e1psula, pero ahora para contestar correos y leer los peri\u00f3dicos del mundo. Este es su peque\u00f1o mundo privado, en el que no suele recibir muchas visitas no concertadas, porque no le gustan. <em>(Foto: Oscar Navarrete)<\/em><\/p>\n<p><strong>Lea tambi\u00e9n: <a href=\"https:\/\/www.laprensa.com.ni\/magazine\/reportaje\/no-he-sido-testigo-he-sido-protagonista\/\">Sergio Ram\u00edrez Mercado: \u00abNo he sido testigo, he sido protagonista\u00bb<\/a><\/strong><\/p>\n","protected":false},"excerpt":{"rendered":"<p>Desde el m\u00e1s ca\u00f3tico orden hasta una brillante pulcritud. Esta es una mirada a las \u201ccuevas\u201d de artistas y escritores nicarag\u00fcenses. <\/p>\n","protected":false},"author":7,"featured_media":35296,"comment_status":"open","ping_status":"open","sticky":false,"template":"","format":"standard","meta":{"_acf_changed":false,"footnotes":""},"categories":[26],"tags":[81],"class_list":["post-35288","post","type-post","status-publish","format-standard","has-post-thumbnail","hentry","category-reportajes","tag-nicaragua"],"acf":[],"_links":{"self":[{"href":"https:\/\/staging.laprensanic.com\/magazine\/wp-json\/wp\/v2\/posts\/35288","targetHints":{"allow":["GET"]}}],"collection":[{"href":"https:\/\/staging.laprensanic.com\/magazine\/wp-json\/wp\/v2\/posts"}],"about":[{"href":"https:\/\/staging.laprensanic.com\/magazine\/wp-json\/wp\/v2\/types\/post"}],"author":[{"embeddable":true,"href":"https:\/\/staging.laprensanic.com\/magazine\/wp-json\/wp\/v2\/users\/7"}],"replies":[{"embeddable":true,"href":"https:\/\/staging.laprensanic.com\/magazine\/wp-json\/wp\/v2\/comments?post=35288"}],"version-history":[{"count":12,"href":"https:\/\/staging.laprensanic.com\/magazine\/wp-json\/wp\/v2\/posts\/35288\/revisions"}],"predecessor-version":[{"id":43613,"href":"https:\/\/staging.laprensanic.com\/magazine\/wp-json\/wp\/v2\/posts\/35288\/revisions\/43613"}],"wp:featuredmedia":[{"embeddable":true,"href":"https:\/\/staging.laprensanic.com\/magazine\/wp-json\/wp\/v2\/media\/35296"}],"wp:attachment":[{"href":"https:\/\/staging.laprensanic.com\/magazine\/wp-json\/wp\/v2\/media?parent=35288"}],"wp:term":[{"taxonomy":"category","embeddable":true,"href":"https:\/\/staging.laprensanic.com\/magazine\/wp-json\/wp\/v2\/categories?post=35288"},{"taxonomy":"post_tag","embeddable":true,"href":"https:\/\/staging.laprensanic.com\/magazine\/wp-json\/wp\/v2\/tags?post=35288"}],"curies":[{"name":"wp","href":"https:\/\/api.w.org\/{rel}","templated":true}]}}