{"id":35389,"date":"2014-04-13T14:50:25","date_gmt":"2014-04-13T20:50:25","guid":{"rendered":"https:\/\/www.magazine.com.ni\/?p=35389"},"modified":"2020-08-28T17:38:20","modified_gmt":"2020-08-28T23:38:20","slug":"erase-una-vez-el-fascismo-2","status":"publish","type":"post","link":"https:\/\/staging.laprensanic.com\/magazine\/reportajes\/erase-una-vez-el-fascismo-2\/","title":{"rendered":"\u00c9rase una vez el fascismo"},"content":{"rendered":"<p style=\"text-align: center;\">\u00bfDe qu\u00e9 hablamos cuando decimos \u201cfascismo\u201d? El poderoso y despiadado sistema que dirigi\u00f3 Benito Mussolini a principios del siglo pasado parece estar siendo retomado por gobiernos autoritarios de la actualidad. Este es un ABC de su origen y esencia<\/p>\n<p style=\"text-align: center;\"><strong>Por Arlen Cerda<\/strong><\/p>\n<p>\u201c\u00a1A Roma! \u00a1A Roma!\u201d, respondi\u00f3 a gritos la multitud entusiasmada. Se dice que eran unos 40 mil hombres y al frente de ellos estaba un diputado italiano de 39 a\u00f1os, algo calvo y un poco panz\u00f3n. \u201cOs digo con toda solemnidad: o se nos entrega el Gobierno o lo tomaremos, \u00a1marchando sobre Roma!\u201d, les hab\u00eda dicho antes de la ovaci\u00f3n. Benito Mussolini inici\u00f3 as\u00ed una acci\u00f3n que en menos de tres d\u00edas lo llev\u00f3 directamente al poder, a finales de octubre de 1922, y que le permiti\u00f3 sentar las bases de una nueva era: la fascista.<\/p>\n<p>Desde N\u00e1poles, donde se realiz\u00f3 aquella asamblea a 227 kil\u00f3metros de Roma, y de otras ciudades del pa\u00eds, a bordo de trenes, camiones, autom\u00f3viles o simplemente a pie, la multitud se dirigi\u00f3 a la capital italiana armada de pistolas, palos, mazos y otras herramientas, amenazando con desatar una guerra civil si se atrev\u00edan a impedirles el paso y no hab\u00eda raz\u00f3n para dudarlo.<\/p>\n<p>Desde hace a\u00f1o y medio, miembros de aquella multitud, a quienes llamaban \u201ccamisas negras\u201d, se hab\u00edan dado a conocer por atacar f\u00edsica y verbalmente a sus adversarios pol\u00edticos, principalmente comunistas, a trav\u00e9s de \u201cescuadras de acci\u00f3n\u201d que protagonizaban violentas provocaciones en las calles. De hecho, un mes antes de la marcha a Roma, el grupo hab\u00eda obtenido el control de seis ciudades italianas tras pleitos callejeros, apedreamientos e incendios que se considera marcaron el inicio de aquella \u201crevoluci\u00f3n fascista\u201d.<\/p>\n<p>The New York Times, en una cr\u00f3nica publicada por ABC en noviembre de 2012, con motivo del 90 aniversario de la marcha, narr\u00f3 con detalle la llegada a Roma de Mussolini: \u201cViaj\u00f3 hasta Civitavecchia en un tren especial, puesto a su disposici\u00f3n por el Gobierno. Pero durante el trayecto fue obligado a descender de \u00e9l, ya que los ra\u00edles hab\u00edan sido arrancados por el Ej\u00e9rcito para impedir el avance de los fascistas hacia Roma. Sin embargo, se encontr\u00f3 con uno de los veh\u00edculos privados del rey, que le traslad\u00f3 a Roma. Pero su avance fue muy lento, porque todos los caminos estaban llenos de miles de fascistas marchando hacia la ciudad, quienes insist\u00edan en detener el coche cada pocos minutos para aclamarle\u201d.<\/p>\n<p>Mussolini lleg\u00f3 a Roma el 30 de octubre y ese mismo d\u00eda el rey V\u00edctor Manuel III le encarg\u00f3 que integrara un nuevo gobierno.<\/p>\n<p>\u201cHe rechazado la posibilidad de vencer totalmente y pod\u00eda hacerlo. Me autoimpuse l\u00edmites. Me dije que la mejor sabidur\u00eda es la que no se abandona despu\u00e9s de la victoria. Con 300 mil j\u00f3venes armados totalmente, decididos a todo y casi m\u00edsticamente listos a ejecutar cualquier orden que yo les diera, pod\u00eda haber castigado a todos los que han difamado e intentado enfangar al fascismo. Pod\u00eda hacer de esta aula sorda y gris un campamento de soldados: pod\u00eda destruir con hierros el Parlamento y constituir un gobierno exclusivamente de fascistas. Pod\u00eda, pero no he querido, al menos en este primer momento\u201d, dijo Mussolini ante la C\u00e1mara, a quince d\u00edas de su nombramiento como presidente del Consejo de Ministros. Dos meses despu\u00e9s, los camisas negras fueron institucionalizados con la creaci\u00f3n de la \u201cMilicia Voluntaria para la Seguridad Nacional\u201d. La era fascista hab\u00eda iniciado.<\/p>\n<p style=\"text-align: center;\">***<\/p>\n<p>Ellos se conocieron en Venecia. Adolfo Hitler (1889-1945) admiraba a Mussolini desde que el italiano organiz\u00f3 la marcha sobre Roma que lo llev\u00f3 al poder. Era junio de 1934. Hitler ten\u00eda entonces a\u00f1o y medio como canciller, mientras Mussolini hace m\u00e1s de una d\u00e9cada hab\u00eda dejado de ser un n\u00famero tres del Partido Socialista Italiano para promover y establecer dentro de Italia un r\u00e9gimen nacionalista y militar, que luchaba a su vez contra el liberalismo y el comunismo y con el cual hab\u00eda logrado influir al caudillo alem\u00e1n, que impulsaba en casa su propio proyecto nacionalsocialista.<\/p>\n<p>\u201cEs una persona muy emocional. Cuando me vio hubo l\u00e1grimas en sus ojos\u201d, cont\u00f3 m\u00e1s tarde a su amante el caudillo italiano sobre el canciller alem\u00e1n, seg\u00fan anot\u00f3 Clara Petacci en sus diarios recientemente desclasificados, que revelan detalles \u00edntimos sobre el italiano.<\/p>\n<p>\u201cIl Duce\u201d le llamaban a Mussolini. \u201cMein Fuhrer\u201d a su hom\u00f3logo alem\u00e1n. Ambos abrazaron en sus inicios al socialismo y eran oradores talentosos y l\u00edderes carism\u00e1ticos que seg\u00fan los polit\u00f3logos e historiadores supieron capitalizar el descontento de sus compatriotas por las p\u00e9rdidas en la Primera Guerra Mundial, apoyados por movimientos que se val\u00edan de la violencia y la intimidaci\u00f3n y beneficiados por una exitosa propaganda y adoctrinamiento de masas.<\/p>\n<p>El inicio de esa estrecha relaci\u00f3n \u2014que algunos no consideran amistad debido a los supuestos reiterados desprecios de Mussolini hacia Hitler, a pesar de la fiel admiraci\u00f3n del alem\u00e1n\u2014 marc\u00f3 el inicio de la expansi\u00f3n del fascismo y le dio al r\u00e9gimen otro caudillo protagonista.<\/p>\n<p>Hitler, sin embargo, no era un novato pol\u00edtico. Hac\u00eda m\u00e1s de una d\u00e9cada \u00e9l tambi\u00e9n hab\u00eda iniciado su ascenso al poder mediante la exaltaci\u00f3n de la unificaci\u00f3n de todos los pueblos de origen germano, el anticomunismo y el antisemitismo, un componente de superioridad racial que caracteriz\u00f3 su nacionalsocialismo y aliment\u00f3 al fascismo, elev\u00e1ndolo a sus \u00faltimas consecuencias. En total, un saldo de 17 millones de personas muertas, que seg\u00fan el acad\u00e9mico Rodrigo de Le\u00f3n Borge, decano de la Facultad de Ciencias Jur\u00eddicas y Humanidades del American College, es una de las razones principales por las cuales el fascismo est\u00e1 tan satanizado.<\/p>\n<p>Un cuarto intento de asesinato le dio a Benito Mussolini (1883-1945) el pretexto que necesitaba para profundizar su proyecto. Las circunstancias del atentado a\u00fan no est\u00e1n muy claras y existe un libro de Brunella Dalla Casa, titulado <em>Ataque contra el l\u00edder: las muchas historias del caso Zamboni<\/em> (2000), que asegura podr\u00eda tratarse de un montaje.<\/p>\n<p>La versi\u00f3n oficial es que el 31 de octubre de 1926, durante un desfile por un aniversario m\u00e1s de la marcha sobre Roma, realizado en la ciudad de Bolonia, \u201cIl Duce\u201d iba en un autom\u00f3vil descapotable y una bala le pas\u00f3 un cent\u00edmetro por encima de uno de sus zapatos. De inmediato, un grupo de camisas negras se ech\u00f3 sobre el \u201canarquista\u201d: un joven de 15 a\u00f1os de edad, a quien dejaron tendido a un lado de la calle con 14 pu\u00f1aladas, un balazo y huellas de estrangulamiento.<\/p>\n<p>Seg\u00fan el historiador estadounidense Charles F. Delzell y el italiano Fabio Fernando Rizi, el gobierno fascista se vali\u00f3 del atentado para suprimir las libertades pol\u00edticas y civiles de los italianos.<\/p>\n<p>Todos los partidos de oposici\u00f3n fueron disueltos y se anul\u00f3 el mandato parlamentario de 120 diputados. Adem\u00e1s, se prohibieron las publicaciones antifascistas, se cre\u00f3 la \u201cOrganizaci\u00f3n para la vigilancia y la represi\u00f3n del Antifascismo\u201d, como una polic\u00eda secreta y se estableci\u00f3 la pena de muerte contra quienes cometieran atentados contra \u201cel rey, la reina, el pr\u00edncipe heredero y el presidente del Consejo de Ministros\u201d, que desde 1922 hasta 1943 no fue otro que Benito Mussolini.<\/p>\n<p>Las manifestaciones de descontento se deben cortar de ra\u00edz, le habr\u00eda aconsejado su hermano menor Arnaldo, tambi\u00e9n confidente y consejero pol\u00edtico de su confianza, quien muri\u00f3 inesperadamente producto de un infarto, en 1931, justo durante el apogeo del r\u00e9gimen fascista.<\/p>\n<figure id=\"attachment_35399\" aria-describedby=\"caption-attachment-35399\" style=\"width: 700px\" class=\"wp-caption aligncenter\"><a href=\"https:\/\/gep90.laprensa.com.ni\/magazine\/wp-content\/uploads\/2017\/06\/Lmarcha-de-los-camisas-negras-hac\u00eda-Roma.jpg\"><img fetchpriority=\"high\" decoding=\"async\" class=\"wp-image-35399 size-full\" src=\"https:\/\/gep90.laprensa.com.ni\/magazine\/wp-content\/uploads\/2017\/06\/Lmarcha-de-los-camisas-negras-hac\u00eda-Roma.jpg\" alt=\"\" width=\"700\" height=\"578\" srcset=\"https:\/\/d1xxa24wwackpg.cloudfront.net\/wp-content\/uploads\/2017\/06\/07145017\/Lmarcha-de-los-camisas-negras-hac%C3%ADa-Roma.jpg 700w, https:\/\/d1xxa24wwackpg.cloudfront.net\/wp-content\/uploads\/2017\/06\/07145017\/Lmarcha-de-los-camisas-negras-hac%C3%ADa-Roma.jpg 300w, https:\/\/d1xxa24wwackpg.cloudfront.net\/wp-content\/uploads\/2017\/06\/07145017\/Lmarcha-de-los-camisas-negras-hac%C3%ADa-Roma.jpg 600w\" sizes=\"(max-width: 700px) 100vw, 700px\" \/><\/a><figcaption id=\"caption-attachment-35399\" class=\"wp-caption-text\">La amenaza de una huelga general de parte de la izquierda italiana aceler\u00f3 la lucha de Benito Mussolini por el poder, obtenida gracias a una multitudinaria marcha de los camisas negras hacia Roma.<\/figcaption><\/figure>\n<p style=\"text-align: center;\">***<\/p>\n<p>Pero al \u201cDuce\u201d lo amaban. Eso dec\u00eda su propaganda, mientras por todas las ciudades y pueblos de Italia fueron proliferando durante los a\u00f1os de su r\u00e9gimen sus im\u00e1genes y estatuas y en ocasi\u00f3n de la firma de los Pactos de Letr\u00e1n \u2014que represent\u00f3 varios beneficios para el Vaticano, incluyendo su reconocimiento como un Estado independiente a Roma, en 1929\u2014 el propio papa P\u00edo XI lleg\u00f3 a referirse a Mussolini como \u201cun enviado de la Divina Providencia\u201d.<\/p>\n<p>Para las mujeres, Mussolini tambi\u00e9n parec\u00eda especial. \u201cUn dios al que hay que adorar, un soberano; un hombre ideal\u201d, asegura la escritora francesa Diane Ducret, autora de <em>Las mujeres de los dictadores<\/em>, que lleva dos ediciones desde el 2011.<\/p>\n<p>Seg\u00fan Ducret, \u201ccondesas, campesinas, monjas o putas le escriben para pedirle mil cosas y para contarle sus deseos m\u00e1s nimios. Es padre, consejero, director espiritual, el que velar\u00e1 por su honor. Recibe as\u00ed entre treinta mil y cuarenta mil cartas al mes, que se conservan en el archivo de Estado del Eur, en la secretar\u00eda particular del Duce\u201d.<\/p>\n<p>\u201cLa abuela me dice con frecuencia, en los momentos de des\u00e1nimo, que usted es nuestro padre, el \u00e1ngel y el tutor de nuestra inmensa y hermosa familia que es Italia\u201d, le escribi\u00f3 una mujer llamada Erlisa en una carta enviada en julio de 1929.<\/p>\n<p>Para entonces, uno de los principales proyectos de su r\u00e9gimen ya ten\u00eda tres a\u00f1os de andar, y se trataba de la Opera Nazionale Balilla, una masiva organizaci\u00f3n juvenil promovida, administrada y alimentada por el Estado, cuyo objetivo \u2014seg\u00fan el mismo Mussolini\u2014 era \u201creorganizar la juventud desde el punto de vista moral y f\u00edsico\u201d.<\/p>\n<p>\u201cLa juventud ser\u00e1 nuestra\u201d, augur\u00f3 Mussolini y se calcula que cinco millones de ni\u00f1os y j\u00f3venes entre los 8 y los 18 a\u00f1os de edad llegaron a afiliarse a la Balilla, mientras todas las dem\u00e1s organizaciones juveniles eran disueltas por decreto de ley, a excepci\u00f3n de la Juventud Cat\u00f3lica Italiana, promovida por el Vaticano. Y en Alemania, Hitler hac\u00eda lo propio.<\/p>\n<p style=\"text-align: center;\">***<\/p>\n<p>En Berl\u00edn, originalmente le llamaron \u201cOperaci\u00f3n Colibr\u00ed\u201d, aunque m\u00e1s tarde le dieron el nombre de \u201cla noche de los cuchillos largos\u201d. El objetivo del Partido Nacionalsocialista Obrero Alem\u00e1n o Partido Nazi era apoderarse de todas las estructuras del Estado alem\u00e1n y fue necesaria una purga que dur\u00f3 tres d\u00edas, entre el 30 de junio y el 2 de julio de 1934.<\/p>\n<p>Miembros de las \u201ccamisas pardas\u201d o Sturmabteilung, que contribuyeron al ascenso de Hitler, pero de quienes \u00e9l comenz\u00f3 a desconfiar, y simpatizantes del vicecanciller Franz von Papen, que siempre le criticaba, fueron asesinados esos d\u00edas. Oficialmente se contaron unos 85 muertos, entre ellos comandantes de las camisas pardas en distintas ciudades alemanas y su l\u00edder principal Ernst R\u00f6hm. Adem\u00e1s, m\u00e1s de mil oponentes al r\u00e9gimen fueron arrestados.<\/p>\n<p>A mediados del mismo a\u00f1o en que lleg\u00f3 al poder (1933), Hitler ya hab\u00eda logrado establecer un Estado unipartidista, pero a\u00fan no ejerc\u00eda el poder absoluto ni tampoco controlaba al ej\u00e9rcito alem\u00e1n. Falsificar pruebas de un supuesto golpe de Estado le sirvi\u00f3 para justificar la purga.<\/p>\n<p>\u201cEn esta hora yo era responsable de la suerte de la naci\u00f3n alemana, as\u00ed que me convert\u00ed en el juez supremo del pueblo alem\u00e1n. Di la orden de disparar a los cabecillas de esta traici\u00f3n y adem\u00e1s di orden de cauterizar la carne cruda de las \u00falceras de los pozos envenenados de nuestra vida dom\u00e9stica para permitir a la naci\u00f3n conocer que su existencia, la cual depende de su orden interno y su seguridad, no puede ser amenazada con impunidad por nadie. Y hacer saber que en el tiempo venidero, si alguien levanta su mano para golpear al Estado, la muerte ser\u00e1 su premio\u201d, declar\u00f3 Hitler un mes y medio despu\u00e9s de aquella operaci\u00f3n.<\/p>\n<figure id=\"attachment_35400\" aria-describedby=\"caption-attachment-35400\" style=\"width: 700px\" class=\"wp-caption aligncenter\"><a href=\"https:\/\/gep90.laprensa.com.ni\/magazine\/wp-content\/uploads\/2017\/06\/Tras-la-guerra-civil-espa\u00f1ola-1936-1939.jpg\"><img decoding=\"async\" class=\"wp-image-35400 size-full\" src=\"https:\/\/gep90.laprensa.com.ni\/magazine\/wp-content\/uploads\/2017\/06\/Tras-la-guerra-civil-espa\u00f1ola-1936-1939.jpg\" alt=\"\" width=\"700\" height=\"311\" srcset=\"https:\/\/d1xxa24wwackpg.cloudfront.net\/wp-content\/uploads\/2017\/06\/07145016\/Tras-la-guerra-civil-espa%C3%B1ola-1936-1939.jpg 700w, https:\/\/d1xxa24wwackpg.cloudfront.net\/wp-content\/uploads\/2017\/06\/07145016\/Tras-la-guerra-civil-espa%C3%B1ola-1936-1939.jpg 300w, https:\/\/d1xxa24wwackpg.cloudfront.net\/wp-content\/uploads\/2017\/06\/07145016\/Tras-la-guerra-civil-espa%C3%B1ola-1936-1939.jpg 600w\" sizes=\"(max-width: 700px) 100vw, 700px\" \/><\/a><figcaption id=\"caption-attachment-35400\" class=\"wp-caption-text\">Tras la guerra civil espa\u00f1ola (1936-1939), el militar Francisco Franco logr\u00f3 instalarse en el poder. Al inicio \u00e9l tambi\u00e9n estableci\u00f3 un r\u00e9gimen fascista, pero con el fin de la Segunda Guerra Mundial, en 1945, este deriv\u00f3 en una dictadura de car\u00e1cter conservador, cat\u00f3lico y anticomunista, conocida como \u201cfranquismo\u201d, que dur\u00f3 hasta su muerte en 1975. En la foto, simpatizantes franquistas conmemoran el 32 aniversario de la muerte del dictador, con una concentraci\u00f3n en Madrid, realizada en 2007.<\/figcaption><\/figure>\n<p style=\"text-align: center;\">***<\/p>\n<p>Totalitarios, mesi\u00e1nicos y violentos. La periodista e investigadora nicarag\u00fcense Sof\u00eda Montenegro define el fascismo como \u201cuna ideolog\u00eda de un estado totalitario, porque es de hecho la apropiaci\u00f3n del Estado por parte de un individuo o un grupo\u201d y agrega: \u201cSuele ser una amalgama que tiende a proponer una suerte de renacimiento de la naci\u00f3n\u201d.<\/p>\n<p>Hoy se vuelve a hablar de fascistas desde Rusia y Ucrania hasta Venezuela y Nicaragua. Pero, \u00bfrealmente existe el fascismo en la actualidad?<\/p>\n<p>\u201cYo creo que aqu\u00ed se est\u00e1 usando, como en el caso de Venezuela, sin ton ni son\u201d, asegura Montenegro, para quien a la que menos le queda la calificaci\u00f3n de fascista es la oposici\u00f3n venezolana \u201cporque en todo caso a quien le tocan las caracter\u00edsticas que estamos enunciando es al propio gobierno venezolano\u201d.<\/p>\n<p>El acad\u00e9mico Ricardo de Le\u00f3n Borge, del American College, tambi\u00e9n considera que \u201cel uso del t\u00e9rmino fascismo o fascista en la actualidad es un poco rid\u00edculo y se usa con un tono peyorativo contra quienes piensan diferente\u201d.<\/p>\n<p>Lo que se pretende \u2014estima\u2014 es una \u201cdescalificaci\u00f3n\u201d contra el adversario pol\u00edtico, para llamar la atenci\u00f3n de todo el pueblo diciendo: \u201cSi yo apoyo a este grupo (que se opone al gobierno) cuando venga a gobernar va a ser un r\u00e9gimen fascista y nos va a quitar el derecho de expresarnos y reunirnos\u201d, como lo hizo el fascismo.<\/p>\n<blockquote>\n<p style=\"text-align: center;\">\u201cEl pueblo es el cuerpo del Estado, y el Estado es el esp\u00edritu del pueblo. En la doctrina fascista, el pueblo es el Estado y el Estado es el pueblo&#8230; Todo en el Estado, nada contra el Estado, nada fuera del Estado\u201d.<\/p>\n<p style=\"text-align: center;\">Benito Mussolini, presidente del Consejo de Ministros de Italia, que estableci\u00f3 el primer r\u00e9gimen fascista.<\/p>\n<\/blockquote>\n<h4>\u201cMUSSOLINI SECRETO\u201d<\/h4>\n<p>Clara Petacci, la amante que Benito Mussolini mantuvo por m\u00e1s de veinte a\u00f1os y fue colgada codo a codo junto al dictador italiano, anot\u00f3 detalladamente en su diario las confesiones del caudillo durante su relaci\u00f3n, que lo retratan como un hombre racista, desde\u00f1oso, violento y despiadado. Y tambi\u00e9n un amante insaciable.<\/p>\n<p>Seg\u00fan el diario espa\u00f1ol El Mundo, la \u201cquerida m\u00e1s famosa\u201d en la historia de Italia en solo un a\u00f1o llen\u00f3 m\u00e1s de mil ochocientas p\u00e1ginas de su diario contando su relaci\u00f3n con el Duce, 29 a\u00f1os mayor que ella.<\/p>\n<p>El voluminoso diario \u2014enterrado en un jard\u00edn, luego descubierto, confiscado y ahora desclasificado\u2014 le ha permitido al periodista Mauro Suttora escribir su libro <em>Mussolini secreto<\/em>, que describe a un hombre de sentimientos y pensamiento pol\u00edtico violento, furioso con el papa P\u00edo XI y que no le ocultaba su desprecio por el alem\u00e1n Adolfo Hitler o el espa\u00f1ol Francisco Franco, a quien apoy\u00f3 en la guerra civil espa\u00f1ola.<\/p>\n<p>Sin embargo, al mismo tiempo pod\u00eda declar\u00e1rsele a ella como un \u201cesclavo de su carne\u201d.<\/p>\n<p>\u201cTiemblo mientras lo digo, siento fiebre al pensar en tu cuerpecito delicioso que me quiero comer entero a besos\u201d, le dec\u00eda a su amante que todo lo anotaba compulsivamente.<\/p>\n<h4>Antecedentes<\/h4>\n<p>Antes de que Benito Mussolini echara a andar su proyecto fascista en Italia, el precedente m\u00e1s claro fue la Acci\u00f3n Francesa que el pol\u00edtico de extrema derecha, poeta y escritor franc\u00e9s Charles Maurras (1868-1952) fund\u00f3 en 1898. Su ideario pol\u00edtico promov\u00eda un ultranacionalismo y una pol\u00edtica reaccionaria, fundamentalista cat\u00f3lica y antisemita.<\/p>\n<h4>FASCISMO PARA PRINCIPIANTES<\/h4>\n<p>Desde sus primeras expresiones, durante el per\u00edodo de entreguerras en la Europa del siglo pasado, historiadores y polit\u00f3logos han intentado sin \u00e9xito una definici\u00f3n exacta de fascismo, pero s\u00ed han identificado ciertas caracter\u00edsticas b\u00e1sicas. A mediados de marzo, la revista estadounidense Foreign Policy resumi\u00f3 estas en seis aspectos, a partir de los cuales concluy\u00f3 que actualmente a\u00fan no hay un nuevo r\u00e9gimen fascista.<\/p>\n<p>\u2022 Su primera caracter\u00edstica es el establecimiento del Estado por encima de todo, como manifestaci\u00f3n de unidad para hacer valer y defender los derechos colectivos, de manera que no exista nada fuera del mismo.<\/p>\n<p>\u2022 Adem\u00e1s, est\u00e1 la presencia y culto al hombre fuerte a cargo, como los todopoderosos Duce o F\u00fchrer, que seg\u00fan sus propagandas \u201cencarnaban\u201d los anhelos de la naci\u00f3n.<\/p>\n<p>\u2022 La quimera de la pureza racial, con teor\u00edas que respaldan la idea de minor\u00edas inferiores que les representan una amenaza que debe ser eliminada, es otro componente.<\/p>\n<p>\u2022 Asimismo, est\u00e1 la visi\u00f3n de la naci\u00f3n inherentemente amenazada, en la que la toma de poder del l\u00edder representa un renacimiento nacional que barrer\u00e1 la decadencia y debilidades del per\u00edodo precedente.<\/p>\n<p>\u2022 Las otras cualidades son el gusto de verse a s\u00ed mismos como la \u201ctercera v\u00eda\u201d y \u00fanica alternativa v\u00e1lida para todas las dem\u00e1s ideolog\u00edas existentes y el uso de una propaganda eficiente y de la represi\u00f3n militar.<\/p>\n","protected":false},"excerpt":{"rendered":"<p>\u00bfDe qu\u00e9 hablamos cuando decimos \u201cfascismo\u201d? El poderoso y despiadado sistema que dirigi\u00f3 Benito Mussolini a principios del siglo pasado parece estar siendo retomado por gobiernos autoritarios de la actualidad. Este es un ABC de su origen y esencia<\/p>\n","protected":false},"author":46,"featured_media":35398,"comment_status":"open","ping_status":"open","sticky":false,"template":"","format":"standard","meta":{"_acf_changed":false,"footnotes":""},"categories":[26],"tags":[],"class_list":["post-35389","post","type-post","status-publish","format-standard","has-post-thumbnail","hentry","category-reportajes"],"acf":[],"_links":{"self":[{"href":"https:\/\/staging.laprensanic.com\/magazine\/wp-json\/wp\/v2\/posts\/35389","targetHints":{"allow":["GET"]}}],"collection":[{"href":"https:\/\/staging.laprensanic.com\/magazine\/wp-json\/wp\/v2\/posts"}],"about":[{"href":"https:\/\/staging.laprensanic.com\/magazine\/wp-json\/wp\/v2\/types\/post"}],"author":[{"embeddable":true,"href":"https:\/\/staging.laprensanic.com\/magazine\/wp-json\/wp\/v2\/users\/46"}],"replies":[{"embeddable":true,"href":"https:\/\/staging.laprensanic.com\/magazine\/wp-json\/wp\/v2\/comments?post=35389"}],"version-history":[{"count":9,"href":"https:\/\/staging.laprensanic.com\/magazine\/wp-json\/wp\/v2\/posts\/35389\/revisions"}],"predecessor-version":[{"id":51945,"href":"https:\/\/staging.laprensanic.com\/magazine\/wp-json\/wp\/v2\/posts\/35389\/revisions\/51945"}],"wp:featuredmedia":[{"embeddable":true,"href":"https:\/\/staging.laprensanic.com\/magazine\/wp-json\/wp\/v2\/media\/35398"}],"wp:attachment":[{"href":"https:\/\/staging.laprensanic.com\/magazine\/wp-json\/wp\/v2\/media?parent=35389"}],"wp:term":[{"taxonomy":"category","embeddable":true,"href":"https:\/\/staging.laprensanic.com\/magazine\/wp-json\/wp\/v2\/categories?post=35389"},{"taxonomy":"post_tag","embeddable":true,"href":"https:\/\/staging.laprensanic.com\/magazine\/wp-json\/wp\/v2\/tags?post=35389"}],"curies":[{"name":"wp","href":"https:\/\/api.w.org\/{rel}","templated":true}]}}