{"id":35555,"date":"2010-08-08T12:46:29","date_gmt":"2010-08-08T18:46:29","guid":{"rendered":"https:\/\/www.magazine.com.ni\/?p=35555"},"modified":"2021-05-11T21:24:25","modified_gmt":"2021-05-12T03:24:25","slug":"el-padre-de-carlos-fonseca","status":"publish","type":"post","link":"https:\/\/staging.laprensanic.com\/magazine\/reportajes\/el-padre-de-carlos-fonseca\/","title":{"rendered":"El padre de Carlos Fonseca"},"content":{"rendered":"<p style=\"text-align: center;\">Somocista uno, guerrillero el otro. Serv\u00edan en trincheras enfrentadas a muerte. Sin embargo, la sangre se impuso y entre padre e hijo se desarroll\u00f3 una relaci\u00f3n intensa y dif\u00edcil de la que poco han hablado los libros de historia<\/p>\n<p style=\"text-align: center;\"><strong>Tania Sirias<\/strong><\/p>\n<p>Una ma\u00f1ana de enero de 1967, don Fausto Amador Alem\u00e1n se baja sofocado de su auto y entra intempestivamente a una peque\u00f1a casa de tablas, ubicada en el barrio Santa Rosa, frente a la empresa Sovipe, en la Carretera Norte de Managua. Con poco aliento logra decirle a su hijo Carlos Fonseca Amador:<\/p>\n<p>\u2014Ten\u00e9s que irte porque te van a matar.<\/p>\n<p>Carlos reacciona airado y le increpa:<\/p>\n<p>\u2014\u00a1Pap\u00e1, sos un irresponsable! \u00bfQu\u00e9 sab\u00e9s vos si te vienen siguiendo?<\/p>\n<p>\u2014No te preocup\u00e9s, que yo hice todo lo posible para que nadie me siguiera.<\/p>\n<p style=\"text-align: left;\">En pocos minutos, Carlos Fonseca logra recoger sus pertenencias y le pide a su padre que lo traslade a otra casa de seguridad, ubicada en el barrio San Sebasti\u00e1n, donde do\u00f1a Angelita Balladares, conocida tambi\u00e9n como la dama del liberalismo.<\/p>\n<p style=\"text-align: left;\">Horas m\u00e1s tarde, la humilde casa estaba siendo rodeada por m\u00e1s de 50 efectivos de la Guardia Nacional comandados por Samuel Genie, jefe de la Oficina de Seguridad Nacional (OSN). \u201cEn la casa ya no estaba Carlos Fonseca, solo capturan a la que fue mi esposa Lesbia Carrasquillo\u201d, recuerda el periodista Roberto S\u00e1nchez, 43 a\u00f1os despu\u00e9s de ese hecho.<\/p>\n<p style=\"text-align: left;\">Carlos Fonseca era una persona condenada a muerte por el r\u00e9gimen de los Somoza, contra el cual combat\u00eda y, por esas cosas del destino, su padre, don Fausto Amador, era el gerente de los ingenios y de otras empresas de los Somoza. Poco se ha hablado de la relaci\u00f3n que hubo entre este padre, que ocupaba un alto cargo en el r\u00e9gimen somocista, y este hijo, quien ser\u00eda el fundador de una guerrilla que en 1979 tom\u00f3 el poder.<\/p>\n<p style=\"text-align: left;\">\u201cEsa relaci\u00f3n de confianza que ten\u00edan los Somoza con la familia Amador le ayuda a salvar la vida de Carlos en varias ocasiones\u201d, comenta el periodista.<\/p>\n<p style=\"text-align: left;\">S\u00e1nchez considera que hay cap\u00edtulos de la historia que no se corresponden con los hechos, pues la relaci\u00f3n fraterna de estos personajes fue estigmatizada y tergiversada, debido a intereses pol\u00edticos. El pretexto de algunos es porque Carlos no fue reconocido legalmente por su padre, pero de esos casos est\u00e1 plagada la historia de Nicaragua, se\u00f1ala.<\/p>\n<p>\u201cNo existe ning\u00fan documento legal donde don Gregorio Sandino le haya dado el apellido a Augusto Calder\u00f3n Sandino, igual el caso del general Emiliano Chamorro, quien aparece inscrito como Emiliano Vargas. Somos un pa\u00eds donde la mayor\u00eda son hijos naturales\u201d, expresa el periodista Roberto S\u00e1nchez y agrega que tambi\u00e9n hay que ver las circunstancias en las que nace Carlos, ya que su madre tuvo cinco hijos, todos de padres diferentes.<\/p>\n<p style=\"text-align: center;\">***<\/p>\n<p>La familia de don Fausto Amador pertenec\u00eda a una de las m\u00e1s ricas y poderosas de Matagalpa. Eran hacendados y due\u00f1os de cafetales en el norte del pa\u00eds. Don Fausto hab\u00eda sido educado en Estados Unidos, era biling\u00fce, y ten\u00eda fama de ser un buen administrador, por eso los Somoza lo contratan para administrar una mina en Chontales, y en 1950 se traslada a Managua para administrar el resto de sus empresas.<\/p>\n<p>Do\u00f1a Agustina Fonseca, en cambio, era una mujer campesina que conoci\u00f3 a don Fausto Amador en el Hotel Berm\u00fadez de esa ciudad, donde trabajaba como dom\u00e9stica. De este encuentro naci\u00f3 Carlos Fonseca Amador el 23 de junio de 1936.<\/p>\n<p>Ya en ese entonces do\u00f1a Tina, a como la conocen sus amistades, hab\u00eda procreado unos gemelos Ra\u00fal y Carlos, el segundo falleci\u00f3 a los meses. El tercero es Carlos, y luego nacieron Ren\u00e9, Juan Alberto y Estela, todos Fonseca, ya que ninguno fue reconocido por sus padres. Por el lado paterno Carlos se relacion\u00f3 con sus hermanos Iv\u00e1n, Gloria, Fausto Orlando y Cairo.<\/p>\n<p>El recuerdo que tiene el periodista Jes\u00fas Miguel (Chuno) Bland\u00f3n de la madre de Carlos es de do\u00f1a Agustina Fonseca \u00dabeda, llorando en el comedor de la sala. \u201cMi madre, do\u00f1a Agustina \u00dabeda Arauz, quien adem\u00e1s de ser su prima era su pa\u00f1uelo de l\u00e1grima, siempre la estaba apoyando\u201d, comenta.<\/p>\n<p>Describe a do\u00f1a Tina Fonseca como una mujer humilde, de car\u00e1cter fr\u00e1gil, y muy vulnerable, no solo por su pobreza sino que ella ten\u00eda una personalidad que le costaba defenderse del medio hostil que le rodeaba.<\/p>\n<p>\u201cLlegaba mucho a la casa a quejarse por su condici\u00f3n de mujer con hijos peque\u00f1os, todos de padres diferentes. Siempre la ve\u00eda metida en el comedor de la casa y es que adem\u00e1s de parientes, \u00e9ramos vecinos, viv\u00edamos en el barrio Labor\u00edo de Matagalpa\u201d.<\/p>\n<p>Chuno Bland\u00f3n es cuatro a\u00f1os menor que Carlos Fonseca y tuvo su mayor acercamiento con quien luego ser\u00eda el l\u00edder del Frente Sandinista cuando ambos estudiaron en el instituto Liceo Picado de Matagalpa.<\/p>\n<p>\u201c\u00c9l era un alumno destacado, un intelectual, un poeta, nadie se imagin\u00f3 nunca que un muchacho como \u00e9l, dedicado al estudio, iba a tener una vida tan activa en el sentido de una lucha armada. Si a m\u00ed me lo hubiesen dicho, yo dir\u00eda que era la persona menos indicada, ya que \u00e9l se manten\u00eda absorto en sus estudios\u201d, dice Chuno Bland\u00f3n.<\/p>\n<p>Refiere que estando en el Instituto, Carlos Fonseca funda la revista Segovia, la cual era apoyada por don Fausto, a trav\u00e9s de publicidad de las empresas de los Somoza.<\/p>\n<p>En ese momento, Carlos no ten\u00eda militancia con ning\u00fan partido y estaba m\u00e1s interesado en su movimiento literario, y es as\u00ed como llega a conocer al poeta Guillermo Rothschuh, a Jos\u00e9 Coronel Urtecho, a Manolo Cuadra, al novelista Mario Quintana, y luego al profesor Edelberto Torres.<\/p>\n<p>\u201cEsa no era una revista com\u00fan, pues ten\u00eda colaboraciones de grandes plumas como Manolo Cuadra, y de otra gente de prestigio nacional. Los art\u00edculos que se publicaban no eran ingenuos como los que se escriben en peri\u00f3dicos estudiantiles, sino que eran art\u00edculos de fondo. Claro que no era una revista de oposici\u00f3n, pero s\u00ed progresista\u201d, comenta Chuno Bland\u00f3n.<\/p>\n<p>Carlos Fonseca Amador se bachillera en marzo de 1955 y logra obtener la Medalla de Oro, la cual se le otorgaba a los mejores alumnos que mantuvieran su promedio arriba de 90 puntos. El primero en ganar esa medalla fueron sus t\u00edos C\u00e9sar Amador Kh\u00fcl y Ra\u00fal Amador.<\/p>\n<p>Al finalizar su bachillerato, Carlos se traslada a Managua y vive un tiempo con su padre y su madrastra, do\u00f1a Lolita Arrieta, luego deja la casa para trabajar como bibliotecario en el Instituto Miguel Ram\u00edrez Goyena, y estudiar la carrera de Derecho en Le\u00f3n.<\/p>\n<p>\u201cEsa fue la primera vez que vi a Carlos, yo ten\u00eda como unos seis a\u00f1os, y me pareci\u00f3 un hombre alto, flaco, con unos ojos bien profundos, muy juguet\u00f3n, y muy querend\u00f3n. Sin embargo, la relaci\u00f3n m\u00e1s cercana la tuvo con mis hermanos mayores con Fausto, Iv\u00e1n y Gloria que ya lo conoc\u00edan desde cuando estaban en Matagalpa\u201d, expresa Cairo Amador Arrieta, uno de sus hermanos de padre.<\/p>\n<figure id=\"attachment_35557\" aria-describedby=\"caption-attachment-35557\" style=\"width: 700px\" class=\"wp-caption aligncenter\"><a href=\"https:\/\/gep90.laprensa.com.ni\/magazine\/wp-content\/uploads\/2017\/06\/Cairo-Amador.jpg\"><img fetchpriority=\"high\" decoding=\"async\" class=\"wp-image-35557 size-full\" src=\"https:\/\/gep90.laprensa.com.ni\/magazine\/wp-content\/uploads\/2017\/06\/Cairo-Amador.jpg\" alt=\"Cairo Amador\" width=\"700\" height=\"615\" srcset=\"https:\/\/d1xxa24wwackpg.cloudfront.net\/wp-content\/uploads\/2017\/06\/07144727\/Cairo-Amador.jpg 700w, https:\/\/d1xxa24wwackpg.cloudfront.net\/wp-content\/uploads\/2017\/06\/07144727\/Cairo-Amador.jpg 300w, https:\/\/d1xxa24wwackpg.cloudfront.net\/wp-content\/uploads\/2017\/06\/07144727\/Cairo-Amador.jpg 600w\" sizes=\"(max-width: 700px) 100vw, 700px\" \/><\/a><figcaption id=\"caption-attachment-35557\" class=\"wp-caption-text\">Cairo Amador afirma que su padre don Fausto tuvo una excelente relaci\u00f3n con Carlos y siempre lo protegi\u00f3 de las garras de la muerte.<\/figcaption><\/figure>\n<p style=\"text-align: center;\">***<\/p>\n<p>El periodista Roberto S\u00e1nchez afirma que Carlos Fonseca Amador tuvo una mayor relaci\u00f3n con sus hermanos Amador Arrieta que con los Fonseca, al punto que ninguno de sus hermanos por parte de madre se incorpor\u00f3 a la lucha armada, mientras que Fausto estuvo en la clandestinidad y fue entrenado en Mosc\u00fa, y en Cuba, pero luego deserta del Frente Sandinista.<\/p>\n<p>\u201cAl preguntarle sobre la acci\u00f3n de su hermano Fausto, Carlos responde que \u00e9l no tiene hermanos, mis hermanos son los que est\u00e1n en la lucha combatiendo conmigo\u201d, dice el periodista S\u00e1nchez.<br \/>\nDe los Fonseca se sabe poco. El que tuvo mayor contacto con Carlos fue Ra\u00fal, quien cay\u00f3 preso por el simple hecho de ser su hermano. \u201c\u00c9l falleci\u00f3 hace un par de a\u00f1os, ten\u00eda una pulper\u00eda en Waslala\u201d, comenta S\u00e1nchez.<\/p>\n<p>Otro que estuvo preso por ser hermano de Carlos Fonseca fue Cairo Amador. Recuerda que cuando Carlos cae preso en Costa Rica, en 1968, \u00e9l fue a visitarlo en la c\u00e1rcel, y le llevaba 50 mil c\u00f3rdobas de ese momento, que se los enviaba su padre don Fausto.<\/p>\n<p>\u201cLlego a la penitenciar\u00eda y me sacan a Carlos. Me qued\u00e9 conversando con mi hermano, y le dije que mi pap\u00e1 le mandaba esa plata, que qu\u00e9 hac\u00eda con ella. \u00c9l me dice, devolvela, y decile que si en verdad me quiere hacer un favor, que deje de trabajar con los Somoza\u201d, refiere Amador.<\/p>\n<p>\u201cComo ten\u00eda tres d\u00edas para verlo, al final de la visita me pidi\u00f3 que le comprara un libro de econom\u00eda, y otro de filosof\u00eda. Saliendo de la penitenciar\u00eda, unos guardias me detuvieron y me echaron preso, mand\u00e1ndome a una prisi\u00f3n que estaba cerca de una destiler\u00eda, en el centro de San Jos\u00e9, por el parque Moraz\u00e1n\u201d, agrega.<\/p>\n<p>Ese fue el \u00faltimo d\u00eda que lo vio con vida. Recuerda que lo sacaron al d\u00eda siguiente, pas\u00f3 por el hotel sacando sus cosas, pero siempre con agentes de seguridad costarricenses.<\/p>\n<p>\u201cMe dieron mis maritates y me subieron a un avi\u00f3n. Cuando iba en el vuelo pens\u00e9: ahora s\u00ed ya la agarr\u00e9, porque si esto me hicieron los ticos democr\u00e1ticos, qu\u00e9 me van hacer los otros. Fue una gran sorpresa para m\u00ed, que en la escalinata del avi\u00f3n estaba mi padre esper\u00e1ndome, y eso demuestra la conexi\u00f3n que exist\u00eda entre las seguridades de Centroam\u00e9rica. Todo lo que habl\u00e9 con Carlos ese d\u00eda, ya lo ten\u00eda Tacho (Somoza) en su oficina\u201d, dice Cairo Amador.<\/p>\n<p>\u2014\u00bfDe qu\u00e9 hablaron ese d\u00eda?<\/p>\n<p>\u2014Hablamos de pol\u00edtica, de la lucha armada, de la integraci\u00f3n, del proceso de cambios que se ven\u00eda para Nicaragua, y que la \u00fanica opci\u00f3n debido a las circunstancias era la lucha armada.<\/p>\n<p>\u2014\u00bfSu padre nunca habl\u00f3 con Carlos sobre su lucha?<\/p>\n<p>\u201cAlgo interesante en eso, es que mi pap\u00e1 siendo gerente general de los Somoza no tuvo ni un hijo somocista, y siempre supo ser consecuente con los pensamientos opositores de sus hijos, as\u00ed como con Carlos fue con Fausto, o con cualquiera de ellos.<\/p>\n<p>\u2014\u00bfEl hecho de que su padre trabajara para los Somoza ayud\u00f3 a proteger la vida de Carlos?<\/p>\n<p>\u2014En tres ocasiones Carlos cay\u00f3 preso y por supuesto que mi pap\u00e1 lo ayud\u00f3. En una ocasi\u00f3n lo mont\u00f3 en un avi\u00f3n y lo mand\u00f3 a Guatemala. Recuerdo que otra vez, estando Carlos en una prisi\u00f3n de los Somoza, lleg\u00f3 mi padre con Luis Somoza a verlo. Eso fue para 1962 o 63. Luis respetaba a Carlos, lo ve\u00eda como el chavalo rebelde que iba contra el sistema, que estaba contra todo y sin nada.<\/p>\n<p>\u2014Ve muchacho, \u00bfqu\u00e9 te hemos hecho? No sabemos por qu\u00e9 la ten\u00e9s contra nosotros. Hablemos hombre \u2014le dijo Luis Somoza.<\/p>\n<p>\u2014Yo no tengo ning\u00fan problema de hablar con usted en la Plaza de la Rep\u00fablica, delante del pueblo \u2014le respondi\u00f3 el guerrillero, seg\u00fan el testimonio de su hermano Cairo.<\/p>\n<p>\u201cLuis sali\u00f3 de la c\u00e1rcel con mi pap\u00e1, y le dijo: ya quisiera tener tres de estos al lado m\u00edo\u201d.<\/p>\n<p>Seg\u00fan Mois\u00e9s Hassan, Somoza le ofreci\u00f3 todo lo que \u00e9l quisiera para que se retirara de la lucha armada, pero Carlos rechaz\u00f3 todas las ofertas.<\/p>\n<div id='gallery-1' class='gallery galleryid-35555 gallery-columns-3 gallery-size-thumbnail'><figure class='gallery-item'>\n\t\t\t<div class='gallery-icon portrait'>\n\t\t\t\t<a href='https:\/\/staging.laprensanic.com\/magazine\/reportajes\/el-padre-de-carlos-fonseca\/attachment\/carlos-fonseca-amador-el-dia-de-su-comunion\/'><img decoding=\"async\" width=\"150\" height=\"150\" src=\"https:\/\/d1xxa24wwackpg.cloudfront.net\/wp-content\/uploads\/2017\/06\/07144724\/Carlos-Fonseca-Amador-el-d%C3%ADa-de-su-comuni%C3%B3n.jpg\" class=\"attachment-thumbnail size-thumbnail\" alt=\"Fotos de Archivo\/Cortes\u00eda de Miguel Jes\u00fas Bland\u00f3n\" aria-describedby=\"gallery-1-35560\" srcset=\"https:\/\/d1xxa24wwackpg.cloudfront.net\/wp-content\/uploads\/2017\/06\/07144724\/Carlos-Fonseca-Amador-el-d%C3%ADa-de-su-comuni%C3%B3n.jpg 150w, https:\/\/d1xxa24wwackpg.cloudfront.net\/wp-content\/uploads\/2017\/06\/07144724\/Carlos-Fonseca-Amador-el-d%C3%ADa-de-su-comuni%C3%B3n.jpg 600w, https:\/\/d1xxa24wwackpg.cloudfront.net\/wp-content\/uploads\/2017\/06\/07144724\/Carlos-Fonseca-Amador-el-d%C3%ADa-de-su-comuni%C3%B3n.jpg 24w, https:\/\/d1xxa24wwackpg.cloudfront.net\/wp-content\/uploads\/2017\/06\/07144724\/Carlos-Fonseca-Amador-el-d%C3%ADa-de-su-comuni%C3%B3n.jpg 48w, https:\/\/d1xxa24wwackpg.cloudfront.net\/wp-content\/uploads\/2017\/06\/07144724\/Carlos-Fonseca-Amador-el-d%C3%ADa-de-su-comuni%C3%B3n.jpg 96w, https:\/\/d1xxa24wwackpg.cloudfront.net\/wp-content\/uploads\/2017\/06\/07144724\/Carlos-Fonseca-Amador-el-d%C3%ADa-de-su-comuni%C3%B3n.jpg 300w, https:\/\/d1xxa24wwackpg.cloudfront.net\/wp-content\/uploads\/2017\/06\/07144724\/Carlos-Fonseca-Amador-el-d%C3%ADa-de-su-comuni%C3%B3n.jpg 100w\" sizes=\"(max-width: 150px) 100vw, 150px\" \/><\/a>\n\t\t\t<\/div>\n\t\t\t\t<figcaption class='wp-caption-text gallery-caption' id='gallery-1-35560'>\n\t\t\t\tCarlos Fonseca Amador el d\u00eda de su primera comuni\u00f3n.\n\t\t\t\t<\/figcaption><\/figure><figure class='gallery-item'>\n\t\t\t<div class='gallery-icon portrait'>\n\t\t\t\t<a href='https:\/\/staging.laprensanic.com\/magazine\/reportajes\/el-padre-de-carlos-fonseca\/attachment\/agustina-amador\/'><img decoding=\"async\" width=\"150\" height=\"150\" src=\"https:\/\/d1xxa24wwackpg.cloudfront.net\/wp-content\/uploads\/2017\/06\/07144723\/Agustina-Amador.jpg\" class=\"attachment-thumbnail size-thumbnail\" alt=\"Fotos de Archivo\/Cortes\u00eda de Miguel Jes\u00fas Bland\u00f3n\" aria-describedby=\"gallery-1-35561\" srcset=\"https:\/\/d1xxa24wwackpg.cloudfront.net\/wp-content\/uploads\/2017\/06\/07144723\/Agustina-Amador.jpg 150w, https:\/\/d1xxa24wwackpg.cloudfront.net\/wp-content\/uploads\/2017\/06\/07144723\/Agustina-Amador.jpg 600w, https:\/\/d1xxa24wwackpg.cloudfront.net\/wp-content\/uploads\/2017\/06\/07144723\/Agustina-Amador.jpg 24w, https:\/\/d1xxa24wwackpg.cloudfront.net\/wp-content\/uploads\/2017\/06\/07144723\/Agustina-Amador.jpg 48w, https:\/\/d1xxa24wwackpg.cloudfront.net\/wp-content\/uploads\/2017\/06\/07144723\/Agustina-Amador.jpg 96w, https:\/\/d1xxa24wwackpg.cloudfront.net\/wp-content\/uploads\/2017\/06\/07144723\/Agustina-Amador.jpg 300w, https:\/\/d1xxa24wwackpg.cloudfront.net\/wp-content\/uploads\/2017\/06\/07144723\/Agustina-Amador.jpg 100w\" sizes=\"(max-width: 150px) 100vw, 150px\" \/><\/a>\n\t\t\t<\/div>\n\t\t\t\t<figcaption class='wp-caption-text gallery-caption' id='gallery-1-35561'>\n\t\t\t\tDo\u00f1a Agustina Amador aparece junto a sus hijos Carlos y Ren\u00e9 Amador.\n\t\t\t\t<\/figcaption><\/figure><figure class='gallery-item'>\n\t\t\t<div class='gallery-icon landscape'>\n\t\t\t\t<a href='https:\/\/staging.laprensanic.com\/magazine\/reportajes\/el-padre-de-carlos-fonseca\/attachment\/carlos-fonseca-amador-el-dia-de-su-bachillerato\/'><img loading=\"lazy\" decoding=\"async\" width=\"150\" height=\"150\" src=\"https:\/\/d1xxa24wwackpg.cloudfront.net\/wp-content\/uploads\/2017\/06\/07144722\/Carlos-Fonseca-Amador-el-d%C3%ADa-de-su-bachillerato.jpg\" class=\"attachment-thumbnail size-thumbnail\" alt=\"Fotos de Archivo\/Cortes\u00eda de Miguel Jes\u00fas Bland\u00f3n\" aria-describedby=\"gallery-1-35562\" srcset=\"https:\/\/d1xxa24wwackpg.cloudfront.net\/wp-content\/uploads\/2017\/06\/07144722\/Carlos-Fonseca-Amador-el-d%C3%ADa-de-su-bachillerato.jpg 150w, https:\/\/d1xxa24wwackpg.cloudfront.net\/wp-content\/uploads\/2017\/06\/07144722\/Carlos-Fonseca-Amador-el-d%C3%ADa-de-su-bachillerato.jpg 24w, https:\/\/d1xxa24wwackpg.cloudfront.net\/wp-content\/uploads\/2017\/06\/07144722\/Carlos-Fonseca-Amador-el-d%C3%ADa-de-su-bachillerato.jpg 48w, https:\/\/d1xxa24wwackpg.cloudfront.net\/wp-content\/uploads\/2017\/06\/07144722\/Carlos-Fonseca-Amador-el-d%C3%ADa-de-su-bachillerato.jpg 96w, https:\/\/d1xxa24wwackpg.cloudfront.net\/wp-content\/uploads\/2017\/06\/07144722\/Carlos-Fonseca-Amador-el-d%C3%ADa-de-su-bachillerato.jpg 300w, https:\/\/d1xxa24wwackpg.cloudfront.net\/wp-content\/uploads\/2017\/06\/07144722\/Carlos-Fonseca-Amador-el-d%C3%ADa-de-su-bachillerato.jpg 100w\" sizes=\"(max-width: 150px) 100vw, 150px\" \/><\/a>\n\t\t\t<\/div>\n\t\t\t\t<figcaption class='wp-caption-text gallery-caption' id='gallery-1-35562'>\n\t\t\t\tEl d\u00eda de su promoci\u00f3n de bachillerato Carlos recibe el diploma de manos del profesor Modesto Rodolfo Vargas.\n\t\t\t\t<\/figcaption><\/figure><figure class='gallery-item'>\n\t\t\t<div class='gallery-icon landscape'>\n\t\t\t\t<a href='https:\/\/staging.laprensanic.com\/magazine\/reportajes\/el-padre-de-carlos-fonseca\/attachment\/maria-haydee-navas-de-teran\/'><img loading=\"lazy\" decoding=\"async\" width=\"150\" height=\"150\" src=\"https:\/\/d1xxa24wwackpg.cloudfront.net\/wp-content\/uploads\/2017\/06\/07144720\/Mar%C3%ADa-Hayd%C3%A9e-Navas-de-Ter%C3%A1n.jpg\" class=\"attachment-thumbnail size-thumbnail\" alt=\"Fotos de Archivo\/Cortes\u00eda de Miguel Jes\u00fas Bland\u00f3n\" aria-describedby=\"gallery-1-35563\" srcset=\"https:\/\/d1xxa24wwackpg.cloudfront.net\/wp-content\/uploads\/2017\/06\/07144720\/Mar%C3%ADa-Hayd%C3%A9e-Navas-de-Ter%C3%A1n.jpg 150w, https:\/\/d1xxa24wwackpg.cloudfront.net\/wp-content\/uploads\/2017\/06\/07144720\/Mar%C3%ADa-Hayd%C3%A9e-Navas-de-Ter%C3%A1n.jpg 24w, https:\/\/d1xxa24wwackpg.cloudfront.net\/wp-content\/uploads\/2017\/06\/07144720\/Mar%C3%ADa-Hayd%C3%A9e-Navas-de-Ter%C3%A1n.jpg 48w, https:\/\/d1xxa24wwackpg.cloudfront.net\/wp-content\/uploads\/2017\/06\/07144720\/Mar%C3%ADa-Hayd%C3%A9e-Navas-de-Ter%C3%A1n.jpg 96w, https:\/\/d1xxa24wwackpg.cloudfront.net\/wp-content\/uploads\/2017\/06\/07144720\/Mar%C3%ADa-Hayd%C3%A9e-Navas-de-Ter%C3%A1n.jpg 300w, https:\/\/d1xxa24wwackpg.cloudfront.net\/wp-content\/uploads\/2017\/06\/07144720\/Mar%C3%ADa-Hayd%C3%A9e-Navas-de-Ter%C3%A1n.jpg 100w\" sizes=\"(max-width: 150px) 100vw, 150px\" \/><\/a>\n\t\t\t<\/div>\n\t\t\t\t<figcaption class='wp-caption-text gallery-caption' id='gallery-1-35563'>\n\t\t\t\tDo\u00f1a Mar\u00eda Hayd\u00e9e Navas de Ter\u00e1n, junto a su yerno Carlos Fonseca Amador, y su esposa Mar\u00eda Hayd\u00e9e Ter\u00e1n.\n\t\t\t\t<\/figcaption><\/figure><figure class='gallery-item'>\n\t\t\t<div class='gallery-icon landscape'>\n\t\t\t\t<a href='https:\/\/staging.laprensanic.com\/magazine\/reportajes\/el-padre-de-carlos-fonseca\/attachment\/carlos-fonseca-amador-y-familia\/'><img loading=\"lazy\" decoding=\"async\" width=\"150\" height=\"150\" src=\"https:\/\/d1xxa24wwackpg.cloudfront.net\/wp-content\/uploads\/2017\/06\/07144720\/Carlos-Fonseca-Amador-y-familia.jpg\" class=\"attachment-thumbnail size-thumbnail\" alt=\"Fotos de Archivo\/Cortes\u00eda de Miguel Jes\u00fas Bland\u00f3n\" aria-describedby=\"gallery-1-35564\" srcset=\"https:\/\/d1xxa24wwackpg.cloudfront.net\/wp-content\/uploads\/2017\/06\/07144720\/Carlos-Fonseca-Amador-y-familia.jpg 150w, https:\/\/d1xxa24wwackpg.cloudfront.net\/wp-content\/uploads\/2017\/06\/07144720\/Carlos-Fonseca-Amador-y-familia.jpg 300w, https:\/\/d1xxa24wwackpg.cloudfront.net\/wp-content\/uploads\/2017\/06\/07144720\/Carlos-Fonseca-Amador-y-familia.jpg 600w, https:\/\/d1xxa24wwackpg.cloudfront.net\/wp-content\/uploads\/2017\/06\/07144720\/Carlos-Fonseca-Amador-y-familia.jpg 24w, https:\/\/d1xxa24wwackpg.cloudfront.net\/wp-content\/uploads\/2017\/06\/07144720\/Carlos-Fonseca-Amador-y-familia.jpg 48w, https:\/\/d1xxa24wwackpg.cloudfront.net\/wp-content\/uploads\/2017\/06\/07144720\/Carlos-Fonseca-Amador-y-familia.jpg 96w, https:\/\/d1xxa24wwackpg.cloudfront.net\/wp-content\/uploads\/2017\/06\/07144720\/Carlos-Fonseca-Amador-y-familia.jpg 100w\" sizes=\"(max-width: 150px) 100vw, 150px\" \/><\/a>\n\t\t\t<\/div>\n\t\t\t\t<figcaption class='wp-caption-text gallery-caption' id='gallery-1-35564'>\n\t\t\t\tEn una foto familiar aparece do\u00f1a Tina con sus cinco hijos: Carlos, Ra\u00fal, Ren\u00e9, Juan Alberto y la menor Gloria.\n\t\t\t\t<\/figcaption><\/figure><figure class='gallery-item'>\n\t\t\t<div class='gallery-icon landscape'>\n\t\t\t\t<a href='https:\/\/staging.laprensanic.com\/magazine\/reportajes\/el-padre-de-carlos-fonseca\/attachment\/francisco-buitrago-y-carlos-altamirano\/'><img loading=\"lazy\" decoding=\"async\" width=\"150\" height=\"150\" src=\"https:\/\/d1xxa24wwackpg.cloudfront.net\/wp-content\/uploads\/2017\/06\/07144719\/Francisco-Buitrago-y-Carlos-Altamirano.jpg\" class=\"attachment-thumbnail size-thumbnail\" alt=\"Fotos de Archivo\/Cortes\u00eda de Miguel Jes\u00fas Bland\u00f3n\" aria-describedby=\"gallery-1-35565\" srcset=\"https:\/\/d1xxa24wwackpg.cloudfront.net\/wp-content\/uploads\/2017\/06\/07144719\/Francisco-Buitrago-y-Carlos-Altamirano.jpg 150w, https:\/\/d1xxa24wwackpg.cloudfront.net\/wp-content\/uploads\/2017\/06\/07144719\/Francisco-Buitrago-y-Carlos-Altamirano.jpg 24w, https:\/\/d1xxa24wwackpg.cloudfront.net\/wp-content\/uploads\/2017\/06\/07144719\/Francisco-Buitrago-y-Carlos-Altamirano.jpg 48w, https:\/\/d1xxa24wwackpg.cloudfront.net\/wp-content\/uploads\/2017\/06\/07144719\/Francisco-Buitrago-y-Carlos-Altamirano.jpg 96w, https:\/\/d1xxa24wwackpg.cloudfront.net\/wp-content\/uploads\/2017\/06\/07144719\/Francisco-Buitrago-y-Carlos-Altamirano.jpg 300w, https:\/\/d1xxa24wwackpg.cloudfront.net\/wp-content\/uploads\/2017\/06\/07144719\/Francisco-Buitrago-y-Carlos-Altamirano.jpg 100w\" sizes=\"(max-width: 150px) 100vw, 150px\" \/><\/a>\n\t\t\t<\/div>\n\t\t\t\t<figcaption class='wp-caption-text gallery-caption' id='gallery-1-35565'>\n\t\t\t\tFrancisco Buitrago y Marcos Altamirano, amigos de Carlos Fonseca, con quienes llegar\u00eda a fundar la Juventud Patri\u00f3tica Nicarag\u00fcense.\n\t\t\t\t<\/figcaption><\/figure><figure class='gallery-item'>\n\t\t\t<div class='gallery-icon landscape'>\n\t\t\t\t<a href='https:\/\/staging.laprensanic.com\/magazine\/reportajes\/el-padre-de-carlos-fonseca\/attachment\/carlos-fonseca-amador-y-guillermos-rothschuh-tablada\/'><img loading=\"lazy\" decoding=\"async\" width=\"150\" height=\"150\" src=\"https:\/\/d1xxa24wwackpg.cloudfront.net\/wp-content\/uploads\/2017\/06\/07144718\/Carlos-Fonseca-Amador-y-Guillermos-Rothschuh-Tablada.jpg\" class=\"attachment-thumbnail size-thumbnail\" alt=\"Fotos de Archivo\/Cortes\u00eda de Miguel Jes\u00fas Bland\u00f3n\" aria-describedby=\"gallery-1-35566\" srcset=\"https:\/\/d1xxa24wwackpg.cloudfront.net\/wp-content\/uploads\/2017\/06\/07144718\/Carlos-Fonseca-Amador-y-Guillermos-Rothschuh-Tablada.jpg 150w, https:\/\/d1xxa24wwackpg.cloudfront.net\/wp-content\/uploads\/2017\/06\/07144718\/Carlos-Fonseca-Amador-y-Guillermos-Rothschuh-Tablada.jpg 24w, https:\/\/d1xxa24wwackpg.cloudfront.net\/wp-content\/uploads\/2017\/06\/07144718\/Carlos-Fonseca-Amador-y-Guillermos-Rothschuh-Tablada.jpg 48w, https:\/\/d1xxa24wwackpg.cloudfront.net\/wp-content\/uploads\/2017\/06\/07144718\/Carlos-Fonseca-Amador-y-Guillermos-Rothschuh-Tablada.jpg 96w, https:\/\/d1xxa24wwackpg.cloudfront.net\/wp-content\/uploads\/2017\/06\/07144718\/Carlos-Fonseca-Amador-y-Guillermos-Rothschuh-Tablada.jpg 300w, https:\/\/d1xxa24wwackpg.cloudfront.net\/wp-content\/uploads\/2017\/06\/07144718\/Carlos-Fonseca-Amador-y-Guillermos-Rothschuh-Tablada.jpg 100w\" sizes=\"(max-width: 150px) 100vw, 150px\" \/><\/a>\n\t\t\t<\/div>\n\t\t\t\t<figcaption class='wp-caption-text gallery-caption' id='gallery-1-35566'>\n\t\t\t\tA la derecha, al fondo, Carlos Fonseca; el profesor Guillermo Rothschuh Tablada, al centro, durante una actividad en el Instituto Miguel Ram\u00edrez Goyena.\n\t\t\t\t<\/figcaption><\/figure><figure class='gallery-item'>\n\t\t\t<div class='gallery-icon portrait'>\n\t\t\t\t<a href='https:\/\/staging.laprensanic.com\/magazine\/reportajes\/el-padre-de-carlos-fonseca\/attachment\/carlos-fonseca-amador-el-profesor-edelberto-torres-y-victor-tirado-lopez\/'><img loading=\"lazy\" decoding=\"async\" width=\"150\" height=\"150\" src=\"https:\/\/d1xxa24wwackpg.cloudfront.net\/wp-content\/uploads\/2017\/06\/07144717\/Carlos-Fonseca-Amador-el-profesor-Edelberto-Torres-y-Victor-Tirado-L%C3%B3pez.jpg\" class=\"attachment-thumbnail size-thumbnail\" alt=\"Fotos de Archivo\/Cortes\u00eda de Miguel Jes\u00fas Bland\u00f3n\" aria-describedby=\"gallery-1-35567\" srcset=\"https:\/\/d1xxa24wwackpg.cloudfront.net\/wp-content\/uploads\/2017\/06\/07144717\/Carlos-Fonseca-Amador-el-profesor-Edelberto-Torres-y-Victor-Tirado-L%C3%B3pez.jpg 150w, https:\/\/d1xxa24wwackpg.cloudfront.net\/wp-content\/uploads\/2017\/06\/07144717\/Carlos-Fonseca-Amador-el-profesor-Edelberto-Torres-y-Victor-Tirado-L%C3%B3pez.jpg 600w, https:\/\/d1xxa24wwackpg.cloudfront.net\/wp-content\/uploads\/2017\/06\/07144717\/Carlos-Fonseca-Amador-el-profesor-Edelberto-Torres-y-Victor-Tirado-L%C3%B3pez.jpg 24w, https:\/\/d1xxa24wwackpg.cloudfront.net\/wp-content\/uploads\/2017\/06\/07144717\/Carlos-Fonseca-Amador-el-profesor-Edelberto-Torres-y-Victor-Tirado-L%C3%B3pez.jpg 48w, https:\/\/d1xxa24wwackpg.cloudfront.net\/wp-content\/uploads\/2017\/06\/07144717\/Carlos-Fonseca-Amador-el-profesor-Edelberto-Torres-y-Victor-Tirado-L%C3%B3pez.jpg 96w, https:\/\/d1xxa24wwackpg.cloudfront.net\/wp-content\/uploads\/2017\/06\/07144717\/Carlos-Fonseca-Amador-el-profesor-Edelberto-Torres-y-Victor-Tirado-L%C3%B3pez.jpg 300w, https:\/\/d1xxa24wwackpg.cloudfront.net\/wp-content\/uploads\/2017\/06\/07144717\/Carlos-Fonseca-Amador-el-profesor-Edelberto-Torres-y-Victor-Tirado-L%C3%B3pez.jpg 100w\" sizes=\"(max-width: 150px) 100vw, 150px\" \/><\/a>\n\t\t\t<\/div>\n\t\t\t\t<figcaption class='wp-caption-text gallery-caption' id='gallery-1-35567'>\n\t\t\t\tCarlos Fonseca con el profesor Edelberto Torres y V\u00edctor Tirado L\u00f3pez.\n\t\t\t\t<\/figcaption><\/figure>\n\t\t<\/div>\n\n<p style=\"text-align: center;\">***<\/p>\n<p>Pero \u00bfqu\u00e9 despierta el inter\u00e9s de Carlos de realizar un movimiento armado? Seg\u00fan Chuno Bland\u00f3n, a Fonseca no le parec\u00eda la forma de gobernar de los Somoza, quienes pon\u00edan y quitaban presidentes t\u00edteres, a como pas\u00f3 con el doctor Leonardo Arg\u00fcello Barreto en 1947. Sin embargo, lo que le despierta su deseo de lucha es la masacre del 4 de abril de 1954.<\/p>\n<p>\u201cEn marzo de 1959, cansado de ver la situaci\u00f3n pol\u00edtica del pa\u00eds, los cr\u00edmenes cometidos por Somoza Garc\u00eda, funda con otros compa\u00f1eros de la universidad la Juventud Democr\u00e1tica Nicarag\u00fcense (JDN), que es considerada como el primer intento de la juventud por independizarse pol\u00edticamente y jugar un papel hist\u00f3rico. Se podr\u00eda decir que ese es el nacimiento del Frente Sandinista\u201d, afirma Chuno Bland\u00f3n.<\/p>\n<p>Adem\u00e1s dice que las corrientes pol\u00edticas han pretendido tergiversar la lucha de Carlos, relacionando esto con un falso resentimiento hacia su padre, don Fausto Amador.<\/p>\n<p>\u201c\u00c9l era un hijo ileg\u00edtimo, pero ten\u00eda dos caminos, o resentirse y alejarse de su padre, o buscarlo. Carlos se acerc\u00f3 a don Fausto y lo quiso mucho, incluso llega a querer a do\u00f1a Lolita Arrieta, su madrastra, con la que ten\u00eda una excelente relaci\u00f3n\u201d.<\/p>\n<p>Cairo Amador agrega que lejos de las versiones creadas de manera muy subjetiva, lo que s\u00ed puede decir, y lo atestiguan todas las cartas que se escribieron, fue que Carlos y su padre tuvieron una excelente relaci\u00f3n.<\/p>\n<p>\u201cIncluso hay una carta donde Carlos le dice a mi pap\u00e1 que \u00e9l es la sombra que lo ha perseguido desde siempre. Cuando terminan ese intercambio epistolar \u00e9l le expresa el aprecio y la consideraci\u00f3n que le ten\u00eda a mi pap\u00e1\u201d, dice Amador.<\/p>\n<p>Su primo, Chuno Bland\u00f3n, recuerda que estando una vez en la casa de seguridad que ten\u00eda Carlos en el barrio San Sebasti\u00e1n, don Fausto lleg\u00f3 y le dijo: \u201cTen\u00e9s que irte ya, pues la Seguridad te va a caer en 15 minutos\u201d.<\/p>\n<p>\u201cDon Fausto lo mont\u00f3 en su carro y lo fue asilar a la Embajada de Venezuela. Carlos entr\u00f3, pero luego sali\u00f3 pues no quer\u00eda dejar sola a su esposa Mar\u00eda Hayd\u00e9e y sus compa\u00f1eros. Soy testigo que su pap\u00e1 le intent\u00f3 salvar la vida varias veces\u201d, expresa Bland\u00f3n.<\/p>\n<figure id=\"attachment_35558\" aria-describedby=\"caption-attachment-35558\" style=\"width: 700px\" class=\"wp-caption aligncenter\"><a href=\"https:\/\/gep90.laprensa.com.ni\/magazine\/wp-content\/uploads\/2017\/06\/Carlos-Fonseca-Amador-rn-los-juzgados-del-Tr\u00e9bol.jpg\"><img loading=\"lazy\" decoding=\"async\" class=\"wp-image-35558 size-full\" src=\"https:\/\/gep90.laprensa.com.ni\/magazine\/wp-content\/uploads\/2017\/06\/Carlos-Fonseca-Amador-rn-los-juzgados-del-Tr\u00e9bol.jpg\" alt=\"En los juzgados del Tr\u00e9bol, Carlos Fonseca Amador\" width=\"700\" height=\"921\" srcset=\"https:\/\/d1xxa24wwackpg.cloudfront.net\/wp-content\/uploads\/2017\/06\/07144726\/Carlos-Fonseca-Amador-rn-los-juzgados-del-Tr%C3%A9bol.jpg 700w, https:\/\/d1xxa24wwackpg.cloudfront.net\/wp-content\/uploads\/2017\/06\/07144726\/Carlos-Fonseca-Amador-rn-los-juzgados-del-Tr%C3%A9bol.jpg 228w, https:\/\/d1xxa24wwackpg.cloudfront.net\/wp-content\/uploads\/2017\/06\/07144726\/Carlos-Fonseca-Amador-rn-los-juzgados-del-Tr%C3%A9bol.jpg 600w\" sizes=\"(max-width: 700px) 100vw, 700px\" \/><\/a><figcaption id=\"caption-attachment-35558\" class=\"wp-caption-text\">En los juzgados del Tr\u00e9bol, Carlos Fonseca Amador hace presencia ante el juez Orlando Morales.<\/figcaption><\/figure>\n<p style=\"text-align: center;\">***<\/p>\n<p>Acerca de la muerte de Carlos, Cairo Amador expresa que esa era una muerte anunciada. \u201cYa lo esper\u00e1bamos por el estilo de vida y la lucha que \u00e9l llevaba. Adem\u00e1s todo aquel que se met\u00eda en las filas del Frente Sandinista ten\u00eda su seguro de muerte, no de vida. Eso hac\u00eda que el compromiso de la gente fuese total y sab\u00edan que eso era hasta la \u00faltima consecuencia, as\u00ed como lo confirma la muerte de tantos m\u00e1rtires\u201d.<\/p>\n<p>Relata que la primera vez que hablaron de la muerte de Carlos, en septiembre de 1973, \u00e9l se encontraba estudiando en Bruselas, con su hermano mayor Fausto.<\/p>\n<p>\u201cMe regreso a Nicaragua para ver como era el asunto y resulta ser que mi hermana Gloria, y un hermano por parte de madre, Ren\u00e9, reconocen el cad\u00e1ver de Carlos. Me extra\u00f1\u00e9 porque al final result\u00f3 ser este joven Juan Jos\u00e9 Quezada, y los dos no ten\u00edan ning\u00fan parecido\u201d.<\/p>\n<p>A\u00f1os despu\u00e9s, reci\u00e9n pasado el 19 de julio de 1979, se encontr\u00f3 con Ren\u00e9 Fonseca en Managua, y al preguntarle por qu\u00e9 hab\u00eda confundido el cuerpo de Carlos con el de Juan Jos\u00e9 Quezada, este le respondi\u00f3 que esa acci\u00f3n iba a causar una especie de depresi\u00f3n por la muerte del l\u00edder, ya que Carlos contaba con el carisma, y representaba en Nicaragua una opci\u00f3n pol\u00edtica, pues era el creador del Frente Sandinista.<\/p>\n<p>\u201cPero como el l\u00edder estaba vivo, esa depresi\u00f3n luego se iba a convertir en lo contrario, y efectivamente as\u00ed lo fue, ya que desde Cuba en radio Habana Libre declaran que Carlos Fonseca estaba libre\u201d, recuerda Cairo Amador.<\/p>\n<p>Chuno Bland\u00f3n afirma que para esa ocasi\u00f3n la suegra de Carlos, Mar\u00eda Hayd\u00e9e de Ter\u00e1n, le pidi\u00f3 que organizara los funerales.<\/p>\n<p>\u201cElla me pidi\u00f3 que llamara a Cuba, pues su hija Mar\u00eda Hayd\u00e9e estaba en La Habana, y que le dijera que se regresara pues su esposo estaba muerto. Llam\u00e9 a Radio Habana, ya que ah\u00ed ten\u00eda a un amigo, Orlando Castell\u00f3n, y le dije que le diera la raz\u00f3n a la viuda\u201d.<\/p>\n<p>\u201cAhora entiendo la intenci\u00f3n, pues esas conversaciones eran grabadas por la Seguridad de Somoza, pero en un primer instante no pens\u00e9 eso, sino por la familiaridad que me un\u00eda con Carlos. Despu\u00e9s mandaron un telegrama desde Cuba donde afirmaban que Carlos estaba vivo\u201d, narra a\u00f1os despu\u00e9s Bland\u00f3n.<\/p>\n<figure id=\"attachment_35559\" aria-describedby=\"caption-attachment-35559\" style=\"width: 700px\" class=\"wp-caption aligncenter\"><a href=\"https:\/\/gep90.laprensa.com.ni\/magazine\/wp-content\/uploads\/2017\/06\/Carlos-Fonseca-Amador-y-Humberto-Ortega.jpg\"><img loading=\"lazy\" decoding=\"async\" class=\"wp-image-35559 size-full\" src=\"https:\/\/gep90.laprensa.com.ni\/magazine\/wp-content\/uploads\/2017\/06\/Carlos-Fonseca-Amador-y-Humberto-Ortega.jpg\" alt=\"Carlos Fonseca Amador y Humberto Ortega durante una entrevista\" width=\"700\" height=\"367\" srcset=\"https:\/\/d1xxa24wwackpg.cloudfront.net\/wp-content\/uploads\/2017\/06\/07144725\/Carlos-Fonseca-Amador-y-Humberto-Ortega.jpg 700w, https:\/\/d1xxa24wwackpg.cloudfront.net\/wp-content\/uploads\/2017\/06\/07144725\/Carlos-Fonseca-Amador-y-Humberto-Ortega.jpg 300w, https:\/\/d1xxa24wwackpg.cloudfront.net\/wp-content\/uploads\/2017\/06\/07144725\/Carlos-Fonseca-Amador-y-Humberto-Ortega.jpg 600w\" sizes=\"(max-width: 700px) 100vw, 700px\" \/><\/a><figcaption id=\"caption-attachment-35559\" class=\"wp-caption-text\">Carlos Fonseca Amador y Humberto Ortega durante una entrevista en la Radio Habana Libre, de Cuba.<\/figcaption><\/figure>\n<p style=\"text-align: center;\">***<\/p>\n<p>El segundo golpe para don Fausto fue en noviembre de 1976. \u201cEn ese momento cuando se empezaba hablar de la muerte de Carlos yo no me separ\u00e9 de mi pap\u00e1. La primera vez que dec\u00edan que Carlos hab\u00eda muerto le avisaron, pero en la segunda ni nos informaron. Nos enteramos a trav\u00e9s de los medios, y para mayor dolor no entregaron el cuerpo sino que lo enterraron en Waslala\u201d, recuerda Cairo Amador.<\/p>\n<p>La noche que mataron a Carlos Fonseca el periodista Roberto S\u00e1nchez se encontraba viendo una pel\u00edcula en el Teatro Gonz\u00e1lez, pero como no se sent\u00eda c\u00f3modo, se sali\u00f3 de la sala y se fue directo a su casa.<\/p>\n<p>\u201cYa en la ma\u00f1ana, cuando iba caminando por la calle, compr\u00e9 Novedades, que era el peri\u00f3dico de Somoza, y mir\u00e9 que en la portada dec\u00eda el titular \u2018Muri\u00f3 Carlos Fonseca\u2019\u201d.<\/p>\n<p>Comenta que momentos antes de la muerte de Carlos, en el Frente Sandinista ya hab\u00eda una divisi\u00f3n, y por eso Fonseca Amador se va a la monta\u00f1a tratando lo lograr la uni\u00f3n, y muere en ese intento.<\/p>\n<p>Como S\u00e1nchez era periodista del diario La Prensa, dio cobertura al j\u00fabilo con el que celebraba la Guardia, pues en ese combate tambi\u00e9n cayeron otros militantes del Frente Sandinista.<\/p>\n<p>A\u00f1os antes de la muerte de Carlos Fonseca Amador, su padre don Fausto Amador ya se hab\u00eda jubilado y no trabajaba para los Somoza. Los restos de su v\u00e1stago fueron exhumados en noviembre de 1979, y trasladados al mausoleo ubicado en la Plaza de la Revoluci\u00f3n.<\/p>\n<p>&nbsp;<\/p>\n<p><em>Fotos de Archivo\/Cortes\u00eda de Miguel Jes\u00fas Bland\u00f3n<\/em><\/p>\n","protected":false},"excerpt":{"rendered":"<p>Somocista uno, guerrillero el otro. Serv\u00edan en trincheras enfrentadas a muerte. Sin embargo, la sangre se impuso y entre padre e hijo se desarroll\u00f3 una relaci\u00f3n intensa y dif\u00edcil de la que poco han hablado los libros de historia<\/p>\n","protected":false},"author":46,"featured_media":35556,"comment_status":"open","ping_status":"open","sticky":false,"template":"","format":"standard","meta":{"_acf_changed":false,"footnotes":""},"categories":[26],"tags":[],"class_list":["post-35555","post","type-post","status-publish","format-standard","has-post-thumbnail","hentry","category-reportajes"],"acf":[],"_links":{"self":[{"href":"https:\/\/staging.laprensanic.com\/magazine\/wp-json\/wp\/v2\/posts\/35555","targetHints":{"allow":["GET"]}}],"collection":[{"href":"https:\/\/staging.laprensanic.com\/magazine\/wp-json\/wp\/v2\/posts"}],"about":[{"href":"https:\/\/staging.laprensanic.com\/magazine\/wp-json\/wp\/v2\/types\/post"}],"author":[{"embeddable":true,"href":"https:\/\/staging.laprensanic.com\/magazine\/wp-json\/wp\/v2\/users\/46"}],"replies":[{"embeddable":true,"href":"https:\/\/staging.laprensanic.com\/magazine\/wp-json\/wp\/v2\/comments?post=35555"}],"version-history":[{"count":12,"href":"https:\/\/staging.laprensanic.com\/magazine\/wp-json\/wp\/v2\/posts\/35555\/revisions"}],"predecessor-version":[{"id":54158,"href":"https:\/\/staging.laprensanic.com\/magazine\/wp-json\/wp\/v2\/posts\/35555\/revisions\/54158"}],"wp:featuredmedia":[{"embeddable":true,"href":"https:\/\/staging.laprensanic.com\/magazine\/wp-json\/wp\/v2\/media\/35556"}],"wp:attachment":[{"href":"https:\/\/staging.laprensanic.com\/magazine\/wp-json\/wp\/v2\/media?parent=35555"}],"wp:term":[{"taxonomy":"category","embeddable":true,"href":"https:\/\/staging.laprensanic.com\/magazine\/wp-json\/wp\/v2\/categories?post=35555"},{"taxonomy":"post_tag","embeddable":true,"href":"https:\/\/staging.laprensanic.com\/magazine\/wp-json\/wp\/v2\/tags?post=35555"}],"curies":[{"name":"wp","href":"https:\/\/api.w.org\/{rel}","templated":true}]}}