{"id":35602,"date":"2010-08-22T13:52:16","date_gmt":"2010-08-22T19:52:16","guid":{"rendered":"https:\/\/www.magazine.com.ni\/?p=35602"},"modified":"2018-10-08T15:13:39","modified_gmt":"2018-10-08T15:13:39","slug":"los-locos-anos-60","status":"publish","type":"post","link":"https:\/\/staging.laprensanic.com\/magazine\/reportajes\/los-locos-anos-60\/","title":{"rendered":"Los locos a\u00f1os 60"},"content":{"rendered":"<p style=\"text-align: center;\">Los sesentas,una d\u00e9cada marcada por el rock, las drogas y el amor libre. M\u00fasicos nicarag\u00fcenses afirman que fue una era de cambios para la humanidad, pero sobre todo una \u00e9poca de rebeld\u00eda contra una sociedad reprimida y mojigata<\/p>\n<p style=\"text-align: center;\"><strong>Tania Sirias<\/strong><\/p>\n<p>A Carlos Silva le encantaba caminar sobre la Avenida Roosevelt y sentir el alma de los a\u00f1os sesenta. \u00c9se era el punto donde se citaba con sus compa\u00f1eros luego de salir de clases en el Vocacional. Todos andaban el pelo largo, pantalones acampanados, camisetas sicod\u00e9licas, y su compa\u00f1era fiel al hombro: su guitarra.<\/p>\n<p>Esperaban que salieran las muchachas del colegio Rep\u00fablica de El Salvador, o las del Primero de Febrero, todas vestidas con sus trajes blancos. Les gustaba ponerles serenatas y todos se cre\u00edan <em>El extra\u00f1o del pelo largo.<\/em><\/p>\n<p>En una esquina estaban los monjes budistas con sus cabezas rapadas y sus t\u00fanicas color azafr\u00e1n, por el otro lado los hippies regalando flores. \u00c9sa era la \u00e9poca del \u201cpace and love\u201d, del petardo, y de \u201clos viajes\u201d. \u00c9sos eran los maravillosos a\u00f1os 60.<\/p>\n<p>No hay mejor forma de hablar de los a\u00f1os 60 que cantando, dice el m\u00fasico Manuel Antonio Orozco. Cierra sus ojos por unos segundos y regresa cinco d\u00e9cadas atr\u00e1s, cuando se usaba el pelo largo, pantalones acampanados y sandalias. Al abrirlos tararea la canci\u00f3n Cuando llegue la noche, de Los Ramblers, y sonr\u00ede.<\/p>\n<p>A pesar de los a\u00f1os, a\u00fan conserva una voz melodiosa y las letras son el recuerdo de aquel tiempo donde fue tan feliz. Expresa que la mayor\u00eda de sus remembranzas lo trasladan hacia un escenario, en alg\u00fan \u201cmano a mano\u201d con los grupos nacionales de la \u00e9poca.<\/p>\n<p>\u201cLa m\u00fasica sirvi\u00f3 para desahogar todas las opresiones internas que uno sent\u00eda, pues antes de los a\u00f1os 60, la mayor\u00eda de los j\u00f3venes ten\u00edamos una educaci\u00f3n muy estricta, donde se nos reprim\u00eda y de cierta manera la m\u00fasica nos liber\u00f3\u201d.<\/p>\n<p>\u00c9sa fue una d\u00e9cada de cambios en el mundo, pues por primera vez la juventud se alzaba en contra del sistema b\u00e9lico y se acu\u00f1a la famosa frase \u201cpaz y amor\u201d.<\/p>\n<p>Para entender esa \u00e9poca \u2013comenta el m\u00fasico Augusto Gallego, ex integrante de Los In-Light y actual miembro de Llama Viva\u2013 hay que ver el contexto pol\u00edtico y social en que se desenvolvi\u00f3 esa sociedad.<\/p>\n<p>\u201cEn Estados Unidos surgen los hippies en oposici\u00f3n a la guerra de Vietnam; en Inglaterra comienza a sonar la m\u00fasica de Los Beatles, luego se mezclan las drogas, y as\u00ed comienza la onda psicod\u00e9lica, los colores del alma\u201d, resume Gallego.<\/p>\n<p>Estos hitos generacionales tambi\u00e9n se reflejaron en Nicaragua, porque l\u00f3gicamente los aires que ven\u00edan de Estados Unidos, Inglaterra, Europa, e incluso Suram\u00e9rica, influyeron en la conformaci\u00f3n de grupos nacionales, los cuales comenzaron a realizar cover de la m\u00fasica de moda, y algunos hasta se atrevieron a escribir sus propias canciones.<\/p>\n<p>Para el vocalista de Llama Viva, la m\u00fasica fue el veh\u00edculo que llev\u00f3 el mensaje de amor y paz a una juventud que estaba exigiendo grandes cambios.<\/p>\n<p>\u201cDesgraciadamente, la mayor\u00eda de los grupos nicarag\u00fcenses no reflejaron mucho la rebeld\u00eda de los grupos de afuera, muchos cayeron en el clich\u00e9 del romanticismo, de las canciones de amor, de cierto facilismo idealista, sin mucha profundidad, y quiz\u00e1s son muy pocos lo que expresaron esa lucha, para mencionar algunos, Los Rockets, del maestro Ricardo Palma\u201d.<\/p>\n<p>En Nicaragua la onda hippie, m\u00e1s que un movimiento cultural, fue una moda para la juventud, ya que era com\u00fan ver a los j\u00f3venes de pelo largo, pantalones acampanado y camisas estilo cotona.<\/p>\n<p style=\"text-align: center;\">***<\/p>\n<p>\u201c\u00a1Ah\u00ed viene la jurumba! Uno escuchaba ese grito y empezaba a correr\u201d, narra Carlos Silva, un adolescente de los a\u00f1os 60. Su temor era caer en las manos del coronel Alesio Guti\u00e9rrez, comandante de la Polic\u00eda, quien hac\u00eda redadas para agarrar a los chavalos que usaban el pelo largo y pantalones con campana, pues era s\u00edmbolo de rebeld\u00eda.<\/p>\n<p>\u201cPrimero fue la zaranda, que era un veh\u00edculo blanco donde montaban a los borrachitos. Luego apareci\u00f3 la jurumba, que era un jeep donde nos montaban a los chavalos que anduvi\u00e9ramos el pelo largo\u201d.<\/p>\n<p>\u201cNos llevaban a la Aviaci\u00f3n, que quedaba donde ahora es el complejo Ajax Delgado de la Polic\u00eda. All\u00ed nos cortaban el pelo y nos dejaban chomporocos, entonces los dem\u00e1s compa\u00f1eros te dec\u00edan, \u2018te agarr\u00f3 la jurumba\u2019\u201d, relata entre risas Carlos Silva, al recordar sus a\u00f1os mozos, en la d\u00e9cada de los 60.<\/p>\n<p>El andar el cabello largo, usar pantalones acampanados y vestir con colores psicod\u00e9licos era signo de un vago, un hippie, dice el doctor Polidecto Correa, quien en esa \u00e9poca estaba reci\u00e9n llegado de M\u00e9xico, graduado de M\u00e9dico Optometrista.<\/p>\n<p>En esa d\u00e9cada sonaba muy de moda el rock and roll, el twist, el soul, pero sobre todo las baladas rom\u00e1nticas.<\/p>\n<p>\u201cEn el pa\u00eds el ambiente musical estaba dominado por las grandes orquestas, y yo ven\u00eda con la inquietud por la m\u00fasica desde M\u00e9xico. Cuando regres\u00e9 traje mi guitarra el\u00e9ctrica, y a un amigo que me escuch\u00f3 cantar le gust\u00f3, as\u00ed que grabamos Anteojuda, A\u00f1oranza, y otros temas que fueron patrocinados por el calzado Regis, el cual era muy famoso en la vieja Managua\u201d, relata el doctor Correa.<\/p>\n<p>El primer grupo se llam\u00f3 Los Polimusic, el cual estaba compuestos por m\u00fasicos profesionales que tocaban en la sinf\u00f3nica. \u201cLos \u00fanicos analfabetas por as\u00ed decirlo era yo, y Chepito Areas que tocaba la bater\u00eda y quien a\u00f1os despu\u00e9s se fue a tocar con Santana\u201d, expresa el optometrista.<\/p>\n<p>Luego nacieron Los Music Master. Correa afirma que con ese grupo se sent\u00eda m\u00e1s identificado con la juventud, ya que eran chavalos que estudiaban en la universidad, as\u00ed que tocaban en los colegios y en las discotecas de moda.<\/p>\n<p>El grupo estaba formado por Ad\u00e1n Torres Molina (El Caball\u00f3n), quien compuso el tema Almohada, que luego fue inmortalizado en la voz del cantante mexicano Jos\u00e9 Jos\u00e9. Los otros integrantes eran: Lino y Uriel Garc\u00eda, Eddy Blanco, El\u00edas C\u00e1rcamo, Guillermo Rocha, Miguel Mart\u00ednez (Maquillaje) y Polidecto Correa.<\/p>\n<p>Casi al mismo tiempo nacen Los Rockets, donde Ricardo Palma introduce la guitarra electr\u00f3nica en las bandas de rock nacionales.<\/p>\n<p>\u201cLa creaci\u00f3n de estos grupos fue quitando el tab\u00fa de que \u00e9ramos chavalos vagos, pues la gran mayor\u00eda estudiaban, algunos se graduaron de ingenieros, otros economistas, casi todos culminaron su profesi\u00f3n\u201d, dice el doctor Correa.<\/p>\n<p>Agrega que los a\u00f1os setenta fue una \u00e9poca de rebeld\u00eda contra las costumbres de una sociedad cerrada, que no le gustaba que uno anduviera con los pantalones campanas, de cuero y con el pelo largo como Los Beatles. \u201cCuando a uno lo miraban con esa pinta ya lo catalogaban de vago, o peor a\u00fan, de marihuanero\u201d, expresa Correa.<\/p>\n<div id='gallery-1' class='gallery galleryid-35602 gallery-columns-3 gallery-size-medium'><figure class='gallery-item'>\n\t\t\t<div class='gallery-icon landscape'>\n\t\t\t\t<a href='https:\/\/staging.laprensanic.com\/magazine\/reportajes\/los-locos-anos-60\/attachment\/el-grupo-los-pajaros\/'><img fetchpriority=\"high\" decoding=\"async\" width=\"300\" height=\"192\" src=\"https:\/\/d1xxa24wwackpg.cloudfront.net\/wp-content\/uploads\/2017\/06\/07144651\/El-grupo-Los-P%C3%A1jaros.jpg\" class=\"attachment-medium size-medium\" alt=\"Fotos German Miranda , Carlos Malespin, Archivo y Colaboraci\u00f3n\" aria-describedby=\"gallery-1-35612\" srcset=\"https:\/\/d1xxa24wwackpg.cloudfront.net\/wp-content\/uploads\/2017\/06\/07144651\/El-grupo-Los-P%C3%A1jaros.jpg 300w, https:\/\/d1xxa24wwackpg.cloudfront.net\/wp-content\/uploads\/2017\/06\/07144651\/El-grupo-Los-P%C3%A1jaros.jpg 700w\" sizes=\"(max-width: 300px) 100vw, 300px\" \/><\/a>\n\t\t\t<\/div>\n\t\t\t\t<figcaption class='wp-caption-text gallery-caption' id='gallery-1-35612'>\n\t\t\t\tEl grupo Los P\u00e1jaros. imagen aparecen Luis Montealegre, Marcelino P\u00e9rez, El\u00edas C\u00e1rcamo, Ren\u00e9 L\u00f3pez y Manuel Antonio Orozco.\n\t\t\t\t<\/figcaption><\/figure><figure class='gallery-item'>\n\t\t\t<div class='gallery-icon landscape'>\n\t\t\t\t<a href='https:\/\/staging.laprensanic.com\/magazine\/reportajes\/los-locos-anos-60\/attachment\/los-rambles-en-el-quiosco-del-parque-central-de-la-vieja-managua\/'><img decoding=\"async\" width=\"300\" height=\"209\" src=\"https:\/\/d1xxa24wwackpg.cloudfront.net\/wp-content\/uploads\/2017\/06\/07144650\/Los-Rambles.jpg\" class=\"attachment-medium size-medium\" alt=\"Fotos German Miranda , Carlos Malespin, Archivo y Colaboraci\u00f3n\" aria-describedby=\"gallery-1-35613\" srcset=\"https:\/\/d1xxa24wwackpg.cloudfront.net\/wp-content\/uploads\/2017\/06\/07144650\/Los-Rambles.jpg 300w, https:\/\/d1xxa24wwackpg.cloudfront.net\/wp-content\/uploads\/2017\/06\/07144650\/Los-Rambles.jpg 600w, https:\/\/d1xxa24wwackpg.cloudfront.net\/wp-content\/uploads\/2017\/06\/07144650\/Los-Rambles.jpg 700w\" sizes=\"(max-width: 300px) 100vw, 300px\" \/><\/a>\n\t\t\t<\/div>\n\t\t\t\t<figcaption class='wp-caption-text gallery-caption' id='gallery-1-35613'>\n\t\t\t\tLos Rambles en el quiosco del parque central de la vieja Managua\n\t\t\t\t<\/figcaption><\/figure><figure class='gallery-item'>\n\t\t\t<div class='gallery-icon landscape'>\n\t\t\t\t<a href='https:\/\/staging.laprensanic.com\/magazine\/reportajes\/los-locos-anos-60\/attachment\/los-integrantes-de-los-rambles\/'><img decoding=\"async\" width=\"300\" height=\"225\" src=\"https:\/\/d1xxa24wwackpg.cloudfront.net\/wp-content\/uploads\/2017\/06\/07144649\/Los-integrantes-de-los-Rambles.jpg\" class=\"attachment-medium size-medium\" alt=\"Fotos German Miranda , Carlos Malespin, Archivo y Colaboraci\u00f3n\" aria-describedby=\"gallery-1-35614\" srcset=\"https:\/\/d1xxa24wwackpg.cloudfront.net\/wp-content\/uploads\/2017\/06\/07144649\/Los-integrantes-de-los-Rambles.jpg 300w, https:\/\/d1xxa24wwackpg.cloudfront.net\/wp-content\/uploads\/2017\/06\/07144649\/Los-integrantes-de-los-Rambles.jpg 600w, https:\/\/d1xxa24wwackpg.cloudfront.net\/wp-content\/uploads\/2017\/06\/07144649\/Los-integrantes-de-los-Rambles.jpg 700w\" sizes=\"(max-width: 300px) 100vw, 300px\" \/><\/a>\n\t\t\t<\/div>\n\t\t\t\t<figcaption class='wp-caption-text gallery-caption' id='gallery-1-35614'>\n\t\t\t\tLos integrantes de Los Ramblers: Jose Ibarra, R\u00f3ger Tercero, Freddy D\u00edaz, Agust\u00edn Zeled\u00f3n, Arturo Ibarra, aparecen junto a las hermanas Nelly y Miriam N\u00fa\u00f1ez.\n\t\t\t\t<\/figcaption><\/figure><figure class='gallery-item'>\n\t\t\t<div class='gallery-icon landscape'>\n\t\t\t\t<a href='https:\/\/staging.laprensanic.com\/magazine\/reportajes\/los-locos-anos-60\/attachment\/primera-presentacion-de-los-rambles-en-radio-mundial\/'><img loading=\"lazy\" decoding=\"async\" width=\"300\" height=\"225\" src=\"https:\/\/d1xxa24wwackpg.cloudfront.net\/wp-content\/uploads\/2017\/06\/07144648\/Primera-presentaci%C3%B3n-de-los-Rambles-en-Radio-Mundial..jpg\" class=\"attachment-medium size-medium\" alt=\"Fotos German Miranda , Carlos Malespin, Archivo y Colaboraci\u00f3n\" aria-describedby=\"gallery-1-35615\" srcset=\"https:\/\/d1xxa24wwackpg.cloudfront.net\/wp-content\/uploads\/2017\/06\/07144648\/Primera-presentaci%C3%B3n-de-los-Rambles-en-Radio-Mundial..jpg 300w, https:\/\/d1xxa24wwackpg.cloudfront.net\/wp-content\/uploads\/2017\/06\/07144648\/Primera-presentaci%C3%B3n-de-los-Rambles-en-Radio-Mundial..jpg 600w, https:\/\/d1xxa24wwackpg.cloudfront.net\/wp-content\/uploads\/2017\/06\/07144648\/Primera-presentaci%C3%B3n-de-los-Rambles-en-Radio-Mundial..jpg 700w\" sizes=\"(max-width: 300px) 100vw, 300px\" \/><\/a>\n\t\t\t<\/div>\n\t\t\t\t<figcaption class='wp-caption-text gallery-caption' id='gallery-1-35615'>\n\t\t\t\tLa primera presentaci\u00f3n de Los Ramblers en Radio Mundial. En el centro el locutor Ren\u00e9 Blanco.\n\t\t\t\t<\/figcaption><\/figure>\n\t\t<\/div>\n\n<p style=\"text-align: center;\">***<\/p>\n<p>Para el m\u00fasico Augusto Gallego, las drogas s\u00ed influyeron en la m\u00fasica y sobre todo en el fen\u00f3meno cultural de esa d\u00e9cada. El ex integrante de Los In-Light relata que se introduce en la onda musical por su amigo Germ\u00e1n Ruiz, cuando a\u00fan estudiaba el bachillerato en el Instituto Miguel Ram\u00edrez Goyena, junto a Julio Cancino y John McDonald.<\/p>\n<p>Asegura que la marihuana, la mescalina y el \u00e1cido lis\u00e9rgico, mejor conocido como (LSD), hicieron su aparici\u00f3n de forma espont\u00e1nea, pero a\u00f1os despu\u00e9s se volvi\u00f3 en un negocio.<\/p>\n<p>\u201cHay que recordar que la marihuana no se descubre en los a\u00f1os 60 sino que era una planta milenaria, incluso hay culturas que la han elevado a categor\u00eda de culto, pues es una hierba sagrada\u201d, dice el rockero.<\/p>\n<p>Explica que cuando se da la rebeld\u00eda, los hippies, la marihuana fue el veh\u00edculo que estimul\u00f3 la creatividad en todas las artes. En la escena musical tambi\u00e9n aparecieron drogas m\u00e1s pesadas como la mescalina, que era un derivado del peyote mexicano. \u00c9sa era una droga alucin\u00f3gena que alteraba la conciencia y era utilizada por los chamanes para realizar sus rituales.<\/p>\n<p>\u201cLa mescalina la usaban los chavalos de 15 a\u00f1os para adelante, nadie les explicaba cu\u00e1les eran los efectos de esa droga, simplemente se fund\u00edan y se iban en un viaje. Lo malo es que algunos no regresaron, a como dec\u00edamos en esa \u00e9poca, se quedaron arriba\u201d, recuerda Gallego.<\/p>\n<p>En cuanto a la m\u00fasica, la influencia que tuvo las drogas fue decisiva. \u201cPor ejemplo, cuando Los Beatles comenzaron a utilizar marihuana, ellos empezaron a reflejar en sus notas lo que ve\u00edan y sent\u00edan. Eso sirvi\u00f3 de ejemplo para que los j\u00f3venes tambi\u00e9n incursionaran en \u00e9stas para poder abrir las puertas de la percepci\u00f3n\u201d.<\/p>\n<p>Lo que no entend\u00edan muchos \u2013dice el ex integrante de Los In-Light\u2013 es que no s\u00f3lo consist\u00eda en fumarse un churro de marihuana, sino de tener talento y creatividad.<\/p>\n<p>En la opini\u00f3n del periodista Miguel Bola\u00f1os Garay, la entrada de las drogas se da a finales de la d\u00e9cada de los 60, cuando la psicodelia penetra m\u00e1s entre los m\u00fasicos y deja de ser algo que el movimiento hippie hab\u00eda tenido como suyo.<\/p>\n<p>\u201cHab\u00eda m\u00fasica que se le tildaba de psicod\u00e9lica o como \u2018\u00e1cida\u2019, en alusi\u00f3n al \u00e1cido lis\u00e9rgico (LSD). La juventud que admiraba a sus \u00eddolos musicales y sab\u00eda que usaban drogas de manera corriente, tambi\u00e9n comenz\u00f3 a experimentar con ellas. Un ejemplo claro de \u00e9stos fue cuando aparece la imagen de Los Beatles fumando un churro de marihuana\u201d, expresa el periodista.<\/p>\n<figure id=\"attachment_35609\" aria-describedby=\"caption-attachment-35609\" style=\"width: 700px\" class=\"wp-caption aligncenter\"><a href=\"https:\/\/www.laprensa.com.ni\/magazine\/wp-content\/uploads\/2017\/06\/La-m\u00fasica-fue-el-veh\u00edculo-en-el-que-la-juventud-de-los-60-expres\u00f3-su-rebeld\u00eda..jpg\"><img loading=\"lazy\" decoding=\"async\" class=\"wp-image-35609 size-full\" src=\"https:\/\/www.laprensa.com.ni\/magazine\/wp-content\/uploads\/2017\/06\/La-m\u00fasica-fue-el-veh\u00edculo-en-el-que-la-juventud-de-los-60-expres\u00f3-su-rebeld\u00eda..jpg\" alt=\"Fotos German Miranda , Carlos Malespin, Archivo y Colaboraci\u00f3n\" width=\"700\" height=\"524\" srcset=\"https:\/\/d1xxa24wwackpg.cloudfront.net\/wp-content\/uploads\/2017\/06\/07144654\/La-m%C3%BAsica-fue-el-veh%C3%ADculo-en-el-que-la-juventud-de-los-60-expres%C3%B3-su-rebeld%C3%ADa..jpg 700w, https:\/\/d1xxa24wwackpg.cloudfront.net\/wp-content\/uploads\/2017\/06\/07144654\/La-m%C3%BAsica-fue-el-veh%C3%ADculo-en-el-que-la-juventud-de-los-60-expres%C3%B3-su-rebeld%C3%ADa..jpg 300w, https:\/\/d1xxa24wwackpg.cloudfront.net\/wp-content\/uploads\/2017\/06\/07144654\/La-m%C3%BAsica-fue-el-veh%C3%ADculo-en-el-que-la-juventud-de-los-60-expres%C3%B3-su-rebeld%C3%ADa..jpg 600w\" sizes=\"(max-width: 700px) 100vw, 700px\" \/><\/a><figcaption id=\"caption-attachment-35609\" class=\"wp-caption-text\">La m\u00fasica fue el veh\u00edculo en el que la juventud de los 60 expres\u00f3 su rebeld\u00eda, comenta Augusto Gallego, ex integrante de Los In-Light, quien se ubica al centro de la fotograf\u00eda.<\/figcaption><\/figure>\n<p style=\"text-align: center;\">***<\/p>\n<p>Al hablar de marihuana, Gallego sonr\u00ede y se remonta a la famosa Tortuga Morada, pues de ese sitio se sal\u00eda el \u201color a monte\u201d por todos lados.<\/p>\n<p>Recuerda que una vez la Guardia parque\u00f3 un bus de antinarc\u00f3ticos en la entrada de la Tortuga Morada. Estaban sacando a todas las personas que estaban en el local y las montaban al bus. Un hippie descuidado que iba ingresar a la disco dijo:<\/p>\n<p>\u2014\u00a1Ideay! Van al mar y nadie me avisa.<\/p>\n<p>\u2014\u00a1Ah! \u00bfCon que quer\u00e9s ir al mar? \u00a1Montate hippie desgraciado! \u2013le respondi\u00f3 el guardia.<\/p>\n<p>Otro episodio que recuerda Gallego fue la noche cuando lleg\u00f3 el general Anastasio Somoza Debayle. \u201cEstaban tocando Los Rockets y le digo a Ricardo Palma que en las primeras mesas estaba sentado Tacho Somoza. Al salir al escenario, el maestro Palma le dedic\u00f3 la canci\u00f3n <em>Extra\u00f1os en la noche<\/em>\u201d.<\/p>\n<p>Qui\u00e9n m\u00e1s visit\u00f3 esa disco de la familia Somoza fue do\u00f1a Hope Portocarrero, ya que era amiga de uno de los due\u00f1os, Gilberto Lacayo, quien era miembro del comit\u00e9 pro reconstrucci\u00f3n del Teatro Rub\u00e9n Dar\u00edo. \u201cCuando ven\u00eda al pa\u00eds alg\u00fan amigo de la familia Somoza y quer\u00eda ver algo novedoso en la capital, lo llevaba all\u00ed\u201d, comenta Miguel Bola\u00f1os.<\/p>\n<p>La mejor noche que recuerda Bola\u00f1os fue cuando en ese local se present\u00f3 el grupo costarricense Los Vikingos, quienes andaban dando a conocer su versi\u00f3n del tema Sooke-Sookie, original de Steppenwolf.<\/p>\n<p>Los Vikingos hab\u00edan llegado para amenizar una fiesta en Masaya y al d\u00eda siguiente pidieron conocer la Tortuga Morada. \u201cCuando llegamos estaban tocando La Dulce Zona P\u00farpura, con los hermanos Richard y Janet Barnes como vocalistas. Se escuchaba tremendo el sonido. Los ticos pidieron que si pod\u00edan tocar un par de piezas y al final terminaron tocando m\u00e1s. La gente esa noche disfrut\u00f3 en grande de la m\u00fasica\u201d.<\/p>\n<p>La Tortuga Morada fue la primera discoteca en ofrecer un ambiente y decoraci\u00f3n de colores vistosos, con luces estrobosc\u00f3picas y m\u00fasica en vivo. Para los j\u00f3venes de esa d\u00e9cada la discoteca caus\u00f3 un tremendo impacto, pues era el local de moda donde todos quer\u00edan asistir.<\/p>\n<p>En la opini\u00f3n de Gallegos, a la Tortuga Morada la han mitificado, pues s\u00f3lo era un rinc\u00f3n que quedaba por el lado de San Antonio, buscando el Cine Gonz\u00e1lez. \u201cEra inc\u00f3modo, chiquito y bajito, y desprend\u00eda el olor a marihuana por todos lados. Eso s\u00ed, en esta disco tocaban todos los grupos de la \u00e9poca, uno llegaba a empaparse de la m\u00fasica de moda\u201d.<\/p>\n<p>Algo interesante de los 60 \u2013relata el vocalista de Los Ramblers, Manuel Antonio Orozco\u2013 es que hubo un \u201cflorecimiento\u201d de los grupos nacionales. Todo el que tocaba un instrumento pod\u00eda armar su banda y si consegu\u00eda patrocinio pod\u00eda grabar su disco.<\/p>\n<p>Fue una d\u00e9cada de mucha creatividad, pues hasta los grupos de los departamentos comenzaron a escribir su propia m\u00fasica, entre \u00e9sos Los Clarks, de Le\u00f3n; Los Tupamaros, en San Marcos; estaban tambi\u00e9n Los MS70, y Los Panzers. En Managua estaban los Bad Boys, Los Hellions y Los Rockets.<\/p>\n<p>Augusto Gallego a\u00f1ade que el grupo de Los Hellions hizo su aporte a la juventud de los 60, \u201cversionando\u201d en espa\u00f1ol los temas de moda que eran en ingl\u00e9s.<\/p>\n<p>Jimmy Hellions junto a Luis Enrique Delgado (q.d.e.p.) y Roberto Montalv\u00e1n (El Trapito), traduc\u00edan las canciones con un contenido de rebeld\u00eda, entre \u00e9sos Soy una roca y Mrs. Robinson, de Simon y Garfunkel. No era el mensaje f\u00e1cil de te amo y te quiero mi amor, no ca\u00edan en ese clich\u00e9 rom\u00e1ntico.<\/p>\n<p>Para el periodista Miguel Bola\u00f1os, Los Beatles fueron los principales causantes de ese florecimiento de bandas nacionales. El fen\u00f3meno de la \u201cbeatleman\u00eda\u201d impuls\u00f3 a que muchos j\u00f3venes tomaran sus instrumentos, se agruparan e hicieran m\u00fasica.<\/p>\n<p>\u201cM\u00e9xico tambi\u00e9n fue un pa\u00eds que nos influenci\u00f3 much\u00edsimo y ellos al mismo tiempo eran influenciados por los gringos. Lo que hac\u00edan casi siempre era grabar \u00e9xitos en ingl\u00e9s, pero en idioma espa\u00f1ol. Los 60 y los 70 han sido las d\u00e9cadas m\u00e1s prol\u00edficas en la historia musical\u201d, se\u00f1ala Bola\u00f1os.<\/p>\n<p>El doctor Polidecto Correa agrega otro factor que ayud\u00f3 a la formaci\u00f3n de los grupos musicales, fue el apoyo que brindaron las casas disqueras. Comenta que en la vieja Managua hab\u00eda dos distribuidoras de discos, Discosa y Sonido Industrial, S.A. (SISA).<\/p>\n<p>\u201cSISA le brind\u00f3 la oportunidad a los grupos nacionales para que grabaran sus temas, y de ah\u00ed salieron Los Clark, de Le\u00f3n; Los Rolling, Los Duros, de Granada, y Los Five Hippies. Recuerdo que esa disquera contaba con un ingeniero muy bueno, Lorenzo Cardenal, quien hac\u00eda maravilla con una grabadora de un solo canal. Ahora es m\u00e1s caro alquilar un estudio de grabaci\u00f3n y lamentablemente hay poco apoyo en el \u00e1mbito musical\u201d.<\/p>\n<p>Ya en el 67, 68 y 69, se comienzan a abrir lugares donde los j\u00f3venes llegaban a escuchar m\u00fasica, entre \u00e9sos la Tortuga Morada, El VIP y los clubes sociales.<br \/>\nVe\u00edan en Nicaragua un buen mercado, pues grupos de talla internacional alternaban con los grupos nacionales. Los Music Master \u2013recuerda el doctor Correa\u2013 alternaron con P\u00e9rez Prado, las hermanas N\u00fa\u00f1ez y Memo Neira.<\/p>\n<p>En su opini\u00f3n, \u00e9se fue el mayor apoyo que se le brind\u00f3 a los muchachos de esa \u00e9poca, la libertad de tocar su m\u00fasica.<\/p>\n<figure id=\"attachment_35610\" aria-describedby=\"caption-attachment-35610\" style=\"width: 700px\" class=\"wp-caption aligncenter\"><a href=\"https:\/\/www.laprensa.com.ni\/magazine\/wp-content\/uploads\/2017\/06\/Grupo-Llama-Viva.jpg\"><img loading=\"lazy\" decoding=\"async\" class=\"wp-image-35610 size-full\" src=\"https:\/\/www.laprensa.com.ni\/magazine\/wp-content\/uploads\/2017\/06\/Grupo-Llama-Viva.jpg\" alt=\"Fotos German Miranda , Carlos Malespin, Archivo y Colaboraci\u00f3n\" width=\"700\" height=\"409\" srcset=\"https:\/\/d1xxa24wwackpg.cloudfront.net\/wp-content\/uploads\/2017\/06\/07144653\/Grupo-Llama-Viva.jpg 700w, https:\/\/d1xxa24wwackpg.cloudfront.net\/wp-content\/uploads\/2017\/06\/07144653\/Grupo-Llama-Viva.jpg 300w, https:\/\/d1xxa24wwackpg.cloudfront.net\/wp-content\/uploads\/2017\/06\/07144653\/Grupo-Llama-Viva.jpg 600w\" sizes=\"(max-width: 700px) 100vw, 700px\" \/><\/a><figcaption id=\"caption-attachment-35610\" class=\"wp-caption-text\">Finales de los 60 e inicios de los 70, \u00e9se era el estilo del grupo Llama Viva, quien se ha encargado estos \u00faltimos a\u00f1os de mantener viva esa \u00e9poca a trav\u00e9s del Revival.<\/figcaption><\/figure>\n<p style=\"text-align: center;\">***<\/p>\n<p>Para los m\u00fasicos consultados ya no habr\u00e1 tiempos mejores como los que vivieron en la d\u00e9cada de los 60. Esa \u00e9poca donde realizaban los \u201cmano a mano\u201d, cuando se sent\u00edan \u201cen su charco\u201d tocando en el Instituto Vocacional, y donde se eleg\u00eda al mejor grupo al son de los aplausos.<\/p>\n<p>Afirman que los grupos de hoy tienen un mayor nivel de conocimiento y t\u00e9cnica musical, es algo innegable. Tambi\u00e9n se dedican a realizar sus propias creaciones y grabarlas. Antes las disqueras los obligaban a copiar \u00e9xitos del extranjero para vender un \u00e9xito seguro, lo cual no significa que no hubieran creaciones originales, porque las hubo y muchas.<\/p>\n<p>\u201cCreo que al contrario de los grupos de los 60, hoy en d\u00eda priva m\u00e1s la parte econ\u00f3mica y quiz\u00e1s en el movimiento rockero nacional es donde hay menos esp\u00edritu comercial. Al resto lo que le interesa es ganar m\u00e1s dinero y est\u00e1 bien, no es algo criticable\u201d, dice Augusto Gallego, el vocalista de Llama Viva.<\/p>\n<p>Para los m\u00fasicos de los 60 era m\u00e1s satisfactorio ver a la gente bailando, gozando de su m\u00fasica, y uno que otro hippie lanz\u00e1ndose su petardo, a como le dec\u00edan a los churros de marihuana.<\/p>\n<p>\u201cLo \u00fanico negativo de la juventud de esa \u00e9poca es que agarr\u00f3 una velocidad incre\u00edble por las drogas pesadas\u201d, se\u00f1ala Manuel Antonio Orozco, vocalista de Los Ramblers.<\/p>\n<p>La mayor\u00eda de estos grupos desaparecieron a finales de los 60, pues la gente ten\u00eda el temor de salir a divertirse, ya que comenzaron los enfrentamientos entre la guerrilla y la Guardia somocista. A cualquiera que encontraban vagando en la noche, lo montaban en los BECAT (Brigada Especial contra Asaltos y Terrorismo) y lo arrestaban.<\/p>\n<p>Pero lo que le puso la tapa al pomo fue la guerra civil de los a\u00f1os 80, cuando la mayor\u00eda de los grupos emigr\u00f3 hacia Estados Unidos.<\/p>\n<p>En el 30 aniversario de Los Ramblers, realizado en Los \u00c1ngeles hace 13 a\u00f1os, se reencontraron m\u00fasicos que tocaron con Los B\u00e1rbaros, Los In Light, Los Music Master, hasta uno que toc\u00f3 con Mancotal, Edgar Aguilar, \u201cEl Gato\u201d, afirma Orozco. \u201cTodos nos reunimos para recordar los inolvidables a\u00f1os 60, una era que nos marc\u00f3 para siempre y con la que nos sentimos identificados inmediatamente\u201d.<\/p>\n<figure id=\"attachment_35611\" aria-describedby=\"caption-attachment-35611\" style=\"width: 700px\" class=\"wp-caption aligncenter\"><a href=\"https:\/\/www.laprensa.com.ni\/magazine\/wp-content\/uploads\/2017\/06\/El-grupo-La-Dulce-Zona-P\u00farpura.jpg\"><img loading=\"lazy\" decoding=\"async\" class=\"wp-image-35611 size-full\" src=\"https:\/\/www.laprensa.com.ni\/magazine\/wp-content\/uploads\/2017\/06\/El-grupo-La-Dulce-Zona-P\u00farpura.jpg\" alt=\"Fotos German Miranda , Carlos Malespin, Archivo y Colaboraci\u00f3n\" width=\"700\" height=\"504\" srcset=\"https:\/\/d1xxa24wwackpg.cloudfront.net\/wp-content\/uploads\/2017\/06\/07144652\/El-grupo-La-Dulce-Zona-P%C3%BArpura.jpg 700w, https:\/\/d1xxa24wwackpg.cloudfront.net\/wp-content\/uploads\/2017\/06\/07144652\/El-grupo-La-Dulce-Zona-P%C3%BArpura.jpg 300w, https:\/\/d1xxa24wwackpg.cloudfront.net\/wp-content\/uploads\/2017\/06\/07144652\/El-grupo-La-Dulce-Zona-P%C3%BArpura.jpg 600w\" sizes=\"(max-width: 700px) 100vw, 700px\" \/><\/a><figcaption id=\"caption-attachment-35611\" class=\"wp-caption-text\">El grupo La Dulce Zona P\u00farpura, en un concierto en la Tortuga Morada.<\/figcaption><\/figure>\n<p>&nbsp;<\/p>\n<p>Fotos German Miranda, Carlos Malespin, Archivo y Colaboraci\u00f3n<\/p>\n","protected":false},"excerpt":{"rendered":"<p>Los sesentas,una d\u00e9cada marcada por el rock, las drogas y el amor libre. M\u00fasicos nicarag\u00fcenses afirman que fue una era de cambios para la humanidad, pero sobre todo una \u00e9poca de rebeld\u00eda contra una sociedad reprimida y mojigata<\/p>\n","protected":false},"author":46,"featured_media":35607,"comment_status":"open","ping_status":"open","sticky":false,"template":"","format":"standard","meta":{"_acf_changed":false,"footnotes":""},"categories":[26],"tags":[],"class_list":["post-35602","post","type-post","status-publish","format-standard","has-post-thumbnail","hentry","category-reportajes"],"acf":[],"_links":{"self":[{"href":"https:\/\/staging.laprensanic.com\/magazine\/wp-json\/wp\/v2\/posts\/35602","targetHints":{"allow":["GET"]}}],"collection":[{"href":"https:\/\/staging.laprensanic.com\/magazine\/wp-json\/wp\/v2\/posts"}],"about":[{"href":"https:\/\/staging.laprensanic.com\/magazine\/wp-json\/wp\/v2\/types\/post"}],"author":[{"embeddable":true,"href":"https:\/\/staging.laprensanic.com\/magazine\/wp-json\/wp\/v2\/users\/46"}],"replies":[{"embeddable":true,"href":"https:\/\/staging.laprensanic.com\/magazine\/wp-json\/wp\/v2\/comments?post=35602"}],"version-history":[{"count":7,"href":"https:\/\/staging.laprensanic.com\/magazine\/wp-json\/wp\/v2\/posts\/35602\/revisions"}],"predecessor-version":[{"id":45254,"href":"https:\/\/staging.laprensanic.com\/magazine\/wp-json\/wp\/v2\/posts\/35602\/revisions\/45254"}],"wp:featuredmedia":[{"embeddable":true,"href":"https:\/\/staging.laprensanic.com\/magazine\/wp-json\/wp\/v2\/media\/35607"}],"wp:attachment":[{"href":"https:\/\/staging.laprensanic.com\/magazine\/wp-json\/wp\/v2\/media?parent=35602"}],"wp:term":[{"taxonomy":"category","embeddable":true,"href":"https:\/\/staging.laprensanic.com\/magazine\/wp-json\/wp\/v2\/categories?post=35602"},{"taxonomy":"post_tag","embeddable":true,"href":"https:\/\/staging.laprensanic.com\/magazine\/wp-json\/wp\/v2\/tags?post=35602"}],"curies":[{"name":"wp","href":"https:\/\/api.w.org\/{rel}","templated":true}]}}