{"id":35654,"date":"2010-09-19T14:11:20","date_gmt":"2010-09-19T20:11:20","guid":{"rendered":"https:\/\/www.magazine.com.ni\/?p=35654"},"modified":"2018-10-08T15:11:30","modified_gmt":"2018-10-08T15:11:30","slug":"la-nica-en-el-gabinete-de-obama","status":"publish","type":"post","link":"https:\/\/staging.laprensanic.com\/magazine\/reportajes\/la-nica-en-el-gabinete-de-obama\/","title":{"rendered":"La nica en el Gabinete de Obama"},"content":{"rendered":"<p style=\"text-align: center;\">En un pueblito del norte del pa\u00eds vive la familia de una de las figuras latinas m\u00e1s influyentes de Estados Unidos. De padre mexicano y madre nicarag\u00fcense, Hilda Sol\u00eds fue nombrada Secretaria del Trabajo en el 2008, convirti\u00e9ndose as\u00ed en la primera mujer hispana en alcanzar ese puesto. Sus parientes hablan del v\u00ednculo de Sol\u00eds con Nicaragua y de lo orgullosos que se sienten<\/p>\n<p style=\"text-align: center;\"><strong>Dora Luz Romero<\/strong><\/p>\n<p>San Rafael del Norte, Jinotega. 185 kil\u00f3metros al norte de la capital. Una calle adoquinada da la bienvenida a este pueblito de poco m\u00e1s de 15 mil habitantes. Hace viento y hay tanto silencio que da la impresi\u00f3n que en este lugar ni los p\u00e1jaros cantan.<\/p>\n<p>En una de las tantas calles pedregosas de este sitio, se divisa una casita sin pintar con puertas de madera que abren de par en par y una bandera azul y blanco que guinda de la ventana.<\/p>\n<p>El piso de la sala, con ladrillos rojos y gris\u00e1ceos, pareciera una gran mesa de ajedrez. Sobre las paredes pintadas de verde aqua cuelgan decenas de fotograf\u00edas. Las hay de las t\u00edas, primos, hermanos y muchos otros familiares. Pero en medio de aquel espacio lleno de im\u00e1genes, hay un retrato que llama la atenci\u00f3n de cualquiera que visite esta casa.<\/p>\n<p>La retratera es dorada y se puede ver a un grupo de personas. Pero el rostro que salta sin necesidad de esforzarse es el del sonriente Presidente de Estados Unidos, Barack Obama.<\/p>\n<p>\u00c9sta es la casa de do\u00f1a Elsa M\u00f6ller de Rivera, de 77 a\u00f1os y el grupo de personas que aparecen junto al mandatario del pa\u00eds del norte son sus familiares.<\/p>\n<p>Ese d\u00eda \u2013dice orgullosa do\u00f1a Elsa, mientras se\u00f1ala la fotograf\u00eda\u2013 fue cuando la juramentaron como Secretaria del Trabajo. La se\u00f1ora arrugadita y un tanto parca, habla de su sobrina, la hija de su hermana Juanita. Habla de Hilda Sol\u00eds.<\/p>\n<p>En diciembre de 2008, Barack Obama, nombr\u00f3 a Hilda Sol\u00eds para el cargo de Secretaria del Trabajo. Hija de inmigrantes, padre mexicano y madre nicarag\u00fcense, Sol\u00eds se convirti\u00f3 en la primera mujer hispana en la historia de Estados Unidos en formar parte de un gabinete presidencial.<\/p>\n<p>Su rostro se ha hecho conocido alrededor del mundo. Los diarios y revistas han dedicado p\u00e1ginas enteras para contar la vida de esta mujer que es considerada una de las latinas m\u00e1s influyentes de ese pa\u00eds.<\/p>\n<p>Mientras tanto, en San Rafael del Norte, los familiares de Hilda Sol\u00eds sienten el pecho henchido de orgullo y aseguran que ella es un ejemplo a seguir.<\/p>\n<p>En esta casa no se vive con lujos ni derroches, m\u00e1s bien se trata de una familia humilde y trabajadora. Es la familia que conecta a Hilda Sol\u00eds con sus ra\u00edces nicarag\u00fcenses. Ellos son la familia de la Secretaria del Trabajo de los Estados Unidos.<\/p>\n<figure id=\"attachment_35663\" aria-describedby=\"caption-attachment-35663\" style=\"width: 700px\" class=\"wp-caption aligncenter\"><a href=\"https:\/\/www.laprensa.com.ni\/magazine\/wp-content\/uploads\/2017\/07\/magazine169-tripa-73.jpg\"><img fetchpriority=\"high\" decoding=\"async\" class=\"wp-image-35663 size-full\" src=\"https:\/\/www.laprensa.com.ni\/magazine\/wp-content\/uploads\/2017\/07\/magazine169-tripa-73.jpg\" alt=\"El Presidente Obama junto a Hilda Sol\u00eds\" width=\"700\" height=\"511\" srcset=\"https:\/\/d1xxa24wwackpg.cloudfront.net\/wp-content\/uploads\/2017\/07\/07144629\/magazine169-tripa-73.jpg 700w, https:\/\/d1xxa24wwackpg.cloudfront.net\/wp-content\/uploads\/2017\/07\/07144629\/magazine169-tripa-73.jpg 300w, https:\/\/d1xxa24wwackpg.cloudfront.net\/wp-content\/uploads\/2017\/07\/07144629\/magazine169-tripa-73.jpg 600w\" sizes=\"(max-width: 700px) 100vw, 700px\" \/><\/a><figcaption id=\"caption-attachment-35663\" class=\"wp-caption-text\">El Presidente Obama junto a Hilda Sol\u00eds, su esposo Sam Sayyad, sus hermanas y resto de familiares.<\/figcaption><\/figure>\n<p style=\"text-align: center;\">***<\/p>\n<p style=\"text-align: left;\">Un consejero del colegio le recomend\u00f3 a la mam\u00e1 de Hilda Sol\u00eds que su hija estudiara secretariado. \u201cSu hija no es material para la universidad. Quiz\u00e1s deber\u00eda seguir la carrera de su hermana mayor y convertirse en secretaria\u201d, fueron las palabras para do\u00f1a Juana Sequeira M\u00f6ller .<\/p>\n<p style=\"text-align: left;\">Los padres de Hilda hab\u00edan llegado a Estados Unidos cuando eran j\u00f3venes. Cada uno por su lado. \u00c9l, Ra\u00fal Sol\u00eds, de origen mexicano, era un obrero sindicalista y ella, Juana Sequeira M\u00f6ller, nicarag\u00fcense, trabajaba en una f\u00e1brica de juguetes.<\/p>\n<p style=\"text-align: left;\">Do\u00f1a Juana, originaria de Jinotega, sali\u00f3 del pa\u00eds cuando ten\u00eda unos 18 a\u00f1os. Su hermana, Elsa, lo recuerda muy bien. \u201cElla no viv\u00eda con nosotros. Viv\u00eda con una familia que la quer\u00eda como a una hija. Hizo amistad con ellos y se fue quedando. Eso era cuando ella ten\u00eda unos doce a\u00f1os. \u00c9ramos vecinos en Jinotega\u201d, cuenta.<\/p>\n<p style=\"text-align: left;\">A\u00f1os m\u00e1s tarde, la familia con la que viv\u00eda do\u00f1a Juana se traslad\u00f3 a Managua y se la llevaron con ellos, pero siempre visitaba a su familia en Jinotega. Pero cuando do\u00f1a Juana ten\u00eda unos 18 a\u00f1os, sus padres de crianza decidieron irse a Estados Unidos. \u201cMi mam\u00e1 no quer\u00eda dejarla ir ni a Managua y menos a Estados Unidos. Ella vino a Jinotega y mi mam\u00e1 le dijo que no. Por \u00faltimo mandaron a algunos amigos para que la convencieran y firmara los papeles. Al final mi mam\u00e1 acept\u00f3 y ella se fue\u201d, asegura do\u00f1a Elsa, quien recuerda que vivieron una ni\u00f1ez con muchas limitaciones. Tanto as\u00ed que ni siquiera lograron terminar la primaria y desde muy peque\u00f1itas les toc\u00f3 ayudar en los quehaceres del hogar.<\/p>\n<p style=\"text-align: left;\">A pesar de la distancia, do\u00f1a Juana siempre se comunicaba con sus hermanas y su mam\u00e1. \u201cNos hac\u00eda falta, pero ella siempre nos escrib\u00eda. Cuando sal\u00eda a pasear nos contaba. Nos dec\u00eda que no nos afligi\u00e9ramos que estaba con nosotros. Siempre estuvo al cuidado de mi mam\u00e1\u201d, asegura do\u00f1a Elsa.<\/p>\n<p style=\"text-align: left;\">Pasaron los a\u00f1os y pronto supieron que do\u00f1a Juana se hab\u00eda casado y hab\u00eda tenido hijos. Poco a poco hab\u00eda ido haciendo su vida en el extranjero.<\/p>\n<p style=\"text-align: left;\">Una de esas hijas era Hilda Sol\u00eds. La tercera de siete hermanos, nacida el 20 de octubre de 1957 en Los \u00c1ngeles, California. La misma muchachita a la que el consejero estudiantil no consider\u00f3 \u201cmaterial para la universidad\u201d.<\/p>\n<p style=\"text-align: left;\">Hilda y sus padres pusieron o\u00eddos sordos a aquel consejo y \u00a0fue as\u00ed que ella se convirti\u00f3 en la primera de su familia en asistir a la universidad gracias a una beca estatal. Se gradu\u00f3 en Ciencias Pol\u00edticas en la Universidad Polit\u00e9cnica Estatal de California, Pomona, en 1979, y luego obtuvo una maestr\u00eda en Administraci\u00f3n P\u00fablica en la Universidad del Sur de California.<\/p>\n<p style=\"text-align: left;\">La an\u00e9cdota sobre la sugerencia que recibi\u00f3 do\u00f1a Juana del consejero estudiantil de su hija \u2013cuenta el New York Times en un art\u00edculo publicado en julio de 2009\u2013 ha sido utilizada por Hilda Sol\u00eds en varias ocasiones. Lo ha hecho para dejar claro que la vida est\u00e1 llena de obst\u00e1culos y que \u00e9stos pueden ser superados.<\/p>\n<p style=\"text-align: left;\">Sol\u00eds mencion\u00f3 esta historia el a\u00f1o pasado en el Hunter College en Manhattan, Estados Unidos y dijo que s\u00ed, efectivamente se hab\u00eda convertido en una secretaria \u201cen la Secretaria del Trabajo de la Naci\u00f3n\u201d. Ese d\u00eda, el p\u00fablico no ces\u00f3 de aplaudirle, relata el diario norteamericano.<\/p>\n<figure id=\"attachment_35662\" aria-describedby=\"caption-attachment-35662\" style=\"width: 700px\" class=\"wp-caption aligncenter\"><a href=\"https:\/\/www.laprensa.com.ni\/magazine\/wp-content\/uploads\/2017\/07\/magazine169-tripa-81.jpg\"><img decoding=\"async\" class=\"wp-image-35662 size-full\" src=\"https:\/\/www.laprensa.com.ni\/magazine\/wp-content\/uploads\/2017\/07\/magazine169-tripa-81.jpg\" alt=\"\" width=\"700\" height=\"325\" srcset=\"https:\/\/d1xxa24wwackpg.cloudfront.net\/wp-content\/uploads\/2017\/07\/07144630\/magazine169-tripa-81.jpg 700w, https:\/\/d1xxa24wwackpg.cloudfront.net\/wp-content\/uploads\/2017\/07\/07144630\/magazine169-tripa-81.jpg 300w, https:\/\/d1xxa24wwackpg.cloudfront.net\/wp-content\/uploads\/2017\/07\/07144630\/magazine169-tripa-81.jpg 600w\" sizes=\"(max-width: 700px) 100vw, 700px\" \/><\/a><figcaption id=\"caption-attachment-35662\" class=\"wp-caption-text\">Sol\u00eds fue la primera de su familia en asistir a la universidad.<\/figcaption><\/figure>\n<p style=\"text-align: center;\">***<\/p>\n<p style=\"text-align: left;\">El 26 de julio de este a\u00f1o hasta los menos curiosos de San Rafael del Norte sacaron la cabeza por la ventana para ver qui\u00e9n era ese personaje que llegaba a bordo de una gran camioneta y escoltado por poco m\u00e1s de dos decenas de polic\u00edas y antimotines.<\/p>\n<p style=\"text-align: left;\">La camioneta entr\u00f3 por una calle angosta y pedregosa y se parque\u00f3 justo frente a la casita de do\u00f1a Elsa. Primero baj\u00f3 su hermana, do\u00f1a Juana y luego, de otra camioneta, baj\u00f3 Hilda Sol\u00eds, su sobrina.<\/p>\n<p style=\"text-align: left;\">Sol\u00eds baj\u00f3 con un ramo de rosas, que luego entreg\u00f3 a su t\u00eda Elsa tras darle un largo abrazo. Hac\u00eda m\u00e1s o menos, siete a\u00f1os, calculan los familiares, que no la ve\u00edan. \u00c9sta, era su segunda visita al pa\u00eds.<\/p>\n<p style=\"text-align: left;\">En la casa le esperaban el resto de parientes que hab\u00edan sido convocados para la reuni\u00f3n familiar.<br \/>\n\u201cElla siempre que viene se empe\u00f1a en reunir a la familia\u201d, asegura Marta Elena Rivera, prima hermana de Sol\u00eds.<\/p>\n<p style=\"text-align: left;\">La familia lleg\u00f3 desde diferentes partes del pa\u00eds. Algunos de Pantasma, Jinotega, de Rancho Grande, Matagalpa y otros de Estel\u00ed.<\/p>\n<p style=\"text-align: left;\">Fue un d\u00eda de fiesta en la casa de do\u00f1a Elsa. Sirvieron arroz con pollo y cebada, en honor a la festejada. \u201cElla no anda con cuentos. A ella le gusta lo nicarag\u00fcense\u201d, asegura Santiago Rivera, otro de los primos. Adem\u00e1s hab\u00eda rosquillas, pinolillo y cajetas.<\/p>\n<p style=\"text-align: left;\">Esa tarde, todos los familiares se presentaron. Uno a uno. Dec\u00edan su nombre y de qui\u00e9nes eran hijos, para que as\u00ed ella les reconociera.<\/p>\n<p style=\"text-align: left;\">Fueron unas tres quiz\u00e1s cuatro horas las que esta familia pudo compartir con su famosa pariente, con quien aseguran mantener contacto frecuente.<\/p>\n<p style=\"text-align: left;\">\u201cElla es una mujer bien sencilla. Siempre nos dice que tenemos que superarnos y que hay que seguir estudiando. Nos dice que si ella lo logr\u00f3 todos podemos hacerlo\u201d, relata Marta Elena. Es amable, dice Ileana, otra de las primas. \u201cSe adapta a nosotros\u201d, explica.<\/p>\n<p style=\"text-align: left;\">Quienes estuvieron ah\u00ed cuentan que Sol\u00eds particip\u00f3 de las actividades que se realizaron. \u201cElla (Sol\u00eds) nos recibi\u00f3 como una mujer de hogar, con mucha sencillez, humildad y carisma\u201d, asegura Alberto Rivera Monz\u00f3n, periodista y propietario de Radio Isabelia, quien particip\u00f3 del agasajo. \u201cEs muy campechana, muy pr\u00e1ctica, muy popular. Ella particip\u00f3 igual que todos, no es una mujer sofisticada ni apartada\u201d, dice el periodista.<\/p>\n<p style=\"text-align: left;\">Por su parte, Sol\u00eds, dijo en su momento ante los diferentes medios de comunicaci\u00f3n que \u201cme dio bastante gusto visitar a nuestras t\u00edas, primos y primas\u201d. Adem\u00e1s confes\u00f3 que Nicaragua le parec\u00eda un pa\u00eds \u201cmuy lindo\u201d.<\/p>\n<p style=\"text-align: left;\">Hilda Sol\u00eds viene de ra\u00edces nicarag\u00fcenses muy humildes. Sus familiares, en su mayor\u00eda, se dedican al trabajo en el campo y algunas como Marta Elena e Ileana trabajan como profesoras de primaria y secundaria, respectivamente.<\/p>\n<div id='gallery-1' class='gallery galleryid-35654 gallery-columns-3 gallery-size-thumbnail'><figure class='gallery-item'>\n\t\t\t<div class='gallery-icon landscape'>\n\t\t\t\t<a href='https:\/\/staging.laprensanic.com\/magazine\/reportajes\/la-nica-en-el-gabinete-de-obama\/attachment\/magazine169-tripa-84\/'><img decoding=\"async\" width=\"150\" height=\"150\" src=\"https:\/\/d1xxa24wwackpg.cloudfront.net\/wp-content\/uploads\/2017\/07\/07144628\/magazine169-tripa-84.jpg\" class=\"attachment-thumbnail size-thumbnail\" alt=\"Las cuatro t\u00edas maternas de Hilda Sol\u00eds. Fotos de Bismarck Picado\" aria-describedby=\"gallery-1-35664\" srcset=\"https:\/\/d1xxa24wwackpg.cloudfront.net\/wp-content\/uploads\/2017\/07\/07144628\/magazine169-tripa-84.jpg 150w, https:\/\/d1xxa24wwackpg.cloudfront.net\/wp-content\/uploads\/2017\/07\/07144628\/magazine169-tripa-84.jpg 24w, https:\/\/d1xxa24wwackpg.cloudfront.net\/wp-content\/uploads\/2017\/07\/07144628\/magazine169-tripa-84.jpg 48w, https:\/\/d1xxa24wwackpg.cloudfront.net\/wp-content\/uploads\/2017\/07\/07144628\/magazine169-tripa-84.jpg 96w, https:\/\/d1xxa24wwackpg.cloudfront.net\/wp-content\/uploads\/2017\/07\/07144628\/magazine169-tripa-84.jpg 300w, https:\/\/d1xxa24wwackpg.cloudfront.net\/wp-content\/uploads\/2017\/07\/07144628\/magazine169-tripa-84.jpg 100w\" sizes=\"(max-width: 150px) 100vw, 150px\" \/><\/a>\n\t\t\t<\/div>\n\t\t\t\t<figcaption class='wp-caption-text gallery-caption' id='gallery-1-35664'>\n\t\t\t\tLas cuatro t\u00edas maternas de Hilda Sol\u00eds junto a su mam\u00e1 Juana Sequeira M\u00f6ller.\n\t\t\t\t<\/figcaption><\/figure><figure class='gallery-item'>\n\t\t\t<div class='gallery-icon landscape'>\n\t\t\t\t<a href='https:\/\/staging.laprensanic.com\/magazine\/reportajes\/la-nica-en-el-gabinete-de-obama\/attachment\/magazine169-tripa-85\/'><img loading=\"lazy\" decoding=\"async\" width=\"150\" height=\"150\" src=\"https:\/\/d1xxa24wwackpg.cloudfront.net\/wp-content\/uploads\/2017\/07\/07144627\/magazine169-tripa-85.jpg\" class=\"attachment-thumbnail size-thumbnail\" alt=\"Fotos de Bismarck Picado\" aria-describedby=\"gallery-1-35665\" srcset=\"https:\/\/d1xxa24wwackpg.cloudfront.net\/wp-content\/uploads\/2017\/07\/07144627\/magazine169-tripa-85.jpg 150w, https:\/\/d1xxa24wwackpg.cloudfront.net\/wp-content\/uploads\/2017\/07\/07144627\/magazine169-tripa-85.jpg 24w, https:\/\/d1xxa24wwackpg.cloudfront.net\/wp-content\/uploads\/2017\/07\/07144627\/magazine169-tripa-85.jpg 48w, https:\/\/d1xxa24wwackpg.cloudfront.net\/wp-content\/uploads\/2017\/07\/07144627\/magazine169-tripa-85.jpg 96w, https:\/\/d1xxa24wwackpg.cloudfront.net\/wp-content\/uploads\/2017\/07\/07144627\/magazine169-tripa-85.jpg 300w, https:\/\/d1xxa24wwackpg.cloudfront.net\/wp-content\/uploads\/2017\/07\/07144627\/magazine169-tripa-85.jpg 100w\" sizes=\"(max-width: 150px) 100vw, 150px\" \/><\/a>\n\t\t\t<\/div>\n\t\t\t\t<figcaption class='wp-caption-text gallery-caption' id='gallery-1-35665'>\n\t\t\t\tLa mayor\u00eda de los familiares nicarag\u00fcenses de Sol\u00eds viven en zonas alejadas de la ciudad y se dedican a la agricultura. En la imagen, la familia de San Rafael del Norte.\n\t\t\t\t<\/figcaption><\/figure><figure class='gallery-item'>\n\t\t\t<div class='gallery-icon landscape'>\n\t\t\t\t<a href='https:\/\/staging.laprensanic.com\/magazine\/reportajes\/la-nica-en-el-gabinete-de-obama\/attachment\/untitled-1-5\/'><img loading=\"lazy\" decoding=\"async\" width=\"150\" height=\"150\" src=\"https:\/\/d1xxa24wwackpg.cloudfront.net\/wp-content\/uploads\/2017\/07\/07144626\/Untitled-1.jpg\" class=\"attachment-thumbnail size-thumbnail\" alt=\"Fotos de Bismarck Picado\" aria-describedby=\"gallery-1-35666\" srcset=\"https:\/\/d1xxa24wwackpg.cloudfront.net\/wp-content\/uploads\/2017\/07\/07144626\/Untitled-1.jpg 150w, https:\/\/d1xxa24wwackpg.cloudfront.net\/wp-content\/uploads\/2017\/07\/07144626\/Untitled-1.jpg 24w, https:\/\/d1xxa24wwackpg.cloudfront.net\/wp-content\/uploads\/2017\/07\/07144626\/Untitled-1.jpg 48w, https:\/\/d1xxa24wwackpg.cloudfront.net\/wp-content\/uploads\/2017\/07\/07144626\/Untitled-1.jpg 96w, https:\/\/d1xxa24wwackpg.cloudfront.net\/wp-content\/uploads\/2017\/07\/07144626\/Untitled-1.jpg 300w, https:\/\/d1xxa24wwackpg.cloudfront.net\/wp-content\/uploads\/2017\/07\/07144626\/Untitled-1.jpg 100w\" sizes=\"(max-width: 150px) 100vw, 150px\" \/><\/a>\n\t\t\t<\/div>\n\t\t\t\t<figcaption class='wp-caption-text gallery-caption' id='gallery-1-35666'>\n\t\t\t\tIleana Rivera, una de las primas hermanas de Sol\u00eds, es profesora de secundaria en la Escuela Elieta Rizo, de Sabana Grande.\n\t\t\t\t<\/figcaption><\/figure><figure class='gallery-item'>\n\t\t\t<div class='gallery-icon landscape'>\n\t\t\t\t<a href='https:\/\/staging.laprensanic.com\/magazine\/reportajes\/la-nica-en-el-gabinete-de-obama\/attachment\/untitled-1-6\/'><img loading=\"lazy\" decoding=\"async\" width=\"150\" height=\"150\" src=\"https:\/\/d1xxa24wwackpg.cloudfront.net\/wp-content\/uploads\/2017\/07\/07144625\/Untitled-1-1.jpg\" class=\"attachment-thumbnail size-thumbnail\" alt=\"Fotos de Bismarck Picado\" aria-describedby=\"gallery-1-35667\" srcset=\"https:\/\/d1xxa24wwackpg.cloudfront.net\/wp-content\/uploads\/2017\/07\/07144625\/Untitled-1-1.jpg 150w, https:\/\/d1xxa24wwackpg.cloudfront.net\/wp-content\/uploads\/2017\/07\/07144625\/Untitled-1-1.jpg 24w, https:\/\/d1xxa24wwackpg.cloudfront.net\/wp-content\/uploads\/2017\/07\/07144625\/Untitled-1-1.jpg 48w, https:\/\/d1xxa24wwackpg.cloudfront.net\/wp-content\/uploads\/2017\/07\/07144625\/Untitled-1-1.jpg 96w, https:\/\/d1xxa24wwackpg.cloudfront.net\/wp-content\/uploads\/2017\/07\/07144625\/Untitled-1-1.jpg 300w, https:\/\/d1xxa24wwackpg.cloudfront.net\/wp-content\/uploads\/2017\/07\/07144625\/Untitled-1-1.jpg 100w\" sizes=\"(max-width: 150px) 100vw, 150px\" \/><\/a>\n\t\t\t<\/div>\n\t\t\t\t<figcaption class='wp-caption-text gallery-caption' id='gallery-1-35667'>\n\t\t\t\t\u201cHilda siempre ha luchado por la gente com\u00fan y corriente\u201d, dijo el Presidente Obama cuando nombr\u00f3 a Sol\u00eds Secretaria del Trabajo. En la imagen la familia de Sol\u00eds junto al Presidente.\n\t\t\t\t<\/figcaption><\/figure>\n\t\t<\/div>\n\n<p style=\"text-align: center;\">***<\/p>\n<p style=\"text-align: left;\">En diciembre del 2008, el Presidente de Estados Unidos nombr\u00f3 a Hilda Sol\u00eds Secretaria del Trabajo de ese pa\u00eds. Con ella, Barack Obama completaba su Gabinete, en el que incluy\u00f3 a tres hispanos. Pero fue hasta febrero del 2009 que el Senado aprob\u00f3 su nombramiento y un mes m\u00e1s tarde fue juramentada.<\/p>\n<p style=\"text-align: left;\">\u201cHilda siempre ha luchado por la gente com\u00fan y corriente\u201d, dijo el Presidente Obama al referirse a Sol\u00eds. Ella contest\u00f3 con un gesto de agradecimiento: \u201cComo hija de inmigrantes, estoy muy honrada por esta oportunidad. Tambi\u00e9n quisiera agradecerle a mi esposo, a mis padres, Ra\u00fal, de M\u00e9xico y Juana, de Nicaragua, y a mi familia, por todo su apoyo\u201d. \u00c9sas fueron sus primeras palabras al saber del nombramiento.<\/p>\n<p style=\"text-align: left;\">Esta mujer de ra\u00edces nicarag\u00fcenses y mexicanas se hab\u00eda involucrado en pol\u00edtica desde que era estudiante universitaria. Cuenta su biograf\u00eda que durante el mandato de Jimmy Carter tuvo un trabajo temporal en la Oficina de Asuntos Hisp\u00e1nicos de la Casa Blanca como parte de su programa acad\u00e9mico.<\/p>\n<p style=\"text-align: left;\">En 1992, Sol\u00eds gan\u00f3 un esca\u00f1o en la Asamblea Legislativa de California y dos a\u00f1os despu\u00e9s fue electa para el Senado Estatal, convirti\u00e9ndose en la primera Senadora Latina del Estado de California. Segu\u00eda haciendo historia y en el a\u00f1o 2000 fue electa para formar parte del Congreso de Estados Unidos, donde estuvo por cuatro per\u00edodos.<\/p>\n<p style=\"text-align: left;\">Desde sus espacios, detallan sus diversas biograf\u00edas, ha sido considerada una defensora de los derechos de las minor\u00edas. Ha luchado en contra del trabajo infantil, para conseguir cobertura de salud para los m\u00e1s necesitados, por reformas laborales y por protecciones ambientales. Sol\u00eds adem\u00e1s ha promovido leyes para el aumento del salario m\u00ednimo y en contra de la violencia dom\u00e9stica. Desde su cargo, ha insistido, busca la creaci\u00f3n de empleos con salarios y condiciones m\u00e1s justas.<\/p>\n<p style=\"text-align: left;\">\u201cDesde las calles de Los \u00c1ngeles, cuando march\u00f3 con los trabajadores de limpieza, hasta los corredores del Congreso donde ha luchado por el derecho a la salud para todos, un salario m\u00ednimo viable y el derecho a la organizaci\u00f3n de los trabajadores, Hilda Sol\u00eds nunca ha dejado de pelear para que el sue\u00f1o americano est\u00e9 abierto a todos\u201d, es una de las citas del presidente de Sindicato de Trabajadores de Servicios, Andy Stern, que recoge un art\u00edculo publicado en la BBC en el 2008.<\/p>\n<p style=\"text-align: left;\">Sol\u00eds lo ha repetido una y otra vez. En televisi\u00f3n. En los diarios. En conferencias de prensa. Con educaci\u00f3n y dedicaci\u00f3n, ha dicho que \u201cel sue\u00f1o americano puede ser nuestro\u201d. Ella lo ha logrado. \u201cEstoy orgullosa de haber conseguido el sue\u00f1o americano viniendo de un suburbio de Los \u00c1ngeles\u201d, dijo Sol\u00eds en un discurso durante la Convenci\u00f3n Anual de la Liga de Ciudadanos Latinoamericanos Unidos (LULAC) en julio del a\u00f1o pasado.<\/p>\n<figure id=\"attachment_35660\" aria-describedby=\"caption-attachment-35660\" style=\"width: 700px\" class=\"wp-caption aligncenter\"><a href=\"https:\/\/www.laprensa.com.ni\/magazine\/wp-content\/uploads\/2017\/06\/magazine169-tripa-70.jpg\"><img loading=\"lazy\" decoding=\"async\" class=\"wp-image-35660 size-full\" src=\"https:\/\/www.laprensa.com.ni\/magazine\/wp-content\/uploads\/2017\/06\/magazine169-tripa-70.jpg\" alt=\"En diciembre de 2008 Hilda Sol\u00eds fue nombrada Secretaria del Trabajo de los EE.UU. \" width=\"700\" height=\"722\" srcset=\"https:\/\/d1xxa24wwackpg.cloudfront.net\/wp-content\/uploads\/2017\/06\/07144632\/magazine169-tripa-70.jpg 700w, https:\/\/d1xxa24wwackpg.cloudfront.net\/wp-content\/uploads\/2017\/06\/07144632\/magazine169-tripa-70.jpg 291w, https:\/\/d1xxa24wwackpg.cloudfront.net\/wp-content\/uploads\/2017\/06\/07144632\/magazine169-tripa-70.jpg 24w, https:\/\/d1xxa24wwackpg.cloudfront.net\/wp-content\/uploads\/2017\/06\/07144632\/magazine169-tripa-70.jpg 600w\" sizes=\"(max-width: 700px) 100vw, 700px\" \/><\/a><figcaption id=\"caption-attachment-35660\" class=\"wp-caption-text\">En diciembre de 2008 Hilda Sol\u00eds fue nombrada Secretaria del Trabajo de los EE.UU. por el Presidente Barack Obama.<\/figcaption><\/figure>\n<p style=\"text-align: center;\">***<\/p>\n<p style=\"text-align: left;\">Do\u00f1a Elsa y sus hijas guardan con recelo los recortes de peri\u00f3dicos internacionales donde aparece Hilda Sol\u00eds. \u201cMi t\u00eda siempre nos mandaba los peri\u00f3dicos donde Hilda sal\u00eda. Hablaban de lo buena alumna que era en la universidad y de todo lo que iba logrando\u201d, relata Marta Elena. Precisamente \u00e9sa es una de las razones por las que siempre la han sentido tan cerca de la familia, aseguran.<\/p>\n<p style=\"text-align: left;\">\u201cPara nosotros es un orgullo. Sabemos que no es cualquiera que llega a ese puesto y menos siendo de origen latino\u201d, dice Marta Elena, quien sin duda reconoce que su prima es un ejemplo a seguir.<br \/>\nDo\u00f1a Elsa, por su parte, con una media sonrisa en el rostro, confiesa que para una familia tan pobre como la suya \u201cesto significa bastante\u201d.<\/p>\n<p style=\"text-align: left;\">Pero la vida de esta familia no ha cambiado en nada. Marta Elena e Ileana salen todas las ma\u00f1anas rumbo a las escuelas donde imparten clases. Santiago, por su parte, se dirige al campo donde trabaja la tierra. Eso s\u00ed. Cuando Hilda Sol\u00eds aparece pulcramente vestida en televisi\u00f3n, donde los Rivera M\u00f6ller hay alboroto. Se escuchan los gritos: \u201c\u00a1Ah\u00ed est\u00e1 la Hilda!\u201d, \u201c\u00a1Ah\u00ed est\u00e1 la Hilda!\u201d y toda la familia corre presurosa hacia el televisor para ver, aunque sea por unos segundos, a esa pariente de la que se sienten orgullosos.<\/p>\n<figure id=\"attachment_35661\" aria-describedby=\"caption-attachment-35661\" style=\"width: 700px\" class=\"wp-caption aligncenter\"><a href=\"https:\/\/www.laprensa.com.ni\/magazine\/wp-content\/uploads\/2017\/07\/magazine169-tripa-89.jpg\"><img loading=\"lazy\" decoding=\"async\" class=\"wp-image-35661 size-full\" src=\"https:\/\/www.laprensa.com.ni\/magazine\/wp-content\/uploads\/2017\/07\/magazine169-tripa-89.jpg\" alt=\"Hilda Sol\u00eds fue electa para formar parte del Congreso de Estados Unidos en el 2000\" width=\"700\" height=\"586\" srcset=\"https:\/\/d1xxa24wwackpg.cloudfront.net\/wp-content\/uploads\/2017\/07\/07144631\/magazine169-tripa-89.jpg 700w, https:\/\/d1xxa24wwackpg.cloudfront.net\/wp-content\/uploads\/2017\/07\/07144631\/magazine169-tripa-89.jpg 300w, https:\/\/d1xxa24wwackpg.cloudfront.net\/wp-content\/uploads\/2017\/07\/07144631\/magazine169-tripa-89.jpg 600w\" sizes=\"(max-width: 700px) 100vw, 700px\" \/><\/a><figcaption id=\"caption-attachment-35661\" class=\"wp-caption-text\">Sol\u00eds fue electa para formar parte del Congreso de Estados Unidos en el 2000, donde estuvo por cuatro per\u00edodos, o sea ocho a\u00f1os.<\/figcaption><\/figure>\n","protected":false},"excerpt":{"rendered":"<p>En un pueblito del norte del pa\u00eds vive la familia de una de las figuras latinas m\u00e1s influyentes de Estados Unidos. De padre mexicano y madre nicarag\u00fcense, Hilda Sol\u00eds fue nombrada Secretaria del Trabajo en el 2008, convirti\u00e9ndose as\u00ed en la primera mujer hispana en alcanzar ese puesto. Sus parientes hablan del v\u00ednculo de Sol\u00eds con Nicaragua y de lo orgullosos que se sienten<\/p>\n","protected":false},"author":46,"featured_media":35675,"comment_status":"open","ping_status":"open","sticky":false,"template":"","format":"standard","meta":{"_acf_changed":false,"footnotes":""},"categories":[26],"tags":[1959],"class_list":["post-35654","post","type-post","status-publish","format-standard","has-post-thumbnail","hentry","category-reportajes","tag-estados-unidos"],"acf":[],"_links":{"self":[{"href":"https:\/\/staging.laprensanic.com\/magazine\/wp-json\/wp\/v2\/posts\/35654","targetHints":{"allow":["GET"]}}],"collection":[{"href":"https:\/\/staging.laprensanic.com\/magazine\/wp-json\/wp\/v2\/posts"}],"about":[{"href":"https:\/\/staging.laprensanic.com\/magazine\/wp-json\/wp\/v2\/types\/post"}],"author":[{"embeddable":true,"href":"https:\/\/staging.laprensanic.com\/magazine\/wp-json\/wp\/v2\/users\/46"}],"replies":[{"embeddable":true,"href":"https:\/\/staging.laprensanic.com\/magazine\/wp-json\/wp\/v2\/comments?post=35654"}],"version-history":[{"count":8,"href":"https:\/\/staging.laprensanic.com\/magazine\/wp-json\/wp\/v2\/posts\/35654\/revisions"}],"predecessor-version":[{"id":45242,"href":"https:\/\/staging.laprensanic.com\/magazine\/wp-json\/wp\/v2\/posts\/35654\/revisions\/45242"}],"wp:featuredmedia":[{"embeddable":true,"href":"https:\/\/staging.laprensanic.com\/magazine\/wp-json\/wp\/v2\/media\/35675"}],"wp:attachment":[{"href":"https:\/\/staging.laprensanic.com\/magazine\/wp-json\/wp\/v2\/media?parent=35654"}],"wp:term":[{"taxonomy":"category","embeddable":true,"href":"https:\/\/staging.laprensanic.com\/magazine\/wp-json\/wp\/v2\/categories?post=35654"},{"taxonomy":"post_tag","embeddable":true,"href":"https:\/\/staging.laprensanic.com\/magazine\/wp-json\/wp\/v2\/tags?post=35654"}],"curies":[{"name":"wp","href":"https:\/\/api.w.org\/{rel}","templated":true}]}}