{"id":35700,"date":"2010-08-08T15:00:56","date_gmt":"2010-08-08T21:00:56","guid":{"rendered":"https:\/\/www.magazine.com.ni\/?p=35700"},"modified":"2018-10-08T15:00:50","modified_gmt":"2018-10-08T15:00:50","slug":"siempre-me-ensenaron-lo-que-cuesta-la-vida","status":"publish","type":"post","link":"https:\/\/staging.laprensanic.com\/magazine\/reportajes\/siempre-me-ensenaron-lo-que-cuesta-la-vida\/","title":{"rendered":"\u00abSiempre me ense\u00f1aron lo que cuesta la vida\u00bb"},"content":{"rendered":"<p style=\"text-align: center;\">Vivian Vanessa Pellas, la hija del hombre m\u00e1s rico de Nicaragua, quiso ser cantante, pero la voz no le dio. Amante de la m\u00fasica y del baile, esta jovencita bail\u00f3 junto a Britney Spears en uno de sus v\u00eddeos. Por ahora, la \u00fanica hija del empresario Carlos Pellas dirige un canal de televisi\u00f3n<\/p>\n<p style=\"text-align: center;\"><strong>Dora Luz Romero<\/strong><\/p>\n<p>Quiso ser cantante. Desde ni\u00f1a \u00e9se fue el sue\u00f1o de Vivian Vanessa Pellas. Se imaginaba en un escenario lleno de luces cantando y bailando frente a miles de espectadores. El rostro y el entusiasmo lo ten\u00eda, pero no la voz.<\/p>\n<p>Tom\u00f3 clases de canto, pero no le fue muy bien, lo confiesa. \u201cLo hice un a\u00f1o en California, pero despu\u00e9s me dije: no voy a perder mi tiempo. Me di cuenta que es dif\u00edcil el mundo de los artistas. Primero porque la mayor\u00eda de ellos que ya son famosos empezaron desde los 3 a\u00f1os y yo dec\u00eda: con 21 a\u00f1os no hay forma que pueda aprender a actuar y a cantar\u201d, dice entre risas.<\/p>\n<p>Tambi\u00e9n incursion\u00f3 en el mundo de la \u00f3pera. Tom\u00f3 un par de clases, pero sabe que \u201cno hubiera llegado tan lejos como artista\u201d. Adem\u00e1s confiesa que \u201ctodos la viven callando\u201d.<\/p>\n<p>Vivian Vanessa Pellas, de 28 a\u00f1os, la \u00fanica hija mujer de los tres reto\u00f1os del empresario Carlos Pellas y Vivian Fern\u00e1ndez, ha dejado a un lado el sue\u00f1o de ser artista y se ha dedicado a explotar su lado empresarial, al igual que su padre.<\/p>\n<p>Pero, \u00bfc\u00f3mo es ser la hija del hombre m\u00e1s rico de un pa\u00eds? Ella se lo cuenta a magazine.<\/p>\n<figure id=\"attachment_35704\" aria-describedby=\"caption-attachment-35704\" style=\"width: 640px\" class=\"wp-caption aligncenter\"><a href=\"https:\/\/www.laprensa.com.ni\/magazine\/wp-content\/uploads\/2017\/07\/Vivian-Vanessa-Pellas-nunca-la-dejaron-cortarse-el-cabello.jpg\"><img fetchpriority=\"high\" decoding=\"async\" class=\"wp-image-35704 size-large\" src=\"https:\/\/www.laprensa.com.ni\/magazine\/wp-content\/uploads\/2017\/07\/Vivian-Vanessa-Pellas-nunca-la-dejaron-cortarse-el-cabello-681x1024.jpg\" alt=\"Foto Uriel Molina\" width=\"640\" height=\"962\" srcset=\"https:\/\/d1xxa24wwackpg.cloudfront.net\/wp-content\/uploads\/2017\/07\/07144605\/Vivian-Vanessa-Pellas-nunca-la-dejaron-cortarse-el-cabello.jpg 681w, https:\/\/d1xxa24wwackpg.cloudfront.net\/wp-content\/uploads\/2017\/07\/07144605\/Vivian-Vanessa-Pellas-nunca-la-dejaron-cortarse-el-cabello.jpg 199w, https:\/\/d1xxa24wwackpg.cloudfront.net\/wp-content\/uploads\/2017\/07\/07144605\/Vivian-Vanessa-Pellas-nunca-la-dejaron-cortarse-el-cabello.jpg 600w, https:\/\/d1xxa24wwackpg.cloudfront.net\/wp-content\/uploads\/2017\/07\/07144605\/Vivian-Vanessa-Pellas-nunca-la-dejaron-cortarse-el-cabello.jpg 700w\" sizes=\"(max-width: 640px) 100vw, 640px\" \/><\/a><figcaption id=\"caption-attachment-35704\" class=\"wp-caption-text\">Sus padres nunca la dejaron cortarse el cabello, entonces una vez casada, fue lo primero que hizo, comenta entre risas.<\/figcaption><\/figure>\n<p style=\"text-align: center;\">***<\/p>\n<p>Naci\u00f3 en Miami el 20 de marzo de 1982. Un par de a\u00f1os antes de su nacimiento, en Nicaragua hab\u00eda triunfado la revoluci\u00f3n sandinista y sus padres, Carlos Pellas y Vivian Fern\u00e1ndez, hab\u00edan decidido viajar a Estados Unidos.<\/p>\n<p>Ella era la \u00fanica hija mujer del matrimonio Pellas Fern\u00e1ndez. Se cri\u00f3 junto a sus dos hermanos, Carlos y Eduardo.<\/p>\n<p>\u2014\u00bfFuiste la mimada por ser la \u00fanica hija?<\/p>\n<p>Vivian lanza una carcajada.<\/p>\n<p>\u2014Yo creo que los tres hemos sido mimados.<\/p>\n<p>De ni\u00f1a, con mucha frecuencia viajaba de Miami a Nicaragua junto a sus padres, pero al entrar a tercer grado, all\u00e1 por los a\u00f1os 90, la familia se instal\u00f3 nuevamente en Nicaragua.<\/p>\n<p>Estudi\u00f3 en el Colegio Americano y desde entonces ha sido una excelente alumna, se jacta. \u201cHe estado en los top de la clase\u201d, dice.<\/p>\n<p>Al graduarse, viaj\u00f3 a Estados Unidos a la University of Southern California (USC) donde estudi\u00f3 Comunicaci\u00f3n y Econom\u00eda. \u201cMe fui all\u00e1 porque me encantan los artistas, la televisi\u00f3n y qu\u00e9 mejor que Los \u00c1ngeles\u201d, asegura Vivian, quien a\u00f1os m\u00e1s tarde hizo una maestr\u00eda en Administraci\u00f3n de Empresas en el Instituto de Empresa en Madrid.<\/p>\n<p>El estudio ha sido una herencia de su padre, reconoce. Para Carlos Pellas la educaci\u00f3n ha sido prioridad en la vida de sus hijos. \u201cDesde peque\u00f1o nos inculc\u00f3 que ten\u00edamos que sacar buenas notas. Y si lo hac\u00edamos no nos castigaba\u201d, recuerda la jovencita tan delgada como un aguja.<\/p>\n<p>De su ni\u00f1ez, Vivian guarda muy buenos recuerdos. Fue feliz, dice. \u201cMi pap\u00e1 es un hombre sumamente cari\u00f1oso. Eso me encanta de \u00e9l\u201d, asegura. Mientras que con su mam\u00e1 la relaci\u00f3n ha sido como de las mejores amigas.<\/p>\n<p>Una de las cosas que m\u00e1s recuerda es que en su casa sus padres supieron separar los negocios de la familia. \u201cMi familia siempre fue muy unida. Almorz\u00e1bamos juntos, cen\u00e1bamos juntos y era prioridad irnos al menos una vez al a\u00f1o, unos diez d\u00edas, de vacaciones\u201d.<\/p>\n<p>Tambi\u00e9n tiene recuerdos de su etapa de rebeld\u00eda. \u201cMis padres me dec\u00edan que no pod\u00eda hacer algo o que no me dejaban salir y pues no me portaba muy bien\u201d, confiesa con las mejillas ruborizadas. Los castigos, eran como los de cualquier otro joven, le quitaban el tel\u00e9fono, no la dejaban salir&#8230; Pero \u00e9sa fue su \u00fanica \u00e9poca de desobediencia, aclara.<\/p>\n<figure id=\"attachment_35705\" aria-describedby=\"caption-attachment-35705\" style=\"width: 700px\" class=\"wp-caption aligncenter\"><a href=\"https:\/\/www.laprensa.com.ni\/magazine\/wp-content\/uploads\/2017\/07\/Vivian-Vanessa-Pellas-yo-soy-como-soy-donde-sea.jpg\"><img decoding=\"async\" class=\"wp-image-35705 size-full\" src=\"https:\/\/www.laprensa.com.ni\/magazine\/wp-content\/uploads\/2017\/07\/Vivian-Vanessa-Pellas-yo-soy-como-soy-donde-sea.jpg\" alt=\"Foto Uriel Molina\" width=\"700\" height=\"1054\" srcset=\"https:\/\/d1xxa24wwackpg.cloudfront.net\/wp-content\/uploads\/2017\/07\/07144604\/Vivian-Vanessa-Pellas-yo-soy-como-soy-donde-sea.jpg 700w, https:\/\/d1xxa24wwackpg.cloudfront.net\/wp-content\/uploads\/2017\/07\/07144604\/Vivian-Vanessa-Pellas-yo-soy-como-soy-donde-sea.jpg 199w, https:\/\/d1xxa24wwackpg.cloudfront.net\/wp-content\/uploads\/2017\/07\/07144604\/Vivian-Vanessa-Pellas-yo-soy-como-soy-donde-sea.jpg 680w, https:\/\/d1xxa24wwackpg.cloudfront.net\/wp-content\/uploads\/2017\/07\/07144604\/Vivian-Vanessa-Pellas-yo-soy-como-soy-donde-sea.jpg 600w\" sizes=\"(max-width: 700px) 100vw, 700px\" \/><\/a><figcaption id=\"caption-attachment-35705\" class=\"wp-caption-text\">\u201cYo soy como soy donde sea. Y as\u00ed soy feliz\u201d, dice Pellas.<\/figcaption><\/figure>\n<p style=\"text-align: center;\">***<\/p>\n<p>La fotograf\u00eda muestra a una ni\u00f1ita risue\u00f1a. Lleva el cabello liso y con una pava que cubre parte de sus cejas. A la par suya su padre, Carlos Pellas, la abraza. \u00c9sa, ya no es la misma ni\u00f1a. Vivian Pellas tiene 28 a\u00f1os, siempre risue\u00f1a y ahora un tanto maquillada, lleva las riendas del canal de televisi\u00f3n (Canal 14) del grupo que dirige su padre.<\/p>\n<p>Sentada detr\u00e1s de un escritorio impecablemente ordenado, sonr\u00ede igual que en aquella fotograf\u00eda de hace m\u00e1s de veinte a\u00f1os.<\/p>\n<p>No lleva mucho tiempo en el puesto de directora, fue en marzo de este a\u00f1o que decidi\u00f3 asumir esto que ella llama \u201cun reto\u201d. \u201cYo sent\u00ed que yo era la persona indicada. Porque tengo el lado empresario de mi padre y vengo con una maestr\u00eda. Sent\u00eda que ten\u00eda la experiencia suficiente. Segundo, tengo la parte art\u00edstica, la de la moda, el baile, el gusto y adem\u00e1s desde ni\u00f1a me interes\u00f3 mucho lo de la televisi\u00f3n\u201d, explica.<\/p>\n<p>La idea, cuenta, era hacer un canal m\u00e1s atractivo, variado y din\u00e1mico. \u201cLa producci\u00f3n nacional es bien costosa. Lo que uno produce ten\u00e9s que garantizar que sea bueno. No pod\u00e9s estar produciendo por producir, por eso se eliminaron varios programas. Queremos demostrar que en Nicaragua se puede hacer televisi\u00f3n de calidad\u201d, afirma.<\/p>\n<p>En el canal algunos la llaman \u201cJefa\u201d otros \u201cDirectora\u201d y uno que otro simplemente Vivian. Pero no es la primera vez que se ve a Vivian involucrada en los negocios de su padre. Despu\u00e9s de graduarse en Comunicaci\u00f3n y Econom\u00eda fue la Coordinadora de Mercadeo de Flor de Ca\u00f1a en Estados Unidos, al llegar a Nicaragua trabaj\u00f3 durante dos a\u00f1os en el mismo puesto, pero enfocada en Latinoam\u00e9rica.<\/p>\n<p>\u2014\u00bfAlguna vez te has puesto a pensar que todos los negocios de tu padre quedar\u00e1n en manos tuyas y de tus hermanos?<\/p>\n<p>\u2014S\u00ed, lo he pensado.<\/p>\n<p>\u2014\u00bfTe sent\u00eds preparada?<\/p>\n<p>\u2014Yo creo que estoy preparada para asumir lo que me vayan a poner. Cada industria es diferente y uno tiene que aprender, pero lo m\u00e1s importante es la visi\u00f3n y c\u00f3mo uno lo maneja. Pero adem\u00e1s de la familia estamos rodeados de gente muy capaz.<\/p>\n<div id='gallery-1' class='gallery galleryid-35700 gallery-columns-3 gallery-size-thumbnail'><figure class='gallery-item'>\n\t\t\t<div class='gallery-icon landscape'>\n\t\t\t\t<a href='https:\/\/staging.laprensanic.com\/magazine\/reportajes\/siempre-me-ensenaron-lo-que-cuesta-la-vida\/attachment\/mi-papa-es-un-hombre-sumamente-carinoso-eso-me-encanta-de-el-dice-vivian-vanessa\/'><img decoding=\"async\" width=\"150\" height=\"150\" src=\"https:\/\/d1xxa24wwackpg.cloudfront.net\/wp-content\/uploads\/2017\/07\/07144603\/Mi-pap%C3%A1-es-un-hombre-sumamente-cari%C3%B1oso.-Eso-me-encanta-de-%C3%A9l-dice-Vivian-Vanessa..jpg\" class=\"attachment-thumbnail size-thumbnail\" alt=\"\" aria-describedby=\"gallery-1-35706\" srcset=\"https:\/\/d1xxa24wwackpg.cloudfront.net\/wp-content\/uploads\/2017\/07\/07144603\/Mi-pap%C3%A1-es-un-hombre-sumamente-cari%C3%B1oso.-Eso-me-encanta-de-%C3%A9l-dice-Vivian-Vanessa..jpg 150w, https:\/\/d1xxa24wwackpg.cloudfront.net\/wp-content\/uploads\/2017\/07\/07144603\/Mi-pap%C3%A1-es-un-hombre-sumamente-cari%C3%B1oso.-Eso-me-encanta-de-%C3%A9l-dice-Vivian-Vanessa..jpg 600w, https:\/\/d1xxa24wwackpg.cloudfront.net\/wp-content\/uploads\/2017\/07\/07144603\/Mi-pap%C3%A1-es-un-hombre-sumamente-cari%C3%B1oso.-Eso-me-encanta-de-%C3%A9l-dice-Vivian-Vanessa..jpg 24w, https:\/\/d1xxa24wwackpg.cloudfront.net\/wp-content\/uploads\/2017\/07\/07144603\/Mi-pap%C3%A1-es-un-hombre-sumamente-cari%C3%B1oso.-Eso-me-encanta-de-%C3%A9l-dice-Vivian-Vanessa..jpg 48w, https:\/\/d1xxa24wwackpg.cloudfront.net\/wp-content\/uploads\/2017\/07\/07144603\/Mi-pap%C3%A1-es-un-hombre-sumamente-cari%C3%B1oso.-Eso-me-encanta-de-%C3%A9l-dice-Vivian-Vanessa..jpg 96w, https:\/\/d1xxa24wwackpg.cloudfront.net\/wp-content\/uploads\/2017\/07\/07144603\/Mi-pap%C3%A1-es-un-hombre-sumamente-cari%C3%B1oso.-Eso-me-encanta-de-%C3%A9l-dice-Vivian-Vanessa..jpg 300w, https:\/\/d1xxa24wwackpg.cloudfront.net\/wp-content\/uploads\/2017\/07\/07144603\/Mi-pap%C3%A1-es-un-hombre-sumamente-cari%C3%B1oso.-Eso-me-encanta-de-%C3%A9l-dice-Vivian-Vanessa..jpg 100w\" sizes=\"(max-width: 150px) 100vw, 150px\" \/><\/a>\n\t\t\t<\/div>\n\t\t\t\t<figcaption class='wp-caption-text gallery-caption' id='gallery-1-35706'>\n\t\t\t\t\u201cMi pap\u00e1 es un hombre sumamente cari\u00f1oso. Eso me encanta de \u00e9l\u201d, dice Vivian Vanessa.\n\t\t\t\t<\/figcaption><\/figure><figure class='gallery-item'>\n\t\t\t<div class='gallery-icon landscape'>\n\t\t\t\t<a href='https:\/\/staging.laprensanic.com\/magazine\/reportajes\/siempre-me-ensenaron-lo-que-cuesta-la-vida\/attachment\/vivian-vanessa-pellas-es-la-unica-hija-mujer-de-los-tres-hijos-del-matrimonio-pellas\/'><img loading=\"lazy\" decoding=\"async\" width=\"150\" height=\"150\" src=\"https:\/\/d1xxa24wwackpg.cloudfront.net\/wp-content\/uploads\/2017\/07\/07144602\/Vivian-Vanessa-Pellas-es-la-%C3%BAnica-hija-mujer-de-los-tres-hijos-del-matrimonio-Pellas.jpg\" class=\"attachment-thumbnail size-thumbnail\" alt=\"\" aria-describedby=\"gallery-1-35707\" srcset=\"https:\/\/d1xxa24wwackpg.cloudfront.net\/wp-content\/uploads\/2017\/07\/07144602\/Vivian-Vanessa-Pellas-es-la-%C3%BAnica-hija-mujer-de-los-tres-hijos-del-matrimonio-Pellas.jpg 150w, https:\/\/d1xxa24wwackpg.cloudfront.net\/wp-content\/uploads\/2017\/07\/07144602\/Vivian-Vanessa-Pellas-es-la-%C3%BAnica-hija-mujer-de-los-tres-hijos-del-matrimonio-Pellas.jpg 600w, https:\/\/d1xxa24wwackpg.cloudfront.net\/wp-content\/uploads\/2017\/07\/07144602\/Vivian-Vanessa-Pellas-es-la-%C3%BAnica-hija-mujer-de-los-tres-hijos-del-matrimonio-Pellas.jpg 24w, https:\/\/d1xxa24wwackpg.cloudfront.net\/wp-content\/uploads\/2017\/07\/07144602\/Vivian-Vanessa-Pellas-es-la-%C3%BAnica-hija-mujer-de-los-tres-hijos-del-matrimonio-Pellas.jpg 48w, https:\/\/d1xxa24wwackpg.cloudfront.net\/wp-content\/uploads\/2017\/07\/07144602\/Vivian-Vanessa-Pellas-es-la-%C3%BAnica-hija-mujer-de-los-tres-hijos-del-matrimonio-Pellas.jpg 96w, https:\/\/d1xxa24wwackpg.cloudfront.net\/wp-content\/uploads\/2017\/07\/07144602\/Vivian-Vanessa-Pellas-es-la-%C3%BAnica-hija-mujer-de-los-tres-hijos-del-matrimonio-Pellas.jpg 300w, https:\/\/d1xxa24wwackpg.cloudfront.net\/wp-content\/uploads\/2017\/07\/07144602\/Vivian-Vanessa-Pellas-es-la-%C3%BAnica-hija-mujer-de-los-tres-hijos-del-matrimonio-Pellas.jpg 100w\" sizes=\"(max-width: 150px) 100vw, 150px\" \/><\/a>\n\t\t\t<\/div>\n\t\t\t\t<figcaption class='wp-caption-text gallery-caption' id='gallery-1-35707'>\n\t\t\t\tVivian Vanessa es la \u00fanica hija mujer de los tres hijos del matrimonio Pellas Fern\u00e1ndez. Sus hermanos Carlos Francisco y Eduardo. En la fotograf\u00eda junto a su hermano mayor Carlos Francisco.\n\t\t\t\t<\/figcaption><\/figure><figure class='gallery-item'>\n\t\t\t<div class='gallery-icon landscape'>\n\t\t\t\t<a href='https:\/\/staging.laprensanic.com\/magazine\/reportajes\/siempre-me-ensenaron-lo-que-cuesta-la-vida\/attachment\/vivian-vanessa-pellas-estudio-hasta-tercer-grado-en-ee-uu\/'><img loading=\"lazy\" decoding=\"async\" width=\"150\" height=\"150\" src=\"https:\/\/d1xxa24wwackpg.cloudfront.net\/wp-content\/uploads\/2017\/07\/07144601\/Vivian-Vanessa-Pellas-estudio-hasta-tercer-grado-en-EE.UU_..jpg\" class=\"attachment-thumbnail size-thumbnail\" alt=\"\" aria-describedby=\"gallery-1-35708\" srcset=\"https:\/\/d1xxa24wwackpg.cloudfront.net\/wp-content\/uploads\/2017\/07\/07144601\/Vivian-Vanessa-Pellas-estudio-hasta-tercer-grado-en-EE.UU_..jpg 150w, https:\/\/d1xxa24wwackpg.cloudfront.net\/wp-content\/uploads\/2017\/07\/07144601\/Vivian-Vanessa-Pellas-estudio-hasta-tercer-grado-en-EE.UU_..jpg 24w, https:\/\/d1xxa24wwackpg.cloudfront.net\/wp-content\/uploads\/2017\/07\/07144601\/Vivian-Vanessa-Pellas-estudio-hasta-tercer-grado-en-EE.UU_..jpg 48w, https:\/\/d1xxa24wwackpg.cloudfront.net\/wp-content\/uploads\/2017\/07\/07144601\/Vivian-Vanessa-Pellas-estudio-hasta-tercer-grado-en-EE.UU_..jpg 96w, https:\/\/d1xxa24wwackpg.cloudfront.net\/wp-content\/uploads\/2017\/07\/07144601\/Vivian-Vanessa-Pellas-estudio-hasta-tercer-grado-en-EE.UU_..jpg 300w, https:\/\/d1xxa24wwackpg.cloudfront.net\/wp-content\/uploads\/2017\/07\/07144601\/Vivian-Vanessa-Pellas-estudio-hasta-tercer-grado-en-EE.UU_..jpg 100w\" sizes=\"(max-width: 150px) 100vw, 150px\" \/><\/a>\n\t\t\t<\/div>\n\t\t\t\t<figcaption class='wp-caption-text gallery-caption' id='gallery-1-35708'>\n\t\t\t\tEstudi\u00f3 hasta tercer grado en Estados Unidos. Luego se gradu\u00f3 del Colegio Americano.\n\t\t\t\t<\/figcaption><\/figure><figure class='gallery-item'>\n\t\t\t<div class='gallery-icon portrait'>\n\t\t\t\t<a href='https:\/\/staging.laprensanic.com\/magazine\/reportajes\/siempre-me-ensenaron-lo-que-cuesta-la-vida\/attachment\/magazine166-tripa-49\/'><img loading=\"lazy\" decoding=\"async\" width=\"150\" height=\"150\" src=\"https:\/\/d1xxa24wwackpg.cloudfront.net\/wp-content\/uploads\/2017\/07\/07144559\/magazine166-tripa-49.jpg\" class=\"attachment-thumbnail size-thumbnail\" alt=\"\" aria-describedby=\"gallery-1-35711\" srcset=\"https:\/\/d1xxa24wwackpg.cloudfront.net\/wp-content\/uploads\/2017\/07\/07144559\/magazine166-tripa-49.jpg 150w, https:\/\/d1xxa24wwackpg.cloudfront.net\/wp-content\/uploads\/2017\/07\/07144559\/magazine166-tripa-49.jpg 600w, https:\/\/d1xxa24wwackpg.cloudfront.net\/wp-content\/uploads\/2017\/07\/07144559\/magazine166-tripa-49.jpg 24w, https:\/\/d1xxa24wwackpg.cloudfront.net\/wp-content\/uploads\/2017\/07\/07144559\/magazine166-tripa-49.jpg 48w, https:\/\/d1xxa24wwackpg.cloudfront.net\/wp-content\/uploads\/2017\/07\/07144559\/magazine166-tripa-49.jpg 96w, https:\/\/d1xxa24wwackpg.cloudfront.net\/wp-content\/uploads\/2017\/07\/07144559\/magazine166-tripa-49.jpg 300w, https:\/\/d1xxa24wwackpg.cloudfront.net\/wp-content\/uploads\/2017\/07\/07144559\/magazine166-tripa-49.jpg 100w\" sizes=\"(max-width: 150px) 100vw, 150px\" \/><\/a>\n\t\t\t<\/div>\n\t\t\t\t<figcaption class='wp-caption-text gallery-caption' id='gallery-1-35711'>\n\t\t\t\tVivian Vanessa comparte con su madre el amor al baile.\n\t\t\t\t<\/figcaption><\/figure>\n\t\t<\/div>\n\n<p style=\"text-align: center;\">***<\/p>\n<p>17 de febrero de 2007. En el altar de la Catedral de Managua un muchacho alto, sonriente espera a la novia. La m\u00fasica comienza a sonar y de la mano de su padre, Carlos Pellas, entra Vivian Vanessa. El muchacho que la espera, Juan Carlos Mu\u00f1oz, ha sido su novio por doce a\u00f1os y lo conoci\u00f3 desde que estaban en el colegio.<\/p>\n<p>\u201cUna de mis mejores amigas era enamorada de \u00e9l. \u00c9l era amigo de su hermano. Yo lo conoc\u00eda por eso. Pero un d\u00eda se me acerca y me dice: \u2018\u00bfcu\u00e1ndo fue la \u00faltima vez que tuviste novio?\u2019 Hace dos meses le contest\u00e9. \u2018\u00bfY la \u00faltima vez que diste un beso?\u2019, me pregunt\u00f3. Hace dos meses, le dije. \u2018\u00bfY qu\u00e9 haces si te lo doy uno ahorita?\u2019\u201d No tuvo tiempo para reaccionar cuando sinti\u00f3 que \u00e9l la hab\u00eda agarrado y le hab\u00eda dado un beso.<\/p>\n<p>\u201cPrimero pens\u00e9 \u00bfqu\u00e9 le pasa a este chavalo?, pero fue como \u00a1wow! qu\u00e9 espont\u00e1neo y eso fue lo que m\u00e1s me gust\u00f3 de \u00e9l\u201d, reconoce.<\/p>\n<p>Su boda con Juan Carlos Mu\u00f1oz dio mucho de que hablar en los medios. Sin embargo se manej\u00f3 con much\u00edsima privacidad, tanto as\u00ed que se prohibi\u00f3 la entrada de los medios de comunicaci\u00f3n a la ceremonia. Ese d\u00eda, en la fiesta hubo m\u00e1s de 700 invitados, se cont\u00f3 con la presencia del famoso pianista Ra\u00fal Di Blasio y se dice que el pastel fue una verdadera obra de arte: nueve pisos que formaban la Torre Eiffel.<\/p>\n<p>Vivian Vanessa confiesa que tuvo muchos enamorados, pero muy pocos novios. \u201cFui de relaciones duraderas\u201d, asegura.<\/p>\n<p>Ahora dice ser una mujer feliz. \u201cTengo a alguien agradable que me deja ser y que me quiere como soy. Nunca ha querido cambiarme nada. Yo soy como soy y as\u00ed soy feliz\u201d, cuenta y esboza una sonrisa como dibujada.<\/p>\n<figure id=\"attachment_35709\" aria-describedby=\"caption-attachment-35709\" style=\"width: 700px\" class=\"wp-caption aligncenter\"><a href=\"https:\/\/www.laprensa.com.ni\/magazine\/wp-content\/uploads\/2017\/07\/En-feb-eb-rero-de-2007-Vivian-Vanessa-contrajo-nupcias-con-su-novio-Juan-Carlos-Mu\u00f1oz.jpg\"><img loading=\"lazy\" decoding=\"async\" class=\"wp-image-35709 size-full\" src=\"https:\/\/www.laprensa.com.ni\/magazine\/wp-content\/uploads\/2017\/07\/En-feb-eb-rero-de-2007-Vivian-Vanessa-contrajo-nupcias-con-su-novio-Juan-Carlos-Mu\u00f1oz.jpg\" alt=\"\" width=\"700\" height=\"968\" srcset=\"https:\/\/d1xxa24wwackpg.cloudfront.net\/wp-content\/uploads\/2017\/07\/07144600\/En-feb-eb-rero-de-2007-Vivian-Vanessa-contrajo-nupcias-con-su-novio-Juan-Carlos-Mu%C3%B1oz.jpg 700w, https:\/\/d1xxa24wwackpg.cloudfront.net\/wp-content\/uploads\/2017\/07\/07144600\/En-feb-eb-rero-de-2007-Vivian-Vanessa-contrajo-nupcias-con-su-novio-Juan-Carlos-Mu%C3%B1oz.jpg 217w, https:\/\/d1xxa24wwackpg.cloudfront.net\/wp-content\/uploads\/2017\/07\/07144600\/En-feb-eb-rero-de-2007-Vivian-Vanessa-contrajo-nupcias-con-su-novio-Juan-Carlos-Mu%C3%B1oz.jpg 600w\" sizes=\"(max-width: 700px) 100vw, 700px\" \/><\/a><figcaption id=\"caption-attachment-35709\" class=\"wp-caption-text\">En febrero de 2007 Vivian Vanessa contrajo nupcias con su novio Juan Carlos Mu\u00f1oz, con quien jal\u00f3 por doce a\u00f1os.<\/figcaption><\/figure>\n<p style=\"text-align: center;\">***<\/p>\n<p>Con unos pantalones \u201cbaggy\u201d y un sombrerito negro se apareci\u00f3 Vivian para hacer un casting donde elegir\u00edan a las bailarinas del nuevo v\u00eddeo de Britney Spears, Do Something (2005). \u201cIba vestida s\u00faper cool\u201d, considera. Esa tarde, subi\u00f3 a un escenario junto a seis aspirantes m\u00e1s y por un minuto debieron demostrar que merec\u00edan ser parte del v\u00eddeo.<\/p>\n<p>Vivian hab\u00eda bailado desde que era una peque\u00f1ita. Hab\u00eda comenzado en clases de ballet, pero tan impaciente que prefiri\u00f3 salirse para aprender jazz. \u201cDesde los cinco a\u00f1os que bailo y me encanta hacerlo. No me pongo nerviosa. Me da una emoci\u00f3n que siento que el escenario es m\u00edo\u201d, manifiesta.<\/p>\n<p>Para cuando hizo casting para el v\u00eddeo de la llamada \u201cprincesa del pop\u201d, Vivian pertenec\u00eda a una agencia de modelaje en California, donde ya hab\u00eda hecho alguna que otra pasarela. \u201cAh\u00ed te llamaban para hacer castings para modelar o para comerciales, pero yo rechazaba varias cosas porque no quer\u00eda estar perdiendo mi tiempo, pero cuando me dicen que es un v\u00eddeo de Britney Spears, yo me muero, me vuelvo loca. Era s\u00faper fan de c\u00f3mo ella bailaba\u201d, recuerda.<\/p>\n<p>Unos dos d\u00edas despu\u00e9s del casting, Vivian recibi\u00f3 la llamada que tanto esperaba. Ella hab\u00eda sido seleccionada para participar en el v\u00eddeo. \u201cWow estaba encantada. El v\u00eddeo fue interesante, pero bien cansado. Estuvimos como 16 horas\u201d, relata.<\/p>\n<p>Pronto, Vivian supo que \u00e9se no era el mundo al que quer\u00eda dedicarse.<\/p>\n<figure id=\"attachment_35713\" aria-describedby=\"caption-attachment-35713\" style=\"width: 700px\" class=\"wp-caption aligncenter\"><a href=\"https:\/\/www.laprensa.com.ni\/magazine\/wp-content\/uploads\/2017\/07\/Vivian-Vanessa-Pellas-baila-jazz-1.jpg\"><img loading=\"lazy\" decoding=\"async\" class=\"wp-image-35713 size-full\" src=\"https:\/\/www.laprensa.com.ni\/magazine\/wp-content\/uploads\/2017\/07\/Vivian-Vanessa-Pellas-baila-jazz-1.jpg\" alt=\"\" width=\"700\" height=\"883\" srcset=\"https:\/\/d1xxa24wwackpg.cloudfront.net\/wp-content\/uploads\/2017\/07\/07144556\/Vivian-Vanessa-Pellas-baila-jazz-1.jpg 700w, https:\/\/d1xxa24wwackpg.cloudfront.net\/wp-content\/uploads\/2017\/07\/07144556\/Vivian-Vanessa-Pellas-baila-jazz-1.jpg 238w, https:\/\/d1xxa24wwackpg.cloudfront.net\/wp-content\/uploads\/2017\/07\/07144556\/Vivian-Vanessa-Pellas-baila-jazz-1.jpg 600w\" sizes=\"(max-width: 700px) 100vw, 700px\" \/><\/a><figcaption id=\"caption-attachment-35713\" class=\"wp-caption-text\">Vivian Vanessa baila jazz desde que tiene cinco a\u00f1os.<\/figcaption><\/figure>\n<p style=\"text-align: center;\">***<\/p>\n<p style=\"text-align: left;\">A Vivian Vanessa Pellas un d\u00eda se le puede ver con zapatos deportivos y unos jeans deste\u00f1idos. Otro d\u00eda se le puede ver muy bien maquillada, de tacones y vestido. O con unas gafas inmensas y unos pantalones flojos. \u201cYo ando como soy. No soy nada protocolaria. Soy de lo m\u00e1s sencilla. Me visto por el humor que ando\u201d, dice.<\/p>\n<p style=\"text-align: left;\">Ella se considera una muchacha normal, como cualquier otra. Cree que no ha tenido ni m\u00e1s ni menos por ser la hija de Carlos Pellas. Ella, se autodefine, como una joven sencilla, honesta y genuina.<\/p>\n<p style=\"text-align: left;\">Le gusta la m\u00fasica, preferiblemente la \u201cunderground\u201d. Disfruta salir a platicar y re\u00edrse con sus amigos. Adora bailar y si hay algo a lo que tiene \u201cnervio\u201d es salir a la calle y encontrarse con alguien que ande vestida igual que ella. Por eso prefiere hacer sus compras en el exterior.<\/p>\n<p style=\"text-align: left;\">\u2014\u00bfQu\u00e9 cosas locas has hecho en tu vida?<\/p>\n<p style=\"text-align: left;\">\u2014Mmm.. En Suiza hice hang gliding (Ala Delta) que ten\u00e9s una barrita en las manos y otra en los pies y te tir\u00e1s de 4 mil pies de altura. Tambi\u00e9n hice una vez Bungee Jump (deporte de tirarse al vac\u00edo sujetado de una cuerda) y de eso me arrepiento. Eso s\u00ed da miedo.<\/p>\n<p style=\"text-align: left;\">\u2014\u00bfY hay algo que no hayas hecho que quisieras hacer?<\/p>\n<p style=\"text-align: left;\">\u2014(Suspira) Un tatuaje. Siempre he querido uno desde que tengo 15 a\u00f1os y nunca me lo he hecho. Pero siento que es algo que quiero hacer, pero como soy muy indecisa un d\u00eda quiero una flor, otro d\u00eda un mono, otro d\u00eda un elefante. Por eso no me lo hago.<\/p>\n<p style=\"text-align: left;\">\u2014\u00bfEn alg\u00fan momento te has sentido comprometido a hacer o dejar de hacer algo por ser la hija del hombre m\u00e1s rico de Nicaragua?<\/p>\n<p style=\"text-align: left;\">\u2014Yo no siento presi\u00f3n de ser diferente. Yo soy como soy donde sea. Soy bien transparente. Lo \u00fanico que el cuidado de las personas en el sentido de qui\u00e9nes son verdaderos amigos, qui\u00e9nes est\u00e1n por inter\u00e9s, \u00e9sas han sido las cosas un poco m\u00e1s dif\u00edciles de ver y debo tener mucho cuidado.<\/p>\n<p style=\"text-align: left;\">\u2014\u00bfPor tener tanto dinero sent\u00eds que te has desubicado en alg\u00fan momento?<\/p>\n<p style=\"text-align: left;\">\u2014Yo siento que mis padres fueron excelente en guiarnos. Ellos pueden tener dinero, pero a m\u00ed nunca me tiraban el dinero. Siempre me ense\u00f1aron lo que cuesta la vida. Yo siempre tuve el mismo presupuesto que ten\u00edan todas mis amigas. No me dejaban comprarme ropa, carteras caras. Siempre me dijeron que cuando yo tuviera el dinero lo pod\u00eda gastar. Yo nunca sent\u00ed que ten\u00eda el mont\u00f3n de dinero. Eso ha influenciado la forma como somos mis hermanos y yo. Nos sentimos igual a los dem\u00e1s.<\/p>\n<p style=\"text-align: left;\">\u2014Uno creer\u00eda que la hija de Carlos Pellas ha tenido todo lo que ha querido en la vida. \u00bfAs\u00ed ha sido?<\/p>\n<p style=\"text-align: left;\">\u2014En ciertas cosas s\u00ed. En la educaci\u00f3n mis padres siempre me apoyaron para ir a excelentes colegios, universidades&#8230; En el baile igual. En las cosas que me apasionan ellos han sido un apoyo, pero no tengo toooodo lo que yo quiero.<\/p>\n<p style=\"text-align: left;\">\u2014Decime algo que querr\u00e1s y no tengas&#8230;<\/p>\n<p style=\"text-align: left;\">\u2014Aaaaay yo quisiera tener un cl\u00f3set con el mont\u00f3n de ropa. Me encanta la moda. Me encantar\u00eda tener como cien pares de zapatos.<\/p>\n<figure id=\"attachment_35712\" aria-describedby=\"caption-attachment-35712\" style=\"width: 700px\" class=\"wp-caption aligncenter\"><a href=\"https:\/\/www.laprensa.com.ni\/magazine\/wp-content\/uploads\/2017\/07\/La-famila-Pellas-Fern\u00e1ndez.jpg\"><img loading=\"lazy\" decoding=\"async\" class=\"wp-image-35712 size-full\" src=\"https:\/\/www.laprensa.com.ni\/magazine\/wp-content\/uploads\/2017\/07\/La-famila-Pellas-Fern\u00e1ndez.jpg\" alt=\"\" width=\"700\" height=\"433\" srcset=\"https:\/\/d1xxa24wwackpg.cloudfront.net\/wp-content\/uploads\/2017\/07\/07144557\/La-famila-Pellas-Fern%C3%A1ndez.jpg 700w, https:\/\/d1xxa24wwackpg.cloudfront.net\/wp-content\/uploads\/2017\/07\/07144557\/La-famila-Pellas-Fern%C3%A1ndez.jpg 300w, https:\/\/d1xxa24wwackpg.cloudfront.net\/wp-content\/uploads\/2017\/07\/07144557\/La-famila-Pellas-Fern%C3%A1ndez.jpg 600w\" sizes=\"(max-width: 700px) 100vw, 700px\" \/><\/a><figcaption id=\"caption-attachment-35712\" class=\"wp-caption-text\">La familia Pe Pe llas Fe Fe rn\u00e1ndez en una de sus vacaciones familiares en Hong Kong. De izquierda a derecha: Carlos Pellas, Carlos Francisco, Vivian Vanessa, Vivian Fern\u00e1ndez y Eduardo.<\/figcaption><\/figure>\n","protected":false},"excerpt":{"rendered":"<p>Vivian Vanessa Pellas, la hija del hombre m\u00e1s rico de Nicaragua, quiso ser cantante, pero la voz no le dio. Amante de la m\u00fasica y del baile, esta jovencita bail\u00f3 junto a Britney Spears en uno de sus v\u00eddeos. Por ahora, la \u00fanica hija del empresario Carlos Pellas dirige un canal de televisi\u00f3n<\/p>\n","protected":false},"author":46,"featured_media":35703,"comment_status":"open","ping_status":"open","sticky":false,"template":"","format":"standard","meta":{"_acf_changed":false,"footnotes":""},"categories":[26],"tags":[],"class_list":["post-35700","post","type-post","status-publish","format-standard","has-post-thumbnail","hentry","category-reportajes"],"acf":[],"_links":{"self":[{"href":"https:\/\/staging.laprensanic.com\/magazine\/wp-json\/wp\/v2\/posts\/35700","targetHints":{"allow":["GET"]}}],"collection":[{"href":"https:\/\/staging.laprensanic.com\/magazine\/wp-json\/wp\/v2\/posts"}],"about":[{"href":"https:\/\/staging.laprensanic.com\/magazine\/wp-json\/wp\/v2\/types\/post"}],"author":[{"embeddable":true,"href":"https:\/\/staging.laprensanic.com\/magazine\/wp-json\/wp\/v2\/users\/46"}],"replies":[{"embeddable":true,"href":"https:\/\/staging.laprensanic.com\/magazine\/wp-json\/wp\/v2\/comments?post=35700"}],"version-history":[{"count":3,"href":"https:\/\/staging.laprensanic.com\/magazine\/wp-json\/wp\/v2\/posts\/35700\/revisions"}],"predecessor-version":[{"id":45231,"href":"https:\/\/staging.laprensanic.com\/magazine\/wp-json\/wp\/v2\/posts\/35700\/revisions\/45231"}],"wp:featuredmedia":[{"embeddable":true,"href":"https:\/\/staging.laprensanic.com\/magazine\/wp-json\/wp\/v2\/media\/35703"}],"wp:attachment":[{"href":"https:\/\/staging.laprensanic.com\/magazine\/wp-json\/wp\/v2\/media?parent=35700"}],"wp:term":[{"taxonomy":"category","embeddable":true,"href":"https:\/\/staging.laprensanic.com\/magazine\/wp-json\/wp\/v2\/categories?post=35700"},{"taxonomy":"post_tag","embeddable":true,"href":"https:\/\/staging.laprensanic.com\/magazine\/wp-json\/wp\/v2\/tags?post=35700"}],"curies":[{"name":"wp","href":"https:\/\/api.w.org\/{rel}","templated":true}]}}