{"id":35754,"date":"2017-07-09T10:33:05","date_gmt":"2017-07-09T16:33:05","guid":{"rendered":"https:\/\/www.magazine.com.ni\/?p=35754"},"modified":"2020-12-12T15:20:30","modified_gmt":"2020-12-12T21:20:30","slug":"la-trampa-de-wanawas","status":"publish","type":"post","link":"https:\/\/staging.laprensanic.com\/magazine\/reportajes\/la-trampa-de-wanawas\/","title":{"rendered":"La trampa de Wanaw\u00e1s"},"content":{"rendered":"<p style=\"text-align: center;\">En 1983 un avi\u00f3n contra es derribado en R\u00edo Blanco por fuerzas antia\u00e9reas del EPS. Protagonistas de ambos bandos cuentan detalles de lo que en realidad fue una celada planificada por el Ministerio del Interior<\/p>\n<p style=\"text-align: center;\"><strong>Por Juli\u00e1n Navarrete<\/strong><\/p>\n<p>A las ocho de la ma\u00f1ana del tres de octubre de 1983, un avi\u00f3n despeg\u00f3 de la pista El Aguacate, Honduras, con direcci\u00f3n a Wanaw\u00e1s, una comarca de R\u00edo Blanco. Su misi\u00f3n era entregar un abastecimiento para unos 160 hombres que reci\u00e9n hab\u00edan sido reclutados por el comandante Jos\u00e9 Francisco Ruiz Guti\u00e9rrez, alias Renato, quien desde hace semanas comandaba una tropa de la Contra en la zona.<\/p>\n<p>Los pilotos del avi\u00f3n, Hugo Aguilar y Roberto Amador, miraron la se\u00f1al: treinta capotes militares en forma de cruz en medio de una plazoleta en Wanaw\u00e1s. Aguilar pilotaba la nave, mientras que Amador coordinaba la operaci\u00f3n por el radiocomunicador.<\/p>\n<p>\u2014\u00bfListos, muchachos? \u2014pregunt\u00f3 Amador.<\/p>\n<p>\u2014D\u00e9jelo caer, capit\u00e1n \u2014contest\u00f3 el radista desde abajo.<\/p>\n<p>El avi\u00f3n volaba a unos 200 o 400 metros de altura. Amador desde el aire pudo ver a una tropa de contras con el uniforme de combate, de color celeste, con el emblema y la tela especial del traje de las Fuerzas Democr\u00e1ticas Nicarag\u00fcenses.<\/p>\n<p>Los cuatro kickers \u2014as\u00ed se le dec\u00edan a los contras que se encargaban de tirar las cajas a trav\u00e9s de polines desde el avi\u00f3n\u2014 lanzaron el primer caj\u00f3n de abastecimiento. El avi\u00f3n sobrevolaba la zona y volv\u00eda a pasar otra vez por la plazoleta, hasta bordear el cerro Mus\u00fan, casi escondi\u00e9ndose.<\/p>\n<p>Abajo, escondida bajo un frondoso \u00e1rbol estaba una tropa del Ministerio del Interior. Ni Amador ni Aguilar los pod\u00edan ver. Fausto Palacios, \u00fanico soldado del Ej\u00e9rcito Popular Sandinista en la misi\u00f3n, ten\u00eda en la mira al avi\u00f3n con un misil tierra-aire Sam 7.<\/p>\n<p>Se hicieron las nueve de la ma\u00f1ana y el avi\u00f3n segu\u00eda sobrevolando. Ya casi iba a un kil\u00f3metro de distancia y estaba tapado por el cerro. Pas\u00f3 dos veces. En ese instante los hombres de abajo se imaginaron dos panoramas: o ya dej\u00f3 todo el abastecimiento o todav\u00eda puede regresar para lanzar m\u00e1s. Se trataba de asegurar la misi\u00f3n o la nave pod\u00eda escapar.<\/p>\n<p>\u00a1Boom! sali\u00f3 el \u201cflechazo\u201d.<\/p>\n<p>El misil penetr\u00f3 en el motor izquierdo del avi\u00f3n pero no explot\u00f3. La cabina se llen\u00f3 de humo. Hugo Aguilar y Roberto Amador planearon un aterrizaje forzoso. Los soldados de abajo miraban que desde el avi\u00f3n se lanzaban paraca\u00eddas. Pod\u00edan ser cajas u hombres que se tiraban. Todos los detalles los sabr\u00edan m\u00e1s tarde.<\/p>\n<p style=\"text-align: center;\">***<\/p>\n<figure id=\"attachment_35777\" aria-describedby=\"caption-attachment-35777\" style=\"width: 900px\" class=\"wp-caption aligncenter\"><a href=\"https:\/\/gep90.laprensa.com.ni\/magazine\/wp-content\/uploads\/2017\/07\/271-Mag-Avi\u00f3nd-3.jpg\"><img fetchpriority=\"high\" decoding=\"async\" class=\"size-full wp-image-35777\" src=\"https:\/\/gep90.laprensa.com.ni\/magazine\/wp-content\/uploads\/2017\/07\/271-Mag-Avi\u00f3nd-3.jpg\" alt=\"\" width=\"900\" height=\"589\" srcset=\"https:\/\/d1xxa24wwackpg.cloudfront.net\/wp-content\/uploads\/2017\/07\/07144522\/271-Mag-Avi%C3%B3nd-3.jpg 900w, https:\/\/d1xxa24wwackpg.cloudfront.net\/wp-content\/uploads\/2017\/07\/07144522\/271-Mag-Avi%C3%B3nd-3.jpg 300w, https:\/\/d1xxa24wwackpg.cloudfront.net\/wp-content\/uploads\/2017\/07\/07144522\/271-Mag-Avi%C3%B3nd-3.jpg 768w, https:\/\/d1xxa24wwackpg.cloudfront.net\/wp-content\/uploads\/2017\/07\/07144522\/271-Mag-Avi%C3%B3nd-3.jpg 600w\" sizes=\"(max-width: 900px) 100vw, 900px\" \/><\/a><figcaption id=\"caption-attachment-35777\" class=\"wp-caption-text\">A la izquierda, Len\u00edn Cerna, jefe de la Seguridad del Estado, dirigiendo la operaci\u00f3n un d\u00eda despu\u00e9s del derribo del avi\u00f3n de la Contra.<br \/>Foto: Cortes\u00eda IHNCA-UCA. Fot\u00f3grafo: Claudia Gordillo, Barricada.<\/figcaption><\/figure>\n<p style=\"text-align: left;\">El 5 de octubre de 1983 el peri\u00f3dico oficialista sandinista <em>Barricada<\/em> titul\u00f3 en portada: \u201cDerribamos otro avi\u00f3n somocista\u201d. La informaci\u00f3n indicaba que el avi\u00f3n hab\u00eda despegado de una pista hondure\u00f1a \u201cmejorada\u201d por los yanquis, tra\u00eda cuatro mil libras de carga y pertrechos para la Contra, y que se le estaba dando persecuci\u00f3n a dos contras que se lanzaron en paraca\u00eddas y huyeron.<\/p>\n<p>\u201cFue derribado por el fuego antia\u00e9reo de las tropas del Ej\u00e9rcito Popular Sandinista, un avi\u00f3n bimotor militar tipo DC-3C con capacidad de 5 mil libras de carga, cuando realizaba actividades de apoyo y abastecimiento a grupos contrarrevolucionarios que asediados por nuestras tropas se profundizan en direcci\u00f3n a su santuario en territorio hondure\u00f1o\u201d, cita parte del comunicado del Ministerio del Interior<\/p>\n<p>El documento agrega: \u201cEl avi\u00f3n enemigo al impactar en tierra abatido por el fuego antia\u00e9reo de nuestras tropas, fue r\u00e1pidamente rodeado por las Milicias Populares Sandinistas de Los Cedros, quienes capturaron heridos al piloto, copiloto, y al mec\u00e1nico de vuelo. Los milicianos localizaron tambi\u00e9n a dos tripulantes de la aeronave que estaban muertos\u201d.<\/p>\n<p>Sin embargo, los hechos no fueron tan casuales seg\u00fan la versi\u00f3n de los hombres que estuvieron en ambos bandos: en el avi\u00f3n derribado y en la tropa del Ministerio del Interior a cargo de la misi\u00f3n. Los dos coinciden en que fue en una emboscada que tendi\u00f3 el Mint, como parte de un trabajo de contrainteligencia.<\/p>\n<p>Para entender c\u00f3mo se planific\u00f3 el derribo del avi\u00f3n hay que trasladarse unas semanas antes del hecho, m\u00e1s o menos a finales de septiembre de 1983. En esos d\u00edas se arreciaban los combates entre la Contra y los sandinistas.<\/p>\n<p>El comandante Renato penetraba por el r\u00edo Bocay desde Honduras con una fuerza de tarea denominada San Jacinto. Su finalidad era tener presencia y controlar las profundidades del territorio nacional. Sin embargo, cuando llegaron a la ribera del r\u00edo Grande de Matagalpa, en uno de los enfrentamientos, las fuerzas sandinistas capturaron al radista de la Contra.<\/p>\n<p>El alias del radista es Oscar Mike, quien fue trasladado a la base del Mint en R\u00edo Blanco. Ah\u00ed fue interrogado por el teniente sandinista Julio Rugama, a quien se le ocurri\u00f3 poner la celada a la Contra para derribar el avi\u00f3n, pues durante el interrogatorio el capturado asegur\u00f3 que era el \u00fanico que se comunicaba con la base de Honduras y que el comandante Renato nunca hablaba por el radiocomunicador.<\/p>\n<p>\u201cSe lleg\u00f3 a la conclusi\u00f3n de que se pod\u00eda pedir un abastecimiento, haci\u00e9ndonos pasar por Renato, como la fuerza de tarea campesina. Se pidi\u00f3 abastecimiento para 160 hombres que hab\u00edan sido reclutados recientemente\u201d, dice Agust\u00edn Montoya, quien estuvo en la tropa del Ministerio del Interior durante la operaci\u00f3n.<\/p>\n<p>\u201cInicialmente se acord\u00f3 que iba a ser en una zona llamada La Sirena, de Bocana de Paiwas. Ah\u00ed no se pudo porque ellos planteaban que est\u00e1bamos muy cerca de donde se movilizaba el Ej\u00e9rcito. Entonces acordamos que nos \u00edbamos a movilizar a Wanaw\u00e1s, que queda a la par del cerro Mus\u00fan, del otro lado de R\u00edo Blanco\u201d, recuerda Montoya.<\/p>\n<p>El radista se comunic\u00f3 con el estado mayor de la Contra para solicitar el abastecimiento. Y es por eso que el dos de octubre, un d\u00eda antes del derribo, el entonces jefe de la Fuerza A\u00e9rea de la Contra, mayor de la Guardia Nacional, Roberto Amador, recibi\u00f3 una llamada del comandante Enrique Berm\u00fadez, quien le solicitaba la misi\u00f3n con car\u00e1cter de urgencia para auxiliar a Renato.<\/p>\n<p>Amador despeg\u00f3 con el avi\u00f3n el dos de octubre. Era domingo y llov\u00eda. En ese tiempo no exist\u00eda GPS, \u201ctodo era puro tacto y conocimiento del terreno\u201d. El piloto se comunicaba con \u00d3scar Mike, el radista, pero sent\u00eda que algo no andaba bien.<\/p>\n<p>\u2014\u00bfQui\u00e9n es el l\u00edder de la patrulla? \u2014pregunt\u00f3 Amador de improvisto.<br \/>\n\u2014Renato \u2014respondi\u00f3 el radista.<br \/>\n\u2014P\u00e1semelo \u2014solicit\u00f3 el piloto.<br \/>\n\u2014No est\u00e1 \u2014respondi\u00f3.<br \/>\n\u2014\u00bfQui\u00e9n es el segundo? \u2014replic\u00f3 Amador.<br \/>\n\u2014 Chaco, comandante Chaco \u2014le dijo \u00d3scar Mike.<br \/>\n\u2014P\u00e1semelo \u2014volvi\u00f3 a pedir.<br \/>\n\u2014No est\u00e1 tampoco, no est\u00e1 \u2014respondi\u00f3 el radista.<br \/>\n\u2014Esto es una trampa \u2014dijo el piloto, y tom\u00f3 los controles para regresarse a la base de Honduras.<br \/>\n\u2014\u00bfQu\u00e9 le pasa? \u2014insisti\u00f3 el radista.<br \/>\n\u2014Pasa que ustedes son sandinistas, piricuacos, a m\u00ed no me enga\u00f1an.<\/p>\n<p>Amador ten\u00eda raz\u00f3n. En ese momento la tropa del Ministerio del Interior hab\u00eda ubicado a Fausto Palacios, el \u201cflechero\u201d, en una loma a 300 metros de distancia de donde ellos estaban, bajo la sombra de un \u00e1rbol de una finca aleda\u00f1a.<\/p>\n<p>El avi\u00f3n se aproximaba al lugar al momento de la conversaci\u00f3n entre el radista y el piloto. Palacios lo ten\u00eda en la mira a buena distancia, aunque el avi\u00f3n no estaba tan cerca como lo estuvo al d\u00eda siguiente. El \u201cflechero\u201d no dispar\u00f3 porque la tropa no le envi\u00f3 nunca la se\u00f1al: un disparo de fusil.<\/p>\n<p>\u201cLo que pasa es que nosotros mir\u00e1bamos que el avi\u00f3n estaba lejos. Pero el muchacho, flechero, nos dijo que siempre lo tuvo al alcance. Nosotros no sab\u00edamos que el alcance de un misil de esos es 4 mil metros de distancia y por eso no mandamos a que disparara ese d\u00eda\u201d, dice Montoya.<\/p>\n<p>Ese mismo d\u00eda \u00d3scar Mike se comunic\u00f3 con el comandante Berm\u00fadez, a quien se le comunic\u00f3 que Renato estaba decepcionado, enojado y que la fuerza de tarea iba a desaparecer porque no mandaron los pertrechos.<\/p>\n<p>Berm\u00fadez pidi\u00f3 cordura al radista y llam\u00f3 otra vez a la base de Honduras para que la misi\u00f3n se llevara a cabo. Esta vez solicit\u00f3 m\u00e1s botas para los 160 hombres supuestamente reclutados. Amador volvi\u00f3 a acatar la orden y llen\u00f3 el avi\u00f3n con m\u00e1s cajas para despegar en la madrugada del tres de octubre de 1983, el d\u00eda que lo derribaron.<\/p>\n<p>Seg\u00fan la informaci\u00f3n que brind\u00f3 Javier Carri\u00f3n, jefe de la Sexta Zona militar, al d\u00eda siguiente del derribo, el avi\u00f3n tra\u00eda 70 mil tiros de FAL, 300 granadas M-79, pertrechos para 160 hombres: arneses, capotes, botas, s\u00e1banas, fajones y un caja de medicina que conten\u00eda sueros, gasas, drogas para el dolor, medicamentos contra el paludismo, antibi\u00f3ticos y ung\u00fcentos contra los hongos.<\/p>\n<p style=\"text-align: center;\">***<\/p>\n<figure id=\"attachment_35875\" aria-describedby=\"caption-attachment-35875\" style=\"width: 629px\" class=\"wp-caption aligncenter\"><a href=\"https:\/\/gep90.laprensa.com.ni\/magazine\/wp-content\/uploads\/2017\/07\/271-MAG-Avi\u00f3n-11.jpg\"><img decoding=\"async\" class=\"wp-image-35875 size-large\" src=\"https:\/\/gep90.laprensa.com.ni\/magazine\/wp-content\/uploads\/2017\/07\/271-MAG-Avi\u00f3n-11.jpg\" alt=\"\" width=\"629\" height=\"1024\" srcset=\"https:\/\/d1xxa24wwackpg.cloudfront.net\/wp-content\/uploads\/2017\/07\/07144432\/271-MAG-Avi%C3%B3n-11.jpg 900w, https:\/\/d1xxa24wwackpg.cloudfront.net\/wp-content\/uploads\/2017\/07\/07144432\/271-MAG-Avi%C3%B3n-11.jpg 184w, https:\/\/d1xxa24wwackpg.cloudfront.net\/wp-content\/uploads\/2017\/07\/07144432\/271-MAG-Avi%C3%B3n-11.jpg 768w, https:\/\/d1xxa24wwackpg.cloudfront.net\/wp-content\/uploads\/2017\/07\/07144432\/271-MAG-Avi%C3%B3n-11.jpg 629w\" sizes=\"(max-width: 629px) 100vw, 629px\" \/><\/a><figcaption id=\"caption-attachment-35875\" class=\"wp-caption-text\">Roberto Amador, piloto del avi\u00f3n, es llevado por miembros del EPS. Luego ser\u00eda transportado al Chipote, en Managua.<br \/>Foto: Cortes\u00eda IHNCA-UCA. Fot\u00f3grafo: Claudia Gordillo, Barricada.<\/figcaption><\/figure>\n<p>Despu\u00e9s del impacto del misil, el avi\u00f3n sigui\u00f3 volando durante 10 minutos, hasta que aterriz\u00f3 sobre unos maizales de una comarca llamada Los Cedros, a 15 kil\u00f3metros del impacto inicial. El avi\u00f3n se parti\u00f3 a la mitad y el interior se llen\u00f3 de sangre.<\/p>\n<p>Antes de aterrizar, un adolescente de 14 a\u00f1os de edad de las milicias campesinas hac\u00eda posta y le tir\u00f3 una r\u00e1faga con una ametralladora al avi\u00f3n cuando mir\u00f3 que ven\u00eda en picada. \u201cMe lo baj\u00e9, me lo baj\u00e9\u201d, grit\u00f3 el muchacho.<\/p>\n<p>\u201c\u00a1R\u00f3mpale la madre, b\u00e1jese a ese hijueputa! P\u00e9guele compa y deje ir el riendazo\u201d, le dijeron a Fausto Palacios, al momento de soltar el misil, seg\u00fan una nota de Barricada. \u201cSolo vimos que ech\u00f3 un humaz\u00f3n y se fue bajito bajito hasta que desapareci\u00f3. Me sofocaron demasiado pero les di\u201d, dijo Palacios un d\u00eda despu\u00e9s.<\/p>\n<p>Los milicianos de Los Cedros acordonaron el lugar y capturaron a la tripulaci\u00f3n del avi\u00f3n. Durante el aterrizaje la carga se separ\u00f3 de los polines y golpe\u00f3 a todos los tripulantes. \u201cAlgunos quedaron prensados\u201d, dice Agust\u00edn Montoya. \u201cA 3 o 4 kil\u00f3metros estaba un batall\u00f3n de reservistas donde hab\u00edan estudiantes de Medicina y se juntaron para ver el avi\u00f3n y asistieron a los heridos\u201d.<\/p>\n<p>Sin embargo, Amador niega que hayan recibido alguna asistencia m\u00e9dica. \u201cEl capit\u00e1n Hugo Aguilar ten\u00edas los tobillos doblados a noventa grados. Todos est\u00e1bamos golpeados pero no de muerte\u201d.<\/p>\n<p>El comunicado oficial afirma que dos de los tripulantes murieron durante el aterrizaje y que otros dos se lanzaron en paraca\u00eddas antes de impactar en tierra. \u201cA dos de ellos los prens\u00f3 la carga. Uno de ellos se muri\u00f3 en el camino. No me explico c\u00f3mo todav\u00eda hablaba, porque todo el cr\u00e1neo lo tra\u00eda desprendido. Lo tra\u00edamos en una hamaca y se muri\u00f3 en el camino\u201d, dice Montoya.<\/p>\n<p>El piloto Roberto Amador niega estas dos versiones. \u00c9l recuerda que de los siete hombres que iban en el avi\u00f3n dos estaban sanos. Entonces \u00e9l les orden\u00f3 buscar ayuda. \u201cDe los cinco que quedamos, a dos los mataron ah\u00ed. No aparecieron. Yo doy por sentado que los mataron porque nunca aparecieron. Uno de ellos era \u201cCord\u00f3n Detonante\u201d y el otro \u201cChivito Robles\u201d, dice Amador.<\/p>\n<p>El piloto del avi\u00f3n, Hugo Aguilar, muri\u00f3 d\u00edas despu\u00e9s del accidente, a causa de una gangrena en sus pies. En las fotos se ve a Aguilar cargado por los milicianos, con ambos pies vendados e inflamados en exceso.<\/p>\n<p>Roberto Amador aparece apoyado sobre los hombros de los milicianos, con el rostro amoratado e hinchado. \u201cSu rostro descomunal nos pareci\u00f3 grotesco en primer momento, con dos grandes hematomas en la parte inferior de los ojos. Se quejaba como a prop\u00f3sito, se mostr\u00f3 apacible y solidario pero tambi\u00e9n\u2026 arrepentido\u201d, dice parte de la cr\u00f3nica de Barricada del 6 de octubre.<\/p>\n<p><a href=\"https:\/\/gep90.laprensa.com.ni\/magazine\/wp-content\/uploads\/2017\/07\/InfoEmboscada.png\"><img decoding=\"async\" class=\"aligncenter size-large wp-image-35869\" src=\"https:\/\/gep90.laprensa.com.ni\/magazine\/wp-content\/uploads\/2017\/07\/InfoEmboscada-1024x520.png\" alt=\"\" width=\"640\" height=\"325\" srcset=\"https:\/\/d1xxa24wwackpg.cloudfront.net\/wp-content\/uploads\/2017\/07\/07144434\/InfoEmboscada.png 1024w, https:\/\/d1xxa24wwackpg.cloudfront.net\/wp-content\/uploads\/2017\/07\/07144434\/InfoEmboscada.png 300w, https:\/\/d1xxa24wwackpg.cloudfront.net\/wp-content\/uploads\/2017\/07\/07144434\/InfoEmboscada.png 768w, https:\/\/d1xxa24wwackpg.cloudfront.net\/wp-content\/uploads\/2017\/07\/07144434\/InfoEmboscada.png 600w, https:\/\/d1xxa24wwackpg.cloudfront.net\/wp-content\/uploads\/2017\/07\/07144434\/InfoEmboscada.png 1200w\" sizes=\"(max-width: 640px) 100vw, 640px\" \/><\/a><\/p>\n<p>El derribo de este avi\u00f3n fue el primero en la guerra entre los contras y los sandinistas, seg\u00fan Roberto Amador. \u201cEn ese momento solo ten\u00edamos dos aviones, pero los dos estaban malos y les ten\u00edamos que dar mantenimiento. Eventualmente la contra lleg\u00f3 a tener hasta ocho aviones abasteciendo desde tres bases diferentes en Honduras y El Salvador\u201d, dice Amador.<\/p>\n<p>No obstante, el editorial de Barricada del 6 de octubre de 1983 se\u00f1ala que era \u201cel cuarto avi\u00f3n\u201d derribado por el EPS. \u201cNo solo cay\u00f3 en la zona norte del departamento de Matagalpa, sino tambi\u00e9n en la mitad de las insostenibles acusaciones que pretenden convertir a Nicaragua, de agredido, en agresor\u201d.<\/p>\n<p style=\"text-align: center;\">***<\/p>\n<figure id=\"attachment_35780\" aria-describedby=\"caption-attachment-35780\" style=\"width: 640px\" class=\"wp-caption aligncenter\"><a href=\"https:\/\/gep90.laprensa.com.ni\/magazine\/wp-content\/uploads\/2017\/07\/271-Mag-AMontoya.jpg\"><img loading=\"lazy\" decoding=\"async\" class=\"size-large wp-image-35780\" src=\"https:\/\/gep90.laprensa.com.ni\/magazine\/wp-content\/uploads\/2017\/07\/271-Mag-AMontoya-684x1024.jpg\" alt=\"\" width=\"640\" height=\"958\" srcset=\"https:\/\/d1xxa24wwackpg.cloudfront.net\/wp-content\/uploads\/2017\/07\/07144521\/271-Mag-AMontoya.jpg 684w, https:\/\/d1xxa24wwackpg.cloudfront.net\/wp-content\/uploads\/2017\/07\/07144521\/271-Mag-AMontoya.jpg 200w, https:\/\/d1xxa24wwackpg.cloudfront.net\/wp-content\/uploads\/2017\/07\/07144521\/271-Mag-AMontoya.jpg 768w, https:\/\/d1xxa24wwackpg.cloudfront.net\/wp-content\/uploads\/2017\/07\/07144521\/271-Mag-AMontoya.jpg 600w, https:\/\/d1xxa24wwackpg.cloudfront.net\/wp-content\/uploads\/2017\/07\/07144521\/271-Mag-AMontoya.jpg 900w\" sizes=\"(max-width: 640px) 100vw, 640px\" \/><\/a><figcaption id=\"caption-attachment-35780\" class=\"wp-caption-text\">Agust\u00edn Montoya era miembro de la tropa del Ministerio del Interior que bajo el mando de Julio Rugama plane\u00f3 la emboscada al avi\u00f3n de la Contra.<br \/>Foto: \u00d3scar Navarrete<\/figcaption><\/figure>\n<p>Los tripulantes del avi\u00f3n pasaron a manos del Ministerio del Interior. Al d\u00eda siguiente del impacto, dos helic\u00f3pteros aterrizaron en la zona. En uno arrib\u00f3 una bater\u00eda de periodistas y fot\u00f3grafos. En el otro lleg\u00f3 Javier Carri\u00f3n, jefe de la Sexta Zona Militar, y Len\u00edn Cerna, jefe de la Seguridad del Estado.<\/p>\n<p>El jefe de la zona de R\u00edo Blanco, Carlos N\u00e1jar, y el encargado de la misi\u00f3n, Julio Rugama, no aparecen mencionados en los registros de los medios de comunicaci\u00f3n. Amador afirma que Rugama lleg\u00f3 hasta la capilla donde estaban neutralizados y le puso una pistola en la cabeza.<\/p>\n<p>\u2014Te voy a matar hijueputa \u2014le dijo Rugama.<\/p>\n<p>No fue la \u00fanica amenaza de muerte que Amador recibir\u00eda.<\/p>\n<p>\u2014Amador, a ustedes los ten\u00edamos localizados. Te est\u00e1bamos esperando. Hasta les hab\u00edamos tomado fotograf\u00eda y los hubi\u00e9ramos podido cazar all\u00e1 en Honduras, pero quer\u00edamos agarrarlos aqu\u00ed \u2014le dijo Len\u00edn Cerna.<\/p>\n<p>Cuando fue trasladado en helic\u00f3ptero al Chipote, en Managua, lleg\u00f3 el comandante guerrillero, Juan Jos\u00e9 \u00dabeda, montado en un jeep rojo. \u00dabeda llev\u00f3 a Amador detr\u00e1s de unos \u00e1rboles y lo tir\u00f3 coloc\u00e1ndole una pistola en la cabeza.<\/p>\n<p>\u2014\u00bfQu\u00e9 est\u00e1s haciendo? \u2014le grit\u00f3 Cerna a \u00dabeda.<br \/>\n\u2014Voy a matar a este hijueputa somocista \u2014le contest\u00f3.<br \/>\n\u2014Todav\u00eda no lo mat\u00e9s, agu\u00e1ntate \u2014le dijo Cerna.<\/p>\n<p>Montoya afirma que a Amador \u201cno lo matan porque es un prisionero de guerra y a ellos se les respeta. El que muri\u00f3 en combate ni modo\u201d. \u201cEl objetivo de nosotros, el Ministerio del Interior, era derribar el avi\u00f3n, nada m\u00e1s\u201d.<\/p>\n<p style=\"text-align: center;\">***<\/p>\n<figure id=\"attachment_35876\" aria-describedby=\"caption-attachment-35876\" style=\"width: 640px\" class=\"wp-caption aligncenter\"><a href=\"https:\/\/gep90.laprensa.com.ni\/magazine\/wp-content\/uploads\/2017\/07\/271-Mag-Avi\u00f3nd-21.jpg\"><img loading=\"lazy\" decoding=\"async\" class=\"wp-image-35876 size-large\" src=\"https:\/\/gep90.laprensa.com.ni\/magazine\/wp-content\/uploads\/2017\/07\/271-Mag-Avi\u00f3nd-21.jpg\" alt=\"\" width=\"640\" height=\"1004\" srcset=\"https:\/\/d1xxa24wwackpg.cloudfront.net\/wp-content\/uploads\/2017\/07\/07144430\/271-Mag-Avi%C3%B3nd-21.jpg 900w, https:\/\/d1xxa24wwackpg.cloudfront.net\/wp-content\/uploads\/2017\/07\/07144430\/271-Mag-Avi%C3%B3nd-21.jpg 191w, https:\/\/d1xxa24wwackpg.cloudfront.net\/wp-content\/uploads\/2017\/07\/07144430\/271-Mag-Avi%C3%B3nd-21.jpg 768w, https:\/\/d1xxa24wwackpg.cloudfront.net\/wp-content\/uploads\/2017\/07\/07144430\/271-Mag-Avi%C3%B3nd-21.jpg 653w\" sizes=\"(max-width: 640px) 100vw, 640px\" \/><\/a><figcaption id=\"caption-attachment-35876\" class=\"wp-caption-text\">Hugo Aguilar, copiloto del avi\u00f3n, mientras era cargado por los milicianos. Aguilar muri\u00f3 d\u00edas despu\u00e9s a causa de una gangrena en sus pies.<br \/>Foto: Cortes\u00eda IHNCA-UCA. Fot\u00f3grafo: Claudia Gordillo, Barricada.<\/figcaption><\/figure>\n<p>De regreso al momento que impacta del misil, Montoya recuerda que tras el cohetazo se escuch\u00f3 una algarab\u00eda de toda la tropa. \u201cClaro que nos alegramos. La guerra es la guerra y el objetivo es ganarla\u201d, dice Montoya.<\/p>\n<p>El hombre de 61 a\u00f1os explica que el Ministerio del Interior era un brazo armado aparte del Ej\u00e9rcito, pero trabajaban coordinados. \u201cSiempre que se da este tipo de acciones militares se mandaban oficiales que anduvieran con las tropas del Ej\u00e9rcito. Nosotros \u00e9ramos la parte de inteligencia, manej\u00e1bamos la informaci\u00f3n y coordin\u00e1bamos con el Ej\u00e9rcito las acciones que se deb\u00edan tomar\u201d, explica.<\/p>\n<p>El trato que hizo el Mint con el Ej\u00e9rcito para este caso fue que el abastecimiento se entregar\u00eda al Ej\u00e9rcito, a cambio de que ellos le suministraran al \u201cflechero y la flecha\u201d. \u201cEs por eso que yo ni conoc\u00eda el nombre del muchacho que baj\u00f3 el avi\u00f3n ni tampoco ten\u00eda idea de c\u00f3mo funcionaban los misiles Sam 7\u201d, dice Montoya.<\/p>\n<p>Montoya ingres\u00f3 a las filas sandinistas en 1979, meses antes del triunfo, y se retir\u00f3 en el a\u00f1o de 1986. Fueron siete a\u00f1os de guerra, \u201cpero de guerra\u201d, dice Montoya. Estuvo movilizado en R\u00edo Blanco, Matigu\u00e1s y Waslala. \u201cNunca me recetaron un lugar pac\u00edfico y me hasti\u00e9 de la guerra\u201d.<\/p>\n<p>El hombre que derrib\u00f3 el avi\u00f3n, Fausto Palacios, desde hace a\u00f1os es taxista, mientras que el jefe de la operaci\u00f3n, Julio Rugama, muri\u00f3 el 18 de abril de 2017. Carlos N\u00e1jar, jefe de la zona de R\u00edo Blanco, hasta 2015 trabajaba como viceministro de Gobernaci\u00f3n.<\/p>\n<p>Amador, en cambio, estuvo preso cinco a\u00f1os. Sali\u00f3 libre el 27 de marzo de 1988, entre los primero 100 presos pol\u00edticos liberados, con el Acuerdo de Sapo\u00e1. Hab\u00eda sido condenado, primero a 84 a\u00f1os y despu\u00e9s 30 a\u00f1os de c\u00e1rcel por los Tribunales Antisomocistas.<\/p>\n<p>\u201cRecib\u00ed un asilo pol\u00edtico de Ronald Reagan y me mandaron un salvoconducto para entrar a Estados Unidos, como refugiado. Me vine a Miami donde estaba mi esposa que muri\u00f3 hace tres a\u00f1os\u201d, dice Amador.<\/p>\n<p>En Miami se dedic\u00f3 a pilotar aviones comerciales y visit\u00f3 Nicaragua en diferentes ocasiones, cuando gan\u00f3 la presidencia Violeta Barrios de Chamorro. La mayor\u00eda de veces ingres\u00f3 al pa\u00eds como piloto comercial, pero desde hace 10 a\u00f1os, cuando Daniel Ortega lleg\u00f3 al poder, no volvi\u00f3 a pisar su tierra.<\/p>\n<figure id=\"attachment_35782\" aria-describedby=\"caption-attachment-35782\" style=\"width: 640px\" class=\"wp-caption aligncenter\"><a href=\"https:\/\/gep90.laprensa.com.ni\/magazine\/wp-content\/uploads\/2017\/07\/271-Mag-RAmador-4.jpg\"><img loading=\"lazy\" decoding=\"async\" class=\"size-large wp-image-35782\" src=\"https:\/\/gep90.laprensa.com.ni\/magazine\/wp-content\/uploads\/2017\/07\/271-Mag-RAmador-4-674x1024.jpg\" alt=\"\" width=\"640\" height=\"972\" srcset=\"https:\/\/d1xxa24wwackpg.cloudfront.net\/wp-content\/uploads\/2017\/07\/07144519\/271-Mag-RAmador-4.jpg 674w, https:\/\/d1xxa24wwackpg.cloudfront.net\/wp-content\/uploads\/2017\/07\/07144519\/271-Mag-RAmador-4.jpg 198w, https:\/\/d1xxa24wwackpg.cloudfront.net\/wp-content\/uploads\/2017\/07\/07144519\/271-Mag-RAmador-4.jpg 768w, https:\/\/d1xxa24wwackpg.cloudfront.net\/wp-content\/uploads\/2017\/07\/07144519\/271-Mag-RAmador-4.jpg 600w, https:\/\/d1xxa24wwackpg.cloudfront.net\/wp-content\/uploads\/2017\/07\/07144519\/271-Mag-RAmador-4.jpg 900w\" sizes=\"(max-width: 640px) 100vw, 640px\" \/><\/a><figcaption id=\"caption-attachment-35782\" class=\"wp-caption-text\">Roberto Amador sali\u00f3 de prisi\u00f3n en 1988. Se fue a Estados Unidos y trabaj\u00f3 en l\u00edneas a\u00e9reas comerciales.<br \/>Foto: Cortes\u00eda Roberto Amador.<\/figcaption><\/figure>\n<h3>Infierno en El Chipote<\/h3>\n<p>A Roberto Amador le afecta recordar cuando estuvo encarcelado. Los d\u00edas en El Chipote fueron los m\u00e1s duros para \u00e9l . \u201cMe fueron a tirar a una celda que no se miraba absolutamente nada, sin ventanas, todo oscuro, no ten\u00eda m\u00e1s que un hueco en medio de la celda para hacer las necesidades. No hab\u00eda agua. Fue triste, violento, tremendo. Hab\u00eda gritos de gente llorando y mujeres gritando\u201d, dice Amador.<\/p>\n<p>El piloto dice que \u00d3scar Loza, hombre de confianza de Len\u00edn Cerna en la Seguridad del Estado, lo tortur\u00f3 y golpe\u00f3. Como Amador no pod\u00eda caminar lo arrastraban y lo met\u00edan a una celda en donde no pod\u00eda hacer m\u00e1s que estar de pie o sentado.<\/p>\n<p>\u201cEllos quer\u00edan que les dijera m\u00e1s cosas, pero la verdad es que no sab\u00eda nada porque yo lo \u00fanico que hac\u00eda era abastecer a los contras. Yo no sab\u00eda cu\u00e1nta gente ten\u00edamos. Ellos quer\u00edan que les dijera cu\u00e1ndo los gringos iban a invadir Nicaragua y cu\u00e1ntos aviones ten\u00edamos\u201d.<\/p>\n<p>Un d\u00eda fue llevado a la casa de Tom\u00e1s Borge, en Bello Horizonte. \u201cT\u00fa eres el que quieres tumbar la revoluci\u00f3n\u201d, le pregunt\u00f3. \u201cPor eso estoy aqu\u00ed\u201d, contest\u00f3 Amador. \u201cQu\u00e9 atrevido que eres\u201d, zanj\u00f3 la discusi\u00f3n el comandante sandinista.<\/p>\n<h3>Apoyo de la CIA<\/h3>\n<p>En diciembre de 1981, el presidente Reagan firm\u00f3 una Directiva de Seguridad Nacional secreta que aprobaba la labor de la CIA para organizar en secreto un ej\u00e9rcito para pelear contra los sandinistas en Nicaragua. En agosto de 1981, el coronel Enrique Berm\u00fadez (quien fue el contacto de Somoza con el Pent\u00e1gono en Washington) anunci\u00f3 la formaci\u00f3n de la Fuerza Democr\u00e1tica Nicarag\u00fcense (FDN).<\/p>\n<p>El periodista Gary Webb, del peri\u00f3dico Mercury News de San Jos\u00e9, California, documenta que la directiva secreta de Reagan solo asign\u00f3 a la CIA US$19.9 millones de fondos directos.<\/p>\n<p>Eso era suficiente para formar la contra, pero no para mantener su funcionamiento militar. No hab\u00eda necesidad de asignarle m\u00e1s dinero: esta operaci\u00f3n secreta se autofinanciar\u00eda para que fuera m\u00e1s dif\u00edcil conectarla con Washington. Cuando Reagan firm\u00f3 la directiva, los agentes de la contra ya estaban comprando y vendiendo cantidades industriales de coca\u00edna.<\/p>\n<p>Webb escribe que Bland\u00f3n, \u201cquien empez\u00f3 a trabajar para la narco-operaci\u00f3n de la FDN a fines de 1981, declar\u00f3 que dicha operaci\u00f3n vendi\u00f3 casi una tonelada de coca\u00edna en Estados Unidos ese a\u00f1o por un valor de 54 millones de d\u00f3lares al precio de mayoreo del momento\u201d. No est\u00e1 claro cu\u00e1nto del dinero regres\u00f3 al ej\u00e9rcito de la CIA, pero Bland\u00f3n declar\u00f3 que \u201cde lo que vend\u00edamos en Los \u00c1ngeles, la ganancia iba para la contrarrevoluci\u00f3n\u201d.<\/p>\n","protected":false},"excerpt":{"rendered":"<p>En 1983 un avi\u00f3n contra es derribado en R\u00edo Blanco por fuerzas antia\u00e9reas del EPS. Protagonistas de ambos bandos cuentan detalles de lo que en realidad fue una celada planificada por el Ministerio del Interior<\/p>\n","protected":false},"author":8,"featured_media":35874,"comment_status":"open","ping_status":"open","sticky":false,"template":"","format":"standard","meta":{"_acf_changed":false,"footnotes":""},"categories":[26],"tags":[339],"class_list":["post-35754","post","type-post","status-publish","format-standard","has-post-thumbnail","hentry","category-reportajes","tag-contra"],"acf":[],"_links":{"self":[{"href":"https:\/\/staging.laprensanic.com\/magazine\/wp-json\/wp\/v2\/posts\/35754","targetHints":{"allow":["GET"]}}],"collection":[{"href":"https:\/\/staging.laprensanic.com\/magazine\/wp-json\/wp\/v2\/posts"}],"about":[{"href":"https:\/\/staging.laprensanic.com\/magazine\/wp-json\/wp\/v2\/types\/post"}],"author":[{"embeddable":true,"href":"https:\/\/staging.laprensanic.com\/magazine\/wp-json\/wp\/v2\/users\/8"}],"replies":[{"embeddable":true,"href":"https:\/\/staging.laprensanic.com\/magazine\/wp-json\/wp\/v2\/comments?post=35754"}],"version-history":[{"count":17,"href":"https:\/\/staging.laprensanic.com\/magazine\/wp-json\/wp\/v2\/posts\/35754\/revisions"}],"predecessor-version":[{"id":52946,"href":"https:\/\/staging.laprensanic.com\/magazine\/wp-json\/wp\/v2\/posts\/35754\/revisions\/52946"}],"wp:featuredmedia":[{"embeddable":true,"href":"https:\/\/staging.laprensanic.com\/magazine\/wp-json\/wp\/v2\/media\/35874"}],"wp:attachment":[{"href":"https:\/\/staging.laprensanic.com\/magazine\/wp-json\/wp\/v2\/media?parent=35754"}],"wp:term":[{"taxonomy":"category","embeddable":true,"href":"https:\/\/staging.laprensanic.com\/magazine\/wp-json\/wp\/v2\/categories?post=35754"},{"taxonomy":"post_tag","embeddable":true,"href":"https:\/\/staging.laprensanic.com\/magazine\/wp-json\/wp\/v2\/tags?post=35754"}],"curies":[{"name":"wp","href":"https:\/\/api.w.org\/{rel}","templated":true}]}}